{"id":5126,"date":"2018-02-20T00:00:00","date_gmt":"2018-02-19T23:00:00","guid":{"rendered":"http:\/\/physiotherapybarcelona.net\/la-professora-afra-masia-va-presentar-una-ponencia-sobre-els-trastorns-emocionals-dels-pacients-sotmesos-a-hemodialisi-cronica-en-el-marc-de-la-46a-conferencia-internacional-de-ledtna-erca\/"},"modified":"2018-02-20T00:00:00","modified_gmt":"2018-02-19T23:00:00","slug":"la-professora-afra-masia-va-presentar-una-ponencia-sobre-els-trastorns-emocionals-dels-pacients-sotmesos-a-hemodialisi-cronica-en-el-marc-de-la-46a-conferencia-internacional-de-ledtna-erca","status":"publish","type":"post","link":"https:\/\/barcelona.euses.cat\/ca\/la-professora-afra-masia-va-presentar-una-ponencia-sobre-els-trastorns-emocionals-dels-pacients-sotmesos-a-hemodialisi-cronica-en-el-marc-de-la-46a-conferencia-internacional-de-ledtna-erca\/","title":{"rendered":"La professora Afra Masi\u00e0 va presentar una pon\u00e8ncia sobre els trastorns emocionals dels pacients sotmesos a hemodi\u00e0lisi cr\u00f2nica en el marc de la 46a Confer\u00e8ncia Internacional de l\u2019EDTNA\/ERCA"},"content":{"rendered":"<p style=\"text-align: justify;\">La <strong>professora del <\/strong><a href=\"https:\/\/goo.gl\/Nf4aw9\"><strong>Grau en Fisioter\u00e0pia Internacional<\/strong><\/a>, <strong>Afra Masi\u00e0<\/strong> va participar en la <strong>46a Confer\u00e8ncia Internacional de la <\/strong><strong>European Dialysis and Transplant Nurses<\/strong><strong> Association\/European Renal Care Association (EDTNA\/ERCA)<\/strong>, que es va celebrar del <strong>9 al 12 de setembre<\/strong> de 2017 a la ciutat de <strong>Krakov<\/strong> (Pol\u00f2nia), sota el lema: \u2018Veritable associaci\u00f3 i enfocament global en la gesti\u00f3 de l\u2019atenci\u00f3 renal\u2019.<\/p>\n<p style=\"text-align: justify;\">Es tracta d\u2019una <strong>confer\u00e8ncia anual<\/strong> que reuneix a experts en el tractament de la <strong>patologia renal<\/strong>. En aquest context, <strong>Afra Masi\u00e0<\/strong> va presentar una <strong>pon\u00e8ncia<\/strong> amb el t\u00edtol: <strong>\u2018Trastorns emocionals relacionats amb el dolor i aspectes cl\u00ednics en pacients sotmesos a tractament d&#8217;hemodi\u00e0lisi cr\u00f2nica\u2019 <\/strong>(\u2018Emotional disorders related to pain and clinical aspects in patients undergoing chronic haemodialysis\u2019). La seva recerca forma part del programa de <strong>doctorat<\/strong> que est\u00e0 realitzant a la <strong>Universitat de Girona<\/strong> \u201cFactors psicosocials influents en la qualitat de vida dels malalts sotmesos a tractament cr\u00f2nic en hemodi\u00e0lisi\u201d i recull les dades dels <strong>malalts<\/strong> amb tractament <strong>d\u2019hemodi\u00e0lisi<\/strong> de tota la regi\u00f3 sanit\u00e0ria de <strong>Girona<\/strong>.<\/p>\n<p style=\"text-align: justify;\">Cada any <strong>l\u2019EDTNA\/ERCA<\/strong> reuneix professionals de diferents \u00e0mbits que tenen a veure amb la cura del <strong>malalt renal<\/strong>, tant en aspectes de di\u00e0lisi peritoneal, com d\u2019hemodi\u00e0lisi, com de trasplantament renal. De fet, <strong>l\u2019EDTNA\/ERCA<\/strong> \u00e9s <strong>l\u2019associaci\u00f3 europea<\/strong> per excel\u00b7l\u00e8ncia i capdavantera en la <strong>investigaci\u00f3 i innovaci\u00f3<\/strong> per a aquest tipus de <strong>pacients<\/strong>.<\/p>\n<p style=\"text-align: justify;\">Durant aquest Congr\u00e9s, els i les assistents van tenir l\u2019oportunitat de con\u00e8ixer <strong>noves<\/strong> <strong>m\u00e0quines<\/strong> de <strong>di\u00e0lisi<\/strong>, els diferents tipus de materials innovadors que presenten les ind\u00fastries, i publicacions de noves guies de treball, entre altres coses. A m\u00e9s, van poder retrobar-se amb membres de diferents <strong>pa\u00efsos europeus<\/strong> per compartir, comparar i reflexionar sobre diverses q\u00fcestions relacionades amb aquesta <strong>malaltia <\/strong>i els<strong> aven\u00e7os cient\u00edfics<\/strong>.<\/p>\n<p>&nbsp;<\/p>\n","protected":false},"excerpt":{"rendered":"<p>La professora del Grau en Fisioter\u00e0pia Internacional, Afra Masi\u00e0 va participar en la 46a Confer\u00e8ncia Internacional de la European Dialysis and Transplant Nurses Association\/European Renal Care Association (EDTNA\/ERCA), que es va celebrar del 9 al 12 de setembre de 2017 a la ciutat de Krakov (Pol\u00f2nia), sota el lema: \u2018Veritable associaci\u00f3 i enfocament global en [&hellip;]<\/p>\n","protected":false},"author":1,"featured_media":5127,"comment_status":"closed","ping_status":"closed","sticky":false,"template":"","format":"standard","meta":{"_acf_changed":false,"inline_featured_image":false,"_joinchat":[],"footnotes":""},"categories":[54],"tags":[45],"class_list":["post-5126","post","type-post","status-publish","format-standard","has-post-thumbnail","hentry","category-uncategorized-ca","tag-catala"],"acf":[],"yoast_head":"<!-- This site is optimized with the Yoast SEO plugin v27.4 - https:\/\/yoast.com\/product\/yoast-seo-wordpress\/ -->\n<title>La professora Afra Masi\u00e0 va presentar una pon\u00e8ncia sobre els trastorns emocionals dels pacients sotmesos a hemodi\u00e0lisi cr\u00f2nica en el marc de la 46a Confer\u00e8ncia Internacional de l\u2019EDTNA\/ERCA | EUSES- Campus de Bellvitge (Barcelona)<\/title>\n<meta name=\"robots\" content=\"index, follow, max-snippet:-1, max-image-preview:large, max-video-preview:-1\" \/>\n<link rel=\"canonical\" href=\"https:\/\/barcelona.euses.cat\/ca\/la-professora-afra-masia-va-presentar-una-ponencia-sobre-els-trastorns-emocionals-dels-pacients-sotmesos-a-hemodialisi-cronica-en-el-marc-de-la-46a-conferencia-internacional-de-ledtna-erca\/\" \/>\n<meta property=\"og:locale\" content=\"ca_ES\" \/>\n<meta property=\"og:type\" content=\"article\" \/>\n<meta property=\"og:title\" content=\"La professora Afra Masi\u00e0 va presentar una pon\u00e8ncia sobre els trastorns emocionals dels pacients sotmesos a hemodi\u00e0lisi cr\u00f2nica en el marc de la 46a Confer\u00e8ncia Internacional de l\u2019EDTNA\/ERCA | EUSES- Campus de Bellvitge (Barcelona)\" \/>\n<meta property=\"og:description\" content=\"La professora del Grau en Fisioter\u00e0pia Internacional, Afra Masi\u00e0 va participar en la 46a Confer\u00e8ncia Internacional de la European Dialysis and Transplant Nurses Association\/European Renal Care Association (EDTNA\/ERCA), que es va celebrar del 9 al 12 de setembre de 2017 a la ciutat de Krakov (Pol\u00f2nia), sota el lema: \u2018Veritable associaci\u00f3 i enfocament global en [&hellip;]\" \/>\n<meta property=\"og:url\" content=\"https:\/\/barcelona.euses.cat\/ca\/la-professora-afra-masia-va-presentar-una-ponencia-sobre-els-trastorns-emocionals-dels-pacients-sotmesos-a-hemodialisi-cronica-en-el-marc-de-la-46a-conferencia-internacional-de-ledtna-erca\/\" \/>\n<meta property=\"og:site_name\" content=\"EUSES- Campus de Bellvitge (Barcelona)\" \/>\n<meta property=\"article:publisher\" content=\"https:\/\/www.facebook.com\/PhysioBCN\/\" \/>\n<meta property=\"article:published_time\" content=\"2018-02-19T23:00:00+00:00\" \/>\n<meta property=\"og:image\" content=\"https:\/\/barcelona.euses.cat\/wp-content\/uploads\/2018\/02\/estudio-physio-AfraMasia-share-cat.jpg\" \/>\n\t<meta property=\"og:image:width\" content=\"1200\" \/>\n\t<meta property=\"og:image:height\" content=\"650\" \/>\n\t<meta property=\"og:image:type\" content=\"image\/jpeg\" \/>\n<meta name=\"author\" content=\"neorg\" \/>\n<meta name=\"twitter:card\" content=\"summary_large_image\" \/>\n<meta name=\"twitter:label1\" content=\"Escrit per\" \/>\n\t<meta name=\"twitter:data1\" content=\"neorg\" \/>\n\t<meta name=\"twitter:label2\" content=\"Temps estimat de lectura\" \/>\n\t<meta name=\"twitter:data2\" content=\"2 minuts\" \/>\n<script type=\"application\/ld+json\" class=\"yoast-schema-graph\">{\"@context\":\"https:\\\/\\\/schema.org\",\"@graph\":[{\"@type\":\"Article\",\"@id\":\"https:\\\/\\\/barcelona.euses.cat\\\/ca\\\/la-professora-afra-masia-va-presentar-una-ponencia-sobre-els-trastorns-emocionals-dels-pacients-sotmesos-a-hemodialisi-cronica-en-el-marc-de-la-46a-conferencia-internacional-de-ledtna-erca\\\/#article\",\"isPartOf\":{\"@id\":\"https:\\\/\\\/barcelona.euses.cat\\\/ca\\\/la-professora-afra-masia-va-presentar-una-ponencia-sobre-els-trastorns-emocionals-dels-pacients-sotmesos-a-hemodialisi-cronica-en-el-marc-de-la-46a-conferencia-internacional-de-ledtna-erca\\\/\"},\"author\":{\"name\":\"neorg\",\"@id\":\"https:\\\/\\\/barcelona.euses.cat\\\/ca\\\/#\\\/schema\\\/person\\\/c3074ca9d956eacf02e41e2ff78e53ab\"},\"headline\":\"La professora Afra Masi\u00e0 va presentar una pon\u00e8ncia sobre els trastorns emocionals dels pacients sotmesos a hemodi\u00e0lisi cr\u00f2nica en el marc de la 46a Confer\u00e8ncia Internacional de l\u2019EDTNA\\\/ERCA\",\"datePublished\":\"2018-02-19T23:00:00+00:00\",\"mainEntityOfPage\":{\"@id\":\"https:\\\/\\\/barcelona.euses.cat\\\/ca\\\/la-professora-afra-masia-va-presentar-una-ponencia-sobre-els-trastorns-emocionals-dels-pacients-sotmesos-a-hemodialisi-cronica-en-el-marc-de-la-46a-conferencia-internacional-de-ledtna-erca\\\/\"},\"wordCount\":352,\"image\":{\"@id\":\"https:\\\/\\\/barcelona.euses.cat\\\/ca\\\/la-professora-afra-masia-va-presentar-una-ponencia-sobre-els-trastorns-emocionals-dels-pacients-sotmesos-a-hemodialisi-cronica-en-el-marc-de-la-46a-conferencia-internacional-de-ledtna-erca\\\/#primaryimage\"},\"thumbnailUrl\":\"https:\\\/\\\/barcelona.euses.cat\\\/wp-content\\\/uploads\\\/2018\\\/02\\\/estudio-physio-AfraMasia-share-cat.jpg\",\"keywords\":[\"Catal\u00e0\"],\"articleSection\":[\"Uncategorized @ca\"],\"inLanguage\":\"ca\"},{\"@type\":\"WebPage\",\"@id\":\"https:\\\/\\\/barcelona.euses.cat\\\/ca\\\/la-professora-afra-masia-va-presentar-una-ponencia-sobre-els-trastorns-emocionals-dels-pacients-sotmesos-a-hemodialisi-cronica-en-el-marc-de-la-46a-conferencia-internacional-de-ledtna-erca\\\/\",\"url\":\"https:\\\/\\\/barcelona.euses.cat\\\/ca\\\/la-professora-afra-masia-va-presentar-una-ponencia-sobre-els-trastorns-emocionals-dels-pacients-sotmesos-a-hemodialisi-cronica-en-el-marc-de-la-46a-conferencia-internacional-de-ledtna-erca\\\/\",\"name\":\"La professora Afra Masi\u00e0 va presentar una pon\u00e8ncia sobre els trastorns emocionals dels pacients sotmesos a hemodi\u00e0lisi cr\u00f2nica en el marc de la 46a Confer\u00e8ncia Internacional de l\u2019EDTNA\\\/ERCA | EUSES- Campus de Bellvitge (Barcelona)\",\"isPartOf\":{\"@id\":\"https:\\\/\\\/barcelona.euses.cat\\\/ca\\\/#website\"},\"primaryImageOfPage\":{\"@id\":\"https:\\\/\\\/barcelona.euses.cat\\\/ca\\\/la-professora-afra-masia-va-presentar-una-ponencia-sobre-els-trastorns-emocionals-dels-pacients-sotmesos-a-hemodialisi-cronica-en-el-marc-de-la-46a-conferencia-internacional-de-ledtna-erca\\\/#primaryimage\"},\"image\":{\"@id\":\"https:\\\/\\\/barcelona.euses.cat\\\/ca\\\/la-professora-afra-masia-va-presentar-una-ponencia-sobre-els-trastorns-emocionals-dels-pacients-sotmesos-a-hemodialisi-cronica-en-el-marc-de-la-46a-conferencia-internacional-de-ledtna-erca\\\/#primaryimage\"},\"thumbnailUrl\":\"https:\\\/\\\/barcelona.euses.cat\\\/wp-content\\\/uploads\\\/2018\\\/02\\\/estudio-physio-AfraMasia-share-cat.jpg\",\"datePublished\":\"2018-02-19T23:00:00+00:00\",\"author\":{\"@id\":\"https:\\\/\\\/barcelona.euses.cat\\\/ca\\\/#\\\/schema\\\/person\\\/c3074ca9d956eacf02e41e2ff78e53ab\"},\"breadcrumb\":{\"@id\":\"https:\\\/\\\/barcelona.euses.cat\\\/ca\\\/la-professora-afra-masia-va-presentar-una-ponencia-sobre-els-trastorns-emocionals-dels-pacients-sotmesos-a-hemodialisi-cronica-en-el-marc-de-la-46a-conferencia-internacional-de-ledtna-erca\\\/#breadcrumb\"},\"inLanguage\":\"ca\",\"potentialAction\":[{\"@type\":\"ReadAction\",\"target\":[\"https:\\\/\\\/barcelona.euses.cat\\\/ca\\\/la-professora-afra-masia-va-presentar-una-ponencia-sobre-els-trastorns-emocionals-dels-pacients-sotmesos-a-hemodialisi-cronica-en-el-marc-de-la-46a-conferencia-internacional-de-ledtna-erca\\\/\"]}]},{\"@type\":\"ImageObject\",\"inLanguage\":\"ca\",\"@id\":\"https:\\\/\\\/barcelona.euses.cat\\\/ca\\\/la-professora-afra-masia-va-presentar-una-ponencia-sobre-els-trastorns-emocionals-dels-pacients-sotmesos-a-hemodialisi-cronica-en-el-marc-de-la-46a-conferencia-internacional-de-ledtna-erca\\\/#primaryimage\",\"url\":\"https:\\\/\\\/barcelona.euses.cat\\\/wp-content\\\/uploads\\\/2018\\\/02\\\/estudio-physio-AfraMasia-share-cat.jpg\",\"contentUrl\":\"https:\\\/\\\/barcelona.euses.cat\\\/wp-content\\\/uploads\\\/2018\\\/02\\\/estudio-physio-AfraMasia-share-cat.jpg\",\"width\":1200,\"height\":650},{\"@type\":\"BreadcrumbList\",\"@id\":\"https:\\\/\\\/barcelona.euses.cat\\\/ca\\\/la-professora-afra-masia-va-presentar-una-ponencia-sobre-els-trastorns-emocionals-dels-pacients-sotmesos-a-hemodialisi-cronica-en-el-marc-de-la-46a-conferencia-internacional-de-ledtna-erca\\\/#breadcrumb\",\"itemListElement\":[{\"@type\":\"ListItem\",\"position\":1,\"name\":\"Portada\",\"item\":\"https:\\\/\\\/barcelona.euses.cat\\\/ca\\\/\"},{\"@type\":\"ListItem\",\"position\":2,\"name\":\"La professora Afra Masi\u00e0 va presentar una pon\u00e8ncia sobre els trastorns emocionals dels pacients sotmesos a hemodi\u00e0lisi cr\u00f2nica en el marc de la 46a Confer\u00e8ncia Internacional de l\u2019EDTNA\\\/ERCA\"}]},{\"@type\":\"WebSite\",\"@id\":\"https:\\\/\\\/barcelona.euses.cat\\\/ca\\\/#website\",\"url\":\"https:\\\/\\\/barcelona.euses.cat\\\/ca\\\/\",\"name\":\"EUSES - Campus de Bellvitge (Barcelona)\",\"description\":\"EUSES, Escola Universit\u00e0ria de Fisioter\u00e0pia Internacional a Barcelona\",\"potentialAction\":[{\"@type\":\"SearchAction\",\"target\":{\"@type\":\"EntryPoint\",\"urlTemplate\":\"https:\\\/\\\/barcelona.euses.cat\\\/ca\\\/?s={search_term_string}\"},\"query-input\":{\"@type\":\"PropertyValueSpecification\",\"valueRequired\":true,\"valueName\":\"search_term_string\"}}],\"inLanguage\":\"ca\"},{\"@type\":\"Person\",\"@id\":\"https:\\\/\\\/barcelona.euses.cat\\\/ca\\\/#\\\/schema\\\/person\\\/c3074ca9d956eacf02e41e2ff78e53ab\",\"name\":\"neorg\",\"image\":{\"@type\":\"ImageObject\",\"inLanguage\":\"ca\",\"@id\":\"https:\\\/\\\/secure.gravatar.com\\\/avatar\\\/709d3d8015183afa7401c02e2291a538cbfd4ffe62f4d86ce5f4871f22e86b09?s=96&d=mm&r=g\",\"url\":\"https:\\\/\\\/secure.gravatar.com\\\/avatar\\\/709d3d8015183afa7401c02e2291a538cbfd4ffe62f4d86ce5f4871f22e86b09?s=96&d=mm&r=g\",\"contentUrl\":\"https:\\\/\\\/secure.gravatar.com\\\/avatar\\\/709d3d8015183afa7401c02e2291a538cbfd4ffe62f4d86ce5f4871f22e86b09?s=96&d=mm&r=g\",\"caption\":\"neorg\"},\"url\":\"https:\\\/\\\/barcelona.euses.cat\\\/ca\\\/author\\\/neorg\\\/\"}]}<\/script>\n<!-- \/ Yoast SEO plugin. -->","yoast_head_json":{"title":"La professora Afra Masi\u00e0 va presentar una pon\u00e8ncia sobre els trastorns emocionals dels pacients sotmesos a hemodi\u00e0lisi cr\u00f2nica en el marc de la 46a Confer\u00e8ncia Internacional de l\u2019EDTNA\/ERCA | EUSES- Campus de Bellvitge (Barcelona)","robots":{"index":"index","follow":"follow","max-snippet":"max-snippet:-1","max-image-preview":"max-image-preview:large","max-video-preview":"max-video-preview:-1"},"canonical":"https:\/\/barcelona.euses.cat\/ca\/la-professora-afra-masia-va-presentar-una-ponencia-sobre-els-trastorns-emocionals-dels-pacients-sotmesos-a-hemodialisi-cronica-en-el-marc-de-la-46a-conferencia-internacional-de-ledtna-erca\/","og_locale":"ca_ES","og_type":"article","og_title":"La professora Afra Masi\u00e0 va presentar una pon\u00e8ncia sobre els trastorns emocionals dels pacients sotmesos a hemodi\u00e0lisi cr\u00f2nica en el marc de la 46a Confer\u00e8ncia Internacional de l\u2019EDTNA\/ERCA | EUSES- Campus de Bellvitge (Barcelona)","og_description":"La professora del Grau en Fisioter\u00e0pia Internacional, Afra Masi\u00e0 va participar en la 46a Confer\u00e8ncia Internacional de la European Dialysis and Transplant Nurses Association\/European Renal Care Association (EDTNA\/ERCA), que es va celebrar del 9 al 12 de setembre de 2017 a la ciutat de Krakov (Pol\u00f2nia), sota el lema: \u2018Veritable associaci\u00f3 i enfocament global en [&hellip;]","og_url":"https:\/\/barcelona.euses.cat\/ca\/la-professora-afra-masia-va-presentar-una-ponencia-sobre-els-trastorns-emocionals-dels-pacients-sotmesos-a-hemodialisi-cronica-en-el-marc-de-la-46a-conferencia-internacional-de-ledtna-erca\/","og_site_name":"EUSES- Campus de Bellvitge (Barcelona)","article_publisher":"https:\/\/www.facebook.com\/PhysioBCN\/","article_published_time":"2018-02-19T23:00:00+00:00","og_image":[{"width":1200,"height":650,"url":"https:\/\/barcelona.euses.cat\/wp-content\/uploads\/2018\/02\/estudio-physio-AfraMasia-share-cat.jpg","type":"image\/jpeg"}],"author":"neorg","twitter_card":"summary_large_image","twitter_misc":{"Escrit per":"neorg","Temps estimat de lectura":"2 minuts"},"schema":{"@context":"https:\/\/schema.org","@graph":[{"@type":"Article","@id":"https:\/\/barcelona.euses.cat\/ca\/la-professora-afra-masia-va-presentar-una-ponencia-sobre-els-trastorns-emocionals-dels-pacients-sotmesos-a-hemodialisi-cronica-en-el-marc-de-la-46a-conferencia-internacional-de-ledtna-erca\/#article","isPartOf":{"@id":"https:\/\/barcelona.euses.cat\/ca\/la-professora-afra-masia-va-presentar-una-ponencia-sobre-els-trastorns-emocionals-dels-pacients-sotmesos-a-hemodialisi-cronica-en-el-marc-de-la-46a-conferencia-internacional-de-ledtna-erca\/"},"author":{"name":"neorg","@id":"https:\/\/barcelona.euses.cat\/ca\/#\/schema\/person\/c3074ca9d956eacf02e41e2ff78e53ab"},"headline":"La professora Afra Masi\u00e0 va presentar una pon\u00e8ncia sobre els trastorns emocionals dels pacients sotmesos a hemodi\u00e0lisi cr\u00f2nica en el marc de la 46a Confer\u00e8ncia Internacional de l\u2019EDTNA\/ERCA","datePublished":"2018-02-19T23:00:00+00:00","mainEntityOfPage":{"@id":"https:\/\/barcelona.euses.cat\/ca\/la-professora-afra-masia-va-presentar-una-ponencia-sobre-els-trastorns-emocionals-dels-pacients-sotmesos-a-hemodialisi-cronica-en-el-marc-de-la-46a-conferencia-internacional-de-ledtna-erca\/"},"wordCount":352,"image":{"@id":"https:\/\/barcelona.euses.cat\/ca\/la-professora-afra-masia-va-presentar-una-ponencia-sobre-els-trastorns-emocionals-dels-pacients-sotmesos-a-hemodialisi-cronica-en-el-marc-de-la-46a-conferencia-internacional-de-ledtna-erca\/#primaryimage"},"thumbnailUrl":"https:\/\/barcelona.euses.cat\/wp-content\/uploads\/2018\/02\/estudio-physio-AfraMasia-share-cat.jpg","keywords":["Catal\u00e0"],"articleSection":["Uncategorized @ca"],"inLanguage":"ca"},{"@type":"WebPage","@id":"https:\/\/barcelona.euses.cat\/ca\/la-professora-afra-masia-va-presentar-una-ponencia-sobre-els-trastorns-emocionals-dels-pacients-sotmesos-a-hemodialisi-cronica-en-el-marc-de-la-46a-conferencia-internacional-de-ledtna-erca\/","url":"https:\/\/barcelona.euses.cat\/ca\/la-professora-afra-masia-va-presentar-una-ponencia-sobre-els-trastorns-emocionals-dels-pacients-sotmesos-a-hemodialisi-cronica-en-el-marc-de-la-46a-conferencia-internacional-de-ledtna-erca\/","name":"La professora Afra Masi\u00e0 va presentar una pon\u00e8ncia sobre els trastorns emocionals dels pacients sotmesos a hemodi\u00e0lisi cr\u00f2nica en el marc de la 46a Confer\u00e8ncia Internacional de l\u2019EDTNA\/ERCA | EUSES- Campus de Bellvitge (Barcelona)","isPartOf":{"@id":"https:\/\/barcelona.euses.cat\/ca\/#website"},"primaryImageOfPage":{"@id":"https:\/\/barcelona.euses.cat\/ca\/la-professora-afra-masia-va-presentar-una-ponencia-sobre-els-trastorns-emocionals-dels-pacients-sotmesos-a-hemodialisi-cronica-en-el-marc-de-la-46a-conferencia-internacional-de-ledtna-erca\/#primaryimage"},"image":{"@id":"https:\/\/barcelona.euses.cat\/ca\/la-professora-afra-masia-va-presentar-una-ponencia-sobre-els-trastorns-emocionals-dels-pacients-sotmesos-a-hemodialisi-cronica-en-el-marc-de-la-46a-conferencia-internacional-de-ledtna-erca\/#primaryimage"},"thumbnailUrl":"https:\/\/barcelona.euses.cat\/wp-content\/uploads\/2018\/02\/estudio-physio-AfraMasia-share-cat.jpg","datePublished":"2018-02-19T23:00:00+00:00","author":{"@id":"https:\/\/barcelona.euses.cat\/ca\/#\/schema\/person\/c3074ca9d956eacf02e41e2ff78e53ab"},"breadcrumb":{"@id":"https:\/\/barcelona.euses.cat\/ca\/la-professora-afra-masia-va-presentar-una-ponencia-sobre-els-trastorns-emocionals-dels-pacients-sotmesos-a-hemodialisi-cronica-en-el-marc-de-la-46a-conferencia-internacional-de-ledtna-erca\/#breadcrumb"},"inLanguage":"ca","potentialAction":[{"@type":"ReadAction","target":["https:\/\/barcelona.euses.cat\/ca\/la-professora-afra-masia-va-presentar-una-ponencia-sobre-els-trastorns-emocionals-dels-pacients-sotmesos-a-hemodialisi-cronica-en-el-marc-de-la-46a-conferencia-internacional-de-ledtna-erca\/"]}]},{"@type":"ImageObject","inLanguage":"ca","@id":"https:\/\/barcelona.euses.cat\/ca\/la-professora-afra-masia-va-presentar-una-ponencia-sobre-els-trastorns-emocionals-dels-pacients-sotmesos-a-hemodialisi-cronica-en-el-marc-de-la-46a-conferencia-internacional-de-ledtna-erca\/#primaryimage","url":"https:\/\/barcelona.euses.cat\/wp-content\/uploads\/2018\/02\/estudio-physio-AfraMasia-share-cat.jpg","contentUrl":"https:\/\/barcelona.euses.cat\/wp-content\/uploads\/2018\/02\/estudio-physio-AfraMasia-share-cat.jpg","width":1200,"height":650},{"@type":"BreadcrumbList","@id":"https:\/\/barcelona.euses.cat\/ca\/la-professora-afra-masia-va-presentar-una-ponencia-sobre-els-trastorns-emocionals-dels-pacients-sotmesos-a-hemodialisi-cronica-en-el-marc-de-la-46a-conferencia-internacional-de-ledtna-erca\/#breadcrumb","itemListElement":[{"@type":"ListItem","position":1,"name":"Portada","item":"https:\/\/barcelona.euses.cat\/ca\/"},{"@type":"ListItem","position":2,"name":"La professora Afra Masi\u00e0 va presentar una pon\u00e8ncia sobre els trastorns emocionals dels pacients sotmesos a hemodi\u00e0lisi cr\u00f2nica en el marc de la 46a Confer\u00e8ncia Internacional de l\u2019EDTNA\/ERCA"}]},{"@type":"WebSite","@id":"https:\/\/barcelona.euses.cat\/ca\/#website","url":"https:\/\/barcelona.euses.cat\/ca\/","name":"EUSES - Campus de Bellvitge (Barcelona)","description":"EUSES, Escola Universit\u00e0ria de Fisioter\u00e0pia Internacional a Barcelona","potentialAction":[{"@type":"SearchAction","target":{"@type":"EntryPoint","urlTemplate":"https:\/\/barcelona.euses.cat\/ca\/?s={search_term_string}"},"query-input":{"@type":"PropertyValueSpecification","valueRequired":true,"valueName":"search_term_string"}}],"inLanguage":"ca"},{"@type":"Person","@id":"https:\/\/barcelona.euses.cat\/ca\/#\/schema\/person\/c3074ca9d956eacf02e41e2ff78e53ab","name":"neorg","image":{"@type":"ImageObject","inLanguage":"ca","@id":"https:\/\/secure.gravatar.com\/avatar\/709d3d8015183afa7401c02e2291a538cbfd4ffe62f4d86ce5f4871f22e86b09?s=96&d=mm&r=g","url":"https:\/\/secure.gravatar.com\/avatar\/709d3d8015183afa7401c02e2291a538cbfd4ffe62f4d86ce5f4871f22e86b09?s=96&d=mm&r=g","contentUrl":"https:\/\/secure.gravatar.com\/avatar\/709d3d8015183afa7401c02e2291a538cbfd4ffe62f4d86ce5f4871f22e86b09?s=96&d=mm&r=g","caption":"neorg"},"url":"https:\/\/barcelona.euses.cat\/ca\/author\/neorg\/"}]}},"_links":{"self":[{"href":"https:\/\/barcelona.euses.cat\/ca\/wp-json\/wp\/v2\/posts\/5126","targetHints":{"allow":["GET"]}}],"collection":[{"href":"https:\/\/barcelona.euses.cat\/ca\/wp-json\/wp\/v2\/posts"}],"about":[{"href":"https:\/\/barcelona.euses.cat\/ca\/wp-json\/wp\/v2\/types\/post"}],"author":[{"embeddable":true,"href":"https:\/\/barcelona.euses.cat\/ca\/wp-json\/wp\/v2\/users\/1"}],"replies":[{"embeddable":true,"href":"https:\/\/barcelona.euses.cat\/ca\/wp-json\/wp\/v2\/comments?post=5126"}],"version-history":[{"count":0,"href":"https:\/\/barcelona.euses.cat\/ca\/wp-json\/wp\/v2\/posts\/5126\/revisions"}],"wp:featuredmedia":[{"embeddable":true,"href":"https:\/\/barcelona.euses.cat\/ca\/wp-json\/wp\/v2\/media\/5127"}],"wp:attachment":[{"href":"https:\/\/barcelona.euses.cat\/ca\/wp-json\/wp\/v2\/media?parent=5126"}],"wp:term":[{"taxonomy":"category","embeddable":true,"href":"https:\/\/barcelona.euses.cat\/ca\/wp-json\/wp\/v2\/categories?post=5126"},{"taxonomy":"post_tag","embeddable":true,"href":"https:\/\/barcelona.euses.cat\/ca\/wp-json\/wp\/v2\/tags?post=5126"}],"curies":[{"name":"wp","href":"https:\/\/api.w.org\/{rel}","templated":true}]}}