{"id":5007,"date":"2018-06-12T17:07:41","date_gmt":"2018-06-12T15:07:41","guid":{"rendered":"http:\/\/physiotherapybarcelona.net\/?p=3769"},"modified":"2019-06-03T14:03:07","modified_gmt":"2019-06-03T12:03:07","slug":"ja-coneixes-totes-les-sortides-laborals-del-grau-en-fisioterapia-internacional","status":"publish","type":"post","link":"https:\/\/barcelona.euses.cat\/ca\/ja-coneixes-totes-les-sortides-laborals-del-grau-en-fisioterapia-internacional\/","title":{"rendered":"Ja coneixes totes les sortides laborals del Grau en Fisioter\u00e0pia Internacional?"},"content":{"rendered":"<p style=\"text-align: justify;\">El Grau en Fisioter\u00e0pia Internacional presenta unes sortides professionals molt diverses <strong>en una gran varietat de disciplines m\u00e8diques<\/strong>. El tractament de patologies de les diferents especialitats m\u00e8diques i quir\u00fargiques; la recerca i la doc\u00e8ncia acad\u00e8mica i les activitats de prevenci\u00f3 de malalties i de promoci\u00f3 de la salut.<\/p>\n<p style=\"text-align: justify;\">A continuaci\u00f3 presentem les modalitats fisioterp\u00e8utiques que es treballen durant els estudis:<\/p>\n<p style=\"text-align: justify;\"><strong>Cardiorespirat\u00f2ria<\/strong>: Disciplina de la fisioter\u00e0pia que s\u2019encarrega de tractar els pacients amb afectacions a les capacitats i volums pulmonars i a totes les afeccions del sistema respiratori.<\/p>\n<p style=\"text-align: justify;\"><strong>Ortop\u00e8dia i Traumatologia:<\/strong> Una \u00e0rea especialitzada que se centra en l\u2019avaluaci\u00f3, el diagn\u00f2stic i el tractament de les lesions m\u00fasculo-esquel\u00e8tiques, aquelles que afecten les articulacions, m\u00fasculs, teixits i nervis.<\/p>\n<p style=\"text-align: justify;\"><strong>Lesions Esportives:<\/strong> Provoquen una parada parcial o total en l\u2019activitat de l\u2019esportista. \u00c9s el fisioterapeuta l\u2019encarregat de garantir totes les etapes de la recuperaci\u00f3 en un cas hipot\u00e8tic de lesions.<\/p>\n<p style=\"text-align: justify;\"><strong>Pediatria:<\/strong> La fisioter\u00e0pia pedi\u00e0trica \u00e9s la disciplina que s\u2019encarrega del tractament, assessorament i atenci\u00f3 dels nens que presenten dificultats en el moviment o altres malalties que requereixen l\u2019actuaci\u00f3 d\u2019experts fisioterapeutes.<\/p>\n<p style=\"text-align: justify;\"><strong>Neurologia:<\/strong> La fisioter\u00e0pia neurol\u00f2gica \u00e9s la disciplina que treballa i millora la qualitat de vida dels pacients amb malalties que afecten el sistema nervi\u00f3s, com l\u2019esclerosis m\u00faltiple, el Parkinson o l\u2019Alzheimer.<\/p>\n<p style=\"text-align: justify;\"><strong>Ergonomia:<\/strong><em> \u00c9s la modalitat de la fisioter\u00e0pia que estudia les postures corporals per tal de prevenir lesions i problemes a l\u2019aparell locomotor.<\/em><\/p>\n<p style=\"text-align: justify;\"><strong>Geriatria:<\/strong> L\u2019especialitat m\u00e8dica que estudia la prevenci\u00f3, diagn\u00f2stic i tractament de la rehabilitaci\u00f3 de malalties a la tercera edat, que presenten unes caracter\u00edstiques diferents pel que fa als tractaments, m\u00e9s especialitzats.<\/p>\n<p style=\"text-align: justify;\"><strong>Reumatologia<\/strong>: Especialitat dedicada a alleujar del dolor de diferents trastorns a l\u2019aparell locomotor. Cobreix un gran ventall de malalties reum\u00e0tiques que afecten ossos, articulacions i m\u00fasculs.<\/p>\n<p style=\"text-align: justify;\">L\u2019oferta formativa impartida per ENTI-UB permetr\u00e0 a l\u2019alumne desenvolupar-se professionalment, tamb\u00e9, en el camp de <strong>l\u2019aplicaci\u00f3 tecnol\u00f2gica al camp de la Fisioter\u00e0pia.<\/strong><\/p>\n","protected":false},"excerpt":{"rendered":"<p>El Grau en Fisioter\u00e0pia Internacional presenta unes sortides professionals molt diverses en una gran varietat de disciplines m\u00e8diques. El tractament de patologies de les diferents especialitats m\u00e8diques i quir\u00fargiques; la recerca i la doc\u00e8ncia acad\u00e8mica i les activitats de prevenci\u00f3 de malalties i de promoci\u00f3 de la salut. A continuaci\u00f3 presentem les modalitats fisioterp\u00e8utiques que [&hellip;]<\/p>\n","protected":false},"author":1,"featured_media":6829,"comment_status":"closed","ping_status":"closed","sticky":false,"template":"","format":"standard","meta":{"_acf_changed":false,"inline_featured_image":false,"_joinchat":[],"footnotes":""},"categories":[46],"tags":[44,45],"class_list":["post-5007","post","type-post","status-publish","format-standard","has-post-thumbnail","hentry","category-sense-categoria","tag-castellano","tag-catala"],"acf":[],"yoast_head":"<!-- This site is optimized with the Yoast SEO plugin v27.4 - https:\/\/yoast.com\/product\/yoast-seo-wordpress\/ -->\n<title>Ja coneixes totes les sortides laborals del Grau en Fisioter\u00e0pia Internacional? | EUSES- Campus de Bellvitge (Barcelona)<\/title>\n<meta name=\"robots\" content=\"index, follow, max-snippet:-1, max-image-preview:large, max-video-preview:-1\" \/>\n<link rel=\"canonical\" href=\"https:\/\/barcelona.euses.cat\/ca\/ja-coneixes-totes-les-sortides-laborals-del-grau-en-fisioterapia-internacional\/\" \/>\n<meta property=\"og:locale\" content=\"ca_ES\" \/>\n<meta property=\"og:type\" content=\"article\" \/>\n<meta property=\"og:title\" content=\"Ja coneixes totes les sortides laborals del Grau en Fisioter\u00e0pia Internacional? | EUSES- Campus de Bellvitge (Barcelona)\" \/>\n<meta property=\"og:description\" content=\"El Grau en Fisioter\u00e0pia Internacional presenta unes sortides professionals molt diverses en una gran varietat de disciplines m\u00e8diques. El tractament de patologies de les diferents especialitats m\u00e8diques i quir\u00fargiques; la recerca i la doc\u00e8ncia acad\u00e8mica i les activitats de prevenci\u00f3 de malalties i de promoci\u00f3 de la salut. A continuaci\u00f3 presentem les modalitats fisioterp\u00e8utiques que [&hellip;]\" \/>\n<meta property=\"og:url\" content=\"https:\/\/barcelona.euses.cat\/ca\/ja-coneixes-totes-les-sortides-laborals-del-grau-en-fisioterapia-internacional\/\" \/>\n<meta property=\"og:site_name\" content=\"EUSES- Campus de Bellvitge (Barcelona)\" \/>\n<meta property=\"article:publisher\" content=\"https:\/\/www.facebook.com\/PhysioBCN\/\" \/>\n<meta property=\"article:published_time\" content=\"2018-06-12T15:07:41+00:00\" \/>\n<meta property=\"article:modified_time\" content=\"2019-06-03T12:03:07+00:00\" \/>\n<meta property=\"og:image\" content=\"https:\/\/barcelona.euses.cat\/wp-content\/uploads\/2017\/02\/physiotherap.jpg\" \/>\n\t<meta property=\"og:image:width\" content=\"737\" \/>\n\t<meta property=\"og:image:height\" content=\"415\" \/>\n\t<meta property=\"og:image:type\" content=\"image\/jpeg\" \/>\n<meta name=\"author\" content=\"neorg\" \/>\n<meta name=\"twitter:card\" content=\"summary_large_image\" \/>\n<meta name=\"twitter:label1\" content=\"Escrit per\" \/>\n\t<meta name=\"twitter:data1\" content=\"neorg\" \/>\n\t<meta name=\"twitter:label2\" content=\"Temps estimat de lectura\" \/>\n\t<meta name=\"twitter:data2\" content=\"2 minuts\" \/>\n<script type=\"application\/ld+json\" class=\"yoast-schema-graph\">{\"@context\":\"https:\\\/\\\/schema.org\",\"@graph\":[{\"@type\":\"Article\",\"@id\":\"https:\\\/\\\/barcelona.euses.cat\\\/ca\\\/ja-coneixes-totes-les-sortides-laborals-del-grau-en-fisioterapia-internacional\\\/#article\",\"isPartOf\":{\"@id\":\"https:\\\/\\\/barcelona.euses.cat\\\/ca\\\/ja-coneixes-totes-les-sortides-laborals-del-grau-en-fisioterapia-internacional\\\/\"},\"author\":{\"name\":\"neorg\",\"@id\":\"https:\\\/\\\/barcelona.euses.cat\\\/ca\\\/#\\\/schema\\\/person\\\/c3074ca9d956eacf02e41e2ff78e53ab\"},\"headline\":\"Ja coneixes totes les sortides laborals del Grau en Fisioter\u00e0pia Internacional?\",\"datePublished\":\"2018-06-12T15:07:41+00:00\",\"dateModified\":\"2019-06-03T12:03:07+00:00\",\"mainEntityOfPage\":{\"@id\":\"https:\\\/\\\/barcelona.euses.cat\\\/ca\\\/ja-coneixes-totes-les-sortides-laborals-del-grau-en-fisioterapia-internacional\\\/\"},\"wordCount\":366,\"image\":{\"@id\":\"https:\\\/\\\/barcelona.euses.cat\\\/ca\\\/ja-coneixes-totes-les-sortides-laborals-del-grau-en-fisioterapia-internacional\\\/#primaryimage\"},\"thumbnailUrl\":\"https:\\\/\\\/barcelona.euses.cat\\\/wp-content\\\/uploads\\\/2017\\\/02\\\/physiotherap.jpg\",\"keywords\":[\"Castellano\",\"Catal\u00e0\"],\"articleSection\":[\"sense categoria\"],\"inLanguage\":\"ca\"},{\"@type\":\"WebPage\",\"@id\":\"https:\\\/\\\/barcelona.euses.cat\\\/ca\\\/ja-coneixes-totes-les-sortides-laborals-del-grau-en-fisioterapia-internacional\\\/\",\"url\":\"https:\\\/\\\/barcelona.euses.cat\\\/ca\\\/ja-coneixes-totes-les-sortides-laborals-del-grau-en-fisioterapia-internacional\\\/\",\"name\":\"Ja coneixes totes les sortides laborals del Grau en Fisioter\u00e0pia Internacional? | EUSES- Campus de Bellvitge (Barcelona)\",\"isPartOf\":{\"@id\":\"https:\\\/\\\/barcelona.euses.cat\\\/ca\\\/#website\"},\"primaryImageOfPage\":{\"@id\":\"https:\\\/\\\/barcelona.euses.cat\\\/ca\\\/ja-coneixes-totes-les-sortides-laborals-del-grau-en-fisioterapia-internacional\\\/#primaryimage\"},\"image\":{\"@id\":\"https:\\\/\\\/barcelona.euses.cat\\\/ca\\\/ja-coneixes-totes-les-sortides-laborals-del-grau-en-fisioterapia-internacional\\\/#primaryimage\"},\"thumbnailUrl\":\"https:\\\/\\\/barcelona.euses.cat\\\/wp-content\\\/uploads\\\/2017\\\/02\\\/physiotherap.jpg\",\"datePublished\":\"2018-06-12T15:07:41+00:00\",\"dateModified\":\"2019-06-03T12:03:07+00:00\",\"author\":{\"@id\":\"https:\\\/\\\/barcelona.euses.cat\\\/ca\\\/#\\\/schema\\\/person\\\/c3074ca9d956eacf02e41e2ff78e53ab\"},\"breadcrumb\":{\"@id\":\"https:\\\/\\\/barcelona.euses.cat\\\/ca\\\/ja-coneixes-totes-les-sortides-laborals-del-grau-en-fisioterapia-internacional\\\/#breadcrumb\"},\"inLanguage\":\"ca\",\"potentialAction\":[{\"@type\":\"ReadAction\",\"target\":[\"https:\\\/\\\/barcelona.euses.cat\\\/ca\\\/ja-coneixes-totes-les-sortides-laborals-del-grau-en-fisioterapia-internacional\\\/\"]}]},{\"@type\":\"ImageObject\",\"inLanguage\":\"ca\",\"@id\":\"https:\\\/\\\/barcelona.euses.cat\\\/ca\\\/ja-coneixes-totes-les-sortides-laborals-del-grau-en-fisioterapia-internacional\\\/#primaryimage\",\"url\":\"https:\\\/\\\/barcelona.euses.cat\\\/wp-content\\\/uploads\\\/2017\\\/02\\\/physiotherap.jpg\",\"contentUrl\":\"https:\\\/\\\/barcelona.euses.cat\\\/wp-content\\\/uploads\\\/2017\\\/02\\\/physiotherap.jpg\",\"width\":737,\"height\":415},{\"@type\":\"BreadcrumbList\",\"@id\":\"https:\\\/\\\/barcelona.euses.cat\\\/ca\\\/ja-coneixes-totes-les-sortides-laborals-del-grau-en-fisioterapia-internacional\\\/#breadcrumb\",\"itemListElement\":[{\"@type\":\"ListItem\",\"position\":1,\"name\":\"Portada\",\"item\":\"https:\\\/\\\/barcelona.euses.cat\\\/ca\\\/\"},{\"@type\":\"ListItem\",\"position\":2,\"name\":\"Ja coneixes totes les sortides laborals del Grau en Fisioter\u00e0pia Internacional?\"}]},{\"@type\":\"WebSite\",\"@id\":\"https:\\\/\\\/barcelona.euses.cat\\\/ca\\\/#website\",\"url\":\"https:\\\/\\\/barcelona.euses.cat\\\/ca\\\/\",\"name\":\"EUSES - Campus de Bellvitge (Barcelona)\",\"description\":\"EUSES, Escola Universit\u00e0ria de Fisioter\u00e0pia Internacional a Barcelona\",\"potentialAction\":[{\"@type\":\"SearchAction\",\"target\":{\"@type\":\"EntryPoint\",\"urlTemplate\":\"https:\\\/\\\/barcelona.euses.cat\\\/ca\\\/?s={search_term_string}\"},\"query-input\":{\"@type\":\"PropertyValueSpecification\",\"valueRequired\":true,\"valueName\":\"search_term_string\"}}],\"inLanguage\":\"ca\"},{\"@type\":\"Person\",\"@id\":\"https:\\\/\\\/barcelona.euses.cat\\\/ca\\\/#\\\/schema\\\/person\\\/c3074ca9d956eacf02e41e2ff78e53ab\",\"name\":\"neorg\",\"image\":{\"@type\":\"ImageObject\",\"inLanguage\":\"ca\",\"@id\":\"https:\\\/\\\/secure.gravatar.com\\\/avatar\\\/709d3d8015183afa7401c02e2291a538cbfd4ffe62f4d86ce5f4871f22e86b09?s=96&d=mm&r=g\",\"url\":\"https:\\\/\\\/secure.gravatar.com\\\/avatar\\\/709d3d8015183afa7401c02e2291a538cbfd4ffe62f4d86ce5f4871f22e86b09?s=96&d=mm&r=g\",\"contentUrl\":\"https:\\\/\\\/secure.gravatar.com\\\/avatar\\\/709d3d8015183afa7401c02e2291a538cbfd4ffe62f4d86ce5f4871f22e86b09?s=96&d=mm&r=g\",\"caption\":\"neorg\"},\"url\":\"https:\\\/\\\/barcelona.euses.cat\\\/ca\\\/author\\\/neorg\\\/\"}]}<\/script>\n<!-- \/ Yoast SEO plugin. -->","yoast_head_json":{"title":"Ja coneixes totes les sortides laborals del Grau en Fisioter\u00e0pia Internacional? | EUSES- Campus de Bellvitge (Barcelona)","robots":{"index":"index","follow":"follow","max-snippet":"max-snippet:-1","max-image-preview":"max-image-preview:large","max-video-preview":"max-video-preview:-1"},"canonical":"https:\/\/barcelona.euses.cat\/ca\/ja-coneixes-totes-les-sortides-laborals-del-grau-en-fisioterapia-internacional\/","og_locale":"ca_ES","og_type":"article","og_title":"Ja coneixes totes les sortides laborals del Grau en Fisioter\u00e0pia Internacional? | EUSES- Campus de Bellvitge (Barcelona)","og_description":"El Grau en Fisioter\u00e0pia Internacional presenta unes sortides professionals molt diverses en una gran varietat de disciplines m\u00e8diques. El tractament de patologies de les diferents especialitats m\u00e8diques i quir\u00fargiques; la recerca i la doc\u00e8ncia acad\u00e8mica i les activitats de prevenci\u00f3 de malalties i de promoci\u00f3 de la salut. A continuaci\u00f3 presentem les modalitats fisioterp\u00e8utiques que [&hellip;]","og_url":"https:\/\/barcelona.euses.cat\/ca\/ja-coneixes-totes-les-sortides-laborals-del-grau-en-fisioterapia-internacional\/","og_site_name":"EUSES- Campus de Bellvitge (Barcelona)","article_publisher":"https:\/\/www.facebook.com\/PhysioBCN\/","article_published_time":"2018-06-12T15:07:41+00:00","article_modified_time":"2019-06-03T12:03:07+00:00","og_image":[{"width":737,"height":415,"url":"https:\/\/barcelona.euses.cat\/wp-content\/uploads\/2017\/02\/physiotherap.jpg","type":"image\/jpeg"}],"author":"neorg","twitter_card":"summary_large_image","twitter_misc":{"Escrit per":"neorg","Temps estimat de lectura":"2 minuts"},"schema":{"@context":"https:\/\/schema.org","@graph":[{"@type":"Article","@id":"https:\/\/barcelona.euses.cat\/ca\/ja-coneixes-totes-les-sortides-laborals-del-grau-en-fisioterapia-internacional\/#article","isPartOf":{"@id":"https:\/\/barcelona.euses.cat\/ca\/ja-coneixes-totes-les-sortides-laborals-del-grau-en-fisioterapia-internacional\/"},"author":{"name":"neorg","@id":"https:\/\/barcelona.euses.cat\/ca\/#\/schema\/person\/c3074ca9d956eacf02e41e2ff78e53ab"},"headline":"Ja coneixes totes les sortides laborals del Grau en Fisioter\u00e0pia Internacional?","datePublished":"2018-06-12T15:07:41+00:00","dateModified":"2019-06-03T12:03:07+00:00","mainEntityOfPage":{"@id":"https:\/\/barcelona.euses.cat\/ca\/ja-coneixes-totes-les-sortides-laborals-del-grau-en-fisioterapia-internacional\/"},"wordCount":366,"image":{"@id":"https:\/\/barcelona.euses.cat\/ca\/ja-coneixes-totes-les-sortides-laborals-del-grau-en-fisioterapia-internacional\/#primaryimage"},"thumbnailUrl":"https:\/\/barcelona.euses.cat\/wp-content\/uploads\/2017\/02\/physiotherap.jpg","keywords":["Castellano","Catal\u00e0"],"articleSection":["sense categoria"],"inLanguage":"ca"},{"@type":"WebPage","@id":"https:\/\/barcelona.euses.cat\/ca\/ja-coneixes-totes-les-sortides-laborals-del-grau-en-fisioterapia-internacional\/","url":"https:\/\/barcelona.euses.cat\/ca\/ja-coneixes-totes-les-sortides-laborals-del-grau-en-fisioterapia-internacional\/","name":"Ja coneixes totes les sortides laborals del Grau en Fisioter\u00e0pia Internacional? | EUSES- Campus de Bellvitge (Barcelona)","isPartOf":{"@id":"https:\/\/barcelona.euses.cat\/ca\/#website"},"primaryImageOfPage":{"@id":"https:\/\/barcelona.euses.cat\/ca\/ja-coneixes-totes-les-sortides-laborals-del-grau-en-fisioterapia-internacional\/#primaryimage"},"image":{"@id":"https:\/\/barcelona.euses.cat\/ca\/ja-coneixes-totes-les-sortides-laborals-del-grau-en-fisioterapia-internacional\/#primaryimage"},"thumbnailUrl":"https:\/\/barcelona.euses.cat\/wp-content\/uploads\/2017\/02\/physiotherap.jpg","datePublished":"2018-06-12T15:07:41+00:00","dateModified":"2019-06-03T12:03:07+00:00","author":{"@id":"https:\/\/barcelona.euses.cat\/ca\/#\/schema\/person\/c3074ca9d956eacf02e41e2ff78e53ab"},"breadcrumb":{"@id":"https:\/\/barcelona.euses.cat\/ca\/ja-coneixes-totes-les-sortides-laborals-del-grau-en-fisioterapia-internacional\/#breadcrumb"},"inLanguage":"ca","potentialAction":[{"@type":"ReadAction","target":["https:\/\/barcelona.euses.cat\/ca\/ja-coneixes-totes-les-sortides-laborals-del-grau-en-fisioterapia-internacional\/"]}]},{"@type":"ImageObject","inLanguage":"ca","@id":"https:\/\/barcelona.euses.cat\/ca\/ja-coneixes-totes-les-sortides-laborals-del-grau-en-fisioterapia-internacional\/#primaryimage","url":"https:\/\/barcelona.euses.cat\/wp-content\/uploads\/2017\/02\/physiotherap.jpg","contentUrl":"https:\/\/barcelona.euses.cat\/wp-content\/uploads\/2017\/02\/physiotherap.jpg","width":737,"height":415},{"@type":"BreadcrumbList","@id":"https:\/\/barcelona.euses.cat\/ca\/ja-coneixes-totes-les-sortides-laborals-del-grau-en-fisioterapia-internacional\/#breadcrumb","itemListElement":[{"@type":"ListItem","position":1,"name":"Portada","item":"https:\/\/barcelona.euses.cat\/ca\/"},{"@type":"ListItem","position":2,"name":"Ja coneixes totes les sortides laborals del Grau en Fisioter\u00e0pia Internacional?"}]},{"@type":"WebSite","@id":"https:\/\/barcelona.euses.cat\/ca\/#website","url":"https:\/\/barcelona.euses.cat\/ca\/","name":"EUSES - Campus de Bellvitge (Barcelona)","description":"EUSES, Escola Universit\u00e0ria de Fisioter\u00e0pia Internacional a Barcelona","potentialAction":[{"@type":"SearchAction","target":{"@type":"EntryPoint","urlTemplate":"https:\/\/barcelona.euses.cat\/ca\/?s={search_term_string}"},"query-input":{"@type":"PropertyValueSpecification","valueRequired":true,"valueName":"search_term_string"}}],"inLanguage":"ca"},{"@type":"Person","@id":"https:\/\/barcelona.euses.cat\/ca\/#\/schema\/person\/c3074ca9d956eacf02e41e2ff78e53ab","name":"neorg","image":{"@type":"ImageObject","inLanguage":"ca","@id":"https:\/\/secure.gravatar.com\/avatar\/709d3d8015183afa7401c02e2291a538cbfd4ffe62f4d86ce5f4871f22e86b09?s=96&d=mm&r=g","url":"https:\/\/secure.gravatar.com\/avatar\/709d3d8015183afa7401c02e2291a538cbfd4ffe62f4d86ce5f4871f22e86b09?s=96&d=mm&r=g","contentUrl":"https:\/\/secure.gravatar.com\/avatar\/709d3d8015183afa7401c02e2291a538cbfd4ffe62f4d86ce5f4871f22e86b09?s=96&d=mm&r=g","caption":"neorg"},"url":"https:\/\/barcelona.euses.cat\/ca\/author\/neorg\/"}]}},"_links":{"self":[{"href":"https:\/\/barcelona.euses.cat\/ca\/wp-json\/wp\/v2\/posts\/5007","targetHints":{"allow":["GET"]}}],"collection":[{"href":"https:\/\/barcelona.euses.cat\/ca\/wp-json\/wp\/v2\/posts"}],"about":[{"href":"https:\/\/barcelona.euses.cat\/ca\/wp-json\/wp\/v2\/types\/post"}],"author":[{"embeddable":true,"href":"https:\/\/barcelona.euses.cat\/ca\/wp-json\/wp\/v2\/users\/1"}],"replies":[{"embeddable":true,"href":"https:\/\/barcelona.euses.cat\/ca\/wp-json\/wp\/v2\/comments?post=5007"}],"version-history":[{"count":1,"href":"https:\/\/barcelona.euses.cat\/ca\/wp-json\/wp\/v2\/posts\/5007\/revisions"}],"predecessor-version":[{"id":7131,"href":"https:\/\/barcelona.euses.cat\/ca\/wp-json\/wp\/v2\/posts\/5007\/revisions\/7131"}],"wp:featuredmedia":[{"embeddable":true,"href":"https:\/\/barcelona.euses.cat\/ca\/wp-json\/wp\/v2\/media\/6829"}],"wp:attachment":[{"href":"https:\/\/barcelona.euses.cat\/ca\/wp-json\/wp\/v2\/media?parent=5007"}],"wp:term":[{"taxonomy":"category","embeddable":true,"href":"https:\/\/barcelona.euses.cat\/ca\/wp-json\/wp\/v2\/categories?post=5007"},{"taxonomy":"post_tag","embeddable":true,"href":"https:\/\/barcelona.euses.cat\/ca\/wp-json\/wp\/v2\/tags?post=5007"}],"curies":[{"name":"wp","href":"https:\/\/api.w.org\/{rel}","templated":true}]}}