{"id":4992,"date":"2018-06-29T10:44:41","date_gmt":"2018-06-29T08:44:41","guid":{"rendered":"http:\/\/physiotherapybarcelona.net\/?p=3827"},"modified":"2018-06-29T10:44:41","modified_gmt":"2018-06-29T08:44:41","slug":"ultims-dies-per-realitzar-les-preinscripcions-universitaries-inscriu-te-al-grau-en-fisioterapia-internacional","status":"publish","type":"post","link":"https:\/\/barcelona.euses.cat\/ca\/ultims-dies-per-realitzar-les-preinscripcions-universitaries-inscriu-te-al-grau-en-fisioterapia-internacional\/","title":{"rendered":"\u00daltims dies per realitzar les preinscripcions universit\u00e0ries. Inscriu-te al Grau en Fisioter\u00e0pia Internacional"},"content":{"rendered":"<p style=\"text-align: justify;\">Cada cop queden menys dies perqu\u00e8 acabi el termini per realitzar les <strong>preinscripcions universit\u00e0ries<\/strong>. Si el curs vinent vols estudiar l\u2019\u00fanic grau a Catalunya en Fisioter\u00e0pia que s\u2019imparteix completament en angl\u00e8s recorda <strong>d\u2019introduir el codi 91908 o 91909<\/strong>, en el cas que no disposis de nacionalitat espanyola ni perm\u00eds de resid\u00e8ncia a l\u2019estat, al portal <a href=\"https:\/\/accesuniversitat.gencat.cat\/accesuniversitat\/login\">d\u2019acc\u00e9s a la universitat de la Generalitat de Catalunya<\/a>.<\/p>\n<p style=\"text-align: justify;\">El Grau en Fisioter\u00e0pia Internacional, impartit conjuntament per l\u2019Escola de Noves Tecnologies Interactives (ENTI-UB) i l\u2019Escola Universit\u00e0ria de la Salut i l\u2019Esport (EUSES-UdG) al Campus de Ci\u00e8ncies de la Salut de Bellvitge<strong>, incorpora l&#8217;aplicaci\u00f3 de les noves tecnologies<\/strong> a l\u2019atenci\u00f3 sanit\u00e0ria, aprofitant al m\u00e0xim els coneixements en fisioter\u00e0pia i els beneficis de les TIC per millorar la salut de les persones.<\/p>\n<p style=\"text-align: justify;\">Un dels altres aspectes destacats del grau \u00e9s l\u2019aposta per la metodologia <em>learning by doing<\/em>. Els alumnes compten amb multitud d\u2019oportunitats per posar en pr\u00e0ctica els coneixements adquirits a les classes te\u00f2riques. Ja sigui mitjan\u00e7ant exercicis entre els companys o fins i tot amb pacients reals, els alumnes poden <strong>agafar experi\u00e8ncia en el tracte amb persones.<\/strong><\/p>\n<p style=\"text-align: justify;\">El fet que l\u2019equip docent del grau estigui format per professors d\u2019una gran varietat de pa\u00efsos fa tamb\u00e9 que l\u2019alumnat entri en contacte amb diferents realitats pel que fa a la pr\u00e0ctica fisioterap\u00e8utica. D\u2019aquesta manera estar\u00e0 molt m\u00e9s preparat per <strong>poder exercir a l\u2019estranger<\/strong> i coneixer\u00e0 tractaments pioners fora de casa nostra.<\/p>\n<p style=\"text-align: justify;\">Recorda el proper 2 de juliol finalitza el per\u00edode de preinscripci\u00f3 a les universitats catalanes. Fes ja la teva preinscripci\u00f3 al <strong>Grau en Fisioter\u00e0pia Internacional<\/strong>, accedint al portal <a href=\"https:\/\/accesuniversitat.gencat.cat\/accesuniversitat\/login\">d\u2019acc\u00e9s<\/a> a a la universitat i incorporant el codi 91908 o el codi 91909 (per a estudiants estrangers).<\/p>\n<p>&nbsp;<\/p>\n<p>&nbsp;<\/p>\n","protected":false},"excerpt":{"rendered":"<p>Cada cop queden menys dies perqu\u00e8 acabi el termini per realitzar les preinscripcions universit\u00e0ries. Si el curs vinent vols estudiar l\u2019\u00fanic grau a Catalunya en Fisioter\u00e0pia que s\u2019imparteix completament en angl\u00e8s recorda d\u2019introduir el codi 91908 o 91909, en el cas que no disposis de nacionalitat espanyola ni perm\u00eds de resid\u00e8ncia a l\u2019estat, al portal [&hellip;]<\/p>\n","protected":false},"author":1,"featured_media":4993,"comment_status":"closed","ping_status":"closed","sticky":false,"template":"","format":"standard","meta":{"_acf_changed":false,"inline_featured_image":false,"_joinchat":[],"footnotes":""},"categories":[46,54],"tags":[44,45],"class_list":["post-4992","post","type-post","status-publish","format-standard","has-post-thumbnail","hentry","category-sense-categoria","category-uncategorized-ca","tag-castellano","tag-catala"],"acf":[],"yoast_head":"<!-- This site is optimized with the Yoast SEO plugin v27.4 - https:\/\/yoast.com\/product\/yoast-seo-wordpress\/ -->\n<title>\u00daltims dies per realitzar les preinscripcions universit\u00e0ries. Inscriu-te al Grau en Fisioter\u00e0pia Internacional | EUSES- Campus de Bellvitge (Barcelona)<\/title>\n<meta name=\"robots\" content=\"index, follow, max-snippet:-1, max-image-preview:large, max-video-preview:-1\" \/>\n<link rel=\"canonical\" href=\"https:\/\/barcelona.euses.cat\/ca\/ultims-dies-per-realitzar-les-preinscripcions-universitaries-inscriu-te-al-grau-en-fisioterapia-internacional\/\" \/>\n<meta property=\"og:locale\" content=\"ca_ES\" \/>\n<meta property=\"og:type\" content=\"article\" \/>\n<meta property=\"og:title\" content=\"\u00daltims dies per realitzar les preinscripcions universit\u00e0ries. Inscriu-te al Grau en Fisioter\u00e0pia Internacional | EUSES- Campus de Bellvitge (Barcelona)\" \/>\n<meta property=\"og:description\" content=\"Cada cop queden menys dies perqu\u00e8 acabi el termini per realitzar les preinscripcions universit\u00e0ries. Si el curs vinent vols estudiar l\u2019\u00fanic grau a Catalunya en Fisioter\u00e0pia que s\u2019imparteix completament en angl\u00e8s recorda d\u2019introduir el codi 91908 o 91909, en el cas que no disposis de nacionalitat espanyola ni perm\u00eds de resid\u00e8ncia a l\u2019estat, al portal [&hellip;]\" \/>\n<meta property=\"og:url\" content=\"https:\/\/barcelona.euses.cat\/ca\/ultims-dies-per-realitzar-les-preinscripcions-universitaries-inscriu-te-al-grau-en-fisioterapia-internacional\/\" \/>\n<meta property=\"og:site_name\" content=\"EUSES- Campus de Bellvitge (Barcelona)\" \/>\n<meta property=\"article:publisher\" content=\"https:\/\/www.facebook.com\/PhysioBCN\/\" \/>\n<meta property=\"article:published_time\" content=\"2018-06-29T08:44:41+00:00\" \/>\n<meta property=\"og:image\" content=\"https:\/\/barcelona.euses.cat\/wp-content\/uploads\/2018\/06\/l-2.jpg\" \/>\n\t<meta property=\"og:image:width\" content=\"1024\" \/>\n\t<meta property=\"og:image:height\" content=\"683\" \/>\n\t<meta property=\"og:image:type\" content=\"image\/jpeg\" \/>\n<meta name=\"author\" content=\"neorg\" \/>\n<meta name=\"twitter:card\" content=\"summary_large_image\" \/>\n<meta name=\"twitter:label1\" content=\"Escrit per\" \/>\n\t<meta name=\"twitter:data1\" content=\"neorg\" \/>\n\t<meta name=\"twitter:label2\" content=\"Temps estimat de lectura\" \/>\n\t<meta name=\"twitter:data2\" content=\"2 minuts\" \/>\n<script type=\"application\/ld+json\" class=\"yoast-schema-graph\">{\"@context\":\"https:\\\/\\\/schema.org\",\"@graph\":[{\"@type\":\"Article\",\"@id\":\"https:\\\/\\\/barcelona.euses.cat\\\/ca\\\/ultims-dies-per-realitzar-les-preinscripcions-universitaries-inscriu-te-al-grau-en-fisioterapia-internacional\\\/#article\",\"isPartOf\":{\"@id\":\"https:\\\/\\\/barcelona.euses.cat\\\/ca\\\/ultims-dies-per-realitzar-les-preinscripcions-universitaries-inscriu-te-al-grau-en-fisioterapia-internacional\\\/\"},\"author\":{\"name\":\"neorg\",\"@id\":\"https:\\\/\\\/barcelona.euses.cat\\\/ca\\\/#\\\/schema\\\/person\\\/c3074ca9d956eacf02e41e2ff78e53ab\"},\"headline\":\"\u00daltims dies per realitzar les preinscripcions universit\u00e0ries. Inscriu-te al Grau en Fisioter\u00e0pia Internacional\",\"datePublished\":\"2018-06-29T08:44:41+00:00\",\"mainEntityOfPage\":{\"@id\":\"https:\\\/\\\/barcelona.euses.cat\\\/ca\\\/ultims-dies-per-realitzar-les-preinscripcions-universitaries-inscriu-te-al-grau-en-fisioterapia-internacional\\\/\"},\"wordCount\":332,\"image\":{\"@id\":\"https:\\\/\\\/barcelona.euses.cat\\\/ca\\\/ultims-dies-per-realitzar-les-preinscripcions-universitaries-inscriu-te-al-grau-en-fisioterapia-internacional\\\/#primaryimage\"},\"thumbnailUrl\":\"https:\\\/\\\/barcelona.euses.cat\\\/wp-content\\\/uploads\\\/2018\\\/06\\\/l-2.jpg\",\"keywords\":[\"Castellano\",\"Catal\u00e0\"],\"articleSection\":[\"sense categoria\",\"Uncategorized @ca\"],\"inLanguage\":\"ca\"},{\"@type\":\"WebPage\",\"@id\":\"https:\\\/\\\/barcelona.euses.cat\\\/ca\\\/ultims-dies-per-realitzar-les-preinscripcions-universitaries-inscriu-te-al-grau-en-fisioterapia-internacional\\\/\",\"url\":\"https:\\\/\\\/barcelona.euses.cat\\\/ca\\\/ultims-dies-per-realitzar-les-preinscripcions-universitaries-inscriu-te-al-grau-en-fisioterapia-internacional\\\/\",\"name\":\"\u00daltims dies per realitzar les preinscripcions universit\u00e0ries. Inscriu-te al Grau en Fisioter\u00e0pia Internacional | EUSES- Campus de Bellvitge (Barcelona)\",\"isPartOf\":{\"@id\":\"https:\\\/\\\/barcelona.euses.cat\\\/ca\\\/#website\"},\"primaryImageOfPage\":{\"@id\":\"https:\\\/\\\/barcelona.euses.cat\\\/ca\\\/ultims-dies-per-realitzar-les-preinscripcions-universitaries-inscriu-te-al-grau-en-fisioterapia-internacional\\\/#primaryimage\"},\"image\":{\"@id\":\"https:\\\/\\\/barcelona.euses.cat\\\/ca\\\/ultims-dies-per-realitzar-les-preinscripcions-universitaries-inscriu-te-al-grau-en-fisioterapia-internacional\\\/#primaryimage\"},\"thumbnailUrl\":\"https:\\\/\\\/barcelona.euses.cat\\\/wp-content\\\/uploads\\\/2018\\\/06\\\/l-2.jpg\",\"datePublished\":\"2018-06-29T08:44:41+00:00\",\"author\":{\"@id\":\"https:\\\/\\\/barcelona.euses.cat\\\/ca\\\/#\\\/schema\\\/person\\\/c3074ca9d956eacf02e41e2ff78e53ab\"},\"breadcrumb\":{\"@id\":\"https:\\\/\\\/barcelona.euses.cat\\\/ca\\\/ultims-dies-per-realitzar-les-preinscripcions-universitaries-inscriu-te-al-grau-en-fisioterapia-internacional\\\/#breadcrumb\"},\"inLanguage\":\"ca\",\"potentialAction\":[{\"@type\":\"ReadAction\",\"target\":[\"https:\\\/\\\/barcelona.euses.cat\\\/ca\\\/ultims-dies-per-realitzar-les-preinscripcions-universitaries-inscriu-te-al-grau-en-fisioterapia-internacional\\\/\"]}]},{\"@type\":\"ImageObject\",\"inLanguage\":\"ca\",\"@id\":\"https:\\\/\\\/barcelona.euses.cat\\\/ca\\\/ultims-dies-per-realitzar-les-preinscripcions-universitaries-inscriu-te-al-grau-en-fisioterapia-internacional\\\/#primaryimage\",\"url\":\"https:\\\/\\\/barcelona.euses.cat\\\/wp-content\\\/uploads\\\/2018\\\/06\\\/l-2.jpg\",\"contentUrl\":\"https:\\\/\\\/barcelona.euses.cat\\\/wp-content\\\/uploads\\\/2018\\\/06\\\/l-2.jpg\",\"width\":1024,\"height\":683},{\"@type\":\"BreadcrumbList\",\"@id\":\"https:\\\/\\\/barcelona.euses.cat\\\/ca\\\/ultims-dies-per-realitzar-les-preinscripcions-universitaries-inscriu-te-al-grau-en-fisioterapia-internacional\\\/#breadcrumb\",\"itemListElement\":[{\"@type\":\"ListItem\",\"position\":1,\"name\":\"Portada\",\"item\":\"https:\\\/\\\/barcelona.euses.cat\\\/ca\\\/\"},{\"@type\":\"ListItem\",\"position\":2,\"name\":\"\u00daltims dies per realitzar les preinscripcions universit\u00e0ries. Inscriu-te al Grau en Fisioter\u00e0pia Internacional\"}]},{\"@type\":\"WebSite\",\"@id\":\"https:\\\/\\\/barcelona.euses.cat\\\/ca\\\/#website\",\"url\":\"https:\\\/\\\/barcelona.euses.cat\\\/ca\\\/\",\"name\":\"EUSES - Campus de Bellvitge (Barcelona)\",\"description\":\"EUSES, Escola Universit\u00e0ria de Fisioter\u00e0pia Internacional a Barcelona\",\"potentialAction\":[{\"@type\":\"SearchAction\",\"target\":{\"@type\":\"EntryPoint\",\"urlTemplate\":\"https:\\\/\\\/barcelona.euses.cat\\\/ca\\\/?s={search_term_string}\"},\"query-input\":{\"@type\":\"PropertyValueSpecification\",\"valueRequired\":true,\"valueName\":\"search_term_string\"}}],\"inLanguage\":\"ca\"},{\"@type\":\"Person\",\"@id\":\"https:\\\/\\\/barcelona.euses.cat\\\/ca\\\/#\\\/schema\\\/person\\\/c3074ca9d956eacf02e41e2ff78e53ab\",\"name\":\"neorg\",\"image\":{\"@type\":\"ImageObject\",\"inLanguage\":\"ca\",\"@id\":\"https:\\\/\\\/secure.gravatar.com\\\/avatar\\\/709d3d8015183afa7401c02e2291a538cbfd4ffe62f4d86ce5f4871f22e86b09?s=96&d=mm&r=g\",\"url\":\"https:\\\/\\\/secure.gravatar.com\\\/avatar\\\/709d3d8015183afa7401c02e2291a538cbfd4ffe62f4d86ce5f4871f22e86b09?s=96&d=mm&r=g\",\"contentUrl\":\"https:\\\/\\\/secure.gravatar.com\\\/avatar\\\/709d3d8015183afa7401c02e2291a538cbfd4ffe62f4d86ce5f4871f22e86b09?s=96&d=mm&r=g\",\"caption\":\"neorg\"},\"url\":\"https:\\\/\\\/barcelona.euses.cat\\\/ca\\\/author\\\/neorg\\\/\"}]}<\/script>\n<!-- \/ Yoast SEO plugin. -->","yoast_head_json":{"title":"\u00daltims dies per realitzar les preinscripcions universit\u00e0ries. Inscriu-te al Grau en Fisioter\u00e0pia Internacional | EUSES- Campus de Bellvitge (Barcelona)","robots":{"index":"index","follow":"follow","max-snippet":"max-snippet:-1","max-image-preview":"max-image-preview:large","max-video-preview":"max-video-preview:-1"},"canonical":"https:\/\/barcelona.euses.cat\/ca\/ultims-dies-per-realitzar-les-preinscripcions-universitaries-inscriu-te-al-grau-en-fisioterapia-internacional\/","og_locale":"ca_ES","og_type":"article","og_title":"\u00daltims dies per realitzar les preinscripcions universit\u00e0ries. Inscriu-te al Grau en Fisioter\u00e0pia Internacional | EUSES- Campus de Bellvitge (Barcelona)","og_description":"Cada cop queden menys dies perqu\u00e8 acabi el termini per realitzar les preinscripcions universit\u00e0ries. Si el curs vinent vols estudiar l\u2019\u00fanic grau a Catalunya en Fisioter\u00e0pia que s\u2019imparteix completament en angl\u00e8s recorda d\u2019introduir el codi 91908 o 91909, en el cas que no disposis de nacionalitat espanyola ni perm\u00eds de resid\u00e8ncia a l\u2019estat, al portal [&hellip;]","og_url":"https:\/\/barcelona.euses.cat\/ca\/ultims-dies-per-realitzar-les-preinscripcions-universitaries-inscriu-te-al-grau-en-fisioterapia-internacional\/","og_site_name":"EUSES- Campus de Bellvitge (Barcelona)","article_publisher":"https:\/\/www.facebook.com\/PhysioBCN\/","article_published_time":"2018-06-29T08:44:41+00:00","og_image":[{"width":1024,"height":683,"url":"https:\/\/barcelona.euses.cat\/wp-content\/uploads\/2018\/06\/l-2.jpg","type":"image\/jpeg"}],"author":"neorg","twitter_card":"summary_large_image","twitter_misc":{"Escrit per":"neorg","Temps estimat de lectura":"2 minuts"},"schema":{"@context":"https:\/\/schema.org","@graph":[{"@type":"Article","@id":"https:\/\/barcelona.euses.cat\/ca\/ultims-dies-per-realitzar-les-preinscripcions-universitaries-inscriu-te-al-grau-en-fisioterapia-internacional\/#article","isPartOf":{"@id":"https:\/\/barcelona.euses.cat\/ca\/ultims-dies-per-realitzar-les-preinscripcions-universitaries-inscriu-te-al-grau-en-fisioterapia-internacional\/"},"author":{"name":"neorg","@id":"https:\/\/barcelona.euses.cat\/ca\/#\/schema\/person\/c3074ca9d956eacf02e41e2ff78e53ab"},"headline":"\u00daltims dies per realitzar les preinscripcions universit\u00e0ries. Inscriu-te al Grau en Fisioter\u00e0pia Internacional","datePublished":"2018-06-29T08:44:41+00:00","mainEntityOfPage":{"@id":"https:\/\/barcelona.euses.cat\/ca\/ultims-dies-per-realitzar-les-preinscripcions-universitaries-inscriu-te-al-grau-en-fisioterapia-internacional\/"},"wordCount":332,"image":{"@id":"https:\/\/barcelona.euses.cat\/ca\/ultims-dies-per-realitzar-les-preinscripcions-universitaries-inscriu-te-al-grau-en-fisioterapia-internacional\/#primaryimage"},"thumbnailUrl":"https:\/\/barcelona.euses.cat\/wp-content\/uploads\/2018\/06\/l-2.jpg","keywords":["Castellano","Catal\u00e0"],"articleSection":["sense categoria","Uncategorized @ca"],"inLanguage":"ca"},{"@type":"WebPage","@id":"https:\/\/barcelona.euses.cat\/ca\/ultims-dies-per-realitzar-les-preinscripcions-universitaries-inscriu-te-al-grau-en-fisioterapia-internacional\/","url":"https:\/\/barcelona.euses.cat\/ca\/ultims-dies-per-realitzar-les-preinscripcions-universitaries-inscriu-te-al-grau-en-fisioterapia-internacional\/","name":"\u00daltims dies per realitzar les preinscripcions universit\u00e0ries. Inscriu-te al Grau en Fisioter\u00e0pia Internacional | EUSES- Campus de Bellvitge (Barcelona)","isPartOf":{"@id":"https:\/\/barcelona.euses.cat\/ca\/#website"},"primaryImageOfPage":{"@id":"https:\/\/barcelona.euses.cat\/ca\/ultims-dies-per-realitzar-les-preinscripcions-universitaries-inscriu-te-al-grau-en-fisioterapia-internacional\/#primaryimage"},"image":{"@id":"https:\/\/barcelona.euses.cat\/ca\/ultims-dies-per-realitzar-les-preinscripcions-universitaries-inscriu-te-al-grau-en-fisioterapia-internacional\/#primaryimage"},"thumbnailUrl":"https:\/\/barcelona.euses.cat\/wp-content\/uploads\/2018\/06\/l-2.jpg","datePublished":"2018-06-29T08:44:41+00:00","author":{"@id":"https:\/\/barcelona.euses.cat\/ca\/#\/schema\/person\/c3074ca9d956eacf02e41e2ff78e53ab"},"breadcrumb":{"@id":"https:\/\/barcelona.euses.cat\/ca\/ultims-dies-per-realitzar-les-preinscripcions-universitaries-inscriu-te-al-grau-en-fisioterapia-internacional\/#breadcrumb"},"inLanguage":"ca","potentialAction":[{"@type":"ReadAction","target":["https:\/\/barcelona.euses.cat\/ca\/ultims-dies-per-realitzar-les-preinscripcions-universitaries-inscriu-te-al-grau-en-fisioterapia-internacional\/"]}]},{"@type":"ImageObject","inLanguage":"ca","@id":"https:\/\/barcelona.euses.cat\/ca\/ultims-dies-per-realitzar-les-preinscripcions-universitaries-inscriu-te-al-grau-en-fisioterapia-internacional\/#primaryimage","url":"https:\/\/barcelona.euses.cat\/wp-content\/uploads\/2018\/06\/l-2.jpg","contentUrl":"https:\/\/barcelona.euses.cat\/wp-content\/uploads\/2018\/06\/l-2.jpg","width":1024,"height":683},{"@type":"BreadcrumbList","@id":"https:\/\/barcelona.euses.cat\/ca\/ultims-dies-per-realitzar-les-preinscripcions-universitaries-inscriu-te-al-grau-en-fisioterapia-internacional\/#breadcrumb","itemListElement":[{"@type":"ListItem","position":1,"name":"Portada","item":"https:\/\/barcelona.euses.cat\/ca\/"},{"@type":"ListItem","position":2,"name":"\u00daltims dies per realitzar les preinscripcions universit\u00e0ries. Inscriu-te al Grau en Fisioter\u00e0pia Internacional"}]},{"@type":"WebSite","@id":"https:\/\/barcelona.euses.cat\/ca\/#website","url":"https:\/\/barcelona.euses.cat\/ca\/","name":"EUSES - Campus de Bellvitge (Barcelona)","description":"EUSES, Escola Universit\u00e0ria de Fisioter\u00e0pia Internacional a Barcelona","potentialAction":[{"@type":"SearchAction","target":{"@type":"EntryPoint","urlTemplate":"https:\/\/barcelona.euses.cat\/ca\/?s={search_term_string}"},"query-input":{"@type":"PropertyValueSpecification","valueRequired":true,"valueName":"search_term_string"}}],"inLanguage":"ca"},{"@type":"Person","@id":"https:\/\/barcelona.euses.cat\/ca\/#\/schema\/person\/c3074ca9d956eacf02e41e2ff78e53ab","name":"neorg","image":{"@type":"ImageObject","inLanguage":"ca","@id":"https:\/\/secure.gravatar.com\/avatar\/709d3d8015183afa7401c02e2291a538cbfd4ffe62f4d86ce5f4871f22e86b09?s=96&d=mm&r=g","url":"https:\/\/secure.gravatar.com\/avatar\/709d3d8015183afa7401c02e2291a538cbfd4ffe62f4d86ce5f4871f22e86b09?s=96&d=mm&r=g","contentUrl":"https:\/\/secure.gravatar.com\/avatar\/709d3d8015183afa7401c02e2291a538cbfd4ffe62f4d86ce5f4871f22e86b09?s=96&d=mm&r=g","caption":"neorg"},"url":"https:\/\/barcelona.euses.cat\/ca\/author\/neorg\/"}]}},"_links":{"self":[{"href":"https:\/\/barcelona.euses.cat\/ca\/wp-json\/wp\/v2\/posts\/4992","targetHints":{"allow":["GET"]}}],"collection":[{"href":"https:\/\/barcelona.euses.cat\/ca\/wp-json\/wp\/v2\/posts"}],"about":[{"href":"https:\/\/barcelona.euses.cat\/ca\/wp-json\/wp\/v2\/types\/post"}],"author":[{"embeddable":true,"href":"https:\/\/barcelona.euses.cat\/ca\/wp-json\/wp\/v2\/users\/1"}],"replies":[{"embeddable":true,"href":"https:\/\/barcelona.euses.cat\/ca\/wp-json\/wp\/v2\/comments?post=4992"}],"version-history":[{"count":0,"href":"https:\/\/barcelona.euses.cat\/ca\/wp-json\/wp\/v2\/posts\/4992\/revisions"}],"wp:featuredmedia":[{"embeddable":true,"href":"https:\/\/barcelona.euses.cat\/ca\/wp-json\/wp\/v2\/media\/4993"}],"wp:attachment":[{"href":"https:\/\/barcelona.euses.cat\/ca\/wp-json\/wp\/v2\/media?parent=4992"}],"wp:term":[{"taxonomy":"category","embeddable":true,"href":"https:\/\/barcelona.euses.cat\/ca\/wp-json\/wp\/v2\/categories?post=4992"},{"taxonomy":"post_tag","embeddable":true,"href":"https:\/\/barcelona.euses.cat\/ca\/wp-json\/wp\/v2\/tags?post=4992"}],"curies":[{"name":"wp","href":"https:\/\/api.w.org\/{rel}","templated":true}]}}