{"id":4969,"date":"2018-08-07T11:55:12","date_gmt":"2018-08-07T09:55:12","guid":{"rendered":"http:\/\/physiotherapybarcelona.net\/?p=3905"},"modified":"2018-08-07T11:55:12","modified_gmt":"2018-08-07T09:55:12","slug":"la-professora-del-grau-en-fisioterapia-internacional-andrea-fuente-participa-en-el-congres-internacional-de-docencia-universitaria-i-innovacio","status":"publish","type":"post","link":"https:\/\/barcelona.euses.cat\/ca\/la-professora-del-grau-en-fisioterapia-internacional-andrea-fuente-participa-en-el-congres-internacional-de-docencia-universitaria-i-innovacio\/","title":{"rendered":"La professora del Grau en Fisioter\u00e0pia Internacional, Andrea Fuente, participa en el Congr\u00e9s Internacional de Doc\u00e8ncia Universit\u00e0ria i Innovaci\u00f3"},"content":{"rendered":"<p style=\"text-align: justify;\">Andrea Fuente, professora del Grau en Fisioter\u00e0pia Internacional ha participat al Congr\u00e9s Internacional de Doc\u00e8ncia Universit\u00e0ria\u00a0 i Innovaci\u00f3, que es va celebrar durant els dies 4, 5 i 6 de juliol al Palau de Congressos de Girona. En aquesta edici\u00f3, amb\u00a0 el t\u00edtol \u201cEspais d\u2019aprenentatge: agents de canvi a la universitat\u201d s\u2019ha abordat la <strong>transformaci\u00f3 dels espais i temps per a l\u2019aprenentatge.<\/strong><\/p>\n<p style=\"text-align: justify;\">Andrea Fuente ha participat en una comunicaci\u00f3 del tipus p\u00f2ster, en qualitat de coautora. El projecte de recerca exposat es va realitzar com a part de les classes d&#8217;Anatomia, del Grau de Fisioter\u00e0pia a la Universitat de Lleida. Dirigit pel Dr. Ramon\u00a0Aiguad\u00e9, el projecte va involucrar a l&#8217;alumnat de primer curs, que va realitzar personalment l&#8217;examen i registre de les peces anat\u00f2miques. Arran d&#8217;aix\u00f2, es va generar una p\u00e0gina web per a l&#8217;estudi interactiu dels continguts.<\/p>\n<p style=\"text-align: justify;\">La combinaci\u00f3 de classes tradicionals, amb la participaci\u00f3 activa de l&#8217;alumnat en els continguts i l&#8217;estudi online va llan\u00e7ar <strong>resultats molt favorables quant a la motivaci\u00f3 i valoraci\u00f3<\/strong> per part dels estudiants, i obre una finestra al\u00a0Blended Learning.<\/p>\n<p>El projecte ha donat lloc a una plataforma d&#8217;aprenentatge d&#8217;anatomia on-line, accessible de manera gratu\u00efta <a href=\"http:\/\/www.marvin.udl.cat\/osteologia\/\">aqu\u00ed.<\/a> La plataforma web es troba encara en desenvolupament per\u00f2 ofereix ja interessants continguts sobre\u00a0osteologia,\u00a0miologia\u00a0i anatomia topogr\u00e0fica, <strong>que facilitaran l\u2019estudi de qualsevol interessat en l&#8217;anatomia.<\/strong><\/p>\n","protected":false},"excerpt":{"rendered":"<p>Andrea Fuente, professora del Grau en Fisioter\u00e0pia Internacional ha participat al Congr\u00e9s Internacional de Doc\u00e8ncia Universit\u00e0ria\u00a0 i Innovaci\u00f3, que es va celebrar durant els dies 4, 5 i 6 de juliol al Palau de Congressos de Girona. En aquesta edici\u00f3, amb\u00a0 el t\u00edtol \u201cEspais d\u2019aprenentatge: agents de canvi a la universitat\u201d s\u2019ha abordat la transformaci\u00f3 [&hellip;]<\/p>\n","protected":false},"author":1,"featured_media":4970,"comment_status":"closed","ping_status":"closed","sticky":false,"template":"","format":"standard","meta":{"_acf_changed":false,"inline_featured_image":false,"_joinchat":[],"footnotes":""},"categories":[46,54],"tags":[],"class_list":["post-4969","post","type-post","status-publish","format-standard","has-post-thumbnail","hentry","category-sense-categoria","category-uncategorized-ca"],"acf":[],"yoast_head":"<!-- This site is optimized with the Yoast SEO plugin v27.4 - https:\/\/yoast.com\/product\/yoast-seo-wordpress\/ -->\n<title>La professora del Grau en Fisioter\u00e0pia Internacional, Andrea Fuente, participa en el Congr\u00e9s Internacional de Doc\u00e8ncia Universit\u00e0ria i Innovaci\u00f3 | EUSES- Campus de Bellvitge (Barcelona)<\/title>\n<meta name=\"robots\" content=\"index, follow, max-snippet:-1, max-image-preview:large, max-video-preview:-1\" \/>\n<link rel=\"canonical\" href=\"https:\/\/barcelona.euses.cat\/ca\/la-professora-del-grau-en-fisioterapia-internacional-andrea-fuente-participa-en-el-congres-internacional-de-docencia-universitaria-i-innovacio\/\" \/>\n<meta property=\"og:locale\" content=\"ca_ES\" \/>\n<meta property=\"og:type\" content=\"article\" \/>\n<meta property=\"og:title\" content=\"La professora del Grau en Fisioter\u00e0pia Internacional, Andrea Fuente, participa en el Congr\u00e9s Internacional de Doc\u00e8ncia Universit\u00e0ria i Innovaci\u00f3 | EUSES- Campus de Bellvitge (Barcelona)\" \/>\n<meta property=\"og:description\" content=\"Andrea Fuente, professora del Grau en Fisioter\u00e0pia Internacional ha participat al Congr\u00e9s Internacional de Doc\u00e8ncia Universit\u00e0ria\u00a0 i Innovaci\u00f3, que es va celebrar durant els dies 4, 5 i 6 de juliol al Palau de Congressos de Girona. En aquesta edici\u00f3, amb\u00a0 el t\u00edtol \u201cEspais d\u2019aprenentatge: agents de canvi a la universitat\u201d s\u2019ha abordat la transformaci\u00f3 [&hellip;]\" \/>\n<meta property=\"og:url\" content=\"https:\/\/barcelona.euses.cat\/ca\/la-professora-del-grau-en-fisioterapia-internacional-andrea-fuente-participa-en-el-congres-internacional-de-docencia-universitaria-i-innovacio\/\" \/>\n<meta property=\"og:site_name\" content=\"EUSES- Campus de Bellvitge (Barcelona)\" \/>\n<meta property=\"article:publisher\" content=\"https:\/\/www.facebook.com\/PhysioBCN\/\" \/>\n<meta property=\"article:published_time\" content=\"2018-08-07T09:55:12+00:00\" \/>\n<meta property=\"og:image\" content=\"https:\/\/barcelona.euses.cat\/wp-content\/uploads\/2018\/09\/remm_vo_1200x628_zipzap_sep.jpg\" \/>\n\t<meta property=\"og:image:width\" content=\"342\" \/>\n\t<meta property=\"og:image:height\" content=\"342\" \/>\n\t<meta property=\"og:image:type\" content=\"image\/jpeg\" \/>\n<meta name=\"author\" content=\"neorg\" \/>\n<meta name=\"twitter:card\" content=\"summary_large_image\" \/>\n<meta name=\"twitter:label1\" content=\"Escrit per\" \/>\n\t<meta name=\"twitter:data1\" content=\"neorg\" \/>\n\t<meta name=\"twitter:label2\" content=\"Temps estimat de lectura\" \/>\n\t<meta name=\"twitter:data2\" content=\"1 minut\" \/>\n<script type=\"application\/ld+json\" class=\"yoast-schema-graph\">{\"@context\":\"https:\\\/\\\/schema.org\",\"@graph\":[{\"@type\":\"Article\",\"@id\":\"https:\\\/\\\/barcelona.euses.cat\\\/ca\\\/la-professora-del-grau-en-fisioterapia-internacional-andrea-fuente-participa-en-el-congres-internacional-de-docencia-universitaria-i-innovacio\\\/#article\",\"isPartOf\":{\"@id\":\"https:\\\/\\\/barcelona.euses.cat\\\/ca\\\/la-professora-del-grau-en-fisioterapia-internacional-andrea-fuente-participa-en-el-congres-internacional-de-docencia-universitaria-i-innovacio\\\/\"},\"author\":{\"name\":\"neorg\",\"@id\":\"https:\\\/\\\/barcelona.euses.cat\\\/ca\\\/#\\\/schema\\\/person\\\/c3074ca9d956eacf02e41e2ff78e53ab\"},\"headline\":\"La professora del Grau en Fisioter\u00e0pia Internacional, Andrea Fuente, participa en el Congr\u00e9s Internacional de Doc\u00e8ncia Universit\u00e0ria i Innovaci\u00f3\",\"datePublished\":\"2018-08-07T09:55:12+00:00\",\"mainEntityOfPage\":{\"@id\":\"https:\\\/\\\/barcelona.euses.cat\\\/ca\\\/la-professora-del-grau-en-fisioterapia-internacional-andrea-fuente-participa-en-el-congres-internacional-de-docencia-universitaria-i-innovacio\\\/\"},\"wordCount\":267,\"image\":{\"@id\":\"https:\\\/\\\/barcelona.euses.cat\\\/ca\\\/la-professora-del-grau-en-fisioterapia-internacional-andrea-fuente-participa-en-el-congres-internacional-de-docencia-universitaria-i-innovacio\\\/#primaryimage\"},\"thumbnailUrl\":\"https:\\\/\\\/barcelona.euses.cat\\\/wp-content\\\/uploads\\\/2018\\\/09\\\/remm_vo_1200x628_zipzap_sep.jpg\",\"articleSection\":[\"sense categoria\",\"Uncategorized @ca\"],\"inLanguage\":\"ca\"},{\"@type\":\"WebPage\",\"@id\":\"https:\\\/\\\/barcelona.euses.cat\\\/ca\\\/la-professora-del-grau-en-fisioterapia-internacional-andrea-fuente-participa-en-el-congres-internacional-de-docencia-universitaria-i-innovacio\\\/\",\"url\":\"https:\\\/\\\/barcelona.euses.cat\\\/ca\\\/la-professora-del-grau-en-fisioterapia-internacional-andrea-fuente-participa-en-el-congres-internacional-de-docencia-universitaria-i-innovacio\\\/\",\"name\":\"La professora del Grau en Fisioter\u00e0pia Internacional, Andrea Fuente, participa en el Congr\u00e9s Internacional de Doc\u00e8ncia Universit\u00e0ria i Innovaci\u00f3 | EUSES- Campus de Bellvitge (Barcelona)\",\"isPartOf\":{\"@id\":\"https:\\\/\\\/barcelona.euses.cat\\\/ca\\\/#website\"},\"primaryImageOfPage\":{\"@id\":\"https:\\\/\\\/barcelona.euses.cat\\\/ca\\\/la-professora-del-grau-en-fisioterapia-internacional-andrea-fuente-participa-en-el-congres-internacional-de-docencia-universitaria-i-innovacio\\\/#primaryimage\"},\"image\":{\"@id\":\"https:\\\/\\\/barcelona.euses.cat\\\/ca\\\/la-professora-del-grau-en-fisioterapia-internacional-andrea-fuente-participa-en-el-congres-internacional-de-docencia-universitaria-i-innovacio\\\/#primaryimage\"},\"thumbnailUrl\":\"https:\\\/\\\/barcelona.euses.cat\\\/wp-content\\\/uploads\\\/2018\\\/09\\\/remm_vo_1200x628_zipzap_sep.jpg\",\"datePublished\":\"2018-08-07T09:55:12+00:00\",\"author\":{\"@id\":\"https:\\\/\\\/barcelona.euses.cat\\\/ca\\\/#\\\/schema\\\/person\\\/c3074ca9d956eacf02e41e2ff78e53ab\"},\"breadcrumb\":{\"@id\":\"https:\\\/\\\/barcelona.euses.cat\\\/ca\\\/la-professora-del-grau-en-fisioterapia-internacional-andrea-fuente-participa-en-el-congres-internacional-de-docencia-universitaria-i-innovacio\\\/#breadcrumb\"},\"inLanguage\":\"ca\",\"potentialAction\":[{\"@type\":\"ReadAction\",\"target\":[\"https:\\\/\\\/barcelona.euses.cat\\\/ca\\\/la-professora-del-grau-en-fisioterapia-internacional-andrea-fuente-participa-en-el-congres-internacional-de-docencia-universitaria-i-innovacio\\\/\"]}]},{\"@type\":\"ImageObject\",\"inLanguage\":\"ca\",\"@id\":\"https:\\\/\\\/barcelona.euses.cat\\\/ca\\\/la-professora-del-grau-en-fisioterapia-internacional-andrea-fuente-participa-en-el-congres-internacional-de-docencia-universitaria-i-innovacio\\\/#primaryimage\",\"url\":\"https:\\\/\\\/barcelona.euses.cat\\\/wp-content\\\/uploads\\\/2018\\\/09\\\/remm_vo_1200x628_zipzap_sep.jpg\",\"contentUrl\":\"https:\\\/\\\/barcelona.euses.cat\\\/wp-content\\\/uploads\\\/2018\\\/09\\\/remm_vo_1200x628_zipzap_sep.jpg\",\"width\":342,\"height\":342},{\"@type\":\"BreadcrumbList\",\"@id\":\"https:\\\/\\\/barcelona.euses.cat\\\/ca\\\/la-professora-del-grau-en-fisioterapia-internacional-andrea-fuente-participa-en-el-congres-internacional-de-docencia-universitaria-i-innovacio\\\/#breadcrumb\",\"itemListElement\":[{\"@type\":\"ListItem\",\"position\":1,\"name\":\"Portada\",\"item\":\"https:\\\/\\\/barcelona.euses.cat\\\/ca\\\/\"},{\"@type\":\"ListItem\",\"position\":2,\"name\":\"La professora del Grau en Fisioter\u00e0pia Internacional, Andrea Fuente, participa en el Congr\u00e9s Internacional de Doc\u00e8ncia Universit\u00e0ria i Innovaci\u00f3\"}]},{\"@type\":\"WebSite\",\"@id\":\"https:\\\/\\\/barcelona.euses.cat\\\/ca\\\/#website\",\"url\":\"https:\\\/\\\/barcelona.euses.cat\\\/ca\\\/\",\"name\":\"EUSES - Campus de Bellvitge (Barcelona)\",\"description\":\"EUSES, Escola Universit\u00e0ria de Fisioter\u00e0pia Internacional a Barcelona\",\"potentialAction\":[{\"@type\":\"SearchAction\",\"target\":{\"@type\":\"EntryPoint\",\"urlTemplate\":\"https:\\\/\\\/barcelona.euses.cat\\\/ca\\\/?s={search_term_string}\"},\"query-input\":{\"@type\":\"PropertyValueSpecification\",\"valueRequired\":true,\"valueName\":\"search_term_string\"}}],\"inLanguage\":\"ca\"},{\"@type\":\"Person\",\"@id\":\"https:\\\/\\\/barcelona.euses.cat\\\/ca\\\/#\\\/schema\\\/person\\\/c3074ca9d956eacf02e41e2ff78e53ab\",\"name\":\"neorg\",\"image\":{\"@type\":\"ImageObject\",\"inLanguage\":\"ca\",\"@id\":\"https:\\\/\\\/secure.gravatar.com\\\/avatar\\\/709d3d8015183afa7401c02e2291a538cbfd4ffe62f4d86ce5f4871f22e86b09?s=96&d=mm&r=g\",\"url\":\"https:\\\/\\\/secure.gravatar.com\\\/avatar\\\/709d3d8015183afa7401c02e2291a538cbfd4ffe62f4d86ce5f4871f22e86b09?s=96&d=mm&r=g\",\"contentUrl\":\"https:\\\/\\\/secure.gravatar.com\\\/avatar\\\/709d3d8015183afa7401c02e2291a538cbfd4ffe62f4d86ce5f4871f22e86b09?s=96&d=mm&r=g\",\"caption\":\"neorg\"},\"url\":\"https:\\\/\\\/barcelona.euses.cat\\\/ca\\\/author\\\/neorg\\\/\"}]}<\/script>\n<!-- \/ Yoast SEO plugin. -->","yoast_head_json":{"title":"La professora del Grau en Fisioter\u00e0pia Internacional, Andrea Fuente, participa en el Congr\u00e9s Internacional de Doc\u00e8ncia Universit\u00e0ria i Innovaci\u00f3 | EUSES- Campus de Bellvitge (Barcelona)","robots":{"index":"index","follow":"follow","max-snippet":"max-snippet:-1","max-image-preview":"max-image-preview:large","max-video-preview":"max-video-preview:-1"},"canonical":"https:\/\/barcelona.euses.cat\/ca\/la-professora-del-grau-en-fisioterapia-internacional-andrea-fuente-participa-en-el-congres-internacional-de-docencia-universitaria-i-innovacio\/","og_locale":"ca_ES","og_type":"article","og_title":"La professora del Grau en Fisioter\u00e0pia Internacional, Andrea Fuente, participa en el Congr\u00e9s Internacional de Doc\u00e8ncia Universit\u00e0ria i Innovaci\u00f3 | EUSES- Campus de Bellvitge (Barcelona)","og_description":"Andrea Fuente, professora del Grau en Fisioter\u00e0pia Internacional ha participat al Congr\u00e9s Internacional de Doc\u00e8ncia Universit\u00e0ria\u00a0 i Innovaci\u00f3, que es va celebrar durant els dies 4, 5 i 6 de juliol al Palau de Congressos de Girona. En aquesta edici\u00f3, amb\u00a0 el t\u00edtol \u201cEspais d\u2019aprenentatge: agents de canvi a la universitat\u201d s\u2019ha abordat la transformaci\u00f3 [&hellip;]","og_url":"https:\/\/barcelona.euses.cat\/ca\/la-professora-del-grau-en-fisioterapia-internacional-andrea-fuente-participa-en-el-congres-internacional-de-docencia-universitaria-i-innovacio\/","og_site_name":"EUSES- Campus de Bellvitge (Barcelona)","article_publisher":"https:\/\/www.facebook.com\/PhysioBCN\/","article_published_time":"2018-08-07T09:55:12+00:00","og_image":[{"width":342,"height":342,"url":"https:\/\/barcelona.euses.cat\/wp-content\/uploads\/2018\/09\/remm_vo_1200x628_zipzap_sep.jpg","type":"image\/jpeg"}],"author":"neorg","twitter_card":"summary_large_image","twitter_misc":{"Escrit per":"neorg","Temps estimat de lectura":"1 minut"},"schema":{"@context":"https:\/\/schema.org","@graph":[{"@type":"Article","@id":"https:\/\/barcelona.euses.cat\/ca\/la-professora-del-grau-en-fisioterapia-internacional-andrea-fuente-participa-en-el-congres-internacional-de-docencia-universitaria-i-innovacio\/#article","isPartOf":{"@id":"https:\/\/barcelona.euses.cat\/ca\/la-professora-del-grau-en-fisioterapia-internacional-andrea-fuente-participa-en-el-congres-internacional-de-docencia-universitaria-i-innovacio\/"},"author":{"name":"neorg","@id":"https:\/\/barcelona.euses.cat\/ca\/#\/schema\/person\/c3074ca9d956eacf02e41e2ff78e53ab"},"headline":"La professora del Grau en Fisioter\u00e0pia Internacional, Andrea Fuente, participa en el Congr\u00e9s Internacional de Doc\u00e8ncia Universit\u00e0ria i Innovaci\u00f3","datePublished":"2018-08-07T09:55:12+00:00","mainEntityOfPage":{"@id":"https:\/\/barcelona.euses.cat\/ca\/la-professora-del-grau-en-fisioterapia-internacional-andrea-fuente-participa-en-el-congres-internacional-de-docencia-universitaria-i-innovacio\/"},"wordCount":267,"image":{"@id":"https:\/\/barcelona.euses.cat\/ca\/la-professora-del-grau-en-fisioterapia-internacional-andrea-fuente-participa-en-el-congres-internacional-de-docencia-universitaria-i-innovacio\/#primaryimage"},"thumbnailUrl":"https:\/\/barcelona.euses.cat\/wp-content\/uploads\/2018\/09\/remm_vo_1200x628_zipzap_sep.jpg","articleSection":["sense categoria","Uncategorized @ca"],"inLanguage":"ca"},{"@type":"WebPage","@id":"https:\/\/barcelona.euses.cat\/ca\/la-professora-del-grau-en-fisioterapia-internacional-andrea-fuente-participa-en-el-congres-internacional-de-docencia-universitaria-i-innovacio\/","url":"https:\/\/barcelona.euses.cat\/ca\/la-professora-del-grau-en-fisioterapia-internacional-andrea-fuente-participa-en-el-congres-internacional-de-docencia-universitaria-i-innovacio\/","name":"La professora del Grau en Fisioter\u00e0pia Internacional, Andrea Fuente, participa en el Congr\u00e9s Internacional de Doc\u00e8ncia Universit\u00e0ria i Innovaci\u00f3 | EUSES- Campus de Bellvitge (Barcelona)","isPartOf":{"@id":"https:\/\/barcelona.euses.cat\/ca\/#website"},"primaryImageOfPage":{"@id":"https:\/\/barcelona.euses.cat\/ca\/la-professora-del-grau-en-fisioterapia-internacional-andrea-fuente-participa-en-el-congres-internacional-de-docencia-universitaria-i-innovacio\/#primaryimage"},"image":{"@id":"https:\/\/barcelona.euses.cat\/ca\/la-professora-del-grau-en-fisioterapia-internacional-andrea-fuente-participa-en-el-congres-internacional-de-docencia-universitaria-i-innovacio\/#primaryimage"},"thumbnailUrl":"https:\/\/barcelona.euses.cat\/wp-content\/uploads\/2018\/09\/remm_vo_1200x628_zipzap_sep.jpg","datePublished":"2018-08-07T09:55:12+00:00","author":{"@id":"https:\/\/barcelona.euses.cat\/ca\/#\/schema\/person\/c3074ca9d956eacf02e41e2ff78e53ab"},"breadcrumb":{"@id":"https:\/\/barcelona.euses.cat\/ca\/la-professora-del-grau-en-fisioterapia-internacional-andrea-fuente-participa-en-el-congres-internacional-de-docencia-universitaria-i-innovacio\/#breadcrumb"},"inLanguage":"ca","potentialAction":[{"@type":"ReadAction","target":["https:\/\/barcelona.euses.cat\/ca\/la-professora-del-grau-en-fisioterapia-internacional-andrea-fuente-participa-en-el-congres-internacional-de-docencia-universitaria-i-innovacio\/"]}]},{"@type":"ImageObject","inLanguage":"ca","@id":"https:\/\/barcelona.euses.cat\/ca\/la-professora-del-grau-en-fisioterapia-internacional-andrea-fuente-participa-en-el-congres-internacional-de-docencia-universitaria-i-innovacio\/#primaryimage","url":"https:\/\/barcelona.euses.cat\/wp-content\/uploads\/2018\/09\/remm_vo_1200x628_zipzap_sep.jpg","contentUrl":"https:\/\/barcelona.euses.cat\/wp-content\/uploads\/2018\/09\/remm_vo_1200x628_zipzap_sep.jpg","width":342,"height":342},{"@type":"BreadcrumbList","@id":"https:\/\/barcelona.euses.cat\/ca\/la-professora-del-grau-en-fisioterapia-internacional-andrea-fuente-participa-en-el-congres-internacional-de-docencia-universitaria-i-innovacio\/#breadcrumb","itemListElement":[{"@type":"ListItem","position":1,"name":"Portada","item":"https:\/\/barcelona.euses.cat\/ca\/"},{"@type":"ListItem","position":2,"name":"La professora del Grau en Fisioter\u00e0pia Internacional, Andrea Fuente, participa en el Congr\u00e9s Internacional de Doc\u00e8ncia Universit\u00e0ria i Innovaci\u00f3"}]},{"@type":"WebSite","@id":"https:\/\/barcelona.euses.cat\/ca\/#website","url":"https:\/\/barcelona.euses.cat\/ca\/","name":"EUSES - Campus de Bellvitge (Barcelona)","description":"EUSES, Escola Universit\u00e0ria de Fisioter\u00e0pia Internacional a Barcelona","potentialAction":[{"@type":"SearchAction","target":{"@type":"EntryPoint","urlTemplate":"https:\/\/barcelona.euses.cat\/ca\/?s={search_term_string}"},"query-input":{"@type":"PropertyValueSpecification","valueRequired":true,"valueName":"search_term_string"}}],"inLanguage":"ca"},{"@type":"Person","@id":"https:\/\/barcelona.euses.cat\/ca\/#\/schema\/person\/c3074ca9d956eacf02e41e2ff78e53ab","name":"neorg","image":{"@type":"ImageObject","inLanguage":"ca","@id":"https:\/\/secure.gravatar.com\/avatar\/709d3d8015183afa7401c02e2291a538cbfd4ffe62f4d86ce5f4871f22e86b09?s=96&d=mm&r=g","url":"https:\/\/secure.gravatar.com\/avatar\/709d3d8015183afa7401c02e2291a538cbfd4ffe62f4d86ce5f4871f22e86b09?s=96&d=mm&r=g","contentUrl":"https:\/\/secure.gravatar.com\/avatar\/709d3d8015183afa7401c02e2291a538cbfd4ffe62f4d86ce5f4871f22e86b09?s=96&d=mm&r=g","caption":"neorg"},"url":"https:\/\/barcelona.euses.cat\/ca\/author\/neorg\/"}]}},"_links":{"self":[{"href":"https:\/\/barcelona.euses.cat\/ca\/wp-json\/wp\/v2\/posts\/4969","targetHints":{"allow":["GET"]}}],"collection":[{"href":"https:\/\/barcelona.euses.cat\/ca\/wp-json\/wp\/v2\/posts"}],"about":[{"href":"https:\/\/barcelona.euses.cat\/ca\/wp-json\/wp\/v2\/types\/post"}],"author":[{"embeddable":true,"href":"https:\/\/barcelona.euses.cat\/ca\/wp-json\/wp\/v2\/users\/1"}],"replies":[{"embeddable":true,"href":"https:\/\/barcelona.euses.cat\/ca\/wp-json\/wp\/v2\/comments?post=4969"}],"version-history":[{"count":0,"href":"https:\/\/barcelona.euses.cat\/ca\/wp-json\/wp\/v2\/posts\/4969\/revisions"}],"wp:featuredmedia":[{"embeddable":true,"href":"https:\/\/barcelona.euses.cat\/ca\/wp-json\/wp\/v2\/media\/4970"}],"wp:attachment":[{"href":"https:\/\/barcelona.euses.cat\/ca\/wp-json\/wp\/v2\/media?parent=4969"}],"wp:term":[{"taxonomy":"category","embeddable":true,"href":"https:\/\/barcelona.euses.cat\/ca\/wp-json\/wp\/v2\/categories?post=4969"},{"taxonomy":"post_tag","embeddable":true,"href":"https:\/\/barcelona.euses.cat\/ca\/wp-json\/wp\/v2\/tags?post=4969"}],"curies":[{"name":"wp","href":"https:\/\/api.w.org\/{rel}","templated":true}]}}