{"id":4959,"date":"2018-09-07T12:09:44","date_gmt":"2018-09-07T10:09:44","guid":{"rendered":"http:\/\/physiotherapybarcelona.net\/?p=3930"},"modified":"2018-09-07T12:09:44","modified_gmt":"2018-09-07T10:09:44","slug":"catalunya-la-segona-comunitat-autonoma-amb-mes-fisioterapeutes-en-actiu","status":"publish","type":"post","link":"https:\/\/barcelona.euses.cat\/ca\/catalunya-la-segona-comunitat-autonoma-amb-mes-fisioterapeutes-en-actiu\/","title":{"rendered":"Catalunya, la segona comunitat aut\u00f2noma amb m\u00e9s fisioterapeutes en actiu"},"content":{"rendered":"<p style=\"text-align: justify;\">El Grau en Fisioter\u00e0pia Internacional s\u2019imparteix a Barcelona, la capital d\u2019una de les comunitats aut\u00f2nomes amb un nombre m\u00e9s elevat de professionals. Es tracta d\u2019una ciutat on hi ha una <strong>gran quantitat de cl\u00edniques fisioterap\u00e8utiques<\/strong>, el que facilita que els alumnes puguin realitzar pr\u00e0ctiques acad\u00e8miques i trobar feina una vegada finalitzats els estudis.<\/p>\n<p style=\"text-align: justify;\">Segons dades del \u2018Instituto Nacional de Estad\u00edstica\u2019, Catalunya <strong>compta amb 9.812 fisioterapeutes<\/strong>, un nombre nom\u00e9s superat per Madrid, que en t\u00e9 9.980. Pel que fa a la distribuci\u00f3 per sexes, 3.353 s\u00f3n homes i 6.459 s\u00f3n dones.<\/p>\n<p style=\"text-align: justify;\">Barcelona \u00e9s tamb\u00e9 <strong>la seu del Congr\u00e9s Internacional de Fisioter\u00e0pia (FTP 18<\/strong>), un esdeveniment que reuneix a professionals i investigadors del sector i que s\u2019ha convertit en un punt de trobada i de networking.<\/p>\n<p style=\"text-align: justify;\">A m\u00e9s, <a href=\"https:\/\/barcelona.euses.cat\/ca\/\">El Grau en Fisioter\u00e0pia Internacional<\/a> de l\u2019Escola de Noves Tecnologies Interactives (ENTI-UB) i de l\u2019Escola de la Salut i l\u2019Esport (EUSES-UdG) \u00e9s l\u2019\u00fanic grau que s\u2019imparteix <strong>completament en angl\u00e8s tant a Barcelona com a Catalunya<\/strong>. Per altra banda, un dels altres aspectes destacats del grau \u00e9s la seva metodologia learning by doing, on posar\u00e0s en pr\u00e0ctica els coneixements adquirits a les classes te\u00f2riques, mitjan\u00e7ant simulacions entre els companys o fins i tot amb pacients reals.<\/p>\n<p style=\"text-align: justify;\">Si vols\u00a0contribuir a millorar la salut i la qualitat de vida de les persones i a m\u00e9s aprendre la llengua m\u00e9s important del m\u00f3n, <strong>inclou el grau a les preinscripcions universit\u00e0ries, que tornaran a obrir-se del 19 al 20 de setembre.<\/strong><\/p>\n","protected":false},"excerpt":{"rendered":"<p>El Grau en Fisioter\u00e0pia Internacional s\u2019imparteix a Barcelona, la capital d\u2019una de les comunitats aut\u00f2nomes amb un nombre m\u00e9s elevat de professionals. Es tracta d\u2019una ciutat on hi ha una gran quantitat de cl\u00edniques fisioterap\u00e8utiques, el que facilita que els alumnes puguin realitzar pr\u00e0ctiques acad\u00e8miques i trobar feina una vegada finalitzats els estudis. Segons dades [&hellip;]<\/p>\n","protected":false},"author":1,"featured_media":4960,"comment_status":"closed","ping_status":"closed","sticky":false,"template":"","format":"standard","meta":{"_acf_changed":false,"inline_featured_image":false,"_joinchat":[],"footnotes":""},"categories":[54],"tags":[],"class_list":["post-4959","post","type-post","status-publish","format-standard","has-post-thumbnail","hentry","category-uncategorized-ca"],"acf":[],"yoast_head":"<!-- This site is optimized with the Yoast SEO plugin v27.4 - https:\/\/yoast.com\/product\/yoast-seo-wordpress\/ -->\n<title>Catalunya, la segona comunitat aut\u00f2noma amb m\u00e9s fisioterapeutes en actiu | EUSES- Campus de Bellvitge (Barcelona)<\/title>\n<meta name=\"robots\" content=\"index, follow, max-snippet:-1, max-image-preview:large, max-video-preview:-1\" \/>\n<link rel=\"canonical\" href=\"https:\/\/barcelona.euses.cat\/ca\/catalunya-la-segona-comunitat-autonoma-amb-mes-fisioterapeutes-en-actiu\/\" \/>\n<meta property=\"og:locale\" content=\"ca_ES\" \/>\n<meta property=\"og:type\" content=\"article\" \/>\n<meta property=\"og:title\" content=\"Catalunya, la segona comunitat aut\u00f2noma amb m\u00e9s fisioterapeutes en actiu | EUSES- Campus de Bellvitge (Barcelona)\" \/>\n<meta property=\"og:description\" content=\"El Grau en Fisioter\u00e0pia Internacional s\u2019imparteix a Barcelona, la capital d\u2019una de les comunitats aut\u00f2nomes amb un nombre m\u00e9s elevat de professionals. Es tracta d\u2019una ciutat on hi ha una gran quantitat de cl\u00edniques fisioterap\u00e8utiques, el que facilita que els alumnes puguin realitzar pr\u00e0ctiques acad\u00e8miques i trobar feina una vegada finalitzats els estudis. Segons dades [&hellip;]\" \/>\n<meta property=\"og:url\" content=\"https:\/\/barcelona.euses.cat\/ca\/catalunya-la-segona-comunitat-autonoma-amb-mes-fisioterapeutes-en-actiu\/\" \/>\n<meta property=\"og:site_name\" content=\"EUSES- Campus de Bellvitge (Barcelona)\" \/>\n<meta property=\"article:publisher\" content=\"https:\/\/www.facebook.com\/PhysioBCN\/\" \/>\n<meta property=\"article:published_time\" content=\"2018-09-07T10:09:44+00:00\" \/>\n<meta property=\"og:image\" content=\"https:\/\/barcelona.euses.cat\/wp-content\/uploads\/2018\/09\/remm_vo_1200x628_zipzap_sep-1.jpg\" \/>\n\t<meta property=\"og:image:width\" content=\"758\" \/>\n\t<meta property=\"og:image:height\" content=\"505\" \/>\n\t<meta property=\"og:image:type\" content=\"image\/jpeg\" \/>\n<meta name=\"author\" content=\"neorg\" \/>\n<meta name=\"twitter:card\" content=\"summary_large_image\" \/>\n<meta name=\"twitter:label1\" content=\"Escrit per\" \/>\n\t<meta name=\"twitter:data1\" content=\"neorg\" \/>\n\t<meta name=\"twitter:label2\" content=\"Temps estimat de lectura\" \/>\n\t<meta name=\"twitter:data2\" content=\"1 minut\" \/>\n<script type=\"application\/ld+json\" class=\"yoast-schema-graph\">{\"@context\":\"https:\\\/\\\/schema.org\",\"@graph\":[{\"@type\":\"Article\",\"@id\":\"https:\\\/\\\/barcelona.euses.cat\\\/ca\\\/catalunya-la-segona-comunitat-autonoma-amb-mes-fisioterapeutes-en-actiu\\\/#article\",\"isPartOf\":{\"@id\":\"https:\\\/\\\/barcelona.euses.cat\\\/ca\\\/catalunya-la-segona-comunitat-autonoma-amb-mes-fisioterapeutes-en-actiu\\\/\"},\"author\":{\"name\":\"neorg\",\"@id\":\"https:\\\/\\\/barcelona.euses.cat\\\/ca\\\/#\\\/schema\\\/person\\\/c3074ca9d956eacf02e41e2ff78e53ab\"},\"headline\":\"Catalunya, la segona comunitat aut\u00f2noma amb m\u00e9s fisioterapeutes en actiu\",\"datePublished\":\"2018-09-07T10:09:44+00:00\",\"mainEntityOfPage\":{\"@id\":\"https:\\\/\\\/barcelona.euses.cat\\\/ca\\\/catalunya-la-segona-comunitat-autonoma-amb-mes-fisioterapeutes-en-actiu\\\/\"},\"wordCount\":281,\"image\":{\"@id\":\"https:\\\/\\\/barcelona.euses.cat\\\/ca\\\/catalunya-la-segona-comunitat-autonoma-amb-mes-fisioterapeutes-en-actiu\\\/#primaryimage\"},\"thumbnailUrl\":\"https:\\\/\\\/barcelona.euses.cat\\\/wp-content\\\/uploads\\\/2018\\\/09\\\/remm_vo_1200x628_zipzap_sep-1.jpg\",\"articleSection\":[\"Uncategorized @ca\"],\"inLanguage\":\"ca\"},{\"@type\":\"WebPage\",\"@id\":\"https:\\\/\\\/barcelona.euses.cat\\\/ca\\\/catalunya-la-segona-comunitat-autonoma-amb-mes-fisioterapeutes-en-actiu\\\/\",\"url\":\"https:\\\/\\\/barcelona.euses.cat\\\/ca\\\/catalunya-la-segona-comunitat-autonoma-amb-mes-fisioterapeutes-en-actiu\\\/\",\"name\":\"Catalunya, la segona comunitat aut\u00f2noma amb m\u00e9s fisioterapeutes en actiu | EUSES- Campus de Bellvitge (Barcelona)\",\"isPartOf\":{\"@id\":\"https:\\\/\\\/barcelona.euses.cat\\\/ca\\\/#website\"},\"primaryImageOfPage\":{\"@id\":\"https:\\\/\\\/barcelona.euses.cat\\\/ca\\\/catalunya-la-segona-comunitat-autonoma-amb-mes-fisioterapeutes-en-actiu\\\/#primaryimage\"},\"image\":{\"@id\":\"https:\\\/\\\/barcelona.euses.cat\\\/ca\\\/catalunya-la-segona-comunitat-autonoma-amb-mes-fisioterapeutes-en-actiu\\\/#primaryimage\"},\"thumbnailUrl\":\"https:\\\/\\\/barcelona.euses.cat\\\/wp-content\\\/uploads\\\/2018\\\/09\\\/remm_vo_1200x628_zipzap_sep-1.jpg\",\"datePublished\":\"2018-09-07T10:09:44+00:00\",\"author\":{\"@id\":\"https:\\\/\\\/barcelona.euses.cat\\\/ca\\\/#\\\/schema\\\/person\\\/c3074ca9d956eacf02e41e2ff78e53ab\"},\"breadcrumb\":{\"@id\":\"https:\\\/\\\/barcelona.euses.cat\\\/ca\\\/catalunya-la-segona-comunitat-autonoma-amb-mes-fisioterapeutes-en-actiu\\\/#breadcrumb\"},\"inLanguage\":\"ca\",\"potentialAction\":[{\"@type\":\"ReadAction\",\"target\":[\"https:\\\/\\\/barcelona.euses.cat\\\/ca\\\/catalunya-la-segona-comunitat-autonoma-amb-mes-fisioterapeutes-en-actiu\\\/\"]}]},{\"@type\":\"ImageObject\",\"inLanguage\":\"ca\",\"@id\":\"https:\\\/\\\/barcelona.euses.cat\\\/ca\\\/catalunya-la-segona-comunitat-autonoma-amb-mes-fisioterapeutes-en-actiu\\\/#primaryimage\",\"url\":\"https:\\\/\\\/barcelona.euses.cat\\\/wp-content\\\/uploads\\\/2018\\\/09\\\/remm_vo_1200x628_zipzap_sep-1.jpg\",\"contentUrl\":\"https:\\\/\\\/barcelona.euses.cat\\\/wp-content\\\/uploads\\\/2018\\\/09\\\/remm_vo_1200x628_zipzap_sep-1.jpg\",\"width\":758,\"height\":505},{\"@type\":\"BreadcrumbList\",\"@id\":\"https:\\\/\\\/barcelona.euses.cat\\\/ca\\\/catalunya-la-segona-comunitat-autonoma-amb-mes-fisioterapeutes-en-actiu\\\/#breadcrumb\",\"itemListElement\":[{\"@type\":\"ListItem\",\"position\":1,\"name\":\"Portada\",\"item\":\"https:\\\/\\\/barcelona.euses.cat\\\/ca\\\/\"},{\"@type\":\"ListItem\",\"position\":2,\"name\":\"Catalunya, la segona comunitat aut\u00f2noma amb m\u00e9s fisioterapeutes en actiu\"}]},{\"@type\":\"WebSite\",\"@id\":\"https:\\\/\\\/barcelona.euses.cat\\\/ca\\\/#website\",\"url\":\"https:\\\/\\\/barcelona.euses.cat\\\/ca\\\/\",\"name\":\"EUSES - Campus de Bellvitge (Barcelona)\",\"description\":\"EUSES, Escola Universit\u00e0ria de Fisioter\u00e0pia Internacional a Barcelona\",\"potentialAction\":[{\"@type\":\"SearchAction\",\"target\":{\"@type\":\"EntryPoint\",\"urlTemplate\":\"https:\\\/\\\/barcelona.euses.cat\\\/ca\\\/?s={search_term_string}\"},\"query-input\":{\"@type\":\"PropertyValueSpecification\",\"valueRequired\":true,\"valueName\":\"search_term_string\"}}],\"inLanguage\":\"ca\"},{\"@type\":\"Person\",\"@id\":\"https:\\\/\\\/barcelona.euses.cat\\\/ca\\\/#\\\/schema\\\/person\\\/c3074ca9d956eacf02e41e2ff78e53ab\",\"name\":\"neorg\",\"image\":{\"@type\":\"ImageObject\",\"inLanguage\":\"ca\",\"@id\":\"https:\\\/\\\/secure.gravatar.com\\\/avatar\\\/709d3d8015183afa7401c02e2291a538cbfd4ffe62f4d86ce5f4871f22e86b09?s=96&d=mm&r=g\",\"url\":\"https:\\\/\\\/secure.gravatar.com\\\/avatar\\\/709d3d8015183afa7401c02e2291a538cbfd4ffe62f4d86ce5f4871f22e86b09?s=96&d=mm&r=g\",\"contentUrl\":\"https:\\\/\\\/secure.gravatar.com\\\/avatar\\\/709d3d8015183afa7401c02e2291a538cbfd4ffe62f4d86ce5f4871f22e86b09?s=96&d=mm&r=g\",\"caption\":\"neorg\"},\"url\":\"https:\\\/\\\/barcelona.euses.cat\\\/ca\\\/author\\\/neorg\\\/\"}]}<\/script>\n<!-- \/ Yoast SEO plugin. -->","yoast_head_json":{"title":"Catalunya, la segona comunitat aut\u00f2noma amb m\u00e9s fisioterapeutes en actiu | EUSES- Campus de Bellvitge (Barcelona)","robots":{"index":"index","follow":"follow","max-snippet":"max-snippet:-1","max-image-preview":"max-image-preview:large","max-video-preview":"max-video-preview:-1"},"canonical":"https:\/\/barcelona.euses.cat\/ca\/catalunya-la-segona-comunitat-autonoma-amb-mes-fisioterapeutes-en-actiu\/","og_locale":"ca_ES","og_type":"article","og_title":"Catalunya, la segona comunitat aut\u00f2noma amb m\u00e9s fisioterapeutes en actiu | EUSES- Campus de Bellvitge (Barcelona)","og_description":"El Grau en Fisioter\u00e0pia Internacional s\u2019imparteix a Barcelona, la capital d\u2019una de les comunitats aut\u00f2nomes amb un nombre m\u00e9s elevat de professionals. Es tracta d\u2019una ciutat on hi ha una gran quantitat de cl\u00edniques fisioterap\u00e8utiques, el que facilita que els alumnes puguin realitzar pr\u00e0ctiques acad\u00e8miques i trobar feina una vegada finalitzats els estudis. Segons dades [&hellip;]","og_url":"https:\/\/barcelona.euses.cat\/ca\/catalunya-la-segona-comunitat-autonoma-amb-mes-fisioterapeutes-en-actiu\/","og_site_name":"EUSES- Campus de Bellvitge (Barcelona)","article_publisher":"https:\/\/www.facebook.com\/PhysioBCN\/","article_published_time":"2018-09-07T10:09:44+00:00","og_image":[{"width":758,"height":505,"url":"https:\/\/barcelona.euses.cat\/wp-content\/uploads\/2018\/09\/remm_vo_1200x628_zipzap_sep-1.jpg","type":"image\/jpeg"}],"author":"neorg","twitter_card":"summary_large_image","twitter_misc":{"Escrit per":"neorg","Temps estimat de lectura":"1 minut"},"schema":{"@context":"https:\/\/schema.org","@graph":[{"@type":"Article","@id":"https:\/\/barcelona.euses.cat\/ca\/catalunya-la-segona-comunitat-autonoma-amb-mes-fisioterapeutes-en-actiu\/#article","isPartOf":{"@id":"https:\/\/barcelona.euses.cat\/ca\/catalunya-la-segona-comunitat-autonoma-amb-mes-fisioterapeutes-en-actiu\/"},"author":{"name":"neorg","@id":"https:\/\/barcelona.euses.cat\/ca\/#\/schema\/person\/c3074ca9d956eacf02e41e2ff78e53ab"},"headline":"Catalunya, la segona comunitat aut\u00f2noma amb m\u00e9s fisioterapeutes en actiu","datePublished":"2018-09-07T10:09:44+00:00","mainEntityOfPage":{"@id":"https:\/\/barcelona.euses.cat\/ca\/catalunya-la-segona-comunitat-autonoma-amb-mes-fisioterapeutes-en-actiu\/"},"wordCount":281,"image":{"@id":"https:\/\/barcelona.euses.cat\/ca\/catalunya-la-segona-comunitat-autonoma-amb-mes-fisioterapeutes-en-actiu\/#primaryimage"},"thumbnailUrl":"https:\/\/barcelona.euses.cat\/wp-content\/uploads\/2018\/09\/remm_vo_1200x628_zipzap_sep-1.jpg","articleSection":["Uncategorized @ca"],"inLanguage":"ca"},{"@type":"WebPage","@id":"https:\/\/barcelona.euses.cat\/ca\/catalunya-la-segona-comunitat-autonoma-amb-mes-fisioterapeutes-en-actiu\/","url":"https:\/\/barcelona.euses.cat\/ca\/catalunya-la-segona-comunitat-autonoma-amb-mes-fisioterapeutes-en-actiu\/","name":"Catalunya, la segona comunitat aut\u00f2noma amb m\u00e9s fisioterapeutes en actiu | EUSES- Campus de Bellvitge (Barcelona)","isPartOf":{"@id":"https:\/\/barcelona.euses.cat\/ca\/#website"},"primaryImageOfPage":{"@id":"https:\/\/barcelona.euses.cat\/ca\/catalunya-la-segona-comunitat-autonoma-amb-mes-fisioterapeutes-en-actiu\/#primaryimage"},"image":{"@id":"https:\/\/barcelona.euses.cat\/ca\/catalunya-la-segona-comunitat-autonoma-amb-mes-fisioterapeutes-en-actiu\/#primaryimage"},"thumbnailUrl":"https:\/\/barcelona.euses.cat\/wp-content\/uploads\/2018\/09\/remm_vo_1200x628_zipzap_sep-1.jpg","datePublished":"2018-09-07T10:09:44+00:00","author":{"@id":"https:\/\/barcelona.euses.cat\/ca\/#\/schema\/person\/c3074ca9d956eacf02e41e2ff78e53ab"},"breadcrumb":{"@id":"https:\/\/barcelona.euses.cat\/ca\/catalunya-la-segona-comunitat-autonoma-amb-mes-fisioterapeutes-en-actiu\/#breadcrumb"},"inLanguage":"ca","potentialAction":[{"@type":"ReadAction","target":["https:\/\/barcelona.euses.cat\/ca\/catalunya-la-segona-comunitat-autonoma-amb-mes-fisioterapeutes-en-actiu\/"]}]},{"@type":"ImageObject","inLanguage":"ca","@id":"https:\/\/barcelona.euses.cat\/ca\/catalunya-la-segona-comunitat-autonoma-amb-mes-fisioterapeutes-en-actiu\/#primaryimage","url":"https:\/\/barcelona.euses.cat\/wp-content\/uploads\/2018\/09\/remm_vo_1200x628_zipzap_sep-1.jpg","contentUrl":"https:\/\/barcelona.euses.cat\/wp-content\/uploads\/2018\/09\/remm_vo_1200x628_zipzap_sep-1.jpg","width":758,"height":505},{"@type":"BreadcrumbList","@id":"https:\/\/barcelona.euses.cat\/ca\/catalunya-la-segona-comunitat-autonoma-amb-mes-fisioterapeutes-en-actiu\/#breadcrumb","itemListElement":[{"@type":"ListItem","position":1,"name":"Portada","item":"https:\/\/barcelona.euses.cat\/ca\/"},{"@type":"ListItem","position":2,"name":"Catalunya, la segona comunitat aut\u00f2noma amb m\u00e9s fisioterapeutes en actiu"}]},{"@type":"WebSite","@id":"https:\/\/barcelona.euses.cat\/ca\/#website","url":"https:\/\/barcelona.euses.cat\/ca\/","name":"EUSES - Campus de Bellvitge (Barcelona)","description":"EUSES, Escola Universit\u00e0ria de Fisioter\u00e0pia Internacional a Barcelona","potentialAction":[{"@type":"SearchAction","target":{"@type":"EntryPoint","urlTemplate":"https:\/\/barcelona.euses.cat\/ca\/?s={search_term_string}"},"query-input":{"@type":"PropertyValueSpecification","valueRequired":true,"valueName":"search_term_string"}}],"inLanguage":"ca"},{"@type":"Person","@id":"https:\/\/barcelona.euses.cat\/ca\/#\/schema\/person\/c3074ca9d956eacf02e41e2ff78e53ab","name":"neorg","image":{"@type":"ImageObject","inLanguage":"ca","@id":"https:\/\/secure.gravatar.com\/avatar\/709d3d8015183afa7401c02e2291a538cbfd4ffe62f4d86ce5f4871f22e86b09?s=96&d=mm&r=g","url":"https:\/\/secure.gravatar.com\/avatar\/709d3d8015183afa7401c02e2291a538cbfd4ffe62f4d86ce5f4871f22e86b09?s=96&d=mm&r=g","contentUrl":"https:\/\/secure.gravatar.com\/avatar\/709d3d8015183afa7401c02e2291a538cbfd4ffe62f4d86ce5f4871f22e86b09?s=96&d=mm&r=g","caption":"neorg"},"url":"https:\/\/barcelona.euses.cat\/ca\/author\/neorg\/"}]}},"_links":{"self":[{"href":"https:\/\/barcelona.euses.cat\/ca\/wp-json\/wp\/v2\/posts\/4959","targetHints":{"allow":["GET"]}}],"collection":[{"href":"https:\/\/barcelona.euses.cat\/ca\/wp-json\/wp\/v2\/posts"}],"about":[{"href":"https:\/\/barcelona.euses.cat\/ca\/wp-json\/wp\/v2\/types\/post"}],"author":[{"embeddable":true,"href":"https:\/\/barcelona.euses.cat\/ca\/wp-json\/wp\/v2\/users\/1"}],"replies":[{"embeddable":true,"href":"https:\/\/barcelona.euses.cat\/ca\/wp-json\/wp\/v2\/comments?post=4959"}],"version-history":[{"count":0,"href":"https:\/\/barcelona.euses.cat\/ca\/wp-json\/wp\/v2\/posts\/4959\/revisions"}],"wp:featuredmedia":[{"embeddable":true,"href":"https:\/\/barcelona.euses.cat\/ca\/wp-json\/wp\/v2\/media\/4960"}],"wp:attachment":[{"href":"https:\/\/barcelona.euses.cat\/ca\/wp-json\/wp\/v2\/media?parent=4959"}],"wp:term":[{"taxonomy":"category","embeddable":true,"href":"https:\/\/barcelona.euses.cat\/ca\/wp-json\/wp\/v2\/categories?post=4959"},{"taxonomy":"post_tag","embeddable":true,"href":"https:\/\/barcelona.euses.cat\/ca\/wp-json\/wp\/v2\/tags?post=4959"}],"curies":[{"name":"wp","href":"https:\/\/api.w.org\/{rel}","templated":true}]}}