{"id":4954,"date":"2018-10-05T10:24:20","date_gmt":"2018-10-05T08:24:20","guid":{"rendered":"http:\/\/physiotherapybarcelona.net\/?p=3943"},"modified":"2018-10-05T10:24:20","modified_gmt":"2018-10-05T08:24:20","slug":"un-nou-estudi-academic-demostra-que-lestimulacio-electrica-permet-caminar-als-pacients-amb-paralisis-completa","status":"publish","type":"post","link":"https:\/\/barcelona.euses.cat\/ca\/un-nou-estudi-academic-demostra-que-lestimulacio-electrica-permet-caminar-als-pacients-amb-paralisis-completa\/","title":{"rendered":"Un nou estudi acad\u00e8mic demostra que l&#8217;estimulaci\u00f3 el\u00e8ctrica permet caminar als pacients amb par\u00e0lisis completa"},"content":{"rendered":"<p style=\"text-align: justify;\">Un pacient que pateix una par\u00e0lisi completa de les seves extremitats inferiors ha aconseguit caminar de manera independent, gr\u00e0cies a un <strong>llarg proc\u00e9s de rehabilitaci\u00f3 fisioterap\u00e8utic i a un implant d&#8217;estimulaci\u00f3 electr\u00f2nica<\/strong>, segons una recerca publicada <a href=\"https:\/\/www.nature.com\/articles\/s41591-018-0175-7\">a la revista Nature.<\/a><\/p>\n<p style=\"text-align: justify;\">Jered Chinnock es va quedar parapl\u00e8gic el 2013, despr\u00e9s de patir un accident amb una moto de neu que va afectar la seva medul\u00b7la espinal. Durant 43 setmanes, se li va implantar un dispositiu d&#8217;estimulaci\u00f3 espinal el\u00e8ctrica i va ser sotm\u00e8s a una <strong>rehabilitaci\u00f3 espec\u00edfica.<\/strong><\/p>\n<p style=\"text-align: justify;\">Els investigadors, de la Cl\u00ednica de Mayo de Minnesota (EUA), van descobrir que el pacient va ser capa\u00e7 de realitzar una contracci\u00f3 intencional dels m\u00fasculs de la cama al final del tractament, <strong>aconseguint la gesta de caminar uns 100 metres<\/strong>, caminant amb les dues cames ajudat per un caminador.<\/p>\n<p style=\"text-align: justify;\">Ara, l&#8217;objectiu \u00e9s esbrinar com <strong>les t\u00e8cniques de rehabilitaci\u00f3 interactuen amb les d&#8217;estimulaci\u00f3 el\u00e8ctrica<\/strong> per recuperar les funcions motores danyades i per saber si es pot aplicar a un altre tipus de lesions.<\/p>\n<p style=\"text-align: justify;\">Una vegada m\u00e9s, <strong>els avan\u00e7os tecnol\u00f2gics es poden aplicar amb \u00e8xit als tractaments fisioterap\u00e8utics<\/strong>, aconseguint resultats realment sorprenents. <a href=\"https:\/\/barcelona.euses.cat\/es\/fisioterapia-internacional\/\">El Grau en Fisioter\u00e0pia Internacional<\/a>, a m\u00e9s de ser l&#8217;\u00fanic grau universitari impartit completament en angl\u00e8s a Barcelona, incorpora les noves tecnologies i els avantatges de la gamificaci\u00f3.<\/p>\n<p style=\"text-align: justify;\">L&#8217;Escola de Noves Tecnologies Interactives (ENTI-UB) imparteix conjuntament amb EUSES-UdG el Grau, i incorpora en el pla d&#8217;estudis <strong>assignatures espec\u00edfiques de noves tecnologies.<\/strong><strong><br \/>\n<\/strong><\/p>\n","protected":false},"excerpt":{"rendered":"<p>Un pacient que pateix una par\u00e0lisi completa de les seves extremitats inferiors ha aconseguit caminar de manera independent, gr\u00e0cies a un llarg proc\u00e9s de rehabilitaci\u00f3 fisioterap\u00e8utic i a un implant d&#8217;estimulaci\u00f3 electr\u00f2nica, segons una recerca publicada a la revista Nature. Jered Chinnock es va quedar parapl\u00e8gic el 2013, despr\u00e9s de patir un accident amb una [&hellip;]<\/p>\n","protected":false},"author":1,"featured_media":4955,"comment_status":"closed","ping_status":"closed","sticky":false,"template":"","format":"standard","meta":{"_acf_changed":false,"inline_featured_image":false,"_joinchat":[],"footnotes":""},"categories":[46,54],"tags":[],"class_list":["post-4954","post","type-post","status-publish","format-standard","has-post-thumbnail","hentry","category-sense-categoria","category-uncategorized-ca"],"acf":[],"yoast_head":"<!-- This site is optimized with the Yoast SEO plugin v27.4 - https:\/\/yoast.com\/product\/yoast-seo-wordpress\/ -->\n<title>Un nou estudi acad\u00e8mic demostra que l&#039;estimulaci\u00f3 el\u00e8ctrica permet caminar als pacients amb par\u00e0lisis completa | EUSES- Campus de Bellvitge (Barcelona)<\/title>\n<meta name=\"robots\" content=\"index, follow, max-snippet:-1, max-image-preview:large, max-video-preview:-1\" \/>\n<link rel=\"canonical\" href=\"https:\/\/barcelona.euses.cat\/ca\/un-nou-estudi-academic-demostra-que-lestimulacio-electrica-permet-caminar-als-pacients-amb-paralisis-completa\/\" \/>\n<meta property=\"og:locale\" content=\"ca_ES\" \/>\n<meta property=\"og:type\" content=\"article\" \/>\n<meta property=\"og:title\" content=\"Un nou estudi acad\u00e8mic demostra que l&#039;estimulaci\u00f3 el\u00e8ctrica permet caminar als pacients amb par\u00e0lisis completa | EUSES- Campus de Bellvitge (Barcelona)\" \/>\n<meta property=\"og:description\" content=\"Un pacient que pateix una par\u00e0lisi completa de les seves extremitats inferiors ha aconseguit caminar de manera independent, gr\u00e0cies a un llarg proc\u00e9s de rehabilitaci\u00f3 fisioterap\u00e8utic i a un implant d&#8217;estimulaci\u00f3 electr\u00f2nica, segons una recerca publicada a la revista Nature. Jered Chinnock es va quedar parapl\u00e8gic el 2013, despr\u00e9s de patir un accident amb una [&hellip;]\" \/>\n<meta property=\"og:url\" content=\"https:\/\/barcelona.euses.cat\/ca\/un-nou-estudi-academic-demostra-que-lestimulacio-electrica-permet-caminar-als-pacients-amb-paralisis-completa\/\" \/>\n<meta property=\"og:site_name\" content=\"EUSES- Campus de Bellvitge (Barcelona)\" \/>\n<meta property=\"article:publisher\" content=\"https:\/\/www.facebook.com\/PhysioBCN\/\" \/>\n<meta property=\"article:published_time\" content=\"2018-10-05T08:24:20+00:00\" \/>\n<meta property=\"og:image\" content=\"https:\/\/barcelona.euses.cat\/wp-content\/uploads\/2018\/10\/l.jpg\" \/>\n\t<meta property=\"og:image:width\" content=\"620\" \/>\n\t<meta property=\"og:image:height\" content=\"349\" \/>\n\t<meta property=\"og:image:type\" content=\"image\/jpeg\" \/>\n<meta name=\"author\" content=\"neorg\" \/>\n<meta name=\"twitter:card\" content=\"summary_large_image\" \/>\n<meta name=\"twitter:label1\" content=\"Escrit per\" \/>\n\t<meta name=\"twitter:data1\" content=\"neorg\" \/>\n\t<meta name=\"twitter:label2\" content=\"Temps estimat de lectura\" \/>\n\t<meta name=\"twitter:data2\" content=\"1 minut\" \/>\n<script type=\"application\/ld+json\" class=\"yoast-schema-graph\">{\"@context\":\"https:\\\/\\\/schema.org\",\"@graph\":[{\"@type\":\"Article\",\"@id\":\"https:\\\/\\\/barcelona.euses.cat\\\/ca\\\/un-nou-estudi-academic-demostra-que-lestimulacio-electrica-permet-caminar-als-pacients-amb-paralisis-completa\\\/#article\",\"isPartOf\":{\"@id\":\"https:\\\/\\\/barcelona.euses.cat\\\/ca\\\/un-nou-estudi-academic-demostra-que-lestimulacio-electrica-permet-caminar-als-pacients-amb-paralisis-completa\\\/\"},\"author\":{\"name\":\"neorg\",\"@id\":\"https:\\\/\\\/barcelona.euses.cat\\\/ca\\\/#\\\/schema\\\/person\\\/c3074ca9d956eacf02e41e2ff78e53ab\"},\"headline\":\"Un nou estudi acad\u00e8mic demostra que l&#8217;estimulaci\u00f3 el\u00e8ctrica permet caminar als pacients amb par\u00e0lisis completa\",\"datePublished\":\"2018-10-05T08:24:20+00:00\",\"mainEntityOfPage\":{\"@id\":\"https:\\\/\\\/barcelona.euses.cat\\\/ca\\\/un-nou-estudi-academic-demostra-que-lestimulacio-electrica-permet-caminar-als-pacients-amb-paralisis-completa\\\/\"},\"wordCount\":282,\"image\":{\"@id\":\"https:\\\/\\\/barcelona.euses.cat\\\/ca\\\/un-nou-estudi-academic-demostra-que-lestimulacio-electrica-permet-caminar-als-pacients-amb-paralisis-completa\\\/#primaryimage\"},\"thumbnailUrl\":\"https:\\\/\\\/barcelona.euses.cat\\\/wp-content\\\/uploads\\\/2018\\\/10\\\/l.jpg\",\"articleSection\":[\"sense categoria\",\"Uncategorized @ca\"],\"inLanguage\":\"ca\"},{\"@type\":\"WebPage\",\"@id\":\"https:\\\/\\\/barcelona.euses.cat\\\/ca\\\/un-nou-estudi-academic-demostra-que-lestimulacio-electrica-permet-caminar-als-pacients-amb-paralisis-completa\\\/\",\"url\":\"https:\\\/\\\/barcelona.euses.cat\\\/ca\\\/un-nou-estudi-academic-demostra-que-lestimulacio-electrica-permet-caminar-als-pacients-amb-paralisis-completa\\\/\",\"name\":\"Un nou estudi acad\u00e8mic demostra que l'estimulaci\u00f3 el\u00e8ctrica permet caminar als pacients amb par\u00e0lisis completa | EUSES- Campus de Bellvitge (Barcelona)\",\"isPartOf\":{\"@id\":\"https:\\\/\\\/barcelona.euses.cat\\\/ca\\\/#website\"},\"primaryImageOfPage\":{\"@id\":\"https:\\\/\\\/barcelona.euses.cat\\\/ca\\\/un-nou-estudi-academic-demostra-que-lestimulacio-electrica-permet-caminar-als-pacients-amb-paralisis-completa\\\/#primaryimage\"},\"image\":{\"@id\":\"https:\\\/\\\/barcelona.euses.cat\\\/ca\\\/un-nou-estudi-academic-demostra-que-lestimulacio-electrica-permet-caminar-als-pacients-amb-paralisis-completa\\\/#primaryimage\"},\"thumbnailUrl\":\"https:\\\/\\\/barcelona.euses.cat\\\/wp-content\\\/uploads\\\/2018\\\/10\\\/l.jpg\",\"datePublished\":\"2018-10-05T08:24:20+00:00\",\"author\":{\"@id\":\"https:\\\/\\\/barcelona.euses.cat\\\/ca\\\/#\\\/schema\\\/person\\\/c3074ca9d956eacf02e41e2ff78e53ab\"},\"breadcrumb\":{\"@id\":\"https:\\\/\\\/barcelona.euses.cat\\\/ca\\\/un-nou-estudi-academic-demostra-que-lestimulacio-electrica-permet-caminar-als-pacients-amb-paralisis-completa\\\/#breadcrumb\"},\"inLanguage\":\"ca\",\"potentialAction\":[{\"@type\":\"ReadAction\",\"target\":[\"https:\\\/\\\/barcelona.euses.cat\\\/ca\\\/un-nou-estudi-academic-demostra-que-lestimulacio-electrica-permet-caminar-als-pacients-amb-paralisis-completa\\\/\"]}]},{\"@type\":\"ImageObject\",\"inLanguage\":\"ca\",\"@id\":\"https:\\\/\\\/barcelona.euses.cat\\\/ca\\\/un-nou-estudi-academic-demostra-que-lestimulacio-electrica-permet-caminar-als-pacients-amb-paralisis-completa\\\/#primaryimage\",\"url\":\"https:\\\/\\\/barcelona.euses.cat\\\/wp-content\\\/uploads\\\/2018\\\/10\\\/l.jpg\",\"contentUrl\":\"https:\\\/\\\/barcelona.euses.cat\\\/wp-content\\\/uploads\\\/2018\\\/10\\\/l.jpg\",\"width\":620,\"height\":349},{\"@type\":\"BreadcrumbList\",\"@id\":\"https:\\\/\\\/barcelona.euses.cat\\\/ca\\\/un-nou-estudi-academic-demostra-que-lestimulacio-electrica-permet-caminar-als-pacients-amb-paralisis-completa\\\/#breadcrumb\",\"itemListElement\":[{\"@type\":\"ListItem\",\"position\":1,\"name\":\"Portada\",\"item\":\"https:\\\/\\\/barcelona.euses.cat\\\/ca\\\/\"},{\"@type\":\"ListItem\",\"position\":2,\"name\":\"Un nou estudi acad\u00e8mic demostra que l&#8217;estimulaci\u00f3 el\u00e8ctrica permet caminar als pacients amb par\u00e0lisis completa\"}]},{\"@type\":\"WebSite\",\"@id\":\"https:\\\/\\\/barcelona.euses.cat\\\/ca\\\/#website\",\"url\":\"https:\\\/\\\/barcelona.euses.cat\\\/ca\\\/\",\"name\":\"EUSES - Campus de Bellvitge (Barcelona)\",\"description\":\"EUSES, Escola Universit\u00e0ria de Fisioter\u00e0pia Internacional a Barcelona\",\"potentialAction\":[{\"@type\":\"SearchAction\",\"target\":{\"@type\":\"EntryPoint\",\"urlTemplate\":\"https:\\\/\\\/barcelona.euses.cat\\\/ca\\\/?s={search_term_string}\"},\"query-input\":{\"@type\":\"PropertyValueSpecification\",\"valueRequired\":true,\"valueName\":\"search_term_string\"}}],\"inLanguage\":\"ca\"},{\"@type\":\"Person\",\"@id\":\"https:\\\/\\\/barcelona.euses.cat\\\/ca\\\/#\\\/schema\\\/person\\\/c3074ca9d956eacf02e41e2ff78e53ab\",\"name\":\"neorg\",\"image\":{\"@type\":\"ImageObject\",\"inLanguage\":\"ca\",\"@id\":\"https:\\\/\\\/secure.gravatar.com\\\/avatar\\\/709d3d8015183afa7401c02e2291a538cbfd4ffe62f4d86ce5f4871f22e86b09?s=96&d=mm&r=g\",\"url\":\"https:\\\/\\\/secure.gravatar.com\\\/avatar\\\/709d3d8015183afa7401c02e2291a538cbfd4ffe62f4d86ce5f4871f22e86b09?s=96&d=mm&r=g\",\"contentUrl\":\"https:\\\/\\\/secure.gravatar.com\\\/avatar\\\/709d3d8015183afa7401c02e2291a538cbfd4ffe62f4d86ce5f4871f22e86b09?s=96&d=mm&r=g\",\"caption\":\"neorg\"},\"url\":\"https:\\\/\\\/barcelona.euses.cat\\\/ca\\\/author\\\/neorg\\\/\"}]}<\/script>\n<!-- \/ Yoast SEO plugin. -->","yoast_head_json":{"title":"Un nou estudi acad\u00e8mic demostra que l'estimulaci\u00f3 el\u00e8ctrica permet caminar als pacients amb par\u00e0lisis completa | EUSES- Campus de Bellvitge (Barcelona)","robots":{"index":"index","follow":"follow","max-snippet":"max-snippet:-1","max-image-preview":"max-image-preview:large","max-video-preview":"max-video-preview:-1"},"canonical":"https:\/\/barcelona.euses.cat\/ca\/un-nou-estudi-academic-demostra-que-lestimulacio-electrica-permet-caminar-als-pacients-amb-paralisis-completa\/","og_locale":"ca_ES","og_type":"article","og_title":"Un nou estudi acad\u00e8mic demostra que l'estimulaci\u00f3 el\u00e8ctrica permet caminar als pacients amb par\u00e0lisis completa | EUSES- Campus de Bellvitge (Barcelona)","og_description":"Un pacient que pateix una par\u00e0lisi completa de les seves extremitats inferiors ha aconseguit caminar de manera independent, gr\u00e0cies a un llarg proc\u00e9s de rehabilitaci\u00f3 fisioterap\u00e8utic i a un implant d&#8217;estimulaci\u00f3 electr\u00f2nica, segons una recerca publicada a la revista Nature. Jered Chinnock es va quedar parapl\u00e8gic el 2013, despr\u00e9s de patir un accident amb una [&hellip;]","og_url":"https:\/\/barcelona.euses.cat\/ca\/un-nou-estudi-academic-demostra-que-lestimulacio-electrica-permet-caminar-als-pacients-amb-paralisis-completa\/","og_site_name":"EUSES- Campus de Bellvitge (Barcelona)","article_publisher":"https:\/\/www.facebook.com\/PhysioBCN\/","article_published_time":"2018-10-05T08:24:20+00:00","og_image":[{"width":620,"height":349,"url":"https:\/\/barcelona.euses.cat\/wp-content\/uploads\/2018\/10\/l.jpg","type":"image\/jpeg"}],"author":"neorg","twitter_card":"summary_large_image","twitter_misc":{"Escrit per":"neorg","Temps estimat de lectura":"1 minut"},"schema":{"@context":"https:\/\/schema.org","@graph":[{"@type":"Article","@id":"https:\/\/barcelona.euses.cat\/ca\/un-nou-estudi-academic-demostra-que-lestimulacio-electrica-permet-caminar-als-pacients-amb-paralisis-completa\/#article","isPartOf":{"@id":"https:\/\/barcelona.euses.cat\/ca\/un-nou-estudi-academic-demostra-que-lestimulacio-electrica-permet-caminar-als-pacients-amb-paralisis-completa\/"},"author":{"name":"neorg","@id":"https:\/\/barcelona.euses.cat\/ca\/#\/schema\/person\/c3074ca9d956eacf02e41e2ff78e53ab"},"headline":"Un nou estudi acad\u00e8mic demostra que l&#8217;estimulaci\u00f3 el\u00e8ctrica permet caminar als pacients amb par\u00e0lisis completa","datePublished":"2018-10-05T08:24:20+00:00","mainEntityOfPage":{"@id":"https:\/\/barcelona.euses.cat\/ca\/un-nou-estudi-academic-demostra-que-lestimulacio-electrica-permet-caminar-als-pacients-amb-paralisis-completa\/"},"wordCount":282,"image":{"@id":"https:\/\/barcelona.euses.cat\/ca\/un-nou-estudi-academic-demostra-que-lestimulacio-electrica-permet-caminar-als-pacients-amb-paralisis-completa\/#primaryimage"},"thumbnailUrl":"https:\/\/barcelona.euses.cat\/wp-content\/uploads\/2018\/10\/l.jpg","articleSection":["sense categoria","Uncategorized @ca"],"inLanguage":"ca"},{"@type":"WebPage","@id":"https:\/\/barcelona.euses.cat\/ca\/un-nou-estudi-academic-demostra-que-lestimulacio-electrica-permet-caminar-als-pacients-amb-paralisis-completa\/","url":"https:\/\/barcelona.euses.cat\/ca\/un-nou-estudi-academic-demostra-que-lestimulacio-electrica-permet-caminar-als-pacients-amb-paralisis-completa\/","name":"Un nou estudi acad\u00e8mic demostra que l'estimulaci\u00f3 el\u00e8ctrica permet caminar als pacients amb par\u00e0lisis completa | EUSES- Campus de Bellvitge (Barcelona)","isPartOf":{"@id":"https:\/\/barcelona.euses.cat\/ca\/#website"},"primaryImageOfPage":{"@id":"https:\/\/barcelona.euses.cat\/ca\/un-nou-estudi-academic-demostra-que-lestimulacio-electrica-permet-caminar-als-pacients-amb-paralisis-completa\/#primaryimage"},"image":{"@id":"https:\/\/barcelona.euses.cat\/ca\/un-nou-estudi-academic-demostra-que-lestimulacio-electrica-permet-caminar-als-pacients-amb-paralisis-completa\/#primaryimage"},"thumbnailUrl":"https:\/\/barcelona.euses.cat\/wp-content\/uploads\/2018\/10\/l.jpg","datePublished":"2018-10-05T08:24:20+00:00","author":{"@id":"https:\/\/barcelona.euses.cat\/ca\/#\/schema\/person\/c3074ca9d956eacf02e41e2ff78e53ab"},"breadcrumb":{"@id":"https:\/\/barcelona.euses.cat\/ca\/un-nou-estudi-academic-demostra-que-lestimulacio-electrica-permet-caminar-als-pacients-amb-paralisis-completa\/#breadcrumb"},"inLanguage":"ca","potentialAction":[{"@type":"ReadAction","target":["https:\/\/barcelona.euses.cat\/ca\/un-nou-estudi-academic-demostra-que-lestimulacio-electrica-permet-caminar-als-pacients-amb-paralisis-completa\/"]}]},{"@type":"ImageObject","inLanguage":"ca","@id":"https:\/\/barcelona.euses.cat\/ca\/un-nou-estudi-academic-demostra-que-lestimulacio-electrica-permet-caminar-als-pacients-amb-paralisis-completa\/#primaryimage","url":"https:\/\/barcelona.euses.cat\/wp-content\/uploads\/2018\/10\/l.jpg","contentUrl":"https:\/\/barcelona.euses.cat\/wp-content\/uploads\/2018\/10\/l.jpg","width":620,"height":349},{"@type":"BreadcrumbList","@id":"https:\/\/barcelona.euses.cat\/ca\/un-nou-estudi-academic-demostra-que-lestimulacio-electrica-permet-caminar-als-pacients-amb-paralisis-completa\/#breadcrumb","itemListElement":[{"@type":"ListItem","position":1,"name":"Portada","item":"https:\/\/barcelona.euses.cat\/ca\/"},{"@type":"ListItem","position":2,"name":"Un nou estudi acad\u00e8mic demostra que l&#8217;estimulaci\u00f3 el\u00e8ctrica permet caminar als pacients amb par\u00e0lisis completa"}]},{"@type":"WebSite","@id":"https:\/\/barcelona.euses.cat\/ca\/#website","url":"https:\/\/barcelona.euses.cat\/ca\/","name":"EUSES - Campus de Bellvitge (Barcelona)","description":"EUSES, Escola Universit\u00e0ria de Fisioter\u00e0pia Internacional a Barcelona","potentialAction":[{"@type":"SearchAction","target":{"@type":"EntryPoint","urlTemplate":"https:\/\/barcelona.euses.cat\/ca\/?s={search_term_string}"},"query-input":{"@type":"PropertyValueSpecification","valueRequired":true,"valueName":"search_term_string"}}],"inLanguage":"ca"},{"@type":"Person","@id":"https:\/\/barcelona.euses.cat\/ca\/#\/schema\/person\/c3074ca9d956eacf02e41e2ff78e53ab","name":"neorg","image":{"@type":"ImageObject","inLanguage":"ca","@id":"https:\/\/secure.gravatar.com\/avatar\/709d3d8015183afa7401c02e2291a538cbfd4ffe62f4d86ce5f4871f22e86b09?s=96&d=mm&r=g","url":"https:\/\/secure.gravatar.com\/avatar\/709d3d8015183afa7401c02e2291a538cbfd4ffe62f4d86ce5f4871f22e86b09?s=96&d=mm&r=g","contentUrl":"https:\/\/secure.gravatar.com\/avatar\/709d3d8015183afa7401c02e2291a538cbfd4ffe62f4d86ce5f4871f22e86b09?s=96&d=mm&r=g","caption":"neorg"},"url":"https:\/\/barcelona.euses.cat\/ca\/author\/neorg\/"}]}},"_links":{"self":[{"href":"https:\/\/barcelona.euses.cat\/ca\/wp-json\/wp\/v2\/posts\/4954","targetHints":{"allow":["GET"]}}],"collection":[{"href":"https:\/\/barcelona.euses.cat\/ca\/wp-json\/wp\/v2\/posts"}],"about":[{"href":"https:\/\/barcelona.euses.cat\/ca\/wp-json\/wp\/v2\/types\/post"}],"author":[{"embeddable":true,"href":"https:\/\/barcelona.euses.cat\/ca\/wp-json\/wp\/v2\/users\/1"}],"replies":[{"embeddable":true,"href":"https:\/\/barcelona.euses.cat\/ca\/wp-json\/wp\/v2\/comments?post=4954"}],"version-history":[{"count":0,"href":"https:\/\/barcelona.euses.cat\/ca\/wp-json\/wp\/v2\/posts\/4954\/revisions"}],"wp:featuredmedia":[{"embeddable":true,"href":"https:\/\/barcelona.euses.cat\/ca\/wp-json\/wp\/v2\/media\/4955"}],"wp:attachment":[{"href":"https:\/\/barcelona.euses.cat\/ca\/wp-json\/wp\/v2\/media?parent=4954"}],"wp:term":[{"taxonomy":"category","embeddable":true,"href":"https:\/\/barcelona.euses.cat\/ca\/wp-json\/wp\/v2\/categories?post=4954"},{"taxonomy":"post_tag","embeddable":true,"href":"https:\/\/barcelona.euses.cat\/ca\/wp-json\/wp\/v2\/tags?post=4954"}],"curies":[{"name":"wp","href":"https:\/\/api.w.org\/{rel}","templated":true}]}}