{"id":4934,"date":"2018-11-08T12:11:25","date_gmt":"2018-11-08T11:11:25","guid":{"rendered":"http:\/\/physiotherapybarcelona.net\/?p=3990"},"modified":"2018-11-08T12:11:25","modified_gmt":"2018-11-08T11:11:25","slug":"la-realitat-virtual-i-augmentada-aplicada-a-la-fisioterapia","status":"publish","type":"post","link":"https:\/\/barcelona.euses.cat\/ca\/la-realitat-virtual-i-augmentada-aplicada-a-la-fisioterapia\/","title":{"rendered":"La Realitat Virtual i Augmentada aplicada a la fisioter\u00e0pia"},"content":{"rendered":"<p style=\"text-align: justify;\">Una de les tecnologies que ja est\u00e0 transformant la manera que tenim d\u2019entendre l\u2019atenci\u00f3 fisioterap\u00e8utica \u00e9s la realitat virtual (RV), <strong>la simulaci\u00f3 d\u2019un entorn real a trav\u00e9s d\u2019un ordinador,<\/strong> de tal manera que l\u2019usuari pot interaccionar de manera activa amb l\u2019entorn fictici.<\/p>\n<p style=\"text-align: justify;\">Aquesta eina \u00e9s especialment \u00fatil pels fisioterapeutes perqu\u00e8 permeten simular un entorn real \u2018<strong>seleccionant\u2019 els criteris desitjats per un entrenament funcional<\/strong>, tenint en compte les caracter\u00edstiques del pacient.\u00a0 \u00c9s un element molt important pel que fa a la individualitzaci\u00f3 dels tractaments<\/p>\n<p style=\"text-align: justify;\">A m\u00e9s a m\u00e9s, la realitat virtual permet generar multitud d\u2019est\u00edmuls gr\u00e0cies a la facilitat d\u2019adaptaci\u00f3 de l\u2019entorn virtual. D\u2019aquesta manera \u00e9s molt m\u00e9s f\u00e0cil que <strong>els pacients se sentin motivats<\/strong> a l\u2019hora de realitzar els tractaments.<\/p>\n<p style=\"text-align: justify;\">En definitiva es tracta d\u2019una ter\u00e0pia adaptable a les <strong>caracter\u00edstiques de cada individu<\/strong> que t\u00e9 la capacitat d\u2019incorporar aspectes b\u00e0sics de neruplasticitat com la repetici\u00f3, la intensitat i l\u2019entrenament orientat a activitats espec\u00edfiques<\/p>\n<p style=\"text-align: justify;\"><a href=\"https:\/\/barcelona.euses.cat\/\">El Grau en Fisioter\u00e0pia Internacional<\/a> est\u00e0 impartit conjuntament per\u00a0EUSES-UdG, la Universitat de la Salut i l\u2019Esport i\u00a0ENTI-UB, la Universitat del Videojoc i dels\u00a0Serious\u00a0Games. La simbiosi entre\u00a0EUSES\u00a0i\u00a0ENTI\u00a0permet als estudiants adquirir coneixements de la suma de les dues branques:<strong>\u00a0noves tecnologies i fisioter\u00e0pia, aporta a l\u2019estudiant un plus en el desenvolupament d\u2019eines tecnol\u00f2giques aplicades al sector de la salut o la utilitzaci\u00f3 de la realitat virtual per innovar en els tractaments.<\/strong><\/p>\n<p style=\"text-align: justify;\"><strong>\u00c9s a l\u2019assignatura optativa \u2018Realitat Virtual i Augmentada en Fisioter\u00e0pia\u2019 on els alumnes poden aprendre a utilitzar aquesta tecnologia en la salut.<\/strong><strong><br \/>\n<\/strong><\/p>\n","protected":false},"excerpt":{"rendered":"<p>Una de les tecnologies que ja est\u00e0 transformant la manera que tenim d\u2019entendre l\u2019atenci\u00f3 fisioterap\u00e8utica \u00e9s la realitat virtual (RV), la simulaci\u00f3 d\u2019un entorn real a trav\u00e9s d\u2019un ordinador, de tal manera que l\u2019usuari pot interaccionar de manera activa amb l\u2019entorn fictici. Aquesta eina \u00e9s especialment \u00fatil pels fisioterapeutes perqu\u00e8 permeten simular un entorn real [&hellip;]<\/p>\n","protected":false},"author":1,"featured_media":4935,"comment_status":"closed","ping_status":"closed","sticky":false,"template":"","format":"standard","meta":{"_acf_changed":false,"inline_featured_image":false,"_joinchat":[],"footnotes":""},"categories":[46,54],"tags":[45],"class_list":["post-4934","post","type-post","status-publish","format-standard","has-post-thumbnail","hentry","category-sense-categoria","category-uncategorized-ca","tag-catala"],"acf":[],"yoast_head":"<!-- This site is optimized with the Yoast SEO plugin v27.4 - https:\/\/yoast.com\/product\/yoast-seo-wordpress\/ -->\n<title>La Realitat Virtual i Augmentada aplicada a la fisioter\u00e0pia | EUSES- Campus de Bellvitge (Barcelona)<\/title>\n<meta name=\"robots\" content=\"index, follow, max-snippet:-1, max-image-preview:large, max-video-preview:-1\" \/>\n<link rel=\"canonical\" href=\"https:\/\/barcelona.euses.cat\/ca\/la-realitat-virtual-i-augmentada-aplicada-a-la-fisioterapia\/\" \/>\n<meta property=\"og:locale\" content=\"ca_ES\" \/>\n<meta property=\"og:type\" content=\"article\" \/>\n<meta property=\"og:title\" content=\"La Realitat Virtual i Augmentada aplicada a la fisioter\u00e0pia | EUSES- Campus de Bellvitge (Barcelona)\" \/>\n<meta property=\"og:description\" content=\"Una de les tecnologies que ja est\u00e0 transformant la manera que tenim d\u2019entendre l\u2019atenci\u00f3 fisioterap\u00e8utica \u00e9s la realitat virtual (RV), la simulaci\u00f3 d\u2019un entorn real a trav\u00e9s d\u2019un ordinador, de tal manera que l\u2019usuari pot interaccionar de manera activa amb l\u2019entorn fictici. Aquesta eina \u00e9s especialment \u00fatil pels fisioterapeutes perqu\u00e8 permeten simular un entorn real [&hellip;]\" \/>\n<meta property=\"og:url\" content=\"https:\/\/barcelona.euses.cat\/ca\/la-realitat-virtual-i-augmentada-aplicada-a-la-fisioterapia\/\" \/>\n<meta property=\"og:site_name\" content=\"EUSES- Campus de Bellvitge (Barcelona)\" \/>\n<meta property=\"article:publisher\" content=\"https:\/\/www.facebook.com\/PhysioBCN\/\" \/>\n<meta property=\"article:published_time\" content=\"2018-11-08T11:11:25+00:00\" \/>\n<meta property=\"og:image\" content=\"https:\/\/barcelona.euses.cat\/wp-content\/uploads\/2018\/11\/l-1.jpg\" \/>\n\t<meta property=\"og:image:width\" content=\"1000\" \/>\n\t<meta property=\"og:image:height\" content=\"667\" \/>\n\t<meta property=\"og:image:type\" content=\"image\/jpeg\" \/>\n<meta name=\"author\" content=\"neorg\" \/>\n<meta name=\"twitter:card\" content=\"summary_large_image\" \/>\n<meta name=\"twitter:label1\" content=\"Escrit per\" \/>\n\t<meta name=\"twitter:data1\" content=\"neorg\" \/>\n\t<meta name=\"twitter:label2\" content=\"Temps estimat de lectura\" \/>\n\t<meta name=\"twitter:data2\" content=\"1 minut\" \/>\n<script type=\"application\/ld+json\" class=\"yoast-schema-graph\">{\"@context\":\"https:\\\/\\\/schema.org\",\"@graph\":[{\"@type\":\"Article\",\"@id\":\"https:\\\/\\\/barcelona.euses.cat\\\/ca\\\/la-realitat-virtual-i-augmentada-aplicada-a-la-fisioterapia\\\/#article\",\"isPartOf\":{\"@id\":\"https:\\\/\\\/barcelona.euses.cat\\\/ca\\\/la-realitat-virtual-i-augmentada-aplicada-a-la-fisioterapia\\\/\"},\"author\":{\"name\":\"neorg\",\"@id\":\"https:\\\/\\\/barcelona.euses.cat\\\/ca\\\/#\\\/schema\\\/person\\\/c3074ca9d956eacf02e41e2ff78e53ab\"},\"headline\":\"La Realitat Virtual i Augmentada aplicada a la fisioter\u00e0pia\",\"datePublished\":\"2018-11-08T11:11:25+00:00\",\"mainEntityOfPage\":{\"@id\":\"https:\\\/\\\/barcelona.euses.cat\\\/ca\\\/la-realitat-virtual-i-augmentada-aplicada-a-la-fisioterapia\\\/\"},\"wordCount\":297,\"image\":{\"@id\":\"https:\\\/\\\/barcelona.euses.cat\\\/ca\\\/la-realitat-virtual-i-augmentada-aplicada-a-la-fisioterapia\\\/#primaryimage\"},\"thumbnailUrl\":\"https:\\\/\\\/barcelona.euses.cat\\\/wp-content\\\/uploads\\\/2018\\\/11\\\/l-1.jpg\",\"keywords\":[\"Catal\u00e0\"],\"articleSection\":[\"sense categoria\",\"Uncategorized @ca\"],\"inLanguage\":\"ca\"},{\"@type\":\"WebPage\",\"@id\":\"https:\\\/\\\/barcelona.euses.cat\\\/ca\\\/la-realitat-virtual-i-augmentada-aplicada-a-la-fisioterapia\\\/\",\"url\":\"https:\\\/\\\/barcelona.euses.cat\\\/ca\\\/la-realitat-virtual-i-augmentada-aplicada-a-la-fisioterapia\\\/\",\"name\":\"La Realitat Virtual i Augmentada aplicada a la fisioter\u00e0pia | EUSES- Campus de Bellvitge (Barcelona)\",\"isPartOf\":{\"@id\":\"https:\\\/\\\/barcelona.euses.cat\\\/ca\\\/#website\"},\"primaryImageOfPage\":{\"@id\":\"https:\\\/\\\/barcelona.euses.cat\\\/ca\\\/la-realitat-virtual-i-augmentada-aplicada-a-la-fisioterapia\\\/#primaryimage\"},\"image\":{\"@id\":\"https:\\\/\\\/barcelona.euses.cat\\\/ca\\\/la-realitat-virtual-i-augmentada-aplicada-a-la-fisioterapia\\\/#primaryimage\"},\"thumbnailUrl\":\"https:\\\/\\\/barcelona.euses.cat\\\/wp-content\\\/uploads\\\/2018\\\/11\\\/l-1.jpg\",\"datePublished\":\"2018-11-08T11:11:25+00:00\",\"author\":{\"@id\":\"https:\\\/\\\/barcelona.euses.cat\\\/ca\\\/#\\\/schema\\\/person\\\/c3074ca9d956eacf02e41e2ff78e53ab\"},\"breadcrumb\":{\"@id\":\"https:\\\/\\\/barcelona.euses.cat\\\/ca\\\/la-realitat-virtual-i-augmentada-aplicada-a-la-fisioterapia\\\/#breadcrumb\"},\"inLanguage\":\"ca\",\"potentialAction\":[{\"@type\":\"ReadAction\",\"target\":[\"https:\\\/\\\/barcelona.euses.cat\\\/ca\\\/la-realitat-virtual-i-augmentada-aplicada-a-la-fisioterapia\\\/\"]}]},{\"@type\":\"ImageObject\",\"inLanguage\":\"ca\",\"@id\":\"https:\\\/\\\/barcelona.euses.cat\\\/ca\\\/la-realitat-virtual-i-augmentada-aplicada-a-la-fisioterapia\\\/#primaryimage\",\"url\":\"https:\\\/\\\/barcelona.euses.cat\\\/wp-content\\\/uploads\\\/2018\\\/11\\\/l-1.jpg\",\"contentUrl\":\"https:\\\/\\\/barcelona.euses.cat\\\/wp-content\\\/uploads\\\/2018\\\/11\\\/l-1.jpg\",\"width\":1000,\"height\":667},{\"@type\":\"BreadcrumbList\",\"@id\":\"https:\\\/\\\/barcelona.euses.cat\\\/ca\\\/la-realitat-virtual-i-augmentada-aplicada-a-la-fisioterapia\\\/#breadcrumb\",\"itemListElement\":[{\"@type\":\"ListItem\",\"position\":1,\"name\":\"Portada\",\"item\":\"https:\\\/\\\/barcelona.euses.cat\\\/ca\\\/\"},{\"@type\":\"ListItem\",\"position\":2,\"name\":\"La Realitat Virtual i Augmentada aplicada a la fisioter\u00e0pia\"}]},{\"@type\":\"WebSite\",\"@id\":\"https:\\\/\\\/barcelona.euses.cat\\\/ca\\\/#website\",\"url\":\"https:\\\/\\\/barcelona.euses.cat\\\/ca\\\/\",\"name\":\"EUSES - Campus de Bellvitge (Barcelona)\",\"description\":\"EUSES, Escola Universit\u00e0ria de Fisioter\u00e0pia Internacional a Barcelona\",\"potentialAction\":[{\"@type\":\"SearchAction\",\"target\":{\"@type\":\"EntryPoint\",\"urlTemplate\":\"https:\\\/\\\/barcelona.euses.cat\\\/ca\\\/?s={search_term_string}\"},\"query-input\":{\"@type\":\"PropertyValueSpecification\",\"valueRequired\":true,\"valueName\":\"search_term_string\"}}],\"inLanguage\":\"ca\"},{\"@type\":\"Person\",\"@id\":\"https:\\\/\\\/barcelona.euses.cat\\\/ca\\\/#\\\/schema\\\/person\\\/c3074ca9d956eacf02e41e2ff78e53ab\",\"name\":\"neorg\",\"image\":{\"@type\":\"ImageObject\",\"inLanguage\":\"ca\",\"@id\":\"https:\\\/\\\/secure.gravatar.com\\\/avatar\\\/709d3d8015183afa7401c02e2291a538cbfd4ffe62f4d86ce5f4871f22e86b09?s=96&d=mm&r=g\",\"url\":\"https:\\\/\\\/secure.gravatar.com\\\/avatar\\\/709d3d8015183afa7401c02e2291a538cbfd4ffe62f4d86ce5f4871f22e86b09?s=96&d=mm&r=g\",\"contentUrl\":\"https:\\\/\\\/secure.gravatar.com\\\/avatar\\\/709d3d8015183afa7401c02e2291a538cbfd4ffe62f4d86ce5f4871f22e86b09?s=96&d=mm&r=g\",\"caption\":\"neorg\"},\"url\":\"https:\\\/\\\/barcelona.euses.cat\\\/ca\\\/author\\\/neorg\\\/\"}]}<\/script>\n<!-- \/ Yoast SEO plugin. -->","yoast_head_json":{"title":"La Realitat Virtual i Augmentada aplicada a la fisioter\u00e0pia | EUSES- Campus de Bellvitge (Barcelona)","robots":{"index":"index","follow":"follow","max-snippet":"max-snippet:-1","max-image-preview":"max-image-preview:large","max-video-preview":"max-video-preview:-1"},"canonical":"https:\/\/barcelona.euses.cat\/ca\/la-realitat-virtual-i-augmentada-aplicada-a-la-fisioterapia\/","og_locale":"ca_ES","og_type":"article","og_title":"La Realitat Virtual i Augmentada aplicada a la fisioter\u00e0pia | EUSES- Campus de Bellvitge (Barcelona)","og_description":"Una de les tecnologies que ja est\u00e0 transformant la manera que tenim d\u2019entendre l\u2019atenci\u00f3 fisioterap\u00e8utica \u00e9s la realitat virtual (RV), la simulaci\u00f3 d\u2019un entorn real a trav\u00e9s d\u2019un ordinador, de tal manera que l\u2019usuari pot interaccionar de manera activa amb l\u2019entorn fictici. Aquesta eina \u00e9s especialment \u00fatil pels fisioterapeutes perqu\u00e8 permeten simular un entorn real [&hellip;]","og_url":"https:\/\/barcelona.euses.cat\/ca\/la-realitat-virtual-i-augmentada-aplicada-a-la-fisioterapia\/","og_site_name":"EUSES- Campus de Bellvitge (Barcelona)","article_publisher":"https:\/\/www.facebook.com\/PhysioBCN\/","article_published_time":"2018-11-08T11:11:25+00:00","og_image":[{"width":1000,"height":667,"url":"https:\/\/barcelona.euses.cat\/wp-content\/uploads\/2018\/11\/l-1.jpg","type":"image\/jpeg"}],"author":"neorg","twitter_card":"summary_large_image","twitter_misc":{"Escrit per":"neorg","Temps estimat de lectura":"1 minut"},"schema":{"@context":"https:\/\/schema.org","@graph":[{"@type":"Article","@id":"https:\/\/barcelona.euses.cat\/ca\/la-realitat-virtual-i-augmentada-aplicada-a-la-fisioterapia\/#article","isPartOf":{"@id":"https:\/\/barcelona.euses.cat\/ca\/la-realitat-virtual-i-augmentada-aplicada-a-la-fisioterapia\/"},"author":{"name":"neorg","@id":"https:\/\/barcelona.euses.cat\/ca\/#\/schema\/person\/c3074ca9d956eacf02e41e2ff78e53ab"},"headline":"La Realitat Virtual i Augmentada aplicada a la fisioter\u00e0pia","datePublished":"2018-11-08T11:11:25+00:00","mainEntityOfPage":{"@id":"https:\/\/barcelona.euses.cat\/ca\/la-realitat-virtual-i-augmentada-aplicada-a-la-fisioterapia\/"},"wordCount":297,"image":{"@id":"https:\/\/barcelona.euses.cat\/ca\/la-realitat-virtual-i-augmentada-aplicada-a-la-fisioterapia\/#primaryimage"},"thumbnailUrl":"https:\/\/barcelona.euses.cat\/wp-content\/uploads\/2018\/11\/l-1.jpg","keywords":["Catal\u00e0"],"articleSection":["sense categoria","Uncategorized @ca"],"inLanguage":"ca"},{"@type":"WebPage","@id":"https:\/\/barcelona.euses.cat\/ca\/la-realitat-virtual-i-augmentada-aplicada-a-la-fisioterapia\/","url":"https:\/\/barcelona.euses.cat\/ca\/la-realitat-virtual-i-augmentada-aplicada-a-la-fisioterapia\/","name":"La Realitat Virtual i Augmentada aplicada a la fisioter\u00e0pia | EUSES- Campus de Bellvitge (Barcelona)","isPartOf":{"@id":"https:\/\/barcelona.euses.cat\/ca\/#website"},"primaryImageOfPage":{"@id":"https:\/\/barcelona.euses.cat\/ca\/la-realitat-virtual-i-augmentada-aplicada-a-la-fisioterapia\/#primaryimage"},"image":{"@id":"https:\/\/barcelona.euses.cat\/ca\/la-realitat-virtual-i-augmentada-aplicada-a-la-fisioterapia\/#primaryimage"},"thumbnailUrl":"https:\/\/barcelona.euses.cat\/wp-content\/uploads\/2018\/11\/l-1.jpg","datePublished":"2018-11-08T11:11:25+00:00","author":{"@id":"https:\/\/barcelona.euses.cat\/ca\/#\/schema\/person\/c3074ca9d956eacf02e41e2ff78e53ab"},"breadcrumb":{"@id":"https:\/\/barcelona.euses.cat\/ca\/la-realitat-virtual-i-augmentada-aplicada-a-la-fisioterapia\/#breadcrumb"},"inLanguage":"ca","potentialAction":[{"@type":"ReadAction","target":["https:\/\/barcelona.euses.cat\/ca\/la-realitat-virtual-i-augmentada-aplicada-a-la-fisioterapia\/"]}]},{"@type":"ImageObject","inLanguage":"ca","@id":"https:\/\/barcelona.euses.cat\/ca\/la-realitat-virtual-i-augmentada-aplicada-a-la-fisioterapia\/#primaryimage","url":"https:\/\/barcelona.euses.cat\/wp-content\/uploads\/2018\/11\/l-1.jpg","contentUrl":"https:\/\/barcelona.euses.cat\/wp-content\/uploads\/2018\/11\/l-1.jpg","width":1000,"height":667},{"@type":"BreadcrumbList","@id":"https:\/\/barcelona.euses.cat\/ca\/la-realitat-virtual-i-augmentada-aplicada-a-la-fisioterapia\/#breadcrumb","itemListElement":[{"@type":"ListItem","position":1,"name":"Portada","item":"https:\/\/barcelona.euses.cat\/ca\/"},{"@type":"ListItem","position":2,"name":"La Realitat Virtual i Augmentada aplicada a la fisioter\u00e0pia"}]},{"@type":"WebSite","@id":"https:\/\/barcelona.euses.cat\/ca\/#website","url":"https:\/\/barcelona.euses.cat\/ca\/","name":"EUSES - Campus de Bellvitge (Barcelona)","description":"EUSES, Escola Universit\u00e0ria de Fisioter\u00e0pia Internacional a Barcelona","potentialAction":[{"@type":"SearchAction","target":{"@type":"EntryPoint","urlTemplate":"https:\/\/barcelona.euses.cat\/ca\/?s={search_term_string}"},"query-input":{"@type":"PropertyValueSpecification","valueRequired":true,"valueName":"search_term_string"}}],"inLanguage":"ca"},{"@type":"Person","@id":"https:\/\/barcelona.euses.cat\/ca\/#\/schema\/person\/c3074ca9d956eacf02e41e2ff78e53ab","name":"neorg","image":{"@type":"ImageObject","inLanguage":"ca","@id":"https:\/\/secure.gravatar.com\/avatar\/709d3d8015183afa7401c02e2291a538cbfd4ffe62f4d86ce5f4871f22e86b09?s=96&d=mm&r=g","url":"https:\/\/secure.gravatar.com\/avatar\/709d3d8015183afa7401c02e2291a538cbfd4ffe62f4d86ce5f4871f22e86b09?s=96&d=mm&r=g","contentUrl":"https:\/\/secure.gravatar.com\/avatar\/709d3d8015183afa7401c02e2291a538cbfd4ffe62f4d86ce5f4871f22e86b09?s=96&d=mm&r=g","caption":"neorg"},"url":"https:\/\/barcelona.euses.cat\/ca\/author\/neorg\/"}]}},"_links":{"self":[{"href":"https:\/\/barcelona.euses.cat\/ca\/wp-json\/wp\/v2\/posts\/4934","targetHints":{"allow":["GET"]}}],"collection":[{"href":"https:\/\/barcelona.euses.cat\/ca\/wp-json\/wp\/v2\/posts"}],"about":[{"href":"https:\/\/barcelona.euses.cat\/ca\/wp-json\/wp\/v2\/types\/post"}],"author":[{"embeddable":true,"href":"https:\/\/barcelona.euses.cat\/ca\/wp-json\/wp\/v2\/users\/1"}],"replies":[{"embeddable":true,"href":"https:\/\/barcelona.euses.cat\/ca\/wp-json\/wp\/v2\/comments?post=4934"}],"version-history":[{"count":0,"href":"https:\/\/barcelona.euses.cat\/ca\/wp-json\/wp\/v2\/posts\/4934\/revisions"}],"wp:featuredmedia":[{"embeddable":true,"href":"https:\/\/barcelona.euses.cat\/ca\/wp-json\/wp\/v2\/media\/4935"}],"wp:attachment":[{"href":"https:\/\/barcelona.euses.cat\/ca\/wp-json\/wp\/v2\/media?parent=4934"}],"wp:term":[{"taxonomy":"category","embeddable":true,"href":"https:\/\/barcelona.euses.cat\/ca\/wp-json\/wp\/v2\/categories?post=4934"},{"taxonomy":"post_tag","embeddable":true,"href":"https:\/\/barcelona.euses.cat\/ca\/wp-json\/wp\/v2\/tags?post=4934"}],"curies":[{"name":"wp","href":"https:\/\/api.w.org\/{rel}","templated":true}]}}