{"id":2515,"date":"2017-04-03T00:00:00","date_gmt":"2017-04-02T22:00:00","guid":{"rendered":"http:\/\/physiotherapybarcelona.net\/el-perfil-internacional-del-professorat-del-grau-en-fisioterapia-internacional\/"},"modified":"2019-06-03T12:26:01","modified_gmt":"2019-06-03T10:26:01","slug":"el-perfil-internacional-del-professorat-del-grau-en-fisioterapia-internacional","status":"publish","type":"post","link":"https:\/\/barcelona.euses.cat\/ca\/el-perfil-internacional-del-professorat-del-grau-en-fisioterapia-internacional\/","title":{"rendered":"El perfil internacional del professorat del Grau en Fisioter\u00e0pia Internacional"},"content":{"rendered":"<p style=\"text-align: justify;\">Una de les caracter\u00edstiques comunes del <strong>professorat<\/strong> del <a href=\"https:\/\/goo.gl\/5HNHp6\"><strong>Grau en Fisioter\u00e0pia Internacional,<\/strong> de <strong>l\u2019Escola de Noves Tecnologies Interactives (ENTI-UB)<\/strong> i de <strong>l\u2019Escola de la Salut i l\u2019Esport (EUSES-UdG)<\/strong><\/a> \u00e9s el seu <strong>perfil internacional<\/strong>. La majoria procedeix de prestigioses universitats estrangeres, fet que facilita l\u2019obtenci\u00f3 d\u2019una visi\u00f3 m\u00e9s <strong>completa <\/strong>i<strong> global<\/strong> de la <strong>fisioter\u00e0pia,<\/strong> des de la perspectiva de diferents pa\u00efsos d\u2019arreu del m\u00f3n. Al llarg, d\u2019aquests estudis, aprendr\u00e0s a implementar i dissenyar tractaments que s\u2019implementen arreu d\u2019Europa i a nivell internacional; amb el valor afegit d\u2019estudiar en <strong>angl\u00e8s<\/strong>, un idioma que millora i amplia els teus <strong>horitzons laborals<\/strong>.<\/p>\n<p style=\"text-align: justify;\">Entre <strong>l\u2019equip docent<\/strong> d\u2019aquest <strong>Grau<\/strong> comptem amb <strong>professors<\/strong> procedents <strong>d\u2019Austr\u00e0lia<\/strong>, <strong>Regne<\/strong> <strong>Unit<\/strong> i <strong>Alemanya<\/strong>. Tots ells especialistes en el seu camp, amb el doble perfil d\u2019acad\u00e8mic-investigador i de professional en actiu. Per tant, aporten la seva experi\u00e8ncia di\u00e0ria, la qual cosa, permet actualitzar constantment els continguts i metodologies emprades. Cal destacar a: <strong>Claire Knott<\/strong>, professora <strong>australiana<\/strong> amb una \u00e0mplia experi\u00e8ncia professional com a fisioterapeuta tant en <strong>hospitals p\u00fablics<\/strong> com <strong>privats<\/strong>.<\/p>\n<p style=\"text-align: justify;\">En aquest context, tamb\u00e9 cal esmentar a <strong>Samuel Young<\/strong>, Llicenciat en <strong>Fisioter\u00e0pia<\/strong> a la <strong>Universitat<\/strong> de <strong>Melbourne<\/strong>, especialitzat en la branca de <strong>l\u2019aparell locomotor<\/strong> i la fisioter\u00e0pia de l\u2019esport. Disposa d\u2019una \u00e0mplia experi\u00e8ncia professional, doncs, ha treballat a diversos hospitals regionals de <strong>l\u2019oest d\u2019Austr\u00e0lia<\/strong>; va proporcionar atenci\u00f3 prim\u00e0ria a les <strong>comunitats ind\u00edgenes<\/strong> del <strong>Nord d\u2019Austr\u00e0lia<\/strong> i tamb\u00e9, ha exercit com a fisioterapeuta a diverses <strong>cl\u00edniques i clubs esportius<\/strong> de <strong>Melbourne, Irlanda i Anglaterra<\/strong>.<\/p>\n<p style=\"text-align: justify;\">Altres perfils internacionals s\u00f3n: els de <strong>Bertram M\u00fcller<\/strong>, biomec\u00e0nic de formaci\u00f3 amb una \u00e0mplia experi\u00e8ncia internacional a pa\u00efsos com <strong>Alemanya i Esc\u00f2cia<\/strong>. Un aut\u00e8ntic expert en la combinaci\u00f3 de <strong>F\u00edsica, Tecnologia<\/strong> i<strong> Medicina<\/strong>. I d\u2019altra banda, <strong>Javier Jerez<\/strong>, Doctorat en Salut P\u00fablica per la <strong>Universitat Federal de Rio Grande do Norte (Natal, Brasil)<\/strong> aporta un enfocament internacional sobre les eines i metodologies emprades en <strong>fisioter\u00e0pia<\/strong> en aquest pa\u00eds <strong>d\u2019Am\u00e8rica del Sud<\/strong>. <strong>Jerez<\/strong>, tamb\u00e9 \u00e9s Coordinador de Grau i tutor del Pr\u00e0cticum Cl\u00ednic I de 3r de Grau.<\/p>\n<p style=\"text-align: justify;\">Finalment, en aquesta titulaci\u00f3, tamb\u00e9 coneixer\u00e0s les darreres t\u00e8cniques que s\u2019apliquen en el camp de la <strong>fisioter\u00e0pia<\/strong> al <strong>Regne Unit<\/strong>. Gr\u00e0cies a les professores <strong>Zoe Queally<\/strong> i <strong>Lucy Hackney<\/strong>, podr\u00e0s aprendre sistem\u00e0tiques i procediments aplicats en l\u2019\u00e0mbit sanitari angl\u00e8s. Cal assenyalar que <strong>Queally<\/strong> \u00e9s especialista en <strong>lesions<\/strong> de columna i esportives, combinant <strong>l\u2019osteopatia<\/strong>, la ter\u00e0pia neurocin\u00e8tica (NKT), la t\u00e8cnica d\u2019activaci\u00f3 muscular Be-Activated, <strong>l\u2019acupuntura<\/strong>, els massatges i el <strong>Pilates<\/strong> per tractar els seus pacients. Tamb\u00e9 compta amb una dilatada experi\u00e8ncia en diverses <strong>cl\u00edniques<\/strong> i <strong>hospitals<\/strong> de <strong>Londres<\/strong>. Pel que fa a <strong>Hackney<\/strong>, Llicenciada en Psicologia i Sociologia a la <strong>Universitat de Leicester<\/strong>, cal dir que disposa d\u2019una \u00e0mplia experi\u00e8ncia com a <strong>fisioterapeuta<\/strong> al sistema de <strong>salut p\u00fablic brit\u00e0nic<\/strong> i tamb\u00e9, en l\u2019\u00e0mbit <strong>privat<\/strong>.<\/p>\n<p style=\"text-align: justify;\">Sens dubte, l\u2019origen internacional del <strong>professorat<\/strong> del <strong>Grau en Fisioter\u00e0pia Internacional<\/strong> garanteix una formaci\u00f3 m\u00e9s hol\u00edstica i universal. Doncs, tindr\u00e0s l\u2019oportunitat de compartir coneixements i metodologies, procedents de diversos pa\u00efsos. Aix\u00f2 afavorir\u00e0, no \u00fanicament l\u2019ampliaci\u00f3 dels teus coneixements; sin\u00f3 tamb\u00e9 una millor <strong>inserci\u00f3 laboral<\/strong> a Europa o a la resta del m\u00f3n.<\/p>\n<p style=\"text-align: justify;\">Forma\u2019t amb un <strong>professorat<\/strong> expert i procedent de prestigioses <strong>universitats internacionals<\/strong>; estudiant el <a href=\"https:\/\/goo.gl\/5HNHp6\"><strong>Grau en Fisioter\u00e0pia Internacional<\/strong> al\u00a0 <strong>Campus de la UB<\/strong>.<\/a><\/p>\n","protected":false},"excerpt":{"rendered":"<p>Una de les caracter\u00edstiques comunes del professorat del Grau en Fisioter\u00e0pia Internacional, de l\u2019Escola de Noves Tecnologies Interactives (ENTI-UB) i de l\u2019Escola de la Salut i l\u2019Esport (EUSES-UdG) \u00e9s el seu perfil internacional. La majoria procedeix de prestigioses universitats estrangeres, fet que facilita l\u2019obtenci\u00f3 d\u2019una visi\u00f3 m\u00e9s completa i global de la fisioter\u00e0pia, des de [&hellip;]<\/p>\n","protected":false},"author":1,"featured_media":2516,"comment_status":"closed","ping_status":"closed","sticky":false,"template":"","format":"standard","meta":{"_acf_changed":false,"inline_featured_image":false,"_joinchat":[],"footnotes":""},"categories":[46],"tags":[45],"class_list":["post-2515","post","type-post","status-publish","format-standard","has-post-thumbnail","hentry","category-sense-categoria","tag-catala"],"acf":[],"yoast_head":"<!-- This site is optimized with the Yoast SEO plugin v27.4 - https:\/\/yoast.com\/product\/yoast-seo-wordpress\/ -->\n<title>El perfil internacional del professorat del Grau en Fisioter\u00e0pia Internacional | EUSES- Campus de Bellvitge (Barcelona)<\/title>\n<meta name=\"robots\" content=\"index, follow, max-snippet:-1, max-image-preview:large, max-video-preview:-1\" \/>\n<link rel=\"canonical\" href=\"https:\/\/barcelona.euses.cat\/ca\/el-perfil-internacional-del-professorat-del-grau-en-fisioterapia-internacional\/\" \/>\n<meta property=\"og:locale\" content=\"ca_ES\" \/>\n<meta property=\"og:type\" content=\"article\" \/>\n<meta property=\"og:title\" content=\"El perfil internacional del professorat del Grau en Fisioter\u00e0pia Internacional | EUSES- Campus de Bellvitge (Barcelona)\" \/>\n<meta property=\"og:description\" content=\"Una de les caracter\u00edstiques comunes del professorat del Grau en Fisioter\u00e0pia Internacional, de l\u2019Escola de Noves Tecnologies Interactives (ENTI-UB) i de l\u2019Escola de la Salut i l\u2019Esport (EUSES-UdG) \u00e9s el seu perfil internacional. La majoria procedeix de prestigioses universitats estrangeres, fet que facilita l\u2019obtenci\u00f3 d\u2019una visi\u00f3 m\u00e9s completa i global de la fisioter\u00e0pia, des de [&hellip;]\" \/>\n<meta property=\"og:url\" content=\"https:\/\/barcelona.euses.cat\/ca\/el-perfil-internacional-del-professorat-del-grau-en-fisioterapia-internacional\/\" \/>\n<meta property=\"og:site_name\" content=\"EUSES- Campus de Bellvitge (Barcelona)\" \/>\n<meta property=\"article:publisher\" content=\"https:\/\/www.facebook.com\/PhysioBCN\/\" \/>\n<meta property=\"article:published_time\" content=\"2017-04-02T22:00:00+00:00\" \/>\n<meta property=\"article:modified_time\" content=\"2019-06-03T10:26:01+00:00\" \/>\n<meta property=\"og:image\" content=\"https:\/\/barcelona.euses.cat\/wp-content\/uploads\/2018\/02\/physiotherapybarcelona-origen-prof-noticia_cat.jpg\" \/>\n\t<meta property=\"og:image:width\" content=\"737\" \/>\n\t<meta property=\"og:image:height\" content=\"415\" \/>\n\t<meta property=\"og:image:type\" content=\"image\/jpeg\" \/>\n<meta name=\"author\" content=\"neorg\" \/>\n<meta name=\"twitter:card\" content=\"summary_large_image\" \/>\n<meta name=\"twitter:label1\" content=\"Escrit per\" \/>\n\t<meta name=\"twitter:data1\" content=\"neorg\" \/>\n\t<meta name=\"twitter:label2\" content=\"Temps estimat de lectura\" \/>\n\t<meta name=\"twitter:data2\" content=\"3 minuts\" \/>\n<script type=\"application\/ld+json\" class=\"yoast-schema-graph\">{\"@context\":\"https:\\\/\\\/schema.org\",\"@graph\":[{\"@type\":\"Article\",\"@id\":\"https:\\\/\\\/barcelona.euses.cat\\\/ca\\\/el-perfil-internacional-del-professorat-del-grau-en-fisioterapia-internacional\\\/#article\",\"isPartOf\":{\"@id\":\"https:\\\/\\\/barcelona.euses.cat\\\/ca\\\/el-perfil-internacional-del-professorat-del-grau-en-fisioterapia-internacional\\\/\"},\"author\":{\"name\":\"neorg\",\"@id\":\"https:\\\/\\\/barcelona.euses.cat\\\/ca\\\/#\\\/schema\\\/person\\\/c3074ca9d956eacf02e41e2ff78e53ab\"},\"headline\":\"El perfil internacional del professorat del Grau en Fisioter\u00e0pia Internacional\",\"datePublished\":\"2017-04-02T22:00:00+00:00\",\"dateModified\":\"2019-06-03T10:26:01+00:00\",\"mainEntityOfPage\":{\"@id\":\"https:\\\/\\\/barcelona.euses.cat\\\/ca\\\/el-perfil-internacional-del-professorat-del-grau-en-fisioterapia-internacional\\\/\"},\"wordCount\":626,\"image\":{\"@id\":\"https:\\\/\\\/barcelona.euses.cat\\\/ca\\\/el-perfil-internacional-del-professorat-del-grau-en-fisioterapia-internacional\\\/#primaryimage\"},\"thumbnailUrl\":\"https:\\\/\\\/barcelona.euses.cat\\\/wp-content\\\/uploads\\\/2018\\\/02\\\/physiotherapybarcelona-origen-prof-noticia_cat.jpg\",\"keywords\":[\"Catal\u00e0\"],\"articleSection\":[\"sense categoria\"],\"inLanguage\":\"ca\"},{\"@type\":\"WebPage\",\"@id\":\"https:\\\/\\\/barcelona.euses.cat\\\/ca\\\/el-perfil-internacional-del-professorat-del-grau-en-fisioterapia-internacional\\\/\",\"url\":\"https:\\\/\\\/barcelona.euses.cat\\\/ca\\\/el-perfil-internacional-del-professorat-del-grau-en-fisioterapia-internacional\\\/\",\"name\":\"El perfil internacional del professorat del Grau en Fisioter\u00e0pia Internacional | EUSES- Campus de Bellvitge (Barcelona)\",\"isPartOf\":{\"@id\":\"https:\\\/\\\/barcelona.euses.cat\\\/ca\\\/#website\"},\"primaryImageOfPage\":{\"@id\":\"https:\\\/\\\/barcelona.euses.cat\\\/ca\\\/el-perfil-internacional-del-professorat-del-grau-en-fisioterapia-internacional\\\/#primaryimage\"},\"image\":{\"@id\":\"https:\\\/\\\/barcelona.euses.cat\\\/ca\\\/el-perfil-internacional-del-professorat-del-grau-en-fisioterapia-internacional\\\/#primaryimage\"},\"thumbnailUrl\":\"https:\\\/\\\/barcelona.euses.cat\\\/wp-content\\\/uploads\\\/2018\\\/02\\\/physiotherapybarcelona-origen-prof-noticia_cat.jpg\",\"datePublished\":\"2017-04-02T22:00:00+00:00\",\"dateModified\":\"2019-06-03T10:26:01+00:00\",\"author\":{\"@id\":\"https:\\\/\\\/barcelona.euses.cat\\\/ca\\\/#\\\/schema\\\/person\\\/c3074ca9d956eacf02e41e2ff78e53ab\"},\"breadcrumb\":{\"@id\":\"https:\\\/\\\/barcelona.euses.cat\\\/ca\\\/el-perfil-internacional-del-professorat-del-grau-en-fisioterapia-internacional\\\/#breadcrumb\"},\"inLanguage\":\"ca\",\"potentialAction\":[{\"@type\":\"ReadAction\",\"target\":[\"https:\\\/\\\/barcelona.euses.cat\\\/ca\\\/el-perfil-internacional-del-professorat-del-grau-en-fisioterapia-internacional\\\/\"]}]},{\"@type\":\"ImageObject\",\"inLanguage\":\"ca\",\"@id\":\"https:\\\/\\\/barcelona.euses.cat\\\/ca\\\/el-perfil-internacional-del-professorat-del-grau-en-fisioterapia-internacional\\\/#primaryimage\",\"url\":\"https:\\\/\\\/barcelona.euses.cat\\\/wp-content\\\/uploads\\\/2018\\\/02\\\/physiotherapybarcelona-origen-prof-noticia_cat.jpg\",\"contentUrl\":\"https:\\\/\\\/barcelona.euses.cat\\\/wp-content\\\/uploads\\\/2018\\\/02\\\/physiotherapybarcelona-origen-prof-noticia_cat.jpg\",\"width\":737,\"height\":415},{\"@type\":\"BreadcrumbList\",\"@id\":\"https:\\\/\\\/barcelona.euses.cat\\\/ca\\\/el-perfil-internacional-del-professorat-del-grau-en-fisioterapia-internacional\\\/#breadcrumb\",\"itemListElement\":[{\"@type\":\"ListItem\",\"position\":1,\"name\":\"Portada\",\"item\":\"https:\\\/\\\/barcelona.euses.cat\\\/ca\\\/\"},{\"@type\":\"ListItem\",\"position\":2,\"name\":\"El perfil internacional del professorat del Grau en Fisioter\u00e0pia Internacional\"}]},{\"@type\":\"WebSite\",\"@id\":\"https:\\\/\\\/barcelona.euses.cat\\\/ca\\\/#website\",\"url\":\"https:\\\/\\\/barcelona.euses.cat\\\/ca\\\/\",\"name\":\"EUSES - Campus de Bellvitge (Barcelona)\",\"description\":\"EUSES, Escola Universit\u00e0ria de Fisioter\u00e0pia Internacional a Barcelona\",\"potentialAction\":[{\"@type\":\"SearchAction\",\"target\":{\"@type\":\"EntryPoint\",\"urlTemplate\":\"https:\\\/\\\/barcelona.euses.cat\\\/ca\\\/?s={search_term_string}\"},\"query-input\":{\"@type\":\"PropertyValueSpecification\",\"valueRequired\":true,\"valueName\":\"search_term_string\"}}],\"inLanguage\":\"ca\"},{\"@type\":\"Person\",\"@id\":\"https:\\\/\\\/barcelona.euses.cat\\\/ca\\\/#\\\/schema\\\/person\\\/c3074ca9d956eacf02e41e2ff78e53ab\",\"name\":\"neorg\",\"image\":{\"@type\":\"ImageObject\",\"inLanguage\":\"ca\",\"@id\":\"https:\\\/\\\/secure.gravatar.com\\\/avatar\\\/709d3d8015183afa7401c02e2291a538cbfd4ffe62f4d86ce5f4871f22e86b09?s=96&d=mm&r=g\",\"url\":\"https:\\\/\\\/secure.gravatar.com\\\/avatar\\\/709d3d8015183afa7401c02e2291a538cbfd4ffe62f4d86ce5f4871f22e86b09?s=96&d=mm&r=g\",\"contentUrl\":\"https:\\\/\\\/secure.gravatar.com\\\/avatar\\\/709d3d8015183afa7401c02e2291a538cbfd4ffe62f4d86ce5f4871f22e86b09?s=96&d=mm&r=g\",\"caption\":\"neorg\"},\"url\":\"https:\\\/\\\/barcelona.euses.cat\\\/ca\\\/author\\\/neorg\\\/\"}]}<\/script>\n<!-- \/ Yoast SEO plugin. -->","yoast_head_json":{"title":"El perfil internacional del professorat del Grau en Fisioter\u00e0pia Internacional | EUSES- Campus de Bellvitge (Barcelona)","robots":{"index":"index","follow":"follow","max-snippet":"max-snippet:-1","max-image-preview":"max-image-preview:large","max-video-preview":"max-video-preview:-1"},"canonical":"https:\/\/barcelona.euses.cat\/ca\/el-perfil-internacional-del-professorat-del-grau-en-fisioterapia-internacional\/","og_locale":"ca_ES","og_type":"article","og_title":"El perfil internacional del professorat del Grau en Fisioter\u00e0pia Internacional | EUSES- Campus de Bellvitge (Barcelona)","og_description":"Una de les caracter\u00edstiques comunes del professorat del Grau en Fisioter\u00e0pia Internacional, de l\u2019Escola de Noves Tecnologies Interactives (ENTI-UB) i de l\u2019Escola de la Salut i l\u2019Esport (EUSES-UdG) \u00e9s el seu perfil internacional. La majoria procedeix de prestigioses universitats estrangeres, fet que facilita l\u2019obtenci\u00f3 d\u2019una visi\u00f3 m\u00e9s completa i global de la fisioter\u00e0pia, des de [&hellip;]","og_url":"https:\/\/barcelona.euses.cat\/ca\/el-perfil-internacional-del-professorat-del-grau-en-fisioterapia-internacional\/","og_site_name":"EUSES- Campus de Bellvitge (Barcelona)","article_publisher":"https:\/\/www.facebook.com\/PhysioBCN\/","article_published_time":"2017-04-02T22:00:00+00:00","article_modified_time":"2019-06-03T10:26:01+00:00","og_image":[{"width":737,"height":415,"url":"https:\/\/barcelona.euses.cat\/wp-content\/uploads\/2018\/02\/physiotherapybarcelona-origen-prof-noticia_cat.jpg","type":"image\/jpeg"}],"author":"neorg","twitter_card":"summary_large_image","twitter_misc":{"Escrit per":"neorg","Temps estimat de lectura":"3 minuts"},"schema":{"@context":"https:\/\/schema.org","@graph":[{"@type":"Article","@id":"https:\/\/barcelona.euses.cat\/ca\/el-perfil-internacional-del-professorat-del-grau-en-fisioterapia-internacional\/#article","isPartOf":{"@id":"https:\/\/barcelona.euses.cat\/ca\/el-perfil-internacional-del-professorat-del-grau-en-fisioterapia-internacional\/"},"author":{"name":"neorg","@id":"https:\/\/barcelona.euses.cat\/ca\/#\/schema\/person\/c3074ca9d956eacf02e41e2ff78e53ab"},"headline":"El perfil internacional del professorat del Grau en Fisioter\u00e0pia Internacional","datePublished":"2017-04-02T22:00:00+00:00","dateModified":"2019-06-03T10:26:01+00:00","mainEntityOfPage":{"@id":"https:\/\/barcelona.euses.cat\/ca\/el-perfil-internacional-del-professorat-del-grau-en-fisioterapia-internacional\/"},"wordCount":626,"image":{"@id":"https:\/\/barcelona.euses.cat\/ca\/el-perfil-internacional-del-professorat-del-grau-en-fisioterapia-internacional\/#primaryimage"},"thumbnailUrl":"https:\/\/barcelona.euses.cat\/wp-content\/uploads\/2018\/02\/physiotherapybarcelona-origen-prof-noticia_cat.jpg","keywords":["Catal\u00e0"],"articleSection":["sense categoria"],"inLanguage":"ca"},{"@type":"WebPage","@id":"https:\/\/barcelona.euses.cat\/ca\/el-perfil-internacional-del-professorat-del-grau-en-fisioterapia-internacional\/","url":"https:\/\/barcelona.euses.cat\/ca\/el-perfil-internacional-del-professorat-del-grau-en-fisioterapia-internacional\/","name":"El perfil internacional del professorat del Grau en Fisioter\u00e0pia Internacional | EUSES- Campus de Bellvitge (Barcelona)","isPartOf":{"@id":"https:\/\/barcelona.euses.cat\/ca\/#website"},"primaryImageOfPage":{"@id":"https:\/\/barcelona.euses.cat\/ca\/el-perfil-internacional-del-professorat-del-grau-en-fisioterapia-internacional\/#primaryimage"},"image":{"@id":"https:\/\/barcelona.euses.cat\/ca\/el-perfil-internacional-del-professorat-del-grau-en-fisioterapia-internacional\/#primaryimage"},"thumbnailUrl":"https:\/\/barcelona.euses.cat\/wp-content\/uploads\/2018\/02\/physiotherapybarcelona-origen-prof-noticia_cat.jpg","datePublished":"2017-04-02T22:00:00+00:00","dateModified":"2019-06-03T10:26:01+00:00","author":{"@id":"https:\/\/barcelona.euses.cat\/ca\/#\/schema\/person\/c3074ca9d956eacf02e41e2ff78e53ab"},"breadcrumb":{"@id":"https:\/\/barcelona.euses.cat\/ca\/el-perfil-internacional-del-professorat-del-grau-en-fisioterapia-internacional\/#breadcrumb"},"inLanguage":"ca","potentialAction":[{"@type":"ReadAction","target":["https:\/\/barcelona.euses.cat\/ca\/el-perfil-internacional-del-professorat-del-grau-en-fisioterapia-internacional\/"]}]},{"@type":"ImageObject","inLanguage":"ca","@id":"https:\/\/barcelona.euses.cat\/ca\/el-perfil-internacional-del-professorat-del-grau-en-fisioterapia-internacional\/#primaryimage","url":"https:\/\/barcelona.euses.cat\/wp-content\/uploads\/2018\/02\/physiotherapybarcelona-origen-prof-noticia_cat.jpg","contentUrl":"https:\/\/barcelona.euses.cat\/wp-content\/uploads\/2018\/02\/physiotherapybarcelona-origen-prof-noticia_cat.jpg","width":737,"height":415},{"@type":"BreadcrumbList","@id":"https:\/\/barcelona.euses.cat\/ca\/el-perfil-internacional-del-professorat-del-grau-en-fisioterapia-internacional\/#breadcrumb","itemListElement":[{"@type":"ListItem","position":1,"name":"Portada","item":"https:\/\/barcelona.euses.cat\/ca\/"},{"@type":"ListItem","position":2,"name":"El perfil internacional del professorat del Grau en Fisioter\u00e0pia Internacional"}]},{"@type":"WebSite","@id":"https:\/\/barcelona.euses.cat\/ca\/#website","url":"https:\/\/barcelona.euses.cat\/ca\/","name":"EUSES - Campus de Bellvitge (Barcelona)","description":"EUSES, Escola Universit\u00e0ria de Fisioter\u00e0pia Internacional a Barcelona","potentialAction":[{"@type":"SearchAction","target":{"@type":"EntryPoint","urlTemplate":"https:\/\/barcelona.euses.cat\/ca\/?s={search_term_string}"},"query-input":{"@type":"PropertyValueSpecification","valueRequired":true,"valueName":"search_term_string"}}],"inLanguage":"ca"},{"@type":"Person","@id":"https:\/\/barcelona.euses.cat\/ca\/#\/schema\/person\/c3074ca9d956eacf02e41e2ff78e53ab","name":"neorg","image":{"@type":"ImageObject","inLanguage":"ca","@id":"https:\/\/secure.gravatar.com\/avatar\/709d3d8015183afa7401c02e2291a538cbfd4ffe62f4d86ce5f4871f22e86b09?s=96&d=mm&r=g","url":"https:\/\/secure.gravatar.com\/avatar\/709d3d8015183afa7401c02e2291a538cbfd4ffe62f4d86ce5f4871f22e86b09?s=96&d=mm&r=g","contentUrl":"https:\/\/secure.gravatar.com\/avatar\/709d3d8015183afa7401c02e2291a538cbfd4ffe62f4d86ce5f4871f22e86b09?s=96&d=mm&r=g","caption":"neorg"},"url":"https:\/\/barcelona.euses.cat\/ca\/author\/neorg\/"}]}},"_links":{"self":[{"href":"https:\/\/barcelona.euses.cat\/ca\/wp-json\/wp\/v2\/posts\/2515","targetHints":{"allow":["GET"]}}],"collection":[{"href":"https:\/\/barcelona.euses.cat\/ca\/wp-json\/wp\/v2\/posts"}],"about":[{"href":"https:\/\/barcelona.euses.cat\/ca\/wp-json\/wp\/v2\/types\/post"}],"author":[{"embeddable":true,"href":"https:\/\/barcelona.euses.cat\/ca\/wp-json\/wp\/v2\/users\/1"}],"replies":[{"embeddable":true,"href":"https:\/\/barcelona.euses.cat\/ca\/wp-json\/wp\/v2\/comments?post=2515"}],"version-history":[{"count":1,"href":"https:\/\/barcelona.euses.cat\/ca\/wp-json\/wp\/v2\/posts\/2515\/revisions"}],"predecessor-version":[{"id":6825,"href":"https:\/\/barcelona.euses.cat\/ca\/wp-json\/wp\/v2\/posts\/2515\/revisions\/6825"}],"wp:featuredmedia":[{"embeddable":true,"href":"https:\/\/barcelona.euses.cat\/ca\/wp-json\/wp\/v2\/media\/2516"}],"wp:attachment":[{"href":"https:\/\/barcelona.euses.cat\/ca\/wp-json\/wp\/v2\/media?parent=2515"}],"wp:term":[{"taxonomy":"category","embeddable":true,"href":"https:\/\/barcelona.euses.cat\/ca\/wp-json\/wp\/v2\/categories?post=2515"},{"taxonomy":"post_tag","embeddable":true,"href":"https:\/\/barcelona.euses.cat\/ca\/wp-json\/wp\/v2\/tags?post=2515"}],"curies":[{"name":"wp","href":"https:\/\/api.w.org\/{rel}","templated":true}]}}