{"id":2508,"date":"2017-03-20T00:00:00","date_gmt":"2017-03-19T23:00:00","guid":{"rendered":"http:\/\/physiotherapybarcelona.net\/el-professorat-del-grau-en-fisioterapia-internacional-uns-autentics-experts-amb-una-amplia-dedicacio-a-la-recerca-cientifica\/"},"modified":"2019-06-03T12:32:25","modified_gmt":"2019-06-03T10:32:25","slug":"el-professorat-del-grau-en-fisioterapia-internacional-uns-autentics-experts-amb-una-amplia-dedicacio-a-la-recerca-cientifica","status":"publish","type":"post","link":"https:\/\/barcelona.euses.cat\/ca\/el-professorat-del-grau-en-fisioterapia-internacional-uns-autentics-experts-amb-una-amplia-dedicacio-a-la-recerca-cientifica\/","title":{"rendered":"El professorat del Grau en Fisioter\u00e0pia Internacional, uns aut\u00e8ntics experts amb una \u00e0mplia dedicaci\u00f3 a la recerca cient\u00edfica"},"content":{"rendered":"<p style=\"text-align: justify;\">El <a href=\"https:\/\/goo.gl\/G7QaLj\"><strong>professorat<\/strong> del <strong>Grau en Fisioter\u00e0pia Internacional<\/strong><\/a><strong>,<\/strong> de <strong>l\u2019Escola de Noves Tecnologies Interactives (ENTI-UB)<\/strong> i de <strong>l\u2019Escola Universit\u00e0ria de la Salut i l\u2019Esport (EUSES-UdG)<\/strong>, compagina la <strong>doc\u00e8ncia<\/strong> amb la <strong>recerca<\/strong>. Al <strong>Campus de la UB<\/strong>, tindr\u00e0s l\u2019oportunitat de formar-te amb un equip docent expert, la majoria dels quals, s\u00f3n <strong>Doctors<\/strong> especialitzats en el seu camp, amb \u00e0mplies habilitats acad\u00e8miques en investigaci\u00f3 (publicacions classificades, impacte de la investigaci\u00f3, etc.). A banda, de la seva dedicaci\u00f3 a la <strong>recerca<\/strong>; els <strong>docents<\/strong> d\u2019aquest <strong>Grau<\/strong> es caracteritzen per les seves \u00e0mplies habilitats pedag\u00f2giques, la seva proced\u00e8ncia internacional i la seva dilatada <strong>experi\u00e8ncia<\/strong> tant professional com acad\u00e8mica.<\/p>\n<p style=\"text-align: justify;\">Aix\u00ed doncs, el professorat del <strong>Grau en Fisioter\u00e0pia Internacional<\/strong> es caracteritza pel seu doble perfil: el <strong>d\u2019acad\u00e8mic-investigador<\/strong> i el de <strong>professional en actiu<\/strong>. Centrant-nos en l\u2019\u00e0mbit de la <strong>recerca<\/strong>, destacarem tres estudis cient\u00edfics, publicats recentment per tres professors d\u2019aquesta titulaci\u00f3: <strong>Araceli Mu\u00f1oz<\/strong>, <strong>Javier Jerez<\/strong> i <strong>Joaquim Chaler<\/strong>.<\/p>\n<p style=\"text-align: justify;\"><a href=\"https:\/\/goo.gl\/9dD1pR\"><strong>\u2018Discourses on the Toxic Effects of Internal Chemical Contamination in Catalonia, Spain<\/strong><strong>)\u2019<\/strong><\/a> \u00e9s l\u2019estudi publicat per la <strong>Dra. Mu\u00f1oz<\/strong>, membre del <strong>Medical Anthropology Research Center<\/strong> de la <strong>Universitat Rovira i Virgili<\/strong>, en el qual, aprofundeix en un dels seus camps habituals de recerca: el de la salut, el risc i la contaminaci\u00f3 interna. L\u2019objectiu d\u2019aquesta publicaci\u00f3 \u00e9s mostrar que l&#8217;exposici\u00f3 humana als components t\u00f2xics del medi ambient i a la contaminaci\u00f3 requereix una major atenci\u00f3. En aquesta revisi\u00f3, s&#8217;avalua la <strong>contaminaci\u00f3 qu\u00edmica<\/strong> interna i el risc dels <strong>efectes t\u00f2xics<\/strong> com a\u00a0 experi\u00e8ncia relacionada amb l\u2019activitat de la vida di\u00e0ria.<\/p>\n<p style=\"text-align: justify;\">D\u2019altra banda, <a href=\"https:\/\/goo.gl\/mA1ojw\"><strong>\u2018Dynamics of activities of daily living performance in institutionalized older adults: A two-year longitudinal study\u2019<\/strong><\/a> \u00e9s l\u2019estudi publicat del <strong>Doctor<\/strong> en <strong>Salut P\u00fablica<\/strong>, <strong>Javier J\u00e9rez<\/strong>. En aquesta ocasi\u00f3, es posa el focus en la incid\u00e8ncia\u00a0 que pot tenir el <strong>declivi funcional<\/strong>, el manteniment i la millora funcional en les <strong>activitats<\/strong> b\u00e0siques de la <strong>vida di\u00e0ria<\/strong> (ABVD) en la tercera edat; al mateix temps, tamb\u00e9, s\u2019analitza l\u2019evoluci\u00f3 de la seva capacitat funcional. L\u2019estudi centrat a la zona de <strong>l\u2019Am\u00e8rica Llatina<\/strong>, es va realitzar en dos anys, amb avaluacions cada 6 mesos a residents de <strong>10 resid\u00e8ncies<\/strong> <strong>geri\u00e0triques<\/strong>. Avaluaven activitats com menjar, la higiene personal, banyar-se, despla\u00e7ar-se i caminar mitjan\u00e7ant una <strong>escala Likert<\/strong> de 5 punts.<strong>\u00a0<\/strong><\/p>\n<p style=\"text-align: justify;\">Finalment, tamb\u00e9 cal destacar l\u2019estudi del professor <strong>Joaquim Chaler<\/strong>, especialista en <strong>Medicina<\/strong> <strong>f\u00edsica<\/strong> i <strong>rehabilitaci\u00f3<\/strong>, titulat: <a href=\"https:\/\/goo.gl\/lRW4CT\"><strong>\u2018Standard and Short RoM Isokinetic Testing: Comparative Analysis in Identifying Submaximal Shoulder External Rotator Effort\u2019<\/strong><\/a><strong>, <\/strong>centrat en un<strong> par\u00e0metre<\/strong> que marca la difer\u00e8ncia entre les r\u00e0tios de <strong>for\u00e7a exc\u00e8ntrica-conc\u00e8ntrica<\/strong> a dues velocitats de <strong>test diferents (DEC)<\/strong>, basades en el rang de moviment (RoM) de 60\u00b0 (est\u00e0ndard), el qual, ha demostrat ser altament eficient per a la detecci\u00f3 <strong>d&#8217;esfor\u00e7os musculars simulats<\/strong>.<\/p>\n<p style=\"text-align: justify;\">Sens dubte, al <a href=\"https:\/\/goo.gl\/G7QaLj\"><strong>Grau en Fisioter\u00e0pia Internacional d\u2019EUSES-UdG i ENTI-UB<\/strong><\/a>, la recerca \u00e9s una de les \u00e0rees m\u00e9s importants. Tria innovaci\u00f3 i qualitat, estudiant al <strong>Campus de la UB<\/strong>.<\/p>\n","protected":false},"excerpt":{"rendered":"<p>El professorat del Grau en Fisioter\u00e0pia Internacional, de l\u2019Escola de Noves Tecnologies Interactives (ENTI-UB) i de l\u2019Escola Universit\u00e0ria de la Salut i l\u2019Esport (EUSES-UdG), compagina la doc\u00e8ncia amb la recerca. Al Campus de la UB, tindr\u00e0s l\u2019oportunitat de formar-te amb un equip docent expert, la majoria dels quals, s\u00f3n Doctors especialitzats en el seu camp, [&hellip;]<\/p>\n","protected":false},"author":1,"featured_media":1826,"comment_status":"closed","ping_status":"closed","sticky":false,"template":"","format":"standard","meta":{"_acf_changed":false,"inline_featured_image":false,"_joinchat":[],"footnotes":""},"categories":[46],"tags":[45],"class_list":["post-2508","post","type-post","status-publish","format-standard","has-post-thumbnail","hentry","category-sense-categoria","tag-catala"],"acf":[],"yoast_head":"<!-- This site is optimized with the Yoast SEO plugin v27.4 - https:\/\/yoast.com\/product\/yoast-seo-wordpress\/ -->\n<title>El professorat del Grau en Fisioter\u00e0pia Internacional, uns aut\u00e8ntics experts amb una \u00e0mplia dedicaci\u00f3 a la recerca cient\u00edfica | EUSES- Campus de Bellvitge (Barcelona)<\/title>\n<meta name=\"robots\" content=\"index, follow, max-snippet:-1, max-image-preview:large, max-video-preview:-1\" \/>\n<link rel=\"canonical\" href=\"https:\/\/barcelona.euses.cat\/ca\/el-professorat-del-grau-en-fisioterapia-internacional-uns-autentics-experts-amb-una-amplia-dedicacio-a-la-recerca-cientifica\/\" \/>\n<meta property=\"og:locale\" content=\"ca_ES\" \/>\n<meta property=\"og:type\" content=\"article\" \/>\n<meta property=\"og:title\" content=\"El professorat del Grau en Fisioter\u00e0pia Internacional, uns aut\u00e8ntics experts amb una \u00e0mplia dedicaci\u00f3 a la recerca cient\u00edfica | EUSES- Campus de Bellvitge (Barcelona)\" \/>\n<meta property=\"og:description\" content=\"El professorat del Grau en Fisioter\u00e0pia Internacional, de l\u2019Escola de Noves Tecnologies Interactives (ENTI-UB) i de l\u2019Escola Universit\u00e0ria de la Salut i l\u2019Esport (EUSES-UdG), compagina la doc\u00e8ncia amb la recerca. Al Campus de la UB, tindr\u00e0s l\u2019oportunitat de formar-te amb un equip docent expert, la majoria dels quals, s\u00f3n Doctors especialitzats en el seu camp, [&hellip;]\" \/>\n<meta property=\"og:url\" content=\"https:\/\/barcelona.euses.cat\/ca\/el-professorat-del-grau-en-fisioterapia-internacional-uns-autentics-experts-amb-una-amplia-dedicacio-a-la-recerca-cientifica\/\" \/>\n<meta property=\"og:site_name\" content=\"EUSES- Campus de Bellvitge (Barcelona)\" \/>\n<meta property=\"article:publisher\" content=\"https:\/\/www.facebook.com\/PhysioBCN\/\" \/>\n<meta property=\"article:published_time\" content=\"2017-03-19T23:00:00+00:00\" \/>\n<meta property=\"article:modified_time\" content=\"2019-06-03T10:32:25+00:00\" \/>\n<meta property=\"og:image\" content=\"https:\/\/barcelona.euses.cat\/wp-content\/uploads\/2018\/02\/jj.jpg\" \/>\n\t<meta property=\"og:image:width\" content=\"546\" \/>\n\t<meta property=\"og:image:height\" content=\"364\" \/>\n\t<meta property=\"og:image:type\" content=\"image\/jpeg\" \/>\n<meta name=\"author\" content=\"neorg\" \/>\n<meta name=\"twitter:card\" content=\"summary_large_image\" \/>\n<meta name=\"twitter:label1\" content=\"Escrit per\" \/>\n\t<meta name=\"twitter:data1\" content=\"neorg\" \/>\n\t<meta name=\"twitter:label2\" content=\"Temps estimat de lectura\" \/>\n\t<meta name=\"twitter:data2\" content=\"3 minuts\" \/>\n<script type=\"application\/ld+json\" class=\"yoast-schema-graph\">{\"@context\":\"https:\\\/\\\/schema.org\",\"@graph\":[{\"@type\":\"Article\",\"@id\":\"https:\\\/\\\/barcelona.euses.cat\\\/ca\\\/el-professorat-del-grau-en-fisioterapia-internacional-uns-autentics-experts-amb-una-amplia-dedicacio-a-la-recerca-cientifica\\\/#article\",\"isPartOf\":{\"@id\":\"https:\\\/\\\/barcelona.euses.cat\\\/ca\\\/el-professorat-del-grau-en-fisioterapia-internacional-uns-autentics-experts-amb-una-amplia-dedicacio-a-la-recerca-cientifica\\\/\"},\"author\":{\"name\":\"neorg\",\"@id\":\"https:\\\/\\\/barcelona.euses.cat\\\/ca\\\/#\\\/schema\\\/person\\\/c3074ca9d956eacf02e41e2ff78e53ab\"},\"headline\":\"El professorat del Grau en Fisioter\u00e0pia Internacional, uns aut\u00e8ntics experts amb una \u00e0mplia dedicaci\u00f3 a la recerca cient\u00edfica\",\"datePublished\":\"2017-03-19T23:00:00+00:00\",\"dateModified\":\"2019-06-03T10:32:25+00:00\",\"mainEntityOfPage\":{\"@id\":\"https:\\\/\\\/barcelona.euses.cat\\\/ca\\\/el-professorat-del-grau-en-fisioterapia-internacional-uns-autentics-experts-amb-una-amplia-dedicacio-a-la-recerca-cientifica\\\/\"},\"wordCount\":550,\"image\":{\"@id\":\"https:\\\/\\\/barcelona.euses.cat\\\/ca\\\/el-professorat-del-grau-en-fisioterapia-internacional-uns-autentics-experts-amb-una-amplia-dedicacio-a-la-recerca-cientifica\\\/#primaryimage\"},\"thumbnailUrl\":\"https:\\\/\\\/barcelona.euses.cat\\\/wp-content\\\/uploads\\\/2018\\\/02\\\/jj.jpg\",\"keywords\":[\"Catal\u00e0\"],\"articleSection\":[\"sense categoria\"],\"inLanguage\":\"ca\"},{\"@type\":\"WebPage\",\"@id\":\"https:\\\/\\\/barcelona.euses.cat\\\/ca\\\/el-professorat-del-grau-en-fisioterapia-internacional-uns-autentics-experts-amb-una-amplia-dedicacio-a-la-recerca-cientifica\\\/\",\"url\":\"https:\\\/\\\/barcelona.euses.cat\\\/ca\\\/el-professorat-del-grau-en-fisioterapia-internacional-uns-autentics-experts-amb-una-amplia-dedicacio-a-la-recerca-cientifica\\\/\",\"name\":\"El professorat del Grau en Fisioter\u00e0pia Internacional, uns aut\u00e8ntics experts amb una \u00e0mplia dedicaci\u00f3 a la recerca cient\u00edfica | EUSES- Campus de Bellvitge (Barcelona)\",\"isPartOf\":{\"@id\":\"https:\\\/\\\/barcelona.euses.cat\\\/ca\\\/#website\"},\"primaryImageOfPage\":{\"@id\":\"https:\\\/\\\/barcelona.euses.cat\\\/ca\\\/el-professorat-del-grau-en-fisioterapia-internacional-uns-autentics-experts-amb-una-amplia-dedicacio-a-la-recerca-cientifica\\\/#primaryimage\"},\"image\":{\"@id\":\"https:\\\/\\\/barcelona.euses.cat\\\/ca\\\/el-professorat-del-grau-en-fisioterapia-internacional-uns-autentics-experts-amb-una-amplia-dedicacio-a-la-recerca-cientifica\\\/#primaryimage\"},\"thumbnailUrl\":\"https:\\\/\\\/barcelona.euses.cat\\\/wp-content\\\/uploads\\\/2018\\\/02\\\/jj.jpg\",\"datePublished\":\"2017-03-19T23:00:00+00:00\",\"dateModified\":\"2019-06-03T10:32:25+00:00\",\"author\":{\"@id\":\"https:\\\/\\\/barcelona.euses.cat\\\/ca\\\/#\\\/schema\\\/person\\\/c3074ca9d956eacf02e41e2ff78e53ab\"},\"breadcrumb\":{\"@id\":\"https:\\\/\\\/barcelona.euses.cat\\\/ca\\\/el-professorat-del-grau-en-fisioterapia-internacional-uns-autentics-experts-amb-una-amplia-dedicacio-a-la-recerca-cientifica\\\/#breadcrumb\"},\"inLanguage\":\"ca\",\"potentialAction\":[{\"@type\":\"ReadAction\",\"target\":[\"https:\\\/\\\/barcelona.euses.cat\\\/ca\\\/el-professorat-del-grau-en-fisioterapia-internacional-uns-autentics-experts-amb-una-amplia-dedicacio-a-la-recerca-cientifica\\\/\"]}]},{\"@type\":\"ImageObject\",\"inLanguage\":\"ca\",\"@id\":\"https:\\\/\\\/barcelona.euses.cat\\\/ca\\\/el-professorat-del-grau-en-fisioterapia-internacional-uns-autentics-experts-amb-una-amplia-dedicacio-a-la-recerca-cientifica\\\/#primaryimage\",\"url\":\"https:\\\/\\\/barcelona.euses.cat\\\/wp-content\\\/uploads\\\/2018\\\/02\\\/jj.jpg\",\"contentUrl\":\"https:\\\/\\\/barcelona.euses.cat\\\/wp-content\\\/uploads\\\/2018\\\/02\\\/jj.jpg\",\"width\":546,\"height\":364},{\"@type\":\"BreadcrumbList\",\"@id\":\"https:\\\/\\\/barcelona.euses.cat\\\/ca\\\/el-professorat-del-grau-en-fisioterapia-internacional-uns-autentics-experts-amb-una-amplia-dedicacio-a-la-recerca-cientifica\\\/#breadcrumb\",\"itemListElement\":[{\"@type\":\"ListItem\",\"position\":1,\"name\":\"Portada\",\"item\":\"https:\\\/\\\/barcelona.euses.cat\\\/ca\\\/\"},{\"@type\":\"ListItem\",\"position\":2,\"name\":\"El professorat del Grau en Fisioter\u00e0pia Internacional, uns aut\u00e8ntics experts amb una \u00e0mplia dedicaci\u00f3 a la recerca cient\u00edfica\"}]},{\"@type\":\"WebSite\",\"@id\":\"https:\\\/\\\/barcelona.euses.cat\\\/ca\\\/#website\",\"url\":\"https:\\\/\\\/barcelona.euses.cat\\\/ca\\\/\",\"name\":\"EUSES - Campus de Bellvitge (Barcelona)\",\"description\":\"EUSES, Escola Universit\u00e0ria de Fisioter\u00e0pia Internacional a Barcelona\",\"potentialAction\":[{\"@type\":\"SearchAction\",\"target\":{\"@type\":\"EntryPoint\",\"urlTemplate\":\"https:\\\/\\\/barcelona.euses.cat\\\/ca\\\/?s={search_term_string}\"},\"query-input\":{\"@type\":\"PropertyValueSpecification\",\"valueRequired\":true,\"valueName\":\"search_term_string\"}}],\"inLanguage\":\"ca\"},{\"@type\":\"Person\",\"@id\":\"https:\\\/\\\/barcelona.euses.cat\\\/ca\\\/#\\\/schema\\\/person\\\/c3074ca9d956eacf02e41e2ff78e53ab\",\"name\":\"neorg\",\"image\":{\"@type\":\"ImageObject\",\"inLanguage\":\"ca\",\"@id\":\"https:\\\/\\\/secure.gravatar.com\\\/avatar\\\/709d3d8015183afa7401c02e2291a538cbfd4ffe62f4d86ce5f4871f22e86b09?s=96&d=mm&r=g\",\"url\":\"https:\\\/\\\/secure.gravatar.com\\\/avatar\\\/709d3d8015183afa7401c02e2291a538cbfd4ffe62f4d86ce5f4871f22e86b09?s=96&d=mm&r=g\",\"contentUrl\":\"https:\\\/\\\/secure.gravatar.com\\\/avatar\\\/709d3d8015183afa7401c02e2291a538cbfd4ffe62f4d86ce5f4871f22e86b09?s=96&d=mm&r=g\",\"caption\":\"neorg\"},\"url\":\"https:\\\/\\\/barcelona.euses.cat\\\/ca\\\/author\\\/neorg\\\/\"}]}<\/script>\n<!-- \/ Yoast SEO plugin. -->","yoast_head_json":{"title":"El professorat del Grau en Fisioter\u00e0pia Internacional, uns aut\u00e8ntics experts amb una \u00e0mplia dedicaci\u00f3 a la recerca cient\u00edfica | EUSES- Campus de Bellvitge (Barcelona)","robots":{"index":"index","follow":"follow","max-snippet":"max-snippet:-1","max-image-preview":"max-image-preview:large","max-video-preview":"max-video-preview:-1"},"canonical":"https:\/\/barcelona.euses.cat\/ca\/el-professorat-del-grau-en-fisioterapia-internacional-uns-autentics-experts-amb-una-amplia-dedicacio-a-la-recerca-cientifica\/","og_locale":"ca_ES","og_type":"article","og_title":"El professorat del Grau en Fisioter\u00e0pia Internacional, uns aut\u00e8ntics experts amb una \u00e0mplia dedicaci\u00f3 a la recerca cient\u00edfica | EUSES- Campus de Bellvitge (Barcelona)","og_description":"El professorat del Grau en Fisioter\u00e0pia Internacional, de l\u2019Escola de Noves Tecnologies Interactives (ENTI-UB) i de l\u2019Escola Universit\u00e0ria de la Salut i l\u2019Esport (EUSES-UdG), compagina la doc\u00e8ncia amb la recerca. Al Campus de la UB, tindr\u00e0s l\u2019oportunitat de formar-te amb un equip docent expert, la majoria dels quals, s\u00f3n Doctors especialitzats en el seu camp, [&hellip;]","og_url":"https:\/\/barcelona.euses.cat\/ca\/el-professorat-del-grau-en-fisioterapia-internacional-uns-autentics-experts-amb-una-amplia-dedicacio-a-la-recerca-cientifica\/","og_site_name":"EUSES- Campus de Bellvitge (Barcelona)","article_publisher":"https:\/\/www.facebook.com\/PhysioBCN\/","article_published_time":"2017-03-19T23:00:00+00:00","article_modified_time":"2019-06-03T10:32:25+00:00","og_image":[{"width":546,"height":364,"url":"https:\/\/barcelona.euses.cat\/wp-content\/uploads\/2018\/02\/jj.jpg","type":"image\/jpeg"}],"author":"neorg","twitter_card":"summary_large_image","twitter_misc":{"Escrit per":"neorg","Temps estimat de lectura":"3 minuts"},"schema":{"@context":"https:\/\/schema.org","@graph":[{"@type":"Article","@id":"https:\/\/barcelona.euses.cat\/ca\/el-professorat-del-grau-en-fisioterapia-internacional-uns-autentics-experts-amb-una-amplia-dedicacio-a-la-recerca-cientifica\/#article","isPartOf":{"@id":"https:\/\/barcelona.euses.cat\/ca\/el-professorat-del-grau-en-fisioterapia-internacional-uns-autentics-experts-amb-una-amplia-dedicacio-a-la-recerca-cientifica\/"},"author":{"name":"neorg","@id":"https:\/\/barcelona.euses.cat\/ca\/#\/schema\/person\/c3074ca9d956eacf02e41e2ff78e53ab"},"headline":"El professorat del Grau en Fisioter\u00e0pia Internacional, uns aut\u00e8ntics experts amb una \u00e0mplia dedicaci\u00f3 a la recerca cient\u00edfica","datePublished":"2017-03-19T23:00:00+00:00","dateModified":"2019-06-03T10:32:25+00:00","mainEntityOfPage":{"@id":"https:\/\/barcelona.euses.cat\/ca\/el-professorat-del-grau-en-fisioterapia-internacional-uns-autentics-experts-amb-una-amplia-dedicacio-a-la-recerca-cientifica\/"},"wordCount":550,"image":{"@id":"https:\/\/barcelona.euses.cat\/ca\/el-professorat-del-grau-en-fisioterapia-internacional-uns-autentics-experts-amb-una-amplia-dedicacio-a-la-recerca-cientifica\/#primaryimage"},"thumbnailUrl":"https:\/\/barcelona.euses.cat\/wp-content\/uploads\/2018\/02\/jj.jpg","keywords":["Catal\u00e0"],"articleSection":["sense categoria"],"inLanguage":"ca"},{"@type":"WebPage","@id":"https:\/\/barcelona.euses.cat\/ca\/el-professorat-del-grau-en-fisioterapia-internacional-uns-autentics-experts-amb-una-amplia-dedicacio-a-la-recerca-cientifica\/","url":"https:\/\/barcelona.euses.cat\/ca\/el-professorat-del-grau-en-fisioterapia-internacional-uns-autentics-experts-amb-una-amplia-dedicacio-a-la-recerca-cientifica\/","name":"El professorat del Grau en Fisioter\u00e0pia Internacional, uns aut\u00e8ntics experts amb una \u00e0mplia dedicaci\u00f3 a la recerca cient\u00edfica | EUSES- Campus de Bellvitge (Barcelona)","isPartOf":{"@id":"https:\/\/barcelona.euses.cat\/ca\/#website"},"primaryImageOfPage":{"@id":"https:\/\/barcelona.euses.cat\/ca\/el-professorat-del-grau-en-fisioterapia-internacional-uns-autentics-experts-amb-una-amplia-dedicacio-a-la-recerca-cientifica\/#primaryimage"},"image":{"@id":"https:\/\/barcelona.euses.cat\/ca\/el-professorat-del-grau-en-fisioterapia-internacional-uns-autentics-experts-amb-una-amplia-dedicacio-a-la-recerca-cientifica\/#primaryimage"},"thumbnailUrl":"https:\/\/barcelona.euses.cat\/wp-content\/uploads\/2018\/02\/jj.jpg","datePublished":"2017-03-19T23:00:00+00:00","dateModified":"2019-06-03T10:32:25+00:00","author":{"@id":"https:\/\/barcelona.euses.cat\/ca\/#\/schema\/person\/c3074ca9d956eacf02e41e2ff78e53ab"},"breadcrumb":{"@id":"https:\/\/barcelona.euses.cat\/ca\/el-professorat-del-grau-en-fisioterapia-internacional-uns-autentics-experts-amb-una-amplia-dedicacio-a-la-recerca-cientifica\/#breadcrumb"},"inLanguage":"ca","potentialAction":[{"@type":"ReadAction","target":["https:\/\/barcelona.euses.cat\/ca\/el-professorat-del-grau-en-fisioterapia-internacional-uns-autentics-experts-amb-una-amplia-dedicacio-a-la-recerca-cientifica\/"]}]},{"@type":"ImageObject","inLanguage":"ca","@id":"https:\/\/barcelona.euses.cat\/ca\/el-professorat-del-grau-en-fisioterapia-internacional-uns-autentics-experts-amb-una-amplia-dedicacio-a-la-recerca-cientifica\/#primaryimage","url":"https:\/\/barcelona.euses.cat\/wp-content\/uploads\/2018\/02\/jj.jpg","contentUrl":"https:\/\/barcelona.euses.cat\/wp-content\/uploads\/2018\/02\/jj.jpg","width":546,"height":364},{"@type":"BreadcrumbList","@id":"https:\/\/barcelona.euses.cat\/ca\/el-professorat-del-grau-en-fisioterapia-internacional-uns-autentics-experts-amb-una-amplia-dedicacio-a-la-recerca-cientifica\/#breadcrumb","itemListElement":[{"@type":"ListItem","position":1,"name":"Portada","item":"https:\/\/barcelona.euses.cat\/ca\/"},{"@type":"ListItem","position":2,"name":"El professorat del Grau en Fisioter\u00e0pia Internacional, uns aut\u00e8ntics experts amb una \u00e0mplia dedicaci\u00f3 a la recerca cient\u00edfica"}]},{"@type":"WebSite","@id":"https:\/\/barcelona.euses.cat\/ca\/#website","url":"https:\/\/barcelona.euses.cat\/ca\/","name":"EUSES - Campus de Bellvitge (Barcelona)","description":"EUSES, Escola Universit\u00e0ria de Fisioter\u00e0pia Internacional a Barcelona","potentialAction":[{"@type":"SearchAction","target":{"@type":"EntryPoint","urlTemplate":"https:\/\/barcelona.euses.cat\/ca\/?s={search_term_string}"},"query-input":{"@type":"PropertyValueSpecification","valueRequired":true,"valueName":"search_term_string"}}],"inLanguage":"ca"},{"@type":"Person","@id":"https:\/\/barcelona.euses.cat\/ca\/#\/schema\/person\/c3074ca9d956eacf02e41e2ff78e53ab","name":"neorg","image":{"@type":"ImageObject","inLanguage":"ca","@id":"https:\/\/secure.gravatar.com\/avatar\/709d3d8015183afa7401c02e2291a538cbfd4ffe62f4d86ce5f4871f22e86b09?s=96&d=mm&r=g","url":"https:\/\/secure.gravatar.com\/avatar\/709d3d8015183afa7401c02e2291a538cbfd4ffe62f4d86ce5f4871f22e86b09?s=96&d=mm&r=g","contentUrl":"https:\/\/secure.gravatar.com\/avatar\/709d3d8015183afa7401c02e2291a538cbfd4ffe62f4d86ce5f4871f22e86b09?s=96&d=mm&r=g","caption":"neorg"},"url":"https:\/\/barcelona.euses.cat\/ca\/author\/neorg\/"}]}},"_links":{"self":[{"href":"https:\/\/barcelona.euses.cat\/ca\/wp-json\/wp\/v2\/posts\/2508","targetHints":{"allow":["GET"]}}],"collection":[{"href":"https:\/\/barcelona.euses.cat\/ca\/wp-json\/wp\/v2\/posts"}],"about":[{"href":"https:\/\/barcelona.euses.cat\/ca\/wp-json\/wp\/v2\/types\/post"}],"author":[{"embeddable":true,"href":"https:\/\/barcelona.euses.cat\/ca\/wp-json\/wp\/v2\/users\/1"}],"replies":[{"embeddable":true,"href":"https:\/\/barcelona.euses.cat\/ca\/wp-json\/wp\/v2\/comments?post=2508"}],"version-history":[{"count":1,"href":"https:\/\/barcelona.euses.cat\/ca\/wp-json\/wp\/v2\/posts\/2508\/revisions"}],"predecessor-version":[{"id":6833,"href":"https:\/\/barcelona.euses.cat\/ca\/wp-json\/wp\/v2\/posts\/2508\/revisions\/6833"}],"wp:featuredmedia":[{"embeddable":true,"href":"https:\/\/barcelona.euses.cat\/ca\/wp-json\/wp\/v2\/media\/1826"}],"wp:attachment":[{"href":"https:\/\/barcelona.euses.cat\/ca\/wp-json\/wp\/v2\/media?parent=2508"}],"wp:term":[{"taxonomy":"category","embeddable":true,"href":"https:\/\/barcelona.euses.cat\/ca\/wp-json\/wp\/v2\/categories?post=2508"},{"taxonomy":"post_tag","embeddable":true,"href":"https:\/\/barcelona.euses.cat\/ca\/wp-json\/wp\/v2\/tags?post=2508"}],"curies":[{"name":"wp","href":"https:\/\/api.w.org\/{rel}","templated":true}]}}