{"id":2503,"date":"2017-02-13T00:00:00","date_gmt":"2017-02-12T23:00:00","guid":{"rendered":"http:\/\/physiotherapybarcelona.net\/grau-en-fisioterapia-internacional-descobreix-els-punts-forts-daquests-estudis-a-la-jornada-de-portes-obertes-del-25-de-febrer\/"},"modified":"2019-06-03T12:42:48","modified_gmt":"2019-06-03T10:42:48","slug":"grau-en-fisioterapia-internacional-descobreix-els-punts-forts-daquests-estudis-a-la-jornada-de-portes-obertes-del-25-de-febrer","status":"publish","type":"post","link":"https:\/\/barcelona.euses.cat\/ca\/grau-en-fisioterapia-internacional-descobreix-els-punts-forts-daquests-estudis-a-la-jornada-de-portes-obertes-del-25-de-febrer\/","title":{"rendered":"Grau en Fisioter\u00e0pia Internacional: descobreix els punts forts d\u2019aquests estudis a la Jornada de Portes Obertes del 25 de febrer"},"content":{"rendered":"<p style=\"text-align: justify;\">El proper dissabte <strong>25 de febrer<\/strong> i <strong>13 de maig<\/strong> a les <strong>11.30 h<\/strong>, el <strong>Campus de la Salut<\/strong> de la <strong>Universitat de Barcelona (UB) <\/strong>acollir\u00e0 les <strong>Jornades de Portes Obertes<\/strong> del <a href=\"https:\/\/goo.gl\/qkTe9T\"><strong>Grau en Fisioter\u00e0pia Internacional<\/strong><\/a> de <strong>l\u2019Escola Universit\u00e0ria de la Salut i l\u2019Esport (EUSES-UdG) <\/strong>i de <strong>l\u2019Escola de Noves Tecnologies Interactives (ENTI-UB)<\/strong>. Una excel\u00b7lent oportunitat perqu\u00e8 els estudiants interessats a realitzar aquest <strong>Grau<\/strong> universitari, el proper curs acad\u00e8mic 2017-2018, puguin informar-se de tots els detalls.<\/p>\n<p style=\"text-align: justify;\">Al llarg de les dues jornades, tindr\u00e0 lloc una <strong>sessi\u00f3 informativa<\/strong>, en la qual, els futurs estudiants rebran tota classe d\u2019informaci\u00f3 sobre el <strong>pla d\u2019estudis<\/strong>, el <strong>professorat<\/strong>, les <strong>sortides professionals<\/strong>, el proc\u00e9s <strong>d\u2019inscripcions<\/strong> i <strong>matr\u00edcules<\/strong>, entre molts altres aspectes. Sens dubte, estudiar el <strong>Grau en Fisioter\u00e0pia Internacional<\/strong> et permetr\u00e0 obtenir una <strong>formaci\u00f3<\/strong> <strong>hol\u00edstica<\/strong> i de <strong>qualitat<\/strong>, orientada a l\u2019aprenentatge dels diferents aspectes de la <strong>fisioter\u00e0pia<\/strong>. Per\u00f2 a m\u00e9s, aquesta titulaci\u00f3 compta amb tota una s\u00e8rie d\u2019importants <strong>avantatges<\/strong>:<\/p>\n<h2 style=\"text-align: justify;\"><strong>Qu\u00e8 pot fer el Grau en Fisioter\u00e0pia Internacional per tu?<\/strong><\/h2>\n<p style=\"text-align: justify;\">Estudiar\u00e0s<strong> \u00edntegrament en angl\u00e8s<\/strong>. Un <strong>idioma<\/strong>, el domini del qual, \u00e9s imprescindible en la societat actual, esdevenint una compet\u00e8ncia b\u00e0sica per al coneixement de la producci\u00f3 cient\u00edfica i l\u2019adquisici\u00f3 d\u2019un <strong>\u00f2ptim nivell professional<\/strong>.<\/p>\n<p style=\"text-align: justify;\">Aprendr\u00e0s a aplicar les<strong> noves tecnologies <\/strong>al camp de la<strong> fisioter\u00e0pia<\/strong>. Obtindr\u00e0s una <strong>formaci\u00f3<\/strong> <strong>universit\u00e0ria<\/strong> pionera en <strong>e-health<\/strong>. Aprendr\u00e0s a desenvolupar eines de valoraci\u00f3 des de la fisioter\u00e0pia; aplicar nous avan\u00e7os tecnol\u00f2gics en aquest \u00e0mbit; i fins i tot, ser\u00e0s capa\u00e7 de crear <strong>noves aplicacions tecnol\u00f2giques<\/strong> com: apps m\u00f2bils, software o modelatge tridimensional aplicat a aquest camp.<\/p>\n<p style=\"text-align: justify;\">Comptar\u00e0s amb un<strong> excel\u00b7lent equip docent<\/strong>. Tindr\u00e0s a la teva disposici\u00f3 un <strong>professorat<\/strong> altament <strong>qualificat<\/strong> en l\u2019\u00e0mbit de la doc\u00e8ncia, procedent de prestigioses <strong>universitats internacionals<\/strong>, especialitzat en el seu camp i amb el doble <strong>perfil\u00a0 d\u2019acad\u00e8mic-investigador<\/strong> i de <strong>professional en actiu<\/strong>.<\/p>\n<p style=\"text-align: justify;\">Tindr\u00e0s acc\u00e9s a m\u00faltiples programes d\u2019<strong>intercanvi internacional<\/strong>. Tindr\u00e0s la possibilitat d\u2019<strong>estudiar<\/strong> a <strong>l\u2019estranger<\/strong> i ampliar el teu <strong>networking internacional<\/strong>, gr\u00e0cies als programes <strong>ERASMUS<\/strong> amb <strong>universitats<\/strong> de <strong>prestigi internacional<\/strong>. A m\u00e9s, tamb\u00e9 s\u2019incentiva la posterior ampliaci\u00f3 i continuaci\u00f3 d\u2019estudis de <strong>postgrau<\/strong> en altres pa\u00efsos.<\/p>\n<p style=\"text-align: justify;\">Realitzar\u00e0s les<strong> pr\u00e0ctiques <\/strong>a reconeguts centres de l\u2019\u00e0mbit de la<strong> salut<\/strong>. Podr\u00e0s escollir realitzar el teu pr\u00e0cticum a <strong>centres de refer\u00e8ncia<\/strong> en els tractaments de <strong>fisioter\u00e0pia<\/strong> a les comarques de <strong>Girona, Barcelona, Terres de l\u2019Ebre<\/strong> i el <strong>sud de Fran\u00e7a<\/strong>.<\/p>\n<p style=\"text-align: justify;\">Aix\u00ed doncs, el proper dissabte <strong>25<\/strong> de<strong> febrer<\/strong> i <strong>13 de maig<\/strong> tens una cita amb les <strong>Jornades de Portes Obertes<\/strong> del <strong>Grau en Fisioter\u00e0pia Internacional <\/strong>al<strong> Campus de la UB.\u00a0 <\/strong>Fes la inscripci\u00f3 en aquest <a href=\"https:\/\/goo.gl\/h4g2lI\"><strong>enlla\u00e7<\/strong><\/a>.<\/p>\n<p style=\"text-align: justify;\">Recorda:<\/p>\n<p style=\"text-align: justify;\"><strong>Jornades de Portes Obertes <\/strong><\/p>\n<p style=\"text-align: justify;\">Grau en Fisioter\u00e0pia Internacional<\/p>\n<p style=\"text-align: justify;\"><strong>Dissabte 25 de febrer<\/strong> a les <strong>11.30 h<\/strong><\/p>\n<p style=\"text-align: justify;\">Campus Bellvitge-Barcelona<\/p>\n<p style=\"text-align: justify;\">Carrer de la Feixa Llarga s\/n<\/p>\n<p style=\"text-align: justify;\">08907 L&#8217;Hospitalet de Llobregat (Barcelona).<\/p>\n<p style=\"text-align: justify;\"><strong>\u00a0<\/strong><\/p>\n<p style=\"text-align: justify;\"><strong>Dissabte 13 de maig\u00a0a les 11.30 h<\/strong><\/p>\n<p style=\"text-align: justify;\">Campus Bellvitge-Barcelona<\/p>\n<p style=\"text-align: justify;\">Carrer de la Feixa Llarga s\/n<\/p>\n<p style=\"text-align: justify;\">08907 L&#8217;Hospitalet de Llobregat (Barcelona).<\/p>\n<p style=\"text-align: justify;\">\n","protected":false},"excerpt":{"rendered":"<p>El proper dissabte 25 de febrer i 13 de maig a les 11.30 h, el Campus de la Salut de la Universitat de Barcelona (UB) acollir\u00e0 les Jornades de Portes Obertes del Grau en Fisioter\u00e0pia Internacional de l\u2019Escola Universit\u00e0ria de la Salut i l\u2019Esport (EUSES-UdG) i de l\u2019Escola de Noves Tecnologies Interactives (ENTI-UB). Una excel\u00b7lent [&hellip;]<\/p>\n","protected":false},"author":1,"featured_media":2491,"comment_status":"closed","ping_status":"closed","sticky":false,"template":"","format":"standard","meta":{"_acf_changed":false,"inline_featured_image":false,"_joinchat":[],"footnotes":""},"categories":[46],"tags":[45],"class_list":["post-2503","post","type-post","status-publish","format-standard","has-post-thumbnail","hentry","category-sense-categoria","tag-catala"],"acf":[],"yoast_head":"<!-- This site is optimized with the Yoast SEO plugin v27.4 - https:\/\/yoast.com\/product\/yoast-seo-wordpress\/ -->\n<title>Grau en Fisioter\u00e0pia Internacional: descobreix els punts forts d\u2019aquests estudis a la Jornada de Portes Obertes del 25 de febrer | EUSES- Campus de Bellvitge (Barcelona)<\/title>\n<meta name=\"robots\" content=\"index, follow, max-snippet:-1, max-image-preview:large, max-video-preview:-1\" \/>\n<link rel=\"canonical\" href=\"https:\/\/barcelona.euses.cat\/ca\/grau-en-fisioterapia-internacional-descobreix-els-punts-forts-daquests-estudis-a-la-jornada-de-portes-obertes-del-25-de-febrer\/\" \/>\n<meta property=\"og:locale\" content=\"ca_ES\" \/>\n<meta property=\"og:type\" content=\"article\" \/>\n<meta property=\"og:title\" content=\"Grau en Fisioter\u00e0pia Internacional: descobreix els punts forts d\u2019aquests estudis a la Jornada de Portes Obertes del 25 de febrer | EUSES- Campus de Bellvitge (Barcelona)\" \/>\n<meta property=\"og:description\" content=\"El proper dissabte 25 de febrer i 13 de maig a les 11.30 h, el Campus de la Salut de la Universitat de Barcelona (UB) acollir\u00e0 les Jornades de Portes Obertes del Grau en Fisioter\u00e0pia Internacional de l\u2019Escola Universit\u00e0ria de la Salut i l\u2019Esport (EUSES-UdG) i de l\u2019Escola de Noves Tecnologies Interactives (ENTI-UB). Una excel\u00b7lent [&hellip;]\" \/>\n<meta property=\"og:url\" content=\"https:\/\/barcelona.euses.cat\/ca\/grau-en-fisioterapia-internacional-descobreix-els-punts-forts-daquests-estudis-a-la-jornada-de-portes-obertes-del-25-de-febrer\/\" \/>\n<meta property=\"og:site_name\" content=\"EUSES- Campus de Bellvitge (Barcelona)\" \/>\n<meta property=\"article:publisher\" content=\"https:\/\/www.facebook.com\/PhysioBCN\/\" \/>\n<meta property=\"article:published_time\" content=\"2017-02-12T23:00:00+00:00\" \/>\n<meta property=\"article:modified_time\" content=\"2019-06-03T10:42:48+00:00\" \/>\n<meta property=\"og:image\" content=\"https:\/\/barcelona.euses.cat\/wp-content\/uploads\/2018\/02\/physiotherapy-catala-1024x773.png\" \/>\n\t<meta property=\"og:image:width\" content=\"1024\" \/>\n\t<meta property=\"og:image:height\" content=\"773\" \/>\n\t<meta property=\"og:image:type\" content=\"image\/png\" \/>\n<meta name=\"author\" content=\"neorg\" \/>\n<meta name=\"twitter:card\" content=\"summary_large_image\" \/>\n<meta name=\"twitter:label1\" content=\"Escrit per\" \/>\n\t<meta name=\"twitter:data1\" content=\"neorg\" \/>\n\t<meta name=\"twitter:label2\" content=\"Temps estimat de lectura\" \/>\n\t<meta name=\"twitter:data2\" content=\"3 minuts\" \/>\n<script type=\"application\/ld+json\" class=\"yoast-schema-graph\">{\"@context\":\"https:\\\/\\\/schema.org\",\"@graph\":[{\"@type\":\"Article\",\"@id\":\"https:\\\/\\\/barcelona.euses.cat\\\/ca\\\/grau-en-fisioterapia-internacional-descobreix-els-punts-forts-daquests-estudis-a-la-jornada-de-portes-obertes-del-25-de-febrer\\\/#article\",\"isPartOf\":{\"@id\":\"https:\\\/\\\/barcelona.euses.cat\\\/ca\\\/grau-en-fisioterapia-internacional-descobreix-els-punts-forts-daquests-estudis-a-la-jornada-de-portes-obertes-del-25-de-febrer\\\/\"},\"author\":{\"name\":\"neorg\",\"@id\":\"https:\\\/\\\/barcelona.euses.cat\\\/ca\\\/#\\\/schema\\\/person\\\/c3074ca9d956eacf02e41e2ff78e53ab\"},\"headline\":\"Grau en Fisioter\u00e0pia Internacional: descobreix els punts forts d\u2019aquests estudis a la Jornada de Portes Obertes del 25 de febrer\",\"datePublished\":\"2017-02-12T23:00:00+00:00\",\"dateModified\":\"2019-06-03T10:42:48+00:00\",\"mainEntityOfPage\":{\"@id\":\"https:\\\/\\\/barcelona.euses.cat\\\/ca\\\/grau-en-fisioterapia-internacional-descobreix-els-punts-forts-daquests-estudis-a-la-jornada-de-portes-obertes-del-25-de-febrer\\\/\"},\"wordCount\":547,\"image\":{\"@id\":\"https:\\\/\\\/barcelona.euses.cat\\\/ca\\\/grau-en-fisioterapia-internacional-descobreix-els-punts-forts-daquests-estudis-a-la-jornada-de-portes-obertes-del-25-de-febrer\\\/#primaryimage\"},\"thumbnailUrl\":\"https:\\\/\\\/barcelona.euses.cat\\\/wp-content\\\/uploads\\\/2018\\\/02\\\/physiotherapy-catala.png\",\"keywords\":[\"Catal\u00e0\"],\"articleSection\":[\"sense categoria\"],\"inLanguage\":\"ca\"},{\"@type\":\"WebPage\",\"@id\":\"https:\\\/\\\/barcelona.euses.cat\\\/ca\\\/grau-en-fisioterapia-internacional-descobreix-els-punts-forts-daquests-estudis-a-la-jornada-de-portes-obertes-del-25-de-febrer\\\/\",\"url\":\"https:\\\/\\\/barcelona.euses.cat\\\/ca\\\/grau-en-fisioterapia-internacional-descobreix-els-punts-forts-daquests-estudis-a-la-jornada-de-portes-obertes-del-25-de-febrer\\\/\",\"name\":\"Grau en Fisioter\u00e0pia Internacional: descobreix els punts forts d\u2019aquests estudis a la Jornada de Portes Obertes del 25 de febrer | EUSES- Campus de Bellvitge (Barcelona)\",\"isPartOf\":{\"@id\":\"https:\\\/\\\/barcelona.euses.cat\\\/ca\\\/#website\"},\"primaryImageOfPage\":{\"@id\":\"https:\\\/\\\/barcelona.euses.cat\\\/ca\\\/grau-en-fisioterapia-internacional-descobreix-els-punts-forts-daquests-estudis-a-la-jornada-de-portes-obertes-del-25-de-febrer\\\/#primaryimage\"},\"image\":{\"@id\":\"https:\\\/\\\/barcelona.euses.cat\\\/ca\\\/grau-en-fisioterapia-internacional-descobreix-els-punts-forts-daquests-estudis-a-la-jornada-de-portes-obertes-del-25-de-febrer\\\/#primaryimage\"},\"thumbnailUrl\":\"https:\\\/\\\/barcelona.euses.cat\\\/wp-content\\\/uploads\\\/2018\\\/02\\\/physiotherapy-catala.png\",\"datePublished\":\"2017-02-12T23:00:00+00:00\",\"dateModified\":\"2019-06-03T10:42:48+00:00\",\"author\":{\"@id\":\"https:\\\/\\\/barcelona.euses.cat\\\/ca\\\/#\\\/schema\\\/person\\\/c3074ca9d956eacf02e41e2ff78e53ab\"},\"breadcrumb\":{\"@id\":\"https:\\\/\\\/barcelona.euses.cat\\\/ca\\\/grau-en-fisioterapia-internacional-descobreix-els-punts-forts-daquests-estudis-a-la-jornada-de-portes-obertes-del-25-de-febrer\\\/#breadcrumb\"},\"inLanguage\":\"ca\",\"potentialAction\":[{\"@type\":\"ReadAction\",\"target\":[\"https:\\\/\\\/barcelona.euses.cat\\\/ca\\\/grau-en-fisioterapia-internacional-descobreix-els-punts-forts-daquests-estudis-a-la-jornada-de-portes-obertes-del-25-de-febrer\\\/\"]}]},{\"@type\":\"ImageObject\",\"inLanguage\":\"ca\",\"@id\":\"https:\\\/\\\/barcelona.euses.cat\\\/ca\\\/grau-en-fisioterapia-internacional-descobreix-els-punts-forts-daquests-estudis-a-la-jornada-de-portes-obertes-del-25-de-febrer\\\/#primaryimage\",\"url\":\"https:\\\/\\\/barcelona.euses.cat\\\/wp-content\\\/uploads\\\/2018\\\/02\\\/physiotherapy-catala.png\",\"contentUrl\":\"https:\\\/\\\/barcelona.euses.cat\\\/wp-content\\\/uploads\\\/2018\\\/02\\\/physiotherapy-catala.png\",\"width\":1910,\"height\":1442},{\"@type\":\"BreadcrumbList\",\"@id\":\"https:\\\/\\\/barcelona.euses.cat\\\/ca\\\/grau-en-fisioterapia-internacional-descobreix-els-punts-forts-daquests-estudis-a-la-jornada-de-portes-obertes-del-25-de-febrer\\\/#breadcrumb\",\"itemListElement\":[{\"@type\":\"ListItem\",\"position\":1,\"name\":\"Portada\",\"item\":\"https:\\\/\\\/barcelona.euses.cat\\\/ca\\\/\"},{\"@type\":\"ListItem\",\"position\":2,\"name\":\"Grau en Fisioter\u00e0pia Internacional: descobreix els punts forts d\u2019aquests estudis a la Jornada de Portes Obertes del 25 de febrer\"}]},{\"@type\":\"WebSite\",\"@id\":\"https:\\\/\\\/barcelona.euses.cat\\\/ca\\\/#website\",\"url\":\"https:\\\/\\\/barcelona.euses.cat\\\/ca\\\/\",\"name\":\"EUSES - Campus de Bellvitge (Barcelona)\",\"description\":\"EUSES, Escola Universit\u00e0ria de Fisioter\u00e0pia Internacional a Barcelona\",\"potentialAction\":[{\"@type\":\"SearchAction\",\"target\":{\"@type\":\"EntryPoint\",\"urlTemplate\":\"https:\\\/\\\/barcelona.euses.cat\\\/ca\\\/?s={search_term_string}\"},\"query-input\":{\"@type\":\"PropertyValueSpecification\",\"valueRequired\":true,\"valueName\":\"search_term_string\"}}],\"inLanguage\":\"ca\"},{\"@type\":\"Person\",\"@id\":\"https:\\\/\\\/barcelona.euses.cat\\\/ca\\\/#\\\/schema\\\/person\\\/c3074ca9d956eacf02e41e2ff78e53ab\",\"name\":\"neorg\",\"image\":{\"@type\":\"ImageObject\",\"inLanguage\":\"ca\",\"@id\":\"https:\\\/\\\/secure.gravatar.com\\\/avatar\\\/709d3d8015183afa7401c02e2291a538cbfd4ffe62f4d86ce5f4871f22e86b09?s=96&d=mm&r=g\",\"url\":\"https:\\\/\\\/secure.gravatar.com\\\/avatar\\\/709d3d8015183afa7401c02e2291a538cbfd4ffe62f4d86ce5f4871f22e86b09?s=96&d=mm&r=g\",\"contentUrl\":\"https:\\\/\\\/secure.gravatar.com\\\/avatar\\\/709d3d8015183afa7401c02e2291a538cbfd4ffe62f4d86ce5f4871f22e86b09?s=96&d=mm&r=g\",\"caption\":\"neorg\"},\"url\":\"https:\\\/\\\/barcelona.euses.cat\\\/ca\\\/author\\\/neorg\\\/\"}]}<\/script>\n<!-- \/ Yoast SEO plugin. -->","yoast_head_json":{"title":"Grau en Fisioter\u00e0pia Internacional: descobreix els punts forts d\u2019aquests estudis a la Jornada de Portes Obertes del 25 de febrer | EUSES- Campus de Bellvitge (Barcelona)","robots":{"index":"index","follow":"follow","max-snippet":"max-snippet:-1","max-image-preview":"max-image-preview:large","max-video-preview":"max-video-preview:-1"},"canonical":"https:\/\/barcelona.euses.cat\/ca\/grau-en-fisioterapia-internacional-descobreix-els-punts-forts-daquests-estudis-a-la-jornada-de-portes-obertes-del-25-de-febrer\/","og_locale":"ca_ES","og_type":"article","og_title":"Grau en Fisioter\u00e0pia Internacional: descobreix els punts forts d\u2019aquests estudis a la Jornada de Portes Obertes del 25 de febrer | EUSES- Campus de Bellvitge (Barcelona)","og_description":"El proper dissabte 25 de febrer i 13 de maig a les 11.30 h, el Campus de la Salut de la Universitat de Barcelona (UB) acollir\u00e0 les Jornades de Portes Obertes del Grau en Fisioter\u00e0pia Internacional de l\u2019Escola Universit\u00e0ria de la Salut i l\u2019Esport (EUSES-UdG) i de l\u2019Escola de Noves Tecnologies Interactives (ENTI-UB). Una excel\u00b7lent [&hellip;]","og_url":"https:\/\/barcelona.euses.cat\/ca\/grau-en-fisioterapia-internacional-descobreix-els-punts-forts-daquests-estudis-a-la-jornada-de-portes-obertes-del-25-de-febrer\/","og_site_name":"EUSES- Campus de Bellvitge (Barcelona)","article_publisher":"https:\/\/www.facebook.com\/PhysioBCN\/","article_published_time":"2017-02-12T23:00:00+00:00","article_modified_time":"2019-06-03T10:42:48+00:00","og_image":[{"width":1024,"height":773,"url":"https:\/\/barcelona.euses.cat\/wp-content\/uploads\/2018\/02\/physiotherapy-catala-1024x773.png","type":"image\/png"}],"author":"neorg","twitter_card":"summary_large_image","twitter_misc":{"Escrit per":"neorg","Temps estimat de lectura":"3 minuts"},"schema":{"@context":"https:\/\/schema.org","@graph":[{"@type":"Article","@id":"https:\/\/barcelona.euses.cat\/ca\/grau-en-fisioterapia-internacional-descobreix-els-punts-forts-daquests-estudis-a-la-jornada-de-portes-obertes-del-25-de-febrer\/#article","isPartOf":{"@id":"https:\/\/barcelona.euses.cat\/ca\/grau-en-fisioterapia-internacional-descobreix-els-punts-forts-daquests-estudis-a-la-jornada-de-portes-obertes-del-25-de-febrer\/"},"author":{"name":"neorg","@id":"https:\/\/barcelona.euses.cat\/ca\/#\/schema\/person\/c3074ca9d956eacf02e41e2ff78e53ab"},"headline":"Grau en Fisioter\u00e0pia Internacional: descobreix els punts forts d\u2019aquests estudis a la Jornada de Portes Obertes del 25 de febrer","datePublished":"2017-02-12T23:00:00+00:00","dateModified":"2019-06-03T10:42:48+00:00","mainEntityOfPage":{"@id":"https:\/\/barcelona.euses.cat\/ca\/grau-en-fisioterapia-internacional-descobreix-els-punts-forts-daquests-estudis-a-la-jornada-de-portes-obertes-del-25-de-febrer\/"},"wordCount":547,"image":{"@id":"https:\/\/barcelona.euses.cat\/ca\/grau-en-fisioterapia-internacional-descobreix-els-punts-forts-daquests-estudis-a-la-jornada-de-portes-obertes-del-25-de-febrer\/#primaryimage"},"thumbnailUrl":"https:\/\/barcelona.euses.cat\/wp-content\/uploads\/2018\/02\/physiotherapy-catala.png","keywords":["Catal\u00e0"],"articleSection":["sense categoria"],"inLanguage":"ca"},{"@type":"WebPage","@id":"https:\/\/barcelona.euses.cat\/ca\/grau-en-fisioterapia-internacional-descobreix-els-punts-forts-daquests-estudis-a-la-jornada-de-portes-obertes-del-25-de-febrer\/","url":"https:\/\/barcelona.euses.cat\/ca\/grau-en-fisioterapia-internacional-descobreix-els-punts-forts-daquests-estudis-a-la-jornada-de-portes-obertes-del-25-de-febrer\/","name":"Grau en Fisioter\u00e0pia Internacional: descobreix els punts forts d\u2019aquests estudis a la Jornada de Portes Obertes del 25 de febrer | EUSES- Campus de Bellvitge (Barcelona)","isPartOf":{"@id":"https:\/\/barcelona.euses.cat\/ca\/#website"},"primaryImageOfPage":{"@id":"https:\/\/barcelona.euses.cat\/ca\/grau-en-fisioterapia-internacional-descobreix-els-punts-forts-daquests-estudis-a-la-jornada-de-portes-obertes-del-25-de-febrer\/#primaryimage"},"image":{"@id":"https:\/\/barcelona.euses.cat\/ca\/grau-en-fisioterapia-internacional-descobreix-els-punts-forts-daquests-estudis-a-la-jornada-de-portes-obertes-del-25-de-febrer\/#primaryimage"},"thumbnailUrl":"https:\/\/barcelona.euses.cat\/wp-content\/uploads\/2018\/02\/physiotherapy-catala.png","datePublished":"2017-02-12T23:00:00+00:00","dateModified":"2019-06-03T10:42:48+00:00","author":{"@id":"https:\/\/barcelona.euses.cat\/ca\/#\/schema\/person\/c3074ca9d956eacf02e41e2ff78e53ab"},"breadcrumb":{"@id":"https:\/\/barcelona.euses.cat\/ca\/grau-en-fisioterapia-internacional-descobreix-els-punts-forts-daquests-estudis-a-la-jornada-de-portes-obertes-del-25-de-febrer\/#breadcrumb"},"inLanguage":"ca","potentialAction":[{"@type":"ReadAction","target":["https:\/\/barcelona.euses.cat\/ca\/grau-en-fisioterapia-internacional-descobreix-els-punts-forts-daquests-estudis-a-la-jornada-de-portes-obertes-del-25-de-febrer\/"]}]},{"@type":"ImageObject","inLanguage":"ca","@id":"https:\/\/barcelona.euses.cat\/ca\/grau-en-fisioterapia-internacional-descobreix-els-punts-forts-daquests-estudis-a-la-jornada-de-portes-obertes-del-25-de-febrer\/#primaryimage","url":"https:\/\/barcelona.euses.cat\/wp-content\/uploads\/2018\/02\/physiotherapy-catala.png","contentUrl":"https:\/\/barcelona.euses.cat\/wp-content\/uploads\/2018\/02\/physiotherapy-catala.png","width":1910,"height":1442},{"@type":"BreadcrumbList","@id":"https:\/\/barcelona.euses.cat\/ca\/grau-en-fisioterapia-internacional-descobreix-els-punts-forts-daquests-estudis-a-la-jornada-de-portes-obertes-del-25-de-febrer\/#breadcrumb","itemListElement":[{"@type":"ListItem","position":1,"name":"Portada","item":"https:\/\/barcelona.euses.cat\/ca\/"},{"@type":"ListItem","position":2,"name":"Grau en Fisioter\u00e0pia Internacional: descobreix els punts forts d\u2019aquests estudis a la Jornada de Portes Obertes del 25 de febrer"}]},{"@type":"WebSite","@id":"https:\/\/barcelona.euses.cat\/ca\/#website","url":"https:\/\/barcelona.euses.cat\/ca\/","name":"EUSES - Campus de Bellvitge (Barcelona)","description":"EUSES, Escola Universit\u00e0ria de Fisioter\u00e0pia Internacional a Barcelona","potentialAction":[{"@type":"SearchAction","target":{"@type":"EntryPoint","urlTemplate":"https:\/\/barcelona.euses.cat\/ca\/?s={search_term_string}"},"query-input":{"@type":"PropertyValueSpecification","valueRequired":true,"valueName":"search_term_string"}}],"inLanguage":"ca"},{"@type":"Person","@id":"https:\/\/barcelona.euses.cat\/ca\/#\/schema\/person\/c3074ca9d956eacf02e41e2ff78e53ab","name":"neorg","image":{"@type":"ImageObject","inLanguage":"ca","@id":"https:\/\/secure.gravatar.com\/avatar\/709d3d8015183afa7401c02e2291a538cbfd4ffe62f4d86ce5f4871f22e86b09?s=96&d=mm&r=g","url":"https:\/\/secure.gravatar.com\/avatar\/709d3d8015183afa7401c02e2291a538cbfd4ffe62f4d86ce5f4871f22e86b09?s=96&d=mm&r=g","contentUrl":"https:\/\/secure.gravatar.com\/avatar\/709d3d8015183afa7401c02e2291a538cbfd4ffe62f4d86ce5f4871f22e86b09?s=96&d=mm&r=g","caption":"neorg"},"url":"https:\/\/barcelona.euses.cat\/ca\/author\/neorg\/"}]}},"_links":{"self":[{"href":"https:\/\/barcelona.euses.cat\/ca\/wp-json\/wp\/v2\/posts\/2503","targetHints":{"allow":["GET"]}}],"collection":[{"href":"https:\/\/barcelona.euses.cat\/ca\/wp-json\/wp\/v2\/posts"}],"about":[{"href":"https:\/\/barcelona.euses.cat\/ca\/wp-json\/wp\/v2\/types\/post"}],"author":[{"embeddable":true,"href":"https:\/\/barcelona.euses.cat\/ca\/wp-json\/wp\/v2\/users\/1"}],"replies":[{"embeddable":true,"href":"https:\/\/barcelona.euses.cat\/ca\/wp-json\/wp\/v2\/comments?post=2503"}],"version-history":[{"count":1,"href":"https:\/\/barcelona.euses.cat\/ca\/wp-json\/wp\/v2\/posts\/2503\/revisions"}],"predecessor-version":[{"id":6843,"href":"https:\/\/barcelona.euses.cat\/ca\/wp-json\/wp\/v2\/posts\/2503\/revisions\/6843"}],"wp:featuredmedia":[{"embeddable":true,"href":"https:\/\/barcelona.euses.cat\/ca\/wp-json\/wp\/v2\/media\/2491"}],"wp:attachment":[{"href":"https:\/\/barcelona.euses.cat\/ca\/wp-json\/wp\/v2\/media?parent=2503"}],"wp:term":[{"taxonomy":"category","embeddable":true,"href":"https:\/\/barcelona.euses.cat\/ca\/wp-json\/wp\/v2\/categories?post=2503"},{"taxonomy":"post_tag","embeddable":true,"href":"https:\/\/barcelona.euses.cat\/ca\/wp-json\/wp\/v2\/tags?post=2503"}],"curies":[{"name":"wp","href":"https:\/\/api.w.org\/{rel}","templated":true}]}}