{"id":2496,"date":"2017-01-24T00:00:00","date_gmt":"2017-01-23T23:00:00","guid":{"rendered":"http:\/\/physiotherapybarcelona.net\/la-dinamica-de-les-activitats-de-la-vida-diaria-en-adults-majors-institucionalitzats-estudi-longitudinal-de-dos-anys-publicacio-del-professor-javier-jerez\/"},"modified":"2019-06-03T12:43:05","modified_gmt":"2019-06-03T10:43:05","slug":"la-dinamica-de-les-activitats-de-la-vida-diaria-en-adults-majors-institucionalitzats-estudi-longitudinal-de-dos-anys-publicacio-del-professor-javier-jerez","status":"publish","type":"post","link":"https:\/\/barcelona.euses.cat\/ca\/la-dinamica-de-les-activitats-de-la-vida-diaria-en-adults-majors-institucionalitzats-estudi-longitudinal-de-dos-anys-publicacio-del-professor-javier-jerez\/","title":{"rendered":"\u201cLa din\u00e0mica de les activitats de la vida di\u00e0ria en adults majors institucionalitzats: estudi longitudinal de dos anys\u201d, publicaci\u00f3 del professor Javier Jerez"},"content":{"rendered":"<p>Al <strong>Grau en Fisioter\u00e0pia Internacional<\/strong> <strong>d\u2019EUSES-UdG i ENTI-UB<\/strong> la feina de <strong>recerca<\/strong> \u00e9s una de les <strong>branques<\/strong> m\u00e9s <strong>importants<\/strong>. El nostre <strong>professorat<\/strong> <strong>compagina la doc\u00e8ncia amb la investigaci\u00f3<\/strong>. El <strong>professor Javier Jerez Roig<\/strong>\u00a0 n\u2019\u00e9s un exemple.<\/p>\n<p>Va realitzar un <strong>estudi<\/strong> anomenat \u201c<strong>La din\u00e0mica de les activitats de la vida di\u00e0ria en adults majors institucionalitzats: estudi longitudinal de dos anys\u201d<\/strong>. L\u2019objectiu de l\u2019estudi era veure la <strong>incid\u00e8ncia<\/strong>\u00a0 que tenia el <strong>declivi<\/strong> <strong>funcional<\/strong>, el <strong>manteniment<\/strong> <strong>funcional<\/strong> i la <strong>millora<\/strong> <strong>funcional<\/strong> en les activitats b\u00e0siques de la vida di\u00e0ria (<strong>ABVD<\/strong>) d\u2019 adults majors institucionalitzats, igual que analitzar l\u2019evoluci\u00f3 de la seva capacitat funcional.<\/p>\n<p>L\u2019estudi centrat a la zona de <strong>l\u2019Am\u00e8rica Llatina<\/strong>, es va realitzar en dos anys i en cinc onades, amb avaluacions cada 6 mesos a residents de 10 resid\u00e8ncies geri\u00e0triques. <strong>Avaluaven<\/strong> <strong>activitats<\/strong> com <strong>menjar<\/strong>, la <strong>higiene<\/strong> <strong>personal<\/strong>, <strong>banyar<\/strong>&#8211;<strong>se<\/strong>, <strong>despla\u00e7ar<\/strong>&#8211;<strong>se<\/strong> i <strong>caminar<\/strong> mitjan\u00e7ant una <strong>escala<\/strong> <strong>Likert<\/strong> <strong>de 5 punts.<\/strong><\/p>\n<p>La meitat dels <strong>280 adults<\/strong> que van participar en l\u2019estudi, van experimentar un declivi funcional i menys del 15% van millorar la capacitat funcional. L\u2019activitat de menjar va patir el declivi m\u00e9s pronunciat, seguit per la mobilitat i les activitats de cura personal.<\/p>\n<p>Si vols veure m\u00e9s informaci\u00f3 i altres estudis i investigacions del professor Javier Jerez Roig segueix <a href=\"https:\/\/www.ncbi.nlm.nih.gov\/pubmed?term=jerez+roig&amp;cmd=DetailsSearch\">l\u2019enlla\u00e7<\/a>.<\/p>\n<p>&nbsp;<\/p>\n<p>&nbsp;<\/p>\n","protected":false},"excerpt":{"rendered":"<p>Al Grau en Fisioter\u00e0pia Internacional d\u2019EUSES-UdG i ENTI-UB la feina de recerca \u00e9s una de les branques m\u00e9s importants. El nostre professorat compagina la doc\u00e8ncia amb la investigaci\u00f3. El professor Javier Jerez Roig\u00a0 n\u2019\u00e9s un exemple. Va realitzar un estudi anomenat \u201cLa din\u00e0mica de les activitats de la vida di\u00e0ria en adults majors institucionalitzats: estudi [&hellip;]<\/p>\n","protected":false},"author":1,"featured_media":1777,"comment_status":"closed","ping_status":"closed","sticky":false,"template":"","format":"standard","meta":{"_acf_changed":false,"inline_featured_image":false,"_joinchat":[],"footnotes":""},"categories":[46],"tags":[45],"class_list":["post-2496","post","type-post","status-publish","format-standard","has-post-thumbnail","hentry","category-sense-categoria","tag-catala"],"acf":[],"yoast_head":"<!-- This site is optimized with the Yoast SEO plugin v27.4 - https:\/\/yoast.com\/product\/yoast-seo-wordpress\/ -->\n<title>\u201cLa din\u00e0mica de les activitats de la vida di\u00e0ria en adults majors institucionalitzats: estudi longitudinal de dos anys\u201d, publicaci\u00f3 del professor Javier Jerez | EUSES- Campus de Bellvitge (Barcelona)<\/title>\n<meta name=\"robots\" content=\"index, follow, max-snippet:-1, max-image-preview:large, max-video-preview:-1\" \/>\n<link rel=\"canonical\" href=\"https:\/\/barcelona.euses.cat\/ca\/la-dinamica-de-les-activitats-de-la-vida-diaria-en-adults-majors-institucionalitzats-estudi-longitudinal-de-dos-anys-publicacio-del-professor-javier-jerez\/\" \/>\n<meta property=\"og:locale\" content=\"ca_ES\" \/>\n<meta property=\"og:type\" content=\"article\" \/>\n<meta property=\"og:title\" content=\"\u201cLa din\u00e0mica de les activitats de la vida di\u00e0ria en adults majors institucionalitzats: estudi longitudinal de dos anys\u201d, publicaci\u00f3 del professor Javier Jerez | EUSES- Campus de Bellvitge (Barcelona)\" \/>\n<meta property=\"og:description\" content=\"Al Grau en Fisioter\u00e0pia Internacional d\u2019EUSES-UdG i ENTI-UB la feina de recerca \u00e9s una de les branques m\u00e9s importants. El nostre professorat compagina la doc\u00e8ncia amb la investigaci\u00f3. El professor Javier Jerez Roig\u00a0 n\u2019\u00e9s un exemple. Va realitzar un estudi anomenat \u201cLa din\u00e0mica de les activitats de la vida di\u00e0ria en adults majors institucionalitzats: estudi [&hellip;]\" \/>\n<meta property=\"og:url\" content=\"https:\/\/barcelona.euses.cat\/ca\/la-dinamica-de-les-activitats-de-la-vida-diaria-en-adults-majors-institucionalitzats-estudi-longitudinal-de-dos-anys-publicacio-del-professor-javier-jerez\/\" \/>\n<meta property=\"og:site_name\" content=\"EUSES- Campus de Bellvitge (Barcelona)\" \/>\n<meta property=\"article:publisher\" content=\"https:\/\/www.facebook.com\/PhysioBCN\/\" \/>\n<meta property=\"article:published_time\" content=\"2017-01-23T23:00:00+00:00\" \/>\n<meta property=\"article:modified_time\" content=\"2019-06-03T10:43:05+00:00\" \/>\n<meta property=\"og:image\" content=\"https:\/\/barcelona.euses.cat\/wp-content\/uploads\/2018\/02\/shared-14.png\" \/>\n\t<meta property=\"og:image:width\" content=\"4961\" \/>\n\t<meta property=\"og:image:height\" content=\"3780\" \/>\n\t<meta property=\"og:image:type\" content=\"image\/png\" \/>\n<meta name=\"author\" content=\"neorg\" \/>\n<meta name=\"twitter:card\" content=\"summary_large_image\" \/>\n<meta name=\"twitter:label1\" content=\"Escrit per\" \/>\n\t<meta name=\"twitter:data1\" content=\"neorg\" \/>\n\t<meta name=\"twitter:label2\" content=\"Temps estimat de lectura\" \/>\n\t<meta name=\"twitter:data2\" content=\"1 minut\" \/>\n<script type=\"application\/ld+json\" class=\"yoast-schema-graph\">{\"@context\":\"https:\\\/\\\/schema.org\",\"@graph\":[{\"@type\":\"Article\",\"@id\":\"https:\\\/\\\/barcelona.euses.cat\\\/ca\\\/la-dinamica-de-les-activitats-de-la-vida-diaria-en-adults-majors-institucionalitzats-estudi-longitudinal-de-dos-anys-publicacio-del-professor-javier-jerez\\\/#article\",\"isPartOf\":{\"@id\":\"https:\\\/\\\/barcelona.euses.cat\\\/ca\\\/la-dinamica-de-les-activitats-de-la-vida-diaria-en-adults-majors-institucionalitzats-estudi-longitudinal-de-dos-anys-publicacio-del-professor-javier-jerez\\\/\"},\"author\":{\"name\":\"neorg\",\"@id\":\"https:\\\/\\\/barcelona.euses.cat\\\/ca\\\/#\\\/schema\\\/person\\\/c3074ca9d956eacf02e41e2ff78e53ab\"},\"headline\":\"\u201cLa din\u00e0mica de les activitats de la vida di\u00e0ria en adults majors institucionalitzats: estudi longitudinal de dos anys\u201d, publicaci\u00f3 del professor Javier Jerez\",\"datePublished\":\"2017-01-23T23:00:00+00:00\",\"dateModified\":\"2019-06-03T10:43:05+00:00\",\"mainEntityOfPage\":{\"@id\":\"https:\\\/\\\/barcelona.euses.cat\\\/ca\\\/la-dinamica-de-les-activitats-de-la-vida-diaria-en-adults-majors-institucionalitzats-estudi-longitudinal-de-dos-anys-publicacio-del-professor-javier-jerez\\\/\"},\"wordCount\":254,\"image\":{\"@id\":\"https:\\\/\\\/barcelona.euses.cat\\\/ca\\\/la-dinamica-de-les-activitats-de-la-vida-diaria-en-adults-majors-institucionalitzats-estudi-longitudinal-de-dos-anys-publicacio-del-professor-javier-jerez\\\/#primaryimage\"},\"thumbnailUrl\":\"https:\\\/\\\/barcelona.euses.cat\\\/wp-content\\\/uploads\\\/2018\\\/02\\\/shared-14.png\",\"keywords\":[\"Catal\u00e0\"],\"articleSection\":[\"sense categoria\"],\"inLanguage\":\"ca\"},{\"@type\":\"WebPage\",\"@id\":\"https:\\\/\\\/barcelona.euses.cat\\\/ca\\\/la-dinamica-de-les-activitats-de-la-vida-diaria-en-adults-majors-institucionalitzats-estudi-longitudinal-de-dos-anys-publicacio-del-professor-javier-jerez\\\/\",\"url\":\"https:\\\/\\\/barcelona.euses.cat\\\/ca\\\/la-dinamica-de-les-activitats-de-la-vida-diaria-en-adults-majors-institucionalitzats-estudi-longitudinal-de-dos-anys-publicacio-del-professor-javier-jerez\\\/\",\"name\":\"\u201cLa din\u00e0mica de les activitats de la vida di\u00e0ria en adults majors institucionalitzats: estudi longitudinal de dos anys\u201d, publicaci\u00f3 del professor Javier Jerez | EUSES- Campus de Bellvitge (Barcelona)\",\"isPartOf\":{\"@id\":\"https:\\\/\\\/barcelona.euses.cat\\\/ca\\\/#website\"},\"primaryImageOfPage\":{\"@id\":\"https:\\\/\\\/barcelona.euses.cat\\\/ca\\\/la-dinamica-de-les-activitats-de-la-vida-diaria-en-adults-majors-institucionalitzats-estudi-longitudinal-de-dos-anys-publicacio-del-professor-javier-jerez\\\/#primaryimage\"},\"image\":{\"@id\":\"https:\\\/\\\/barcelona.euses.cat\\\/ca\\\/la-dinamica-de-les-activitats-de-la-vida-diaria-en-adults-majors-institucionalitzats-estudi-longitudinal-de-dos-anys-publicacio-del-professor-javier-jerez\\\/#primaryimage\"},\"thumbnailUrl\":\"https:\\\/\\\/barcelona.euses.cat\\\/wp-content\\\/uploads\\\/2018\\\/02\\\/shared-14.png\",\"datePublished\":\"2017-01-23T23:00:00+00:00\",\"dateModified\":\"2019-06-03T10:43:05+00:00\",\"author\":{\"@id\":\"https:\\\/\\\/barcelona.euses.cat\\\/ca\\\/#\\\/schema\\\/person\\\/c3074ca9d956eacf02e41e2ff78e53ab\"},\"breadcrumb\":{\"@id\":\"https:\\\/\\\/barcelona.euses.cat\\\/ca\\\/la-dinamica-de-les-activitats-de-la-vida-diaria-en-adults-majors-institucionalitzats-estudi-longitudinal-de-dos-anys-publicacio-del-professor-javier-jerez\\\/#breadcrumb\"},\"inLanguage\":\"ca\",\"potentialAction\":[{\"@type\":\"ReadAction\",\"target\":[\"https:\\\/\\\/barcelona.euses.cat\\\/ca\\\/la-dinamica-de-les-activitats-de-la-vida-diaria-en-adults-majors-institucionalitzats-estudi-longitudinal-de-dos-anys-publicacio-del-professor-javier-jerez\\\/\"]}]},{\"@type\":\"ImageObject\",\"inLanguage\":\"ca\",\"@id\":\"https:\\\/\\\/barcelona.euses.cat\\\/ca\\\/la-dinamica-de-les-activitats-de-la-vida-diaria-en-adults-majors-institucionalitzats-estudi-longitudinal-de-dos-anys-publicacio-del-professor-javier-jerez\\\/#primaryimage\",\"url\":\"https:\\\/\\\/barcelona.euses.cat\\\/wp-content\\\/uploads\\\/2018\\\/02\\\/shared-14.png\",\"contentUrl\":\"https:\\\/\\\/barcelona.euses.cat\\\/wp-content\\\/uploads\\\/2018\\\/02\\\/shared-14.png\",\"width\":4961,\"height\":3780},{\"@type\":\"BreadcrumbList\",\"@id\":\"https:\\\/\\\/barcelona.euses.cat\\\/ca\\\/la-dinamica-de-les-activitats-de-la-vida-diaria-en-adults-majors-institucionalitzats-estudi-longitudinal-de-dos-anys-publicacio-del-professor-javier-jerez\\\/#breadcrumb\",\"itemListElement\":[{\"@type\":\"ListItem\",\"position\":1,\"name\":\"Portada\",\"item\":\"https:\\\/\\\/barcelona.euses.cat\\\/ca\\\/\"},{\"@type\":\"ListItem\",\"position\":2,\"name\":\"\u201cLa din\u00e0mica de les activitats de la vida di\u00e0ria en adults majors institucionalitzats: estudi longitudinal de dos anys\u201d, publicaci\u00f3 del professor Javier Jerez\"}]},{\"@type\":\"WebSite\",\"@id\":\"https:\\\/\\\/barcelona.euses.cat\\\/ca\\\/#website\",\"url\":\"https:\\\/\\\/barcelona.euses.cat\\\/ca\\\/\",\"name\":\"EUSES - Campus de Bellvitge (Barcelona)\",\"description\":\"EUSES, Escola Universit\u00e0ria de Fisioter\u00e0pia Internacional a Barcelona\",\"potentialAction\":[{\"@type\":\"SearchAction\",\"target\":{\"@type\":\"EntryPoint\",\"urlTemplate\":\"https:\\\/\\\/barcelona.euses.cat\\\/ca\\\/?s={search_term_string}\"},\"query-input\":{\"@type\":\"PropertyValueSpecification\",\"valueRequired\":true,\"valueName\":\"search_term_string\"}}],\"inLanguage\":\"ca\"},{\"@type\":\"Person\",\"@id\":\"https:\\\/\\\/barcelona.euses.cat\\\/ca\\\/#\\\/schema\\\/person\\\/c3074ca9d956eacf02e41e2ff78e53ab\",\"name\":\"neorg\",\"image\":{\"@type\":\"ImageObject\",\"inLanguage\":\"ca\",\"@id\":\"https:\\\/\\\/secure.gravatar.com\\\/avatar\\\/709d3d8015183afa7401c02e2291a538cbfd4ffe62f4d86ce5f4871f22e86b09?s=96&d=mm&r=g\",\"url\":\"https:\\\/\\\/secure.gravatar.com\\\/avatar\\\/709d3d8015183afa7401c02e2291a538cbfd4ffe62f4d86ce5f4871f22e86b09?s=96&d=mm&r=g\",\"contentUrl\":\"https:\\\/\\\/secure.gravatar.com\\\/avatar\\\/709d3d8015183afa7401c02e2291a538cbfd4ffe62f4d86ce5f4871f22e86b09?s=96&d=mm&r=g\",\"caption\":\"neorg\"},\"url\":\"https:\\\/\\\/barcelona.euses.cat\\\/ca\\\/author\\\/neorg\\\/\"}]}<\/script>\n<!-- \/ Yoast SEO plugin. -->","yoast_head_json":{"title":"\u201cLa din\u00e0mica de les activitats de la vida di\u00e0ria en adults majors institucionalitzats: estudi longitudinal de dos anys\u201d, publicaci\u00f3 del professor Javier Jerez | EUSES- Campus de Bellvitge (Barcelona)","robots":{"index":"index","follow":"follow","max-snippet":"max-snippet:-1","max-image-preview":"max-image-preview:large","max-video-preview":"max-video-preview:-1"},"canonical":"https:\/\/barcelona.euses.cat\/ca\/la-dinamica-de-les-activitats-de-la-vida-diaria-en-adults-majors-institucionalitzats-estudi-longitudinal-de-dos-anys-publicacio-del-professor-javier-jerez\/","og_locale":"ca_ES","og_type":"article","og_title":"\u201cLa din\u00e0mica de les activitats de la vida di\u00e0ria en adults majors institucionalitzats: estudi longitudinal de dos anys\u201d, publicaci\u00f3 del professor Javier Jerez | EUSES- Campus de Bellvitge (Barcelona)","og_description":"Al Grau en Fisioter\u00e0pia Internacional d\u2019EUSES-UdG i ENTI-UB la feina de recerca \u00e9s una de les branques m\u00e9s importants. El nostre professorat compagina la doc\u00e8ncia amb la investigaci\u00f3. El professor Javier Jerez Roig\u00a0 n\u2019\u00e9s un exemple. Va realitzar un estudi anomenat \u201cLa din\u00e0mica de les activitats de la vida di\u00e0ria en adults majors institucionalitzats: estudi [&hellip;]","og_url":"https:\/\/barcelona.euses.cat\/ca\/la-dinamica-de-les-activitats-de-la-vida-diaria-en-adults-majors-institucionalitzats-estudi-longitudinal-de-dos-anys-publicacio-del-professor-javier-jerez\/","og_site_name":"EUSES- Campus de Bellvitge (Barcelona)","article_publisher":"https:\/\/www.facebook.com\/PhysioBCN\/","article_published_time":"2017-01-23T23:00:00+00:00","article_modified_time":"2019-06-03T10:43:05+00:00","og_image":[{"width":4961,"height":3780,"url":"https:\/\/barcelona.euses.cat\/wp-content\/uploads\/2018\/02\/shared-14.png","type":"image\/png"}],"author":"neorg","twitter_card":"summary_large_image","twitter_misc":{"Escrit per":"neorg","Temps estimat de lectura":"1 minut"},"schema":{"@context":"https:\/\/schema.org","@graph":[{"@type":"Article","@id":"https:\/\/barcelona.euses.cat\/ca\/la-dinamica-de-les-activitats-de-la-vida-diaria-en-adults-majors-institucionalitzats-estudi-longitudinal-de-dos-anys-publicacio-del-professor-javier-jerez\/#article","isPartOf":{"@id":"https:\/\/barcelona.euses.cat\/ca\/la-dinamica-de-les-activitats-de-la-vida-diaria-en-adults-majors-institucionalitzats-estudi-longitudinal-de-dos-anys-publicacio-del-professor-javier-jerez\/"},"author":{"name":"neorg","@id":"https:\/\/barcelona.euses.cat\/ca\/#\/schema\/person\/c3074ca9d956eacf02e41e2ff78e53ab"},"headline":"\u201cLa din\u00e0mica de les activitats de la vida di\u00e0ria en adults majors institucionalitzats: estudi longitudinal de dos anys\u201d, publicaci\u00f3 del professor Javier Jerez","datePublished":"2017-01-23T23:00:00+00:00","dateModified":"2019-06-03T10:43:05+00:00","mainEntityOfPage":{"@id":"https:\/\/barcelona.euses.cat\/ca\/la-dinamica-de-les-activitats-de-la-vida-diaria-en-adults-majors-institucionalitzats-estudi-longitudinal-de-dos-anys-publicacio-del-professor-javier-jerez\/"},"wordCount":254,"image":{"@id":"https:\/\/barcelona.euses.cat\/ca\/la-dinamica-de-les-activitats-de-la-vida-diaria-en-adults-majors-institucionalitzats-estudi-longitudinal-de-dos-anys-publicacio-del-professor-javier-jerez\/#primaryimage"},"thumbnailUrl":"https:\/\/barcelona.euses.cat\/wp-content\/uploads\/2018\/02\/shared-14.png","keywords":["Catal\u00e0"],"articleSection":["sense categoria"],"inLanguage":"ca"},{"@type":"WebPage","@id":"https:\/\/barcelona.euses.cat\/ca\/la-dinamica-de-les-activitats-de-la-vida-diaria-en-adults-majors-institucionalitzats-estudi-longitudinal-de-dos-anys-publicacio-del-professor-javier-jerez\/","url":"https:\/\/barcelona.euses.cat\/ca\/la-dinamica-de-les-activitats-de-la-vida-diaria-en-adults-majors-institucionalitzats-estudi-longitudinal-de-dos-anys-publicacio-del-professor-javier-jerez\/","name":"\u201cLa din\u00e0mica de les activitats de la vida di\u00e0ria en adults majors institucionalitzats: estudi longitudinal de dos anys\u201d, publicaci\u00f3 del professor Javier Jerez | EUSES- Campus de Bellvitge (Barcelona)","isPartOf":{"@id":"https:\/\/barcelona.euses.cat\/ca\/#website"},"primaryImageOfPage":{"@id":"https:\/\/barcelona.euses.cat\/ca\/la-dinamica-de-les-activitats-de-la-vida-diaria-en-adults-majors-institucionalitzats-estudi-longitudinal-de-dos-anys-publicacio-del-professor-javier-jerez\/#primaryimage"},"image":{"@id":"https:\/\/barcelona.euses.cat\/ca\/la-dinamica-de-les-activitats-de-la-vida-diaria-en-adults-majors-institucionalitzats-estudi-longitudinal-de-dos-anys-publicacio-del-professor-javier-jerez\/#primaryimage"},"thumbnailUrl":"https:\/\/barcelona.euses.cat\/wp-content\/uploads\/2018\/02\/shared-14.png","datePublished":"2017-01-23T23:00:00+00:00","dateModified":"2019-06-03T10:43:05+00:00","author":{"@id":"https:\/\/barcelona.euses.cat\/ca\/#\/schema\/person\/c3074ca9d956eacf02e41e2ff78e53ab"},"breadcrumb":{"@id":"https:\/\/barcelona.euses.cat\/ca\/la-dinamica-de-les-activitats-de-la-vida-diaria-en-adults-majors-institucionalitzats-estudi-longitudinal-de-dos-anys-publicacio-del-professor-javier-jerez\/#breadcrumb"},"inLanguage":"ca","potentialAction":[{"@type":"ReadAction","target":["https:\/\/barcelona.euses.cat\/ca\/la-dinamica-de-les-activitats-de-la-vida-diaria-en-adults-majors-institucionalitzats-estudi-longitudinal-de-dos-anys-publicacio-del-professor-javier-jerez\/"]}]},{"@type":"ImageObject","inLanguage":"ca","@id":"https:\/\/barcelona.euses.cat\/ca\/la-dinamica-de-les-activitats-de-la-vida-diaria-en-adults-majors-institucionalitzats-estudi-longitudinal-de-dos-anys-publicacio-del-professor-javier-jerez\/#primaryimage","url":"https:\/\/barcelona.euses.cat\/wp-content\/uploads\/2018\/02\/shared-14.png","contentUrl":"https:\/\/barcelona.euses.cat\/wp-content\/uploads\/2018\/02\/shared-14.png","width":4961,"height":3780},{"@type":"BreadcrumbList","@id":"https:\/\/barcelona.euses.cat\/ca\/la-dinamica-de-les-activitats-de-la-vida-diaria-en-adults-majors-institucionalitzats-estudi-longitudinal-de-dos-anys-publicacio-del-professor-javier-jerez\/#breadcrumb","itemListElement":[{"@type":"ListItem","position":1,"name":"Portada","item":"https:\/\/barcelona.euses.cat\/ca\/"},{"@type":"ListItem","position":2,"name":"\u201cLa din\u00e0mica de les activitats de la vida di\u00e0ria en adults majors institucionalitzats: estudi longitudinal de dos anys\u201d, publicaci\u00f3 del professor Javier Jerez"}]},{"@type":"WebSite","@id":"https:\/\/barcelona.euses.cat\/ca\/#website","url":"https:\/\/barcelona.euses.cat\/ca\/","name":"EUSES - Campus de Bellvitge (Barcelona)","description":"EUSES, Escola Universit\u00e0ria de Fisioter\u00e0pia Internacional a Barcelona","potentialAction":[{"@type":"SearchAction","target":{"@type":"EntryPoint","urlTemplate":"https:\/\/barcelona.euses.cat\/ca\/?s={search_term_string}"},"query-input":{"@type":"PropertyValueSpecification","valueRequired":true,"valueName":"search_term_string"}}],"inLanguage":"ca"},{"@type":"Person","@id":"https:\/\/barcelona.euses.cat\/ca\/#\/schema\/person\/c3074ca9d956eacf02e41e2ff78e53ab","name":"neorg","image":{"@type":"ImageObject","inLanguage":"ca","@id":"https:\/\/secure.gravatar.com\/avatar\/709d3d8015183afa7401c02e2291a538cbfd4ffe62f4d86ce5f4871f22e86b09?s=96&d=mm&r=g","url":"https:\/\/secure.gravatar.com\/avatar\/709d3d8015183afa7401c02e2291a538cbfd4ffe62f4d86ce5f4871f22e86b09?s=96&d=mm&r=g","contentUrl":"https:\/\/secure.gravatar.com\/avatar\/709d3d8015183afa7401c02e2291a538cbfd4ffe62f4d86ce5f4871f22e86b09?s=96&d=mm&r=g","caption":"neorg"},"url":"https:\/\/barcelona.euses.cat\/ca\/author\/neorg\/"}]}},"_links":{"self":[{"href":"https:\/\/barcelona.euses.cat\/ca\/wp-json\/wp\/v2\/posts\/2496","targetHints":{"allow":["GET"]}}],"collection":[{"href":"https:\/\/barcelona.euses.cat\/ca\/wp-json\/wp\/v2\/posts"}],"about":[{"href":"https:\/\/barcelona.euses.cat\/ca\/wp-json\/wp\/v2\/types\/post"}],"author":[{"embeddable":true,"href":"https:\/\/barcelona.euses.cat\/ca\/wp-json\/wp\/v2\/users\/1"}],"replies":[{"embeddable":true,"href":"https:\/\/barcelona.euses.cat\/ca\/wp-json\/wp\/v2\/comments?post=2496"}],"version-history":[{"count":1,"href":"https:\/\/barcelona.euses.cat\/ca\/wp-json\/wp\/v2\/posts\/2496\/revisions"}],"predecessor-version":[{"id":6849,"href":"https:\/\/barcelona.euses.cat\/ca\/wp-json\/wp\/v2\/posts\/2496\/revisions\/6849"}],"wp:featuredmedia":[{"embeddable":true,"href":"https:\/\/barcelona.euses.cat\/ca\/wp-json\/wp\/v2\/media\/1777"}],"wp:attachment":[{"href":"https:\/\/barcelona.euses.cat\/ca\/wp-json\/wp\/v2\/media?parent=2496"}],"wp:term":[{"taxonomy":"category","embeddable":true,"href":"https:\/\/barcelona.euses.cat\/ca\/wp-json\/wp\/v2\/categories?post=2496"},{"taxonomy":"post_tag","embeddable":true,"href":"https:\/\/barcelona.euses.cat\/ca\/wp-json\/wp\/v2\/tags?post=2496"}],"curies":[{"name":"wp","href":"https:\/\/api.w.org\/{rel}","templated":true}]}}