{"id":2495,"date":"2017-01-23T00:00:00","date_gmt":"2017-01-22T23:00:00","guid":{"rendered":"http:\/\/physiotherapybarcelona.net\/coneix-les-noves-tic-aplicades-a-la-salut-de-la-ma-dun-professorat-de-primer-nivell-estudiant-el-grau-en-fisioterapia-internacional\/"},"modified":"2019-06-03T12:43:10","modified_gmt":"2019-06-03T10:43:10","slug":"coneix-les-noves-tic-aplicades-a-la-salut-de-la-ma-dun-professorat-de-primer-nivell-estudiant-el-grau-en-fisioterapia-internacional","status":"publish","type":"post","link":"https:\/\/barcelona.euses.cat\/ca\/coneix-les-noves-tic-aplicades-a-la-salut-de-la-ma-dun-professorat-de-primer-nivell-estudiant-el-grau-en-fisioterapia-internacional\/","title":{"rendered":"Coneix les noves TIC aplicades a la salut de la m\u00e0 d\u2019un professorat de primer nivell, estudiant el Grau en Fisioter\u00e0pia Internacional"},"content":{"rendered":"<p style=\"text-align: justify;\">Durant el <a href=\"https:\/\/goo.gl\/HygOgT\"><strong>Grau en Fisioter\u00e0pia Internacional<\/strong> de <strong>l\u2019Escola de Noves Tecnologies Interactives (ENTI-UB) i de l\u2019Escola Universit\u00e0ria de la Salut i l\u2019Esport (EUSES-UdG)<\/strong><\/a> aprendr\u00e0s a aplicar les <strong>noves tecnologies<\/strong> a l\u2019\u00e0mbit de la <strong>salut<\/strong> i coneixer\u00e0s els diferents vessants de la <strong>fisioter\u00e0pia<\/strong>, des de la valoraci\u00f3, el <strong>diagn\u00f2stic<\/strong>, el disseny i el desenvolupament de <strong>tractaments<\/strong>, estudiant \u00edntegrament en <strong>angl\u00e8s<\/strong>, un idioma el domini del qual, no sols \u00e9s una necessitat en la societat actual, sin\u00f3 una <strong>compet\u00e8ncia b\u00e0sica<\/strong> per al coneixement de la producci\u00f3 cient\u00edfica, l\u2019adquisici\u00f3 d\u2019un \u00f2ptim nivell professional i en definitiva, per ampliar el teu <strong>networking<\/strong> i <strong>oportunitats<\/strong> <strong>laborals<\/strong>. A m\u00e9s, et formar\u00e0s amb un <strong>professorat<\/strong> altament qualificat per a la <strong>doc\u00e8ncia<\/strong> i vinculat al <strong>m\u00f3n professional<\/strong>. Quines s\u00f3n les caracter\u00edstiques principals de <strong>l\u2019equip docent<\/strong> d\u2019aquesta titulaci\u00f3?:<\/p>\n<p style=\"text-align: justify;\">D\u2019entrada, cal destacar el seu <strong>doble perfil<\/strong>: el <strong>d\u2019acad\u00e8mic-investigador<\/strong> i el de <strong>professional en actiu<\/strong>. La majoria dels professors s\u2019han especialitzat i <strong>Doctorat<\/strong>; procedeixen de prestigioses universitats estrangeres i compten amb una gran vocaci\u00f3 per la <strong>doc\u00e8ncia universit\u00e0ria<\/strong>, aix\u00ed com, amb una <strong>dilatada experi\u00e8ncia<\/strong> tant en l\u2019\u00e0mbit acad\u00e8mic com professional. El seu continu vincle amb la <strong>realitat<\/strong> de la <strong>professi\u00f3<\/strong>, permet una actualitzaci\u00f3 constant dels <strong>continguts<\/strong> i <strong>metodologies<\/strong> emprades.<\/p>\n<p style=\"text-align: justify;\">\u00a0Entre el <strong>professorat<\/strong> del <strong>Grau en Fisioter\u00e0pia Internacional<\/strong> cal destacar a professionals de la talla de: <strong>Mariano Gacto<\/strong>, Director d\u2019aquesta titulaci\u00f3 que va desenvolupar la seva tasca com a <strong>fisioterapeuta<\/strong> al <strong>Sistema de Salut p\u00fablic d\u2019Espanya i Fran\u00e7a<\/strong> durant sis anys. A m\u00e9s, tamb\u00e9 ha participat en diferents congressos internacionals i forma part del comit\u00e8 d\u2019experts de revistes especialitzades en salut p\u00fablica (JCR). Tamb\u00e9 cal esmentar a la\u00a0 professora i <strong>Dra. S\u00edlvia Xargay<\/strong>, Llicenciada en Biologia i <strong>Doctorada en Biomedicina \u201ccum laude\u201d<\/strong> que actualment est\u00e0 portant a terme una estada postdoctoral a la <strong>Universitat de Cambridge<\/strong> i col\u00b7labora en diversos projectes nacionals i internacionals.<\/p>\n<p style=\"text-align: justify;\">Altres docents que aporten la seva experi\u00e8ncia i visi\u00f3 global a aquests estudis s\u00f3n: <strong>Claire Knott<\/strong>, professora australiana amb una \u00e0mplia experi\u00e8ncia professional com a <strong>fisioterapeuta<\/strong> tant en <strong>hospitals p\u00fablics com privats<\/strong>; <strong>Andrea Fuente,<\/strong> reconeguda instructora del m\u00e8tode <strong>Pilates<\/strong>, encarregada d\u2019implementar el programa educatiu <strong>Pilates conCiencia<\/strong> que ofereix seminaris d\u2019especialitzaci\u00f3 tant a <strong>Espanya<\/strong> com a <strong>l\u2019estranger<\/strong> i <strong>Anna Prats<\/strong>, <strong>Doctora<\/strong> en <strong>Ci\u00e8ncies<\/strong> <strong>Biol\u00f2giques<\/strong> que ha participat en 23 articles d\u2019investigaci\u00f3 internacional i a diversos congressos, nou d\u2019ells internacionals i set nacionals, on ha rebut diversos premis. A m\u00e9s, ha rebut dues beques d\u2019investigaci\u00f3 al <strong>CNRS de Montpellier (Fran\u00e7a)<\/strong> i a la <strong>Universitat de<\/strong> <strong>Cambridge (Regne Unit).<\/strong><\/p>\n<p style=\"text-align: justify;\">En aquesta mateixa l\u00ednia, sobresurten els professors: <strong>Francesc Xavier Prat<\/strong>, Llicenciat en Psicologia, ha participat en una estada d\u2019investigaci\u00f3 a la <strong>Universitat de Cranfield (Regne Unit) <\/strong>i \u00e9s autor de diversos estudis, publicats a revistes internacionals; <strong>Roc\u00edo D\u00edaz<\/strong>, Dermat\u00f2loga, se li va atorgar una beca per visitar el <strong>laboratori XLAB<\/strong> per a joves estudiants a <strong>G\u00f6ttingem<\/strong> (Baixa Sax\u00f2nia), acompanyada del guanyador del <strong>Premi Nobel, el Dr. Erwin Neher<\/strong>; tamb\u00e9 cal destacar al professor, <strong>Joaquim Chaler<\/strong>, metge especialista en <strong>medicina f\u00edsica i rehabilitaci\u00f3<\/strong>, ha participat en 25 articles d\u2019investigaci\u00f3 en l\u2019\u00e0mbit nacional i internacional, a m\u00e9s, ha assistit com a ponent a m\u00e9s de 30 congressos especialitzats en salut i tamb\u00e9, \u00e9s redactor en cap de la <strong>revista Isokinetics &amp; Exercise Science<\/strong>.<\/p>\n<p style=\"text-align: justify;\">Altres grans professionals s\u00f3n: <strong>Lucy Hackney<\/strong>, Llicenciada en <strong>Psicologia i Sociologia<\/strong> a la <strong>Universitat de Leicester<\/strong>, amb una \u00e0mplia experi\u00e8ncia com a <strong>fisioterapeuta<\/strong> al <strong>sistema de salut p\u00fablic brit\u00e0nic<\/strong> i tamb\u00e9 en l\u2019\u00e0mbit privat; <strong>Javier Jerez<\/strong>, <strong>Doctorat<\/strong> en <strong>Salut P\u00fablica<\/strong> per la <strong>Universitat Federal de Rio Grande do Norte (Natal, Brasil),<\/strong> tamb\u00e9 amb una dilatada experi\u00e8ncia en el sistema de salut p\u00fablic i privat, i <strong>Samuel Young<\/strong>, Llicenciat en <strong>Fisioter\u00e0pia<\/strong> a la <strong>Universitat de Melbourne<\/strong>, especialitzat en la branca de l\u2019aparell locomotor i la fisioter\u00e0pia de l\u2019esport. Disposa d\u2019una \u00e0mplia experi\u00e8ncia professional, doncs, ha treballat a diversos <strong>hospitals<\/strong> regionals de l\u2019oest <strong>d\u2019Austr\u00e0lia<\/strong>; va proporcionar atenci\u00f3 prim\u00e0ria a les comunitats ind\u00edgenes del Nord d\u2019Austr\u00e0lia i tamb\u00e9, ha exercit com a fisioterapeuta a diverses <strong>cl\u00edniques i clubs<\/strong> esportius de <strong>Melbourne, Irlanda i Anglaterra<\/strong>.<\/p>\n<p style=\"text-align: justify;\">En aquest curs acad\u00e8mic, tamb\u00e9 es comptar\u00e0 amb docents com: <strong>Araceli Mu\u00f1oz<\/strong>, doctora en <strong>Antropologia Social <\/strong>i investigadora a <strong>l\u2019Observatori de l\u2019Alimentaci\u00f3 (ODELA)<\/strong> i membre del <strong>Medical Anthropology Research Center (URV)<\/strong>. Els seus tres camps de treball principals s\u00f3n: <strong>salut i inf\u00e0ncia<\/strong>, camp en el qual, va desenvolupar la seva tesi doctoral; salut, risc i contaminaci\u00f3 interna, i, finalment, eines de suport a la recerca qualitativa en ci\u00e8ncies socials. Tamb\u00e9 cal destacar al professor <strong>Bertram M\u00fcller<\/strong>, <strong>biomec\u00e0nic de formaci\u00f3<\/strong> amb una \u00e0mplia experi\u00e8ncia internacional a pa\u00efsos com <strong>Esc\u00f2cia i Alemanya.<\/strong><\/p>\n<p style=\"text-align: justify;\">Finalment, tampoc podem deixar de banda a les professores: <strong>Zoe Queally<\/strong> i <strong>Marta Gonz\u00e1lez.<\/strong> <strong>Queally<\/strong> \u00e9s especialista en <strong>lesions de columna i esportives<\/strong>, combinant l\u2019osteopatia, la ter\u00e0pia neurocin\u00e8tica (NKT), la t\u00e8cnica d\u2019activaci\u00f3 muscular <strong>Be-Activated<\/strong>, l\u2019acupuntura, els massatges i el Pilates per tractar els seus pacients. Tamb\u00e9 compta amb una dilatada experi\u00e8ncia en diverses <strong>cl\u00edniques i hospitals<\/strong> de <strong>Londres<\/strong>. Quant a <strong>Gonz\u00e1lez<\/strong>, <strong>Doctora en Bioqu\u00edmica<\/strong> i <strong>Biologia<\/strong> <strong>molecular<\/strong>, cal assenyalar que ha treballat com a <strong>investigadora postdoctoral<\/strong> al G<strong>rup de Recerca en Neurobiologia del Comportament (GReNeC)<\/strong>. Els seus interessos en recerca inclouen la <strong>neurobiologia<\/strong>, els trastorns de l\u2019estat d\u2019\u00e0nim indu\u00efts pel dolor i l\u2019addicci\u00f3 a les drogues. Ha publicat 7 treballs de recerca.<\/p>\n<p style=\"text-align: justify;\">Forma\u2019t amb un <a href=\"https:\/\/goo.gl\/HygOgT\"><strong>professorat<\/strong><\/a> expert amb un marcat <strong>perfil<\/strong> <strong>internacional <\/strong>i amb una gran vocaci\u00f3 per la doc\u00e8ncia; estudiant el <a href=\"https:\/\/goo.gl\/HygOgT\"><strong>Grau en Fisioter\u00e0pia Internacional<\/strong> al <strong>Campus de la UB<\/strong><\/a>.<\/p>\n","protected":false},"excerpt":{"rendered":"<p>Durant el Grau en Fisioter\u00e0pia Internacional de l\u2019Escola de Noves Tecnologies Interactives (ENTI-UB) i de l\u2019Escola Universit\u00e0ria de la Salut i l\u2019Esport (EUSES-UdG) aprendr\u00e0s a aplicar les noves tecnologies a l\u2019\u00e0mbit de la salut i coneixer\u00e0s els diferents vessants de la fisioter\u00e0pia, des de la valoraci\u00f3, el diagn\u00f2stic, el disseny i el desenvolupament de tractaments, [&hellip;]<\/p>\n","protected":false},"author":1,"featured_media":1772,"comment_status":"closed","ping_status":"closed","sticky":false,"template":"","format":"standard","meta":{"_acf_changed":false,"inline_featured_image":false,"_joinchat":[],"footnotes":""},"categories":[46],"tags":[45],"class_list":["post-2495","post","type-post","status-publish","format-standard","has-post-thumbnail","hentry","category-sense-categoria","tag-catala"],"acf":[],"yoast_head":"<!-- This site is optimized with the Yoast SEO plugin v27.4 - https:\/\/yoast.com\/product\/yoast-seo-wordpress\/ -->\n<title>Coneix les noves TIC aplicades a la salut de la m\u00e0 d\u2019un professorat de primer nivell, estudiant el Grau en Fisioter\u00e0pia Internacional | EUSES- Campus de Bellvitge (Barcelona)<\/title>\n<meta name=\"robots\" content=\"index, follow, max-snippet:-1, max-image-preview:large, max-video-preview:-1\" \/>\n<link rel=\"canonical\" href=\"https:\/\/barcelona.euses.cat\/ca\/coneix-les-noves-tic-aplicades-a-la-salut-de-la-ma-dun-professorat-de-primer-nivell-estudiant-el-grau-en-fisioterapia-internacional\/\" \/>\n<meta property=\"og:locale\" content=\"ca_ES\" \/>\n<meta property=\"og:type\" content=\"article\" \/>\n<meta property=\"og:title\" content=\"Coneix les noves TIC aplicades a la salut de la m\u00e0 d\u2019un professorat de primer nivell, estudiant el Grau en Fisioter\u00e0pia Internacional | EUSES- Campus de Bellvitge (Barcelona)\" \/>\n<meta property=\"og:description\" content=\"Durant el Grau en Fisioter\u00e0pia Internacional de l\u2019Escola de Noves Tecnologies Interactives (ENTI-UB) i de l\u2019Escola Universit\u00e0ria de la Salut i l\u2019Esport (EUSES-UdG) aprendr\u00e0s a aplicar les noves tecnologies a l\u2019\u00e0mbit de la salut i coneixer\u00e0s els diferents vessants de la fisioter\u00e0pia, des de la valoraci\u00f3, el diagn\u00f2stic, el disseny i el desenvolupament de tractaments, [&hellip;]\" \/>\n<meta property=\"og:url\" content=\"https:\/\/barcelona.euses.cat\/ca\/coneix-les-noves-tic-aplicades-a-la-salut-de-la-ma-dun-professorat-de-primer-nivell-estudiant-el-grau-en-fisioterapia-internacional\/\" \/>\n<meta property=\"og:site_name\" content=\"EUSES- Campus de Bellvitge (Barcelona)\" \/>\n<meta property=\"article:publisher\" content=\"https:\/\/www.facebook.com\/PhysioBCN\/\" \/>\n<meta property=\"article:published_time\" content=\"2017-01-22T23:00:00+00:00\" \/>\n<meta property=\"article:modified_time\" content=\"2019-06-03T10:43:10+00:00\" \/>\n<meta property=\"og:image\" content=\"https:\/\/barcelona.euses.cat\/wp-content\/uploads\/2018\/02\/Coneix-les-noves-TIC-aplicades-a-la-salut-de-la-m\u00e0-d\u2019un-professorat-de-primer-nivell-estudiant-el-Grau-en-Fisioter\u00e0pia-Internacional.png\" \/>\n\t<meta property=\"og:image:width\" content=\"1000\" \/>\n\t<meta property=\"og:image:height\" content=\"804\" \/>\n\t<meta property=\"og:image:type\" content=\"image\/png\" \/>\n<meta name=\"author\" content=\"neorg\" \/>\n<meta name=\"twitter:card\" content=\"summary_large_image\" \/>\n<meta name=\"twitter:label1\" content=\"Escrit per\" \/>\n\t<meta name=\"twitter:data1\" content=\"neorg\" \/>\n\t<meta name=\"twitter:label2\" content=\"Temps estimat de lectura\" \/>\n\t<meta name=\"twitter:data2\" content=\"5 minuts\" \/>\n<script type=\"application\/ld+json\" class=\"yoast-schema-graph\">{\"@context\":\"https:\\\/\\\/schema.org\",\"@graph\":[{\"@type\":\"Article\",\"@id\":\"https:\\\/\\\/barcelona.euses.cat\\\/ca\\\/coneix-les-noves-tic-aplicades-a-la-salut-de-la-ma-dun-professorat-de-primer-nivell-estudiant-el-grau-en-fisioterapia-internacional\\\/#article\",\"isPartOf\":{\"@id\":\"https:\\\/\\\/barcelona.euses.cat\\\/ca\\\/coneix-les-noves-tic-aplicades-a-la-salut-de-la-ma-dun-professorat-de-primer-nivell-estudiant-el-grau-en-fisioterapia-internacional\\\/\"},\"author\":{\"name\":\"neorg\",\"@id\":\"https:\\\/\\\/barcelona.euses.cat\\\/ca\\\/#\\\/schema\\\/person\\\/c3074ca9d956eacf02e41e2ff78e53ab\"},\"headline\":\"Coneix les noves TIC aplicades a la salut de la m\u00e0 d\u2019un professorat de primer nivell, estudiant el Grau en Fisioter\u00e0pia Internacional\",\"datePublished\":\"2017-01-22T23:00:00+00:00\",\"dateModified\":\"2019-06-03T10:43:10+00:00\",\"mainEntityOfPage\":{\"@id\":\"https:\\\/\\\/barcelona.euses.cat\\\/ca\\\/coneix-les-noves-tic-aplicades-a-la-salut-de-la-ma-dun-professorat-de-primer-nivell-estudiant-el-grau-en-fisioterapia-internacional\\\/\"},\"wordCount\":1033,\"image\":{\"@id\":\"https:\\\/\\\/barcelona.euses.cat\\\/ca\\\/coneix-les-noves-tic-aplicades-a-la-salut-de-la-ma-dun-professorat-de-primer-nivell-estudiant-el-grau-en-fisioterapia-internacional\\\/#primaryimage\"},\"thumbnailUrl\":\"https:\\\/\\\/barcelona.euses.cat\\\/wp-content\\\/uploads\\\/2018\\\/02\\\/Coneix-les-noves-TIC-aplicades-a-la-salut-de-la-m\u00e0-d\u2019un-professorat-de-primer-nivell-estudiant-el-Grau-en-Fisioter\u00e0pia-Internacional.png\",\"keywords\":[\"Catal\u00e0\"],\"articleSection\":[\"sense categoria\"],\"inLanguage\":\"ca\"},{\"@type\":\"WebPage\",\"@id\":\"https:\\\/\\\/barcelona.euses.cat\\\/ca\\\/coneix-les-noves-tic-aplicades-a-la-salut-de-la-ma-dun-professorat-de-primer-nivell-estudiant-el-grau-en-fisioterapia-internacional\\\/\",\"url\":\"https:\\\/\\\/barcelona.euses.cat\\\/ca\\\/coneix-les-noves-tic-aplicades-a-la-salut-de-la-ma-dun-professorat-de-primer-nivell-estudiant-el-grau-en-fisioterapia-internacional\\\/\",\"name\":\"Coneix les noves TIC aplicades a la salut de la m\u00e0 d\u2019un professorat de primer nivell, estudiant el Grau en Fisioter\u00e0pia Internacional | EUSES- Campus de Bellvitge (Barcelona)\",\"isPartOf\":{\"@id\":\"https:\\\/\\\/barcelona.euses.cat\\\/ca\\\/#website\"},\"primaryImageOfPage\":{\"@id\":\"https:\\\/\\\/barcelona.euses.cat\\\/ca\\\/coneix-les-noves-tic-aplicades-a-la-salut-de-la-ma-dun-professorat-de-primer-nivell-estudiant-el-grau-en-fisioterapia-internacional\\\/#primaryimage\"},\"image\":{\"@id\":\"https:\\\/\\\/barcelona.euses.cat\\\/ca\\\/coneix-les-noves-tic-aplicades-a-la-salut-de-la-ma-dun-professorat-de-primer-nivell-estudiant-el-grau-en-fisioterapia-internacional\\\/#primaryimage\"},\"thumbnailUrl\":\"https:\\\/\\\/barcelona.euses.cat\\\/wp-content\\\/uploads\\\/2018\\\/02\\\/Coneix-les-noves-TIC-aplicades-a-la-salut-de-la-m\u00e0-d\u2019un-professorat-de-primer-nivell-estudiant-el-Grau-en-Fisioter\u00e0pia-Internacional.png\",\"datePublished\":\"2017-01-22T23:00:00+00:00\",\"dateModified\":\"2019-06-03T10:43:10+00:00\",\"author\":{\"@id\":\"https:\\\/\\\/barcelona.euses.cat\\\/ca\\\/#\\\/schema\\\/person\\\/c3074ca9d956eacf02e41e2ff78e53ab\"},\"breadcrumb\":{\"@id\":\"https:\\\/\\\/barcelona.euses.cat\\\/ca\\\/coneix-les-noves-tic-aplicades-a-la-salut-de-la-ma-dun-professorat-de-primer-nivell-estudiant-el-grau-en-fisioterapia-internacional\\\/#breadcrumb\"},\"inLanguage\":\"ca\",\"potentialAction\":[{\"@type\":\"ReadAction\",\"target\":[\"https:\\\/\\\/barcelona.euses.cat\\\/ca\\\/coneix-les-noves-tic-aplicades-a-la-salut-de-la-ma-dun-professorat-de-primer-nivell-estudiant-el-grau-en-fisioterapia-internacional\\\/\"]}]},{\"@type\":\"ImageObject\",\"inLanguage\":\"ca\",\"@id\":\"https:\\\/\\\/barcelona.euses.cat\\\/ca\\\/coneix-les-noves-tic-aplicades-a-la-salut-de-la-ma-dun-professorat-de-primer-nivell-estudiant-el-grau-en-fisioterapia-internacional\\\/#primaryimage\",\"url\":\"https:\\\/\\\/barcelona.euses.cat\\\/wp-content\\\/uploads\\\/2018\\\/02\\\/Coneix-les-noves-TIC-aplicades-a-la-salut-de-la-m\u00e0-d\u2019un-professorat-de-primer-nivell-estudiant-el-Grau-en-Fisioter\u00e0pia-Internacional.png\",\"contentUrl\":\"https:\\\/\\\/barcelona.euses.cat\\\/wp-content\\\/uploads\\\/2018\\\/02\\\/Coneix-les-noves-TIC-aplicades-a-la-salut-de-la-m\u00e0-d\u2019un-professorat-de-primer-nivell-estudiant-el-Grau-en-Fisioter\u00e0pia-Internacional.png\",\"width\":1000,\"height\":804},{\"@type\":\"BreadcrumbList\",\"@id\":\"https:\\\/\\\/barcelona.euses.cat\\\/ca\\\/coneix-les-noves-tic-aplicades-a-la-salut-de-la-ma-dun-professorat-de-primer-nivell-estudiant-el-grau-en-fisioterapia-internacional\\\/#breadcrumb\",\"itemListElement\":[{\"@type\":\"ListItem\",\"position\":1,\"name\":\"Portada\",\"item\":\"https:\\\/\\\/barcelona.euses.cat\\\/ca\\\/\"},{\"@type\":\"ListItem\",\"position\":2,\"name\":\"Coneix les noves TIC aplicades a la salut de la m\u00e0 d\u2019un professorat de primer nivell, estudiant el Grau en Fisioter\u00e0pia Internacional\"}]},{\"@type\":\"WebSite\",\"@id\":\"https:\\\/\\\/barcelona.euses.cat\\\/ca\\\/#website\",\"url\":\"https:\\\/\\\/barcelona.euses.cat\\\/ca\\\/\",\"name\":\"EUSES - Campus de Bellvitge (Barcelona)\",\"description\":\"EUSES, Escola Universit\u00e0ria de Fisioter\u00e0pia Internacional a Barcelona\",\"potentialAction\":[{\"@type\":\"SearchAction\",\"target\":{\"@type\":\"EntryPoint\",\"urlTemplate\":\"https:\\\/\\\/barcelona.euses.cat\\\/ca\\\/?s={search_term_string}\"},\"query-input\":{\"@type\":\"PropertyValueSpecification\",\"valueRequired\":true,\"valueName\":\"search_term_string\"}}],\"inLanguage\":\"ca\"},{\"@type\":\"Person\",\"@id\":\"https:\\\/\\\/barcelona.euses.cat\\\/ca\\\/#\\\/schema\\\/person\\\/c3074ca9d956eacf02e41e2ff78e53ab\",\"name\":\"neorg\",\"image\":{\"@type\":\"ImageObject\",\"inLanguage\":\"ca\",\"@id\":\"https:\\\/\\\/secure.gravatar.com\\\/avatar\\\/709d3d8015183afa7401c02e2291a538cbfd4ffe62f4d86ce5f4871f22e86b09?s=96&d=mm&r=g\",\"url\":\"https:\\\/\\\/secure.gravatar.com\\\/avatar\\\/709d3d8015183afa7401c02e2291a538cbfd4ffe62f4d86ce5f4871f22e86b09?s=96&d=mm&r=g\",\"contentUrl\":\"https:\\\/\\\/secure.gravatar.com\\\/avatar\\\/709d3d8015183afa7401c02e2291a538cbfd4ffe62f4d86ce5f4871f22e86b09?s=96&d=mm&r=g\",\"caption\":\"neorg\"},\"url\":\"https:\\\/\\\/barcelona.euses.cat\\\/ca\\\/author\\\/neorg\\\/\"}]}<\/script>\n<!-- \/ Yoast SEO plugin. -->","yoast_head_json":{"title":"Coneix les noves TIC aplicades a la salut de la m\u00e0 d\u2019un professorat de primer nivell, estudiant el Grau en Fisioter\u00e0pia Internacional | EUSES- Campus de Bellvitge (Barcelona)","robots":{"index":"index","follow":"follow","max-snippet":"max-snippet:-1","max-image-preview":"max-image-preview:large","max-video-preview":"max-video-preview:-1"},"canonical":"https:\/\/barcelona.euses.cat\/ca\/coneix-les-noves-tic-aplicades-a-la-salut-de-la-ma-dun-professorat-de-primer-nivell-estudiant-el-grau-en-fisioterapia-internacional\/","og_locale":"ca_ES","og_type":"article","og_title":"Coneix les noves TIC aplicades a la salut de la m\u00e0 d\u2019un professorat de primer nivell, estudiant el Grau en Fisioter\u00e0pia Internacional | EUSES- Campus de Bellvitge (Barcelona)","og_description":"Durant el Grau en Fisioter\u00e0pia Internacional de l\u2019Escola de Noves Tecnologies Interactives (ENTI-UB) i de l\u2019Escola Universit\u00e0ria de la Salut i l\u2019Esport (EUSES-UdG) aprendr\u00e0s a aplicar les noves tecnologies a l\u2019\u00e0mbit de la salut i coneixer\u00e0s els diferents vessants de la fisioter\u00e0pia, des de la valoraci\u00f3, el diagn\u00f2stic, el disseny i el desenvolupament de tractaments, [&hellip;]","og_url":"https:\/\/barcelona.euses.cat\/ca\/coneix-les-noves-tic-aplicades-a-la-salut-de-la-ma-dun-professorat-de-primer-nivell-estudiant-el-grau-en-fisioterapia-internacional\/","og_site_name":"EUSES- Campus de Bellvitge (Barcelona)","article_publisher":"https:\/\/www.facebook.com\/PhysioBCN\/","article_published_time":"2017-01-22T23:00:00+00:00","article_modified_time":"2019-06-03T10:43:10+00:00","og_image":[{"width":1000,"height":804,"url":"https:\/\/barcelona.euses.cat\/wp-content\/uploads\/2018\/02\/Coneix-les-noves-TIC-aplicades-a-la-salut-de-la-m\u00e0-d\u2019un-professorat-de-primer-nivell-estudiant-el-Grau-en-Fisioter\u00e0pia-Internacional.png","type":"image\/png"}],"author":"neorg","twitter_card":"summary_large_image","twitter_misc":{"Escrit per":"neorg","Temps estimat de lectura":"5 minuts"},"schema":{"@context":"https:\/\/schema.org","@graph":[{"@type":"Article","@id":"https:\/\/barcelona.euses.cat\/ca\/coneix-les-noves-tic-aplicades-a-la-salut-de-la-ma-dun-professorat-de-primer-nivell-estudiant-el-grau-en-fisioterapia-internacional\/#article","isPartOf":{"@id":"https:\/\/barcelona.euses.cat\/ca\/coneix-les-noves-tic-aplicades-a-la-salut-de-la-ma-dun-professorat-de-primer-nivell-estudiant-el-grau-en-fisioterapia-internacional\/"},"author":{"name":"neorg","@id":"https:\/\/barcelona.euses.cat\/ca\/#\/schema\/person\/c3074ca9d956eacf02e41e2ff78e53ab"},"headline":"Coneix les noves TIC aplicades a la salut de la m\u00e0 d\u2019un professorat de primer nivell, estudiant el Grau en Fisioter\u00e0pia Internacional","datePublished":"2017-01-22T23:00:00+00:00","dateModified":"2019-06-03T10:43:10+00:00","mainEntityOfPage":{"@id":"https:\/\/barcelona.euses.cat\/ca\/coneix-les-noves-tic-aplicades-a-la-salut-de-la-ma-dun-professorat-de-primer-nivell-estudiant-el-grau-en-fisioterapia-internacional\/"},"wordCount":1033,"image":{"@id":"https:\/\/barcelona.euses.cat\/ca\/coneix-les-noves-tic-aplicades-a-la-salut-de-la-ma-dun-professorat-de-primer-nivell-estudiant-el-grau-en-fisioterapia-internacional\/#primaryimage"},"thumbnailUrl":"https:\/\/barcelona.euses.cat\/wp-content\/uploads\/2018\/02\/Coneix-les-noves-TIC-aplicades-a-la-salut-de-la-m\u00e0-d\u2019un-professorat-de-primer-nivell-estudiant-el-Grau-en-Fisioter\u00e0pia-Internacional.png","keywords":["Catal\u00e0"],"articleSection":["sense categoria"],"inLanguage":"ca"},{"@type":"WebPage","@id":"https:\/\/barcelona.euses.cat\/ca\/coneix-les-noves-tic-aplicades-a-la-salut-de-la-ma-dun-professorat-de-primer-nivell-estudiant-el-grau-en-fisioterapia-internacional\/","url":"https:\/\/barcelona.euses.cat\/ca\/coneix-les-noves-tic-aplicades-a-la-salut-de-la-ma-dun-professorat-de-primer-nivell-estudiant-el-grau-en-fisioterapia-internacional\/","name":"Coneix les noves TIC aplicades a la salut de la m\u00e0 d\u2019un professorat de primer nivell, estudiant el Grau en Fisioter\u00e0pia Internacional | EUSES- Campus de Bellvitge (Barcelona)","isPartOf":{"@id":"https:\/\/barcelona.euses.cat\/ca\/#website"},"primaryImageOfPage":{"@id":"https:\/\/barcelona.euses.cat\/ca\/coneix-les-noves-tic-aplicades-a-la-salut-de-la-ma-dun-professorat-de-primer-nivell-estudiant-el-grau-en-fisioterapia-internacional\/#primaryimage"},"image":{"@id":"https:\/\/barcelona.euses.cat\/ca\/coneix-les-noves-tic-aplicades-a-la-salut-de-la-ma-dun-professorat-de-primer-nivell-estudiant-el-grau-en-fisioterapia-internacional\/#primaryimage"},"thumbnailUrl":"https:\/\/barcelona.euses.cat\/wp-content\/uploads\/2018\/02\/Coneix-les-noves-TIC-aplicades-a-la-salut-de-la-m\u00e0-d\u2019un-professorat-de-primer-nivell-estudiant-el-Grau-en-Fisioter\u00e0pia-Internacional.png","datePublished":"2017-01-22T23:00:00+00:00","dateModified":"2019-06-03T10:43:10+00:00","author":{"@id":"https:\/\/barcelona.euses.cat\/ca\/#\/schema\/person\/c3074ca9d956eacf02e41e2ff78e53ab"},"breadcrumb":{"@id":"https:\/\/barcelona.euses.cat\/ca\/coneix-les-noves-tic-aplicades-a-la-salut-de-la-ma-dun-professorat-de-primer-nivell-estudiant-el-grau-en-fisioterapia-internacional\/#breadcrumb"},"inLanguage":"ca","potentialAction":[{"@type":"ReadAction","target":["https:\/\/barcelona.euses.cat\/ca\/coneix-les-noves-tic-aplicades-a-la-salut-de-la-ma-dun-professorat-de-primer-nivell-estudiant-el-grau-en-fisioterapia-internacional\/"]}]},{"@type":"ImageObject","inLanguage":"ca","@id":"https:\/\/barcelona.euses.cat\/ca\/coneix-les-noves-tic-aplicades-a-la-salut-de-la-ma-dun-professorat-de-primer-nivell-estudiant-el-grau-en-fisioterapia-internacional\/#primaryimage","url":"https:\/\/barcelona.euses.cat\/wp-content\/uploads\/2018\/02\/Coneix-les-noves-TIC-aplicades-a-la-salut-de-la-m\u00e0-d\u2019un-professorat-de-primer-nivell-estudiant-el-Grau-en-Fisioter\u00e0pia-Internacional.png","contentUrl":"https:\/\/barcelona.euses.cat\/wp-content\/uploads\/2018\/02\/Coneix-les-noves-TIC-aplicades-a-la-salut-de-la-m\u00e0-d\u2019un-professorat-de-primer-nivell-estudiant-el-Grau-en-Fisioter\u00e0pia-Internacional.png","width":1000,"height":804},{"@type":"BreadcrumbList","@id":"https:\/\/barcelona.euses.cat\/ca\/coneix-les-noves-tic-aplicades-a-la-salut-de-la-ma-dun-professorat-de-primer-nivell-estudiant-el-grau-en-fisioterapia-internacional\/#breadcrumb","itemListElement":[{"@type":"ListItem","position":1,"name":"Portada","item":"https:\/\/barcelona.euses.cat\/ca\/"},{"@type":"ListItem","position":2,"name":"Coneix les noves TIC aplicades a la salut de la m\u00e0 d\u2019un professorat de primer nivell, estudiant el Grau en Fisioter\u00e0pia Internacional"}]},{"@type":"WebSite","@id":"https:\/\/barcelona.euses.cat\/ca\/#website","url":"https:\/\/barcelona.euses.cat\/ca\/","name":"EUSES - Campus de Bellvitge (Barcelona)","description":"EUSES, Escola Universit\u00e0ria de Fisioter\u00e0pia Internacional a Barcelona","potentialAction":[{"@type":"SearchAction","target":{"@type":"EntryPoint","urlTemplate":"https:\/\/barcelona.euses.cat\/ca\/?s={search_term_string}"},"query-input":{"@type":"PropertyValueSpecification","valueRequired":true,"valueName":"search_term_string"}}],"inLanguage":"ca"},{"@type":"Person","@id":"https:\/\/barcelona.euses.cat\/ca\/#\/schema\/person\/c3074ca9d956eacf02e41e2ff78e53ab","name":"neorg","image":{"@type":"ImageObject","inLanguage":"ca","@id":"https:\/\/secure.gravatar.com\/avatar\/709d3d8015183afa7401c02e2291a538cbfd4ffe62f4d86ce5f4871f22e86b09?s=96&d=mm&r=g","url":"https:\/\/secure.gravatar.com\/avatar\/709d3d8015183afa7401c02e2291a538cbfd4ffe62f4d86ce5f4871f22e86b09?s=96&d=mm&r=g","contentUrl":"https:\/\/secure.gravatar.com\/avatar\/709d3d8015183afa7401c02e2291a538cbfd4ffe62f4d86ce5f4871f22e86b09?s=96&d=mm&r=g","caption":"neorg"},"url":"https:\/\/barcelona.euses.cat\/ca\/author\/neorg\/"}]}},"_links":{"self":[{"href":"https:\/\/barcelona.euses.cat\/ca\/wp-json\/wp\/v2\/posts\/2495","targetHints":{"allow":["GET"]}}],"collection":[{"href":"https:\/\/barcelona.euses.cat\/ca\/wp-json\/wp\/v2\/posts"}],"about":[{"href":"https:\/\/barcelona.euses.cat\/ca\/wp-json\/wp\/v2\/types\/post"}],"author":[{"embeddable":true,"href":"https:\/\/barcelona.euses.cat\/ca\/wp-json\/wp\/v2\/users\/1"}],"replies":[{"embeddable":true,"href":"https:\/\/barcelona.euses.cat\/ca\/wp-json\/wp\/v2\/comments?post=2495"}],"version-history":[{"count":1,"href":"https:\/\/barcelona.euses.cat\/ca\/wp-json\/wp\/v2\/posts\/2495\/revisions"}],"predecessor-version":[{"id":6851,"href":"https:\/\/barcelona.euses.cat\/ca\/wp-json\/wp\/v2\/posts\/2495\/revisions\/6851"}],"wp:featuredmedia":[{"embeddable":true,"href":"https:\/\/barcelona.euses.cat\/ca\/wp-json\/wp\/v2\/media\/1772"}],"wp:attachment":[{"href":"https:\/\/barcelona.euses.cat\/ca\/wp-json\/wp\/v2\/media?parent=2495"}],"wp:term":[{"taxonomy":"category","embeddable":true,"href":"https:\/\/barcelona.euses.cat\/ca\/wp-json\/wp\/v2\/categories?post=2495"},{"taxonomy":"post_tag","embeddable":true,"href":"https:\/\/barcelona.euses.cat\/ca\/wp-json\/wp\/v2\/tags?post=2495"}],"curies":[{"name":"wp","href":"https:\/\/api.w.org\/{rel}","templated":true}]}}