{"id":2490,"date":"2017-01-16T00:00:00","date_gmt":"2017-01-15T23:00:00","guid":{"rendered":"http:\/\/physiotherapybarcelona.net\/jornada-de-portes-obertes-del-grau-en-fisioterapia-internacional-al-campus-de-barcelona-el-proper-25-de-febrer\/"},"modified":"2019-06-03T12:45:44","modified_gmt":"2019-06-03T10:45:44","slug":"jornada-de-portes-obertes-del-grau-en-fisioterapia-internacional-al-campus-de-barcelona-el-proper-25-de-febrer","status":"publish","type":"post","link":"https:\/\/barcelona.euses.cat\/ca\/jornada-de-portes-obertes-del-grau-en-fisioterapia-internacional-al-campus-de-barcelona-el-proper-25-de-febrer\/","title":{"rendered":"Jornada de Portes Obertes del Grau en Fisioter\u00e0pia Internacional al campus de Barcelona el proper 25 de febrer"},"content":{"rendered":"<p style=\"text-align: justify;\"><strong>L\u2019Escola Universit\u00e0ria de la Salut i l\u2019Esport (EUSES-UdG) i l\u2019Escola de Noves Tecnologies Interactives (ENTI-UB)<\/strong> <strong>obriran les portes del Campus de la Salut de la Universitat de Barcelona (UB)<\/strong> el <strong>dissabte 25 de Febrer <\/strong>per als interessats en el <strong>Grau Universitari en Fisioter\u00e0pia Internaciona<\/strong>l pel <strong>curs acad\u00e8mic 2017\/18<\/strong>.<\/p>\n<p style=\"text-align: justify;\">En la jornada hi haur\u00e0 una <strong>sessi\u00f3 informativa<\/strong> on els futurs estudiants coneixeran el <strong>pla d\u2019estudis<\/strong>, les <strong>sortides professionals<\/strong> d\u2019aquest grau i el <strong>proc\u00e9s d\u2019inscripcions i matr\u00edcules<\/strong>.<\/p>\n<p style=\"text-align: justify;\">La <strong>titulaci\u00f3<\/strong> que oferim \u00e9s <strong>pionera<\/strong> en <strong>noves<\/strong> <strong>tecnologies<\/strong> i aporta als alumnes experi\u00e8ncia en un camp amb molt creixement i futur. \u00a0La inclusi\u00f3 de les noves tecnologies fa que els alumnes participin en el <strong>desenvolupament d\u2019eines de valoraci\u00f3 en la fisioter\u00e0pia<\/strong> i que <strong>apliquin nous aven\u00e7os tecnol\u00f2gics<\/strong> a aquest camp. Fins i tot, els dona la <strong>possibilitat de treballar en la creaci\u00f3 de noves aplicacions tecnol\u00f2giques de l\u2019\u00e0mbit de la fisioter\u00e0pia<\/strong>.<\/p>\n<p style=\"text-align: justify;\">Un altre element distintiu del <strong>Grau en Fisioter\u00e0pia Internacional<\/strong> \u00e9s que les <strong>classes<\/strong> s\u00f3n <strong>\u00edntegrament impartides en angl\u00e8s<\/strong>. Avui dia, aquesta llengua ja s\u2019est\u00e0 convertint en una compet\u00e8ncia b\u00e0sica per a l\u2019adquisici\u00f3 d\u2019un nivell professional reconegut.<\/p>\n<p style=\"text-align: justify;\">El nostre <strong>equip de professors<\/strong> est\u00e0 <strong>altament qualificat<\/strong> \u00a0en la doc\u00e8ncia i prov\u00e9 de prestigioses universitats internacionals. Tot i treballar en la doc\u00e8ncia, s\u00f3n, alhora, <strong>professionals actius<\/strong> en el camp de la fisioter\u00e0pia.<\/p>\n<p style=\"text-align: justify;\">\u00a0Per altra banda, oferim als estudiants programes <strong>d\u2019intercanvi<\/strong> <strong>internacional<\/strong>, com el programa <strong>Erasmus<\/strong>, que els permet adquirir una visi\u00f3 m\u00e9s global i, alhora, ampliar el seu <strong>networking<\/strong> internacional.<\/p>\n<p style=\"text-align: justify;\">Pel que fa les <strong>pr\u00e0ctiques acad\u00e8miques,<\/strong> els estudiant poden triar fer-les en centres de refer\u00e8ncia en fisioter\u00e0pia, reconeguts en l\u2019\u00e0mbit de la salut i distribu\u00efts pel territori catal\u00e0.<\/p>\n<p style=\"text-align: justify;\">Recorda, doncs, que el <strong>dissabte 25 de febrer<\/strong> t\u2019esperem a la <strong>Jornada de Portes Obertes<\/strong> per a resoldre\u2019t qualsevol dubte i guiar-te cap un gran futur professional.<\/p>\n","protected":false},"excerpt":{"rendered":"<p>L\u2019Escola Universit\u00e0ria de la Salut i l\u2019Esport (EUSES-UdG) i l\u2019Escola de Noves Tecnologies Interactives (ENTI-UB) obriran les portes del Campus de la Salut de la Universitat de Barcelona (UB) el dissabte 25 de Febrer per als interessats en el Grau Universitari en Fisioter\u00e0pia Internacional pel curs acad\u00e8mic 2017\/18. En la jornada hi haur\u00e0 una sessi\u00f3 [&hellip;]<\/p>\n","protected":false},"author":1,"featured_media":2491,"comment_status":"closed","ping_status":"closed","sticky":false,"template":"","format":"standard","meta":{"_acf_changed":false,"inline_featured_image":false,"_joinchat":[],"footnotes":""},"categories":[46],"tags":[45],"class_list":["post-2490","post","type-post","status-publish","format-standard","has-post-thumbnail","hentry","category-sense-categoria","tag-catala"],"acf":[],"yoast_head":"<!-- This site is optimized with the Yoast SEO plugin v27.4 - https:\/\/yoast.com\/product\/yoast-seo-wordpress\/ -->\n<title>Jornada de Portes Obertes del Grau en Fisioter\u00e0pia Internacional al campus de Barcelona el proper 25 de febrer | EUSES- Campus de Bellvitge (Barcelona)<\/title>\n<meta name=\"robots\" content=\"index, follow, max-snippet:-1, max-image-preview:large, max-video-preview:-1\" \/>\n<link rel=\"canonical\" href=\"https:\/\/barcelona.euses.cat\/ca\/jornada-de-portes-obertes-del-grau-en-fisioterapia-internacional-al-campus-de-barcelona-el-proper-25-de-febrer\/\" \/>\n<meta property=\"og:locale\" content=\"ca_ES\" \/>\n<meta property=\"og:type\" content=\"article\" \/>\n<meta property=\"og:title\" content=\"Jornada de Portes Obertes del Grau en Fisioter\u00e0pia Internacional al campus de Barcelona el proper 25 de febrer | EUSES- Campus de Bellvitge (Barcelona)\" \/>\n<meta property=\"og:description\" content=\"L\u2019Escola Universit\u00e0ria de la Salut i l\u2019Esport (EUSES-UdG) i l\u2019Escola de Noves Tecnologies Interactives (ENTI-UB) obriran les portes del Campus de la Salut de la Universitat de Barcelona (UB) el dissabte 25 de Febrer per als interessats en el Grau Universitari en Fisioter\u00e0pia Internacional pel curs acad\u00e8mic 2017\/18. En la jornada hi haur\u00e0 una sessi\u00f3 [&hellip;]\" \/>\n<meta property=\"og:url\" content=\"https:\/\/barcelona.euses.cat\/ca\/jornada-de-portes-obertes-del-grau-en-fisioterapia-internacional-al-campus-de-barcelona-el-proper-25-de-febrer\/\" \/>\n<meta property=\"og:site_name\" content=\"EUSES- Campus de Bellvitge (Barcelona)\" \/>\n<meta property=\"article:publisher\" content=\"https:\/\/www.facebook.com\/PhysioBCN\/\" \/>\n<meta property=\"article:published_time\" content=\"2017-01-15T23:00:00+00:00\" \/>\n<meta property=\"article:modified_time\" content=\"2019-06-03T10:45:44+00:00\" \/>\n<meta property=\"og:image\" content=\"https:\/\/barcelona.euses.cat\/wp-content\/uploads\/2018\/02\/physiotherapy-catala-1024x773.png\" \/>\n\t<meta property=\"og:image:width\" content=\"1024\" \/>\n\t<meta property=\"og:image:height\" content=\"773\" \/>\n\t<meta property=\"og:image:type\" content=\"image\/png\" \/>\n<meta name=\"author\" content=\"neorg\" \/>\n<meta name=\"twitter:card\" content=\"summary_large_image\" \/>\n<meta name=\"twitter:label1\" content=\"Escrit per\" \/>\n\t<meta name=\"twitter:data1\" content=\"neorg\" \/>\n\t<meta name=\"twitter:label2\" content=\"Temps estimat de lectura\" \/>\n\t<meta name=\"twitter:data2\" content=\"2 minuts\" \/>\n<script type=\"application\/ld+json\" class=\"yoast-schema-graph\">{\"@context\":\"https:\\\/\\\/schema.org\",\"@graph\":[{\"@type\":\"Article\",\"@id\":\"https:\\\/\\\/barcelona.euses.cat\\\/ca\\\/jornada-de-portes-obertes-del-grau-en-fisioterapia-internacional-al-campus-de-barcelona-el-proper-25-de-febrer\\\/#article\",\"isPartOf\":{\"@id\":\"https:\\\/\\\/barcelona.euses.cat\\\/ca\\\/jornada-de-portes-obertes-del-grau-en-fisioterapia-internacional-al-campus-de-barcelona-el-proper-25-de-febrer\\\/\"},\"author\":{\"name\":\"neorg\",\"@id\":\"https:\\\/\\\/barcelona.euses.cat\\\/ca\\\/#\\\/schema\\\/person\\\/c3074ca9d956eacf02e41e2ff78e53ab\"},\"headline\":\"Jornada de Portes Obertes del Grau en Fisioter\u00e0pia Internacional al campus de Barcelona el proper 25 de febrer\",\"datePublished\":\"2017-01-15T23:00:00+00:00\",\"dateModified\":\"2019-06-03T10:45:44+00:00\",\"mainEntityOfPage\":{\"@id\":\"https:\\\/\\\/barcelona.euses.cat\\\/ca\\\/jornada-de-portes-obertes-del-grau-en-fisioterapia-internacional-al-campus-de-barcelona-el-proper-25-de-febrer\\\/\"},\"wordCount\":355,\"image\":{\"@id\":\"https:\\\/\\\/barcelona.euses.cat\\\/ca\\\/jornada-de-portes-obertes-del-grau-en-fisioterapia-internacional-al-campus-de-barcelona-el-proper-25-de-febrer\\\/#primaryimage\"},\"thumbnailUrl\":\"https:\\\/\\\/barcelona.euses.cat\\\/wp-content\\\/uploads\\\/2018\\\/02\\\/physiotherapy-catala.png\",\"keywords\":[\"Catal\u00e0\"],\"articleSection\":[\"sense categoria\"],\"inLanguage\":\"ca\"},{\"@type\":\"WebPage\",\"@id\":\"https:\\\/\\\/barcelona.euses.cat\\\/ca\\\/jornada-de-portes-obertes-del-grau-en-fisioterapia-internacional-al-campus-de-barcelona-el-proper-25-de-febrer\\\/\",\"url\":\"https:\\\/\\\/barcelona.euses.cat\\\/ca\\\/jornada-de-portes-obertes-del-grau-en-fisioterapia-internacional-al-campus-de-barcelona-el-proper-25-de-febrer\\\/\",\"name\":\"Jornada de Portes Obertes del Grau en Fisioter\u00e0pia Internacional al campus de Barcelona el proper 25 de febrer | EUSES- Campus de Bellvitge (Barcelona)\",\"isPartOf\":{\"@id\":\"https:\\\/\\\/barcelona.euses.cat\\\/ca\\\/#website\"},\"primaryImageOfPage\":{\"@id\":\"https:\\\/\\\/barcelona.euses.cat\\\/ca\\\/jornada-de-portes-obertes-del-grau-en-fisioterapia-internacional-al-campus-de-barcelona-el-proper-25-de-febrer\\\/#primaryimage\"},\"image\":{\"@id\":\"https:\\\/\\\/barcelona.euses.cat\\\/ca\\\/jornada-de-portes-obertes-del-grau-en-fisioterapia-internacional-al-campus-de-barcelona-el-proper-25-de-febrer\\\/#primaryimage\"},\"thumbnailUrl\":\"https:\\\/\\\/barcelona.euses.cat\\\/wp-content\\\/uploads\\\/2018\\\/02\\\/physiotherapy-catala.png\",\"datePublished\":\"2017-01-15T23:00:00+00:00\",\"dateModified\":\"2019-06-03T10:45:44+00:00\",\"author\":{\"@id\":\"https:\\\/\\\/barcelona.euses.cat\\\/ca\\\/#\\\/schema\\\/person\\\/c3074ca9d956eacf02e41e2ff78e53ab\"},\"breadcrumb\":{\"@id\":\"https:\\\/\\\/barcelona.euses.cat\\\/ca\\\/jornada-de-portes-obertes-del-grau-en-fisioterapia-internacional-al-campus-de-barcelona-el-proper-25-de-febrer\\\/#breadcrumb\"},\"inLanguage\":\"ca\",\"potentialAction\":[{\"@type\":\"ReadAction\",\"target\":[\"https:\\\/\\\/barcelona.euses.cat\\\/ca\\\/jornada-de-portes-obertes-del-grau-en-fisioterapia-internacional-al-campus-de-barcelona-el-proper-25-de-febrer\\\/\"]}]},{\"@type\":\"ImageObject\",\"inLanguage\":\"ca\",\"@id\":\"https:\\\/\\\/barcelona.euses.cat\\\/ca\\\/jornada-de-portes-obertes-del-grau-en-fisioterapia-internacional-al-campus-de-barcelona-el-proper-25-de-febrer\\\/#primaryimage\",\"url\":\"https:\\\/\\\/barcelona.euses.cat\\\/wp-content\\\/uploads\\\/2018\\\/02\\\/physiotherapy-catala.png\",\"contentUrl\":\"https:\\\/\\\/barcelona.euses.cat\\\/wp-content\\\/uploads\\\/2018\\\/02\\\/physiotherapy-catala.png\",\"width\":1910,\"height\":1442},{\"@type\":\"BreadcrumbList\",\"@id\":\"https:\\\/\\\/barcelona.euses.cat\\\/ca\\\/jornada-de-portes-obertes-del-grau-en-fisioterapia-internacional-al-campus-de-barcelona-el-proper-25-de-febrer\\\/#breadcrumb\",\"itemListElement\":[{\"@type\":\"ListItem\",\"position\":1,\"name\":\"Portada\",\"item\":\"https:\\\/\\\/barcelona.euses.cat\\\/ca\\\/\"},{\"@type\":\"ListItem\",\"position\":2,\"name\":\"Jornada de Portes Obertes del Grau en Fisioter\u00e0pia Internacional al campus de Barcelona el proper 25 de febrer\"}]},{\"@type\":\"WebSite\",\"@id\":\"https:\\\/\\\/barcelona.euses.cat\\\/ca\\\/#website\",\"url\":\"https:\\\/\\\/barcelona.euses.cat\\\/ca\\\/\",\"name\":\"EUSES - Campus de Bellvitge (Barcelona)\",\"description\":\"EUSES, Escola Universit\u00e0ria de Fisioter\u00e0pia Internacional a Barcelona\",\"potentialAction\":[{\"@type\":\"SearchAction\",\"target\":{\"@type\":\"EntryPoint\",\"urlTemplate\":\"https:\\\/\\\/barcelona.euses.cat\\\/ca\\\/?s={search_term_string}\"},\"query-input\":{\"@type\":\"PropertyValueSpecification\",\"valueRequired\":true,\"valueName\":\"search_term_string\"}}],\"inLanguage\":\"ca\"},{\"@type\":\"Person\",\"@id\":\"https:\\\/\\\/barcelona.euses.cat\\\/ca\\\/#\\\/schema\\\/person\\\/c3074ca9d956eacf02e41e2ff78e53ab\",\"name\":\"neorg\",\"image\":{\"@type\":\"ImageObject\",\"inLanguage\":\"ca\",\"@id\":\"https:\\\/\\\/secure.gravatar.com\\\/avatar\\\/709d3d8015183afa7401c02e2291a538cbfd4ffe62f4d86ce5f4871f22e86b09?s=96&d=mm&r=g\",\"url\":\"https:\\\/\\\/secure.gravatar.com\\\/avatar\\\/709d3d8015183afa7401c02e2291a538cbfd4ffe62f4d86ce5f4871f22e86b09?s=96&d=mm&r=g\",\"contentUrl\":\"https:\\\/\\\/secure.gravatar.com\\\/avatar\\\/709d3d8015183afa7401c02e2291a538cbfd4ffe62f4d86ce5f4871f22e86b09?s=96&d=mm&r=g\",\"caption\":\"neorg\"},\"url\":\"https:\\\/\\\/barcelona.euses.cat\\\/ca\\\/author\\\/neorg\\\/\"}]}<\/script>\n<!-- \/ Yoast SEO plugin. -->","yoast_head_json":{"title":"Jornada de Portes Obertes del Grau en Fisioter\u00e0pia Internacional al campus de Barcelona el proper 25 de febrer | EUSES- Campus de Bellvitge (Barcelona)","robots":{"index":"index","follow":"follow","max-snippet":"max-snippet:-1","max-image-preview":"max-image-preview:large","max-video-preview":"max-video-preview:-1"},"canonical":"https:\/\/barcelona.euses.cat\/ca\/jornada-de-portes-obertes-del-grau-en-fisioterapia-internacional-al-campus-de-barcelona-el-proper-25-de-febrer\/","og_locale":"ca_ES","og_type":"article","og_title":"Jornada de Portes Obertes del Grau en Fisioter\u00e0pia Internacional al campus de Barcelona el proper 25 de febrer | EUSES- Campus de Bellvitge (Barcelona)","og_description":"L\u2019Escola Universit\u00e0ria de la Salut i l\u2019Esport (EUSES-UdG) i l\u2019Escola de Noves Tecnologies Interactives (ENTI-UB) obriran les portes del Campus de la Salut de la Universitat de Barcelona (UB) el dissabte 25 de Febrer per als interessats en el Grau Universitari en Fisioter\u00e0pia Internacional pel curs acad\u00e8mic 2017\/18. En la jornada hi haur\u00e0 una sessi\u00f3 [&hellip;]","og_url":"https:\/\/barcelona.euses.cat\/ca\/jornada-de-portes-obertes-del-grau-en-fisioterapia-internacional-al-campus-de-barcelona-el-proper-25-de-febrer\/","og_site_name":"EUSES- Campus de Bellvitge (Barcelona)","article_publisher":"https:\/\/www.facebook.com\/PhysioBCN\/","article_published_time":"2017-01-15T23:00:00+00:00","article_modified_time":"2019-06-03T10:45:44+00:00","og_image":[{"width":1024,"height":773,"url":"https:\/\/barcelona.euses.cat\/wp-content\/uploads\/2018\/02\/physiotherapy-catala-1024x773.png","type":"image\/png"}],"author":"neorg","twitter_card":"summary_large_image","twitter_misc":{"Escrit per":"neorg","Temps estimat de lectura":"2 minuts"},"schema":{"@context":"https:\/\/schema.org","@graph":[{"@type":"Article","@id":"https:\/\/barcelona.euses.cat\/ca\/jornada-de-portes-obertes-del-grau-en-fisioterapia-internacional-al-campus-de-barcelona-el-proper-25-de-febrer\/#article","isPartOf":{"@id":"https:\/\/barcelona.euses.cat\/ca\/jornada-de-portes-obertes-del-grau-en-fisioterapia-internacional-al-campus-de-barcelona-el-proper-25-de-febrer\/"},"author":{"name":"neorg","@id":"https:\/\/barcelona.euses.cat\/ca\/#\/schema\/person\/c3074ca9d956eacf02e41e2ff78e53ab"},"headline":"Jornada de Portes Obertes del Grau en Fisioter\u00e0pia Internacional al campus de Barcelona el proper 25 de febrer","datePublished":"2017-01-15T23:00:00+00:00","dateModified":"2019-06-03T10:45:44+00:00","mainEntityOfPage":{"@id":"https:\/\/barcelona.euses.cat\/ca\/jornada-de-portes-obertes-del-grau-en-fisioterapia-internacional-al-campus-de-barcelona-el-proper-25-de-febrer\/"},"wordCount":355,"image":{"@id":"https:\/\/barcelona.euses.cat\/ca\/jornada-de-portes-obertes-del-grau-en-fisioterapia-internacional-al-campus-de-barcelona-el-proper-25-de-febrer\/#primaryimage"},"thumbnailUrl":"https:\/\/barcelona.euses.cat\/wp-content\/uploads\/2018\/02\/physiotherapy-catala.png","keywords":["Catal\u00e0"],"articleSection":["sense categoria"],"inLanguage":"ca"},{"@type":"WebPage","@id":"https:\/\/barcelona.euses.cat\/ca\/jornada-de-portes-obertes-del-grau-en-fisioterapia-internacional-al-campus-de-barcelona-el-proper-25-de-febrer\/","url":"https:\/\/barcelona.euses.cat\/ca\/jornada-de-portes-obertes-del-grau-en-fisioterapia-internacional-al-campus-de-barcelona-el-proper-25-de-febrer\/","name":"Jornada de Portes Obertes del Grau en Fisioter\u00e0pia Internacional al campus de Barcelona el proper 25 de febrer | EUSES- Campus de Bellvitge (Barcelona)","isPartOf":{"@id":"https:\/\/barcelona.euses.cat\/ca\/#website"},"primaryImageOfPage":{"@id":"https:\/\/barcelona.euses.cat\/ca\/jornada-de-portes-obertes-del-grau-en-fisioterapia-internacional-al-campus-de-barcelona-el-proper-25-de-febrer\/#primaryimage"},"image":{"@id":"https:\/\/barcelona.euses.cat\/ca\/jornada-de-portes-obertes-del-grau-en-fisioterapia-internacional-al-campus-de-barcelona-el-proper-25-de-febrer\/#primaryimage"},"thumbnailUrl":"https:\/\/barcelona.euses.cat\/wp-content\/uploads\/2018\/02\/physiotherapy-catala.png","datePublished":"2017-01-15T23:00:00+00:00","dateModified":"2019-06-03T10:45:44+00:00","author":{"@id":"https:\/\/barcelona.euses.cat\/ca\/#\/schema\/person\/c3074ca9d956eacf02e41e2ff78e53ab"},"breadcrumb":{"@id":"https:\/\/barcelona.euses.cat\/ca\/jornada-de-portes-obertes-del-grau-en-fisioterapia-internacional-al-campus-de-barcelona-el-proper-25-de-febrer\/#breadcrumb"},"inLanguage":"ca","potentialAction":[{"@type":"ReadAction","target":["https:\/\/barcelona.euses.cat\/ca\/jornada-de-portes-obertes-del-grau-en-fisioterapia-internacional-al-campus-de-barcelona-el-proper-25-de-febrer\/"]}]},{"@type":"ImageObject","inLanguage":"ca","@id":"https:\/\/barcelona.euses.cat\/ca\/jornada-de-portes-obertes-del-grau-en-fisioterapia-internacional-al-campus-de-barcelona-el-proper-25-de-febrer\/#primaryimage","url":"https:\/\/barcelona.euses.cat\/wp-content\/uploads\/2018\/02\/physiotherapy-catala.png","contentUrl":"https:\/\/barcelona.euses.cat\/wp-content\/uploads\/2018\/02\/physiotherapy-catala.png","width":1910,"height":1442},{"@type":"BreadcrumbList","@id":"https:\/\/barcelona.euses.cat\/ca\/jornada-de-portes-obertes-del-grau-en-fisioterapia-internacional-al-campus-de-barcelona-el-proper-25-de-febrer\/#breadcrumb","itemListElement":[{"@type":"ListItem","position":1,"name":"Portada","item":"https:\/\/barcelona.euses.cat\/ca\/"},{"@type":"ListItem","position":2,"name":"Jornada de Portes Obertes del Grau en Fisioter\u00e0pia Internacional al campus de Barcelona el proper 25 de febrer"}]},{"@type":"WebSite","@id":"https:\/\/barcelona.euses.cat\/ca\/#website","url":"https:\/\/barcelona.euses.cat\/ca\/","name":"EUSES - Campus de Bellvitge (Barcelona)","description":"EUSES, Escola Universit\u00e0ria de Fisioter\u00e0pia Internacional a Barcelona","potentialAction":[{"@type":"SearchAction","target":{"@type":"EntryPoint","urlTemplate":"https:\/\/barcelona.euses.cat\/ca\/?s={search_term_string}"},"query-input":{"@type":"PropertyValueSpecification","valueRequired":true,"valueName":"search_term_string"}}],"inLanguage":"ca"},{"@type":"Person","@id":"https:\/\/barcelona.euses.cat\/ca\/#\/schema\/person\/c3074ca9d956eacf02e41e2ff78e53ab","name":"neorg","image":{"@type":"ImageObject","inLanguage":"ca","@id":"https:\/\/secure.gravatar.com\/avatar\/709d3d8015183afa7401c02e2291a538cbfd4ffe62f4d86ce5f4871f22e86b09?s=96&d=mm&r=g","url":"https:\/\/secure.gravatar.com\/avatar\/709d3d8015183afa7401c02e2291a538cbfd4ffe62f4d86ce5f4871f22e86b09?s=96&d=mm&r=g","contentUrl":"https:\/\/secure.gravatar.com\/avatar\/709d3d8015183afa7401c02e2291a538cbfd4ffe62f4d86ce5f4871f22e86b09?s=96&d=mm&r=g","caption":"neorg"},"url":"https:\/\/barcelona.euses.cat\/ca\/author\/neorg\/"}]}},"_links":{"self":[{"href":"https:\/\/barcelona.euses.cat\/ca\/wp-json\/wp\/v2\/posts\/2490","targetHints":{"allow":["GET"]}}],"collection":[{"href":"https:\/\/barcelona.euses.cat\/ca\/wp-json\/wp\/v2\/posts"}],"about":[{"href":"https:\/\/barcelona.euses.cat\/ca\/wp-json\/wp\/v2\/types\/post"}],"author":[{"embeddable":true,"href":"https:\/\/barcelona.euses.cat\/ca\/wp-json\/wp\/v2\/users\/1"}],"replies":[{"embeddable":true,"href":"https:\/\/barcelona.euses.cat\/ca\/wp-json\/wp\/v2\/comments?post=2490"}],"version-history":[{"count":1,"href":"https:\/\/barcelona.euses.cat\/ca\/wp-json\/wp\/v2\/posts\/2490\/revisions"}],"predecessor-version":[{"id":6853,"href":"https:\/\/barcelona.euses.cat\/ca\/wp-json\/wp\/v2\/posts\/2490\/revisions\/6853"}],"wp:featuredmedia":[{"embeddable":true,"href":"https:\/\/barcelona.euses.cat\/ca\/wp-json\/wp\/v2\/media\/2491"}],"wp:attachment":[{"href":"https:\/\/barcelona.euses.cat\/ca\/wp-json\/wp\/v2\/media?parent=2490"}],"wp:term":[{"taxonomy":"category","embeddable":true,"href":"https:\/\/barcelona.euses.cat\/ca\/wp-json\/wp\/v2\/categories?post=2490"},{"taxonomy":"post_tag","embeddable":true,"href":"https:\/\/barcelona.euses.cat\/ca\/wp-json\/wp\/v2\/tags?post=2490"}],"curies":[{"name":"wp","href":"https:\/\/api.w.org\/{rel}","templated":true}]}}