{"id":2469,"date":"2016-12-12T00:00:00","date_gmt":"2016-12-11T23:00:00","guid":{"rendered":"http:\/\/physiotherapybarcelona.net\/jornada-de-portes-obertes-del-grau-en-fisioterapia-internacional-deuses-udg-i-enti-ub-al-campus-de-barcelona-el-25-de-febrer-i-el-13-de-maig\/"},"modified":"2019-06-03T12:52:18","modified_gmt":"2019-06-03T10:52:18","slug":"jornada-de-portes-obertes-del-grau-en-fisioterapia-internacional-deuses-udg-i-enti-ub-al-campus-de-barcelona-el-25-de-febrer-i-el-13-de-maig","status":"publish","type":"post","link":"https:\/\/barcelona.euses.cat\/ca\/jornada-de-portes-obertes-del-grau-en-fisioterapia-internacional-deuses-udg-i-enti-ub-al-campus-de-barcelona-el-25-de-febrer-i-el-13-de-maig\/","title":{"rendered":"Jornada de Portes Obertes del Grau en Fisioter\u00e0pia Internacional d\u2019EUSES-UdG i ENTI-UB al Campus de Barcelona, el 25 de febrer i el 13 de maig"},"content":{"rendered":"<p style=\"text-align: justify;\">Ja tenim les dates de les properes <strong>Jornades de Portes Obertes<\/strong> del <strong><a href=\"https:\/\/goo.gl\/qkTe9T\" target=\"_blank\" rel=\"noopener noreferrer\">Grau en Fisioter\u00e0pia Internacional<\/a><\/strong> de <strong>l\u2019Escola Universit\u00e0ria de la Salut i l\u2019Esport (EUSES-UdG) <\/strong>i de <strong>l\u2019Escola de Noves Tecnologies Interactives (ENTI-UB)<\/strong> seran: els dissabtes <strong>25 de febrer<\/strong> i <strong>13 de maig.<\/strong> Durant aquests dos dies, el <strong>Campus de la Salut<\/strong> de la <strong>Universitat de Barcelona (UB)<\/strong> tornar\u00e0 a obrir les seves portes, perqu\u00e8 els estudiants interessats a realitzar aquest <strong>Grau<\/strong> universitari, el proper <strong>curs acad\u00e8mic 2017-2018<\/strong>, puguin informar-se de tots els detalls.<\/p>\n<p style=\"text-align: justify;\">Durant les jornades, tindr\u00e0 lloc una <strong>sessi\u00f3 informativa<\/strong>, en la qual, els futurs estudiants rebran tota classe d\u2019informaci\u00f3 sobre el <strong>pla d\u2019estudis<\/strong>, les <strong>sortides professionals<\/strong>, el proc\u00e9s <strong>d\u2019inscripcions<\/strong> i <strong>matr\u00edcules<\/strong>, entre molts altres aspectes. Sens dubte, estudiar <strong>el Grau en Fisioter\u00e0pia Internacional<\/strong> et permetr\u00e0 obtenir una <strong>formaci\u00f3<\/strong> <strong>din\u00e0mica<\/strong> i de <strong>qualitat<\/strong>, orientada a l\u2019aprenentatge dels diferents aspectes de la <strong>fisioter\u00e0pia<\/strong>. Per\u00f2 a m\u00e9s, aquesta titulaci\u00f3 compta amb tota una s\u00e8rie d\u2019importants <strong>avantatges<\/strong>:<\/p>\n<p style=\"text-align: justify;\"><strong>Una titulaci\u00f3 \u00edntegrament en angl\u00e8s<\/strong>. Un <strong>idioma<\/strong>, el domini del qual, \u00e9s imprescindible en la societat actual, esdevenint una compet\u00e8ncia b\u00e0sica per al coneixement de la producci\u00f3 cient\u00edfica i l\u2019adquisici\u00f3 d\u2019un <strong>\u00f2ptim nivell professional<\/strong>.<\/p>\n<p style=\"text-align: justify;\"><strong>L\u2019aplicaci\u00f3 de les noves tecnologies al camp de la fisioter\u00e0pia<\/strong>. Obtindr\u00e0s una <strong>formaci\u00f3<\/strong> <strong>universit\u00e0ria<\/strong> pionera en <strong>noves tecnologies<\/strong>. Aprendr\u00e0s a desenvolupar eines de valoraci\u00f3 des de la fisioter\u00e0pia; aplicar nous avan\u00e7os tecnol\u00f2gics en aquest \u00e0mbit; i fins i tot, ser\u00e0s capa\u00e7 de crear <strong>noves aplicacions tecnol\u00f2giques<\/strong> com: <strong>apps m\u00f2bils, software<\/strong> o modelatge tridimensional aplicat a aquest camp.<\/p>\n<p style=\"text-align: justify;\"><strong>Un excel\u00b7lent equip docent<\/strong>. Tindr\u00e0s a la teva disposici\u00f3 un <strong>professorat<\/strong> altament <strong>qualificat<\/strong> en l\u2019\u00e0mbit de la doc\u00e8ncia, procedent de prestigioses <strong>universitats internacionals<\/strong>, especialitzat en el seu camp i amb el doble <strong>perfil\u00a0 d\u2019acad\u00e8mic-investigador<\/strong> i de <strong>professional en actiu<\/strong>.<\/p>\n<p style=\"text-align: justify;\"><strong>Acc\u00e9s a m\u00faltiples programes d\u2019intercanvi internacional<\/strong>. Tindr\u00e0s la possibilitat <strong>d\u2019estudiar<\/strong> a <strong>l\u2019estranger<\/strong> i ampliar el teu <strong>networking internacional<\/strong>, gr\u00e0cies als programes <strong>ERASMUS<\/strong> amb <strong>universitats<\/strong> de <strong>prestigi internacional<\/strong>. A m\u00e9s, tamb\u00e9 s\u2019incentiva la posterior ampliaci\u00f3 i continuaci\u00f3 d\u2019estudis de <strong>postgrau<\/strong> en altres pa\u00efsos.<\/p>\n<p style=\"text-align: justify;\"><strong>Pr\u00e0ctiques a reconeguts centres de l\u2019\u00e0mbit de la salut<\/strong>. Podr\u00e0s escollir realitzar les\u00a0 teves <strong>pr\u00e0ctiques<\/strong> acad\u00e8miques en <strong>centres de refer\u00e8ncia<\/strong> en els tractaments de <strong>fisioter\u00e0pia<\/strong> a les comarques de <strong>Girona, Barcelona, Terres de l\u2019Ebre<\/strong> i el <strong>sud de Fran\u00e7a<\/strong>.<\/p>\n<p>Si vols con\u00e8ixer en detall el <strong>primer grau<\/strong> universitari \u00edntegrament en <strong>angl\u00e8s<\/strong> que fusiona la <strong>fisioter\u00e0pia<\/strong> i la <strong>tecnologia<\/strong>, vine a les <strong>Jornades de Portes Obertes<\/strong> del <strong><a href=\"https:\/\/goo.gl\/qkTe9T\" target=\"_blank\" rel=\"noopener noreferrer\">Grau en Fisioter\u00e0pia Internacional d\u2019EUSES-UdG i ENTI-UB<\/a>.<\/strong><\/p>\n<p>Anota a l\u2019agenda les dates dels dissabtes <strong>25 de febrer<\/strong> i el <strong>13 de maig<\/strong>. Properament, et donarem m\u00e9s detalls.<\/p>\n","protected":false},"excerpt":{"rendered":"<p>Ja tenim les dates de les properes Jornades de Portes Obertes del Grau en Fisioter\u00e0pia Internacional de l\u2019Escola Universit\u00e0ria de la Salut i l\u2019Esport (EUSES-UdG) i de l\u2019Escola de Noves Tecnologies Interactives (ENTI-UB) seran: els dissabtes 25 de febrer i 13 de maig. Durant aquests dos dies, el Campus de la Salut de la Universitat [&hellip;]<\/p>\n","protected":false},"author":1,"featured_media":2470,"comment_status":"closed","ping_status":"closed","sticky":false,"template":"","format":"standard","meta":{"_acf_changed":false,"inline_featured_image":false,"_joinchat":[],"footnotes":""},"categories":[46],"tags":[45],"class_list":["post-2469","post","type-post","status-publish","format-standard","has-post-thumbnail","hentry","category-sense-categoria","tag-catala"],"acf":[],"yoast_head":"<!-- This site is optimized with the Yoast SEO plugin v27.4 - https:\/\/yoast.com\/product\/yoast-seo-wordpress\/ -->\n<title>Jornada de Portes Obertes del Grau en Fisioter\u00e0pia Internacional d\u2019EUSES-UdG i ENTI-UB al Campus de Barcelona, el 25 de febrer i el 13 de maig | EUSES- Campus de Bellvitge (Barcelona)<\/title>\n<meta name=\"robots\" content=\"index, follow, max-snippet:-1, max-image-preview:large, max-video-preview:-1\" \/>\n<link rel=\"canonical\" href=\"https:\/\/barcelona.euses.cat\/ca\/jornada-de-portes-obertes-del-grau-en-fisioterapia-internacional-deuses-udg-i-enti-ub-al-campus-de-barcelona-el-25-de-febrer-i-el-13-de-maig\/\" \/>\n<meta property=\"og:locale\" content=\"ca_ES\" \/>\n<meta property=\"og:type\" content=\"article\" \/>\n<meta property=\"og:title\" content=\"Jornada de Portes Obertes del Grau en Fisioter\u00e0pia Internacional d\u2019EUSES-UdG i ENTI-UB al Campus de Barcelona, el 25 de febrer i el 13 de maig | EUSES- Campus de Bellvitge (Barcelona)\" \/>\n<meta property=\"og:description\" content=\"Ja tenim les dates de les properes Jornades de Portes Obertes del Grau en Fisioter\u00e0pia Internacional de l\u2019Escola Universit\u00e0ria de la Salut i l\u2019Esport (EUSES-UdG) i de l\u2019Escola de Noves Tecnologies Interactives (ENTI-UB) seran: els dissabtes 25 de febrer i 13 de maig. Durant aquests dos dies, el Campus de la Salut de la Universitat [&hellip;]\" \/>\n<meta property=\"og:url\" content=\"https:\/\/barcelona.euses.cat\/ca\/jornada-de-portes-obertes-del-grau-en-fisioterapia-internacional-deuses-udg-i-enti-ub-al-campus-de-barcelona-el-25-de-febrer-i-el-13-de-maig\/\" \/>\n<meta property=\"og:site_name\" content=\"EUSES- Campus de Bellvitge (Barcelona)\" \/>\n<meta property=\"article:publisher\" content=\"https:\/\/www.facebook.com\/PhysioBCN\/\" \/>\n<meta property=\"article:published_time\" content=\"2016-12-11T23:00:00+00:00\" \/>\n<meta property=\"article:modified_time\" content=\"2019-06-03T10:52:18+00:00\" \/>\n<meta property=\"og:image\" content=\"https:\/\/barcelona.euses.cat\/wp-content\/uploads\/2018\/02\/Noti-Web-06-1024x773.png\" \/>\n\t<meta property=\"og:image:width\" content=\"1024\" \/>\n\t<meta property=\"og:image:height\" content=\"773\" \/>\n\t<meta property=\"og:image:type\" content=\"image\/png\" \/>\n<meta name=\"author\" content=\"neorg\" \/>\n<meta name=\"twitter:card\" content=\"summary_large_image\" \/>\n<meta name=\"twitter:label1\" content=\"Escrit per\" \/>\n\t<meta name=\"twitter:data1\" content=\"neorg\" \/>\n\t<meta name=\"twitter:label2\" content=\"Temps estimat de lectura\" \/>\n\t<meta name=\"twitter:data2\" content=\"2 minuts\" \/>\n<script type=\"application\/ld+json\" class=\"yoast-schema-graph\">{\"@context\":\"https:\\\/\\\/schema.org\",\"@graph\":[{\"@type\":\"Article\",\"@id\":\"https:\\\/\\\/barcelona.euses.cat\\\/ca\\\/jornada-de-portes-obertes-del-grau-en-fisioterapia-internacional-deuses-udg-i-enti-ub-al-campus-de-barcelona-el-25-de-febrer-i-el-13-de-maig\\\/#article\",\"isPartOf\":{\"@id\":\"https:\\\/\\\/barcelona.euses.cat\\\/ca\\\/jornada-de-portes-obertes-del-grau-en-fisioterapia-internacional-deuses-udg-i-enti-ub-al-campus-de-barcelona-el-25-de-febrer-i-el-13-de-maig\\\/\"},\"author\":{\"name\":\"neorg\",\"@id\":\"https:\\\/\\\/barcelona.euses.cat\\\/ca\\\/#\\\/schema\\\/person\\\/c3074ca9d956eacf02e41e2ff78e53ab\"},\"headline\":\"Jornada de Portes Obertes del Grau en Fisioter\u00e0pia Internacional d\u2019EUSES-UdG i ENTI-UB al Campus de Barcelona, el 25 de febrer i el 13 de maig\",\"datePublished\":\"2016-12-11T23:00:00+00:00\",\"dateModified\":\"2019-06-03T10:52:18+00:00\",\"mainEntityOfPage\":{\"@id\":\"https:\\\/\\\/barcelona.euses.cat\\\/ca\\\/jornada-de-portes-obertes-del-grau-en-fisioterapia-internacional-deuses-udg-i-enti-ub-al-campus-de-barcelona-el-25-de-febrer-i-el-13-de-maig\\\/\"},\"wordCount\":510,\"image\":{\"@id\":\"https:\\\/\\\/barcelona.euses.cat\\\/ca\\\/jornada-de-portes-obertes-del-grau-en-fisioterapia-internacional-deuses-udg-i-enti-ub-al-campus-de-barcelona-el-25-de-febrer-i-el-13-de-maig\\\/#primaryimage\"},\"thumbnailUrl\":\"https:\\\/\\\/barcelona.euses.cat\\\/wp-content\\\/uploads\\\/2018\\\/02\\\/Noti-Web-06.png\",\"keywords\":[\"Catal\u00e0\"],\"articleSection\":[\"sense categoria\"],\"inLanguage\":\"ca\"},{\"@type\":\"WebPage\",\"@id\":\"https:\\\/\\\/barcelona.euses.cat\\\/ca\\\/jornada-de-portes-obertes-del-grau-en-fisioterapia-internacional-deuses-udg-i-enti-ub-al-campus-de-barcelona-el-25-de-febrer-i-el-13-de-maig\\\/\",\"url\":\"https:\\\/\\\/barcelona.euses.cat\\\/ca\\\/jornada-de-portes-obertes-del-grau-en-fisioterapia-internacional-deuses-udg-i-enti-ub-al-campus-de-barcelona-el-25-de-febrer-i-el-13-de-maig\\\/\",\"name\":\"Jornada de Portes Obertes del Grau en Fisioter\u00e0pia Internacional d\u2019EUSES-UdG i ENTI-UB al Campus de Barcelona, el 25 de febrer i el 13 de maig | EUSES- Campus de Bellvitge (Barcelona)\",\"isPartOf\":{\"@id\":\"https:\\\/\\\/barcelona.euses.cat\\\/ca\\\/#website\"},\"primaryImageOfPage\":{\"@id\":\"https:\\\/\\\/barcelona.euses.cat\\\/ca\\\/jornada-de-portes-obertes-del-grau-en-fisioterapia-internacional-deuses-udg-i-enti-ub-al-campus-de-barcelona-el-25-de-febrer-i-el-13-de-maig\\\/#primaryimage\"},\"image\":{\"@id\":\"https:\\\/\\\/barcelona.euses.cat\\\/ca\\\/jornada-de-portes-obertes-del-grau-en-fisioterapia-internacional-deuses-udg-i-enti-ub-al-campus-de-barcelona-el-25-de-febrer-i-el-13-de-maig\\\/#primaryimage\"},\"thumbnailUrl\":\"https:\\\/\\\/barcelona.euses.cat\\\/wp-content\\\/uploads\\\/2018\\\/02\\\/Noti-Web-06.png\",\"datePublished\":\"2016-12-11T23:00:00+00:00\",\"dateModified\":\"2019-06-03T10:52:18+00:00\",\"author\":{\"@id\":\"https:\\\/\\\/barcelona.euses.cat\\\/ca\\\/#\\\/schema\\\/person\\\/c3074ca9d956eacf02e41e2ff78e53ab\"},\"breadcrumb\":{\"@id\":\"https:\\\/\\\/barcelona.euses.cat\\\/ca\\\/jornada-de-portes-obertes-del-grau-en-fisioterapia-internacional-deuses-udg-i-enti-ub-al-campus-de-barcelona-el-25-de-febrer-i-el-13-de-maig\\\/#breadcrumb\"},\"inLanguage\":\"ca\",\"potentialAction\":[{\"@type\":\"ReadAction\",\"target\":[\"https:\\\/\\\/barcelona.euses.cat\\\/ca\\\/jornada-de-portes-obertes-del-grau-en-fisioterapia-internacional-deuses-udg-i-enti-ub-al-campus-de-barcelona-el-25-de-febrer-i-el-13-de-maig\\\/\"]}]},{\"@type\":\"ImageObject\",\"inLanguage\":\"ca\",\"@id\":\"https:\\\/\\\/barcelona.euses.cat\\\/ca\\\/jornada-de-portes-obertes-del-grau-en-fisioterapia-internacional-deuses-udg-i-enti-ub-al-campus-de-barcelona-el-25-de-febrer-i-el-13-de-maig\\\/#primaryimage\",\"url\":\"https:\\\/\\\/barcelona.euses.cat\\\/wp-content\\\/uploads\\\/2018\\\/02\\\/Noti-Web-06.png\",\"contentUrl\":\"https:\\\/\\\/barcelona.euses.cat\\\/wp-content\\\/uploads\\\/2018\\\/02\\\/Noti-Web-06.png\",\"width\":1910,\"height\":1442},{\"@type\":\"BreadcrumbList\",\"@id\":\"https:\\\/\\\/barcelona.euses.cat\\\/ca\\\/jornada-de-portes-obertes-del-grau-en-fisioterapia-internacional-deuses-udg-i-enti-ub-al-campus-de-barcelona-el-25-de-febrer-i-el-13-de-maig\\\/#breadcrumb\",\"itemListElement\":[{\"@type\":\"ListItem\",\"position\":1,\"name\":\"Portada\",\"item\":\"https:\\\/\\\/barcelona.euses.cat\\\/ca\\\/\"},{\"@type\":\"ListItem\",\"position\":2,\"name\":\"Jornada de Portes Obertes del Grau en Fisioter\u00e0pia Internacional d\u2019EUSES-UdG i ENTI-UB al Campus de Barcelona, el 25 de febrer i el 13 de maig\"}]},{\"@type\":\"WebSite\",\"@id\":\"https:\\\/\\\/barcelona.euses.cat\\\/ca\\\/#website\",\"url\":\"https:\\\/\\\/barcelona.euses.cat\\\/ca\\\/\",\"name\":\"EUSES - Campus de Bellvitge (Barcelona)\",\"description\":\"EUSES, Escola Universit\u00e0ria de Fisioter\u00e0pia Internacional a Barcelona\",\"potentialAction\":[{\"@type\":\"SearchAction\",\"target\":{\"@type\":\"EntryPoint\",\"urlTemplate\":\"https:\\\/\\\/barcelona.euses.cat\\\/ca\\\/?s={search_term_string}\"},\"query-input\":{\"@type\":\"PropertyValueSpecification\",\"valueRequired\":true,\"valueName\":\"search_term_string\"}}],\"inLanguage\":\"ca\"},{\"@type\":\"Person\",\"@id\":\"https:\\\/\\\/barcelona.euses.cat\\\/ca\\\/#\\\/schema\\\/person\\\/c3074ca9d956eacf02e41e2ff78e53ab\",\"name\":\"neorg\",\"image\":{\"@type\":\"ImageObject\",\"inLanguage\":\"ca\",\"@id\":\"https:\\\/\\\/secure.gravatar.com\\\/avatar\\\/709d3d8015183afa7401c02e2291a538cbfd4ffe62f4d86ce5f4871f22e86b09?s=96&d=mm&r=g\",\"url\":\"https:\\\/\\\/secure.gravatar.com\\\/avatar\\\/709d3d8015183afa7401c02e2291a538cbfd4ffe62f4d86ce5f4871f22e86b09?s=96&d=mm&r=g\",\"contentUrl\":\"https:\\\/\\\/secure.gravatar.com\\\/avatar\\\/709d3d8015183afa7401c02e2291a538cbfd4ffe62f4d86ce5f4871f22e86b09?s=96&d=mm&r=g\",\"caption\":\"neorg\"},\"url\":\"https:\\\/\\\/barcelona.euses.cat\\\/ca\\\/author\\\/neorg\\\/\"}]}<\/script>\n<!-- \/ Yoast SEO plugin. -->","yoast_head_json":{"title":"Jornada de Portes Obertes del Grau en Fisioter\u00e0pia Internacional d\u2019EUSES-UdG i ENTI-UB al Campus de Barcelona, el 25 de febrer i el 13 de maig | EUSES- Campus de Bellvitge (Barcelona)","robots":{"index":"index","follow":"follow","max-snippet":"max-snippet:-1","max-image-preview":"max-image-preview:large","max-video-preview":"max-video-preview:-1"},"canonical":"https:\/\/barcelona.euses.cat\/ca\/jornada-de-portes-obertes-del-grau-en-fisioterapia-internacional-deuses-udg-i-enti-ub-al-campus-de-barcelona-el-25-de-febrer-i-el-13-de-maig\/","og_locale":"ca_ES","og_type":"article","og_title":"Jornada de Portes Obertes del Grau en Fisioter\u00e0pia Internacional d\u2019EUSES-UdG i ENTI-UB al Campus de Barcelona, el 25 de febrer i el 13 de maig | EUSES- Campus de Bellvitge (Barcelona)","og_description":"Ja tenim les dates de les properes Jornades de Portes Obertes del Grau en Fisioter\u00e0pia Internacional de l\u2019Escola Universit\u00e0ria de la Salut i l\u2019Esport (EUSES-UdG) i de l\u2019Escola de Noves Tecnologies Interactives (ENTI-UB) seran: els dissabtes 25 de febrer i 13 de maig. Durant aquests dos dies, el Campus de la Salut de la Universitat [&hellip;]","og_url":"https:\/\/barcelona.euses.cat\/ca\/jornada-de-portes-obertes-del-grau-en-fisioterapia-internacional-deuses-udg-i-enti-ub-al-campus-de-barcelona-el-25-de-febrer-i-el-13-de-maig\/","og_site_name":"EUSES- Campus de Bellvitge (Barcelona)","article_publisher":"https:\/\/www.facebook.com\/PhysioBCN\/","article_published_time":"2016-12-11T23:00:00+00:00","article_modified_time":"2019-06-03T10:52:18+00:00","og_image":[{"width":1024,"height":773,"url":"https:\/\/barcelona.euses.cat\/wp-content\/uploads\/2018\/02\/Noti-Web-06-1024x773.png","type":"image\/png"}],"author":"neorg","twitter_card":"summary_large_image","twitter_misc":{"Escrit per":"neorg","Temps estimat de lectura":"2 minuts"},"schema":{"@context":"https:\/\/schema.org","@graph":[{"@type":"Article","@id":"https:\/\/barcelona.euses.cat\/ca\/jornada-de-portes-obertes-del-grau-en-fisioterapia-internacional-deuses-udg-i-enti-ub-al-campus-de-barcelona-el-25-de-febrer-i-el-13-de-maig\/#article","isPartOf":{"@id":"https:\/\/barcelona.euses.cat\/ca\/jornada-de-portes-obertes-del-grau-en-fisioterapia-internacional-deuses-udg-i-enti-ub-al-campus-de-barcelona-el-25-de-febrer-i-el-13-de-maig\/"},"author":{"name":"neorg","@id":"https:\/\/barcelona.euses.cat\/ca\/#\/schema\/person\/c3074ca9d956eacf02e41e2ff78e53ab"},"headline":"Jornada de Portes Obertes del Grau en Fisioter\u00e0pia Internacional d\u2019EUSES-UdG i ENTI-UB al Campus de Barcelona, el 25 de febrer i el 13 de maig","datePublished":"2016-12-11T23:00:00+00:00","dateModified":"2019-06-03T10:52:18+00:00","mainEntityOfPage":{"@id":"https:\/\/barcelona.euses.cat\/ca\/jornada-de-portes-obertes-del-grau-en-fisioterapia-internacional-deuses-udg-i-enti-ub-al-campus-de-barcelona-el-25-de-febrer-i-el-13-de-maig\/"},"wordCount":510,"image":{"@id":"https:\/\/barcelona.euses.cat\/ca\/jornada-de-portes-obertes-del-grau-en-fisioterapia-internacional-deuses-udg-i-enti-ub-al-campus-de-barcelona-el-25-de-febrer-i-el-13-de-maig\/#primaryimage"},"thumbnailUrl":"https:\/\/barcelona.euses.cat\/wp-content\/uploads\/2018\/02\/Noti-Web-06.png","keywords":["Catal\u00e0"],"articleSection":["sense categoria"],"inLanguage":"ca"},{"@type":"WebPage","@id":"https:\/\/barcelona.euses.cat\/ca\/jornada-de-portes-obertes-del-grau-en-fisioterapia-internacional-deuses-udg-i-enti-ub-al-campus-de-barcelona-el-25-de-febrer-i-el-13-de-maig\/","url":"https:\/\/barcelona.euses.cat\/ca\/jornada-de-portes-obertes-del-grau-en-fisioterapia-internacional-deuses-udg-i-enti-ub-al-campus-de-barcelona-el-25-de-febrer-i-el-13-de-maig\/","name":"Jornada de Portes Obertes del Grau en Fisioter\u00e0pia Internacional d\u2019EUSES-UdG i ENTI-UB al Campus de Barcelona, el 25 de febrer i el 13 de maig | EUSES- Campus de Bellvitge (Barcelona)","isPartOf":{"@id":"https:\/\/barcelona.euses.cat\/ca\/#website"},"primaryImageOfPage":{"@id":"https:\/\/barcelona.euses.cat\/ca\/jornada-de-portes-obertes-del-grau-en-fisioterapia-internacional-deuses-udg-i-enti-ub-al-campus-de-barcelona-el-25-de-febrer-i-el-13-de-maig\/#primaryimage"},"image":{"@id":"https:\/\/barcelona.euses.cat\/ca\/jornada-de-portes-obertes-del-grau-en-fisioterapia-internacional-deuses-udg-i-enti-ub-al-campus-de-barcelona-el-25-de-febrer-i-el-13-de-maig\/#primaryimage"},"thumbnailUrl":"https:\/\/barcelona.euses.cat\/wp-content\/uploads\/2018\/02\/Noti-Web-06.png","datePublished":"2016-12-11T23:00:00+00:00","dateModified":"2019-06-03T10:52:18+00:00","author":{"@id":"https:\/\/barcelona.euses.cat\/ca\/#\/schema\/person\/c3074ca9d956eacf02e41e2ff78e53ab"},"breadcrumb":{"@id":"https:\/\/barcelona.euses.cat\/ca\/jornada-de-portes-obertes-del-grau-en-fisioterapia-internacional-deuses-udg-i-enti-ub-al-campus-de-barcelona-el-25-de-febrer-i-el-13-de-maig\/#breadcrumb"},"inLanguage":"ca","potentialAction":[{"@type":"ReadAction","target":["https:\/\/barcelona.euses.cat\/ca\/jornada-de-portes-obertes-del-grau-en-fisioterapia-internacional-deuses-udg-i-enti-ub-al-campus-de-barcelona-el-25-de-febrer-i-el-13-de-maig\/"]}]},{"@type":"ImageObject","inLanguage":"ca","@id":"https:\/\/barcelona.euses.cat\/ca\/jornada-de-portes-obertes-del-grau-en-fisioterapia-internacional-deuses-udg-i-enti-ub-al-campus-de-barcelona-el-25-de-febrer-i-el-13-de-maig\/#primaryimage","url":"https:\/\/barcelona.euses.cat\/wp-content\/uploads\/2018\/02\/Noti-Web-06.png","contentUrl":"https:\/\/barcelona.euses.cat\/wp-content\/uploads\/2018\/02\/Noti-Web-06.png","width":1910,"height":1442},{"@type":"BreadcrumbList","@id":"https:\/\/barcelona.euses.cat\/ca\/jornada-de-portes-obertes-del-grau-en-fisioterapia-internacional-deuses-udg-i-enti-ub-al-campus-de-barcelona-el-25-de-febrer-i-el-13-de-maig\/#breadcrumb","itemListElement":[{"@type":"ListItem","position":1,"name":"Portada","item":"https:\/\/barcelona.euses.cat\/ca\/"},{"@type":"ListItem","position":2,"name":"Jornada de Portes Obertes del Grau en Fisioter\u00e0pia Internacional d\u2019EUSES-UdG i ENTI-UB al Campus de Barcelona, el 25 de febrer i el 13 de maig"}]},{"@type":"WebSite","@id":"https:\/\/barcelona.euses.cat\/ca\/#website","url":"https:\/\/barcelona.euses.cat\/ca\/","name":"EUSES - Campus de Bellvitge (Barcelona)","description":"EUSES, Escola Universit\u00e0ria de Fisioter\u00e0pia Internacional a Barcelona","potentialAction":[{"@type":"SearchAction","target":{"@type":"EntryPoint","urlTemplate":"https:\/\/barcelona.euses.cat\/ca\/?s={search_term_string}"},"query-input":{"@type":"PropertyValueSpecification","valueRequired":true,"valueName":"search_term_string"}}],"inLanguage":"ca"},{"@type":"Person","@id":"https:\/\/barcelona.euses.cat\/ca\/#\/schema\/person\/c3074ca9d956eacf02e41e2ff78e53ab","name":"neorg","image":{"@type":"ImageObject","inLanguage":"ca","@id":"https:\/\/secure.gravatar.com\/avatar\/709d3d8015183afa7401c02e2291a538cbfd4ffe62f4d86ce5f4871f22e86b09?s=96&d=mm&r=g","url":"https:\/\/secure.gravatar.com\/avatar\/709d3d8015183afa7401c02e2291a538cbfd4ffe62f4d86ce5f4871f22e86b09?s=96&d=mm&r=g","contentUrl":"https:\/\/secure.gravatar.com\/avatar\/709d3d8015183afa7401c02e2291a538cbfd4ffe62f4d86ce5f4871f22e86b09?s=96&d=mm&r=g","caption":"neorg"},"url":"https:\/\/barcelona.euses.cat\/ca\/author\/neorg\/"}]}},"_links":{"self":[{"href":"https:\/\/barcelona.euses.cat\/ca\/wp-json\/wp\/v2\/posts\/2469","targetHints":{"allow":["GET"]}}],"collection":[{"href":"https:\/\/barcelona.euses.cat\/ca\/wp-json\/wp\/v2\/posts"}],"about":[{"href":"https:\/\/barcelona.euses.cat\/ca\/wp-json\/wp\/v2\/types\/post"}],"author":[{"embeddable":true,"href":"https:\/\/barcelona.euses.cat\/ca\/wp-json\/wp\/v2\/users\/1"}],"replies":[{"embeddable":true,"href":"https:\/\/barcelona.euses.cat\/ca\/wp-json\/wp\/v2\/comments?post=2469"}],"version-history":[{"count":1,"href":"https:\/\/barcelona.euses.cat\/ca\/wp-json\/wp\/v2\/posts\/2469\/revisions"}],"predecessor-version":[{"id":6864,"href":"https:\/\/barcelona.euses.cat\/ca\/wp-json\/wp\/v2\/posts\/2469\/revisions\/6864"}],"wp:featuredmedia":[{"embeddable":true,"href":"https:\/\/barcelona.euses.cat\/ca\/wp-json\/wp\/v2\/media\/2470"}],"wp:attachment":[{"href":"https:\/\/barcelona.euses.cat\/ca\/wp-json\/wp\/v2\/media?parent=2469"}],"wp:term":[{"taxonomy":"category","embeddable":true,"href":"https:\/\/barcelona.euses.cat\/ca\/wp-json\/wp\/v2\/categories?post=2469"},{"taxonomy":"post_tag","embeddable":true,"href":"https:\/\/barcelona.euses.cat\/ca\/wp-json\/wp\/v2\/tags?post=2469"}],"curies":[{"name":"wp","href":"https:\/\/api.w.org\/{rel}","templated":true}]}}