{"id":2468,"date":"2016-12-07T00:00:00","date_gmt":"2016-12-06T23:00:00","guid":{"rendered":"http:\/\/physiotherapybarcelona.net\/la-massoterapia-una-de-les-tecniques-mes-comunes-en-fisioterapia-el-professor-del-grau-en-fisioterapia-internacional-javier-jerez-destaca-la-importancia-de-coneixer-aquest-tipus-d\/"},"modified":"2019-06-03T12:53:22","modified_gmt":"2019-06-03T10:53:22","slug":"la-massoterapia-una-de-les-tecniques-mes-comunes-en-fisioterapia-el-professor-del-grau-en-fisioterapia-internacional-javier-jerez-destaca-la-importancia-de-coneixer-aquest-tipus-d","status":"publish","type":"post","link":"https:\/\/barcelona.euses.cat\/ca\/la-massoterapia-una-de-les-tecniques-mes-comunes-en-fisioterapia-el-professor-del-grau-en-fisioterapia-internacional-javier-jerez-destaca-la-importancia-de-coneixer-aquest-tipus-d\/","title":{"rendered":"\u201cLa Massoter\u00e0pia, una de les t\u00e8cniques m\u00e9s comunes en fisioter\u00e0pia\u201d. El professor del Grau en Fisioter\u00e0pia Internacional, Javier Jerez destaca la import\u00e0ncia de con\u00e8ixer aquest tipus de procediments en la pr\u00e0ctica cl\u00ednica"},"content":{"rendered":"<p>El <a href=\"\/?page_id=1430\" target=\"_blank\" rel=\"noopener noreferrer\"><strong>Grau<\/strong> en <strong>Fisioter\u00e0pia Internacional<\/strong><\/a> de <strong>l\u2019Escola de Noves Tecnologies Interactives (ENTI-UB) <\/strong>i de<strong> l\u2019Escola Universit\u00e0ria de la Salut i l\u2019Esport (EUSES-UdG) <\/strong>aposta per una formaci\u00f3 \u00edntegrament en <strong>angl\u00e8s<\/strong>, innovadora i de qualitat, fusionant la <strong>fisioter\u00e0pia<\/strong> amb les <strong>noves tecnologies<\/strong> de <strong>l\u2019e-health<\/strong>. El <strong>pla d\u2019estudis<\/strong> d\u2019aquesta titulaci\u00f3 prioritza la capacitat per atendre els <strong>pacients<\/strong> en l\u2019\u00e0mbit preventiu, el tractament de <strong>lesions<\/strong> i patologies associades als moviments. En aquesta ocasi\u00f3, ens centrarem en l\u2019assignatura de <a href=\"https:\/\/goo.gl\/Qd2ZDY\" target=\"_blank\" rel=\"noopener noreferrer\"><strong>Massoter\u00e0pia<\/strong><\/a><strong>,<\/strong> impartida pel professor <a href=\"https:\/\/goo.gl\/8ohHMd\" target=\"_blank\" rel=\"noopener noreferrer\"><strong>Javier Jerez<\/strong><\/a>, <strong>fisioterapeuta<\/strong> i <strong>Doctor<\/strong> en <strong>Salut P\u00fablica<\/strong> per la Universitat Federal de Rio Grande do Norte (Natal, Brasil) amb un <strong>M\u00e0ster<\/strong> en l\u2019\u00e0mbit de la <strong>Salut P\u00fablica<\/strong>.<\/p>\n<p><iframe src=\"https:\/\/www.youtube.com\/embed\/NMwZLuHLC1w\" width=\"560\" height=\"315\" frameborder=\"0\" allowfullscreen=\"allowfullscreen\"><\/iframe><br \/>\nEl professor <strong>Jerez<\/strong> ha treballat durant dotze anys, com a <strong>fisioterapeuta<\/strong> en els <strong>sistemes<\/strong> de <strong>salut<\/strong> <strong>p\u00fablic i privat<\/strong>. El proper curs acad\u00e8mic, ser\u00e0 <strong>coordinador<\/strong> d\u2019aquest <strong>Grau<\/strong>, juntament amb <a href=\"https:\/\/goo.gl\/sFfcWi\" target=\"_blank\" rel=\"noopener noreferrer\"><strong>Mariano Gacto<\/strong><\/a>, i tamb\u00e9 ser\u00e0 responsable de coordinar les assignatures de <strong>Pr\u00e0cticum I i Pr\u00e0cticum II<\/strong>. Les seves principals \u00e0rees de <strong>recerca<\/strong> s\u00f3n: la ter\u00e0pia f\u00edsica i <strong>rehabilitaci\u00f3<\/strong>, la <strong>gerontologia<\/strong> i geriatria, l\u2019epidemiologia i <strong>salut p\u00fablica<\/strong>. A m\u00e9s, compta amb <strong>23 articles<\/strong> publicats, 46 articles presentats a confer\u00e8ncies i un <strong>llibre<\/strong>.<\/p>\n<p>&nbsp;<\/p>\n<p>Quant a l\u2019assignatura de <a href=\"https:\/\/goo.gl\/Qd2ZDY\" target=\"_blank\" rel=\"noopener noreferrer\"><strong>Massoter\u00e0pia<\/strong> (2n curs)<\/a>, cal dir que se centra en les <strong>t\u00e8cniques<\/strong> i m\u00e8todes espec\u00edfics d&#8217;actuacions en l\u2019\u00e0mbit de la <strong>fisioter\u00e0pia<\/strong> i la seva aplicaci\u00f3 a les diferents <strong>patologies<\/strong> per a la conservaci\u00f3 de la <strong>salut<\/strong>. Al llarg d\u2019aquesta mat\u00e8ria, s\u2019aborden els <strong>efectes<\/strong> <strong>fisiol\u00f2gics<\/strong> provocats pel <strong>massatge<\/strong>, aix\u00ed com, les seves indicacions i contraindicacions. Tamb\u00e9 s\u2019aprofundeix en t\u00e8cniques espec\u00edfiques com el <strong>drenatge limf\u00e0tic<\/strong> i el <strong>massatge transvers<\/strong> <strong>profund<\/strong>, entre altres. A m\u00e9s, tal com comenta el <strong>professor <\/strong>i<strong> Doctor Javier Jerez <\/strong>en aquesta assignatura, gaireb\u00e9 un <strong>50%<\/strong> de les <strong>classes<\/strong> s\u00f3n <strong>pr\u00e0ctiques<\/strong>. A m\u00e9s, a les seves classes, es divideix el grup d\u2019alumnes en <strong>dos<\/strong> o <strong>tres grups<\/strong> d&#8217;uns <strong>25 estudiants<\/strong>, m\u00e9s o menys, per tal de practicar i implementar millor les t\u00e8cniques. Sens dubte, la combinaci\u00f3 entre <strong>teoria i pr\u00e0ctica<\/strong> \u00e9s una caracter\u00edstica comuna a la majoria d\u2019assignatures del <strong>Grau en Fisioter\u00e0pia Internacional<\/strong>.<\/p>\n<p>&nbsp;<\/p>\n<p>Pel que fa a les <strong>aplicacions<\/strong> d\u2019aquesta <strong>assignatura<\/strong> en el dia a dia d&#8217;un <strong>fisioterapeuta<\/strong>, <strong>Javier<\/strong> <strong>Jerez<\/strong> assenyala que la <strong>Massoter\u00e0pia<\/strong> \u00e9s una de les <strong>t\u00e8cniques<\/strong> m\u00e9s comunes en el camp de la <strong>fisioter\u00e0pia<\/strong>. Per aix\u00f2, \u00e9s molt important con\u00e8ixer i controlar aquest tipus de procediments. <strong>Jerez<\/strong> tamb\u00e9 imparteix les assignatures <a href=\"https:\/\/goo.gl\/SKjVte\" target=\"_blank\" rel=\"noopener noreferrer\"><strong>d\u2019Assist\u00e8ncia Sanit\u00e0ria B\u00e0sica<\/strong> (2n curs)<\/a>, una mat\u00e8ria tamb\u00e9 primordial que posa el focus en els <strong>primers auxilis<\/strong> i al <strong>segon semestre<\/strong>, donar\u00e0 classes de <a href=\"https:\/\/goo.gl\/8O0OMU\" target=\"_blank\" rel=\"noopener noreferrer\"><strong>Cinesiter\u00e0pia<\/strong> (2n curs)<\/a>, durant la qual, s\u2019aprenen t\u00e8cniques espec\u00edfiques de tractament com els <strong>estiraments anal\u00edtics<\/strong> i <a href=\"https:\/\/goo.gl\/dNBWNa\" target=\"_blank\" rel=\"noopener noreferrer\"><strong>Atenci\u00f3 de Fisioter\u00e0pia en les Lesions de l&#8217;Aparell Locomotor<\/strong> (2n curs)<\/a>, centrada en l\u2019abordatge i el tractament del <strong>pacient<\/strong> afectat de <strong>lesions<\/strong> en l&#8217;aparell locomotor; els alumnes coneixen com s\u2019apliquen els <strong>tractaments espec\u00edfics<\/strong> a lesions \u00f2ssies, articulars i de parts toves.<\/p>\n<p>&nbsp;<\/p>\n<p>Finalment, el professor <a href=\"https:\/\/goo.gl\/8ohHMd\" target=\"_blank\" rel=\"noopener noreferrer\"><strong>Javier Jerez<\/strong><\/a> destaca com a principal <strong>avantatge<\/strong> d\u2019estudiar aquest <strong>Grau<\/strong>: la <strong>internacionalitat<\/strong> dels <strong>professors<\/strong> i dels mateixos <strong>estudiants<\/strong>. <strong>L\u2019equip docent<\/strong> d\u2019aquesta titulaci\u00f3 est\u00e0 format per experts, procedents de pa\u00efsos d\u2019arreu del\u00a0 m\u00f3n: <strong>Austr\u00e0lia, Regne Unit<\/strong>, etc. Segons el professor <strong>Jerez<\/strong>, aquest aspecte \u00e9s molt important tant per a la titulaci\u00f3 com pels estudiants que poden establir <strong>networking internacional<\/strong>. A banda, d\u2019aix\u00f2 tamb\u00e9 destaca l\u2019empla\u00e7ament d\u2019aquests estudis, ubicats a <strong>Barcelona<\/strong>, una ciutat molt interessant i oberta, ideal per portar a terme uns <strong>estudis universitaris<\/strong>.<\/p>\n<p>&nbsp;<\/p>\n<p>Tria una formaci\u00f3 innovadora i de qualitat, en la qual, es combina <strong>teoria<\/strong> i <strong>pr\u00e0ctica<\/strong>; estudiant el <a href=\"\/?page_id=1430\" target=\"_blank\" rel=\"noopener noreferrer\"><strong>Grau en Fisioter\u00e0pia Internacional<\/strong><\/a>.<\/p>\n","protected":false},"excerpt":{"rendered":"<p>El Grau en Fisioter\u00e0pia Internacional de l\u2019Escola de Noves Tecnologies Interactives (ENTI-UB) i de l\u2019Escola Universit\u00e0ria de la Salut i l\u2019Esport (EUSES-UdG) aposta per una formaci\u00f3 \u00edntegrament en angl\u00e8s, innovadora i de qualitat, fusionant la fisioter\u00e0pia amb les noves tecnologies de l\u2019e-health. El pla d\u2019estudis d\u2019aquesta titulaci\u00f3 prioritza la capacitat per atendre els pacients en [&hellip;]<\/p>\n","protected":false},"author":1,"featured_media":1721,"comment_status":"closed","ping_status":"closed","sticky":false,"template":"","format":"standard","meta":{"_acf_changed":false,"inline_featured_image":false,"_joinchat":[],"footnotes":""},"categories":[46],"tags":[45],"class_list":["post-2468","post","type-post","status-publish","format-standard","has-post-thumbnail","hentry","category-sense-categoria","tag-catala"],"acf":[],"yoast_head":"<!-- This site is optimized with the Yoast SEO plugin v27.4 - https:\/\/yoast.com\/product\/yoast-seo-wordpress\/ -->\n<title>\u201cLa Massoter\u00e0pia, una de les t\u00e8cniques m\u00e9s comunes en fisioter\u00e0pia\u201d. El professor del Grau en Fisioter\u00e0pia Internacional, Javier Jerez destaca la import\u00e0ncia de con\u00e8ixer aquest tipus de procediments en la pr\u00e0ctica cl\u00ednica | EUSES- Campus de Bellvitge (Barcelona)<\/title>\n<meta name=\"robots\" content=\"index, follow, max-snippet:-1, max-image-preview:large, max-video-preview:-1\" \/>\n<link rel=\"canonical\" href=\"https:\/\/barcelona.euses.cat\/ca\/la-massoterapia-una-de-les-tecniques-mes-comunes-en-fisioterapia-el-professor-del-grau-en-fisioterapia-internacional-javier-jerez-destaca-la-importancia-de-coneixer-aquest-tipus-d\/\" \/>\n<meta property=\"og:locale\" content=\"ca_ES\" \/>\n<meta property=\"og:type\" content=\"article\" \/>\n<meta property=\"og:title\" content=\"\u201cLa Massoter\u00e0pia, una de les t\u00e8cniques m\u00e9s comunes en fisioter\u00e0pia\u201d. El professor del Grau en Fisioter\u00e0pia Internacional, Javier Jerez destaca la import\u00e0ncia de con\u00e8ixer aquest tipus de procediments en la pr\u00e0ctica cl\u00ednica | EUSES- Campus de Bellvitge (Barcelona)\" \/>\n<meta property=\"og:description\" content=\"El Grau en Fisioter\u00e0pia Internacional de l\u2019Escola de Noves Tecnologies Interactives (ENTI-UB) i de l\u2019Escola Universit\u00e0ria de la Salut i l\u2019Esport (EUSES-UdG) aposta per una formaci\u00f3 \u00edntegrament en angl\u00e8s, innovadora i de qualitat, fusionant la fisioter\u00e0pia amb les noves tecnologies de l\u2019e-health. El pla d\u2019estudis d\u2019aquesta titulaci\u00f3 prioritza la capacitat per atendre els pacients en [&hellip;]\" \/>\n<meta property=\"og:url\" content=\"https:\/\/barcelona.euses.cat\/ca\/la-massoterapia-una-de-les-tecniques-mes-comunes-en-fisioterapia-el-professor-del-grau-en-fisioterapia-internacional-javier-jerez-destaca-la-importancia-de-coneixer-aquest-tipus-d\/\" \/>\n<meta property=\"og:site_name\" content=\"EUSES- Campus de Bellvitge (Barcelona)\" \/>\n<meta property=\"article:publisher\" content=\"https:\/\/www.facebook.com\/PhysioBCN\/\" \/>\n<meta property=\"article:published_time\" content=\"2016-12-06T23:00:00+00:00\" \/>\n<meta property=\"article:modified_time\" content=\"2019-06-03T10:53:22+00:00\" \/>\n<meta property=\"og:image\" content=\"https:\/\/barcelona.euses.cat\/wp-content\/uploads\/2018\/02\/jja-17.jpg\" \/>\n\t<meta property=\"og:image:width\" content=\"4000\" \/>\n\t<meta property=\"og:image:height\" content=\"2250\" \/>\n\t<meta property=\"og:image:type\" content=\"image\/jpeg\" \/>\n<meta name=\"author\" content=\"neorg\" \/>\n<meta name=\"twitter:card\" content=\"summary_large_image\" \/>\n<meta name=\"twitter:label1\" content=\"Escrit per\" \/>\n\t<meta name=\"twitter:data1\" content=\"neorg\" \/>\n\t<meta name=\"twitter:label2\" content=\"Temps estimat de lectura\" \/>\n\t<meta name=\"twitter:data2\" content=\"3 minuts\" \/>\n<script type=\"application\/ld+json\" class=\"yoast-schema-graph\">{\"@context\":\"https:\\\/\\\/schema.org\",\"@graph\":[{\"@type\":\"Article\",\"@id\":\"https:\\\/\\\/barcelona.euses.cat\\\/ca\\\/la-massoterapia-una-de-les-tecniques-mes-comunes-en-fisioterapia-el-professor-del-grau-en-fisioterapia-internacional-javier-jerez-destaca-la-importancia-de-coneixer-aquest-tipus-d\\\/#article\",\"isPartOf\":{\"@id\":\"https:\\\/\\\/barcelona.euses.cat\\\/ca\\\/la-massoterapia-una-de-les-tecniques-mes-comunes-en-fisioterapia-el-professor-del-grau-en-fisioterapia-internacional-javier-jerez-destaca-la-importancia-de-coneixer-aquest-tipus-d\\\/\"},\"author\":{\"name\":\"neorg\",\"@id\":\"https:\\\/\\\/barcelona.euses.cat\\\/ca\\\/#\\\/schema\\\/person\\\/c3074ca9d956eacf02e41e2ff78e53ab\"},\"headline\":\"\u201cLa Massoter\u00e0pia, una de les t\u00e8cniques m\u00e9s comunes en fisioter\u00e0pia\u201d. El professor del Grau en Fisioter\u00e0pia Internacional, Javier Jerez destaca la import\u00e0ncia de con\u00e8ixer aquest tipus de procediments en la pr\u00e0ctica cl\u00ednica\",\"datePublished\":\"2016-12-06T23:00:00+00:00\",\"dateModified\":\"2019-06-03T10:53:22+00:00\",\"mainEntityOfPage\":{\"@id\":\"https:\\\/\\\/barcelona.euses.cat\\\/ca\\\/la-massoterapia-una-de-les-tecniques-mes-comunes-en-fisioterapia-el-professor-del-grau-en-fisioterapia-internacional-javier-jerez-destaca-la-importancia-de-coneixer-aquest-tipus-d\\\/\"},\"wordCount\":706,\"image\":{\"@id\":\"https:\\\/\\\/barcelona.euses.cat\\\/ca\\\/la-massoterapia-una-de-les-tecniques-mes-comunes-en-fisioterapia-el-professor-del-grau-en-fisioterapia-internacional-javier-jerez-destaca-la-importancia-de-coneixer-aquest-tipus-d\\\/#primaryimage\"},\"thumbnailUrl\":\"https:\\\/\\\/barcelona.euses.cat\\\/wp-content\\\/uploads\\\/2018\\\/02\\\/jja-17.jpg\",\"keywords\":[\"Catal\u00e0\"],\"articleSection\":[\"sense categoria\"],\"inLanguage\":\"ca\"},{\"@type\":\"WebPage\",\"@id\":\"https:\\\/\\\/barcelona.euses.cat\\\/ca\\\/la-massoterapia-una-de-les-tecniques-mes-comunes-en-fisioterapia-el-professor-del-grau-en-fisioterapia-internacional-javier-jerez-destaca-la-importancia-de-coneixer-aquest-tipus-d\\\/\",\"url\":\"https:\\\/\\\/barcelona.euses.cat\\\/ca\\\/la-massoterapia-una-de-les-tecniques-mes-comunes-en-fisioterapia-el-professor-del-grau-en-fisioterapia-internacional-javier-jerez-destaca-la-importancia-de-coneixer-aquest-tipus-d\\\/\",\"name\":\"\u201cLa Massoter\u00e0pia, una de les t\u00e8cniques m\u00e9s comunes en fisioter\u00e0pia\u201d. El professor del Grau en Fisioter\u00e0pia Internacional, Javier Jerez destaca la import\u00e0ncia de con\u00e8ixer aquest tipus de procediments en la pr\u00e0ctica cl\u00ednica | EUSES- Campus de Bellvitge (Barcelona)\",\"isPartOf\":{\"@id\":\"https:\\\/\\\/barcelona.euses.cat\\\/ca\\\/#website\"},\"primaryImageOfPage\":{\"@id\":\"https:\\\/\\\/barcelona.euses.cat\\\/ca\\\/la-massoterapia-una-de-les-tecniques-mes-comunes-en-fisioterapia-el-professor-del-grau-en-fisioterapia-internacional-javier-jerez-destaca-la-importancia-de-coneixer-aquest-tipus-d\\\/#primaryimage\"},\"image\":{\"@id\":\"https:\\\/\\\/barcelona.euses.cat\\\/ca\\\/la-massoterapia-una-de-les-tecniques-mes-comunes-en-fisioterapia-el-professor-del-grau-en-fisioterapia-internacional-javier-jerez-destaca-la-importancia-de-coneixer-aquest-tipus-d\\\/#primaryimage\"},\"thumbnailUrl\":\"https:\\\/\\\/barcelona.euses.cat\\\/wp-content\\\/uploads\\\/2018\\\/02\\\/jja-17.jpg\",\"datePublished\":\"2016-12-06T23:00:00+00:00\",\"dateModified\":\"2019-06-03T10:53:22+00:00\",\"author\":{\"@id\":\"https:\\\/\\\/barcelona.euses.cat\\\/ca\\\/#\\\/schema\\\/person\\\/c3074ca9d956eacf02e41e2ff78e53ab\"},\"breadcrumb\":{\"@id\":\"https:\\\/\\\/barcelona.euses.cat\\\/ca\\\/la-massoterapia-una-de-les-tecniques-mes-comunes-en-fisioterapia-el-professor-del-grau-en-fisioterapia-internacional-javier-jerez-destaca-la-importancia-de-coneixer-aquest-tipus-d\\\/#breadcrumb\"},\"inLanguage\":\"ca\",\"potentialAction\":[{\"@type\":\"ReadAction\",\"target\":[\"https:\\\/\\\/barcelona.euses.cat\\\/ca\\\/la-massoterapia-una-de-les-tecniques-mes-comunes-en-fisioterapia-el-professor-del-grau-en-fisioterapia-internacional-javier-jerez-destaca-la-importancia-de-coneixer-aquest-tipus-d\\\/\"]}]},{\"@type\":\"ImageObject\",\"inLanguage\":\"ca\",\"@id\":\"https:\\\/\\\/barcelona.euses.cat\\\/ca\\\/la-massoterapia-una-de-les-tecniques-mes-comunes-en-fisioterapia-el-professor-del-grau-en-fisioterapia-internacional-javier-jerez-destaca-la-importancia-de-coneixer-aquest-tipus-d\\\/#primaryimage\",\"url\":\"https:\\\/\\\/barcelona.euses.cat\\\/wp-content\\\/uploads\\\/2018\\\/02\\\/jja-17.jpg\",\"contentUrl\":\"https:\\\/\\\/barcelona.euses.cat\\\/wp-content\\\/uploads\\\/2018\\\/02\\\/jja-17.jpg\",\"width\":4000,\"height\":2250},{\"@type\":\"BreadcrumbList\",\"@id\":\"https:\\\/\\\/barcelona.euses.cat\\\/ca\\\/la-massoterapia-una-de-les-tecniques-mes-comunes-en-fisioterapia-el-professor-del-grau-en-fisioterapia-internacional-javier-jerez-destaca-la-importancia-de-coneixer-aquest-tipus-d\\\/#breadcrumb\",\"itemListElement\":[{\"@type\":\"ListItem\",\"position\":1,\"name\":\"Portada\",\"item\":\"https:\\\/\\\/barcelona.euses.cat\\\/ca\\\/\"},{\"@type\":\"ListItem\",\"position\":2,\"name\":\"\u201cLa Massoter\u00e0pia, una de les t\u00e8cniques m\u00e9s comunes en fisioter\u00e0pia\u201d. El professor del Grau en Fisioter\u00e0pia Internacional, Javier Jerez destaca la import\u00e0ncia de con\u00e8ixer aquest tipus de procediments en la pr\u00e0ctica cl\u00ednica\"}]},{\"@type\":\"WebSite\",\"@id\":\"https:\\\/\\\/barcelona.euses.cat\\\/ca\\\/#website\",\"url\":\"https:\\\/\\\/barcelona.euses.cat\\\/ca\\\/\",\"name\":\"EUSES - Campus de Bellvitge (Barcelona)\",\"description\":\"EUSES, Escola Universit\u00e0ria de Fisioter\u00e0pia Internacional a Barcelona\",\"potentialAction\":[{\"@type\":\"SearchAction\",\"target\":{\"@type\":\"EntryPoint\",\"urlTemplate\":\"https:\\\/\\\/barcelona.euses.cat\\\/ca\\\/?s={search_term_string}\"},\"query-input\":{\"@type\":\"PropertyValueSpecification\",\"valueRequired\":true,\"valueName\":\"search_term_string\"}}],\"inLanguage\":\"ca\"},{\"@type\":\"Person\",\"@id\":\"https:\\\/\\\/barcelona.euses.cat\\\/ca\\\/#\\\/schema\\\/person\\\/c3074ca9d956eacf02e41e2ff78e53ab\",\"name\":\"neorg\",\"image\":{\"@type\":\"ImageObject\",\"inLanguage\":\"ca\",\"@id\":\"https:\\\/\\\/secure.gravatar.com\\\/avatar\\\/709d3d8015183afa7401c02e2291a538cbfd4ffe62f4d86ce5f4871f22e86b09?s=96&d=mm&r=g\",\"url\":\"https:\\\/\\\/secure.gravatar.com\\\/avatar\\\/709d3d8015183afa7401c02e2291a538cbfd4ffe62f4d86ce5f4871f22e86b09?s=96&d=mm&r=g\",\"contentUrl\":\"https:\\\/\\\/secure.gravatar.com\\\/avatar\\\/709d3d8015183afa7401c02e2291a538cbfd4ffe62f4d86ce5f4871f22e86b09?s=96&d=mm&r=g\",\"caption\":\"neorg\"},\"url\":\"https:\\\/\\\/barcelona.euses.cat\\\/ca\\\/author\\\/neorg\\\/\"}]}<\/script>\n<!-- \/ Yoast SEO plugin. -->","yoast_head_json":{"title":"\u201cLa Massoter\u00e0pia, una de les t\u00e8cniques m\u00e9s comunes en fisioter\u00e0pia\u201d. El professor del Grau en Fisioter\u00e0pia Internacional, Javier Jerez destaca la import\u00e0ncia de con\u00e8ixer aquest tipus de procediments en la pr\u00e0ctica cl\u00ednica | EUSES- Campus de Bellvitge (Barcelona)","robots":{"index":"index","follow":"follow","max-snippet":"max-snippet:-1","max-image-preview":"max-image-preview:large","max-video-preview":"max-video-preview:-1"},"canonical":"https:\/\/barcelona.euses.cat\/ca\/la-massoterapia-una-de-les-tecniques-mes-comunes-en-fisioterapia-el-professor-del-grau-en-fisioterapia-internacional-javier-jerez-destaca-la-importancia-de-coneixer-aquest-tipus-d\/","og_locale":"ca_ES","og_type":"article","og_title":"\u201cLa Massoter\u00e0pia, una de les t\u00e8cniques m\u00e9s comunes en fisioter\u00e0pia\u201d. El professor del Grau en Fisioter\u00e0pia Internacional, Javier Jerez destaca la import\u00e0ncia de con\u00e8ixer aquest tipus de procediments en la pr\u00e0ctica cl\u00ednica | EUSES- Campus de Bellvitge (Barcelona)","og_description":"El Grau en Fisioter\u00e0pia Internacional de l\u2019Escola de Noves Tecnologies Interactives (ENTI-UB) i de l\u2019Escola Universit\u00e0ria de la Salut i l\u2019Esport (EUSES-UdG) aposta per una formaci\u00f3 \u00edntegrament en angl\u00e8s, innovadora i de qualitat, fusionant la fisioter\u00e0pia amb les noves tecnologies de l\u2019e-health. El pla d\u2019estudis d\u2019aquesta titulaci\u00f3 prioritza la capacitat per atendre els pacients en [&hellip;]","og_url":"https:\/\/barcelona.euses.cat\/ca\/la-massoterapia-una-de-les-tecniques-mes-comunes-en-fisioterapia-el-professor-del-grau-en-fisioterapia-internacional-javier-jerez-destaca-la-importancia-de-coneixer-aquest-tipus-d\/","og_site_name":"EUSES- Campus de Bellvitge (Barcelona)","article_publisher":"https:\/\/www.facebook.com\/PhysioBCN\/","article_published_time":"2016-12-06T23:00:00+00:00","article_modified_time":"2019-06-03T10:53:22+00:00","og_image":[{"width":4000,"height":2250,"url":"https:\/\/barcelona.euses.cat\/wp-content\/uploads\/2018\/02\/jja-17.jpg","type":"image\/jpeg"}],"author":"neorg","twitter_card":"summary_large_image","twitter_misc":{"Escrit per":"neorg","Temps estimat de lectura":"3 minuts"},"schema":{"@context":"https:\/\/schema.org","@graph":[{"@type":"Article","@id":"https:\/\/barcelona.euses.cat\/ca\/la-massoterapia-una-de-les-tecniques-mes-comunes-en-fisioterapia-el-professor-del-grau-en-fisioterapia-internacional-javier-jerez-destaca-la-importancia-de-coneixer-aquest-tipus-d\/#article","isPartOf":{"@id":"https:\/\/barcelona.euses.cat\/ca\/la-massoterapia-una-de-les-tecniques-mes-comunes-en-fisioterapia-el-professor-del-grau-en-fisioterapia-internacional-javier-jerez-destaca-la-importancia-de-coneixer-aquest-tipus-d\/"},"author":{"name":"neorg","@id":"https:\/\/barcelona.euses.cat\/ca\/#\/schema\/person\/c3074ca9d956eacf02e41e2ff78e53ab"},"headline":"\u201cLa Massoter\u00e0pia, una de les t\u00e8cniques m\u00e9s comunes en fisioter\u00e0pia\u201d. El professor del Grau en Fisioter\u00e0pia Internacional, Javier Jerez destaca la import\u00e0ncia de con\u00e8ixer aquest tipus de procediments en la pr\u00e0ctica cl\u00ednica","datePublished":"2016-12-06T23:00:00+00:00","dateModified":"2019-06-03T10:53:22+00:00","mainEntityOfPage":{"@id":"https:\/\/barcelona.euses.cat\/ca\/la-massoterapia-una-de-les-tecniques-mes-comunes-en-fisioterapia-el-professor-del-grau-en-fisioterapia-internacional-javier-jerez-destaca-la-importancia-de-coneixer-aquest-tipus-d\/"},"wordCount":706,"image":{"@id":"https:\/\/barcelona.euses.cat\/ca\/la-massoterapia-una-de-les-tecniques-mes-comunes-en-fisioterapia-el-professor-del-grau-en-fisioterapia-internacional-javier-jerez-destaca-la-importancia-de-coneixer-aquest-tipus-d\/#primaryimage"},"thumbnailUrl":"https:\/\/barcelona.euses.cat\/wp-content\/uploads\/2018\/02\/jja-17.jpg","keywords":["Catal\u00e0"],"articleSection":["sense categoria"],"inLanguage":"ca"},{"@type":"WebPage","@id":"https:\/\/barcelona.euses.cat\/ca\/la-massoterapia-una-de-les-tecniques-mes-comunes-en-fisioterapia-el-professor-del-grau-en-fisioterapia-internacional-javier-jerez-destaca-la-importancia-de-coneixer-aquest-tipus-d\/","url":"https:\/\/barcelona.euses.cat\/ca\/la-massoterapia-una-de-les-tecniques-mes-comunes-en-fisioterapia-el-professor-del-grau-en-fisioterapia-internacional-javier-jerez-destaca-la-importancia-de-coneixer-aquest-tipus-d\/","name":"\u201cLa Massoter\u00e0pia, una de les t\u00e8cniques m\u00e9s comunes en fisioter\u00e0pia\u201d. El professor del Grau en Fisioter\u00e0pia Internacional, Javier Jerez destaca la import\u00e0ncia de con\u00e8ixer aquest tipus de procediments en la pr\u00e0ctica cl\u00ednica | EUSES- Campus de Bellvitge (Barcelona)","isPartOf":{"@id":"https:\/\/barcelona.euses.cat\/ca\/#website"},"primaryImageOfPage":{"@id":"https:\/\/barcelona.euses.cat\/ca\/la-massoterapia-una-de-les-tecniques-mes-comunes-en-fisioterapia-el-professor-del-grau-en-fisioterapia-internacional-javier-jerez-destaca-la-importancia-de-coneixer-aquest-tipus-d\/#primaryimage"},"image":{"@id":"https:\/\/barcelona.euses.cat\/ca\/la-massoterapia-una-de-les-tecniques-mes-comunes-en-fisioterapia-el-professor-del-grau-en-fisioterapia-internacional-javier-jerez-destaca-la-importancia-de-coneixer-aquest-tipus-d\/#primaryimage"},"thumbnailUrl":"https:\/\/barcelona.euses.cat\/wp-content\/uploads\/2018\/02\/jja-17.jpg","datePublished":"2016-12-06T23:00:00+00:00","dateModified":"2019-06-03T10:53:22+00:00","author":{"@id":"https:\/\/barcelona.euses.cat\/ca\/#\/schema\/person\/c3074ca9d956eacf02e41e2ff78e53ab"},"breadcrumb":{"@id":"https:\/\/barcelona.euses.cat\/ca\/la-massoterapia-una-de-les-tecniques-mes-comunes-en-fisioterapia-el-professor-del-grau-en-fisioterapia-internacional-javier-jerez-destaca-la-importancia-de-coneixer-aquest-tipus-d\/#breadcrumb"},"inLanguage":"ca","potentialAction":[{"@type":"ReadAction","target":["https:\/\/barcelona.euses.cat\/ca\/la-massoterapia-una-de-les-tecniques-mes-comunes-en-fisioterapia-el-professor-del-grau-en-fisioterapia-internacional-javier-jerez-destaca-la-importancia-de-coneixer-aquest-tipus-d\/"]}]},{"@type":"ImageObject","inLanguage":"ca","@id":"https:\/\/barcelona.euses.cat\/ca\/la-massoterapia-una-de-les-tecniques-mes-comunes-en-fisioterapia-el-professor-del-grau-en-fisioterapia-internacional-javier-jerez-destaca-la-importancia-de-coneixer-aquest-tipus-d\/#primaryimage","url":"https:\/\/barcelona.euses.cat\/wp-content\/uploads\/2018\/02\/jja-17.jpg","contentUrl":"https:\/\/barcelona.euses.cat\/wp-content\/uploads\/2018\/02\/jja-17.jpg","width":4000,"height":2250},{"@type":"BreadcrumbList","@id":"https:\/\/barcelona.euses.cat\/ca\/la-massoterapia-una-de-les-tecniques-mes-comunes-en-fisioterapia-el-professor-del-grau-en-fisioterapia-internacional-javier-jerez-destaca-la-importancia-de-coneixer-aquest-tipus-d\/#breadcrumb","itemListElement":[{"@type":"ListItem","position":1,"name":"Portada","item":"https:\/\/barcelona.euses.cat\/ca\/"},{"@type":"ListItem","position":2,"name":"\u201cLa Massoter\u00e0pia, una de les t\u00e8cniques m\u00e9s comunes en fisioter\u00e0pia\u201d. El professor del Grau en Fisioter\u00e0pia Internacional, Javier Jerez destaca la import\u00e0ncia de con\u00e8ixer aquest tipus de procediments en la pr\u00e0ctica cl\u00ednica"}]},{"@type":"WebSite","@id":"https:\/\/barcelona.euses.cat\/ca\/#website","url":"https:\/\/barcelona.euses.cat\/ca\/","name":"EUSES - Campus de Bellvitge (Barcelona)","description":"EUSES, Escola Universit\u00e0ria de Fisioter\u00e0pia Internacional a Barcelona","potentialAction":[{"@type":"SearchAction","target":{"@type":"EntryPoint","urlTemplate":"https:\/\/barcelona.euses.cat\/ca\/?s={search_term_string}"},"query-input":{"@type":"PropertyValueSpecification","valueRequired":true,"valueName":"search_term_string"}}],"inLanguage":"ca"},{"@type":"Person","@id":"https:\/\/barcelona.euses.cat\/ca\/#\/schema\/person\/c3074ca9d956eacf02e41e2ff78e53ab","name":"neorg","image":{"@type":"ImageObject","inLanguage":"ca","@id":"https:\/\/secure.gravatar.com\/avatar\/709d3d8015183afa7401c02e2291a538cbfd4ffe62f4d86ce5f4871f22e86b09?s=96&d=mm&r=g","url":"https:\/\/secure.gravatar.com\/avatar\/709d3d8015183afa7401c02e2291a538cbfd4ffe62f4d86ce5f4871f22e86b09?s=96&d=mm&r=g","contentUrl":"https:\/\/secure.gravatar.com\/avatar\/709d3d8015183afa7401c02e2291a538cbfd4ffe62f4d86ce5f4871f22e86b09?s=96&d=mm&r=g","caption":"neorg"},"url":"https:\/\/barcelona.euses.cat\/ca\/author\/neorg\/"}]}},"_links":{"self":[{"href":"https:\/\/barcelona.euses.cat\/ca\/wp-json\/wp\/v2\/posts\/2468","targetHints":{"allow":["GET"]}}],"collection":[{"href":"https:\/\/barcelona.euses.cat\/ca\/wp-json\/wp\/v2\/posts"}],"about":[{"href":"https:\/\/barcelona.euses.cat\/ca\/wp-json\/wp\/v2\/types\/post"}],"author":[{"embeddable":true,"href":"https:\/\/barcelona.euses.cat\/ca\/wp-json\/wp\/v2\/users\/1"}],"replies":[{"embeddable":true,"href":"https:\/\/barcelona.euses.cat\/ca\/wp-json\/wp\/v2\/comments?post=2468"}],"version-history":[{"count":1,"href":"https:\/\/barcelona.euses.cat\/ca\/wp-json\/wp\/v2\/posts\/2468\/revisions"}],"predecessor-version":[{"id":6866,"href":"https:\/\/barcelona.euses.cat\/ca\/wp-json\/wp\/v2\/posts\/2468\/revisions\/6866"}],"wp:featuredmedia":[{"embeddable":true,"href":"https:\/\/barcelona.euses.cat\/ca\/wp-json\/wp\/v2\/media\/1721"}],"wp:attachment":[{"href":"https:\/\/barcelona.euses.cat\/ca\/wp-json\/wp\/v2\/media?parent=2468"}],"wp:term":[{"taxonomy":"category","embeddable":true,"href":"https:\/\/barcelona.euses.cat\/ca\/wp-json\/wp\/v2\/categories?post=2468"},{"taxonomy":"post_tag","embeddable":true,"href":"https:\/\/barcelona.euses.cat\/ca\/wp-json\/wp\/v2\/tags?post=2468"}],"curies":[{"name":"wp","href":"https:\/\/api.w.org\/{rel}","templated":true}]}}