{"id":2467,"date":"2016-11-28T00:00:00","date_gmt":"2016-11-27T23:00:00","guid":{"rendered":"http:\/\/physiotherapybarcelona.net\/coneixes-el-professorat-del-grau-en-fisioterapia-internacional-format-amb-docents-amb-una-amplia-experiencia-internacional-i-una-gran-vocacio-per-la-docencia\/"},"modified":"2019-06-03T12:53:28","modified_gmt":"2019-06-03T10:53:28","slug":"coneixes-el-professorat-del-grau-en-fisioterapia-internacional-format-amb-docents-amb-una-amplia-experiencia-internacional-i-una-gran-vocacio-per-la-docencia","status":"publish","type":"post","link":"https:\/\/barcelona.euses.cat\/ca\/coneixes-el-professorat-del-grau-en-fisioterapia-internacional-format-amb-docents-amb-una-amplia-experiencia-internacional-i-una-gran-vocacio-per-la-docencia\/","title":{"rendered":"Coneixes el professorat del Grau en Fisioter\u00e0pia Internacional? Forma\u2019t amb docents amb una \u00e0mplia experi\u00e8ncia internacional i una gran vocaci\u00f3 per la doc\u00e8ncia"},"content":{"rendered":"<p>Una de les caracter\u00edstiques principals del <a href=\"https:\/\/goo.gl\/FzIsHq\" target=\"_blank\" rel=\"noopener noreferrer\"><strong>professorat<\/strong><\/a> del <strong>Grau en Fisioter\u00e0pia Internacional,<\/strong> de <strong>l\u2019Escola de Noves Tecnologies Interactives (ENTI-UB)<\/strong> i de <strong>l\u2019Escola Universit\u00e0ria de la Salut i l\u2019Esport (EUSES-UdG), <\/strong>\u00e9s el seu doble perfil: el <strong>d\u2019acad\u00e8mic-investigador<\/strong> i el de <strong>professional<\/strong> en actiu. La majoria dels professors s\u2019han especialitzat i <strong>Doctorat<\/strong>; procedeixen de prestigioses universitats estrangeres i compten amb una gran vocaci\u00f3 per la <strong>doc\u00e8ncia universit\u00e0ria<\/strong>, aix\u00ed com, amb una dilatada experi\u00e8ncia tant en l\u2019\u00e0mbit acad\u00e8mic com professional. El seu continu vincle amb la realitat de la professi\u00f3, permet una <strong>actualitzaci\u00f3<\/strong> constant dels continguts i metodologies emprades.<\/p>\n<p>&nbsp;<\/p>\n<p>Entre <strong>l\u2019equip docent<\/strong> del <a href=\"https:\/\/goo.gl\/KPLbSV\" target=\"_blank\" rel=\"noopener noreferrer\"><strong>Grau en Fisioter\u00e0pia Internacional<\/strong><\/a> cal destacar a: <strong>Mariano Gacto<\/strong>, <strong>Director<\/strong> d\u2019aquesta <strong>titulaci\u00f3<\/strong> que va desenvolupar la seva tasca com a <strong>fisioterapeuta<\/strong> al <strong>Sistema de Salut p\u00fablic d\u2019Espanya<\/strong> i <strong>Fran\u00e7a<\/strong> durant sis anys. A m\u00e9s, tamb\u00e9 ha participat en diferents congressos internacionals i forma part del comit\u00e8 d\u2019experts de revistes especialitzades en salut p\u00fablica (JCR). Tamb\u00e9 cal esmentar a la\u00a0 professora i <strong>Dra. S\u00edlvia Xargay,<\/strong> Llicenciada en <strong>Biologia<\/strong> i <strong>Doctorada<\/strong> en <strong>Biomedicina<\/strong> \u201ccum laude\u201d que actualment est\u00e0 portant a terme una estada postdoctoral a la <strong>Universitat de Cambridge<\/strong> i col\u00b7labora en diversos projectes nacionals i internacionals.<\/p>\n<p>&nbsp;<\/p>\n<p>Altres docents que aporten la seva experi\u00e8ncia i visi\u00f3 global a aquests estudis s\u00f3n: <strong>Claire Knott<\/strong>, professora <strong>australiana<\/strong> amb una \u00e0mplia experi\u00e8ncia professional com a <strong>fisioterapeuta<\/strong> tant en hospitals p\u00fablics com privats; <strong>Andrea Fuente<\/strong> reconeguda instructora del m\u00e8tode <strong>Pilates<\/strong>, encarregada d\u2019implementar el programa educatiu <strong>Pilates conCiencia<\/strong> que ofereix seminaris d\u2019especialitzaci\u00f3 tant a <strong>Espanya<\/strong> com a l\u2019estranger i <strong>Anna Prats<\/strong>, <strong>Doctora<\/strong> en <strong>Ci\u00e8ncies<\/strong> <strong>Biol\u00f2giques<\/strong> que ha participat en 23 articles d\u2019investigaci\u00f3 internacional i a diversos congressos, nou d\u2019ells internacionals i set nacionals, on ha rebut diversos premis. A m\u00e9s, ha rebut <strong>dues beques d\u2019investigaci\u00f3<\/strong> al <strong>CNRS de Montpellier (Fran\u00e7a)<\/strong> i a la <strong>Universitat de Cambridge (Regne Unit).<\/strong><\/p>\n<p>&nbsp;<\/p>\n<p>En aquesta mateixa l\u00ednia, sobresurten els professors: <strong>Francesc Xavier Prat<\/strong>, <strong>Llicenciat<\/strong> en <strong>Psicologia<\/strong>, ha participat en una <strong>estada d\u2019investigaci\u00f3<\/strong> a la <strong>Universitat de Cranfield (Regne Unit)<\/strong> i \u00e9s autor de diversos estudis, publicats a revistes internacionals; <strong>Roc\u00edo D\u00edaz<\/strong>, <strong>Dermat\u00f2loga<\/strong>, se li va atorgar una beca per visitar el <strong>laboratori XLAB<\/strong> per a joves estudiants a G\u00f6ttingem (Baixa Sax\u00f2nia), acompanyada del guanyador del <strong>Premi Nobel, <\/strong>el<strong> Dr. Erwin Neher<\/strong>; tamb\u00e9 cal destacar al professor, <strong>Joaquim Chaler<\/strong>, metge especialista en <strong>medicina f\u00edsica<\/strong> i <strong>rehabilitaci\u00f3<\/strong>, ha participat en 25 articles d\u2019investigaci\u00f3 en l&#8217;\u00e0mbit nacional i internacional, a m\u00e9s, ha assistit com a ponent a m\u00e9s de 30 congressos especialitzats en salut i tamb\u00e9, \u00e9s <strong>redactor en cap<\/strong> de la revista <strong>Isokinetics &amp; Exercise Science<\/strong>.<\/p>\n<p>&nbsp;<\/p>\n<p>Tamb\u00e9 cal destacar a: <strong>Lucy Hackney<\/strong>, <strong>Llicenciada en Psicologia i Sociologia<\/strong> a la Universitat de Leicester, amb una \u00e0mplia experi\u00e8ncia com a <strong>fisioterapeuta<\/strong> al <strong>sistema de salut p\u00fablic brit\u00e0nic<\/strong> i tamb\u00e9 en l\u2019\u00e0mbit <strong>privat<\/strong>; <strong>Javier Jerez<\/strong>, <strong>Doctorat<\/strong> en <strong>Salut P\u00fablica<\/strong> per la <strong>Universitat Federal de Rio Grande do Norte (Natal, Brasil)<\/strong>, tamb\u00e9 amb una dilatada experi\u00e8ncia en el sistema de salut p\u00fablic i privat, i <strong>Samuel Young<\/strong>, <strong>Llicenciat en Fisioter\u00e0pia<\/strong> a la <strong>Universitat de Melbourne<\/strong>, especialitzat en la branca de <strong>l\u2019aparell locomotor<\/strong> i la <strong>fisioter\u00e0pia<\/strong> de <strong>l\u2019esport<\/strong>. Disposa d\u2019una \u00e0mplia experi\u00e8ncia professional, doncs, ha treballat a diversos <strong>hospitals<\/strong> regionals de l\u2019oest <strong>d\u2019Austr\u00e0lia<\/strong>; va proporcionar <strong>atenci\u00f3 prim\u00e0ria<\/strong> a les comunitats <strong>ind\u00edgenes del Nord d\u2019Austr\u00e0lia<\/strong> i tamb\u00e9, ha exercit com a <strong>fisioterapeuta<\/strong> a diverses cl\u00edniques i clubs esportius de <strong>Melbourne<\/strong>, <strong>Irlanda<\/strong> i <strong>Anglaterra<\/strong>.<\/p>\n<p>&nbsp;<\/p>\n<p>En aquest <strong>curs acad\u00e8mic,<\/strong> tamb\u00e9 es comptar\u00e0 amb professionals com: <strong>Araceli Mu\u00f1oz<\/strong>, <strong>doctorant<\/strong> en <strong>Antropologia Social<\/strong> i investigadora a <strong>l\u2019Observatori de l\u2019Alimentaci\u00f3 (ODELA)<\/strong> i membre del <strong>Centre d\u2019Investigaci\u00f3 en Antropologia M\u00e8dica<\/strong>. Els seus tres camps de treball principals s\u00f3n: la <strong>salut<\/strong> i la <strong>inf\u00e0ncia<\/strong>, camp en el qual, desenvolupa la seva <strong>tesi doctoral<\/strong>; la <strong>salut, risc i contaminaci\u00f3 interna <\/strong>i finalment, les <strong>eines<\/strong> de suport per a <strong>investigacions<\/strong> en <strong>ci\u00e8ncies socials<\/strong> de qualitat. Tamb\u00e9 cal destacar al professor <strong>Bertram M\u00fcller<\/strong>, <strong>biomec\u00e0nic<\/strong> de formaci\u00f3 amb una \u00e0mplia experi\u00e8ncia internacional a pa\u00efsos com <strong>Esc\u00f2cia i Alemanya<\/strong>.<\/p>\n<p>&nbsp;<\/p>\n<p>Finalment, tampoc podem deixar de banda a les professores: <strong>Zoe Queally<\/strong> i <strong>Marta Gonz\u00e1lez<\/strong>. <strong>Queally<\/strong> \u00e9s especialista en <strong>lesions<\/strong> de <strong>columna<\/strong> i esportives, combinant <strong>l\u2019osteopatia<\/strong>, la ter\u00e0pia neurocin\u00e8tica (NKT), la <strong>t\u00e8cnica<\/strong> d\u2019activaci\u00f3 muscular <strong>Be-Activated<\/strong>, <strong>l\u2019acupuntura<\/strong>, els massatges i el <strong>Pilates<\/strong> per tractar els seus pacients. Tamb\u00e9 compta amb una dilatada experi\u00e8ncia en diverses <strong>cl\u00edniques i hospitals<\/strong> de <strong>Londres<\/strong>. Quant a <strong>Gonz\u00e1lez<\/strong>, <strong>Doctora<\/strong> en <strong>Bioqu\u00edmica<\/strong> i <strong>Biologia<\/strong> <strong>molecular<\/strong>, cal assenyalar que ha treballat com a investigadora <strong>postdoctoral<\/strong> al <strong>Grup de Recerca en Neurobiologia del Comportament (GReNeC)<\/strong>. Els seus interessos en recerca inclouen la <strong>neurobiologia<\/strong>, els trastorns de l\u2019estat d\u2019\u00e0nim indu\u00efts pel dolor i l\u2019addicci\u00f3 a les drogues. Ha publicat 7 treballs de recerca.<\/p>\n<p>Si vols formar-te amb un <strong>professorat<\/strong> de primer nivell amb un marcat <strong>perfil internacional<\/strong> i amb \u00e0mplies habilitats pedag\u00f2giques; tria el <a href=\"https:\/\/goo.gl\/FzIsHq\" target=\"_blank\" rel=\"noopener noreferrer\"><strong>Grau en angl\u00e8s en Fisioter\u00e0pia Internacional<\/strong> al <strong>Campus de la UB<\/strong><\/a>.<\/p>\n","protected":false},"excerpt":{"rendered":"<p>Una de les caracter\u00edstiques principals del professorat del Grau en Fisioter\u00e0pia Internacional, de l\u2019Escola de Noves Tecnologies Interactives (ENTI-UB) i de l\u2019Escola Universit\u00e0ria de la Salut i l\u2019Esport (EUSES-UdG), \u00e9s el seu doble perfil: el d\u2019acad\u00e8mic-investigador i el de professional en actiu. La majoria dels professors s\u2019han especialitzat i Doctorat; procedeixen de prestigioses universitats estrangeres [&hellip;]<\/p>\n","protected":false},"author":1,"featured_media":1708,"comment_status":"closed","ping_status":"closed","sticky":false,"template":"","format":"standard","meta":{"_acf_changed":false,"inline_featured_image":false,"_joinchat":[],"footnotes":""},"categories":[46],"tags":[45],"class_list":["post-2467","post","type-post","status-publish","format-standard","has-post-thumbnail","hentry","category-sense-categoria","tag-catala"],"acf":[],"yoast_head":"<!-- This site is optimized with the Yoast SEO plugin v27.4 - https:\/\/yoast.com\/product\/yoast-seo-wordpress\/ -->\n<title>Coneixes el professorat del Grau en Fisioter\u00e0pia Internacional? Forma\u2019t amb docents amb una \u00e0mplia experi\u00e8ncia internacional i una gran vocaci\u00f3 per la doc\u00e8ncia | EUSES- Campus de Bellvitge (Barcelona)<\/title>\n<meta name=\"robots\" content=\"index, follow, max-snippet:-1, max-image-preview:large, max-video-preview:-1\" \/>\n<link rel=\"canonical\" href=\"https:\/\/barcelona.euses.cat\/ca\/coneixes-el-professorat-del-grau-en-fisioterapia-internacional-format-amb-docents-amb-una-amplia-experiencia-internacional-i-una-gran-vocacio-per-la-docencia\/\" \/>\n<meta property=\"og:locale\" content=\"ca_ES\" \/>\n<meta property=\"og:type\" content=\"article\" \/>\n<meta property=\"og:title\" content=\"Coneixes el professorat del Grau en Fisioter\u00e0pia Internacional? Forma\u2019t amb docents amb una \u00e0mplia experi\u00e8ncia internacional i una gran vocaci\u00f3 per la doc\u00e8ncia | EUSES- Campus de Bellvitge (Barcelona)\" \/>\n<meta property=\"og:description\" content=\"Una de les caracter\u00edstiques principals del professorat del Grau en Fisioter\u00e0pia Internacional, de l\u2019Escola de Noves Tecnologies Interactives (ENTI-UB) i de l\u2019Escola Universit\u00e0ria de la Salut i l\u2019Esport (EUSES-UdG), \u00e9s el seu doble perfil: el d\u2019acad\u00e8mic-investigador i el de professional en actiu. La majoria dels professors s\u2019han especialitzat i Doctorat; procedeixen de prestigioses universitats estrangeres [&hellip;]\" \/>\n<meta property=\"og:url\" content=\"https:\/\/barcelona.euses.cat\/ca\/coneixes-el-professorat-del-grau-en-fisioterapia-internacional-format-amb-docents-amb-una-amplia-experiencia-internacional-i-una-gran-vocacio-per-la-docencia\/\" \/>\n<meta property=\"og:site_name\" content=\"EUSES- Campus de Bellvitge (Barcelona)\" \/>\n<meta property=\"article:publisher\" content=\"https:\/\/www.facebook.com\/PhysioBCN\/\" \/>\n<meta property=\"article:published_time\" content=\"2016-11-27T23:00:00+00:00\" \/>\n<meta property=\"article:modified_time\" content=\"2019-06-03T10:53:28+00:00\" \/>\n<meta property=\"og:image\" content=\"https:\/\/barcelona.euses.cat\/wp-content\/uploads\/2018\/02\/Professorat-del-Grau-en-Fisioter\u00e0pia-Internacional-del-Campus-de-la-UB.png\" \/>\n\t<meta property=\"og:image:width\" content=\"1000\" \/>\n\t<meta property=\"og:image:height\" content=\"804\" \/>\n\t<meta property=\"og:image:type\" content=\"image\/png\" \/>\n<meta name=\"author\" content=\"neorg\" \/>\n<meta name=\"twitter:card\" content=\"summary_large_image\" \/>\n<meta name=\"twitter:label1\" content=\"Escrit per\" \/>\n\t<meta name=\"twitter:data1\" content=\"neorg\" \/>\n\t<meta name=\"twitter:label2\" content=\"Temps estimat de lectura\" \/>\n\t<meta name=\"twitter:data2\" content=\"4 minuts\" \/>\n<script type=\"application\/ld+json\" class=\"yoast-schema-graph\">{\"@context\":\"https:\\\/\\\/schema.org\",\"@graph\":[{\"@type\":\"Article\",\"@id\":\"https:\\\/\\\/barcelona.euses.cat\\\/ca\\\/coneixes-el-professorat-del-grau-en-fisioterapia-internacional-format-amb-docents-amb-una-amplia-experiencia-internacional-i-una-gran-vocacio-per-la-docencia\\\/#article\",\"isPartOf\":{\"@id\":\"https:\\\/\\\/barcelona.euses.cat\\\/ca\\\/coneixes-el-professorat-del-grau-en-fisioterapia-internacional-format-amb-docents-amb-una-amplia-experiencia-internacional-i-una-gran-vocacio-per-la-docencia\\\/\"},\"author\":{\"name\":\"neorg\",\"@id\":\"https:\\\/\\\/barcelona.euses.cat\\\/ca\\\/#\\\/schema\\\/person\\\/c3074ca9d956eacf02e41e2ff78e53ab\"},\"headline\":\"Coneixes el professorat del Grau en Fisioter\u00e0pia Internacional? Forma\u2019t amb docents amb una \u00e0mplia experi\u00e8ncia internacional i una gran vocaci\u00f3 per la doc\u00e8ncia\",\"datePublished\":\"2016-11-27T23:00:00+00:00\",\"dateModified\":\"2019-06-03T10:53:28+00:00\",\"mainEntityOfPage\":{\"@id\":\"https:\\\/\\\/barcelona.euses.cat\\\/ca\\\/coneixes-el-professorat-del-grau-en-fisioterapia-internacional-format-amb-docents-amb-una-amplia-experiencia-internacional-i-una-gran-vocacio-per-la-docencia\\\/\"},\"wordCount\":925,\"image\":{\"@id\":\"https:\\\/\\\/barcelona.euses.cat\\\/ca\\\/coneixes-el-professorat-del-grau-en-fisioterapia-internacional-format-amb-docents-amb-una-amplia-experiencia-internacional-i-una-gran-vocacio-per-la-docencia\\\/#primaryimage\"},\"thumbnailUrl\":\"https:\\\/\\\/barcelona.euses.cat\\\/wp-content\\\/uploads\\\/2018\\\/02\\\/Professorat-del-Grau-en-Fisioter\u00e0pia-Internacional-del-Campus-de-la-UB.png\",\"keywords\":[\"Catal\u00e0\"],\"articleSection\":[\"sense categoria\"],\"inLanguage\":\"ca\"},{\"@type\":\"WebPage\",\"@id\":\"https:\\\/\\\/barcelona.euses.cat\\\/ca\\\/coneixes-el-professorat-del-grau-en-fisioterapia-internacional-format-amb-docents-amb-una-amplia-experiencia-internacional-i-una-gran-vocacio-per-la-docencia\\\/\",\"url\":\"https:\\\/\\\/barcelona.euses.cat\\\/ca\\\/coneixes-el-professorat-del-grau-en-fisioterapia-internacional-format-amb-docents-amb-una-amplia-experiencia-internacional-i-una-gran-vocacio-per-la-docencia\\\/\",\"name\":\"Coneixes el professorat del Grau en Fisioter\u00e0pia Internacional? Forma\u2019t amb docents amb una \u00e0mplia experi\u00e8ncia internacional i una gran vocaci\u00f3 per la doc\u00e8ncia | EUSES- Campus de Bellvitge (Barcelona)\",\"isPartOf\":{\"@id\":\"https:\\\/\\\/barcelona.euses.cat\\\/ca\\\/#website\"},\"primaryImageOfPage\":{\"@id\":\"https:\\\/\\\/barcelona.euses.cat\\\/ca\\\/coneixes-el-professorat-del-grau-en-fisioterapia-internacional-format-amb-docents-amb-una-amplia-experiencia-internacional-i-una-gran-vocacio-per-la-docencia\\\/#primaryimage\"},\"image\":{\"@id\":\"https:\\\/\\\/barcelona.euses.cat\\\/ca\\\/coneixes-el-professorat-del-grau-en-fisioterapia-internacional-format-amb-docents-amb-una-amplia-experiencia-internacional-i-una-gran-vocacio-per-la-docencia\\\/#primaryimage\"},\"thumbnailUrl\":\"https:\\\/\\\/barcelona.euses.cat\\\/wp-content\\\/uploads\\\/2018\\\/02\\\/Professorat-del-Grau-en-Fisioter\u00e0pia-Internacional-del-Campus-de-la-UB.png\",\"datePublished\":\"2016-11-27T23:00:00+00:00\",\"dateModified\":\"2019-06-03T10:53:28+00:00\",\"author\":{\"@id\":\"https:\\\/\\\/barcelona.euses.cat\\\/ca\\\/#\\\/schema\\\/person\\\/c3074ca9d956eacf02e41e2ff78e53ab\"},\"breadcrumb\":{\"@id\":\"https:\\\/\\\/barcelona.euses.cat\\\/ca\\\/coneixes-el-professorat-del-grau-en-fisioterapia-internacional-format-amb-docents-amb-una-amplia-experiencia-internacional-i-una-gran-vocacio-per-la-docencia\\\/#breadcrumb\"},\"inLanguage\":\"ca\",\"potentialAction\":[{\"@type\":\"ReadAction\",\"target\":[\"https:\\\/\\\/barcelona.euses.cat\\\/ca\\\/coneixes-el-professorat-del-grau-en-fisioterapia-internacional-format-amb-docents-amb-una-amplia-experiencia-internacional-i-una-gran-vocacio-per-la-docencia\\\/\"]}]},{\"@type\":\"ImageObject\",\"inLanguage\":\"ca\",\"@id\":\"https:\\\/\\\/barcelona.euses.cat\\\/ca\\\/coneixes-el-professorat-del-grau-en-fisioterapia-internacional-format-amb-docents-amb-una-amplia-experiencia-internacional-i-una-gran-vocacio-per-la-docencia\\\/#primaryimage\",\"url\":\"https:\\\/\\\/barcelona.euses.cat\\\/wp-content\\\/uploads\\\/2018\\\/02\\\/Professorat-del-Grau-en-Fisioter\u00e0pia-Internacional-del-Campus-de-la-UB.png\",\"contentUrl\":\"https:\\\/\\\/barcelona.euses.cat\\\/wp-content\\\/uploads\\\/2018\\\/02\\\/Professorat-del-Grau-en-Fisioter\u00e0pia-Internacional-del-Campus-de-la-UB.png\",\"width\":1000,\"height\":804},{\"@type\":\"BreadcrumbList\",\"@id\":\"https:\\\/\\\/barcelona.euses.cat\\\/ca\\\/coneixes-el-professorat-del-grau-en-fisioterapia-internacional-format-amb-docents-amb-una-amplia-experiencia-internacional-i-una-gran-vocacio-per-la-docencia\\\/#breadcrumb\",\"itemListElement\":[{\"@type\":\"ListItem\",\"position\":1,\"name\":\"Portada\",\"item\":\"https:\\\/\\\/barcelona.euses.cat\\\/ca\\\/\"},{\"@type\":\"ListItem\",\"position\":2,\"name\":\"Coneixes el professorat del Grau en Fisioter\u00e0pia Internacional? Forma\u2019t amb docents amb una \u00e0mplia experi\u00e8ncia internacional i una gran vocaci\u00f3 per la doc\u00e8ncia\"}]},{\"@type\":\"WebSite\",\"@id\":\"https:\\\/\\\/barcelona.euses.cat\\\/ca\\\/#website\",\"url\":\"https:\\\/\\\/barcelona.euses.cat\\\/ca\\\/\",\"name\":\"EUSES - Campus de Bellvitge (Barcelona)\",\"description\":\"EUSES, Escola Universit\u00e0ria de Fisioter\u00e0pia Internacional a Barcelona\",\"potentialAction\":[{\"@type\":\"SearchAction\",\"target\":{\"@type\":\"EntryPoint\",\"urlTemplate\":\"https:\\\/\\\/barcelona.euses.cat\\\/ca\\\/?s={search_term_string}\"},\"query-input\":{\"@type\":\"PropertyValueSpecification\",\"valueRequired\":true,\"valueName\":\"search_term_string\"}}],\"inLanguage\":\"ca\"},{\"@type\":\"Person\",\"@id\":\"https:\\\/\\\/barcelona.euses.cat\\\/ca\\\/#\\\/schema\\\/person\\\/c3074ca9d956eacf02e41e2ff78e53ab\",\"name\":\"neorg\",\"image\":{\"@type\":\"ImageObject\",\"inLanguage\":\"ca\",\"@id\":\"https:\\\/\\\/secure.gravatar.com\\\/avatar\\\/709d3d8015183afa7401c02e2291a538cbfd4ffe62f4d86ce5f4871f22e86b09?s=96&d=mm&r=g\",\"url\":\"https:\\\/\\\/secure.gravatar.com\\\/avatar\\\/709d3d8015183afa7401c02e2291a538cbfd4ffe62f4d86ce5f4871f22e86b09?s=96&d=mm&r=g\",\"contentUrl\":\"https:\\\/\\\/secure.gravatar.com\\\/avatar\\\/709d3d8015183afa7401c02e2291a538cbfd4ffe62f4d86ce5f4871f22e86b09?s=96&d=mm&r=g\",\"caption\":\"neorg\"},\"url\":\"https:\\\/\\\/barcelona.euses.cat\\\/ca\\\/author\\\/neorg\\\/\"}]}<\/script>\n<!-- \/ Yoast SEO plugin. -->","yoast_head_json":{"title":"Coneixes el professorat del Grau en Fisioter\u00e0pia Internacional? Forma\u2019t amb docents amb una \u00e0mplia experi\u00e8ncia internacional i una gran vocaci\u00f3 per la doc\u00e8ncia | EUSES- Campus de Bellvitge (Barcelona)","robots":{"index":"index","follow":"follow","max-snippet":"max-snippet:-1","max-image-preview":"max-image-preview:large","max-video-preview":"max-video-preview:-1"},"canonical":"https:\/\/barcelona.euses.cat\/ca\/coneixes-el-professorat-del-grau-en-fisioterapia-internacional-format-amb-docents-amb-una-amplia-experiencia-internacional-i-una-gran-vocacio-per-la-docencia\/","og_locale":"ca_ES","og_type":"article","og_title":"Coneixes el professorat del Grau en Fisioter\u00e0pia Internacional? Forma\u2019t amb docents amb una \u00e0mplia experi\u00e8ncia internacional i una gran vocaci\u00f3 per la doc\u00e8ncia | EUSES- Campus de Bellvitge (Barcelona)","og_description":"Una de les caracter\u00edstiques principals del professorat del Grau en Fisioter\u00e0pia Internacional, de l\u2019Escola de Noves Tecnologies Interactives (ENTI-UB) i de l\u2019Escola Universit\u00e0ria de la Salut i l\u2019Esport (EUSES-UdG), \u00e9s el seu doble perfil: el d\u2019acad\u00e8mic-investigador i el de professional en actiu. La majoria dels professors s\u2019han especialitzat i Doctorat; procedeixen de prestigioses universitats estrangeres [&hellip;]","og_url":"https:\/\/barcelona.euses.cat\/ca\/coneixes-el-professorat-del-grau-en-fisioterapia-internacional-format-amb-docents-amb-una-amplia-experiencia-internacional-i-una-gran-vocacio-per-la-docencia\/","og_site_name":"EUSES- Campus de Bellvitge (Barcelona)","article_publisher":"https:\/\/www.facebook.com\/PhysioBCN\/","article_published_time":"2016-11-27T23:00:00+00:00","article_modified_time":"2019-06-03T10:53:28+00:00","og_image":[{"width":1000,"height":804,"url":"https:\/\/barcelona.euses.cat\/wp-content\/uploads\/2018\/02\/Professorat-del-Grau-en-Fisioter\u00e0pia-Internacional-del-Campus-de-la-UB.png","type":"image\/png"}],"author":"neorg","twitter_card":"summary_large_image","twitter_misc":{"Escrit per":"neorg","Temps estimat de lectura":"4 minuts"},"schema":{"@context":"https:\/\/schema.org","@graph":[{"@type":"Article","@id":"https:\/\/barcelona.euses.cat\/ca\/coneixes-el-professorat-del-grau-en-fisioterapia-internacional-format-amb-docents-amb-una-amplia-experiencia-internacional-i-una-gran-vocacio-per-la-docencia\/#article","isPartOf":{"@id":"https:\/\/barcelona.euses.cat\/ca\/coneixes-el-professorat-del-grau-en-fisioterapia-internacional-format-amb-docents-amb-una-amplia-experiencia-internacional-i-una-gran-vocacio-per-la-docencia\/"},"author":{"name":"neorg","@id":"https:\/\/barcelona.euses.cat\/ca\/#\/schema\/person\/c3074ca9d956eacf02e41e2ff78e53ab"},"headline":"Coneixes el professorat del Grau en Fisioter\u00e0pia Internacional? Forma\u2019t amb docents amb una \u00e0mplia experi\u00e8ncia internacional i una gran vocaci\u00f3 per la doc\u00e8ncia","datePublished":"2016-11-27T23:00:00+00:00","dateModified":"2019-06-03T10:53:28+00:00","mainEntityOfPage":{"@id":"https:\/\/barcelona.euses.cat\/ca\/coneixes-el-professorat-del-grau-en-fisioterapia-internacional-format-amb-docents-amb-una-amplia-experiencia-internacional-i-una-gran-vocacio-per-la-docencia\/"},"wordCount":925,"image":{"@id":"https:\/\/barcelona.euses.cat\/ca\/coneixes-el-professorat-del-grau-en-fisioterapia-internacional-format-amb-docents-amb-una-amplia-experiencia-internacional-i-una-gran-vocacio-per-la-docencia\/#primaryimage"},"thumbnailUrl":"https:\/\/barcelona.euses.cat\/wp-content\/uploads\/2018\/02\/Professorat-del-Grau-en-Fisioter\u00e0pia-Internacional-del-Campus-de-la-UB.png","keywords":["Catal\u00e0"],"articleSection":["sense categoria"],"inLanguage":"ca"},{"@type":"WebPage","@id":"https:\/\/barcelona.euses.cat\/ca\/coneixes-el-professorat-del-grau-en-fisioterapia-internacional-format-amb-docents-amb-una-amplia-experiencia-internacional-i-una-gran-vocacio-per-la-docencia\/","url":"https:\/\/barcelona.euses.cat\/ca\/coneixes-el-professorat-del-grau-en-fisioterapia-internacional-format-amb-docents-amb-una-amplia-experiencia-internacional-i-una-gran-vocacio-per-la-docencia\/","name":"Coneixes el professorat del Grau en Fisioter\u00e0pia Internacional? Forma\u2019t amb docents amb una \u00e0mplia experi\u00e8ncia internacional i una gran vocaci\u00f3 per la doc\u00e8ncia | EUSES- Campus de Bellvitge (Barcelona)","isPartOf":{"@id":"https:\/\/barcelona.euses.cat\/ca\/#website"},"primaryImageOfPage":{"@id":"https:\/\/barcelona.euses.cat\/ca\/coneixes-el-professorat-del-grau-en-fisioterapia-internacional-format-amb-docents-amb-una-amplia-experiencia-internacional-i-una-gran-vocacio-per-la-docencia\/#primaryimage"},"image":{"@id":"https:\/\/barcelona.euses.cat\/ca\/coneixes-el-professorat-del-grau-en-fisioterapia-internacional-format-amb-docents-amb-una-amplia-experiencia-internacional-i-una-gran-vocacio-per-la-docencia\/#primaryimage"},"thumbnailUrl":"https:\/\/barcelona.euses.cat\/wp-content\/uploads\/2018\/02\/Professorat-del-Grau-en-Fisioter\u00e0pia-Internacional-del-Campus-de-la-UB.png","datePublished":"2016-11-27T23:00:00+00:00","dateModified":"2019-06-03T10:53:28+00:00","author":{"@id":"https:\/\/barcelona.euses.cat\/ca\/#\/schema\/person\/c3074ca9d956eacf02e41e2ff78e53ab"},"breadcrumb":{"@id":"https:\/\/barcelona.euses.cat\/ca\/coneixes-el-professorat-del-grau-en-fisioterapia-internacional-format-amb-docents-amb-una-amplia-experiencia-internacional-i-una-gran-vocacio-per-la-docencia\/#breadcrumb"},"inLanguage":"ca","potentialAction":[{"@type":"ReadAction","target":["https:\/\/barcelona.euses.cat\/ca\/coneixes-el-professorat-del-grau-en-fisioterapia-internacional-format-amb-docents-amb-una-amplia-experiencia-internacional-i-una-gran-vocacio-per-la-docencia\/"]}]},{"@type":"ImageObject","inLanguage":"ca","@id":"https:\/\/barcelona.euses.cat\/ca\/coneixes-el-professorat-del-grau-en-fisioterapia-internacional-format-amb-docents-amb-una-amplia-experiencia-internacional-i-una-gran-vocacio-per-la-docencia\/#primaryimage","url":"https:\/\/barcelona.euses.cat\/wp-content\/uploads\/2018\/02\/Professorat-del-Grau-en-Fisioter\u00e0pia-Internacional-del-Campus-de-la-UB.png","contentUrl":"https:\/\/barcelona.euses.cat\/wp-content\/uploads\/2018\/02\/Professorat-del-Grau-en-Fisioter\u00e0pia-Internacional-del-Campus-de-la-UB.png","width":1000,"height":804},{"@type":"BreadcrumbList","@id":"https:\/\/barcelona.euses.cat\/ca\/coneixes-el-professorat-del-grau-en-fisioterapia-internacional-format-amb-docents-amb-una-amplia-experiencia-internacional-i-una-gran-vocacio-per-la-docencia\/#breadcrumb","itemListElement":[{"@type":"ListItem","position":1,"name":"Portada","item":"https:\/\/barcelona.euses.cat\/ca\/"},{"@type":"ListItem","position":2,"name":"Coneixes el professorat del Grau en Fisioter\u00e0pia Internacional? Forma\u2019t amb docents amb una \u00e0mplia experi\u00e8ncia internacional i una gran vocaci\u00f3 per la doc\u00e8ncia"}]},{"@type":"WebSite","@id":"https:\/\/barcelona.euses.cat\/ca\/#website","url":"https:\/\/barcelona.euses.cat\/ca\/","name":"EUSES - Campus de Bellvitge (Barcelona)","description":"EUSES, Escola Universit\u00e0ria de Fisioter\u00e0pia Internacional a Barcelona","potentialAction":[{"@type":"SearchAction","target":{"@type":"EntryPoint","urlTemplate":"https:\/\/barcelona.euses.cat\/ca\/?s={search_term_string}"},"query-input":{"@type":"PropertyValueSpecification","valueRequired":true,"valueName":"search_term_string"}}],"inLanguage":"ca"},{"@type":"Person","@id":"https:\/\/barcelona.euses.cat\/ca\/#\/schema\/person\/c3074ca9d956eacf02e41e2ff78e53ab","name":"neorg","image":{"@type":"ImageObject","inLanguage":"ca","@id":"https:\/\/secure.gravatar.com\/avatar\/709d3d8015183afa7401c02e2291a538cbfd4ffe62f4d86ce5f4871f22e86b09?s=96&d=mm&r=g","url":"https:\/\/secure.gravatar.com\/avatar\/709d3d8015183afa7401c02e2291a538cbfd4ffe62f4d86ce5f4871f22e86b09?s=96&d=mm&r=g","contentUrl":"https:\/\/secure.gravatar.com\/avatar\/709d3d8015183afa7401c02e2291a538cbfd4ffe62f4d86ce5f4871f22e86b09?s=96&d=mm&r=g","caption":"neorg"},"url":"https:\/\/barcelona.euses.cat\/ca\/author\/neorg\/"}]}},"_links":{"self":[{"href":"https:\/\/barcelona.euses.cat\/ca\/wp-json\/wp\/v2\/posts\/2467","targetHints":{"allow":["GET"]}}],"collection":[{"href":"https:\/\/barcelona.euses.cat\/ca\/wp-json\/wp\/v2\/posts"}],"about":[{"href":"https:\/\/barcelona.euses.cat\/ca\/wp-json\/wp\/v2\/types\/post"}],"author":[{"embeddable":true,"href":"https:\/\/barcelona.euses.cat\/ca\/wp-json\/wp\/v2\/users\/1"}],"replies":[{"embeddable":true,"href":"https:\/\/barcelona.euses.cat\/ca\/wp-json\/wp\/v2\/comments?post=2467"}],"version-history":[{"count":1,"href":"https:\/\/barcelona.euses.cat\/ca\/wp-json\/wp\/v2\/posts\/2467\/revisions"}],"predecessor-version":[{"id":6868,"href":"https:\/\/barcelona.euses.cat\/ca\/wp-json\/wp\/v2\/posts\/2467\/revisions\/6868"}],"wp:featuredmedia":[{"embeddable":true,"href":"https:\/\/barcelona.euses.cat\/ca\/wp-json\/wp\/v2\/media\/1708"}],"wp:attachment":[{"href":"https:\/\/barcelona.euses.cat\/ca\/wp-json\/wp\/v2\/media?parent=2467"}],"wp:term":[{"taxonomy":"category","embeddable":true,"href":"https:\/\/barcelona.euses.cat\/ca\/wp-json\/wp\/v2\/categories?post=2467"},{"taxonomy":"post_tag","embeddable":true,"href":"https:\/\/barcelona.euses.cat\/ca\/wp-json\/wp\/v2\/tags?post=2467"}],"curies":[{"name":"wp","href":"https:\/\/api.w.org\/{rel}","templated":true}]}}