{"id":2466,"date":"2016-11-21T00:00:00","date_gmt":"2016-11-20T23:00:00","guid":{"rendered":"http:\/\/physiotherapybarcelona.net\/quan-es-tracten-els-pacients-a-traves-de-terapies-manuals-tambe-canvia-el-comportament-de-les-seves-cel%c2%b7lules-la-professora-del-grau-en-fisioterapia-internacional-anna-prats\/"},"modified":"2019-06-03T12:53:41","modified_gmt":"2019-06-03T10:53:41","slug":"quan-es-tracten-els-pacients-a-traves-de-terapies-manuals-tambe-canvia-el-comportament-de-les-seves-cel%c2%b7lules-la-professora-del-grau-en-fisioterapia-internacional-anna-prats","status":"publish","type":"post","link":"https:\/\/barcelona.euses.cat\/ca\/quan-es-tracten-els-pacients-a-traves-de-terapies-manuals-tambe-canvia-el-comportament-de-les-seves-cel%c2%b7lules-la-professora-del-grau-en-fisioterapia-internacional-anna-prats\/","title":{"rendered":"\u201cQuan es tracten els pacients a trav\u00e9s de ter\u00e0pies manuals, tamb\u00e9 canvia el comportament de les seves c\u00e8l\u00b7lules\u201d. La professora del Grau en Fisioter\u00e0pia Internacional, Anna Prats destaca la import\u00e0ncia de la Biologia en la professi\u00f3 del fisioterapeuta"},"content":{"rendered":"<p>El <a href=\"https:\/\/goo.gl\/JysmvA\" target=\"_blank\" rel=\"noopener noreferrer\"><strong>Grau en angl\u00e8s en Fisioter\u00e0pia Internacional<\/strong><\/a> de <strong>l\u2019Escola de Noves Tecnologies Interactives (ENTI-UB)<\/strong> i de <strong>l\u2019Escola Universit\u00e0ria de la Salut i l\u2019Esport (EUSES-UdG)<\/strong> aposta per una <strong>formaci\u00f3 hol\u00edstica<\/strong>, abordant els diferents aspectes de la <strong>fisioter\u00e0pia<\/strong> i treballant amb les <strong>noves tecnologies<\/strong> de <strong>l\u2019e-health<\/strong> i la <strong>salut 2.0<\/strong>. En aquesta ocasi\u00f3, ens centrarem en l\u2019assignatura de <strong>Biologia<\/strong>, impartida per la professora, <strong>Anna Prats Puig<\/strong>. Es tracta d\u2019una mat\u00e8ria que d\u2019entrada, pot semblar que no tingui una relaci\u00f3 massa directa amb el dia a dia del <strong>fisioterapeuta<\/strong>; en canvi, si que en t\u00e9 i molta, doncs, \u00e9s fonamental per exercir adequadament la <strong>professi\u00f3<\/strong>.<\/p>\n<p>La professora, <a href=\"https:\/\/goo.gl\/Y3ew71\" target=\"_blank\" rel=\"noopener noreferrer\"><strong>Anna Prats<\/strong><\/a> \u00e9s <strong>Doctora<\/strong> en <strong>Ci\u00e8ncies Biol\u00f2giques<\/strong> i imparteix classes a la <strong>Universitat de Girona<\/strong>, aix\u00ed com, a la <strong>Universitat de Barcelona<\/strong>. A m\u00e9s, tamb\u00e9 \u00e9s <strong>investigadora<\/strong> a <strong>l\u2019Institut de Recerca Biom\u00e8dica<\/strong> de <strong>Girona<\/strong>. En l\u2019\u00e0mbit de la <strong>recerca<\/strong>, els seus interessos inclouen <strong>l\u2019obesitat<\/strong> en la <strong>infantesa<\/strong> i el seu desenvolupament. Cal assenyalar que ha participat en 23 articles de <strong>recerca internacional<\/strong>, aix\u00ed com en <strong>9<\/strong> <strong>congressos internacions<\/strong> i en <strong>7<\/strong> de <strong>nacionals<\/strong>; en els quals, se li han atorgat diferents premis. Tamb\u00e9 cal destacar que ha obtingut dues <strong>beques<\/strong> per a la <strong>recerca<\/strong>, una al <strong>CNRS <\/strong>de<strong> Montpellier (Fran\u00e7a)<\/strong> i una altra a la <strong>Universitat <\/strong>de<strong> Cambridge (UK).<\/strong><\/p>\n<p>Tal com comenta <strong>Prats<\/strong>, l&#8217;objectiu de l\u2019assignatura de <strong>Biologia<\/strong> que imparteix <strong>al Grau en Fisioter\u00e0pia Internacional<\/strong>, \u00e9s aprendre el <strong>funcionament<\/strong> de les <strong>c\u00e8l\u00b7lules<\/strong>, les seves parts principals i com aquestes canvien i s&#8217;adapten a situacions de contraccions nervioses per tal que puguem sobreviure.<\/p>\n<p>Quant a les aplicacions de la seva <strong>assignatura<\/strong> en el dia a dia d&#8217;un <strong>fisioterapeuta<\/strong>, <strong>Prats<\/strong> assenyala que t\u00e9 una vinculaci\u00f3 directa; doncs, quan est\u00e0s tractant els <strong>pacients<\/strong>, a trav\u00e9s de ter\u00e0pies manuals, el que est\u00e0s fent \u00e9s canviar les seves <strong>condicions<\/strong> o la seva <strong>for\u00e7a muscular<\/strong>. Per tant, tamb\u00e9 est\u00e0s canviant el <strong>comportament<\/strong> de les seves <strong>c\u00e8l\u00b7lules<\/strong>. En aquest sentit, la professora <strong>Prats<\/strong> afirma que si un <strong>fisioterapeuta<\/strong> arriba a entendre com funciona aix\u00f2, exercir\u00e0 millor la seva professi\u00f3 i tindr\u00e0 m\u00e9s \u00e8xit.<\/p>\n<p>Finalment, segons <strong>Anna Prats<\/strong>, els principals <strong>avantatges<\/strong> d&#8217;estudiar el <a href=\"https:\/\/goo.gl\/3tVxXh\" target=\"_blank\" rel=\"noopener noreferrer\"><strong>Grau en Fisioter\u00e0pia Internacional<\/strong> al <strong>Campus de la UB<\/strong><\/a> s\u00f3n en primer lloc: tenir l&#8217;oportunitat d&#8217;estudiar en <strong>angl\u00e8s<\/strong>, \u00a0un aspecte molt important pel futur dels estudiants. Tamb\u00e9 destaca que els alumnes poden con\u00e8ixer gent de tot el m\u00f3n i establir <strong>networking internacional<\/strong>. Com a darrer aspecte positiu, <strong>Prats<\/strong> destaca la oportunitat que t\u00e9 l\u2019alumnat de con\u00e8ixer les <strong>noves tecnologies<\/strong>, un aspecte que valora com a important, doncs, cal estar preparat per a les <strong>noves TIC<\/strong> del futur.<\/p>\n<p>&nbsp;<\/p>\n<p>En aquest <a href=\"https:\/\/goo.gl\/9q1LBX\" target=\"_blank\" rel=\"noopener noreferrer\"><strong>enlla\u00e7<\/strong><\/a>, trobar\u00e0s m\u00e9s informaci\u00f3 sobre l\u2019assignatura de <strong>Biologia<\/strong>, impartida per <strong>Anna<\/strong> <strong>Prats<\/strong> al <strong>Grau en Fisioter\u00e0pia Internacional<\/strong>.<\/p>\n","protected":false},"excerpt":{"rendered":"<p>El Grau en angl\u00e8s en Fisioter\u00e0pia Internacional de l\u2019Escola de Noves Tecnologies Interactives (ENTI-UB) i de l\u2019Escola Universit\u00e0ria de la Salut i l\u2019Esport (EUSES-UdG) aposta per una formaci\u00f3 hol\u00edstica, abordant els diferents aspectes de la fisioter\u00e0pia i treballant amb les noves tecnologies de l\u2019e-health i la salut 2.0. En aquesta ocasi\u00f3, ens centrarem en l\u2019assignatura [&hellip;]<\/p>\n","protected":false},"author":1,"featured_media":1703,"comment_status":"closed","ping_status":"closed","sticky":false,"template":"","format":"standard","meta":{"_acf_changed":false,"inline_featured_image":false,"_joinchat":[],"footnotes":""},"categories":[46],"tags":[45],"class_list":["post-2466","post","type-post","status-publish","format-standard","has-post-thumbnail","hentry","category-sense-categoria","tag-catala"],"acf":[],"yoast_head":"<!-- This site is optimized with the Yoast SEO plugin v27.4 - https:\/\/yoast.com\/product\/yoast-seo-wordpress\/ -->\n<title>\u201cQuan es tracten els pacients a trav\u00e9s de ter\u00e0pies manuals, tamb\u00e9 canvia el comportament de les seves c\u00e8l\u00b7lules\u201d. La professora del Grau en Fisioter\u00e0pia Internacional, Anna Prats destaca la import\u00e0ncia de la Biologia en la professi\u00f3 del fisioterapeuta | EUSES- Campus de Bellvitge (Barcelona)<\/title>\n<meta name=\"robots\" content=\"index, follow, max-snippet:-1, max-image-preview:large, max-video-preview:-1\" \/>\n<link rel=\"canonical\" href=\"https:\/\/barcelona.euses.cat\/ca\/quan-es-tracten-els-pacients-a-traves-de-terapies-manuals-tambe-canvia-el-comportament-de-les-seves-cel\u00b7lules-la-professora-del-grau-en-fisioterapia-internacional-anna-prats\/\" \/>\n<meta property=\"og:locale\" content=\"ca_ES\" \/>\n<meta property=\"og:type\" content=\"article\" \/>\n<meta property=\"og:title\" content=\"\u201cQuan es tracten els pacients a trav\u00e9s de ter\u00e0pies manuals, tamb\u00e9 canvia el comportament de les seves c\u00e8l\u00b7lules\u201d. La professora del Grau en Fisioter\u00e0pia Internacional, Anna Prats destaca la import\u00e0ncia de la Biologia en la professi\u00f3 del fisioterapeuta | EUSES- Campus de Bellvitge (Barcelona)\" \/>\n<meta property=\"og:description\" content=\"El Grau en angl\u00e8s en Fisioter\u00e0pia Internacional de l\u2019Escola de Noves Tecnologies Interactives (ENTI-UB) i de l\u2019Escola Universit\u00e0ria de la Salut i l\u2019Esport (EUSES-UdG) aposta per una formaci\u00f3 hol\u00edstica, abordant els diferents aspectes de la fisioter\u00e0pia i treballant amb les noves tecnologies de l\u2019e-health i la salut 2.0. En aquesta ocasi\u00f3, ens centrarem en l\u2019assignatura [&hellip;]\" \/>\n<meta property=\"og:url\" content=\"https:\/\/barcelona.euses.cat\/ca\/quan-es-tracten-els-pacients-a-traves-de-terapies-manuals-tambe-canvia-el-comportament-de-les-seves-cel\u00b7lules-la-professora-del-grau-en-fisioterapia-internacional-anna-prats\/\" \/>\n<meta property=\"og:site_name\" content=\"EUSES- Campus de Bellvitge (Barcelona)\" \/>\n<meta property=\"article:publisher\" content=\"https:\/\/www.facebook.com\/PhysioBCN\/\" \/>\n<meta property=\"article:published_time\" content=\"2016-11-20T23:00:00+00:00\" \/>\n<meta property=\"article:modified_time\" content=\"2019-06-03T10:53:41+00:00\" \/>\n<meta property=\"og:image\" content=\"https:\/\/barcelona.euses.cat\/wp-content\/uploads\/2018\/02\/Anna-Prats-professora-del-Grau-en-Fisioter\u00e0pia-Internacional.jpg\" \/>\n\t<meta property=\"og:image:width\" content=\"4000\" \/>\n\t<meta property=\"og:image:height\" content=\"2250\" \/>\n\t<meta property=\"og:image:type\" content=\"image\/jpeg\" \/>\n<meta name=\"author\" content=\"neorg\" \/>\n<meta name=\"twitter:card\" content=\"summary_large_image\" \/>\n<meta name=\"twitter:label1\" content=\"Escrit per\" \/>\n\t<meta name=\"twitter:data1\" content=\"neorg\" \/>\n\t<meta name=\"twitter:label2\" content=\"Temps estimat de lectura\" \/>\n\t<meta name=\"twitter:data2\" content=\"2 minuts\" \/>\n<script type=\"application\/ld+json\" class=\"yoast-schema-graph\">{\"@context\":\"https:\\\/\\\/schema.org\",\"@graph\":[{\"@type\":\"Article\",\"@id\":\"https:\\\/\\\/barcelona.euses.cat\\\/ca\\\/quan-es-tracten-els-pacients-a-traves-de-terapies-manuals-tambe-canvia-el-comportament-de-les-seves-cel%c2%b7lules-la-professora-del-grau-en-fisioterapia-internacional-anna-prats\\\/#article\",\"isPartOf\":{\"@id\":\"https:\\\/\\\/barcelona.euses.cat\\\/ca\\\/quan-es-tracten-els-pacients-a-traves-de-terapies-manuals-tambe-canvia-el-comportament-de-les-seves-cel%c2%b7lules-la-professora-del-grau-en-fisioterapia-internacional-anna-prats\\\/\"},\"author\":{\"name\":\"neorg\",\"@id\":\"https:\\\/\\\/barcelona.euses.cat\\\/ca\\\/#\\\/schema\\\/person\\\/c3074ca9d956eacf02e41e2ff78e53ab\"},\"headline\":\"\u201cQuan es tracten els pacients a trav\u00e9s de ter\u00e0pies manuals, tamb\u00e9 canvia el comportament de les seves c\u00e8l\u00b7lules\u201d. La professora del Grau en Fisioter\u00e0pia Internacional, Anna Prats destaca la import\u00e0ncia de la Biologia en la professi\u00f3 del fisioterapeuta\",\"datePublished\":\"2016-11-20T23:00:00+00:00\",\"dateModified\":\"2019-06-03T10:53:41+00:00\",\"mainEntityOfPage\":{\"@id\":\"https:\\\/\\\/barcelona.euses.cat\\\/ca\\\/quan-es-tracten-els-pacients-a-traves-de-terapies-manuals-tambe-canvia-el-comportament-de-les-seves-cel%c2%b7lules-la-professora-del-grau-en-fisioterapia-internacional-anna-prats\\\/\"},\"wordCount\":537,\"image\":{\"@id\":\"https:\\\/\\\/barcelona.euses.cat\\\/ca\\\/quan-es-tracten-els-pacients-a-traves-de-terapies-manuals-tambe-canvia-el-comportament-de-les-seves-cel%c2%b7lules-la-professora-del-grau-en-fisioterapia-internacional-anna-prats\\\/#primaryimage\"},\"thumbnailUrl\":\"https:\\\/\\\/barcelona.euses.cat\\\/wp-content\\\/uploads\\\/2018\\\/02\\\/Anna-Prats-professora-del-Grau-en-Fisioter\u00e0pia-Internacional.jpg\",\"keywords\":[\"Catal\u00e0\"],\"articleSection\":[\"sense categoria\"],\"inLanguage\":\"ca\"},{\"@type\":\"WebPage\",\"@id\":\"https:\\\/\\\/barcelona.euses.cat\\\/ca\\\/quan-es-tracten-els-pacients-a-traves-de-terapies-manuals-tambe-canvia-el-comportament-de-les-seves-cel%c2%b7lules-la-professora-del-grau-en-fisioterapia-internacional-anna-prats\\\/\",\"url\":\"https:\\\/\\\/barcelona.euses.cat\\\/ca\\\/quan-es-tracten-els-pacients-a-traves-de-terapies-manuals-tambe-canvia-el-comportament-de-les-seves-cel%c2%b7lules-la-professora-del-grau-en-fisioterapia-internacional-anna-prats\\\/\",\"name\":\"\u201cQuan es tracten els pacients a trav\u00e9s de ter\u00e0pies manuals, tamb\u00e9 canvia el comportament de les seves c\u00e8l\u00b7lules\u201d. La professora del Grau en Fisioter\u00e0pia Internacional, Anna Prats destaca la import\u00e0ncia de la Biologia en la professi\u00f3 del fisioterapeuta | EUSES- Campus de Bellvitge (Barcelona)\",\"isPartOf\":{\"@id\":\"https:\\\/\\\/barcelona.euses.cat\\\/ca\\\/#website\"},\"primaryImageOfPage\":{\"@id\":\"https:\\\/\\\/barcelona.euses.cat\\\/ca\\\/quan-es-tracten-els-pacients-a-traves-de-terapies-manuals-tambe-canvia-el-comportament-de-les-seves-cel%c2%b7lules-la-professora-del-grau-en-fisioterapia-internacional-anna-prats\\\/#primaryimage\"},\"image\":{\"@id\":\"https:\\\/\\\/barcelona.euses.cat\\\/ca\\\/quan-es-tracten-els-pacients-a-traves-de-terapies-manuals-tambe-canvia-el-comportament-de-les-seves-cel%c2%b7lules-la-professora-del-grau-en-fisioterapia-internacional-anna-prats\\\/#primaryimage\"},\"thumbnailUrl\":\"https:\\\/\\\/barcelona.euses.cat\\\/wp-content\\\/uploads\\\/2018\\\/02\\\/Anna-Prats-professora-del-Grau-en-Fisioter\u00e0pia-Internacional.jpg\",\"datePublished\":\"2016-11-20T23:00:00+00:00\",\"dateModified\":\"2019-06-03T10:53:41+00:00\",\"author\":{\"@id\":\"https:\\\/\\\/barcelona.euses.cat\\\/ca\\\/#\\\/schema\\\/person\\\/c3074ca9d956eacf02e41e2ff78e53ab\"},\"breadcrumb\":{\"@id\":\"https:\\\/\\\/barcelona.euses.cat\\\/ca\\\/quan-es-tracten-els-pacients-a-traves-de-terapies-manuals-tambe-canvia-el-comportament-de-les-seves-cel%c2%b7lules-la-professora-del-grau-en-fisioterapia-internacional-anna-prats\\\/#breadcrumb\"},\"inLanguage\":\"ca\",\"potentialAction\":[{\"@type\":\"ReadAction\",\"target\":[\"https:\\\/\\\/barcelona.euses.cat\\\/ca\\\/quan-es-tracten-els-pacients-a-traves-de-terapies-manuals-tambe-canvia-el-comportament-de-les-seves-cel%c2%b7lules-la-professora-del-grau-en-fisioterapia-internacional-anna-prats\\\/\"]}]},{\"@type\":\"ImageObject\",\"inLanguage\":\"ca\",\"@id\":\"https:\\\/\\\/barcelona.euses.cat\\\/ca\\\/quan-es-tracten-els-pacients-a-traves-de-terapies-manuals-tambe-canvia-el-comportament-de-les-seves-cel%c2%b7lules-la-professora-del-grau-en-fisioterapia-internacional-anna-prats\\\/#primaryimage\",\"url\":\"https:\\\/\\\/barcelona.euses.cat\\\/wp-content\\\/uploads\\\/2018\\\/02\\\/Anna-Prats-professora-del-Grau-en-Fisioter\u00e0pia-Internacional.jpg\",\"contentUrl\":\"https:\\\/\\\/barcelona.euses.cat\\\/wp-content\\\/uploads\\\/2018\\\/02\\\/Anna-Prats-professora-del-Grau-en-Fisioter\u00e0pia-Internacional.jpg\",\"width\":4000,\"height\":2250},{\"@type\":\"BreadcrumbList\",\"@id\":\"https:\\\/\\\/barcelona.euses.cat\\\/ca\\\/quan-es-tracten-els-pacients-a-traves-de-terapies-manuals-tambe-canvia-el-comportament-de-les-seves-cel%c2%b7lules-la-professora-del-grau-en-fisioterapia-internacional-anna-prats\\\/#breadcrumb\",\"itemListElement\":[{\"@type\":\"ListItem\",\"position\":1,\"name\":\"Portada\",\"item\":\"https:\\\/\\\/barcelona.euses.cat\\\/ca\\\/\"},{\"@type\":\"ListItem\",\"position\":2,\"name\":\"\u201cQuan es tracten els pacients a trav\u00e9s de ter\u00e0pies manuals, tamb\u00e9 canvia el comportament de les seves c\u00e8l\u00b7lules\u201d. La professora del Grau en Fisioter\u00e0pia Internacional, Anna Prats destaca la import\u00e0ncia de la Biologia en la professi\u00f3 del fisioterapeuta\"}]},{\"@type\":\"WebSite\",\"@id\":\"https:\\\/\\\/barcelona.euses.cat\\\/ca\\\/#website\",\"url\":\"https:\\\/\\\/barcelona.euses.cat\\\/ca\\\/\",\"name\":\"EUSES - Campus de Bellvitge (Barcelona)\",\"description\":\"EUSES, Escola Universit\u00e0ria de Fisioter\u00e0pia Internacional a Barcelona\",\"potentialAction\":[{\"@type\":\"SearchAction\",\"target\":{\"@type\":\"EntryPoint\",\"urlTemplate\":\"https:\\\/\\\/barcelona.euses.cat\\\/ca\\\/?s={search_term_string}\"},\"query-input\":{\"@type\":\"PropertyValueSpecification\",\"valueRequired\":true,\"valueName\":\"search_term_string\"}}],\"inLanguage\":\"ca\"},{\"@type\":\"Person\",\"@id\":\"https:\\\/\\\/barcelona.euses.cat\\\/ca\\\/#\\\/schema\\\/person\\\/c3074ca9d956eacf02e41e2ff78e53ab\",\"name\":\"neorg\",\"image\":{\"@type\":\"ImageObject\",\"inLanguage\":\"ca\",\"@id\":\"https:\\\/\\\/secure.gravatar.com\\\/avatar\\\/709d3d8015183afa7401c02e2291a538cbfd4ffe62f4d86ce5f4871f22e86b09?s=96&d=mm&r=g\",\"url\":\"https:\\\/\\\/secure.gravatar.com\\\/avatar\\\/709d3d8015183afa7401c02e2291a538cbfd4ffe62f4d86ce5f4871f22e86b09?s=96&d=mm&r=g\",\"contentUrl\":\"https:\\\/\\\/secure.gravatar.com\\\/avatar\\\/709d3d8015183afa7401c02e2291a538cbfd4ffe62f4d86ce5f4871f22e86b09?s=96&d=mm&r=g\",\"caption\":\"neorg\"},\"url\":\"https:\\\/\\\/barcelona.euses.cat\\\/ca\\\/author\\\/neorg\\\/\"}]}<\/script>\n<!-- \/ Yoast SEO plugin. -->","yoast_head_json":{"title":"\u201cQuan es tracten els pacients a trav\u00e9s de ter\u00e0pies manuals, tamb\u00e9 canvia el comportament de les seves c\u00e8l\u00b7lules\u201d. La professora del Grau en Fisioter\u00e0pia Internacional, Anna Prats destaca la import\u00e0ncia de la Biologia en la professi\u00f3 del fisioterapeuta | EUSES- Campus de Bellvitge (Barcelona)","robots":{"index":"index","follow":"follow","max-snippet":"max-snippet:-1","max-image-preview":"max-image-preview:large","max-video-preview":"max-video-preview:-1"},"canonical":"https:\/\/barcelona.euses.cat\/ca\/quan-es-tracten-els-pacients-a-traves-de-terapies-manuals-tambe-canvia-el-comportament-de-les-seves-cel\u00b7lules-la-professora-del-grau-en-fisioterapia-internacional-anna-prats\/","og_locale":"ca_ES","og_type":"article","og_title":"\u201cQuan es tracten els pacients a trav\u00e9s de ter\u00e0pies manuals, tamb\u00e9 canvia el comportament de les seves c\u00e8l\u00b7lules\u201d. La professora del Grau en Fisioter\u00e0pia Internacional, Anna Prats destaca la import\u00e0ncia de la Biologia en la professi\u00f3 del fisioterapeuta | EUSES- Campus de Bellvitge (Barcelona)","og_description":"El Grau en angl\u00e8s en Fisioter\u00e0pia Internacional de l\u2019Escola de Noves Tecnologies Interactives (ENTI-UB) i de l\u2019Escola Universit\u00e0ria de la Salut i l\u2019Esport (EUSES-UdG) aposta per una formaci\u00f3 hol\u00edstica, abordant els diferents aspectes de la fisioter\u00e0pia i treballant amb les noves tecnologies de l\u2019e-health i la salut 2.0. En aquesta ocasi\u00f3, ens centrarem en l\u2019assignatura [&hellip;]","og_url":"https:\/\/barcelona.euses.cat\/ca\/quan-es-tracten-els-pacients-a-traves-de-terapies-manuals-tambe-canvia-el-comportament-de-les-seves-cel\u00b7lules-la-professora-del-grau-en-fisioterapia-internacional-anna-prats\/","og_site_name":"EUSES- Campus de Bellvitge (Barcelona)","article_publisher":"https:\/\/www.facebook.com\/PhysioBCN\/","article_published_time":"2016-11-20T23:00:00+00:00","article_modified_time":"2019-06-03T10:53:41+00:00","og_image":[{"width":4000,"height":2250,"url":"https:\/\/barcelona.euses.cat\/wp-content\/uploads\/2018\/02\/Anna-Prats-professora-del-Grau-en-Fisioter\u00e0pia-Internacional.jpg","type":"image\/jpeg"}],"author":"neorg","twitter_card":"summary_large_image","twitter_misc":{"Escrit per":"neorg","Temps estimat de lectura":"2 minuts"},"schema":{"@context":"https:\/\/schema.org","@graph":[{"@type":"Article","@id":"https:\/\/barcelona.euses.cat\/ca\/quan-es-tracten-els-pacients-a-traves-de-terapies-manuals-tambe-canvia-el-comportament-de-les-seves-cel%c2%b7lules-la-professora-del-grau-en-fisioterapia-internacional-anna-prats\/#article","isPartOf":{"@id":"https:\/\/barcelona.euses.cat\/ca\/quan-es-tracten-els-pacients-a-traves-de-terapies-manuals-tambe-canvia-el-comportament-de-les-seves-cel%c2%b7lules-la-professora-del-grau-en-fisioterapia-internacional-anna-prats\/"},"author":{"name":"neorg","@id":"https:\/\/barcelona.euses.cat\/ca\/#\/schema\/person\/c3074ca9d956eacf02e41e2ff78e53ab"},"headline":"\u201cQuan es tracten els pacients a trav\u00e9s de ter\u00e0pies manuals, tamb\u00e9 canvia el comportament de les seves c\u00e8l\u00b7lules\u201d. La professora del Grau en Fisioter\u00e0pia Internacional, Anna Prats destaca la import\u00e0ncia de la Biologia en la professi\u00f3 del fisioterapeuta","datePublished":"2016-11-20T23:00:00+00:00","dateModified":"2019-06-03T10:53:41+00:00","mainEntityOfPage":{"@id":"https:\/\/barcelona.euses.cat\/ca\/quan-es-tracten-els-pacients-a-traves-de-terapies-manuals-tambe-canvia-el-comportament-de-les-seves-cel%c2%b7lules-la-professora-del-grau-en-fisioterapia-internacional-anna-prats\/"},"wordCount":537,"image":{"@id":"https:\/\/barcelona.euses.cat\/ca\/quan-es-tracten-els-pacients-a-traves-de-terapies-manuals-tambe-canvia-el-comportament-de-les-seves-cel%c2%b7lules-la-professora-del-grau-en-fisioterapia-internacional-anna-prats\/#primaryimage"},"thumbnailUrl":"https:\/\/barcelona.euses.cat\/wp-content\/uploads\/2018\/02\/Anna-Prats-professora-del-Grau-en-Fisioter\u00e0pia-Internacional.jpg","keywords":["Catal\u00e0"],"articleSection":["sense categoria"],"inLanguage":"ca"},{"@type":"WebPage","@id":"https:\/\/barcelona.euses.cat\/ca\/quan-es-tracten-els-pacients-a-traves-de-terapies-manuals-tambe-canvia-el-comportament-de-les-seves-cel%c2%b7lules-la-professora-del-grau-en-fisioterapia-internacional-anna-prats\/","url":"https:\/\/barcelona.euses.cat\/ca\/quan-es-tracten-els-pacients-a-traves-de-terapies-manuals-tambe-canvia-el-comportament-de-les-seves-cel%c2%b7lules-la-professora-del-grau-en-fisioterapia-internacional-anna-prats\/","name":"\u201cQuan es tracten els pacients a trav\u00e9s de ter\u00e0pies manuals, tamb\u00e9 canvia el comportament de les seves c\u00e8l\u00b7lules\u201d. La professora del Grau en Fisioter\u00e0pia Internacional, Anna Prats destaca la import\u00e0ncia de la Biologia en la professi\u00f3 del fisioterapeuta | EUSES- Campus de Bellvitge (Barcelona)","isPartOf":{"@id":"https:\/\/barcelona.euses.cat\/ca\/#website"},"primaryImageOfPage":{"@id":"https:\/\/barcelona.euses.cat\/ca\/quan-es-tracten-els-pacients-a-traves-de-terapies-manuals-tambe-canvia-el-comportament-de-les-seves-cel%c2%b7lules-la-professora-del-grau-en-fisioterapia-internacional-anna-prats\/#primaryimage"},"image":{"@id":"https:\/\/barcelona.euses.cat\/ca\/quan-es-tracten-els-pacients-a-traves-de-terapies-manuals-tambe-canvia-el-comportament-de-les-seves-cel%c2%b7lules-la-professora-del-grau-en-fisioterapia-internacional-anna-prats\/#primaryimage"},"thumbnailUrl":"https:\/\/barcelona.euses.cat\/wp-content\/uploads\/2018\/02\/Anna-Prats-professora-del-Grau-en-Fisioter\u00e0pia-Internacional.jpg","datePublished":"2016-11-20T23:00:00+00:00","dateModified":"2019-06-03T10:53:41+00:00","author":{"@id":"https:\/\/barcelona.euses.cat\/ca\/#\/schema\/person\/c3074ca9d956eacf02e41e2ff78e53ab"},"breadcrumb":{"@id":"https:\/\/barcelona.euses.cat\/ca\/quan-es-tracten-els-pacients-a-traves-de-terapies-manuals-tambe-canvia-el-comportament-de-les-seves-cel%c2%b7lules-la-professora-del-grau-en-fisioterapia-internacional-anna-prats\/#breadcrumb"},"inLanguage":"ca","potentialAction":[{"@type":"ReadAction","target":["https:\/\/barcelona.euses.cat\/ca\/quan-es-tracten-els-pacients-a-traves-de-terapies-manuals-tambe-canvia-el-comportament-de-les-seves-cel%c2%b7lules-la-professora-del-grau-en-fisioterapia-internacional-anna-prats\/"]}]},{"@type":"ImageObject","inLanguage":"ca","@id":"https:\/\/barcelona.euses.cat\/ca\/quan-es-tracten-els-pacients-a-traves-de-terapies-manuals-tambe-canvia-el-comportament-de-les-seves-cel%c2%b7lules-la-professora-del-grau-en-fisioterapia-internacional-anna-prats\/#primaryimage","url":"https:\/\/barcelona.euses.cat\/wp-content\/uploads\/2018\/02\/Anna-Prats-professora-del-Grau-en-Fisioter\u00e0pia-Internacional.jpg","contentUrl":"https:\/\/barcelona.euses.cat\/wp-content\/uploads\/2018\/02\/Anna-Prats-professora-del-Grau-en-Fisioter\u00e0pia-Internacional.jpg","width":4000,"height":2250},{"@type":"BreadcrumbList","@id":"https:\/\/barcelona.euses.cat\/ca\/quan-es-tracten-els-pacients-a-traves-de-terapies-manuals-tambe-canvia-el-comportament-de-les-seves-cel%c2%b7lules-la-professora-del-grau-en-fisioterapia-internacional-anna-prats\/#breadcrumb","itemListElement":[{"@type":"ListItem","position":1,"name":"Portada","item":"https:\/\/barcelona.euses.cat\/ca\/"},{"@type":"ListItem","position":2,"name":"\u201cQuan es tracten els pacients a trav\u00e9s de ter\u00e0pies manuals, tamb\u00e9 canvia el comportament de les seves c\u00e8l\u00b7lules\u201d. La professora del Grau en Fisioter\u00e0pia Internacional, Anna Prats destaca la import\u00e0ncia de la Biologia en la professi\u00f3 del fisioterapeuta"}]},{"@type":"WebSite","@id":"https:\/\/barcelona.euses.cat\/ca\/#website","url":"https:\/\/barcelona.euses.cat\/ca\/","name":"EUSES - Campus de Bellvitge (Barcelona)","description":"EUSES, Escola Universit\u00e0ria de Fisioter\u00e0pia Internacional a Barcelona","potentialAction":[{"@type":"SearchAction","target":{"@type":"EntryPoint","urlTemplate":"https:\/\/barcelona.euses.cat\/ca\/?s={search_term_string}"},"query-input":{"@type":"PropertyValueSpecification","valueRequired":true,"valueName":"search_term_string"}}],"inLanguage":"ca"},{"@type":"Person","@id":"https:\/\/barcelona.euses.cat\/ca\/#\/schema\/person\/c3074ca9d956eacf02e41e2ff78e53ab","name":"neorg","image":{"@type":"ImageObject","inLanguage":"ca","@id":"https:\/\/secure.gravatar.com\/avatar\/709d3d8015183afa7401c02e2291a538cbfd4ffe62f4d86ce5f4871f22e86b09?s=96&d=mm&r=g","url":"https:\/\/secure.gravatar.com\/avatar\/709d3d8015183afa7401c02e2291a538cbfd4ffe62f4d86ce5f4871f22e86b09?s=96&d=mm&r=g","contentUrl":"https:\/\/secure.gravatar.com\/avatar\/709d3d8015183afa7401c02e2291a538cbfd4ffe62f4d86ce5f4871f22e86b09?s=96&d=mm&r=g","caption":"neorg"},"url":"https:\/\/barcelona.euses.cat\/ca\/author\/neorg\/"}]}},"_links":{"self":[{"href":"https:\/\/barcelona.euses.cat\/ca\/wp-json\/wp\/v2\/posts\/2466","targetHints":{"allow":["GET"]}}],"collection":[{"href":"https:\/\/barcelona.euses.cat\/ca\/wp-json\/wp\/v2\/posts"}],"about":[{"href":"https:\/\/barcelona.euses.cat\/ca\/wp-json\/wp\/v2\/types\/post"}],"author":[{"embeddable":true,"href":"https:\/\/barcelona.euses.cat\/ca\/wp-json\/wp\/v2\/users\/1"}],"replies":[{"embeddable":true,"href":"https:\/\/barcelona.euses.cat\/ca\/wp-json\/wp\/v2\/comments?post=2466"}],"version-history":[{"count":1,"href":"https:\/\/barcelona.euses.cat\/ca\/wp-json\/wp\/v2\/posts\/2466\/revisions"}],"predecessor-version":[{"id":6870,"href":"https:\/\/barcelona.euses.cat\/ca\/wp-json\/wp\/v2\/posts\/2466\/revisions\/6870"}],"wp:featuredmedia":[{"embeddable":true,"href":"https:\/\/barcelona.euses.cat\/ca\/wp-json\/wp\/v2\/media\/1703"}],"wp:attachment":[{"href":"https:\/\/barcelona.euses.cat\/ca\/wp-json\/wp\/v2\/media?parent=2466"}],"wp:term":[{"taxonomy":"category","embeddable":true,"href":"https:\/\/barcelona.euses.cat\/ca\/wp-json\/wp\/v2\/categories?post=2466"},{"taxonomy":"post_tag","embeddable":true,"href":"https:\/\/barcelona.euses.cat\/ca\/wp-json\/wp\/v2\/tags?post=2466"}],"curies":[{"name":"wp","href":"https:\/\/api.w.org\/{rel}","templated":true}]}}