{"id":2459,"date":"2016-10-31T00:00:00","date_gmt":"2016-10-30T23:00:00","guid":{"rendered":"http:\/\/physiotherapybarcelona.net\/format-amb-un-professorat-amb-una-amplia-experiencia-internacional-estudiant-el-grau-en-fisioterapia-internacional-al-campus-de-la-ub\/"},"modified":"2019-06-03T12:55:20","modified_gmt":"2019-06-03T10:55:20","slug":"format-amb-un-professorat-amb-una-amplia-experiencia-internacional-estudiant-el-grau-en-fisioterapia-internacional-al-campus-de-la-ub","status":"publish","type":"post","link":"https:\/\/barcelona.euses.cat\/ca\/format-amb-un-professorat-amb-una-amplia-experiencia-internacional-estudiant-el-grau-en-fisioterapia-internacional-al-campus-de-la-ub\/","title":{"rendered":"Forma\u2019t amb un professorat amb una \u00e0mplia experi\u00e8ncia internacional, estudiant el Grau en Fisioter\u00e0pia Internacional al Campus de la UB"},"content":{"rendered":"<p><span style=\"font-weight: 400;\">El <\/span><b>professorat<\/b><span style=\"font-weight: 400;\"> del <\/span><b>Grau en Fisioter\u00e0pia internacional, <\/b><span style=\"font-weight: 400;\">de <\/span><b>l\u2019Escola de Noves Tecnologies Interactives (ENTI-UB)<\/b><span style=\"font-weight: 400;\">\u00a0i de\u00a0<\/span><b>l\u2019Escola Universit\u00e0ria de la Salut i l\u2019Esport (EUSES-UdG), <\/b><span style=\"font-weight: 400;\">compta amb una \u00e0mplia <\/span><b>experi\u00e8ncia internacional<\/b><span style=\"font-weight: 400;\"> a universitats de prestigi. De la seva m\u00e0, aprendr\u00e0s a aplicar la tecnologia m\u00e9s innovadora de <\/span><b>l\u2019e-health<\/b><span style=\"font-weight: 400;\"> al camp de la <\/span><b>fisioter\u00e0pia<\/b><span style=\"font-weight: 400;\"> i de la <\/span><b>salut<\/b><span style=\"font-weight: 400;\">, estudiant \u00edntegrament en <\/span><b>angl\u00e8s<\/b><span style=\"font-weight: 400;\">. Per tant, et formar\u00e0s amb aut\u00e8ntics experts amb vocaci\u00f3 per la doc\u00e8ncia, que combinen la seva tasca acad\u00e8mica amb la pr\u00e0ctica cl\u00ednica. <\/span><\/p>\n<p><span style=\"font-weight: 400;\">Entre el professorat del <\/span><b>Grau en Fisioter\u00e0pia Internacional<\/b><span style=\"font-weight: 400;\"> cal destacar a: <\/span><b>Mariano S\u00e1nchez Gacto<\/b><span style=\"font-weight: 400;\">,<\/span><b> Director <\/b><span style=\"font-weight: 400;\">d\u2019aquest<\/span><b> Grau <\/b><span style=\"font-weight: 400;\">que va desenvolupar la seva tasca com a <\/span><b>fisioterapeuta <\/b><span style=\"font-weight: 400;\">al <\/span><b>Sistema<\/b><span style=\"font-weight: 400;\"> de <\/span><b>Salut p\u00fablic<\/b> <b>d\u2019Espanya<\/b><span style=\"font-weight: 400;\"> i<\/span><b> Fran\u00e7a<\/b><span style=\"font-weight: 400;\"> durant sis anys. A m\u00e9s, tamb\u00e9 ha participat en diferents <\/span><b>congressos internacionals<\/b><span style=\"font-weight: 400;\"> i forma part del <\/span><b>comit\u00e8 d\u2019experts<\/b><span style=\"font-weight: 400;\"> de revistes especialitzades en <\/span><b>salut p\u00fablica<\/b><span style=\"font-weight: 400;\"> (JCR). Tamb\u00e9 cal esmentar a la \u00a0professora i <\/span><b>Dra. S\u00edlvia Xargay<\/b><span style=\"font-weight: 400;\">,<\/span><b> Llicenciada<\/b><span style=\"font-weight: 400;\"> en <\/span><b>Biologia<\/b><span style=\"font-weight: 400;\"> i <\/span><b>Doctorada<\/b><span style=\"font-weight: 400;\">\u00a0en\u00a0<\/span><b>Biomedicina<\/b><span style=\"font-weight: 400;\">\u00a0\u201ccum laude\u201d que actualment est\u00e0 portant a terme una estada post-doctoral a la <\/span><b>Universitat<\/b><span style=\"font-weight: 400;\"> de <\/span><b>Cambridge <\/b><span style=\"font-weight: 400;\">i<\/span> <span style=\"font-weight: 400;\">col\u00b7labora en diversos projectes nacionals i internacionals.<\/span><\/p>\n<p><span style=\"font-weight: 400;\">Altres<\/span><b> docents <\/b><span style=\"font-weight: 400;\">que aporten la seva<\/span><b> visi\u00f3 global<\/b><span style=\"font-weight: 400;\"> a aquests estudis s\u00f3n:<\/span><b> Claire Knott, <\/b><span style=\"font-weight: 400;\">professora <\/span><b>australiana<\/b><span style=\"font-weight: 400;\"> amb una \u00e0mplia experi\u00e8ncia professional com a fisioterapeuta tant en <\/span><b>hospitals<\/b><span style=\"font-weight: 400;\"> p\u00fablics com privats; <\/span><b>Andrea Fuente <\/b><span style=\"font-weight: 400;\">reconeguda instructora del m\u00e8tode <\/span><b>Pilates, <\/b><span style=\"font-weight: 400;\">encarregada d\u2019implementar el <\/span><b>programa educatiu Pilates conCiencia <\/b><span style=\"font-weight: 400;\">que ofereix seminaris d\u2019especialitzaci\u00f3 tant a <\/span><b>Espanya<\/b><span style=\"font-weight: 400;\"> com a l\u2019estranger i <\/span><b>Anna Prats, Doctora en Ci\u00e8ncies Biol\u00f2giques <\/b><span style=\"font-weight: 400;\">que ha participat en <\/span><b>23 articles<\/b> <b>d\u2019investigaci\u00f3 internacional<\/b><span style=\"font-weight: 400;\"> i a diversos congressos, nou d\u2019ells internacionals i set nacionals, on ha rebut diversos premis. A m\u00e9s, ha rebut dues <\/span><b>beques d\u2019investigaci\u00f3<\/b><span style=\"font-weight: 400;\"> al <\/span><b>CNRS<\/b><span style=\"font-weight: 400;\"> de <\/span><b>Montpellier<\/b><span style=\"font-weight: 400;\"> (Fran\u00e7a) i a la <\/span><b>Universitat de Cambridge<\/b><span style=\"font-weight: 400;\"> (Regne Unit).<\/span><\/p>\n<p><span style=\"font-weight: 400;\">En aquesta mateixa l\u00ednia, sobresurten els professors: <\/span><b>Francesc Xavier Prat, Llicenciat<\/b><span style=\"font-weight: 400;\"> en<\/span><b> Psicologia, <\/b><span style=\"font-weight: 400;\">ha participat en una estada d\u2019investigaci\u00f3 a la <\/span><b>Universitat de Cranfield (Regne Unit)<\/b><span style=\"font-weight: 400;\"> i \u00e9s autor de diversos estudis, publicats a revistes internacionals; <\/span><b>Roc\u00edo D\u00edaz, Dermat\u00f2loga, <\/b><span style=\"font-weight: 400;\">se li va atorgar una beca per visitar el <\/span><b>laboratori XLAB<\/b><span style=\"font-weight: 400;\"> per a joves estudiants a <\/span><b>G\u00f6ttingem<\/b><span style=\"font-weight: 400;\"> (Baixa Sax\u00f2nia), acompanyada del guanyador del <\/span><b>Premi Nobel<\/b><span style=\"font-weight: 400;\">, el <\/span><b>Dr. Erwin Neher; <\/b><span style=\"font-weight: 400;\">tamb\u00e9 cal destacar al professor, <\/span><b>Joaquim Chaler<\/b><span style=\"font-weight: 400;\">, metge especialista en medicina f\u00edsica i rehabilitaci\u00f3, ha participat en <\/span><b>25 articles d\u2019investigaci\u00f3<\/b><span style=\"font-weight: 400;\"> a nivell <\/span><b>nacional i internacional<\/b><span style=\"font-weight: 400;\">, a m\u00e9s, ha assistit com a ponent a m\u00e9s de 30 congressos especialitzats en salut i tamb\u00e9, \u00e9s redactor en cap de la revista <\/span><i><span style=\"font-weight: 400;\">Isokinetics &amp; Exercise Science<\/span><\/i><span style=\"font-weight: 400;\">.<\/span><\/p>\n<p><span style=\"font-weight: 400;\">Finalment, cal assenyalar a: <\/span><b>Lucy Hackney,<\/b><span style=\"font-weight: 400;\"> Llicenciada en <\/span><b>Psicologia i Sociologia<\/b><span style=\"font-weight: 400;\"> a la <\/span><b>Universitat<\/b><span style=\"font-weight: 400;\"> de <\/span><b>Leicester<\/b><span style=\"font-weight: 400;\">, amb una \u00e0mplia experi\u00e8ncia com a <\/span><b>fisioterapeuta<\/b><span style=\"font-weight: 400;\"> al sistema de <\/span><b>salut p\u00fablica brit\u00e0nic<\/b><span style=\"font-weight: 400;\"> i tamb\u00e9 en l\u2019\u00e0mbit privat; <\/span><b>Javier Jerez, Doctorat <\/b><span style=\"font-weight: 400;\">en<\/span><b> Salut P\u00fablica <\/b><span style=\"font-weight: 400;\">per la<\/span><b> Universitat Federal de Rio Grande do Norte (Natal, Brasil)<\/b><span style=\"font-weight: 400;\">, tamb\u00e9 amb una dilatada experi\u00e8ncia en el <\/span><b>sistema de salut p\u00fablica i privat, <\/b><span style=\"font-weight: 400;\">i <\/span><b>Samuel Young<\/b><span style=\"font-weight: 400;\">, Llicenciat en <\/span><b>Fisioter\u00e0pia<\/b><span style=\"font-weight: 400;\"> a la <\/span><b>Universitat de Melbourne<\/b><span style=\"font-weight: 400;\">, especialitzat en la branca de <\/span><b>l\u2019aparell locomotor<\/b><span style=\"font-weight: 400;\"> i la <\/span><b>fisioter\u00e0pia<\/b><span style=\"font-weight: 400;\"> de <\/span><b>l\u2019esport<\/b><span style=\"font-weight: 400;\">. Disposa d\u2019una \u00e0mplia experi\u00e8ncia professional, doncs, ha treballat a diversos hospitals regionals de <\/span><b>l\u2019oest d\u2019Austr\u00e0lia<\/b><span style=\"font-weight: 400;\">; va proporcionar atenci\u00f3 prim\u00e0ria a les <\/span><b>comunitats ind\u00edgenes<\/b><span style=\"font-weight: 400;\"> del <\/span><b>Nord d\u2019Austr\u00e0lia<\/b><span style=\"font-weight: 400;\"> i tamb\u00e9 ha exercit com a fisioterapeuta a diverses cl\u00edniques i clubs esportius de <\/span><b>Melbourne, Irlanda i Anglaterra<\/b><span style=\"font-weight: 400;\">.<\/span><\/p>\n<p><span style=\"font-weight: 400;\">En definitiva, estudiar aquesta titulaci\u00f3, et permetr\u00e0 formar-te amb un <\/span><b>professorat<\/b><span style=\"font-weight: 400;\"> amb experi\u00e8ncia acad\u00e8mica i professional internacional. Per tant, tindr\u00e0s l\u2019oportunitat d\u2019aprendre els conceptes clau de la <\/span><b>fisioter\u00e0pia<\/b><span style=\"font-weight: 400;\"> amb un <\/span><b>enfocament global<\/b><span style=\"font-weight: 400;\">, coneixent les principals metodologies i noves tecnologies emprades en l\u2019abordatge de <\/span><b>lesions<\/b><span style=\"font-weight: 400;\"> o <\/span><b>patologies<\/b><span style=\"font-weight: 400;\"> arreu del m\u00f3n.<\/span><\/p>\n<p><strong><span style=\"font-weight: 400;\">Aposta per una <\/span><b>formaci\u00f3<\/b><span style=\"font-weight: 400;\"> universit\u00e0ria amb <\/span><b>vocaci\u00f3 internacional<\/b><span style=\"font-weight: 400;\">; tria el <\/span><a href=\"https:\/\/goo.gl\/azEe8u\"><b>Grau<\/b><span style=\"font-weight: 400;\"> en <\/span><b>angl\u00e8s<\/b><span style=\"font-weight: 400;\"> en <\/span><b>Fisioter\u00e0pia Internacional<\/b><span style=\"font-weight: 400;\"> al <\/span><b>Campus de Barcelona<\/b><\/a><span style=\"font-weight: 400;\"> i amplia els teus horitzons professionals. <\/span><\/strong><\/p>\n","protected":false},"excerpt":{"rendered":"<p>El professorat del Grau en Fisioter\u00e0pia internacional, de l\u2019Escola de Noves Tecnologies Interactives (ENTI-UB)\u00a0i de\u00a0l\u2019Escola Universit\u00e0ria de la Salut i l\u2019Esport (EUSES-UdG), compta amb una \u00e0mplia experi\u00e8ncia internacional a universitats de prestigi. De la seva m\u00e0, aprendr\u00e0s a aplicar la tecnologia m\u00e9s innovadora de l\u2019e-health al camp de la fisioter\u00e0pia i de la salut, estudiant [&hellip;]<\/p>\n","protected":false},"author":1,"featured_media":1688,"comment_status":"closed","ping_status":"closed","sticky":false,"template":"","format":"standard","meta":{"_acf_changed":false,"inline_featured_image":false,"_joinchat":[],"footnotes":""},"categories":[46],"tags":[45],"class_list":["post-2459","post","type-post","status-publish","format-standard","has-post-thumbnail","hentry","category-sense-categoria","tag-catala"],"acf":[],"yoast_head":"<!-- This site is optimized with the Yoast SEO plugin v27.4 - https:\/\/yoast.com\/product\/yoast-seo-wordpress\/ -->\n<title>Forma\u2019t amb un professorat amb una \u00e0mplia experi\u00e8ncia internacional, estudiant el Grau en Fisioter\u00e0pia Internacional al Campus de la UB | EUSES- Campus de Bellvitge (Barcelona)<\/title>\n<meta name=\"robots\" content=\"index, follow, max-snippet:-1, max-image-preview:large, max-video-preview:-1\" \/>\n<link rel=\"canonical\" href=\"https:\/\/barcelona.euses.cat\/ca\/format-amb-un-professorat-amb-una-amplia-experiencia-internacional-estudiant-el-grau-en-fisioterapia-internacional-al-campus-de-la-ub\/\" \/>\n<meta property=\"og:locale\" content=\"ca_ES\" \/>\n<meta property=\"og:type\" content=\"article\" \/>\n<meta property=\"og:title\" content=\"Forma\u2019t amb un professorat amb una \u00e0mplia experi\u00e8ncia internacional, estudiant el Grau en Fisioter\u00e0pia Internacional al Campus de la UB | EUSES- Campus de Bellvitge (Barcelona)\" \/>\n<meta property=\"og:description\" content=\"El professorat del Grau en Fisioter\u00e0pia internacional, de l\u2019Escola de Noves Tecnologies Interactives (ENTI-UB)\u00a0i de\u00a0l\u2019Escola Universit\u00e0ria de la Salut i l\u2019Esport (EUSES-UdG), compta amb una \u00e0mplia experi\u00e8ncia internacional a universitats de prestigi. De la seva m\u00e0, aprendr\u00e0s a aplicar la tecnologia m\u00e9s innovadora de l\u2019e-health al camp de la fisioter\u00e0pia i de la salut, estudiant [&hellip;]\" \/>\n<meta property=\"og:url\" content=\"https:\/\/barcelona.euses.cat\/ca\/format-amb-un-professorat-amb-una-amplia-experiencia-internacional-estudiant-el-grau-en-fisioterapia-internacional-al-campus-de-la-ub\/\" \/>\n<meta property=\"og:site_name\" content=\"EUSES- Campus de Bellvitge (Barcelona)\" \/>\n<meta property=\"article:publisher\" content=\"https:\/\/www.facebook.com\/PhysioBCN\/\" \/>\n<meta property=\"article:published_time\" content=\"2016-10-30T23:00:00+00:00\" \/>\n<meta property=\"article:modified_time\" content=\"2019-06-03T10:55:20+00:00\" \/>\n<meta property=\"og:image\" content=\"https:\/\/barcelona.euses.cat\/wp-content\/uploads\/2018\/02\/Forma\u2019t-amb-un-professorat-amb-una-a\u0300mplia-experie\u0300ncia-internacional-estudiant-el-Grau-en-Fisiotera\u0300pia-Internacional-al-Campus-de-la-UB.png\" \/>\n\t<meta property=\"og:image:width\" content=\"1000\" \/>\n\t<meta property=\"og:image:height\" content=\"804\" \/>\n\t<meta property=\"og:image:type\" content=\"image\/png\" \/>\n<meta name=\"author\" content=\"neorg\" \/>\n<meta name=\"twitter:card\" content=\"summary_large_image\" \/>\n<meta name=\"twitter:label1\" content=\"Escrit per\" \/>\n\t<meta name=\"twitter:data1\" content=\"neorg\" \/>\n\t<meta name=\"twitter:label2\" content=\"Temps estimat de lectura\" \/>\n\t<meta name=\"twitter:data2\" content=\"3 minuts\" \/>\n<script type=\"application\/ld+json\" class=\"yoast-schema-graph\">{\"@context\":\"https:\\\/\\\/schema.org\",\"@graph\":[{\"@type\":\"Article\",\"@id\":\"https:\\\/\\\/barcelona.euses.cat\\\/ca\\\/format-amb-un-professorat-amb-una-amplia-experiencia-internacional-estudiant-el-grau-en-fisioterapia-internacional-al-campus-de-la-ub\\\/#article\",\"isPartOf\":{\"@id\":\"https:\\\/\\\/barcelona.euses.cat\\\/ca\\\/format-amb-un-professorat-amb-una-amplia-experiencia-internacional-estudiant-el-grau-en-fisioterapia-internacional-al-campus-de-la-ub\\\/\"},\"author\":{\"name\":\"neorg\",\"@id\":\"https:\\\/\\\/barcelona.euses.cat\\\/ca\\\/#\\\/schema\\\/person\\\/c3074ca9d956eacf02e41e2ff78e53ab\"},\"headline\":\"Forma\u2019t amb un professorat amb una \u00e0mplia experi\u00e8ncia internacional, estudiant el Grau en Fisioter\u00e0pia Internacional al Campus de la UB\",\"datePublished\":\"2016-10-30T23:00:00+00:00\",\"dateModified\":\"2019-06-03T10:55:20+00:00\",\"mainEntityOfPage\":{\"@id\":\"https:\\\/\\\/barcelona.euses.cat\\\/ca\\\/format-amb-un-professorat-amb-una-amplia-experiencia-internacional-estudiant-el-grau-en-fisioterapia-internacional-al-campus-de-la-ub\\\/\"},\"wordCount\":718,\"image\":{\"@id\":\"https:\\\/\\\/barcelona.euses.cat\\\/ca\\\/format-amb-un-professorat-amb-una-amplia-experiencia-internacional-estudiant-el-grau-en-fisioterapia-internacional-al-campus-de-la-ub\\\/#primaryimage\"},\"thumbnailUrl\":\"https:\\\/\\\/barcelona.euses.cat\\\/wp-content\\\/uploads\\\/2018\\\/02\\\/Forma\u2019t-amb-un-professorat-amb-una-a\u0300mplia-experie\u0300ncia-internacional-estudiant-el-Grau-en-Fisiotera\u0300pia-Internacional-al-Campus-de-la-UB.png\",\"keywords\":[\"Catal\u00e0\"],\"articleSection\":[\"sense categoria\"],\"inLanguage\":\"ca\"},{\"@type\":\"WebPage\",\"@id\":\"https:\\\/\\\/barcelona.euses.cat\\\/ca\\\/format-amb-un-professorat-amb-una-amplia-experiencia-internacional-estudiant-el-grau-en-fisioterapia-internacional-al-campus-de-la-ub\\\/\",\"url\":\"https:\\\/\\\/barcelona.euses.cat\\\/ca\\\/format-amb-un-professorat-amb-una-amplia-experiencia-internacional-estudiant-el-grau-en-fisioterapia-internacional-al-campus-de-la-ub\\\/\",\"name\":\"Forma\u2019t amb un professorat amb una \u00e0mplia experi\u00e8ncia internacional, estudiant el Grau en Fisioter\u00e0pia Internacional al Campus de la UB | EUSES- Campus de Bellvitge (Barcelona)\",\"isPartOf\":{\"@id\":\"https:\\\/\\\/barcelona.euses.cat\\\/ca\\\/#website\"},\"primaryImageOfPage\":{\"@id\":\"https:\\\/\\\/barcelona.euses.cat\\\/ca\\\/format-amb-un-professorat-amb-una-amplia-experiencia-internacional-estudiant-el-grau-en-fisioterapia-internacional-al-campus-de-la-ub\\\/#primaryimage\"},\"image\":{\"@id\":\"https:\\\/\\\/barcelona.euses.cat\\\/ca\\\/format-amb-un-professorat-amb-una-amplia-experiencia-internacional-estudiant-el-grau-en-fisioterapia-internacional-al-campus-de-la-ub\\\/#primaryimage\"},\"thumbnailUrl\":\"https:\\\/\\\/barcelona.euses.cat\\\/wp-content\\\/uploads\\\/2018\\\/02\\\/Forma\u2019t-amb-un-professorat-amb-una-a\u0300mplia-experie\u0300ncia-internacional-estudiant-el-Grau-en-Fisiotera\u0300pia-Internacional-al-Campus-de-la-UB.png\",\"datePublished\":\"2016-10-30T23:00:00+00:00\",\"dateModified\":\"2019-06-03T10:55:20+00:00\",\"author\":{\"@id\":\"https:\\\/\\\/barcelona.euses.cat\\\/ca\\\/#\\\/schema\\\/person\\\/c3074ca9d956eacf02e41e2ff78e53ab\"},\"breadcrumb\":{\"@id\":\"https:\\\/\\\/barcelona.euses.cat\\\/ca\\\/format-amb-un-professorat-amb-una-amplia-experiencia-internacional-estudiant-el-grau-en-fisioterapia-internacional-al-campus-de-la-ub\\\/#breadcrumb\"},\"inLanguage\":\"ca\",\"potentialAction\":[{\"@type\":\"ReadAction\",\"target\":[\"https:\\\/\\\/barcelona.euses.cat\\\/ca\\\/format-amb-un-professorat-amb-una-amplia-experiencia-internacional-estudiant-el-grau-en-fisioterapia-internacional-al-campus-de-la-ub\\\/\"]}]},{\"@type\":\"ImageObject\",\"inLanguage\":\"ca\",\"@id\":\"https:\\\/\\\/barcelona.euses.cat\\\/ca\\\/format-amb-un-professorat-amb-una-amplia-experiencia-internacional-estudiant-el-grau-en-fisioterapia-internacional-al-campus-de-la-ub\\\/#primaryimage\",\"url\":\"https:\\\/\\\/barcelona.euses.cat\\\/wp-content\\\/uploads\\\/2018\\\/02\\\/Forma\u2019t-amb-un-professorat-amb-una-a\u0300mplia-experie\u0300ncia-internacional-estudiant-el-Grau-en-Fisiotera\u0300pia-Internacional-al-Campus-de-la-UB.png\",\"contentUrl\":\"https:\\\/\\\/barcelona.euses.cat\\\/wp-content\\\/uploads\\\/2018\\\/02\\\/Forma\u2019t-amb-un-professorat-amb-una-a\u0300mplia-experie\u0300ncia-internacional-estudiant-el-Grau-en-Fisiotera\u0300pia-Internacional-al-Campus-de-la-UB.png\",\"width\":1000,\"height\":804},{\"@type\":\"BreadcrumbList\",\"@id\":\"https:\\\/\\\/barcelona.euses.cat\\\/ca\\\/format-amb-un-professorat-amb-una-amplia-experiencia-internacional-estudiant-el-grau-en-fisioterapia-internacional-al-campus-de-la-ub\\\/#breadcrumb\",\"itemListElement\":[{\"@type\":\"ListItem\",\"position\":1,\"name\":\"Portada\",\"item\":\"https:\\\/\\\/barcelona.euses.cat\\\/ca\\\/\"},{\"@type\":\"ListItem\",\"position\":2,\"name\":\"Forma\u2019t amb un professorat amb una \u00e0mplia experi\u00e8ncia internacional, estudiant el Grau en Fisioter\u00e0pia Internacional al Campus de la UB\"}]},{\"@type\":\"WebSite\",\"@id\":\"https:\\\/\\\/barcelona.euses.cat\\\/ca\\\/#website\",\"url\":\"https:\\\/\\\/barcelona.euses.cat\\\/ca\\\/\",\"name\":\"EUSES - Campus de Bellvitge (Barcelona)\",\"description\":\"EUSES, Escola Universit\u00e0ria de Fisioter\u00e0pia Internacional a Barcelona\",\"potentialAction\":[{\"@type\":\"SearchAction\",\"target\":{\"@type\":\"EntryPoint\",\"urlTemplate\":\"https:\\\/\\\/barcelona.euses.cat\\\/ca\\\/?s={search_term_string}\"},\"query-input\":{\"@type\":\"PropertyValueSpecification\",\"valueRequired\":true,\"valueName\":\"search_term_string\"}}],\"inLanguage\":\"ca\"},{\"@type\":\"Person\",\"@id\":\"https:\\\/\\\/barcelona.euses.cat\\\/ca\\\/#\\\/schema\\\/person\\\/c3074ca9d956eacf02e41e2ff78e53ab\",\"name\":\"neorg\",\"image\":{\"@type\":\"ImageObject\",\"inLanguage\":\"ca\",\"@id\":\"https:\\\/\\\/secure.gravatar.com\\\/avatar\\\/709d3d8015183afa7401c02e2291a538cbfd4ffe62f4d86ce5f4871f22e86b09?s=96&d=mm&r=g\",\"url\":\"https:\\\/\\\/secure.gravatar.com\\\/avatar\\\/709d3d8015183afa7401c02e2291a538cbfd4ffe62f4d86ce5f4871f22e86b09?s=96&d=mm&r=g\",\"contentUrl\":\"https:\\\/\\\/secure.gravatar.com\\\/avatar\\\/709d3d8015183afa7401c02e2291a538cbfd4ffe62f4d86ce5f4871f22e86b09?s=96&d=mm&r=g\",\"caption\":\"neorg\"},\"url\":\"https:\\\/\\\/barcelona.euses.cat\\\/ca\\\/author\\\/neorg\\\/\"}]}<\/script>\n<!-- \/ Yoast SEO plugin. -->","yoast_head_json":{"title":"Forma\u2019t amb un professorat amb una \u00e0mplia experi\u00e8ncia internacional, estudiant el Grau en Fisioter\u00e0pia Internacional al Campus de la UB | EUSES- Campus de Bellvitge (Barcelona)","robots":{"index":"index","follow":"follow","max-snippet":"max-snippet:-1","max-image-preview":"max-image-preview:large","max-video-preview":"max-video-preview:-1"},"canonical":"https:\/\/barcelona.euses.cat\/ca\/format-amb-un-professorat-amb-una-amplia-experiencia-internacional-estudiant-el-grau-en-fisioterapia-internacional-al-campus-de-la-ub\/","og_locale":"ca_ES","og_type":"article","og_title":"Forma\u2019t amb un professorat amb una \u00e0mplia experi\u00e8ncia internacional, estudiant el Grau en Fisioter\u00e0pia Internacional al Campus de la UB | EUSES- Campus de Bellvitge (Barcelona)","og_description":"El professorat del Grau en Fisioter\u00e0pia internacional, de l\u2019Escola de Noves Tecnologies Interactives (ENTI-UB)\u00a0i de\u00a0l\u2019Escola Universit\u00e0ria de la Salut i l\u2019Esport (EUSES-UdG), compta amb una \u00e0mplia experi\u00e8ncia internacional a universitats de prestigi. De la seva m\u00e0, aprendr\u00e0s a aplicar la tecnologia m\u00e9s innovadora de l\u2019e-health al camp de la fisioter\u00e0pia i de la salut, estudiant [&hellip;]","og_url":"https:\/\/barcelona.euses.cat\/ca\/format-amb-un-professorat-amb-una-amplia-experiencia-internacional-estudiant-el-grau-en-fisioterapia-internacional-al-campus-de-la-ub\/","og_site_name":"EUSES- Campus de Bellvitge (Barcelona)","article_publisher":"https:\/\/www.facebook.com\/PhysioBCN\/","article_published_time":"2016-10-30T23:00:00+00:00","article_modified_time":"2019-06-03T10:55:20+00:00","og_image":[{"width":1000,"height":804,"url":"https:\/\/barcelona.euses.cat\/wp-content\/uploads\/2018\/02\/Forma\u2019t-amb-un-professorat-amb-una-a\u0300mplia-experie\u0300ncia-internacional-estudiant-el-Grau-en-Fisiotera\u0300pia-Internacional-al-Campus-de-la-UB.png","type":"image\/png"}],"author":"neorg","twitter_card":"summary_large_image","twitter_misc":{"Escrit per":"neorg","Temps estimat de lectura":"3 minuts"},"schema":{"@context":"https:\/\/schema.org","@graph":[{"@type":"Article","@id":"https:\/\/barcelona.euses.cat\/ca\/format-amb-un-professorat-amb-una-amplia-experiencia-internacional-estudiant-el-grau-en-fisioterapia-internacional-al-campus-de-la-ub\/#article","isPartOf":{"@id":"https:\/\/barcelona.euses.cat\/ca\/format-amb-un-professorat-amb-una-amplia-experiencia-internacional-estudiant-el-grau-en-fisioterapia-internacional-al-campus-de-la-ub\/"},"author":{"name":"neorg","@id":"https:\/\/barcelona.euses.cat\/ca\/#\/schema\/person\/c3074ca9d956eacf02e41e2ff78e53ab"},"headline":"Forma\u2019t amb un professorat amb una \u00e0mplia experi\u00e8ncia internacional, estudiant el Grau en Fisioter\u00e0pia Internacional al Campus de la UB","datePublished":"2016-10-30T23:00:00+00:00","dateModified":"2019-06-03T10:55:20+00:00","mainEntityOfPage":{"@id":"https:\/\/barcelona.euses.cat\/ca\/format-amb-un-professorat-amb-una-amplia-experiencia-internacional-estudiant-el-grau-en-fisioterapia-internacional-al-campus-de-la-ub\/"},"wordCount":718,"image":{"@id":"https:\/\/barcelona.euses.cat\/ca\/format-amb-un-professorat-amb-una-amplia-experiencia-internacional-estudiant-el-grau-en-fisioterapia-internacional-al-campus-de-la-ub\/#primaryimage"},"thumbnailUrl":"https:\/\/barcelona.euses.cat\/wp-content\/uploads\/2018\/02\/Forma\u2019t-amb-un-professorat-amb-una-a\u0300mplia-experie\u0300ncia-internacional-estudiant-el-Grau-en-Fisiotera\u0300pia-Internacional-al-Campus-de-la-UB.png","keywords":["Catal\u00e0"],"articleSection":["sense categoria"],"inLanguage":"ca"},{"@type":"WebPage","@id":"https:\/\/barcelona.euses.cat\/ca\/format-amb-un-professorat-amb-una-amplia-experiencia-internacional-estudiant-el-grau-en-fisioterapia-internacional-al-campus-de-la-ub\/","url":"https:\/\/barcelona.euses.cat\/ca\/format-amb-un-professorat-amb-una-amplia-experiencia-internacional-estudiant-el-grau-en-fisioterapia-internacional-al-campus-de-la-ub\/","name":"Forma\u2019t amb un professorat amb una \u00e0mplia experi\u00e8ncia internacional, estudiant el Grau en Fisioter\u00e0pia Internacional al Campus de la UB | EUSES- Campus de Bellvitge (Barcelona)","isPartOf":{"@id":"https:\/\/barcelona.euses.cat\/ca\/#website"},"primaryImageOfPage":{"@id":"https:\/\/barcelona.euses.cat\/ca\/format-amb-un-professorat-amb-una-amplia-experiencia-internacional-estudiant-el-grau-en-fisioterapia-internacional-al-campus-de-la-ub\/#primaryimage"},"image":{"@id":"https:\/\/barcelona.euses.cat\/ca\/format-amb-un-professorat-amb-una-amplia-experiencia-internacional-estudiant-el-grau-en-fisioterapia-internacional-al-campus-de-la-ub\/#primaryimage"},"thumbnailUrl":"https:\/\/barcelona.euses.cat\/wp-content\/uploads\/2018\/02\/Forma\u2019t-amb-un-professorat-amb-una-a\u0300mplia-experie\u0300ncia-internacional-estudiant-el-Grau-en-Fisiotera\u0300pia-Internacional-al-Campus-de-la-UB.png","datePublished":"2016-10-30T23:00:00+00:00","dateModified":"2019-06-03T10:55:20+00:00","author":{"@id":"https:\/\/barcelona.euses.cat\/ca\/#\/schema\/person\/c3074ca9d956eacf02e41e2ff78e53ab"},"breadcrumb":{"@id":"https:\/\/barcelona.euses.cat\/ca\/format-amb-un-professorat-amb-una-amplia-experiencia-internacional-estudiant-el-grau-en-fisioterapia-internacional-al-campus-de-la-ub\/#breadcrumb"},"inLanguage":"ca","potentialAction":[{"@type":"ReadAction","target":["https:\/\/barcelona.euses.cat\/ca\/format-amb-un-professorat-amb-una-amplia-experiencia-internacional-estudiant-el-grau-en-fisioterapia-internacional-al-campus-de-la-ub\/"]}]},{"@type":"ImageObject","inLanguage":"ca","@id":"https:\/\/barcelona.euses.cat\/ca\/format-amb-un-professorat-amb-una-amplia-experiencia-internacional-estudiant-el-grau-en-fisioterapia-internacional-al-campus-de-la-ub\/#primaryimage","url":"https:\/\/barcelona.euses.cat\/wp-content\/uploads\/2018\/02\/Forma\u2019t-amb-un-professorat-amb-una-a\u0300mplia-experie\u0300ncia-internacional-estudiant-el-Grau-en-Fisiotera\u0300pia-Internacional-al-Campus-de-la-UB.png","contentUrl":"https:\/\/barcelona.euses.cat\/wp-content\/uploads\/2018\/02\/Forma\u2019t-amb-un-professorat-amb-una-a\u0300mplia-experie\u0300ncia-internacional-estudiant-el-Grau-en-Fisiotera\u0300pia-Internacional-al-Campus-de-la-UB.png","width":1000,"height":804},{"@type":"BreadcrumbList","@id":"https:\/\/barcelona.euses.cat\/ca\/format-amb-un-professorat-amb-una-amplia-experiencia-internacional-estudiant-el-grau-en-fisioterapia-internacional-al-campus-de-la-ub\/#breadcrumb","itemListElement":[{"@type":"ListItem","position":1,"name":"Portada","item":"https:\/\/barcelona.euses.cat\/ca\/"},{"@type":"ListItem","position":2,"name":"Forma\u2019t amb un professorat amb una \u00e0mplia experi\u00e8ncia internacional, estudiant el Grau en Fisioter\u00e0pia Internacional al Campus de la UB"}]},{"@type":"WebSite","@id":"https:\/\/barcelona.euses.cat\/ca\/#website","url":"https:\/\/barcelona.euses.cat\/ca\/","name":"EUSES - Campus de Bellvitge (Barcelona)","description":"EUSES, Escola Universit\u00e0ria de Fisioter\u00e0pia Internacional a Barcelona","potentialAction":[{"@type":"SearchAction","target":{"@type":"EntryPoint","urlTemplate":"https:\/\/barcelona.euses.cat\/ca\/?s={search_term_string}"},"query-input":{"@type":"PropertyValueSpecification","valueRequired":true,"valueName":"search_term_string"}}],"inLanguage":"ca"},{"@type":"Person","@id":"https:\/\/barcelona.euses.cat\/ca\/#\/schema\/person\/c3074ca9d956eacf02e41e2ff78e53ab","name":"neorg","image":{"@type":"ImageObject","inLanguage":"ca","@id":"https:\/\/secure.gravatar.com\/avatar\/709d3d8015183afa7401c02e2291a538cbfd4ffe62f4d86ce5f4871f22e86b09?s=96&d=mm&r=g","url":"https:\/\/secure.gravatar.com\/avatar\/709d3d8015183afa7401c02e2291a538cbfd4ffe62f4d86ce5f4871f22e86b09?s=96&d=mm&r=g","contentUrl":"https:\/\/secure.gravatar.com\/avatar\/709d3d8015183afa7401c02e2291a538cbfd4ffe62f4d86ce5f4871f22e86b09?s=96&d=mm&r=g","caption":"neorg"},"url":"https:\/\/barcelona.euses.cat\/ca\/author\/neorg\/"}]}},"_links":{"self":[{"href":"https:\/\/barcelona.euses.cat\/ca\/wp-json\/wp\/v2\/posts\/2459","targetHints":{"allow":["GET"]}}],"collection":[{"href":"https:\/\/barcelona.euses.cat\/ca\/wp-json\/wp\/v2\/posts"}],"about":[{"href":"https:\/\/barcelona.euses.cat\/ca\/wp-json\/wp\/v2\/types\/post"}],"author":[{"embeddable":true,"href":"https:\/\/barcelona.euses.cat\/ca\/wp-json\/wp\/v2\/users\/1"}],"replies":[{"embeddable":true,"href":"https:\/\/barcelona.euses.cat\/ca\/wp-json\/wp\/v2\/comments?post=2459"}],"version-history":[{"count":1,"href":"https:\/\/barcelona.euses.cat\/ca\/wp-json\/wp\/v2\/posts\/2459\/revisions"}],"predecessor-version":[{"id":6875,"href":"https:\/\/barcelona.euses.cat\/ca\/wp-json\/wp\/v2\/posts\/2459\/revisions\/6875"}],"wp:featuredmedia":[{"embeddable":true,"href":"https:\/\/barcelona.euses.cat\/ca\/wp-json\/wp\/v2\/media\/1688"}],"wp:attachment":[{"href":"https:\/\/barcelona.euses.cat\/ca\/wp-json\/wp\/v2\/media?parent=2459"}],"wp:term":[{"taxonomy":"category","embeddable":true,"href":"https:\/\/barcelona.euses.cat\/ca\/wp-json\/wp\/v2\/categories?post=2459"},{"taxonomy":"post_tag","embeddable":true,"href":"https:\/\/barcelona.euses.cat\/ca\/wp-json\/wp\/v2\/tags?post=2459"}],"curies":[{"name":"wp","href":"https:\/\/api.w.org\/{rel}","templated":true}]}}