{"id":2448,"date":"2016-10-10T00:00:00","date_gmt":"2016-10-09T22:00:00","guid":{"rendered":"http:\/\/physiotherapybarcelona.net\/aprendre-els-fonaments-de-la-fisica-millora-lexercici-professional-del-fisioterapeuta-el-professor-bertram-muller-explica-la-seva-experiencia-com-a-docent-al-grau-en-fisiot\/"},"modified":"2019-06-03T13:01:31","modified_gmt":"2019-06-03T11:01:31","slug":"aprendre-els-fonaments-de-la-fisica-millora-lexercici-professional-del-fisioterapeuta-el-professor-bertram-muller-explica-la-seva-experiencia-com-a-docent-al-grau-en-fisiot","status":"publish","type":"post","link":"https:\/\/barcelona.euses.cat\/ca\/aprendre-els-fonaments-de-la-fisica-millora-lexercici-professional-del-fisioterapeuta-el-professor-bertram-muller-explica-la-seva-experiencia-com-a-docent-al-grau-en-fisiot\/","title":{"rendered":"\u2018Aprendre els fonaments de la f\u00edsica millora l\u2019exercici professional del fisioterapeuta\u2019. El professor Bertram M\u00fcller explica la seva experi\u00e8ncia com a docent al Grau en Fisioter\u00e0pia Internacional"},"content":{"rendered":"<p>El professor <strong>Bertram M\u00fcller<\/strong> forma part de <strong>l\u2019equip docent<\/strong> del <strong>Grau en Fisioter\u00e0pia Internacional <\/strong>de <strong>l\u2019Escola de Noves Tecnologies Interactives (ENTI-UB)<\/strong> i de <strong>l\u2019Escola Universit\u00e0ria de la Salut i l\u2019Esport (EUSES-UdG)<\/strong>. Quant al seu <strong>perfil acad\u00e8mic<\/strong>, cal assenyalar que \u00e9s <strong>biomec\u00e0nic<\/strong> de formaci\u00f3, una branca de la ci\u00e8ncia multidisciplin\u00e0ria que incorpora coneixements de <strong>mec\u00e0nica, enginyeria <\/strong>i<strong> medicina<\/strong>. Tamb\u00e9 compta amb una \u00e0mplia <strong>experi\u00e8ncia<\/strong> internacional a pa\u00efsos com <strong>Esc\u00f2cia i Alemanya<\/strong>.<\/p>\n<p>Al <strong>primer curs<\/strong> del <strong>Grau en Fisioter\u00e0pia Internacional<\/strong>, <strong>Bertram M\u00fcller<\/strong> imparteix l\u2019assignatura de <strong>F\u00edsica<\/strong>, durant la qual, es descriuen aspectes com la <strong>mec\u00e0nica<\/strong> dels s\u00f2lids, dels fluids i dels <strong>camps electromagn\u00e8tics<\/strong> com a <strong>base<\/strong> del funcionament de per exemple: el <strong>sistema m\u00fascul-esquel\u00e8tic <\/strong>i de l&#8217;\u00fas <strong>d&#8217;agents terap\u00e8utics<\/strong> en <strong>fisioter\u00e0pia<\/strong>. Segons <strong>M\u00fcller<\/strong>, hi ha moltes maneres d&#8217;ensenyar <strong>f\u00edsica<\/strong>. Ara b\u00e9, segons ell, el m\u00e9s important \u00e9s que els alumnes aprenguin a <strong>aplicar-la <\/strong>en el <strong>dia a dia<\/strong>, especialment en el camp de la <strong>fisioter\u00e0pia<\/strong>. En aquest sentit, <strong>M\u00fcller<\/strong> sempre intenta mostrar les <strong>aplicacions<\/strong> de la <strong>f\u00edsica<\/strong> d&#8217;una manera <strong>pr\u00e0ctica<\/strong>.<\/p>\n<p>Quant a la utilitat d\u2019aquesta <strong>assignatura<\/strong> per als futurs <strong>fisioterapeutes<\/strong>, <strong>M\u00fcller<\/strong> assenyala que aprendre els fonaments d\u2019aquesta mat\u00e8ria \u00e9s essencial en l\u2019<strong>exercici professional <\/strong>de qualsevol fisioterapeuta. Tamb\u00e9 afegeix que la <strong>f\u00edsica<\/strong> \u00e9s molt important perqu\u00e8 porta impl\u00edcits conceptes com la <strong>calor<\/strong>, el <strong>fred<\/strong>, el <strong>moviment<\/strong>, les <strong>forces<\/strong>&#8230; I tots ells s\u00f3n la <strong>base<\/strong> de moltes de les <strong>aplicacions<\/strong> en <strong>fisioter\u00e0pia<\/strong>. Per tant, segons <strong>M\u00fcller<\/strong> com millor es coneguin els usos de la <strong>f\u00edsica<\/strong>, millor es podran <strong>aplicar<\/strong> i d\u2019aquesta manera, ens ajudaran a exercir millor la professi\u00f3.<\/p>\n<p>En definitiva, durant aquest <strong>Grau<\/strong> s\u2019imparteix una <strong>formaci\u00f3 hol\u00edstica<\/strong> i <strong>transversal<\/strong> que inclou <strong>assignatures espec\u00edfiques<\/strong> de l\u2019\u00e0mbit de la <strong>fisioter\u00e0pia<\/strong> i d\u2019altres <strong>camps<\/strong> per tal d\u2019oferir-te una <strong>formaci\u00f3 completa<\/strong> i de <strong>qualitat<\/strong>. Finalment, entre els <strong>avantatges<\/strong> d\u2019estudiar aquesta titulaci\u00f3 universit\u00e0ria, <strong>M\u00fcller<\/strong> destaca el fet d\u2019estudiar <strong>\u00edntegrament<\/strong> en <strong>angl\u00e8s<\/strong>, un idioma molt internacional, el coneixement del qual \u00e9s imprescindible; la <strong>internacionalitat<\/strong> dels <strong>alumnes<\/strong>, que facilita el <strong>networking<\/strong> en temes tecnol\u00f2gics i finalment, l\u2019aplicaci\u00f3 dels darrers <strong>avan\u00e7os<\/strong> <strong>tecnol\u00f2gics<\/strong> en l\u2019\u00e0mbit de la <strong>fisioter\u00e0pia<\/strong>.<\/p>\n<p>Tria innovaci\u00f3 i qualitat, estudiant el <a href=\"https:\/\/goo.gl\/lEFck7\"><strong>Grau en Fisioter\u00e0pia Internacional<\/strong><\/a> al millor <strong>Campus de la Salut de la UB.<\/strong><\/p>\n","protected":false},"excerpt":{"rendered":"<p>El professor Bertram M\u00fcller forma part de l\u2019equip docent del Grau en Fisioter\u00e0pia Internacional de l\u2019Escola de Noves Tecnologies Interactives (ENTI-UB) i de l\u2019Escola Universit\u00e0ria de la Salut i l\u2019Esport (EUSES-UdG). Quant al seu perfil acad\u00e8mic, cal assenyalar que \u00e9s biomec\u00e0nic de formaci\u00f3, una branca de la ci\u00e8ncia multidisciplin\u00e0ria que incorpora coneixements de mec\u00e0nica, enginyeria [&hellip;]<\/p>\n","protected":false},"author":1,"featured_media":2449,"comment_status":"closed","ping_status":"closed","sticky":false,"template":"","format":"standard","meta":{"_acf_changed":false,"inline_featured_image":false,"_joinchat":[],"footnotes":""},"categories":[46],"tags":[45],"class_list":["post-2448","post","type-post","status-publish","format-standard","has-post-thumbnail","hentry","category-sense-categoria","tag-catala"],"acf":[],"yoast_head":"<!-- This site is optimized with the Yoast SEO plugin v27.4 - https:\/\/yoast.com\/product\/yoast-seo-wordpress\/ -->\n<title>\u2018Aprendre els fonaments de la f\u00edsica millora l\u2019exercici professional del fisioterapeuta\u2019. El professor Bertram M\u00fcller explica la seva experi\u00e8ncia com a docent al Grau en Fisioter\u00e0pia Internacional | EUSES- Campus de Bellvitge (Barcelona)<\/title>\n<meta name=\"robots\" content=\"index, follow, max-snippet:-1, max-image-preview:large, max-video-preview:-1\" \/>\n<link rel=\"canonical\" href=\"https:\/\/barcelona.euses.cat\/ca\/aprendre-els-fonaments-de-la-fisica-millora-lexercici-professional-del-fisioterapeuta-el-professor-bertram-muller-explica-la-seva-experiencia-com-a-docent-al-grau-en-fisiot\/\" \/>\n<meta property=\"og:locale\" content=\"ca_ES\" \/>\n<meta property=\"og:type\" content=\"article\" \/>\n<meta property=\"og:title\" content=\"\u2018Aprendre els fonaments de la f\u00edsica millora l\u2019exercici professional del fisioterapeuta\u2019. El professor Bertram M\u00fcller explica la seva experi\u00e8ncia com a docent al Grau en Fisioter\u00e0pia Internacional | EUSES- Campus de Bellvitge (Barcelona)\" \/>\n<meta property=\"og:description\" content=\"El professor Bertram M\u00fcller forma part de l\u2019equip docent del Grau en Fisioter\u00e0pia Internacional de l\u2019Escola de Noves Tecnologies Interactives (ENTI-UB) i de l\u2019Escola Universit\u00e0ria de la Salut i l\u2019Esport (EUSES-UdG). Quant al seu perfil acad\u00e8mic, cal assenyalar que \u00e9s biomec\u00e0nic de formaci\u00f3, una branca de la ci\u00e8ncia multidisciplin\u00e0ria que incorpora coneixements de mec\u00e0nica, enginyeria [&hellip;]\" \/>\n<meta property=\"og:url\" content=\"https:\/\/barcelona.euses.cat\/ca\/aprendre-els-fonaments-de-la-fisica-millora-lexercici-professional-del-fisioterapeuta-el-professor-bertram-muller-explica-la-seva-experiencia-com-a-docent-al-grau-en-fisiot\/\" \/>\n<meta property=\"og:site_name\" content=\"EUSES- Campus de Bellvitge (Barcelona)\" \/>\n<meta property=\"article:publisher\" content=\"https:\/\/www.facebook.com\/PhysioBCN\/\" \/>\n<meta property=\"article:published_time\" content=\"2016-10-09T22:00:00+00:00\" \/>\n<meta property=\"article:modified_time\" content=\"2019-06-03T11:01:31+00:00\" \/>\n<meta property=\"og:image\" content=\"https:\/\/barcelona.euses.cat\/wp-content\/uploads\/2018\/02\/Bertram-M\u00fcller-docent-al-Grau-en-Fisioter\u00e0pia-Internacional-e1476096375965.png\" \/>\n\t<meta property=\"og:image:width\" content=\"1000\" \/>\n\t<meta property=\"og:image:height\" content=\"563\" \/>\n\t<meta property=\"og:image:type\" content=\"image\/png\" \/>\n<meta name=\"author\" content=\"neorg\" \/>\n<meta name=\"twitter:card\" content=\"summary_large_image\" \/>\n<meta name=\"twitter:label1\" content=\"Escrit per\" \/>\n\t<meta name=\"twitter:data1\" content=\"neorg\" \/>\n\t<meta name=\"twitter:label2\" content=\"Temps estimat de lectura\" \/>\n\t<meta name=\"twitter:data2\" content=\"2 minuts\" \/>\n<script type=\"application\/ld+json\" class=\"yoast-schema-graph\">{\"@context\":\"https:\\\/\\\/schema.org\",\"@graph\":[{\"@type\":\"Article\",\"@id\":\"https:\\\/\\\/barcelona.euses.cat\\\/ca\\\/aprendre-els-fonaments-de-la-fisica-millora-lexercici-professional-del-fisioterapeuta-el-professor-bertram-muller-explica-la-seva-experiencia-com-a-docent-al-grau-en-fisiot\\\/#article\",\"isPartOf\":{\"@id\":\"https:\\\/\\\/barcelona.euses.cat\\\/ca\\\/aprendre-els-fonaments-de-la-fisica-millora-lexercici-professional-del-fisioterapeuta-el-professor-bertram-muller-explica-la-seva-experiencia-com-a-docent-al-grau-en-fisiot\\\/\"},\"author\":{\"name\":\"neorg\",\"@id\":\"https:\\\/\\\/barcelona.euses.cat\\\/ca\\\/#\\\/schema\\\/person\\\/c3074ca9d956eacf02e41e2ff78e53ab\"},\"headline\":\"\u2018Aprendre els fonaments de la f\u00edsica millora l\u2019exercici professional del fisioterapeuta\u2019. El professor Bertram M\u00fcller explica la seva experi\u00e8ncia com a docent al Grau en Fisioter\u00e0pia Internacional\",\"datePublished\":\"2016-10-09T22:00:00+00:00\",\"dateModified\":\"2019-06-03T11:01:31+00:00\",\"mainEntityOfPage\":{\"@id\":\"https:\\\/\\\/barcelona.euses.cat\\\/ca\\\/aprendre-els-fonaments-de-la-fisica-millora-lexercici-professional-del-fisioterapeuta-el-professor-bertram-muller-explica-la-seva-experiencia-com-a-docent-al-grau-en-fisiot\\\/\"},\"wordCount\":455,\"image\":{\"@id\":\"https:\\\/\\\/barcelona.euses.cat\\\/ca\\\/aprendre-els-fonaments-de-la-fisica-millora-lexercici-professional-del-fisioterapeuta-el-professor-bertram-muller-explica-la-seva-experiencia-com-a-docent-al-grau-en-fisiot\\\/#primaryimage\"},\"thumbnailUrl\":\"https:\\\/\\\/barcelona.euses.cat\\\/wp-content\\\/uploads\\\/2018\\\/02\\\/Bertram-M\u00fcller-docent-al-Grau-en-Fisioter\u00e0pia-Internacional-e1476096375965.png\",\"keywords\":[\"Catal\u00e0\"],\"articleSection\":[\"sense categoria\"],\"inLanguage\":\"ca\"},{\"@type\":\"WebPage\",\"@id\":\"https:\\\/\\\/barcelona.euses.cat\\\/ca\\\/aprendre-els-fonaments-de-la-fisica-millora-lexercici-professional-del-fisioterapeuta-el-professor-bertram-muller-explica-la-seva-experiencia-com-a-docent-al-grau-en-fisiot\\\/\",\"url\":\"https:\\\/\\\/barcelona.euses.cat\\\/ca\\\/aprendre-els-fonaments-de-la-fisica-millora-lexercici-professional-del-fisioterapeuta-el-professor-bertram-muller-explica-la-seva-experiencia-com-a-docent-al-grau-en-fisiot\\\/\",\"name\":\"\u2018Aprendre els fonaments de la f\u00edsica millora l\u2019exercici professional del fisioterapeuta\u2019. El professor Bertram M\u00fcller explica la seva experi\u00e8ncia com a docent al Grau en Fisioter\u00e0pia Internacional | EUSES- Campus de Bellvitge (Barcelona)\",\"isPartOf\":{\"@id\":\"https:\\\/\\\/barcelona.euses.cat\\\/ca\\\/#website\"},\"primaryImageOfPage\":{\"@id\":\"https:\\\/\\\/barcelona.euses.cat\\\/ca\\\/aprendre-els-fonaments-de-la-fisica-millora-lexercici-professional-del-fisioterapeuta-el-professor-bertram-muller-explica-la-seva-experiencia-com-a-docent-al-grau-en-fisiot\\\/#primaryimage\"},\"image\":{\"@id\":\"https:\\\/\\\/barcelona.euses.cat\\\/ca\\\/aprendre-els-fonaments-de-la-fisica-millora-lexercici-professional-del-fisioterapeuta-el-professor-bertram-muller-explica-la-seva-experiencia-com-a-docent-al-grau-en-fisiot\\\/#primaryimage\"},\"thumbnailUrl\":\"https:\\\/\\\/barcelona.euses.cat\\\/wp-content\\\/uploads\\\/2018\\\/02\\\/Bertram-M\u00fcller-docent-al-Grau-en-Fisioter\u00e0pia-Internacional-e1476096375965.png\",\"datePublished\":\"2016-10-09T22:00:00+00:00\",\"dateModified\":\"2019-06-03T11:01:31+00:00\",\"author\":{\"@id\":\"https:\\\/\\\/barcelona.euses.cat\\\/ca\\\/#\\\/schema\\\/person\\\/c3074ca9d956eacf02e41e2ff78e53ab\"},\"breadcrumb\":{\"@id\":\"https:\\\/\\\/barcelona.euses.cat\\\/ca\\\/aprendre-els-fonaments-de-la-fisica-millora-lexercici-professional-del-fisioterapeuta-el-professor-bertram-muller-explica-la-seva-experiencia-com-a-docent-al-grau-en-fisiot\\\/#breadcrumb\"},\"inLanguage\":\"ca\",\"potentialAction\":[{\"@type\":\"ReadAction\",\"target\":[\"https:\\\/\\\/barcelona.euses.cat\\\/ca\\\/aprendre-els-fonaments-de-la-fisica-millora-lexercici-professional-del-fisioterapeuta-el-professor-bertram-muller-explica-la-seva-experiencia-com-a-docent-al-grau-en-fisiot\\\/\"]}]},{\"@type\":\"ImageObject\",\"inLanguage\":\"ca\",\"@id\":\"https:\\\/\\\/barcelona.euses.cat\\\/ca\\\/aprendre-els-fonaments-de-la-fisica-millora-lexercici-professional-del-fisioterapeuta-el-professor-bertram-muller-explica-la-seva-experiencia-com-a-docent-al-grau-en-fisiot\\\/#primaryimage\",\"url\":\"https:\\\/\\\/barcelona.euses.cat\\\/wp-content\\\/uploads\\\/2018\\\/02\\\/Bertram-M\u00fcller-docent-al-Grau-en-Fisioter\u00e0pia-Internacional-e1476096375965.png\",\"contentUrl\":\"https:\\\/\\\/barcelona.euses.cat\\\/wp-content\\\/uploads\\\/2018\\\/02\\\/Bertram-M\u00fcller-docent-al-Grau-en-Fisioter\u00e0pia-Internacional-e1476096375965.png\",\"width\":1000,\"height\":563},{\"@type\":\"BreadcrumbList\",\"@id\":\"https:\\\/\\\/barcelona.euses.cat\\\/ca\\\/aprendre-els-fonaments-de-la-fisica-millora-lexercici-professional-del-fisioterapeuta-el-professor-bertram-muller-explica-la-seva-experiencia-com-a-docent-al-grau-en-fisiot\\\/#breadcrumb\",\"itemListElement\":[{\"@type\":\"ListItem\",\"position\":1,\"name\":\"Portada\",\"item\":\"https:\\\/\\\/barcelona.euses.cat\\\/ca\\\/\"},{\"@type\":\"ListItem\",\"position\":2,\"name\":\"\u2018Aprendre els fonaments de la f\u00edsica millora l\u2019exercici professional del fisioterapeuta\u2019. El professor Bertram M\u00fcller explica la seva experi\u00e8ncia com a docent al Grau en Fisioter\u00e0pia Internacional\"}]},{\"@type\":\"WebSite\",\"@id\":\"https:\\\/\\\/barcelona.euses.cat\\\/ca\\\/#website\",\"url\":\"https:\\\/\\\/barcelona.euses.cat\\\/ca\\\/\",\"name\":\"EUSES - Campus de Bellvitge (Barcelona)\",\"description\":\"EUSES, Escola Universit\u00e0ria de Fisioter\u00e0pia Internacional a Barcelona\",\"potentialAction\":[{\"@type\":\"SearchAction\",\"target\":{\"@type\":\"EntryPoint\",\"urlTemplate\":\"https:\\\/\\\/barcelona.euses.cat\\\/ca\\\/?s={search_term_string}\"},\"query-input\":{\"@type\":\"PropertyValueSpecification\",\"valueRequired\":true,\"valueName\":\"search_term_string\"}}],\"inLanguage\":\"ca\"},{\"@type\":\"Person\",\"@id\":\"https:\\\/\\\/barcelona.euses.cat\\\/ca\\\/#\\\/schema\\\/person\\\/c3074ca9d956eacf02e41e2ff78e53ab\",\"name\":\"neorg\",\"image\":{\"@type\":\"ImageObject\",\"inLanguage\":\"ca\",\"@id\":\"https:\\\/\\\/secure.gravatar.com\\\/avatar\\\/709d3d8015183afa7401c02e2291a538cbfd4ffe62f4d86ce5f4871f22e86b09?s=96&d=mm&r=g\",\"url\":\"https:\\\/\\\/secure.gravatar.com\\\/avatar\\\/709d3d8015183afa7401c02e2291a538cbfd4ffe62f4d86ce5f4871f22e86b09?s=96&d=mm&r=g\",\"contentUrl\":\"https:\\\/\\\/secure.gravatar.com\\\/avatar\\\/709d3d8015183afa7401c02e2291a538cbfd4ffe62f4d86ce5f4871f22e86b09?s=96&d=mm&r=g\",\"caption\":\"neorg\"},\"url\":\"https:\\\/\\\/barcelona.euses.cat\\\/ca\\\/author\\\/neorg\\\/\"}]}<\/script>\n<!-- \/ Yoast SEO plugin. -->","yoast_head_json":{"title":"\u2018Aprendre els fonaments de la f\u00edsica millora l\u2019exercici professional del fisioterapeuta\u2019. El professor Bertram M\u00fcller explica la seva experi\u00e8ncia com a docent al Grau en Fisioter\u00e0pia Internacional | EUSES- Campus de Bellvitge (Barcelona)","robots":{"index":"index","follow":"follow","max-snippet":"max-snippet:-1","max-image-preview":"max-image-preview:large","max-video-preview":"max-video-preview:-1"},"canonical":"https:\/\/barcelona.euses.cat\/ca\/aprendre-els-fonaments-de-la-fisica-millora-lexercici-professional-del-fisioterapeuta-el-professor-bertram-muller-explica-la-seva-experiencia-com-a-docent-al-grau-en-fisiot\/","og_locale":"ca_ES","og_type":"article","og_title":"\u2018Aprendre els fonaments de la f\u00edsica millora l\u2019exercici professional del fisioterapeuta\u2019. El professor Bertram M\u00fcller explica la seva experi\u00e8ncia com a docent al Grau en Fisioter\u00e0pia Internacional | EUSES- Campus de Bellvitge (Barcelona)","og_description":"El professor Bertram M\u00fcller forma part de l\u2019equip docent del Grau en Fisioter\u00e0pia Internacional de l\u2019Escola de Noves Tecnologies Interactives (ENTI-UB) i de l\u2019Escola Universit\u00e0ria de la Salut i l\u2019Esport (EUSES-UdG). Quant al seu perfil acad\u00e8mic, cal assenyalar que \u00e9s biomec\u00e0nic de formaci\u00f3, una branca de la ci\u00e8ncia multidisciplin\u00e0ria que incorpora coneixements de mec\u00e0nica, enginyeria [&hellip;]","og_url":"https:\/\/barcelona.euses.cat\/ca\/aprendre-els-fonaments-de-la-fisica-millora-lexercici-professional-del-fisioterapeuta-el-professor-bertram-muller-explica-la-seva-experiencia-com-a-docent-al-grau-en-fisiot\/","og_site_name":"EUSES- Campus de Bellvitge (Barcelona)","article_publisher":"https:\/\/www.facebook.com\/PhysioBCN\/","article_published_time":"2016-10-09T22:00:00+00:00","article_modified_time":"2019-06-03T11:01:31+00:00","og_image":[{"width":1000,"height":563,"url":"https:\/\/barcelona.euses.cat\/wp-content\/uploads\/2018\/02\/Bertram-M\u00fcller-docent-al-Grau-en-Fisioter\u00e0pia-Internacional-e1476096375965.png","type":"image\/png"}],"author":"neorg","twitter_card":"summary_large_image","twitter_misc":{"Escrit per":"neorg","Temps estimat de lectura":"2 minuts"},"schema":{"@context":"https:\/\/schema.org","@graph":[{"@type":"Article","@id":"https:\/\/barcelona.euses.cat\/ca\/aprendre-els-fonaments-de-la-fisica-millora-lexercici-professional-del-fisioterapeuta-el-professor-bertram-muller-explica-la-seva-experiencia-com-a-docent-al-grau-en-fisiot\/#article","isPartOf":{"@id":"https:\/\/barcelona.euses.cat\/ca\/aprendre-els-fonaments-de-la-fisica-millora-lexercici-professional-del-fisioterapeuta-el-professor-bertram-muller-explica-la-seva-experiencia-com-a-docent-al-grau-en-fisiot\/"},"author":{"name":"neorg","@id":"https:\/\/barcelona.euses.cat\/ca\/#\/schema\/person\/c3074ca9d956eacf02e41e2ff78e53ab"},"headline":"\u2018Aprendre els fonaments de la f\u00edsica millora l\u2019exercici professional del fisioterapeuta\u2019. El professor Bertram M\u00fcller explica la seva experi\u00e8ncia com a docent al Grau en Fisioter\u00e0pia Internacional","datePublished":"2016-10-09T22:00:00+00:00","dateModified":"2019-06-03T11:01:31+00:00","mainEntityOfPage":{"@id":"https:\/\/barcelona.euses.cat\/ca\/aprendre-els-fonaments-de-la-fisica-millora-lexercici-professional-del-fisioterapeuta-el-professor-bertram-muller-explica-la-seva-experiencia-com-a-docent-al-grau-en-fisiot\/"},"wordCount":455,"image":{"@id":"https:\/\/barcelona.euses.cat\/ca\/aprendre-els-fonaments-de-la-fisica-millora-lexercici-professional-del-fisioterapeuta-el-professor-bertram-muller-explica-la-seva-experiencia-com-a-docent-al-grau-en-fisiot\/#primaryimage"},"thumbnailUrl":"https:\/\/barcelona.euses.cat\/wp-content\/uploads\/2018\/02\/Bertram-M\u00fcller-docent-al-Grau-en-Fisioter\u00e0pia-Internacional-e1476096375965.png","keywords":["Catal\u00e0"],"articleSection":["sense categoria"],"inLanguage":"ca"},{"@type":"WebPage","@id":"https:\/\/barcelona.euses.cat\/ca\/aprendre-els-fonaments-de-la-fisica-millora-lexercici-professional-del-fisioterapeuta-el-professor-bertram-muller-explica-la-seva-experiencia-com-a-docent-al-grau-en-fisiot\/","url":"https:\/\/barcelona.euses.cat\/ca\/aprendre-els-fonaments-de-la-fisica-millora-lexercici-professional-del-fisioterapeuta-el-professor-bertram-muller-explica-la-seva-experiencia-com-a-docent-al-grau-en-fisiot\/","name":"\u2018Aprendre els fonaments de la f\u00edsica millora l\u2019exercici professional del fisioterapeuta\u2019. El professor Bertram M\u00fcller explica la seva experi\u00e8ncia com a docent al Grau en Fisioter\u00e0pia Internacional | EUSES- Campus de Bellvitge (Barcelona)","isPartOf":{"@id":"https:\/\/barcelona.euses.cat\/ca\/#website"},"primaryImageOfPage":{"@id":"https:\/\/barcelona.euses.cat\/ca\/aprendre-els-fonaments-de-la-fisica-millora-lexercici-professional-del-fisioterapeuta-el-professor-bertram-muller-explica-la-seva-experiencia-com-a-docent-al-grau-en-fisiot\/#primaryimage"},"image":{"@id":"https:\/\/barcelona.euses.cat\/ca\/aprendre-els-fonaments-de-la-fisica-millora-lexercici-professional-del-fisioterapeuta-el-professor-bertram-muller-explica-la-seva-experiencia-com-a-docent-al-grau-en-fisiot\/#primaryimage"},"thumbnailUrl":"https:\/\/barcelona.euses.cat\/wp-content\/uploads\/2018\/02\/Bertram-M\u00fcller-docent-al-Grau-en-Fisioter\u00e0pia-Internacional-e1476096375965.png","datePublished":"2016-10-09T22:00:00+00:00","dateModified":"2019-06-03T11:01:31+00:00","author":{"@id":"https:\/\/barcelona.euses.cat\/ca\/#\/schema\/person\/c3074ca9d956eacf02e41e2ff78e53ab"},"breadcrumb":{"@id":"https:\/\/barcelona.euses.cat\/ca\/aprendre-els-fonaments-de-la-fisica-millora-lexercici-professional-del-fisioterapeuta-el-professor-bertram-muller-explica-la-seva-experiencia-com-a-docent-al-grau-en-fisiot\/#breadcrumb"},"inLanguage":"ca","potentialAction":[{"@type":"ReadAction","target":["https:\/\/barcelona.euses.cat\/ca\/aprendre-els-fonaments-de-la-fisica-millora-lexercici-professional-del-fisioterapeuta-el-professor-bertram-muller-explica-la-seva-experiencia-com-a-docent-al-grau-en-fisiot\/"]}]},{"@type":"ImageObject","inLanguage":"ca","@id":"https:\/\/barcelona.euses.cat\/ca\/aprendre-els-fonaments-de-la-fisica-millora-lexercici-professional-del-fisioterapeuta-el-professor-bertram-muller-explica-la-seva-experiencia-com-a-docent-al-grau-en-fisiot\/#primaryimage","url":"https:\/\/barcelona.euses.cat\/wp-content\/uploads\/2018\/02\/Bertram-M\u00fcller-docent-al-Grau-en-Fisioter\u00e0pia-Internacional-e1476096375965.png","contentUrl":"https:\/\/barcelona.euses.cat\/wp-content\/uploads\/2018\/02\/Bertram-M\u00fcller-docent-al-Grau-en-Fisioter\u00e0pia-Internacional-e1476096375965.png","width":1000,"height":563},{"@type":"BreadcrumbList","@id":"https:\/\/barcelona.euses.cat\/ca\/aprendre-els-fonaments-de-la-fisica-millora-lexercici-professional-del-fisioterapeuta-el-professor-bertram-muller-explica-la-seva-experiencia-com-a-docent-al-grau-en-fisiot\/#breadcrumb","itemListElement":[{"@type":"ListItem","position":1,"name":"Portada","item":"https:\/\/barcelona.euses.cat\/ca\/"},{"@type":"ListItem","position":2,"name":"\u2018Aprendre els fonaments de la f\u00edsica millora l\u2019exercici professional del fisioterapeuta\u2019. El professor Bertram M\u00fcller explica la seva experi\u00e8ncia com a docent al Grau en Fisioter\u00e0pia Internacional"}]},{"@type":"WebSite","@id":"https:\/\/barcelona.euses.cat\/ca\/#website","url":"https:\/\/barcelona.euses.cat\/ca\/","name":"EUSES - Campus de Bellvitge (Barcelona)","description":"EUSES, Escola Universit\u00e0ria de Fisioter\u00e0pia Internacional a Barcelona","potentialAction":[{"@type":"SearchAction","target":{"@type":"EntryPoint","urlTemplate":"https:\/\/barcelona.euses.cat\/ca\/?s={search_term_string}"},"query-input":{"@type":"PropertyValueSpecification","valueRequired":true,"valueName":"search_term_string"}}],"inLanguage":"ca"},{"@type":"Person","@id":"https:\/\/barcelona.euses.cat\/ca\/#\/schema\/person\/c3074ca9d956eacf02e41e2ff78e53ab","name":"neorg","image":{"@type":"ImageObject","inLanguage":"ca","@id":"https:\/\/secure.gravatar.com\/avatar\/709d3d8015183afa7401c02e2291a538cbfd4ffe62f4d86ce5f4871f22e86b09?s=96&d=mm&r=g","url":"https:\/\/secure.gravatar.com\/avatar\/709d3d8015183afa7401c02e2291a538cbfd4ffe62f4d86ce5f4871f22e86b09?s=96&d=mm&r=g","contentUrl":"https:\/\/secure.gravatar.com\/avatar\/709d3d8015183afa7401c02e2291a538cbfd4ffe62f4d86ce5f4871f22e86b09?s=96&d=mm&r=g","caption":"neorg"},"url":"https:\/\/barcelona.euses.cat\/ca\/author\/neorg\/"}]}},"_links":{"self":[{"href":"https:\/\/barcelona.euses.cat\/ca\/wp-json\/wp\/v2\/posts\/2448","targetHints":{"allow":["GET"]}}],"collection":[{"href":"https:\/\/barcelona.euses.cat\/ca\/wp-json\/wp\/v2\/posts"}],"about":[{"href":"https:\/\/barcelona.euses.cat\/ca\/wp-json\/wp\/v2\/types\/post"}],"author":[{"embeddable":true,"href":"https:\/\/barcelona.euses.cat\/ca\/wp-json\/wp\/v2\/users\/1"}],"replies":[{"embeddable":true,"href":"https:\/\/barcelona.euses.cat\/ca\/wp-json\/wp\/v2\/comments?post=2448"}],"version-history":[{"count":1,"href":"https:\/\/barcelona.euses.cat\/ca\/wp-json\/wp\/v2\/posts\/2448\/revisions"}],"predecessor-version":[{"id":6885,"href":"https:\/\/barcelona.euses.cat\/ca\/wp-json\/wp\/v2\/posts\/2448\/revisions\/6885"}],"wp:featuredmedia":[{"embeddable":true,"href":"https:\/\/barcelona.euses.cat\/ca\/wp-json\/wp\/v2\/media\/2449"}],"wp:attachment":[{"href":"https:\/\/barcelona.euses.cat\/ca\/wp-json\/wp\/v2\/media?parent=2448"}],"wp:term":[{"taxonomy":"category","embeddable":true,"href":"https:\/\/barcelona.euses.cat\/ca\/wp-json\/wp\/v2\/categories?post=2448"},{"taxonomy":"post_tag","embeddable":true,"href":"https:\/\/barcelona.euses.cat\/ca\/wp-json\/wp\/v2\/tags?post=2448"}],"curies":[{"name":"wp","href":"https:\/\/api.w.org\/{rel}","templated":true}]}}