{"id":2443,"date":"2016-10-03T00:00:00","date_gmt":"2016-10-02T22:00:00","guid":{"rendered":"http:\/\/physiotherapybarcelona.net\/a-les-classes-sempre-intento-aplicar-la-teoria-a-la-practica-clinica-coneixem-el-perfil-academic-de-rocio-diaz-professora-del-grau-en-fisioterapia-internacional-al-campus-de-la-ub\/"},"modified":"2019-06-03T13:01:50","modified_gmt":"2019-06-03T11:01:50","slug":"a-les-classes-sempre-intento-aplicar-la-teoria-a-la-practica-clinica-coneixem-el-perfil-academic-de-rocio-diaz-professora-del-grau-en-fisioterapia-internacional-al-campus-de-la-ub","status":"publish","type":"post","link":"https:\/\/barcelona.euses.cat\/ca\/a-les-classes-sempre-intento-aplicar-la-teoria-a-la-practica-clinica-coneixem-el-perfil-academic-de-rocio-diaz-professora-del-grau-en-fisioterapia-internacional-al-campus-de-la-ub\/","title":{"rendered":"\u2018A les classes, sempre intento aplicar la teoria a la pr\u00e0ctica cl\u00ednica\u2019. Coneixem el perfil acad\u00e8mic de Roc\u00edo D\u00edaz, professora del Grau en Fisioter\u00e0pia Internacional al Campus de la UB"},"content":{"rendered":"<p>La<strong> professora <\/strong>i <strong>metgessa, Roc\u00edo D\u00edaz<\/strong> forma part de <strong>l\u2019equip docent<\/strong> del <strong>Grau en Fisioter\u00e0pia Internacional de l\u2019Escola de Noves Tecnologies Interactives (ENTI-UB) <\/strong>i de<strong> l\u2019Escola Universit\u00e0ria de la Salut i l\u2019Esport (EUSES-UdG)<\/strong>. Compta amb un <strong>perfil acad\u00e8mic<\/strong> basat en la branca de <strong>l\u2019Anatomia<\/strong> i les <strong>Afeccions m\u00e8diques<\/strong>; a m\u00e9s, d\u2019estar especialitzada en <strong>dermatologia<\/strong>. Quant a les assignatures que imparteix: <strong>Anatomia, Medicina quir\u00fargica, Ortop\u00e8dia i Traumatologia<\/strong>, assenyala que sempre intenta relacionar la <strong>teoria<\/strong> amb la <strong>pr\u00e0ctica<\/strong> perqu\u00e8 els alumnes coneguin les <strong>aplicacions reals<\/strong> de cadascuna d\u2019elles en <strong>l\u2019\u00e0mbit professional. <\/strong><\/p>\n<p>Al <strong>primer curs<\/strong> del <strong>Grau en Fisioter\u00e0pia Internacional<\/strong>, <strong>Roc\u00edo D\u00edaz<\/strong> imparteix l\u2019assignatura <strong>d\u2019Anatomia<\/strong>, durant la qual, els alumnes aprendran les bases de les <strong>estructures<\/strong> i dels diferents teixits del <strong>cos hum\u00e0<\/strong>, relacionant-los entre ells, coneixent els seus <strong>moviments<\/strong> i parts involucrades. <strong>D\u00edaz<\/strong> considera que aquesta mat\u00e8ria \u00e9s <strong>essencial<\/strong> per a tot <strong>fisioterapeuta<\/strong> en <strong>l\u2019exercici diari<\/strong> de la seva <strong>professi\u00f3<\/strong>. Precisament, per a aquest motiu, malgrat ser una assignatura eminentment <strong>te\u00f2rica<\/strong>, sempre intenta incorporar el <strong>vessant pr\u00e0ctic<\/strong> a les seves classes, adjuntant <strong>exemples<\/strong> i <strong>casos reals<\/strong>. Per tant, sempre es fan <strong>exercicis<\/strong>, amb els quals, s\u2019intenta discutir sobre l\u2019aplicaci\u00f3 de la <strong>teoria<\/strong> en <strong>casos cl\u00ednics<\/strong> concrets. Aquest darrer aspecte pot ser especialment interessant per a fisioterapeutes especialitzats en determinats camps.<\/p>\n<p>Aquest nou <strong>curs acad\u00e8mic 2016-2017<\/strong>, <strong>Roc\u00edo D\u00edaz<\/strong> tamb\u00e9 impartir\u00e0 a <strong>segon curs<\/strong>: <strong>Medicina quir\u00fargica, Ortop\u00e8dia i Traumatologia<\/strong>. A <strong>Medicina quir\u00fargica<\/strong>, s\u2019aborden els fonaments de les <strong>malalties<\/strong> i es proporciona informaci\u00f3 referent a les diferents <strong>especialitzacions<\/strong> de la <strong>medicina<\/strong>, les diferents <strong>patologies<\/strong> i <strong>especialitats<\/strong>. En canvi, a <strong>Ortop\u00e8dia i traumatologia<\/strong> es posa el focus en els diferents tipus de <strong>patologies<\/strong> de condici\u00f3 <strong>traumatol\u00f2gica<\/strong>.<\/p>\n<p>En definitiva, al <strong>Grau en Fisioter\u00e0pia Internacional<\/strong>, a banda de comptar amb un <strong>excel\u00b7lent professorat<\/strong>, aprendr\u00e0s a aplicar les <strong>noves tecnologies<\/strong> al camp de la <strong>fisioter\u00e0pia<\/strong>; estudiar\u00e0s \u00edntegrament en <strong>angl\u00e8s<\/strong>, un idioma, el domini del qual \u00e9s imprescindible en la societat actual; disposar\u00e0s de <strong>m\u00e9s de 1000 convenis<\/strong> de <strong>pr\u00e0ctiques<\/strong> en centres distribu\u00efts per tota <strong>Catalunya<\/strong> i <strong>Fran\u00e7a<\/strong> i tindr\u00e0s acc\u00e9s a m\u00faltiples <strong>programes d\u2019intercanvi internacional<\/strong> en centres de refer\u00e8ncia en l\u2019\u00e0mbit sanitari, entre molts altres avantatges.<\/p>\n<p>En aquesta mateixa l\u00ednia, la professora <strong>Roc\u00edo D\u00edaz<\/strong> destaca com a punts forts, <strong>l\u2019entorn docent<\/strong>: el <strong>Campus de la salut\u00a0 de la UB<\/strong> amb <strong>alumnes internacionals<\/strong> i la <strong>millora<\/strong> de les <strong>compet\u00e8ncies<\/strong> <strong>ling\u00fc\u00edstiques<\/strong> de l\u2019alumnat, garantint <strong>m\u00e9s i millors oportunitats laborals<\/strong>, un cop finalitzats aquests estudis.<\/p>\n<p>Tria <strong>qualitat docent<\/strong>, aprenent els darrers <strong>avan\u00e7os tecnol\u00f2gics<\/strong> aplicats a la <strong>fisioter\u00e0pia<\/strong>; estudia el <a href=\"https:\/\/goo.gl\/ohjmOU\"><strong>Grau en Fisioter\u00e0pia Internacional<\/strong><\/a><strong> al millor Campus de la Salut <\/strong>de la<strong> UB<\/strong>.<\/p>\n<p><iframe title=\"Interview with Roc\u00edo D\u00edaz, physician and lecturer at Physiotherapy Barcelona\" width=\"500\" height=\"281\" src=\"https:\/\/www.youtube.com\/embed\/hQ6oTdF0Pi4?feature=oembed\" frameborder=\"0\" allow=\"accelerometer; autoplay; clipboard-write; encrypted-media; gyroscope; picture-in-picture; web-share\" referrerpolicy=\"strict-origin-when-cross-origin\" allowfullscreen><\/iframe><\/p>\n","protected":false},"excerpt":{"rendered":"<p>La professora i metgessa, Roc\u00edo D\u00edaz forma part de l\u2019equip docent del Grau en Fisioter\u00e0pia Internacional de l\u2019Escola de Noves Tecnologies Interactives (ENTI-UB) i de l\u2019Escola Universit\u00e0ria de la Salut i l\u2019Esport (EUSES-UdG). Compta amb un perfil acad\u00e8mic basat en la branca de l\u2019Anatomia i les Afeccions m\u00e8diques; a m\u00e9s, d\u2019estar especialitzada en dermatologia. Quant [&hellip;]<\/p>\n","protected":false},"author":1,"featured_media":2444,"comment_status":"closed","ping_status":"closed","sticky":false,"template":"","format":"standard","meta":{"_acf_changed":false,"inline_featured_image":false,"_joinchat":[],"footnotes":""},"categories":[46],"tags":[45],"class_list":["post-2443","post","type-post","status-publish","format-standard","has-post-thumbnail","hentry","category-sense-categoria","tag-catala"],"acf":[],"yoast_head":"<!-- This site is optimized with the Yoast SEO plugin v27.4 - https:\/\/yoast.com\/product\/yoast-seo-wordpress\/ -->\n<title>\u2018A les classes, sempre intento aplicar la teoria a la pr\u00e0ctica cl\u00ednica\u2019. Coneixem el perfil acad\u00e8mic de Roc\u00edo D\u00edaz, professora del Grau en Fisioter\u00e0pia Internacional al Campus de la UB | EUSES- Campus de Bellvitge (Barcelona)<\/title>\n<meta name=\"robots\" content=\"index, follow, max-snippet:-1, max-image-preview:large, max-video-preview:-1\" \/>\n<link rel=\"canonical\" href=\"https:\/\/barcelona.euses.cat\/ca\/a-les-classes-sempre-intento-aplicar-la-teoria-a-la-practica-clinica-coneixem-el-perfil-academic-de-rocio-diaz-professora-del-grau-en-fisioterapia-internacional-al-campus-de-la-ub\/\" \/>\n<meta property=\"og:locale\" content=\"ca_ES\" \/>\n<meta property=\"og:type\" content=\"article\" \/>\n<meta property=\"og:title\" content=\"\u2018A les classes, sempre intento aplicar la teoria a la pr\u00e0ctica cl\u00ednica\u2019. Coneixem el perfil acad\u00e8mic de Roc\u00edo D\u00edaz, professora del Grau en Fisioter\u00e0pia Internacional al Campus de la UB | EUSES- Campus de Bellvitge (Barcelona)\" \/>\n<meta property=\"og:description\" content=\"La professora i metgessa, Roc\u00edo D\u00edaz forma part de l\u2019equip docent del Grau en Fisioter\u00e0pia Internacional de l\u2019Escola de Noves Tecnologies Interactives (ENTI-UB) i de l\u2019Escola Universit\u00e0ria de la Salut i l\u2019Esport (EUSES-UdG). Compta amb un perfil acad\u00e8mic basat en la branca de l\u2019Anatomia i les Afeccions m\u00e8diques; a m\u00e9s, d\u2019estar especialitzada en dermatologia. Quant [&hellip;]\" \/>\n<meta property=\"og:url\" content=\"https:\/\/barcelona.euses.cat\/ca\/a-les-classes-sempre-intento-aplicar-la-teoria-a-la-practica-clinica-coneixem-el-perfil-academic-de-rocio-diaz-professora-del-grau-en-fisioterapia-internacional-al-campus-de-la-ub\/\" \/>\n<meta property=\"og:site_name\" content=\"EUSES- Campus de Bellvitge (Barcelona)\" \/>\n<meta property=\"article:publisher\" content=\"https:\/\/www.facebook.com\/PhysioBCN\/\" \/>\n<meta property=\"article:published_time\" content=\"2016-10-02T22:00:00+00:00\" \/>\n<meta property=\"article:modified_time\" content=\"2019-06-03T11:01:50+00:00\" \/>\n<meta property=\"og:image\" content=\"https:\/\/barcelona.euses.cat\/wp-content\/uploads\/2018\/02\/rocio-08.png\" \/>\n\t<meta property=\"og:image:width\" content=\"4000\" \/>\n\t<meta property=\"og:image:height\" content=\"2250\" \/>\n\t<meta property=\"og:image:type\" content=\"image\/png\" \/>\n<meta name=\"author\" content=\"neorg\" \/>\n<meta name=\"twitter:card\" content=\"summary_large_image\" \/>\n<meta name=\"twitter:label1\" content=\"Escrit per\" \/>\n\t<meta name=\"twitter:data1\" content=\"neorg\" \/>\n\t<meta name=\"twitter:label2\" content=\"Temps estimat de lectura\" \/>\n\t<meta name=\"twitter:data2\" content=\"2 minuts\" \/>\n<script type=\"application\/ld+json\" class=\"yoast-schema-graph\">{\"@context\":\"https:\\\/\\\/schema.org\",\"@graph\":[{\"@type\":\"Article\",\"@id\":\"https:\\\/\\\/barcelona.euses.cat\\\/ca\\\/a-les-classes-sempre-intento-aplicar-la-teoria-a-la-practica-clinica-coneixem-el-perfil-academic-de-rocio-diaz-professora-del-grau-en-fisioterapia-internacional-al-campus-de-la-ub\\\/#article\",\"isPartOf\":{\"@id\":\"https:\\\/\\\/barcelona.euses.cat\\\/ca\\\/a-les-classes-sempre-intento-aplicar-la-teoria-a-la-practica-clinica-coneixem-el-perfil-academic-de-rocio-diaz-professora-del-grau-en-fisioterapia-internacional-al-campus-de-la-ub\\\/\"},\"author\":{\"name\":\"neorg\",\"@id\":\"https:\\\/\\\/barcelona.euses.cat\\\/ca\\\/#\\\/schema\\\/person\\\/c3074ca9d956eacf02e41e2ff78e53ab\"},\"headline\":\"\u2018A les classes, sempre intento aplicar la teoria a la pr\u00e0ctica cl\u00ednica\u2019. Coneixem el perfil acad\u00e8mic de Roc\u00edo D\u00edaz, professora del Grau en Fisioter\u00e0pia Internacional al Campus de la UB\",\"datePublished\":\"2016-10-02T22:00:00+00:00\",\"dateModified\":\"2019-06-03T11:01:50+00:00\",\"mainEntityOfPage\":{\"@id\":\"https:\\\/\\\/barcelona.euses.cat\\\/ca\\\/a-les-classes-sempre-intento-aplicar-la-teoria-a-la-practica-clinica-coneixem-el-perfil-academic-de-rocio-diaz-professora-del-grau-en-fisioterapia-internacional-al-campus-de-la-ub\\\/\"},\"wordCount\":535,\"image\":{\"@id\":\"https:\\\/\\\/barcelona.euses.cat\\\/ca\\\/a-les-classes-sempre-intento-aplicar-la-teoria-a-la-practica-clinica-coneixem-el-perfil-academic-de-rocio-diaz-professora-del-grau-en-fisioterapia-internacional-al-campus-de-la-ub\\\/#primaryimage\"},\"thumbnailUrl\":\"https:\\\/\\\/barcelona.euses.cat\\\/wp-content\\\/uploads\\\/2018\\\/02\\\/rocio-08.png\",\"keywords\":[\"Catal\u00e0\"],\"articleSection\":[\"sense categoria\"],\"inLanguage\":\"ca\"},{\"@type\":\"WebPage\",\"@id\":\"https:\\\/\\\/barcelona.euses.cat\\\/ca\\\/a-les-classes-sempre-intento-aplicar-la-teoria-a-la-practica-clinica-coneixem-el-perfil-academic-de-rocio-diaz-professora-del-grau-en-fisioterapia-internacional-al-campus-de-la-ub\\\/\",\"url\":\"https:\\\/\\\/barcelona.euses.cat\\\/ca\\\/a-les-classes-sempre-intento-aplicar-la-teoria-a-la-practica-clinica-coneixem-el-perfil-academic-de-rocio-diaz-professora-del-grau-en-fisioterapia-internacional-al-campus-de-la-ub\\\/\",\"name\":\"\u2018A les classes, sempre intento aplicar la teoria a la pr\u00e0ctica cl\u00ednica\u2019. Coneixem el perfil acad\u00e8mic de Roc\u00edo D\u00edaz, professora del Grau en Fisioter\u00e0pia Internacional al Campus de la UB | EUSES- Campus de Bellvitge (Barcelona)\",\"isPartOf\":{\"@id\":\"https:\\\/\\\/barcelona.euses.cat\\\/ca\\\/#website\"},\"primaryImageOfPage\":{\"@id\":\"https:\\\/\\\/barcelona.euses.cat\\\/ca\\\/a-les-classes-sempre-intento-aplicar-la-teoria-a-la-practica-clinica-coneixem-el-perfil-academic-de-rocio-diaz-professora-del-grau-en-fisioterapia-internacional-al-campus-de-la-ub\\\/#primaryimage\"},\"image\":{\"@id\":\"https:\\\/\\\/barcelona.euses.cat\\\/ca\\\/a-les-classes-sempre-intento-aplicar-la-teoria-a-la-practica-clinica-coneixem-el-perfil-academic-de-rocio-diaz-professora-del-grau-en-fisioterapia-internacional-al-campus-de-la-ub\\\/#primaryimage\"},\"thumbnailUrl\":\"https:\\\/\\\/barcelona.euses.cat\\\/wp-content\\\/uploads\\\/2018\\\/02\\\/rocio-08.png\",\"datePublished\":\"2016-10-02T22:00:00+00:00\",\"dateModified\":\"2019-06-03T11:01:50+00:00\",\"author\":{\"@id\":\"https:\\\/\\\/barcelona.euses.cat\\\/ca\\\/#\\\/schema\\\/person\\\/c3074ca9d956eacf02e41e2ff78e53ab\"},\"breadcrumb\":{\"@id\":\"https:\\\/\\\/barcelona.euses.cat\\\/ca\\\/a-les-classes-sempre-intento-aplicar-la-teoria-a-la-practica-clinica-coneixem-el-perfil-academic-de-rocio-diaz-professora-del-grau-en-fisioterapia-internacional-al-campus-de-la-ub\\\/#breadcrumb\"},\"inLanguage\":\"ca\",\"potentialAction\":[{\"@type\":\"ReadAction\",\"target\":[\"https:\\\/\\\/barcelona.euses.cat\\\/ca\\\/a-les-classes-sempre-intento-aplicar-la-teoria-a-la-practica-clinica-coneixem-el-perfil-academic-de-rocio-diaz-professora-del-grau-en-fisioterapia-internacional-al-campus-de-la-ub\\\/\"]}]},{\"@type\":\"ImageObject\",\"inLanguage\":\"ca\",\"@id\":\"https:\\\/\\\/barcelona.euses.cat\\\/ca\\\/a-les-classes-sempre-intento-aplicar-la-teoria-a-la-practica-clinica-coneixem-el-perfil-academic-de-rocio-diaz-professora-del-grau-en-fisioterapia-internacional-al-campus-de-la-ub\\\/#primaryimage\",\"url\":\"https:\\\/\\\/barcelona.euses.cat\\\/wp-content\\\/uploads\\\/2018\\\/02\\\/rocio-08.png\",\"contentUrl\":\"https:\\\/\\\/barcelona.euses.cat\\\/wp-content\\\/uploads\\\/2018\\\/02\\\/rocio-08.png\",\"width\":4000,\"height\":2250},{\"@type\":\"BreadcrumbList\",\"@id\":\"https:\\\/\\\/barcelona.euses.cat\\\/ca\\\/a-les-classes-sempre-intento-aplicar-la-teoria-a-la-practica-clinica-coneixem-el-perfil-academic-de-rocio-diaz-professora-del-grau-en-fisioterapia-internacional-al-campus-de-la-ub\\\/#breadcrumb\",\"itemListElement\":[{\"@type\":\"ListItem\",\"position\":1,\"name\":\"Portada\",\"item\":\"https:\\\/\\\/barcelona.euses.cat\\\/ca\\\/\"},{\"@type\":\"ListItem\",\"position\":2,\"name\":\"\u2018A les classes, sempre intento aplicar la teoria a la pr\u00e0ctica cl\u00ednica\u2019. Coneixem el perfil acad\u00e8mic de Roc\u00edo D\u00edaz, professora del Grau en Fisioter\u00e0pia Internacional al Campus de la UB\"}]},{\"@type\":\"WebSite\",\"@id\":\"https:\\\/\\\/barcelona.euses.cat\\\/ca\\\/#website\",\"url\":\"https:\\\/\\\/barcelona.euses.cat\\\/ca\\\/\",\"name\":\"EUSES - Campus de Bellvitge (Barcelona)\",\"description\":\"EUSES, Escola Universit\u00e0ria de Fisioter\u00e0pia Internacional a Barcelona\",\"potentialAction\":[{\"@type\":\"SearchAction\",\"target\":{\"@type\":\"EntryPoint\",\"urlTemplate\":\"https:\\\/\\\/barcelona.euses.cat\\\/ca\\\/?s={search_term_string}\"},\"query-input\":{\"@type\":\"PropertyValueSpecification\",\"valueRequired\":true,\"valueName\":\"search_term_string\"}}],\"inLanguage\":\"ca\"},{\"@type\":\"Person\",\"@id\":\"https:\\\/\\\/barcelona.euses.cat\\\/ca\\\/#\\\/schema\\\/person\\\/c3074ca9d956eacf02e41e2ff78e53ab\",\"name\":\"neorg\",\"image\":{\"@type\":\"ImageObject\",\"inLanguage\":\"ca\",\"@id\":\"https:\\\/\\\/secure.gravatar.com\\\/avatar\\\/709d3d8015183afa7401c02e2291a538cbfd4ffe62f4d86ce5f4871f22e86b09?s=96&d=mm&r=g\",\"url\":\"https:\\\/\\\/secure.gravatar.com\\\/avatar\\\/709d3d8015183afa7401c02e2291a538cbfd4ffe62f4d86ce5f4871f22e86b09?s=96&d=mm&r=g\",\"contentUrl\":\"https:\\\/\\\/secure.gravatar.com\\\/avatar\\\/709d3d8015183afa7401c02e2291a538cbfd4ffe62f4d86ce5f4871f22e86b09?s=96&d=mm&r=g\",\"caption\":\"neorg\"},\"url\":\"https:\\\/\\\/barcelona.euses.cat\\\/ca\\\/author\\\/neorg\\\/\"}]}<\/script>\n<!-- \/ Yoast SEO plugin. -->","yoast_head_json":{"title":"\u2018A les classes, sempre intento aplicar la teoria a la pr\u00e0ctica cl\u00ednica\u2019. Coneixem el perfil acad\u00e8mic de Roc\u00edo D\u00edaz, professora del Grau en Fisioter\u00e0pia Internacional al Campus de la UB | EUSES- Campus de Bellvitge (Barcelona)","robots":{"index":"index","follow":"follow","max-snippet":"max-snippet:-1","max-image-preview":"max-image-preview:large","max-video-preview":"max-video-preview:-1"},"canonical":"https:\/\/barcelona.euses.cat\/ca\/a-les-classes-sempre-intento-aplicar-la-teoria-a-la-practica-clinica-coneixem-el-perfil-academic-de-rocio-diaz-professora-del-grau-en-fisioterapia-internacional-al-campus-de-la-ub\/","og_locale":"ca_ES","og_type":"article","og_title":"\u2018A les classes, sempre intento aplicar la teoria a la pr\u00e0ctica cl\u00ednica\u2019. Coneixem el perfil acad\u00e8mic de Roc\u00edo D\u00edaz, professora del Grau en Fisioter\u00e0pia Internacional al Campus de la UB | EUSES- Campus de Bellvitge (Barcelona)","og_description":"La professora i metgessa, Roc\u00edo D\u00edaz forma part de l\u2019equip docent del Grau en Fisioter\u00e0pia Internacional de l\u2019Escola de Noves Tecnologies Interactives (ENTI-UB) i de l\u2019Escola Universit\u00e0ria de la Salut i l\u2019Esport (EUSES-UdG). Compta amb un perfil acad\u00e8mic basat en la branca de l\u2019Anatomia i les Afeccions m\u00e8diques; a m\u00e9s, d\u2019estar especialitzada en dermatologia. Quant [&hellip;]","og_url":"https:\/\/barcelona.euses.cat\/ca\/a-les-classes-sempre-intento-aplicar-la-teoria-a-la-practica-clinica-coneixem-el-perfil-academic-de-rocio-diaz-professora-del-grau-en-fisioterapia-internacional-al-campus-de-la-ub\/","og_site_name":"EUSES- Campus de Bellvitge (Barcelona)","article_publisher":"https:\/\/www.facebook.com\/PhysioBCN\/","article_published_time":"2016-10-02T22:00:00+00:00","article_modified_time":"2019-06-03T11:01:50+00:00","og_image":[{"width":4000,"height":2250,"url":"https:\/\/barcelona.euses.cat\/wp-content\/uploads\/2018\/02\/rocio-08.png","type":"image\/png"}],"author":"neorg","twitter_card":"summary_large_image","twitter_misc":{"Escrit per":"neorg","Temps estimat de lectura":"2 minuts"},"schema":{"@context":"https:\/\/schema.org","@graph":[{"@type":"Article","@id":"https:\/\/barcelona.euses.cat\/ca\/a-les-classes-sempre-intento-aplicar-la-teoria-a-la-practica-clinica-coneixem-el-perfil-academic-de-rocio-diaz-professora-del-grau-en-fisioterapia-internacional-al-campus-de-la-ub\/#article","isPartOf":{"@id":"https:\/\/barcelona.euses.cat\/ca\/a-les-classes-sempre-intento-aplicar-la-teoria-a-la-practica-clinica-coneixem-el-perfil-academic-de-rocio-diaz-professora-del-grau-en-fisioterapia-internacional-al-campus-de-la-ub\/"},"author":{"name":"neorg","@id":"https:\/\/barcelona.euses.cat\/ca\/#\/schema\/person\/c3074ca9d956eacf02e41e2ff78e53ab"},"headline":"\u2018A les classes, sempre intento aplicar la teoria a la pr\u00e0ctica cl\u00ednica\u2019. Coneixem el perfil acad\u00e8mic de Roc\u00edo D\u00edaz, professora del Grau en Fisioter\u00e0pia Internacional al Campus de la UB","datePublished":"2016-10-02T22:00:00+00:00","dateModified":"2019-06-03T11:01:50+00:00","mainEntityOfPage":{"@id":"https:\/\/barcelona.euses.cat\/ca\/a-les-classes-sempre-intento-aplicar-la-teoria-a-la-practica-clinica-coneixem-el-perfil-academic-de-rocio-diaz-professora-del-grau-en-fisioterapia-internacional-al-campus-de-la-ub\/"},"wordCount":535,"image":{"@id":"https:\/\/barcelona.euses.cat\/ca\/a-les-classes-sempre-intento-aplicar-la-teoria-a-la-practica-clinica-coneixem-el-perfil-academic-de-rocio-diaz-professora-del-grau-en-fisioterapia-internacional-al-campus-de-la-ub\/#primaryimage"},"thumbnailUrl":"https:\/\/barcelona.euses.cat\/wp-content\/uploads\/2018\/02\/rocio-08.png","keywords":["Catal\u00e0"],"articleSection":["sense categoria"],"inLanguage":"ca"},{"@type":"WebPage","@id":"https:\/\/barcelona.euses.cat\/ca\/a-les-classes-sempre-intento-aplicar-la-teoria-a-la-practica-clinica-coneixem-el-perfil-academic-de-rocio-diaz-professora-del-grau-en-fisioterapia-internacional-al-campus-de-la-ub\/","url":"https:\/\/barcelona.euses.cat\/ca\/a-les-classes-sempre-intento-aplicar-la-teoria-a-la-practica-clinica-coneixem-el-perfil-academic-de-rocio-diaz-professora-del-grau-en-fisioterapia-internacional-al-campus-de-la-ub\/","name":"\u2018A les classes, sempre intento aplicar la teoria a la pr\u00e0ctica cl\u00ednica\u2019. Coneixem el perfil acad\u00e8mic de Roc\u00edo D\u00edaz, professora del Grau en Fisioter\u00e0pia Internacional al Campus de la UB | EUSES- Campus de Bellvitge (Barcelona)","isPartOf":{"@id":"https:\/\/barcelona.euses.cat\/ca\/#website"},"primaryImageOfPage":{"@id":"https:\/\/barcelona.euses.cat\/ca\/a-les-classes-sempre-intento-aplicar-la-teoria-a-la-practica-clinica-coneixem-el-perfil-academic-de-rocio-diaz-professora-del-grau-en-fisioterapia-internacional-al-campus-de-la-ub\/#primaryimage"},"image":{"@id":"https:\/\/barcelona.euses.cat\/ca\/a-les-classes-sempre-intento-aplicar-la-teoria-a-la-practica-clinica-coneixem-el-perfil-academic-de-rocio-diaz-professora-del-grau-en-fisioterapia-internacional-al-campus-de-la-ub\/#primaryimage"},"thumbnailUrl":"https:\/\/barcelona.euses.cat\/wp-content\/uploads\/2018\/02\/rocio-08.png","datePublished":"2016-10-02T22:00:00+00:00","dateModified":"2019-06-03T11:01:50+00:00","author":{"@id":"https:\/\/barcelona.euses.cat\/ca\/#\/schema\/person\/c3074ca9d956eacf02e41e2ff78e53ab"},"breadcrumb":{"@id":"https:\/\/barcelona.euses.cat\/ca\/a-les-classes-sempre-intento-aplicar-la-teoria-a-la-practica-clinica-coneixem-el-perfil-academic-de-rocio-diaz-professora-del-grau-en-fisioterapia-internacional-al-campus-de-la-ub\/#breadcrumb"},"inLanguage":"ca","potentialAction":[{"@type":"ReadAction","target":["https:\/\/barcelona.euses.cat\/ca\/a-les-classes-sempre-intento-aplicar-la-teoria-a-la-practica-clinica-coneixem-el-perfil-academic-de-rocio-diaz-professora-del-grau-en-fisioterapia-internacional-al-campus-de-la-ub\/"]}]},{"@type":"ImageObject","inLanguage":"ca","@id":"https:\/\/barcelona.euses.cat\/ca\/a-les-classes-sempre-intento-aplicar-la-teoria-a-la-practica-clinica-coneixem-el-perfil-academic-de-rocio-diaz-professora-del-grau-en-fisioterapia-internacional-al-campus-de-la-ub\/#primaryimage","url":"https:\/\/barcelona.euses.cat\/wp-content\/uploads\/2018\/02\/rocio-08.png","contentUrl":"https:\/\/barcelona.euses.cat\/wp-content\/uploads\/2018\/02\/rocio-08.png","width":4000,"height":2250},{"@type":"BreadcrumbList","@id":"https:\/\/barcelona.euses.cat\/ca\/a-les-classes-sempre-intento-aplicar-la-teoria-a-la-practica-clinica-coneixem-el-perfil-academic-de-rocio-diaz-professora-del-grau-en-fisioterapia-internacional-al-campus-de-la-ub\/#breadcrumb","itemListElement":[{"@type":"ListItem","position":1,"name":"Portada","item":"https:\/\/barcelona.euses.cat\/ca\/"},{"@type":"ListItem","position":2,"name":"\u2018A les classes, sempre intento aplicar la teoria a la pr\u00e0ctica cl\u00ednica\u2019. Coneixem el perfil acad\u00e8mic de Roc\u00edo D\u00edaz, professora del Grau en Fisioter\u00e0pia Internacional al Campus de la UB"}]},{"@type":"WebSite","@id":"https:\/\/barcelona.euses.cat\/ca\/#website","url":"https:\/\/barcelona.euses.cat\/ca\/","name":"EUSES - Campus de Bellvitge (Barcelona)","description":"EUSES, Escola Universit\u00e0ria de Fisioter\u00e0pia Internacional a Barcelona","potentialAction":[{"@type":"SearchAction","target":{"@type":"EntryPoint","urlTemplate":"https:\/\/barcelona.euses.cat\/ca\/?s={search_term_string}"},"query-input":{"@type":"PropertyValueSpecification","valueRequired":true,"valueName":"search_term_string"}}],"inLanguage":"ca"},{"@type":"Person","@id":"https:\/\/barcelona.euses.cat\/ca\/#\/schema\/person\/c3074ca9d956eacf02e41e2ff78e53ab","name":"neorg","image":{"@type":"ImageObject","inLanguage":"ca","@id":"https:\/\/secure.gravatar.com\/avatar\/709d3d8015183afa7401c02e2291a538cbfd4ffe62f4d86ce5f4871f22e86b09?s=96&d=mm&r=g","url":"https:\/\/secure.gravatar.com\/avatar\/709d3d8015183afa7401c02e2291a538cbfd4ffe62f4d86ce5f4871f22e86b09?s=96&d=mm&r=g","contentUrl":"https:\/\/secure.gravatar.com\/avatar\/709d3d8015183afa7401c02e2291a538cbfd4ffe62f4d86ce5f4871f22e86b09?s=96&d=mm&r=g","caption":"neorg"},"url":"https:\/\/barcelona.euses.cat\/ca\/author\/neorg\/"}]}},"_links":{"self":[{"href":"https:\/\/barcelona.euses.cat\/ca\/wp-json\/wp\/v2\/posts\/2443","targetHints":{"allow":["GET"]}}],"collection":[{"href":"https:\/\/barcelona.euses.cat\/ca\/wp-json\/wp\/v2\/posts"}],"about":[{"href":"https:\/\/barcelona.euses.cat\/ca\/wp-json\/wp\/v2\/types\/post"}],"author":[{"embeddable":true,"href":"https:\/\/barcelona.euses.cat\/ca\/wp-json\/wp\/v2\/users\/1"}],"replies":[{"embeddable":true,"href":"https:\/\/barcelona.euses.cat\/ca\/wp-json\/wp\/v2\/comments?post=2443"}],"version-history":[{"count":1,"href":"https:\/\/barcelona.euses.cat\/ca\/wp-json\/wp\/v2\/posts\/2443\/revisions"}],"predecessor-version":[{"id":6887,"href":"https:\/\/barcelona.euses.cat\/ca\/wp-json\/wp\/v2\/posts\/2443\/revisions\/6887"}],"wp:featuredmedia":[{"embeddable":true,"href":"https:\/\/barcelona.euses.cat\/ca\/wp-json\/wp\/v2\/media\/2444"}],"wp:attachment":[{"href":"https:\/\/barcelona.euses.cat\/ca\/wp-json\/wp\/v2\/media?parent=2443"}],"wp:term":[{"taxonomy":"category","embeddable":true,"href":"https:\/\/barcelona.euses.cat\/ca\/wp-json\/wp\/v2\/categories?post=2443"},{"taxonomy":"post_tag","embeddable":true,"href":"https:\/\/barcelona.euses.cat\/ca\/wp-json\/wp\/v2\/tags?post=2443"}],"curies":[{"name":"wp","href":"https:\/\/api.w.org\/{rel}","templated":true}]}}