{"id":2442,"date":"2016-09-26T00:00:00","date_gmt":"2016-09-25T22:00:00","guid":{"rendered":"http:\/\/physiotherapybarcelona.net\/format-amb-un-professorat-amb-amplies-habilitats-pedagogiques-estudiant-el-grau-en-fisioterapia-internacional-al-campus-de-la-ub\/"},"modified":"2019-06-03T13:02:22","modified_gmt":"2019-06-03T11:02:22","slug":"format-amb-un-professorat-amb-amplies-habilitats-pedagogiques-estudiant-el-grau-en-fisioterapia-internacional-al-campus-de-la-ub","status":"publish","type":"post","link":"https:\/\/barcelona.euses.cat\/ca\/format-amb-un-professorat-amb-amplies-habilitats-pedagogiques-estudiant-el-grau-en-fisioterapia-internacional-al-campus-de-la-ub\/","title":{"rendered":"Forma\u2019t amb un professorat amb \u00e0mplies habilitats pedag\u00f2giques, estudiant el Grau en Fisioter\u00e0pia Internacional al Campus de la UB"},"content":{"rendered":"<p style=\"text-align: justify;\"><strong>L\u2019equip docent <\/strong>del <strong>Grau en Fisioter\u00e0pia Internacional<\/strong> de l<strong>\u2019Escola de Noves Tecnologies Interactives (ENTI-UB)<\/strong> i de <strong>l\u2019Escola Universit\u00e0ria de la Salut i l\u2019Esport (EUSES-UdG) <\/strong>es caracteritza per la seva <strong>especialitzaci\u00f3<\/strong> i la seva gran <strong>vocaci\u00f3<\/strong> per la <strong>doc\u00e8ncia<\/strong>. La majoria dels <strong>professors<\/strong> estan <strong>Doctorats<\/strong>, procedeixen de prestigioses <strong>universitats estrangeres<\/strong> i compten amb \u00e0mplies <strong>habilitats pedag\u00f2giques, <\/strong>aix\u00ed com amb una dilatada <strong>experi\u00e8ncia<\/strong> en l\u2019\u00e0mbit <strong>acad\u00e8mic i m\u00e8dic<\/strong>. A m\u00e9s, estan <strong>compromesos<\/strong> amb la <strong>transmissi\u00f3<\/strong> de <strong>valors<\/strong>, <strong>l\u2019excel\u00b7l\u00e8ncia educativa<\/strong> i la seva <strong>formaci\u00f3 constant, <\/strong>els permet estar <strong>al dia<\/strong> dels \u00faltims <strong>aven\u00e7os<\/strong> del sector.<\/p>\n<p style=\"text-align: justify;\">Altre aspecte positiu i com\u00fa dels <strong>docents<\/strong> d\u2019aquest <strong>Grau<\/strong> \u00e9s el seu <strong>doble perfil<\/strong>: el <strong>d\u2019acad\u00e8mic-investigador<\/strong> i el de <strong>professional en actiu<\/strong>. Cal destacar a <strong>professionals<\/strong> de la talla de: <strong>Mariano Gacto<\/strong>, <strong>Director<\/strong> del <strong>Grau<\/strong> <strong>en Fisioter\u00e0pia Internacional<\/strong>, on imparteix les assignatures: <strong>Fonaments de Fisioter\u00e0pia <\/strong>(1r curs), <strong>Valoraci\u00f3 de Fisioter\u00e0pia <\/strong>(1r curs) i <strong>Pr\u00e0cticum II <\/strong>(4t curs). Quant a la seva formaci\u00f3, cal assenyalar que \u00e9s <strong>Diplomat en Fisioter\u00e0pia<\/strong>, compta amb un <strong>M\u00e0ster en Fisioter\u00e0pia <\/strong>i <strong>Evid\u00e8ncia Cient\u00edfica<\/strong>, \u00e9s <strong>Especialista Universitari<\/strong> en <strong>Reeducaci\u00f3 <\/strong>de la<strong> M\u00e0<\/strong> per la <strong>Universitat Claude Bernard de Lyon (Fran\u00e7a)<\/strong> i ha desenvolupat una <strong>recerca Doctoral<\/strong> en la <strong>Gesti\u00f3 de la Qualitat en Serveis de Salut, <\/strong>publicada a revistes nacionals i internacionals com <em>Archives of Physical Medicine and Rehabilitation<\/em>, <em>Fisioterapia y Calidad de Vida<\/em>, <em>Turkish Journal of Physical Medicine and Rehabilitation<\/em>; <strong>Bertram M\u00fcller<\/strong>, <strong>biomec\u00e0nic<\/strong> de <strong>formaci\u00f3<\/strong> amb una \u00e0mplia <strong>experi\u00e8ncia<\/strong> internacional a pa\u00efsos com <strong>Esc\u00f2cia<\/strong> i <strong>Alemanya<\/strong> que imparteix l\u2019assignatura de <strong>F\u00edsica<\/strong> (1r curs); <strong>Anna Prats<\/strong>, amb una dilatada traject\u00f2ria en recerca que imparteix <strong>Biologia <\/strong>(1r curs)<strong>,<\/strong> i <strong>Claire Knott<\/strong>, professora australiana de diverses assignatures com per exemple, <strong>Ter\u00e0pia manual<\/strong> (2n curs).<\/p>\n<p style=\"text-align: justify;\">Tamb\u00e9 cal destacar la tasca docent de: <strong>Javier Jerez<\/strong>, professor i <strong>Coordinador<\/strong> de <strong>Grau<\/strong>, que enguany, s\u2019encarregar\u00e0 de la <strong>gesti\u00f3<\/strong> del dia a dia d\u2019aquesta titulaci\u00f3, i tamb\u00e9 de preparar el <strong>Pr\u00e0cticum Cl\u00ednic I<\/strong> de <strong>3r de Grau<\/strong>; <strong>Roc\u00edo D\u00edaz<\/strong>, <strong>metgessa<\/strong> i en <strong>actiu<\/strong> professionalment, amb un <strong>perfil acad\u00e8mic<\/strong> basat en <strong>Anatomia i Afeccions M\u00e8diques,<\/strong> i <strong>Samuel Young<\/strong>, <strong>fisioterapeuta australi\u00e0<\/strong> amb \u00e0mplia <strong>experi\u00e8ncia i orientaci\u00f3 professional<\/strong>, entre molts altres.<\/p>\n<p style=\"text-align: justify;\">Aix\u00ed doncs, de la m\u00e0 d\u2019un <strong>professorat<\/strong> altament <strong>qualificat<\/strong>, aprendr\u00e0s a valorar, diagnosticar, dissenyar i desenvolupar tractaments, amb el <strong>doble valor afegit<\/strong> d\u2019estudiar en <strong>angl\u00e8s<\/strong> i d\u2019incorporar les <strong>noves tecnologies \u00a0de la salut 2.0 <\/strong>i <strong>l\u2019m-health<\/strong> al camp de la <strong>fisioter\u00e0pia<\/strong>.<\/p>\n<p style=\"text-align: justify;\">Forma\u2019t amb un <strong>equip docent<\/strong> altament <strong>qualificat<\/strong> en l\u2019\u00e0mbit de la <strong>doc\u00e8ncia<\/strong>, amb anys d\u2019experi\u00e8ncia en la <strong>pr\u00e0ctica cl\u00ednica<\/strong> i criteris curriculars <strong>d\u2019excel\u00b7l\u00e8ncia acad\u00e8mica<\/strong>. Estudia el\u00a0<a href=\"https:\/\/goo.gl\/UTQ1V1\"><strong>Grau en Fisioter\u00e0pia Internacional<\/strong><\/a> al millor <strong>Campus de la Salut de Barcelona<\/strong>.<\/p>\n","protected":false},"excerpt":{"rendered":"<p>L\u2019equip docent del Grau en Fisioter\u00e0pia Internacional de l\u2019Escola de Noves Tecnologies Interactives (ENTI-UB) i de l\u2019Escola Universit\u00e0ria de la Salut i l\u2019Esport (EUSES-UdG) es caracteritza per la seva especialitzaci\u00f3 i la seva gran vocaci\u00f3 per la doc\u00e8ncia. La majoria dels professors estan Doctorats, procedeixen de prestigioses universitats estrangeres i compten amb \u00e0mplies habilitats pedag\u00f2giques, [&hellip;]<\/p>\n","protected":false},"author":1,"featured_media":1651,"comment_status":"closed","ping_status":"closed","sticky":false,"template":"","format":"standard","meta":{"_acf_changed":false,"inline_featured_image":false,"_joinchat":[],"footnotes":""},"categories":[46],"tags":[45],"class_list":["post-2442","post","type-post","status-publish","format-standard","has-post-thumbnail","hentry","category-sense-categoria","tag-catala"],"acf":[],"yoast_head":"<!-- This site is optimized with the Yoast SEO plugin v27.4 - https:\/\/yoast.com\/product\/yoast-seo-wordpress\/ -->\n<title>Forma\u2019t amb un professorat amb \u00e0mplies habilitats pedag\u00f2giques, estudiant el Grau en Fisioter\u00e0pia Internacional al Campus de la UB | EUSES- Campus de Bellvitge (Barcelona)<\/title>\n<meta name=\"robots\" content=\"index, follow, max-snippet:-1, max-image-preview:large, max-video-preview:-1\" \/>\n<link rel=\"canonical\" href=\"https:\/\/barcelona.euses.cat\/ca\/format-amb-un-professorat-amb-amplies-habilitats-pedagogiques-estudiant-el-grau-en-fisioterapia-internacional-al-campus-de-la-ub\/\" \/>\n<meta property=\"og:locale\" content=\"ca_ES\" \/>\n<meta property=\"og:type\" content=\"article\" \/>\n<meta property=\"og:title\" content=\"Forma\u2019t amb un professorat amb \u00e0mplies habilitats pedag\u00f2giques, estudiant el Grau en Fisioter\u00e0pia Internacional al Campus de la UB | EUSES- Campus de Bellvitge (Barcelona)\" \/>\n<meta property=\"og:description\" content=\"L\u2019equip docent del Grau en Fisioter\u00e0pia Internacional de l\u2019Escola de Noves Tecnologies Interactives (ENTI-UB) i de l\u2019Escola Universit\u00e0ria de la Salut i l\u2019Esport (EUSES-UdG) es caracteritza per la seva especialitzaci\u00f3 i la seva gran vocaci\u00f3 per la doc\u00e8ncia. La majoria dels professors estan Doctorats, procedeixen de prestigioses universitats estrangeres i compten amb \u00e0mplies habilitats pedag\u00f2giques, [&hellip;]\" \/>\n<meta property=\"og:url\" content=\"https:\/\/barcelona.euses.cat\/ca\/format-amb-un-professorat-amb-amplies-habilitats-pedagogiques-estudiant-el-grau-en-fisioterapia-internacional-al-campus-de-la-ub\/\" \/>\n<meta property=\"og:site_name\" content=\"EUSES- Campus de Bellvitge (Barcelona)\" \/>\n<meta property=\"article:publisher\" content=\"https:\/\/www.facebook.com\/PhysioBCN\/\" \/>\n<meta property=\"article:published_time\" content=\"2016-09-25T22:00:00+00:00\" \/>\n<meta property=\"article:modified_time\" content=\"2019-06-03T11:02:22+00:00\" \/>\n<meta property=\"og:image\" content=\"https:\/\/barcelona.euses.cat\/wp-content\/uploads\/2018\/02\/Forma\u2019t-amb-un-professorat-amb-\u00e0mplies-habilitats-pedag\u00f2giques-estudiant-el-Grau-en-Fisioter\u00e0pia-Internacional-al-Campus-de-la-UB-e1474882864139.png\" \/>\n\t<meta property=\"og:image:width\" content=\"1000\" \/>\n\t<meta property=\"og:image:height\" content=\"804\" \/>\n\t<meta property=\"og:image:type\" content=\"image\/png\" \/>\n<meta name=\"author\" content=\"neorg\" \/>\n<meta name=\"twitter:card\" content=\"summary_large_image\" \/>\n<meta name=\"twitter:label1\" content=\"Escrit per\" \/>\n\t<meta name=\"twitter:data1\" content=\"neorg\" \/>\n\t<meta name=\"twitter:label2\" content=\"Temps estimat de lectura\" \/>\n\t<meta name=\"twitter:data2\" content=\"2 minuts\" \/>\n<script type=\"application\/ld+json\" class=\"yoast-schema-graph\">{\"@context\":\"https:\\\/\\\/schema.org\",\"@graph\":[{\"@type\":\"Article\",\"@id\":\"https:\\\/\\\/barcelona.euses.cat\\\/ca\\\/format-amb-un-professorat-amb-amplies-habilitats-pedagogiques-estudiant-el-grau-en-fisioterapia-internacional-al-campus-de-la-ub\\\/#article\",\"isPartOf\":{\"@id\":\"https:\\\/\\\/barcelona.euses.cat\\\/ca\\\/format-amb-un-professorat-amb-amplies-habilitats-pedagogiques-estudiant-el-grau-en-fisioterapia-internacional-al-campus-de-la-ub\\\/\"},\"author\":{\"name\":\"neorg\",\"@id\":\"https:\\\/\\\/barcelona.euses.cat\\\/ca\\\/#\\\/schema\\\/person\\\/c3074ca9d956eacf02e41e2ff78e53ab\"},\"headline\":\"Forma\u2019t amb un professorat amb \u00e0mplies habilitats pedag\u00f2giques, estudiant el Grau en Fisioter\u00e0pia Internacional al Campus de la UB\",\"datePublished\":\"2016-09-25T22:00:00+00:00\",\"dateModified\":\"2019-06-03T11:02:22+00:00\",\"mainEntityOfPage\":{\"@id\":\"https:\\\/\\\/barcelona.euses.cat\\\/ca\\\/format-amb-un-professorat-amb-amplies-habilitats-pedagogiques-estudiant-el-grau-en-fisioterapia-internacional-al-campus-de-la-ub\\\/\"},\"wordCount\":514,\"image\":{\"@id\":\"https:\\\/\\\/barcelona.euses.cat\\\/ca\\\/format-amb-un-professorat-amb-amplies-habilitats-pedagogiques-estudiant-el-grau-en-fisioterapia-internacional-al-campus-de-la-ub\\\/#primaryimage\"},\"thumbnailUrl\":\"https:\\\/\\\/barcelona.euses.cat\\\/wp-content\\\/uploads\\\/2018\\\/02\\\/Forma\u2019t-amb-un-professorat-amb-\u00e0mplies-habilitats-pedag\u00f2giques-estudiant-el-Grau-en-Fisioter\u00e0pia-Internacional-al-Campus-de-la-UB-e1474882864139.png\",\"keywords\":[\"Catal\u00e0\"],\"articleSection\":[\"sense categoria\"],\"inLanguage\":\"ca\"},{\"@type\":\"WebPage\",\"@id\":\"https:\\\/\\\/barcelona.euses.cat\\\/ca\\\/format-amb-un-professorat-amb-amplies-habilitats-pedagogiques-estudiant-el-grau-en-fisioterapia-internacional-al-campus-de-la-ub\\\/\",\"url\":\"https:\\\/\\\/barcelona.euses.cat\\\/ca\\\/format-amb-un-professorat-amb-amplies-habilitats-pedagogiques-estudiant-el-grau-en-fisioterapia-internacional-al-campus-de-la-ub\\\/\",\"name\":\"Forma\u2019t amb un professorat amb \u00e0mplies habilitats pedag\u00f2giques, estudiant el Grau en Fisioter\u00e0pia Internacional al Campus de la UB | EUSES- Campus de Bellvitge (Barcelona)\",\"isPartOf\":{\"@id\":\"https:\\\/\\\/barcelona.euses.cat\\\/ca\\\/#website\"},\"primaryImageOfPage\":{\"@id\":\"https:\\\/\\\/barcelona.euses.cat\\\/ca\\\/format-amb-un-professorat-amb-amplies-habilitats-pedagogiques-estudiant-el-grau-en-fisioterapia-internacional-al-campus-de-la-ub\\\/#primaryimage\"},\"image\":{\"@id\":\"https:\\\/\\\/barcelona.euses.cat\\\/ca\\\/format-amb-un-professorat-amb-amplies-habilitats-pedagogiques-estudiant-el-grau-en-fisioterapia-internacional-al-campus-de-la-ub\\\/#primaryimage\"},\"thumbnailUrl\":\"https:\\\/\\\/barcelona.euses.cat\\\/wp-content\\\/uploads\\\/2018\\\/02\\\/Forma\u2019t-amb-un-professorat-amb-\u00e0mplies-habilitats-pedag\u00f2giques-estudiant-el-Grau-en-Fisioter\u00e0pia-Internacional-al-Campus-de-la-UB-e1474882864139.png\",\"datePublished\":\"2016-09-25T22:00:00+00:00\",\"dateModified\":\"2019-06-03T11:02:22+00:00\",\"author\":{\"@id\":\"https:\\\/\\\/barcelona.euses.cat\\\/ca\\\/#\\\/schema\\\/person\\\/c3074ca9d956eacf02e41e2ff78e53ab\"},\"breadcrumb\":{\"@id\":\"https:\\\/\\\/barcelona.euses.cat\\\/ca\\\/format-amb-un-professorat-amb-amplies-habilitats-pedagogiques-estudiant-el-grau-en-fisioterapia-internacional-al-campus-de-la-ub\\\/#breadcrumb\"},\"inLanguage\":\"ca\",\"potentialAction\":[{\"@type\":\"ReadAction\",\"target\":[\"https:\\\/\\\/barcelona.euses.cat\\\/ca\\\/format-amb-un-professorat-amb-amplies-habilitats-pedagogiques-estudiant-el-grau-en-fisioterapia-internacional-al-campus-de-la-ub\\\/\"]}]},{\"@type\":\"ImageObject\",\"inLanguage\":\"ca\",\"@id\":\"https:\\\/\\\/barcelona.euses.cat\\\/ca\\\/format-amb-un-professorat-amb-amplies-habilitats-pedagogiques-estudiant-el-grau-en-fisioterapia-internacional-al-campus-de-la-ub\\\/#primaryimage\",\"url\":\"https:\\\/\\\/barcelona.euses.cat\\\/wp-content\\\/uploads\\\/2018\\\/02\\\/Forma\u2019t-amb-un-professorat-amb-\u00e0mplies-habilitats-pedag\u00f2giques-estudiant-el-Grau-en-Fisioter\u00e0pia-Internacional-al-Campus-de-la-UB-e1474882864139.png\",\"contentUrl\":\"https:\\\/\\\/barcelona.euses.cat\\\/wp-content\\\/uploads\\\/2018\\\/02\\\/Forma\u2019t-amb-un-professorat-amb-\u00e0mplies-habilitats-pedag\u00f2giques-estudiant-el-Grau-en-Fisioter\u00e0pia-Internacional-al-Campus-de-la-UB-e1474882864139.png\",\"width\":1000,\"height\":804},{\"@type\":\"BreadcrumbList\",\"@id\":\"https:\\\/\\\/barcelona.euses.cat\\\/ca\\\/format-amb-un-professorat-amb-amplies-habilitats-pedagogiques-estudiant-el-grau-en-fisioterapia-internacional-al-campus-de-la-ub\\\/#breadcrumb\",\"itemListElement\":[{\"@type\":\"ListItem\",\"position\":1,\"name\":\"Portada\",\"item\":\"https:\\\/\\\/barcelona.euses.cat\\\/ca\\\/\"},{\"@type\":\"ListItem\",\"position\":2,\"name\":\"Forma\u2019t amb un professorat amb \u00e0mplies habilitats pedag\u00f2giques, estudiant el Grau en Fisioter\u00e0pia Internacional al Campus de la UB\"}]},{\"@type\":\"WebSite\",\"@id\":\"https:\\\/\\\/barcelona.euses.cat\\\/ca\\\/#website\",\"url\":\"https:\\\/\\\/barcelona.euses.cat\\\/ca\\\/\",\"name\":\"EUSES - Campus de Bellvitge (Barcelona)\",\"description\":\"EUSES, Escola Universit\u00e0ria de Fisioter\u00e0pia Internacional a Barcelona\",\"potentialAction\":[{\"@type\":\"SearchAction\",\"target\":{\"@type\":\"EntryPoint\",\"urlTemplate\":\"https:\\\/\\\/barcelona.euses.cat\\\/ca\\\/?s={search_term_string}\"},\"query-input\":{\"@type\":\"PropertyValueSpecification\",\"valueRequired\":true,\"valueName\":\"search_term_string\"}}],\"inLanguage\":\"ca\"},{\"@type\":\"Person\",\"@id\":\"https:\\\/\\\/barcelona.euses.cat\\\/ca\\\/#\\\/schema\\\/person\\\/c3074ca9d956eacf02e41e2ff78e53ab\",\"name\":\"neorg\",\"image\":{\"@type\":\"ImageObject\",\"inLanguage\":\"ca\",\"@id\":\"https:\\\/\\\/secure.gravatar.com\\\/avatar\\\/709d3d8015183afa7401c02e2291a538cbfd4ffe62f4d86ce5f4871f22e86b09?s=96&d=mm&r=g\",\"url\":\"https:\\\/\\\/secure.gravatar.com\\\/avatar\\\/709d3d8015183afa7401c02e2291a538cbfd4ffe62f4d86ce5f4871f22e86b09?s=96&d=mm&r=g\",\"contentUrl\":\"https:\\\/\\\/secure.gravatar.com\\\/avatar\\\/709d3d8015183afa7401c02e2291a538cbfd4ffe62f4d86ce5f4871f22e86b09?s=96&d=mm&r=g\",\"caption\":\"neorg\"},\"url\":\"https:\\\/\\\/barcelona.euses.cat\\\/ca\\\/author\\\/neorg\\\/\"}]}<\/script>\n<!-- \/ Yoast SEO plugin. -->","yoast_head_json":{"title":"Forma\u2019t amb un professorat amb \u00e0mplies habilitats pedag\u00f2giques, estudiant el Grau en Fisioter\u00e0pia Internacional al Campus de la UB | EUSES- Campus de Bellvitge (Barcelona)","robots":{"index":"index","follow":"follow","max-snippet":"max-snippet:-1","max-image-preview":"max-image-preview:large","max-video-preview":"max-video-preview:-1"},"canonical":"https:\/\/barcelona.euses.cat\/ca\/format-amb-un-professorat-amb-amplies-habilitats-pedagogiques-estudiant-el-grau-en-fisioterapia-internacional-al-campus-de-la-ub\/","og_locale":"ca_ES","og_type":"article","og_title":"Forma\u2019t amb un professorat amb \u00e0mplies habilitats pedag\u00f2giques, estudiant el Grau en Fisioter\u00e0pia Internacional al Campus de la UB | EUSES- Campus de Bellvitge (Barcelona)","og_description":"L\u2019equip docent del Grau en Fisioter\u00e0pia Internacional de l\u2019Escola de Noves Tecnologies Interactives (ENTI-UB) i de l\u2019Escola Universit\u00e0ria de la Salut i l\u2019Esport (EUSES-UdG) es caracteritza per la seva especialitzaci\u00f3 i la seva gran vocaci\u00f3 per la doc\u00e8ncia. La majoria dels professors estan Doctorats, procedeixen de prestigioses universitats estrangeres i compten amb \u00e0mplies habilitats pedag\u00f2giques, [&hellip;]","og_url":"https:\/\/barcelona.euses.cat\/ca\/format-amb-un-professorat-amb-amplies-habilitats-pedagogiques-estudiant-el-grau-en-fisioterapia-internacional-al-campus-de-la-ub\/","og_site_name":"EUSES- Campus de Bellvitge (Barcelona)","article_publisher":"https:\/\/www.facebook.com\/PhysioBCN\/","article_published_time":"2016-09-25T22:00:00+00:00","article_modified_time":"2019-06-03T11:02:22+00:00","og_image":[{"width":1000,"height":804,"url":"https:\/\/barcelona.euses.cat\/wp-content\/uploads\/2018\/02\/Forma\u2019t-amb-un-professorat-amb-\u00e0mplies-habilitats-pedag\u00f2giques-estudiant-el-Grau-en-Fisioter\u00e0pia-Internacional-al-Campus-de-la-UB-e1474882864139.png","type":"image\/png"}],"author":"neorg","twitter_card":"summary_large_image","twitter_misc":{"Escrit per":"neorg","Temps estimat de lectura":"2 minuts"},"schema":{"@context":"https:\/\/schema.org","@graph":[{"@type":"Article","@id":"https:\/\/barcelona.euses.cat\/ca\/format-amb-un-professorat-amb-amplies-habilitats-pedagogiques-estudiant-el-grau-en-fisioterapia-internacional-al-campus-de-la-ub\/#article","isPartOf":{"@id":"https:\/\/barcelona.euses.cat\/ca\/format-amb-un-professorat-amb-amplies-habilitats-pedagogiques-estudiant-el-grau-en-fisioterapia-internacional-al-campus-de-la-ub\/"},"author":{"name":"neorg","@id":"https:\/\/barcelona.euses.cat\/ca\/#\/schema\/person\/c3074ca9d956eacf02e41e2ff78e53ab"},"headline":"Forma\u2019t amb un professorat amb \u00e0mplies habilitats pedag\u00f2giques, estudiant el Grau en Fisioter\u00e0pia Internacional al Campus de la UB","datePublished":"2016-09-25T22:00:00+00:00","dateModified":"2019-06-03T11:02:22+00:00","mainEntityOfPage":{"@id":"https:\/\/barcelona.euses.cat\/ca\/format-amb-un-professorat-amb-amplies-habilitats-pedagogiques-estudiant-el-grau-en-fisioterapia-internacional-al-campus-de-la-ub\/"},"wordCount":514,"image":{"@id":"https:\/\/barcelona.euses.cat\/ca\/format-amb-un-professorat-amb-amplies-habilitats-pedagogiques-estudiant-el-grau-en-fisioterapia-internacional-al-campus-de-la-ub\/#primaryimage"},"thumbnailUrl":"https:\/\/barcelona.euses.cat\/wp-content\/uploads\/2018\/02\/Forma\u2019t-amb-un-professorat-amb-\u00e0mplies-habilitats-pedag\u00f2giques-estudiant-el-Grau-en-Fisioter\u00e0pia-Internacional-al-Campus-de-la-UB-e1474882864139.png","keywords":["Catal\u00e0"],"articleSection":["sense categoria"],"inLanguage":"ca"},{"@type":"WebPage","@id":"https:\/\/barcelona.euses.cat\/ca\/format-amb-un-professorat-amb-amplies-habilitats-pedagogiques-estudiant-el-grau-en-fisioterapia-internacional-al-campus-de-la-ub\/","url":"https:\/\/barcelona.euses.cat\/ca\/format-amb-un-professorat-amb-amplies-habilitats-pedagogiques-estudiant-el-grau-en-fisioterapia-internacional-al-campus-de-la-ub\/","name":"Forma\u2019t amb un professorat amb \u00e0mplies habilitats pedag\u00f2giques, estudiant el Grau en Fisioter\u00e0pia Internacional al Campus de la UB | EUSES- Campus de Bellvitge (Barcelona)","isPartOf":{"@id":"https:\/\/barcelona.euses.cat\/ca\/#website"},"primaryImageOfPage":{"@id":"https:\/\/barcelona.euses.cat\/ca\/format-amb-un-professorat-amb-amplies-habilitats-pedagogiques-estudiant-el-grau-en-fisioterapia-internacional-al-campus-de-la-ub\/#primaryimage"},"image":{"@id":"https:\/\/barcelona.euses.cat\/ca\/format-amb-un-professorat-amb-amplies-habilitats-pedagogiques-estudiant-el-grau-en-fisioterapia-internacional-al-campus-de-la-ub\/#primaryimage"},"thumbnailUrl":"https:\/\/barcelona.euses.cat\/wp-content\/uploads\/2018\/02\/Forma\u2019t-amb-un-professorat-amb-\u00e0mplies-habilitats-pedag\u00f2giques-estudiant-el-Grau-en-Fisioter\u00e0pia-Internacional-al-Campus-de-la-UB-e1474882864139.png","datePublished":"2016-09-25T22:00:00+00:00","dateModified":"2019-06-03T11:02:22+00:00","author":{"@id":"https:\/\/barcelona.euses.cat\/ca\/#\/schema\/person\/c3074ca9d956eacf02e41e2ff78e53ab"},"breadcrumb":{"@id":"https:\/\/barcelona.euses.cat\/ca\/format-amb-un-professorat-amb-amplies-habilitats-pedagogiques-estudiant-el-grau-en-fisioterapia-internacional-al-campus-de-la-ub\/#breadcrumb"},"inLanguage":"ca","potentialAction":[{"@type":"ReadAction","target":["https:\/\/barcelona.euses.cat\/ca\/format-amb-un-professorat-amb-amplies-habilitats-pedagogiques-estudiant-el-grau-en-fisioterapia-internacional-al-campus-de-la-ub\/"]}]},{"@type":"ImageObject","inLanguage":"ca","@id":"https:\/\/barcelona.euses.cat\/ca\/format-amb-un-professorat-amb-amplies-habilitats-pedagogiques-estudiant-el-grau-en-fisioterapia-internacional-al-campus-de-la-ub\/#primaryimage","url":"https:\/\/barcelona.euses.cat\/wp-content\/uploads\/2018\/02\/Forma\u2019t-amb-un-professorat-amb-\u00e0mplies-habilitats-pedag\u00f2giques-estudiant-el-Grau-en-Fisioter\u00e0pia-Internacional-al-Campus-de-la-UB-e1474882864139.png","contentUrl":"https:\/\/barcelona.euses.cat\/wp-content\/uploads\/2018\/02\/Forma\u2019t-amb-un-professorat-amb-\u00e0mplies-habilitats-pedag\u00f2giques-estudiant-el-Grau-en-Fisioter\u00e0pia-Internacional-al-Campus-de-la-UB-e1474882864139.png","width":1000,"height":804},{"@type":"BreadcrumbList","@id":"https:\/\/barcelona.euses.cat\/ca\/format-amb-un-professorat-amb-amplies-habilitats-pedagogiques-estudiant-el-grau-en-fisioterapia-internacional-al-campus-de-la-ub\/#breadcrumb","itemListElement":[{"@type":"ListItem","position":1,"name":"Portada","item":"https:\/\/barcelona.euses.cat\/ca\/"},{"@type":"ListItem","position":2,"name":"Forma\u2019t amb un professorat amb \u00e0mplies habilitats pedag\u00f2giques, estudiant el Grau en Fisioter\u00e0pia Internacional al Campus de la UB"}]},{"@type":"WebSite","@id":"https:\/\/barcelona.euses.cat\/ca\/#website","url":"https:\/\/barcelona.euses.cat\/ca\/","name":"EUSES - Campus de Bellvitge (Barcelona)","description":"EUSES, Escola Universit\u00e0ria de Fisioter\u00e0pia Internacional a Barcelona","potentialAction":[{"@type":"SearchAction","target":{"@type":"EntryPoint","urlTemplate":"https:\/\/barcelona.euses.cat\/ca\/?s={search_term_string}"},"query-input":{"@type":"PropertyValueSpecification","valueRequired":true,"valueName":"search_term_string"}}],"inLanguage":"ca"},{"@type":"Person","@id":"https:\/\/barcelona.euses.cat\/ca\/#\/schema\/person\/c3074ca9d956eacf02e41e2ff78e53ab","name":"neorg","image":{"@type":"ImageObject","inLanguage":"ca","@id":"https:\/\/secure.gravatar.com\/avatar\/709d3d8015183afa7401c02e2291a538cbfd4ffe62f4d86ce5f4871f22e86b09?s=96&d=mm&r=g","url":"https:\/\/secure.gravatar.com\/avatar\/709d3d8015183afa7401c02e2291a538cbfd4ffe62f4d86ce5f4871f22e86b09?s=96&d=mm&r=g","contentUrl":"https:\/\/secure.gravatar.com\/avatar\/709d3d8015183afa7401c02e2291a538cbfd4ffe62f4d86ce5f4871f22e86b09?s=96&d=mm&r=g","caption":"neorg"},"url":"https:\/\/barcelona.euses.cat\/ca\/author\/neorg\/"}]}},"_links":{"self":[{"href":"https:\/\/barcelona.euses.cat\/ca\/wp-json\/wp\/v2\/posts\/2442","targetHints":{"allow":["GET"]}}],"collection":[{"href":"https:\/\/barcelona.euses.cat\/ca\/wp-json\/wp\/v2\/posts"}],"about":[{"href":"https:\/\/barcelona.euses.cat\/ca\/wp-json\/wp\/v2\/types\/post"}],"author":[{"embeddable":true,"href":"https:\/\/barcelona.euses.cat\/ca\/wp-json\/wp\/v2\/users\/1"}],"replies":[{"embeddable":true,"href":"https:\/\/barcelona.euses.cat\/ca\/wp-json\/wp\/v2\/comments?post=2442"}],"version-history":[{"count":1,"href":"https:\/\/barcelona.euses.cat\/ca\/wp-json\/wp\/v2\/posts\/2442\/revisions"}],"predecessor-version":[{"id":6889,"href":"https:\/\/barcelona.euses.cat\/ca\/wp-json\/wp\/v2\/posts\/2442\/revisions\/6889"}],"wp:featuredmedia":[{"embeddable":true,"href":"https:\/\/barcelona.euses.cat\/ca\/wp-json\/wp\/v2\/media\/1651"}],"wp:attachment":[{"href":"https:\/\/barcelona.euses.cat\/ca\/wp-json\/wp\/v2\/media?parent=2442"}],"wp:term":[{"taxonomy":"category","embeddable":true,"href":"https:\/\/barcelona.euses.cat\/ca\/wp-json\/wp\/v2\/categories?post=2442"},{"taxonomy":"post_tag","embeddable":true,"href":"https:\/\/barcelona.euses.cat\/ca\/wp-json\/wp\/v2\/tags?post=2442"}],"curies":[{"name":"wp","href":"https:\/\/api.w.org\/{rel}","templated":true}]}}