{"id":2441,"date":"2016-09-19T00:00:00","date_gmt":"2016-09-18T22:00:00","guid":{"rendered":"http:\/\/physiotherapybarcelona.net\/coneix-les-noves-tic-aplicades-a-la-salut-i-a-la-fisioterapia-estudiant-el-grau-en-fisioterapia-internacional-al-campus-de-la-ub\/"},"modified":"2019-06-03T13:03:16","modified_gmt":"2019-06-03T11:03:16","slug":"coneix-les-noves-tic-aplicades-a-la-salut-i-a-la-fisioterapia-estudiant-el-grau-en-fisioterapia-internacional-al-campus-de-la-ub","status":"publish","type":"post","link":"https:\/\/barcelona.euses.cat\/ca\/coneix-les-noves-tic-aplicades-a-la-salut-i-a-la-fisioterapia-estudiant-el-grau-en-fisioterapia-internacional-al-campus-de-la-ub\/","title":{"rendered":"Coneix les noves TIC aplicades a la salut i a la fisioter\u00e0pia, estudiant el Grau en Fisioter\u00e0pia Internacional al Campus de la UB"},"content":{"rendered":"<p style=\"text-align: justify;\">Durant el <strong>Grau en Fisioter\u00e0pia Internacional de l\u2019Escola de Noves Tecnologies Interactives (ENTI-UB)<\/strong> i de <strong>l\u2019Escola Universit\u00e0ria de la Salut i l\u2019Esport (EUSES-UdG)<\/strong> aprendr\u00e0s a valorar, diagnosticar, dissenyar i desenvolupar <strong>tractaments<\/strong>, amb el <strong>doble valor afegit<\/strong> d\u2019estudiar en <strong>angl\u00e8s<\/strong> i d\u2019incorporar les <strong>noves tecnologies<\/strong> al camp de la <strong>salut i la fisioter\u00e0pia<\/strong>. Aix\u00ed doncs, coneixer\u00e0s amb detall els darrers <strong>avan\u00e7os tecnol\u00f2gics<\/strong> aplicats a <strong>l\u2019\u00e0mbit sanitari i assistencial<\/strong>: <strong>salut 2.0<\/strong>, les <strong>noves TIC<\/strong>, <strong>l\u2019m-health,<\/strong> aprenent a integrar totes aquestes tecnologies m\u00e9s innovadores al teu dia a dia. Aquests coneixements et permetran desenvolupar <strong>noves apps<\/strong> <strong>tecnol\u00f2giques<\/strong> o <strong>software<\/strong> aplicats a aquest \u00e0mbit; esdevenint aix\u00ed, un <strong>nou professional<\/strong> amb capacitat d\u2019afegir qualitat al <strong>servei assistencial<\/strong>.<\/p>\n<p style=\"text-align: justify;\">A m\u00e9s, aprendr\u00e0s de la m\u00e0 dels millors. Comptar\u00e0s amb un <strong>equip docent<\/strong> de <strong>primer nivell<\/strong> amb anys d\u2019experi\u00e8ncia en la <strong>pr\u00e0ctica cl\u00ednica di\u00e0ria<\/strong> i <strong>criteris curriculars d\u2019excel\u00b7l\u00e8ncia acad\u00e8mica<\/strong> en <strong>investigaci\u00f3<\/strong> i <strong>recerca<\/strong>. A m\u00e9s, sempre tindr\u00e0s a la teva disposici\u00f3 un <strong>servei de seguiment<\/strong> i <strong>assessorament individualitzat<\/strong> en <strong>aspectes acad\u00e8mics<\/strong> i<strong> d\u2019orientaci\u00f3 professional<\/strong>. D\u2019altra banda, amb l\u2019objectiu de con\u00e8ixer les darreres <strong>eines tecnol\u00f2giques<\/strong> i <strong>novetats<\/strong> del sector, s\u2019incentiva la teva <strong>formaci\u00f3 complement\u00e0ria<\/strong>, a trav\u00e9s de <strong>jornades, seminaris i cursos<\/strong>, duts a terme per <strong>experts<\/strong> dels diferents \u00e0mbits de la <strong>salut<\/strong>.<\/p>\n<p style=\"text-align: justify;\">Altre avantatge important d\u2019aquest <strong>Grau<\/strong> \u00e9s el seu <strong>enfocament pr\u00e0ctic<\/strong>. Per aix\u00f2, a partir de <strong>quart curs<\/strong>, podr\u00e0s fer les teves <strong>pr\u00e0ctiques <\/strong>a <strong>centres de refer\u00e8ncia<\/strong> en els tractaments de <strong>fisioter\u00e0pia<\/strong> a les comarques de <strong>Girona, Barcelona, Terres de l\u2019Ebre i el sud de Fran\u00e7a<\/strong>. Sens dubte, <strong>l\u2019aprenentatge pr\u00e0ctic<\/strong> \u00e9s fonamental per exercir la <strong>professi\u00f3 de fisioterapeuta<\/strong> i en aquesta titulaci\u00f3, podr\u00e0s triar entre m\u00e9s de <strong>1000 centres<\/strong>.<\/p>\n<p style=\"text-align: justify;\">Finalment, responent a la <strong>vocaci\u00f3 internacional<\/strong> d\u2019aquest <strong>Grau<\/strong>, tindr\u00e0s la possibilitat <strong>d\u2019estudiar<\/strong> a <strong>l\u2019estranger<\/strong> a <strong>universitats de prestigi<\/strong>, a trav\u00e9s dels programes <strong>ERASMUS<\/strong>, que et permetran establir <strong>networking internacional<\/strong>, ampliant la teva <strong>xarxa de contactes<\/strong> amb persones del teu <strong>entorn acad\u00e8mic<\/strong>.<\/p>\n<p style=\"text-align: justify;\">Descobreix els darrers <strong>avan\u00e7os tecnol\u00f2gics<\/strong> aplicats al camp de la <strong>salut<\/strong>; estudiant el <a href=\"http:\/\/goo.gl\/nQKRSw\"><strong>Grau en Fisioter\u00e0pia Internacional al Campus de la UB<\/strong><\/a>.<\/p>\n","protected":false},"excerpt":{"rendered":"<p>Durant el Grau en Fisioter\u00e0pia Internacional de l\u2019Escola de Noves Tecnologies Interactives (ENTI-UB) i de l\u2019Escola Universit\u00e0ria de la Salut i l\u2019Esport (EUSES-UdG) aprendr\u00e0s a valorar, diagnosticar, dissenyar i desenvolupar tractaments, amb el doble valor afegit d\u2019estudiar en angl\u00e8s i d\u2019incorporar les noves tecnologies al camp de la salut i la fisioter\u00e0pia. Aix\u00ed doncs, coneixer\u00e0s [&hellip;]<\/p>\n","protected":false},"author":1,"featured_media":1646,"comment_status":"closed","ping_status":"closed","sticky":false,"template":"","format":"standard","meta":{"_acf_changed":false,"inline_featured_image":false,"_joinchat":[],"footnotes":""},"categories":[46],"tags":[45],"class_list":["post-2441","post","type-post","status-publish","format-standard","has-post-thumbnail","hentry","category-sense-categoria","tag-catala"],"acf":[],"yoast_head":"<!-- This site is optimized with the Yoast SEO plugin v27.4 - https:\/\/yoast.com\/product\/yoast-seo-wordpress\/ -->\n<title>Coneix les noves TIC aplicades a la salut i a la fisioter\u00e0pia, estudiant el Grau en Fisioter\u00e0pia Internacional al Campus de la UB | EUSES- Campus de Bellvitge (Barcelona)<\/title>\n<meta name=\"robots\" content=\"index, follow, max-snippet:-1, max-image-preview:large, max-video-preview:-1\" \/>\n<link rel=\"canonical\" href=\"https:\/\/barcelona.euses.cat\/ca\/coneix-les-noves-tic-aplicades-a-la-salut-i-a-la-fisioterapia-estudiant-el-grau-en-fisioterapia-internacional-al-campus-de-la-ub\/\" \/>\n<meta property=\"og:locale\" content=\"ca_ES\" \/>\n<meta property=\"og:type\" content=\"article\" \/>\n<meta property=\"og:title\" content=\"Coneix les noves TIC aplicades a la salut i a la fisioter\u00e0pia, estudiant el Grau en Fisioter\u00e0pia Internacional al Campus de la UB | EUSES- Campus de Bellvitge (Barcelona)\" \/>\n<meta property=\"og:description\" content=\"Durant el Grau en Fisioter\u00e0pia Internacional de l\u2019Escola de Noves Tecnologies Interactives (ENTI-UB) i de l\u2019Escola Universit\u00e0ria de la Salut i l\u2019Esport (EUSES-UdG) aprendr\u00e0s a valorar, diagnosticar, dissenyar i desenvolupar tractaments, amb el doble valor afegit d\u2019estudiar en angl\u00e8s i d\u2019incorporar les noves tecnologies al camp de la salut i la fisioter\u00e0pia. Aix\u00ed doncs, coneixer\u00e0s [&hellip;]\" \/>\n<meta property=\"og:url\" content=\"https:\/\/barcelona.euses.cat\/ca\/coneix-les-noves-tic-aplicades-a-la-salut-i-a-la-fisioterapia-estudiant-el-grau-en-fisioterapia-internacional-al-campus-de-la-ub\/\" \/>\n<meta property=\"og:site_name\" content=\"EUSES- Campus de Bellvitge (Barcelona)\" \/>\n<meta property=\"article:publisher\" content=\"https:\/\/www.facebook.com\/PhysioBCN\/\" \/>\n<meta property=\"article:published_time\" content=\"2016-09-18T22:00:00+00:00\" \/>\n<meta property=\"article:modified_time\" content=\"2019-06-03T11:03:16+00:00\" \/>\n<meta property=\"og:image\" content=\"https:\/\/barcelona.euses.cat\/wp-content\/uploads\/2018\/02\/Coneix-les-noves-TIC-aplicades-a-la-salut-i-a-la-fisioter\u00e0pia-estudiant-el-Grau-en-Fisioter\u00e0pia-Internacional-al-Campus-de-la-UB.jpg\" \/>\n\t<meta property=\"og:image:width\" content=\"1157\" \/>\n\t<meta property=\"og:image:height\" content=\"797\" \/>\n\t<meta property=\"og:image:type\" content=\"image\/jpeg\" \/>\n<meta name=\"author\" content=\"neorg\" \/>\n<meta name=\"twitter:card\" content=\"summary_large_image\" \/>\n<meta name=\"twitter:label1\" content=\"Escrit per\" \/>\n\t<meta name=\"twitter:data1\" content=\"neorg\" \/>\n\t<meta name=\"twitter:label2\" content=\"Temps estimat de lectura\" \/>\n\t<meta name=\"twitter:data2\" content=\"2 minuts\" \/>\n<script type=\"application\/ld+json\" class=\"yoast-schema-graph\">{\"@context\":\"https:\\\/\\\/schema.org\",\"@graph\":[{\"@type\":\"Article\",\"@id\":\"https:\\\/\\\/barcelona.euses.cat\\\/ca\\\/coneix-les-noves-tic-aplicades-a-la-salut-i-a-la-fisioterapia-estudiant-el-grau-en-fisioterapia-internacional-al-campus-de-la-ub\\\/#article\",\"isPartOf\":{\"@id\":\"https:\\\/\\\/barcelona.euses.cat\\\/ca\\\/coneix-les-noves-tic-aplicades-a-la-salut-i-a-la-fisioterapia-estudiant-el-grau-en-fisioterapia-internacional-al-campus-de-la-ub\\\/\"},\"author\":{\"name\":\"neorg\",\"@id\":\"https:\\\/\\\/barcelona.euses.cat\\\/ca\\\/#\\\/schema\\\/person\\\/c3074ca9d956eacf02e41e2ff78e53ab\"},\"headline\":\"Coneix les noves TIC aplicades a la salut i a la fisioter\u00e0pia, estudiant el Grau en Fisioter\u00e0pia Internacional al Campus de la UB\",\"datePublished\":\"2016-09-18T22:00:00+00:00\",\"dateModified\":\"2019-06-03T11:03:16+00:00\",\"mainEntityOfPage\":{\"@id\":\"https:\\\/\\\/barcelona.euses.cat\\\/ca\\\/coneix-les-noves-tic-aplicades-a-la-salut-i-a-la-fisioterapia-estudiant-el-grau-en-fisioterapia-internacional-al-campus-de-la-ub\\\/\"},\"wordCount\":419,\"image\":{\"@id\":\"https:\\\/\\\/barcelona.euses.cat\\\/ca\\\/coneix-les-noves-tic-aplicades-a-la-salut-i-a-la-fisioterapia-estudiant-el-grau-en-fisioterapia-internacional-al-campus-de-la-ub\\\/#primaryimage\"},\"thumbnailUrl\":\"https:\\\/\\\/barcelona.euses.cat\\\/wp-content\\\/uploads\\\/2018\\\/02\\\/Coneix-les-noves-TIC-aplicades-a-la-salut-i-a-la-fisioter\u00e0pia-estudiant-el-Grau-en-Fisioter\u00e0pia-Internacional-al-Campus-de-la-UB.jpg\",\"keywords\":[\"Catal\u00e0\"],\"articleSection\":[\"sense categoria\"],\"inLanguage\":\"ca\"},{\"@type\":\"WebPage\",\"@id\":\"https:\\\/\\\/barcelona.euses.cat\\\/ca\\\/coneix-les-noves-tic-aplicades-a-la-salut-i-a-la-fisioterapia-estudiant-el-grau-en-fisioterapia-internacional-al-campus-de-la-ub\\\/\",\"url\":\"https:\\\/\\\/barcelona.euses.cat\\\/ca\\\/coneix-les-noves-tic-aplicades-a-la-salut-i-a-la-fisioterapia-estudiant-el-grau-en-fisioterapia-internacional-al-campus-de-la-ub\\\/\",\"name\":\"Coneix les noves TIC aplicades a la salut i a la fisioter\u00e0pia, estudiant el Grau en Fisioter\u00e0pia Internacional al Campus de la UB | EUSES- Campus de Bellvitge (Barcelona)\",\"isPartOf\":{\"@id\":\"https:\\\/\\\/barcelona.euses.cat\\\/ca\\\/#website\"},\"primaryImageOfPage\":{\"@id\":\"https:\\\/\\\/barcelona.euses.cat\\\/ca\\\/coneix-les-noves-tic-aplicades-a-la-salut-i-a-la-fisioterapia-estudiant-el-grau-en-fisioterapia-internacional-al-campus-de-la-ub\\\/#primaryimage\"},\"image\":{\"@id\":\"https:\\\/\\\/barcelona.euses.cat\\\/ca\\\/coneix-les-noves-tic-aplicades-a-la-salut-i-a-la-fisioterapia-estudiant-el-grau-en-fisioterapia-internacional-al-campus-de-la-ub\\\/#primaryimage\"},\"thumbnailUrl\":\"https:\\\/\\\/barcelona.euses.cat\\\/wp-content\\\/uploads\\\/2018\\\/02\\\/Coneix-les-noves-TIC-aplicades-a-la-salut-i-a-la-fisioter\u00e0pia-estudiant-el-Grau-en-Fisioter\u00e0pia-Internacional-al-Campus-de-la-UB.jpg\",\"datePublished\":\"2016-09-18T22:00:00+00:00\",\"dateModified\":\"2019-06-03T11:03:16+00:00\",\"author\":{\"@id\":\"https:\\\/\\\/barcelona.euses.cat\\\/ca\\\/#\\\/schema\\\/person\\\/c3074ca9d956eacf02e41e2ff78e53ab\"},\"breadcrumb\":{\"@id\":\"https:\\\/\\\/barcelona.euses.cat\\\/ca\\\/coneix-les-noves-tic-aplicades-a-la-salut-i-a-la-fisioterapia-estudiant-el-grau-en-fisioterapia-internacional-al-campus-de-la-ub\\\/#breadcrumb\"},\"inLanguage\":\"ca\",\"potentialAction\":[{\"@type\":\"ReadAction\",\"target\":[\"https:\\\/\\\/barcelona.euses.cat\\\/ca\\\/coneix-les-noves-tic-aplicades-a-la-salut-i-a-la-fisioterapia-estudiant-el-grau-en-fisioterapia-internacional-al-campus-de-la-ub\\\/\"]}]},{\"@type\":\"ImageObject\",\"inLanguage\":\"ca\",\"@id\":\"https:\\\/\\\/barcelona.euses.cat\\\/ca\\\/coneix-les-noves-tic-aplicades-a-la-salut-i-a-la-fisioterapia-estudiant-el-grau-en-fisioterapia-internacional-al-campus-de-la-ub\\\/#primaryimage\",\"url\":\"https:\\\/\\\/barcelona.euses.cat\\\/wp-content\\\/uploads\\\/2018\\\/02\\\/Coneix-les-noves-TIC-aplicades-a-la-salut-i-a-la-fisioter\u00e0pia-estudiant-el-Grau-en-Fisioter\u00e0pia-Internacional-al-Campus-de-la-UB.jpg\",\"contentUrl\":\"https:\\\/\\\/barcelona.euses.cat\\\/wp-content\\\/uploads\\\/2018\\\/02\\\/Coneix-les-noves-TIC-aplicades-a-la-salut-i-a-la-fisioter\u00e0pia-estudiant-el-Grau-en-Fisioter\u00e0pia-Internacional-al-Campus-de-la-UB.jpg\",\"width\":1157,\"height\":797},{\"@type\":\"BreadcrumbList\",\"@id\":\"https:\\\/\\\/barcelona.euses.cat\\\/ca\\\/coneix-les-noves-tic-aplicades-a-la-salut-i-a-la-fisioterapia-estudiant-el-grau-en-fisioterapia-internacional-al-campus-de-la-ub\\\/#breadcrumb\",\"itemListElement\":[{\"@type\":\"ListItem\",\"position\":1,\"name\":\"Portada\",\"item\":\"https:\\\/\\\/barcelona.euses.cat\\\/ca\\\/\"},{\"@type\":\"ListItem\",\"position\":2,\"name\":\"Coneix les noves TIC aplicades a la salut i a la fisioter\u00e0pia, estudiant el Grau en Fisioter\u00e0pia Internacional al Campus de la UB\"}]},{\"@type\":\"WebSite\",\"@id\":\"https:\\\/\\\/barcelona.euses.cat\\\/ca\\\/#website\",\"url\":\"https:\\\/\\\/barcelona.euses.cat\\\/ca\\\/\",\"name\":\"EUSES - Campus de Bellvitge (Barcelona)\",\"description\":\"EUSES, Escola Universit\u00e0ria de Fisioter\u00e0pia Internacional a Barcelona\",\"potentialAction\":[{\"@type\":\"SearchAction\",\"target\":{\"@type\":\"EntryPoint\",\"urlTemplate\":\"https:\\\/\\\/barcelona.euses.cat\\\/ca\\\/?s={search_term_string}\"},\"query-input\":{\"@type\":\"PropertyValueSpecification\",\"valueRequired\":true,\"valueName\":\"search_term_string\"}}],\"inLanguage\":\"ca\"},{\"@type\":\"Person\",\"@id\":\"https:\\\/\\\/barcelona.euses.cat\\\/ca\\\/#\\\/schema\\\/person\\\/c3074ca9d956eacf02e41e2ff78e53ab\",\"name\":\"neorg\",\"image\":{\"@type\":\"ImageObject\",\"inLanguage\":\"ca\",\"@id\":\"https:\\\/\\\/secure.gravatar.com\\\/avatar\\\/709d3d8015183afa7401c02e2291a538cbfd4ffe62f4d86ce5f4871f22e86b09?s=96&d=mm&r=g\",\"url\":\"https:\\\/\\\/secure.gravatar.com\\\/avatar\\\/709d3d8015183afa7401c02e2291a538cbfd4ffe62f4d86ce5f4871f22e86b09?s=96&d=mm&r=g\",\"contentUrl\":\"https:\\\/\\\/secure.gravatar.com\\\/avatar\\\/709d3d8015183afa7401c02e2291a538cbfd4ffe62f4d86ce5f4871f22e86b09?s=96&d=mm&r=g\",\"caption\":\"neorg\"},\"url\":\"https:\\\/\\\/barcelona.euses.cat\\\/ca\\\/author\\\/neorg\\\/\"}]}<\/script>\n<!-- \/ Yoast SEO plugin. -->","yoast_head_json":{"title":"Coneix les noves TIC aplicades a la salut i a la fisioter\u00e0pia, estudiant el Grau en Fisioter\u00e0pia Internacional al Campus de la UB | EUSES- Campus de Bellvitge (Barcelona)","robots":{"index":"index","follow":"follow","max-snippet":"max-snippet:-1","max-image-preview":"max-image-preview:large","max-video-preview":"max-video-preview:-1"},"canonical":"https:\/\/barcelona.euses.cat\/ca\/coneix-les-noves-tic-aplicades-a-la-salut-i-a-la-fisioterapia-estudiant-el-grau-en-fisioterapia-internacional-al-campus-de-la-ub\/","og_locale":"ca_ES","og_type":"article","og_title":"Coneix les noves TIC aplicades a la salut i a la fisioter\u00e0pia, estudiant el Grau en Fisioter\u00e0pia Internacional al Campus de la UB | EUSES- Campus de Bellvitge (Barcelona)","og_description":"Durant el Grau en Fisioter\u00e0pia Internacional de l\u2019Escola de Noves Tecnologies Interactives (ENTI-UB) i de l\u2019Escola Universit\u00e0ria de la Salut i l\u2019Esport (EUSES-UdG) aprendr\u00e0s a valorar, diagnosticar, dissenyar i desenvolupar tractaments, amb el doble valor afegit d\u2019estudiar en angl\u00e8s i d\u2019incorporar les noves tecnologies al camp de la salut i la fisioter\u00e0pia. Aix\u00ed doncs, coneixer\u00e0s [&hellip;]","og_url":"https:\/\/barcelona.euses.cat\/ca\/coneix-les-noves-tic-aplicades-a-la-salut-i-a-la-fisioterapia-estudiant-el-grau-en-fisioterapia-internacional-al-campus-de-la-ub\/","og_site_name":"EUSES- Campus de Bellvitge (Barcelona)","article_publisher":"https:\/\/www.facebook.com\/PhysioBCN\/","article_published_time":"2016-09-18T22:00:00+00:00","article_modified_time":"2019-06-03T11:03:16+00:00","og_image":[{"width":1157,"height":797,"url":"https:\/\/barcelona.euses.cat\/wp-content\/uploads\/2018\/02\/Coneix-les-noves-TIC-aplicades-a-la-salut-i-a-la-fisioter\u00e0pia-estudiant-el-Grau-en-Fisioter\u00e0pia-Internacional-al-Campus-de-la-UB.jpg","type":"image\/jpeg"}],"author":"neorg","twitter_card":"summary_large_image","twitter_misc":{"Escrit per":"neorg","Temps estimat de lectura":"2 minuts"},"schema":{"@context":"https:\/\/schema.org","@graph":[{"@type":"Article","@id":"https:\/\/barcelona.euses.cat\/ca\/coneix-les-noves-tic-aplicades-a-la-salut-i-a-la-fisioterapia-estudiant-el-grau-en-fisioterapia-internacional-al-campus-de-la-ub\/#article","isPartOf":{"@id":"https:\/\/barcelona.euses.cat\/ca\/coneix-les-noves-tic-aplicades-a-la-salut-i-a-la-fisioterapia-estudiant-el-grau-en-fisioterapia-internacional-al-campus-de-la-ub\/"},"author":{"name":"neorg","@id":"https:\/\/barcelona.euses.cat\/ca\/#\/schema\/person\/c3074ca9d956eacf02e41e2ff78e53ab"},"headline":"Coneix les noves TIC aplicades a la salut i a la fisioter\u00e0pia, estudiant el Grau en Fisioter\u00e0pia Internacional al Campus de la UB","datePublished":"2016-09-18T22:00:00+00:00","dateModified":"2019-06-03T11:03:16+00:00","mainEntityOfPage":{"@id":"https:\/\/barcelona.euses.cat\/ca\/coneix-les-noves-tic-aplicades-a-la-salut-i-a-la-fisioterapia-estudiant-el-grau-en-fisioterapia-internacional-al-campus-de-la-ub\/"},"wordCount":419,"image":{"@id":"https:\/\/barcelona.euses.cat\/ca\/coneix-les-noves-tic-aplicades-a-la-salut-i-a-la-fisioterapia-estudiant-el-grau-en-fisioterapia-internacional-al-campus-de-la-ub\/#primaryimage"},"thumbnailUrl":"https:\/\/barcelona.euses.cat\/wp-content\/uploads\/2018\/02\/Coneix-les-noves-TIC-aplicades-a-la-salut-i-a-la-fisioter\u00e0pia-estudiant-el-Grau-en-Fisioter\u00e0pia-Internacional-al-Campus-de-la-UB.jpg","keywords":["Catal\u00e0"],"articleSection":["sense categoria"],"inLanguage":"ca"},{"@type":"WebPage","@id":"https:\/\/barcelona.euses.cat\/ca\/coneix-les-noves-tic-aplicades-a-la-salut-i-a-la-fisioterapia-estudiant-el-grau-en-fisioterapia-internacional-al-campus-de-la-ub\/","url":"https:\/\/barcelona.euses.cat\/ca\/coneix-les-noves-tic-aplicades-a-la-salut-i-a-la-fisioterapia-estudiant-el-grau-en-fisioterapia-internacional-al-campus-de-la-ub\/","name":"Coneix les noves TIC aplicades a la salut i a la fisioter\u00e0pia, estudiant el Grau en Fisioter\u00e0pia Internacional al Campus de la UB | EUSES- Campus de Bellvitge (Barcelona)","isPartOf":{"@id":"https:\/\/barcelona.euses.cat\/ca\/#website"},"primaryImageOfPage":{"@id":"https:\/\/barcelona.euses.cat\/ca\/coneix-les-noves-tic-aplicades-a-la-salut-i-a-la-fisioterapia-estudiant-el-grau-en-fisioterapia-internacional-al-campus-de-la-ub\/#primaryimage"},"image":{"@id":"https:\/\/barcelona.euses.cat\/ca\/coneix-les-noves-tic-aplicades-a-la-salut-i-a-la-fisioterapia-estudiant-el-grau-en-fisioterapia-internacional-al-campus-de-la-ub\/#primaryimage"},"thumbnailUrl":"https:\/\/barcelona.euses.cat\/wp-content\/uploads\/2018\/02\/Coneix-les-noves-TIC-aplicades-a-la-salut-i-a-la-fisioter\u00e0pia-estudiant-el-Grau-en-Fisioter\u00e0pia-Internacional-al-Campus-de-la-UB.jpg","datePublished":"2016-09-18T22:00:00+00:00","dateModified":"2019-06-03T11:03:16+00:00","author":{"@id":"https:\/\/barcelona.euses.cat\/ca\/#\/schema\/person\/c3074ca9d956eacf02e41e2ff78e53ab"},"breadcrumb":{"@id":"https:\/\/barcelona.euses.cat\/ca\/coneix-les-noves-tic-aplicades-a-la-salut-i-a-la-fisioterapia-estudiant-el-grau-en-fisioterapia-internacional-al-campus-de-la-ub\/#breadcrumb"},"inLanguage":"ca","potentialAction":[{"@type":"ReadAction","target":["https:\/\/barcelona.euses.cat\/ca\/coneix-les-noves-tic-aplicades-a-la-salut-i-a-la-fisioterapia-estudiant-el-grau-en-fisioterapia-internacional-al-campus-de-la-ub\/"]}]},{"@type":"ImageObject","inLanguage":"ca","@id":"https:\/\/barcelona.euses.cat\/ca\/coneix-les-noves-tic-aplicades-a-la-salut-i-a-la-fisioterapia-estudiant-el-grau-en-fisioterapia-internacional-al-campus-de-la-ub\/#primaryimage","url":"https:\/\/barcelona.euses.cat\/wp-content\/uploads\/2018\/02\/Coneix-les-noves-TIC-aplicades-a-la-salut-i-a-la-fisioter\u00e0pia-estudiant-el-Grau-en-Fisioter\u00e0pia-Internacional-al-Campus-de-la-UB.jpg","contentUrl":"https:\/\/barcelona.euses.cat\/wp-content\/uploads\/2018\/02\/Coneix-les-noves-TIC-aplicades-a-la-salut-i-a-la-fisioter\u00e0pia-estudiant-el-Grau-en-Fisioter\u00e0pia-Internacional-al-Campus-de-la-UB.jpg","width":1157,"height":797},{"@type":"BreadcrumbList","@id":"https:\/\/barcelona.euses.cat\/ca\/coneix-les-noves-tic-aplicades-a-la-salut-i-a-la-fisioterapia-estudiant-el-grau-en-fisioterapia-internacional-al-campus-de-la-ub\/#breadcrumb","itemListElement":[{"@type":"ListItem","position":1,"name":"Portada","item":"https:\/\/barcelona.euses.cat\/ca\/"},{"@type":"ListItem","position":2,"name":"Coneix les noves TIC aplicades a la salut i a la fisioter\u00e0pia, estudiant el Grau en Fisioter\u00e0pia Internacional al Campus de la UB"}]},{"@type":"WebSite","@id":"https:\/\/barcelona.euses.cat\/ca\/#website","url":"https:\/\/barcelona.euses.cat\/ca\/","name":"EUSES - Campus de Bellvitge (Barcelona)","description":"EUSES, Escola Universit\u00e0ria de Fisioter\u00e0pia Internacional a Barcelona","potentialAction":[{"@type":"SearchAction","target":{"@type":"EntryPoint","urlTemplate":"https:\/\/barcelona.euses.cat\/ca\/?s={search_term_string}"},"query-input":{"@type":"PropertyValueSpecification","valueRequired":true,"valueName":"search_term_string"}}],"inLanguage":"ca"},{"@type":"Person","@id":"https:\/\/barcelona.euses.cat\/ca\/#\/schema\/person\/c3074ca9d956eacf02e41e2ff78e53ab","name":"neorg","image":{"@type":"ImageObject","inLanguage":"ca","@id":"https:\/\/secure.gravatar.com\/avatar\/709d3d8015183afa7401c02e2291a538cbfd4ffe62f4d86ce5f4871f22e86b09?s=96&d=mm&r=g","url":"https:\/\/secure.gravatar.com\/avatar\/709d3d8015183afa7401c02e2291a538cbfd4ffe62f4d86ce5f4871f22e86b09?s=96&d=mm&r=g","contentUrl":"https:\/\/secure.gravatar.com\/avatar\/709d3d8015183afa7401c02e2291a538cbfd4ffe62f4d86ce5f4871f22e86b09?s=96&d=mm&r=g","caption":"neorg"},"url":"https:\/\/barcelona.euses.cat\/ca\/author\/neorg\/"}]}},"_links":{"self":[{"href":"https:\/\/barcelona.euses.cat\/ca\/wp-json\/wp\/v2\/posts\/2441","targetHints":{"allow":["GET"]}}],"collection":[{"href":"https:\/\/barcelona.euses.cat\/ca\/wp-json\/wp\/v2\/posts"}],"about":[{"href":"https:\/\/barcelona.euses.cat\/ca\/wp-json\/wp\/v2\/types\/post"}],"author":[{"embeddable":true,"href":"https:\/\/barcelona.euses.cat\/ca\/wp-json\/wp\/v2\/users\/1"}],"replies":[{"embeddable":true,"href":"https:\/\/barcelona.euses.cat\/ca\/wp-json\/wp\/v2\/comments?post=2441"}],"version-history":[{"count":1,"href":"https:\/\/barcelona.euses.cat\/ca\/wp-json\/wp\/v2\/posts\/2441\/revisions"}],"predecessor-version":[{"id":6891,"href":"https:\/\/barcelona.euses.cat\/ca\/wp-json\/wp\/v2\/posts\/2441\/revisions\/6891"}],"wp:featuredmedia":[{"embeddable":true,"href":"https:\/\/barcelona.euses.cat\/ca\/wp-json\/wp\/v2\/media\/1646"}],"wp:attachment":[{"href":"https:\/\/barcelona.euses.cat\/ca\/wp-json\/wp\/v2\/media?parent=2441"}],"wp:term":[{"taxonomy":"category","embeddable":true,"href":"https:\/\/barcelona.euses.cat\/ca\/wp-json\/wp\/v2\/categories?post=2441"},{"taxonomy":"post_tag","embeddable":true,"href":"https:\/\/barcelona.euses.cat\/ca\/wp-json\/wp\/v2\/tags?post=2441"}],"curies":[{"name":"wp","href":"https:\/\/api.w.org\/{rel}","templated":true}]}}