{"id":12477,"date":"2025-04-11T19:18:22","date_gmt":"2025-04-11T17:18:22","guid":{"rendered":"https:\/\/barcelona.euses.cat\/?p=12477"},"modified":"2025-04-11T19:18:22","modified_gmt":"2025-04-11T17:18:22","slug":"el-talent-day-tanca-la-cinquena-edicio-havent-posat-a-labast-dels-alumnes-mes-de-160-ofertes-de-feina","status":"publish","type":"post","link":"https:\/\/barcelona.euses.cat\/ca\/el-talent-day-tanca-la-cinquena-edicio-havent-posat-a-labast-dels-alumnes-mes-de-160-ofertes-de-feina\/","title":{"rendered":"El Talent Day tanca la cinquena edici\u00f3 havent posat a l\u2019abast dels alumnes m\u00e9s de 160 ofertes de feina"},"content":{"rendered":"<p>La Fira Virtual de l\u2019Ocupaci\u00f3 i Orientaci\u00f3 Professional de l\u2019Escola Universit\u00e0ria de la Salut i l\u2019Esport va posar punt i final a la seva cinquena edici\u00f3, celebrada els dies 9 i 10 d\u2019abril, havent assolit tots els objectius marcats per la direcci\u00f3. Enguany, l\u2019organitzaci\u00f3 ha posat a l\u2019abast dels estudiants m\u00e9s de 160 ofertes laborals i han col\u00b7laborat en l\u2019esdeveniment m\u00e9s de 50 empreses. Tot plegat ha servit per crear una oportunitat \u00fanica de networking i creixement professional.<\/p>\n<p>El Talent Day ha tingut el seu centre neur\u00e0lgic en el Campus de Salt per\u00f2 s\u2019ha pogut seguir virtualment des dels altres campus del grup (Terres de l\u2019Ebre i Bellvitge). En els dos dies de Fira, l\u2019assist\u00e8ncia ha arribat fins a les 350 persones (especialment estudiants de quart curs, que son els qui a partir de l\u2019estiu es graduaran i faran la incursi\u00f3 al mercat laboral, per\u00f2 tamb\u00e9 als alumnes de 1r, 2n i 3r curs i associats d\u2019Alumni).<\/p>\n<p>L\u2019organitzaci\u00f3 ha dissenyat dues taules rodones amb estudiants sota els t\u00edtols: \u201cLa formaci\u00f3 de Postgrau a l\u2019EUSES\u201d i la \u201cCreaci\u00f3 d\u2019un centre propi\u201d i un total de sis confer\u00e8ncies, dues de les quals han estat presencials amb la professora N\u00farica Sanlleh\u00ed. Durant el Talent Day, els alumnes han pogut aprendre a fer curr\u00edculums i tamb\u00e9 els han pogut presentar i realitzar entrevistes de treball per videoconfer\u00e8ncia.<\/p>\n<p>EUSES es una de les universitats on la inserci\u00f3 laboral dels seus graduats \u00e9s m\u00e9s alta, ja que supera el 95%, cosa que consolida el centre com una de les plataformes m\u00e9s fiables de cares a fer el salt del m\u00f3n educatiu al professional.<\/p>\n\n\t\t<style type=\"text\/css\">\n\t\t\t#gallery-1 {\n\t\t\t\tmargin: auto;\n\t\t\t}\n\t\t\t#gallery-1 .gallery-item {\n\t\t\t\tfloat: left;\n\t\t\t\tmargin-top: 10px;\n\t\t\t\ttext-align: center;\n\t\t\t\twidth: 33%;\n\t\t\t}\n\t\t\t#gallery-1 img {\n\t\t\t\tborder: 2px solid #cfcfcf;\n\t\t\t}\n\t\t\t#gallery-1 .gallery-caption {\n\t\t\t\tmargin-left: 0;\n\t\t\t}\n\t\t\t\/* see gallery_shortcode() in wp-includes\/media.php *\/\n\t\t<\/style>\n\t\t<div id='gallery-1' class='gallery galleryid-12477 gallery-columns-3 gallery-size-medium'><dl class='gallery-item'>\n\t\t\t<dt class='gallery-icon portrait'>\n\t\t\t\t<a href='https:\/\/barcelona.euses.cat\/ca\/el-talent-day-tanca-la-cinquena-edicio-havent-posat-a-labast-dels-alumnes-mes-de-160-ofertes-de-feina\/talent-day-1-4\/'><img fetchpriority=\"high\" decoding=\"async\" width=\"226\" height=\"300\" src=\"https:\/\/barcelona.euses.cat\/wp-content\/uploads\/2025\/04\/talent-day-1-226x300.jpg\" class=\"attachment-medium size-medium\" alt=\"\" srcset=\"https:\/\/barcelona.euses.cat\/wp-content\/uploads\/2025\/04\/talent-day-1-226x300.jpg 226w, https:\/\/barcelona.euses.cat\/wp-content\/uploads\/2025\/04\/talent-day-1-771x1024.jpg 771w, https:\/\/barcelona.euses.cat\/wp-content\/uploads\/2025\/04\/talent-day-1-768x1020.jpg 768w, https:\/\/barcelona.euses.cat\/wp-content\/uploads\/2025\/04\/talent-day-1-1157x1536.jpg 1157w, https:\/\/barcelona.euses.cat\/wp-content\/uploads\/2025\/04\/talent-day-1-1542x2048.jpg 1542w, https:\/\/barcelona.euses.cat\/wp-content\/uploads\/2025\/04\/talent-day-1-151x200.jpg 151w, https:\/\/barcelona.euses.cat\/wp-content\/uploads\/2025\/04\/talent-day-1-290x385.jpg 290w, https:\/\/barcelona.euses.cat\/wp-content\/uploads\/2025\/04\/talent-day-1-400x531.jpg 400w, https:\/\/barcelona.euses.cat\/wp-content\/uploads\/2025\/04\/talent-day-1-scaled.jpg 1928w\" sizes=\"(max-width: 226px) 100vw, 226px\" \/><\/a>\n\t\t\t<\/dt><\/dl><dl class='gallery-item'>\n\t\t\t<dt class='gallery-icon landscape'>\n\t\t\t\t<a href='https:\/\/barcelona.euses.cat\/ca\/el-talent-day-tanca-la-cinquena-edicio-havent-posat-a-labast-dels-alumnes-mes-de-160-ofertes-de-feina\/talent-day-2-4\/'><img decoding=\"async\" width=\"300\" height=\"226\" src=\"https:\/\/barcelona.euses.cat\/wp-content\/uploads\/2025\/04\/talent-day-2-300x226.jpg\" class=\"attachment-medium size-medium\" alt=\"\" srcset=\"https:\/\/barcelona.euses.cat\/wp-content\/uploads\/2025\/04\/talent-day-2-300x226.jpg 300w, https:\/\/barcelona.euses.cat\/wp-content\/uploads\/2025\/04\/talent-day-2-1024x771.jpg 1024w, https:\/\/barcelona.euses.cat\/wp-content\/uploads\/2025\/04\/talent-day-2-768x578.jpg 768w, https:\/\/barcelona.euses.cat\/wp-content\/uploads\/2025\/04\/talent-day-2-1536x1157.jpg 1536w, https:\/\/barcelona.euses.cat\/wp-content\/uploads\/2025\/04\/talent-day-2-2048x1542.jpg 2048w, https:\/\/barcelona.euses.cat\/wp-content\/uploads\/2025\/04\/talent-day-2-266x200.jpg 266w, https:\/\/barcelona.euses.cat\/wp-content\/uploads\/2025\/04\/talent-day-2-700x525.jpg 700w\" sizes=\"(max-width: 300px) 100vw, 300px\" \/><\/a>\n\t\t\t<\/dt><\/dl><dl class='gallery-item'>\n\t\t\t<dt class='gallery-icon portrait'>\n\t\t\t\t<a href='https:\/\/barcelona.euses.cat\/ca\/el-talent-day-tanca-la-cinquena-edicio-havent-posat-a-labast-dels-alumnes-mes-de-160-ofertes-de-feina\/talent-day-3-4\/'><img decoding=\"async\" width=\"226\" height=\"300\" src=\"https:\/\/barcelona.euses.cat\/wp-content\/uploads\/2025\/04\/talent-day-3-226x300.jpg\" class=\"attachment-medium size-medium\" alt=\"\" srcset=\"https:\/\/barcelona.euses.cat\/wp-content\/uploads\/2025\/04\/talent-day-3-226x300.jpg 226w, https:\/\/barcelona.euses.cat\/wp-content\/uploads\/2025\/04\/talent-day-3-771x1024.jpg 771w, https:\/\/barcelona.euses.cat\/wp-content\/uploads\/2025\/04\/talent-day-3-768x1020.jpg 768w, https:\/\/barcelona.euses.cat\/wp-content\/uploads\/2025\/04\/talent-day-3-1157x1536.jpg 1157w, https:\/\/barcelona.euses.cat\/wp-content\/uploads\/2025\/04\/talent-day-3-1542x2048.jpg 1542w, https:\/\/barcelona.euses.cat\/wp-content\/uploads\/2025\/04\/talent-day-3-151x200.jpg 151w, https:\/\/barcelona.euses.cat\/wp-content\/uploads\/2025\/04\/talent-day-3-290x385.jpg 290w, https:\/\/barcelona.euses.cat\/wp-content\/uploads\/2025\/04\/talent-day-3-400x531.jpg 400w, https:\/\/barcelona.euses.cat\/wp-content\/uploads\/2025\/04\/talent-day-3-scaled.jpg 1928w\" sizes=\"(max-width: 226px) 100vw, 226px\" \/><\/a>\n\t\t\t<\/dt><\/dl><br style=\"clear: both\" \/>\n\t\t<\/div>\n\n","protected":false},"excerpt":{"rendered":"<p>La Fira Virtual de l\u2019Ocupaci\u00f3 i Orientaci\u00f3 Professional de l\u2019Escola Universit\u00e0ria de la Salut i l\u2019Esport va posar punt i final a la seva cinquena edici\u00f3, celebrada els dies 9 i 10 d\u2019abril, havent assolit tots els objectius marcats per la direcci\u00f3. Enguany, l\u2019organitzaci\u00f3 ha posat a l\u2019abast dels estudiants m\u00e9s de 160 ofertes laborals [&hellip;]<\/p>\n","protected":false},"author":3,"featured_media":12479,"comment_status":"open","ping_status":"closed","sticky":false,"template":"","format":"standard","meta":{"_acf_changed":false,"inline_featured_image":false,"_joinchat":[],"footnotes":""},"categories":[46],"tags":[],"class_list":["post-12477","post","type-post","status-publish","format-standard","has-post-thumbnail","hentry","category-sense-categoria"],"acf":[],"yoast_head":"<!-- This site is optimized with the Yoast SEO plugin v27.4 - https:\/\/yoast.com\/product\/yoast-seo-wordpress\/ -->\n<title>El Talent Day tanca la cinquena edici\u00f3 havent posat a l\u2019abast dels alumnes m\u00e9s de 160 ofertes de feina | EUSES- Campus de Bellvitge (Barcelona)<\/title>\n<meta name=\"robots\" content=\"index, follow, max-snippet:-1, max-image-preview:large, max-video-preview:-1\" \/>\n<link rel=\"canonical\" href=\"https:\/\/barcelona.euses.cat\/ca\/el-talent-day-tanca-la-cinquena-edicio-havent-posat-a-labast-dels-alumnes-mes-de-160-ofertes-de-feina\/\" \/>\n<meta property=\"og:locale\" content=\"ca_ES\" \/>\n<meta property=\"og:type\" content=\"article\" \/>\n<meta property=\"og:title\" content=\"El Talent Day tanca la cinquena edici\u00f3 havent posat a l\u2019abast dels alumnes m\u00e9s de 160 ofertes de feina | EUSES- Campus de Bellvitge (Barcelona)\" \/>\n<meta property=\"og:description\" content=\"La Fira Virtual de l\u2019Ocupaci\u00f3 i Orientaci\u00f3 Professional de l\u2019Escola Universit\u00e0ria de la Salut i l\u2019Esport va posar punt i final a la seva cinquena edici\u00f3, celebrada els dies 9 i 10 d\u2019abril, havent assolit tots els objectius marcats per la direcci\u00f3. Enguany, l\u2019organitzaci\u00f3 ha posat a l\u2019abast dels estudiants m\u00e9s de 160 ofertes laborals [&hellip;]\" \/>\n<meta property=\"og:url\" content=\"https:\/\/barcelona.euses.cat\/ca\/el-talent-day-tanca-la-cinquena-edicio-havent-posat-a-labast-dels-alumnes-mes-de-160-ofertes-de-feina\/\" \/>\n<meta property=\"og:site_name\" content=\"EUSES- Campus de Bellvitge (Barcelona)\" \/>\n<meta property=\"article:publisher\" content=\"https:\/\/www.facebook.com\/PhysioBCN\/\" \/>\n<meta property=\"article:published_time\" content=\"2025-04-11T17:18:22+00:00\" \/>\n<meta property=\"og:image\" content=\"https:\/\/barcelona.euses.cat\/wp-content\/uploads\/2025\/04\/talent-day-4-scaled.jpg\" \/>\n\t<meta property=\"og:image:width\" content=\"1928\" \/>\n\t<meta property=\"og:image:height\" content=\"2560\" \/>\n\t<meta property=\"og:image:type\" content=\"image\/jpeg\" \/>\n<meta name=\"author\" content=\"Jordi Danes\" \/>\n<meta name=\"twitter:card\" content=\"summary_large_image\" \/>\n<meta name=\"twitter:label1\" content=\"Escrit per\" \/>\n\t<meta name=\"twitter:data1\" content=\"Jordi Danes\" \/>\n\t<meta name=\"twitter:label2\" content=\"Temps estimat de lectura\" \/>\n\t<meta name=\"twitter:data2\" content=\"2 minuts\" \/>\n<script type=\"application\/ld+json\" class=\"yoast-schema-graph\">{\"@context\":\"https:\\\/\\\/schema.org\",\"@graph\":[{\"@type\":\"Article\",\"@id\":\"https:\\\/\\\/barcelona.euses.cat\\\/ca\\\/el-talent-day-tanca-la-cinquena-edicio-havent-posat-a-labast-dels-alumnes-mes-de-160-ofertes-de-feina\\\/#article\",\"isPartOf\":{\"@id\":\"https:\\\/\\\/barcelona.euses.cat\\\/ca\\\/el-talent-day-tanca-la-cinquena-edicio-havent-posat-a-labast-dels-alumnes-mes-de-160-ofertes-de-feina\\\/\"},\"author\":{\"name\":\"Jordi Danes\",\"@id\":\"https:\\\/\\\/barcelona.euses.cat\\\/ca\\\/#\\\/schema\\\/person\\\/8ab46080dfc4814fa59383db317735bd\"},\"headline\":\"El Talent Day tanca la cinquena edici\u00f3 havent posat a l\u2019abast dels alumnes m\u00e9s de 160 ofertes de feina\",\"datePublished\":\"2025-04-11T17:18:22+00:00\",\"mainEntityOfPage\":{\"@id\":\"https:\\\/\\\/barcelona.euses.cat\\\/ca\\\/el-talent-day-tanca-la-cinquena-edicio-havent-posat-a-labast-dels-alumnes-mes-de-160-ofertes-de-feina\\\/\"},\"wordCount\":314,\"commentCount\":0,\"image\":{\"@id\":\"https:\\\/\\\/barcelona.euses.cat\\\/ca\\\/el-talent-day-tanca-la-cinquena-edicio-havent-posat-a-labast-dels-alumnes-mes-de-160-ofertes-de-feina\\\/#primaryimage\"},\"thumbnailUrl\":\"https:\\\/\\\/barcelona.euses.cat\\\/wp-content\\\/uploads\\\/2025\\\/04\\\/talent-day-4-scaled.jpg\",\"articleSection\":[\"sense categoria\"],\"inLanguage\":\"ca\"},{\"@type\":\"WebPage\",\"@id\":\"https:\\\/\\\/barcelona.euses.cat\\\/ca\\\/el-talent-day-tanca-la-cinquena-edicio-havent-posat-a-labast-dels-alumnes-mes-de-160-ofertes-de-feina\\\/\",\"url\":\"https:\\\/\\\/barcelona.euses.cat\\\/ca\\\/el-talent-day-tanca-la-cinquena-edicio-havent-posat-a-labast-dels-alumnes-mes-de-160-ofertes-de-feina\\\/\",\"name\":\"El Talent Day tanca la cinquena edici\u00f3 havent posat a l\u2019abast dels alumnes m\u00e9s de 160 ofertes de feina | EUSES- Campus de Bellvitge (Barcelona)\",\"isPartOf\":{\"@id\":\"https:\\\/\\\/barcelona.euses.cat\\\/ca\\\/#website\"},\"primaryImageOfPage\":{\"@id\":\"https:\\\/\\\/barcelona.euses.cat\\\/ca\\\/el-talent-day-tanca-la-cinquena-edicio-havent-posat-a-labast-dels-alumnes-mes-de-160-ofertes-de-feina\\\/#primaryimage\"},\"image\":{\"@id\":\"https:\\\/\\\/barcelona.euses.cat\\\/ca\\\/el-talent-day-tanca-la-cinquena-edicio-havent-posat-a-labast-dels-alumnes-mes-de-160-ofertes-de-feina\\\/#primaryimage\"},\"thumbnailUrl\":\"https:\\\/\\\/barcelona.euses.cat\\\/wp-content\\\/uploads\\\/2025\\\/04\\\/talent-day-4-scaled.jpg\",\"datePublished\":\"2025-04-11T17:18:22+00:00\",\"author\":{\"@id\":\"https:\\\/\\\/barcelona.euses.cat\\\/ca\\\/#\\\/schema\\\/person\\\/8ab46080dfc4814fa59383db317735bd\"},\"breadcrumb\":{\"@id\":\"https:\\\/\\\/barcelona.euses.cat\\\/ca\\\/el-talent-day-tanca-la-cinquena-edicio-havent-posat-a-labast-dels-alumnes-mes-de-160-ofertes-de-feina\\\/#breadcrumb\"},\"inLanguage\":\"ca\",\"potentialAction\":[{\"@type\":\"ReadAction\",\"target\":[\"https:\\\/\\\/barcelona.euses.cat\\\/ca\\\/el-talent-day-tanca-la-cinquena-edicio-havent-posat-a-labast-dels-alumnes-mes-de-160-ofertes-de-feina\\\/\"]}]},{\"@type\":\"ImageObject\",\"inLanguage\":\"ca\",\"@id\":\"https:\\\/\\\/barcelona.euses.cat\\\/ca\\\/el-talent-day-tanca-la-cinquena-edicio-havent-posat-a-labast-dels-alumnes-mes-de-160-ofertes-de-feina\\\/#primaryimage\",\"url\":\"https:\\\/\\\/barcelona.euses.cat\\\/wp-content\\\/uploads\\\/2025\\\/04\\\/talent-day-4-scaled.jpg\",\"contentUrl\":\"https:\\\/\\\/barcelona.euses.cat\\\/wp-content\\\/uploads\\\/2025\\\/04\\\/talent-day-4-scaled.jpg\",\"width\":1928,\"height\":2560},{\"@type\":\"BreadcrumbList\",\"@id\":\"https:\\\/\\\/barcelona.euses.cat\\\/ca\\\/el-talent-day-tanca-la-cinquena-edicio-havent-posat-a-labast-dels-alumnes-mes-de-160-ofertes-de-feina\\\/#breadcrumb\",\"itemListElement\":[{\"@type\":\"ListItem\",\"position\":1,\"name\":\"Portada\",\"item\":\"https:\\\/\\\/barcelona.euses.cat\\\/ca\\\/\"},{\"@type\":\"ListItem\",\"position\":2,\"name\":\"El Talent Day tanca la cinquena edici\u00f3 havent posat a l\u2019abast dels alumnes m\u00e9s de 160 ofertes de feina\"}]},{\"@type\":\"WebSite\",\"@id\":\"https:\\\/\\\/barcelona.euses.cat\\\/ca\\\/#website\",\"url\":\"https:\\\/\\\/barcelona.euses.cat\\\/ca\\\/\",\"name\":\"EUSES - Campus de Bellvitge (Barcelona)\",\"description\":\"EUSES, Escola Universit\u00e0ria de Fisioter\u00e0pia Internacional a Barcelona\",\"potentialAction\":[{\"@type\":\"SearchAction\",\"target\":{\"@type\":\"EntryPoint\",\"urlTemplate\":\"https:\\\/\\\/barcelona.euses.cat\\\/ca\\\/?s={search_term_string}\"},\"query-input\":{\"@type\":\"PropertyValueSpecification\",\"valueRequired\":true,\"valueName\":\"search_term_string\"}}],\"inLanguage\":\"ca\"},{\"@type\":\"Person\",\"@id\":\"https:\\\/\\\/barcelona.euses.cat\\\/ca\\\/#\\\/schema\\\/person\\\/8ab46080dfc4814fa59383db317735bd\",\"name\":\"Jordi Danes\",\"image\":{\"@type\":\"ImageObject\",\"inLanguage\":\"ca\",\"@id\":\"https:\\\/\\\/secure.gravatar.com\\\/avatar\\\/a9e4f443b594af225625ee8cfa665e41b1e0740ea34fbe0515b4ca559f8570ef?s=96&d=mm&r=g\",\"url\":\"https:\\\/\\\/secure.gravatar.com\\\/avatar\\\/a9e4f443b594af225625ee8cfa665e41b1e0740ea34fbe0515b4ca559f8570ef?s=96&d=mm&r=g\",\"contentUrl\":\"https:\\\/\\\/secure.gravatar.com\\\/avatar\\\/a9e4f443b594af225625ee8cfa665e41b1e0740ea34fbe0515b4ca559f8570ef?s=96&d=mm&r=g\",\"caption\":\"Jordi Danes\"},\"url\":\"https:\\\/\\\/barcelona.euses.cat\\\/ca\\\/author\\\/jordi-danes\\\/\"}]}<\/script>\n<!-- \/ Yoast SEO plugin. -->","yoast_head_json":{"title":"El Talent Day tanca la cinquena edici\u00f3 havent posat a l\u2019abast dels alumnes m\u00e9s de 160 ofertes de feina | EUSES- Campus de Bellvitge (Barcelona)","robots":{"index":"index","follow":"follow","max-snippet":"max-snippet:-1","max-image-preview":"max-image-preview:large","max-video-preview":"max-video-preview:-1"},"canonical":"https:\/\/barcelona.euses.cat\/ca\/el-talent-day-tanca-la-cinquena-edicio-havent-posat-a-labast-dels-alumnes-mes-de-160-ofertes-de-feina\/","og_locale":"ca_ES","og_type":"article","og_title":"El Talent Day tanca la cinquena edici\u00f3 havent posat a l\u2019abast dels alumnes m\u00e9s de 160 ofertes de feina | EUSES- Campus de Bellvitge (Barcelona)","og_description":"La Fira Virtual de l\u2019Ocupaci\u00f3 i Orientaci\u00f3 Professional de l\u2019Escola Universit\u00e0ria de la Salut i l\u2019Esport va posar punt i final a la seva cinquena edici\u00f3, celebrada els dies 9 i 10 d\u2019abril, havent assolit tots els objectius marcats per la direcci\u00f3. Enguany, l\u2019organitzaci\u00f3 ha posat a l\u2019abast dels estudiants m\u00e9s de 160 ofertes laborals [&hellip;]","og_url":"https:\/\/barcelona.euses.cat\/ca\/el-talent-day-tanca-la-cinquena-edicio-havent-posat-a-labast-dels-alumnes-mes-de-160-ofertes-de-feina\/","og_site_name":"EUSES- Campus de Bellvitge (Barcelona)","article_publisher":"https:\/\/www.facebook.com\/PhysioBCN\/","article_published_time":"2025-04-11T17:18:22+00:00","og_image":[{"width":1928,"height":2560,"url":"https:\/\/barcelona.euses.cat\/wp-content\/uploads\/2025\/04\/talent-day-4-scaled.jpg","type":"image\/jpeg"}],"author":"Jordi Danes","twitter_card":"summary_large_image","twitter_misc":{"Escrit per":"Jordi Danes","Temps estimat de lectura":"2 minuts"},"schema":{"@context":"https:\/\/schema.org","@graph":[{"@type":"Article","@id":"https:\/\/barcelona.euses.cat\/ca\/el-talent-day-tanca-la-cinquena-edicio-havent-posat-a-labast-dels-alumnes-mes-de-160-ofertes-de-feina\/#article","isPartOf":{"@id":"https:\/\/barcelona.euses.cat\/ca\/el-talent-day-tanca-la-cinquena-edicio-havent-posat-a-labast-dels-alumnes-mes-de-160-ofertes-de-feina\/"},"author":{"name":"Jordi Danes","@id":"https:\/\/barcelona.euses.cat\/ca\/#\/schema\/person\/8ab46080dfc4814fa59383db317735bd"},"headline":"El Talent Day tanca la cinquena edici\u00f3 havent posat a l\u2019abast dels alumnes m\u00e9s de 160 ofertes de feina","datePublished":"2025-04-11T17:18:22+00:00","mainEntityOfPage":{"@id":"https:\/\/barcelona.euses.cat\/ca\/el-talent-day-tanca-la-cinquena-edicio-havent-posat-a-labast-dels-alumnes-mes-de-160-ofertes-de-feina\/"},"wordCount":314,"commentCount":0,"image":{"@id":"https:\/\/barcelona.euses.cat\/ca\/el-talent-day-tanca-la-cinquena-edicio-havent-posat-a-labast-dels-alumnes-mes-de-160-ofertes-de-feina\/#primaryimage"},"thumbnailUrl":"https:\/\/barcelona.euses.cat\/wp-content\/uploads\/2025\/04\/talent-day-4-scaled.jpg","articleSection":["sense categoria"],"inLanguage":"ca"},{"@type":"WebPage","@id":"https:\/\/barcelona.euses.cat\/ca\/el-talent-day-tanca-la-cinquena-edicio-havent-posat-a-labast-dels-alumnes-mes-de-160-ofertes-de-feina\/","url":"https:\/\/barcelona.euses.cat\/ca\/el-talent-day-tanca-la-cinquena-edicio-havent-posat-a-labast-dels-alumnes-mes-de-160-ofertes-de-feina\/","name":"El Talent Day tanca la cinquena edici\u00f3 havent posat a l\u2019abast dels alumnes m\u00e9s de 160 ofertes de feina | EUSES- Campus de Bellvitge (Barcelona)","isPartOf":{"@id":"https:\/\/barcelona.euses.cat\/ca\/#website"},"primaryImageOfPage":{"@id":"https:\/\/barcelona.euses.cat\/ca\/el-talent-day-tanca-la-cinquena-edicio-havent-posat-a-labast-dels-alumnes-mes-de-160-ofertes-de-feina\/#primaryimage"},"image":{"@id":"https:\/\/barcelona.euses.cat\/ca\/el-talent-day-tanca-la-cinquena-edicio-havent-posat-a-labast-dels-alumnes-mes-de-160-ofertes-de-feina\/#primaryimage"},"thumbnailUrl":"https:\/\/barcelona.euses.cat\/wp-content\/uploads\/2025\/04\/talent-day-4-scaled.jpg","datePublished":"2025-04-11T17:18:22+00:00","author":{"@id":"https:\/\/barcelona.euses.cat\/ca\/#\/schema\/person\/8ab46080dfc4814fa59383db317735bd"},"breadcrumb":{"@id":"https:\/\/barcelona.euses.cat\/ca\/el-talent-day-tanca-la-cinquena-edicio-havent-posat-a-labast-dels-alumnes-mes-de-160-ofertes-de-feina\/#breadcrumb"},"inLanguage":"ca","potentialAction":[{"@type":"ReadAction","target":["https:\/\/barcelona.euses.cat\/ca\/el-talent-day-tanca-la-cinquena-edicio-havent-posat-a-labast-dels-alumnes-mes-de-160-ofertes-de-feina\/"]}]},{"@type":"ImageObject","inLanguage":"ca","@id":"https:\/\/barcelona.euses.cat\/ca\/el-talent-day-tanca-la-cinquena-edicio-havent-posat-a-labast-dels-alumnes-mes-de-160-ofertes-de-feina\/#primaryimage","url":"https:\/\/barcelona.euses.cat\/wp-content\/uploads\/2025\/04\/talent-day-4-scaled.jpg","contentUrl":"https:\/\/barcelona.euses.cat\/wp-content\/uploads\/2025\/04\/talent-day-4-scaled.jpg","width":1928,"height":2560},{"@type":"BreadcrumbList","@id":"https:\/\/barcelona.euses.cat\/ca\/el-talent-day-tanca-la-cinquena-edicio-havent-posat-a-labast-dels-alumnes-mes-de-160-ofertes-de-feina\/#breadcrumb","itemListElement":[{"@type":"ListItem","position":1,"name":"Portada","item":"https:\/\/barcelona.euses.cat\/ca\/"},{"@type":"ListItem","position":2,"name":"El Talent Day tanca la cinquena edici\u00f3 havent posat a l\u2019abast dels alumnes m\u00e9s de 160 ofertes de feina"}]},{"@type":"WebSite","@id":"https:\/\/barcelona.euses.cat\/ca\/#website","url":"https:\/\/barcelona.euses.cat\/ca\/","name":"EUSES - Campus de Bellvitge (Barcelona)","description":"EUSES, Escola Universit\u00e0ria de Fisioter\u00e0pia Internacional a Barcelona","potentialAction":[{"@type":"SearchAction","target":{"@type":"EntryPoint","urlTemplate":"https:\/\/barcelona.euses.cat\/ca\/?s={search_term_string}"},"query-input":{"@type":"PropertyValueSpecification","valueRequired":true,"valueName":"search_term_string"}}],"inLanguage":"ca"},{"@type":"Person","@id":"https:\/\/barcelona.euses.cat\/ca\/#\/schema\/person\/8ab46080dfc4814fa59383db317735bd","name":"Jordi Danes","image":{"@type":"ImageObject","inLanguage":"ca","@id":"https:\/\/secure.gravatar.com\/avatar\/a9e4f443b594af225625ee8cfa665e41b1e0740ea34fbe0515b4ca559f8570ef?s=96&d=mm&r=g","url":"https:\/\/secure.gravatar.com\/avatar\/a9e4f443b594af225625ee8cfa665e41b1e0740ea34fbe0515b4ca559f8570ef?s=96&d=mm&r=g","contentUrl":"https:\/\/secure.gravatar.com\/avatar\/a9e4f443b594af225625ee8cfa665e41b1e0740ea34fbe0515b4ca559f8570ef?s=96&d=mm&r=g","caption":"Jordi Danes"},"url":"https:\/\/barcelona.euses.cat\/ca\/author\/jordi-danes\/"}]}},"_links":{"self":[{"href":"https:\/\/barcelona.euses.cat\/ca\/wp-json\/wp\/v2\/posts\/12477","targetHints":{"allow":["GET"]}}],"collection":[{"href":"https:\/\/barcelona.euses.cat\/ca\/wp-json\/wp\/v2\/posts"}],"about":[{"href":"https:\/\/barcelona.euses.cat\/ca\/wp-json\/wp\/v2\/types\/post"}],"author":[{"embeddable":true,"href":"https:\/\/barcelona.euses.cat\/ca\/wp-json\/wp\/v2\/users\/3"}],"replies":[{"embeddable":true,"href":"https:\/\/barcelona.euses.cat\/ca\/wp-json\/wp\/v2\/comments?post=12477"}],"version-history":[{"count":2,"href":"https:\/\/barcelona.euses.cat\/ca\/wp-json\/wp\/v2\/posts\/12477\/revisions"}],"predecessor-version":[{"id":12495,"href":"https:\/\/barcelona.euses.cat\/ca\/wp-json\/wp\/v2\/posts\/12477\/revisions\/12495"}],"wp:featuredmedia":[{"embeddable":true,"href":"https:\/\/barcelona.euses.cat\/ca\/wp-json\/wp\/v2\/media\/12479"}],"wp:attachment":[{"href":"https:\/\/barcelona.euses.cat\/ca\/wp-json\/wp\/v2\/media?parent=12477"}],"wp:term":[{"taxonomy":"category","embeddable":true,"href":"https:\/\/barcelona.euses.cat\/ca\/wp-json\/wp\/v2\/categories?post=12477"},{"taxonomy":"post_tag","embeddable":true,"href":"https:\/\/barcelona.euses.cat\/ca\/wp-json\/wp\/v2\/tags?post=12477"}],"curies":[{"name":"wp","href":"https:\/\/api.w.org\/{rel}","templated":true}]}}