{"id":12454,"date":"2025-03-26T19:27:49","date_gmt":"2025-03-26T18:27:49","guid":{"rendered":"https:\/\/barcelona.euses.cat\/?p=12454"},"modified":"2025-03-26T19:27:49","modified_gmt":"2025-03-26T18:27:49","slug":"lescola-universitaria-de-la-salut-i-lesport-exposa-tota-la-seva-oferta-academica-en-el-salo-de-lensenyament-de-barcelona-4","status":"publish","type":"post","link":"https:\/\/barcelona.euses.cat\/ca\/lescola-universitaria-de-la-salut-i-lesport-exposa-tota-la-seva-oferta-academica-en-el-salo-de-lensenyament-de-barcelona-4\/","title":{"rendered":"L\u2019Escola Universit\u00e0ria de la Salut i l\u2019Esport exposa tota la seva oferta acad\u00e8mica en el Sal\u00f3 de l\u2019Ensenyament de Barcelona"},"content":{"rendered":"<p style=\"font-weight: 400;\"><a href=\"http:\/\/euses.cat\/?_gl=1*rmn5u5*_gcl_aw*R0NMLjE3Mzc0NzU5NDYuQ2owS0NRaUFoYmk4QmhESUFSSXNBSkxPbHVlS2d0MVNOOXcyR3FpOENEUURlZFUtWHZjSGI2aXBwNzR5WXBBZjl1Q1hnbThraGQ5Wlhlc2FBaHRwRUFMd193Y0I.*_gcl_au*MTY5MDUyNDc1OS4xNzM2MzI0MjE4*_ga*MTA3ODc4MTU5LjE3MDAyMTA5MjM.*_ga_3GVNF1EL70*MTc0MjkyNTM2MC4xMjAuMS4xNzQyOTI1MzY2LjU0LjAuMTEyMTQ0MjI4*_ga_2DQY537KG8*MTc0MjkyNTM2MC43Mi4xLjE3NDI5MjUzNjQuNTYuMC4xODY1OTgxMDk0\" data-saferedirecturl=\"https:\/\/www.google.com\/url?q=http:\/\/euses.cat\/?_gl%3D1*rmn5u5*_gcl_aw*R0NMLjE3Mzc0NzU5NDYuQ2owS0NRaUFoYmk4QmhESUFSSXNBSkxPbHVlS2d0MVNOOXcyR3FpOENEUURlZFUtWHZjSGI2aXBwNzR5WXBBZjl1Q1hnbThraGQ5Wlhlc2FBaHRwRUFMd193Y0I.*_gcl_au*MTY5MDUyNDc1OS4xNzM2MzI0MjE4*_ga*MTA3ODc4MTU5LjE3MDAyMTA5MjM.*_ga_3GVNF1EL70*MTc0MjkyNTM2MC4xMjAuMS4xNzQyOTI1MzY2LjU0LjAuMTEyMTQ0MjI4*_ga_2DQY537KG8*MTc0MjkyNTM2MC43Mi4xLjE3NDI5MjUzNjQuNTYuMC4xODY1OTgxMDk0&amp;source=gmail&amp;ust=1743061147606000&amp;usg=AOvVaw0BQxj7rOpbyGLNr8r7MhuL\">L&#8217;Escola Universit\u00e0ria de la Salut i l\u2019Esport<\/a>\u00a0est\u00e1 present un any m\u00e9s en el\u00a0<a href=\"https:\/\/www.ensenyament.com\/ca\/\" data-saferedirecturl=\"https:\/\/www.google.com\/url?q=https:\/\/www.ensenyament.com\/ca\/&amp;source=gmail&amp;ust=1743061147606000&amp;usg=AOvVaw1sj8QkqIiNwcgMYnWoK4DI\">Sal\u00f3 de l\u2019Ensenyament<\/a>, que ha obert aquest dimecres les portes en el recinte Montju\u00efc de la Fira de Barcelona i que esdevindr\u00e0 fins al diumenge dia 30 de mar\u00e7 el centre neur\u00e0lgic de l\u2019orientaci\u00f3 pel que fa a la formaci\u00f3 acad\u00e8mica i sortides laborals. EUSES disposa en l\u2019actualitat de tres Campus: Salt, Terres de l\u2019Ebre (Amposta i Tortosa) i Bellvitge, i durant el sal\u00f3 ha desplegat un contingent de personal (directors, professors, membres de PAS\u2026) per informar cada dia i amb tot detall a aquells estudiants que es volen sumar a la familia a partir del curs acad\u00e8mic 2025\/2026. El Centre Garb\u00ed, que comparteix instal\u00b7lacions amb EUSES-UdG al Campus de Salt, tamb\u00e9 ofereix en el mateix estand d\u2019EUSES els seus cicles formatius (set en total) de l\u2019\u00e0mbit de la medicina i l\u2019esport.<\/p>\n<p style=\"font-weight: 400;\">A l\u2019EUSES, que es troba situat a\u00a0<strong>l\u2019estand 421 (pavell\u00f3 1, nivell 0, carrer D)<\/strong>, hi trobareu tota la seva oferta acad\u00e8mica dels graus en Ci\u00e8ncies de l\u2019Activitat F\u00edsica i l\u2019Esport i en Fisioter\u00e0pia, dues formacions especialitzades i de qualitat. Al campus de Salt s&#8217;hi va sumar\u00a0durant aquest curs 2024\/25 el\u00a0<a href=\"https:\/\/girona.euses.cat\/estudis\/grau-nutricio-humana-dietetica\/\" data-saferedirecturl=\"https:\/\/www.google.com\/url?q=https:\/\/girona.euses.cat\/estudis\/grau-nutricio-humana-dietetica\/&amp;source=gmail&amp;ust=1743061147606000&amp;usg=AOvVaw1JmmoD5BsY4YA3mAfWG-OT\">Grau en Nutrici\u00f3 Humana i Diet\u00e8tica<\/a>.<\/p>\n<p style=\"font-weight: 400;\">Respecte dels graus m\u00e9s consolidats, el\u00a0<strong>Grau en CAFE<\/strong>\u00a0es pot realitzar al\u00a0<a href=\"http:\/\/euses.cat\/estudis\/graus\/grau-en-ciencies-de-lactivitat-fisica-i-de-lesport-cafe\/grau-en-ciencies-de-lactivitat-fisica-i-de-lesport-cafe-campus-de-salt\/\" data-saferedirecturl=\"https:\/\/www.google.com\/url?q=http:\/\/euses.cat\/estudis\/graus\/grau-en-ciencies-de-lactivitat-fisica-i-de-lesport-cafe\/grau-en-ciencies-de-lactivitat-fisica-i-de-lesport-cafe-campus-de-salt\/&amp;source=gmail&amp;ust=1743061147606000&amp;usg=AOvVaw2uEksQJnX-T75R3K54NgiQ\">Campus de Salt-UdG<\/a>\u00a0i al\u00a0<a href=\"https:\/\/tarragona.euses.cat\/estudis\/grau-ciencies-activitat-fisica-i-esport-cafe-tarragona\/\" target=\"_blank\" rel=\"noopener\" data-saferedirecturl=\"https:\/\/www.google.com\/url?q=http:\/\/euses.cat\/estudis\/graus\/grau-en-ciencies-de-lactivitat-fisica-i-de-lesport-cafe\/grau-en-ciencies-de-lactivitat-fisica-i-de-lesport-cafe-campus-terres-de-lebre\/&amp;source=gmail&amp;ust=1743061147606000&amp;usg=AOvVaw0eHIVMdGc00hART1yksA5E\">Campus de Terres de l\u2019Ebre-URV, a Amposta<\/a>.<\/p>\n<p style=\"font-weight: 400;\">Pel que fa al\u00a0<strong>Grau en Fisioter\u00e0pia<\/strong>, tamb\u00e9 es pot cursar al centre adscrit de la\u00a0<a href=\"http:\/\/euses.cat\/estudis\/graus\/grau-en-fisioterapia\/grau-en-fisioterapia-campus-de-salt\/\" data-saferedirecturl=\"https:\/\/www.google.com\/url?q=http:\/\/euses.cat\/estudis\/graus\/grau-en-fisioterapia\/grau-en-fisioterapia-campus-de-salt\/&amp;source=gmail&amp;ust=1743061147606000&amp;usg=AOvVaw1Rv9LnrmjDMvhkHTlYjDKL\">UdG (Campus de Salt)<\/a>, al centre adscrit de la\u00a0<a href=\"https:\/\/tarragona.euses.cat\/estudis\/grau-en-fisioterapia-tarragona\/?_gl=1%2A2nfb3z%2A_gcl_aw%2AR0NMLjE3NDI5MjY3NTkuQ2owS0NRandxSW1fQmhEbkFSSXNBS0JZY210Q245Z1RtZGY5NnQ0dER2QlhKd3YyZW5pUWRZNWR0NFdrSVNPOE82ZXpLQjlkZ00tU2FrOGFBampCRUFMd193Y0I.%2A_gcl_au%2AMTY5MDUyNDc1OS4xNzM2MzI0MjE4%2A_ga%2AMTA3ODc4MTU5LjE3MDAyMTA5MjM.%2A_ga_2DQY537KG8%2AMTc0Mjk3NjM0OC43My4xLjE3NDI5NzY2MDEuNDcuMC4zMzE2MTUwMzc.%2A_ga_3GVNF1EL70%2AMTc0Mjk3NjM0OC4xMjEuMS4xNzQyOTc2NTk5LjQ5LjAuNzk3MDY5OTA3%2A_ga_LNR3ETR6JX%2AMTc0Mjk3NjM0OC4zMS4xLjE3NDI5NzY1OTkuNjAuMC42MDEyNzY5NzY.%2A_ga_SZNY3684YY%2AMTc0Mjk3NjM0OC4xNC4xLjE3NDI5NzY1OTkuNjAuMC4xMDI2NTQ2MDk2\" target=\"_blank\" rel=\"noopener\" data-saferedirecturl=\"https:\/\/www.google.com\/url?q=http:\/\/euses.cat\/estudis\/graus\/grau-en-fisioterapia\/grau-en-fisioterapia-campus-terres-de-lebre\/&amp;source=gmail&amp;ust=1743061147606000&amp;usg=AOvVaw0QeakB1B2ihEC4jYSBwUqI\">URV (Campus de Terres de l\u2019Ebre, a Tortosa<\/a>) i a Barcelona en una formaci\u00f3 \u00edntegrament en angl\u00e8s i vinculat a les noves tecnologies:\u00a0<a href=\"https:\/\/barcelona.euses.cat\/estudios\/international-physiotherapy-degree-barcelona\/\" target=\"_blank\" rel=\"noopener\">Physiotherapy (ENTI-UB \u00a0i EUSES-UdG)<\/a>.<\/p>\n<p style=\"font-weight: 400;\">Tantmateix, l\u2019Escola Universit\u00e0ria de la Salut i l\u2019Esport ofereix la possibilitat de la\u00a0<strong>Doble Titulaci\u00f3\u00a0CAFE+Fisioter\u00e0pia<\/strong>,\u00a0 tant al\u00a0<a href=\"https:\/\/girona.euses.cat\/estudis\/doble-titulacio-cafe-fisioterapia\/\" data-saferedirecturl=\"https:\/\/www.google.com\/url?q=https:\/\/girona.euses.cat\/estudis\/doble-titulacio-cafe-fisioterapia\/&amp;source=gmail&amp;ust=1743061147606000&amp;usg=AOvVaw2EtlD3evEZir6N6kXQ1fSk\">Campus de Salt<\/a>\u00a0com al\u00a0<a href=\"https:\/\/tarragona.euses.cat\/estudis\/doble-titulacio-cafe-fisioterapia\/\" data-saferedirecturl=\"https:\/\/www.google.com\/url?q=https:\/\/tarragona.euses.cat\/estudis\/doble-titulacio-cafe-fisioterapia\/&amp;source=gmail&amp;ust=1743061147606000&amp;usg=AOvVaw0HoOfu6X3K8cgAQEtc8mUw\">Campus de Terres de l\u2019Ebre<\/a>, una formaci\u00f3 molt completa en dos \u00e0mbits tan interrelacionats com els de l\u2019esport i la salut.<\/p>\n<p style=\"font-weight: 400;\">Posteriorment a la graduaci\u00f3, EUSES tamb\u00e9 ofereix la possibilitat de realitzar, tant en CAFE com en Fisioter\u00e0pia, un M\u00e0ster. El de CAFE, consolidad\u00edssim, \u00e9s\u00a0el\u00a0<a href=\"https:\/\/girona.euses.cat\/estudis\/master-readaptacio-activitat-fisica-i-competicio-esportiva\/?_gl=1*1d3ofd4*_up*MQ..*_gs*MQ..&amp;gclid=Cj0KCQjwqIm_BhDnARIsAKBYcmtCn9gTmdf96t4tDvBXJwv2eniQdY5dt4WkISO8O6ezKB9dgM-Sak8aAjjBEALw_wcB\" data-saferedirecturl=\"https:\/\/www.google.com\/url?q=https:\/\/girona.euses.cat\/estudis\/master-readaptacio-activitat-fisica-i-competicio-esportiva\/?_gl%3D1*1d3ofd4*_up*MQ..*_gs*MQ..%26gclid%3DCj0KCQjwqIm_BhDnARIsAKBYcmtCn9gTmdf96t4tDvBXJwv2eniQdY5dt4WkISO8O6ezKB9dgM-Sak8aAjjBEALw_wcB&amp;source=gmail&amp;ust=1743061147606000&amp;usg=AOvVaw0ZHEskoyQY4ZkdmY2BC0Ec\">M\u00e0ster Universitari en Readaptaci\u00f3 a la Activitat F\u00edsica i la Competici\u00f3 Esportiva<\/a>. Pel que fa als fisioterapeutes tamb\u00e9 tenen la possibilitat de realitzar el\u00a0<a href=\"https:\/\/girona.euses.cat\/estudis\/master-fisioterapia-vestibular-i-funcio-equilibri\/\" data-saferedirecturl=\"https:\/\/www.google.com\/url?q=https:\/\/girona.euses.cat\/estudis\/master-fisioterapia-vestibular-i-funcio-equilibri\/&amp;source=gmail&amp;ust=1743061147606000&amp;usg=AOvVaw155ctd52a44LPReWCoFtnR\">M\u00e0ster en Fisioter\u00e0pia Vestibular i Funci\u00f3 de l&#8217;equilibri,<\/a>\u00a0que arribar\u00e0 a la seva tercera edici\u00f3.<\/p>\n<p style=\"font-weight: 400;\">Respecte als\u00a0<strong>cicles formatius<\/strong>, el Centre Garb\u00ed ofereix fins a set formacions de dos anys de durada cadascuna en el Campus de Salt. Hi ha un Cicle Formatiu de Grau Mitj\u00e0 (<a href=\"https:\/\/girona.euses.cat\/estudis\/cicle-formatiu-tecnic-emergencies-sanitaries\/\" data-saferedirecturl=\"https:\/\/www.google.com\/url?q=https:\/\/girona.euses.cat\/estudis\/cicle-formatiu-tecnic-emergencies-sanitaries\/&amp;source=gmail&amp;ust=1743061147606000&amp;usg=AOvVaw0RnHZ1fhKGAVeFyYCkZfm1\">T\u00e8cnic\/a en Emerg\u00e8ncies Sanit\u00e0ries<\/a>) i sis Cicles Formatius de Grau Superior, dels quals tres ja porten un llarg recorregut (<a href=\"https:\/\/girona.euses.cat\/estudis\/cicle-formatiu-tecnic-anatomia-patologica-citodiagnostic\/\" data-saferedirecturl=\"https:\/\/www.google.com\/url?q=https:\/\/girona.euses.cat\/estudis\/cicle-formatiu-tecnic-anatomia-patologica-citodiagnostic\/&amp;source=gmail&amp;ust=1743061147606000&amp;usg=AOvVaw2wwep40-RlffCtsZy56Pli\">T\u00e8cnic\/a en Anatomia Patol\u00f2gica i Citodiagn\u00f2stic<\/a>;\u00a0<a href=\"https:\/\/girona.euses.cat\/estudis\/cicle-formatiu-tecnic-imatge-per-diagnostic-medicina-nuclear\/\" data-saferedirecturl=\"https:\/\/www.google.com\/url?q=https:\/\/girona.euses.cat\/estudis\/cicle-formatiu-tecnic-imatge-per-diagnostic-medicina-nuclear\/&amp;source=gmail&amp;ust=1743061147606000&amp;usg=AOvVaw0WYYGqHc0ZZMbnRF9-Jpsk\">T\u00e8cnic\/a en Imatge per al Diagn\u00f2stic i Medicina Nuclear<\/a>;\u00a0<a href=\"https:\/\/girona.euses.cat\/estudis\/cicle-formatiu-tecnic-en-dietetica\/\" data-saferedirecturl=\"https:\/\/www.google.com\/url?q=https:\/\/girona.euses.cat\/estudis\/cicle-formatiu-tecnic-en-dietetica\/&amp;source=gmail&amp;ust=1743061147606000&amp;usg=AOvVaw2uz_fcNVemc-AkDg5KxgVo\">T\u00e8cnic\/a en Diet\u00e8tica<\/a>) i tres m\u00e9s son \u00a0m\u00e9s nous, un de l\u2019\u00e0mbit de la radiologia (<a href=\"https:\/\/girona.euses.cat\/estudis\/cicle-formatiu-de-grau-superior-de-tecnic-en-radioterapia-i-dosimetria\/\" data-saferedirecturl=\"https:\/\/www.google.com\/url?q=https:\/\/girona.euses.cat\/estudis\/cicle-formatiu-de-grau-superior-de-tecnic-en-radioterapia-i-dosimetria\/&amp;source=gmail&amp;ust=1743061147606000&amp;usg=AOvVaw1CTlT0wUMtpTFILAkqSolA\">T\u00e8cnic\/a en Radioter\u00e0pia i Dosimietria<\/a>\u00a0(novetat) i dos de l\u2019\u00e0mbit de l\u2019esport que han vist la llum durant aquest curs 2024\/2025 (<a href=\"https:\/\/girona.euses.cat\/estudis\/cicle-formatiu-condicionament-fisic\/\" data-saferedirecturl=\"https:\/\/www.google.com\/url?q=https:\/\/girona.euses.cat\/estudis\/cicle-formatiu-condicionament-fisic\/&amp;source=gmail&amp;ust=1743061147606000&amp;usg=AOvVaw1D1c8ILdgq5-U6opdN8AR5\">CFGS en Condicionament F\u00edsic<\/a>; i\u00a0<a href=\"https:\/\/girona.euses.cat\/estudis\/cicle-formatiu-animacio-socioesportiva\/\" data-saferedirecturl=\"https:\/\/www.google.com\/url?q=https:\/\/girona.euses.cat\/estudis\/cicle-formatiu-animacio-socioesportiva\/&amp;source=gmail&amp;ust=1743061147606000&amp;usg=AOvVaw3wvIxCnm_2YgLrDwQpeBgP\">CFGS en Ensenyament i Animaci\u00f3 Socioesportiva<\/a>).<\/p>\n","protected":false},"excerpt":{"rendered":"<p>L&#8217;Escola Universit\u00e0ria de la Salut i l\u2019Esport\u00a0est\u00e1 present un any m\u00e9s en el\u00a0Sal\u00f3 de l\u2019Ensenyament, que ha obert aquest dimecres les portes en el recinte Montju\u00efc de la Fira de Barcelona i que esdevindr\u00e0 fins al diumenge dia 30 de mar\u00e7 el centre neur\u00e0lgic de l\u2019orientaci\u00f3 pel que fa a la formaci\u00f3 acad\u00e8mica i sortides [&hellip;]<\/p>\n","protected":false},"author":3,"featured_media":12455,"comment_status":"open","ping_status":"closed","sticky":false,"template":"","format":"standard","meta":{"_acf_changed":false,"inline_featured_image":false,"_joinchat":[],"footnotes":""},"categories":[46],"tags":[],"class_list":["post-12454","post","type-post","status-publish","format-standard","has-post-thumbnail","hentry","category-sense-categoria"],"acf":[],"yoast_head":"<!-- This site is optimized with the Yoast SEO plugin v27.4 - https:\/\/yoast.com\/product\/yoast-seo-wordpress\/ -->\n<title>L\u2019Escola Universit\u00e0ria de la Salut i l\u2019Esport exposa tota la seva oferta acad\u00e8mica en el Sal\u00f3 de l\u2019Ensenyament de Barcelona | EUSES- Campus de Bellvitge (Barcelona)<\/title>\n<meta name=\"robots\" content=\"index, follow, max-snippet:-1, max-image-preview:large, max-video-preview:-1\" \/>\n<link rel=\"canonical\" href=\"https:\/\/barcelona.euses.cat\/ca\/lescola-universitaria-de-la-salut-i-lesport-exposa-tota-la-seva-oferta-academica-en-el-salo-de-lensenyament-de-barcelona-4\/\" \/>\n<meta property=\"og:locale\" content=\"ca_ES\" \/>\n<meta property=\"og:type\" content=\"article\" \/>\n<meta property=\"og:title\" content=\"L\u2019Escola Universit\u00e0ria de la Salut i l\u2019Esport exposa tota la seva oferta acad\u00e8mica en el Sal\u00f3 de l\u2019Ensenyament de Barcelona | EUSES- Campus de Bellvitge (Barcelona)\" \/>\n<meta property=\"og:description\" content=\"L&#8217;Escola Universit\u00e0ria de la Salut i l\u2019Esport\u00a0est\u00e1 present un any m\u00e9s en el\u00a0Sal\u00f3 de l\u2019Ensenyament, que ha obert aquest dimecres les portes en el recinte Montju\u00efc de la Fira de Barcelona i que esdevindr\u00e0 fins al diumenge dia 30 de mar\u00e7 el centre neur\u00e0lgic de l\u2019orientaci\u00f3 pel que fa a la formaci\u00f3 acad\u00e8mica i sortides [&hellip;]\" \/>\n<meta property=\"og:url\" content=\"https:\/\/barcelona.euses.cat\/ca\/lescola-universitaria-de-la-salut-i-lesport-exposa-tota-la-seva-oferta-academica-en-el-salo-de-lensenyament-de-barcelona-4\/\" \/>\n<meta property=\"og:site_name\" content=\"EUSES- Campus de Bellvitge (Barcelona)\" \/>\n<meta property=\"article:publisher\" content=\"https:\/\/www.facebook.com\/PhysioBCN\/\" \/>\n<meta property=\"article:published_time\" content=\"2025-03-26T18:27:49+00:00\" \/>\n<meta property=\"og:image\" content=\"https:\/\/barcelona.euses.cat\/wp-content\/uploads\/2025\/03\/salo-ensenyament.jpg\" \/>\n\t<meta property=\"og:image:width\" content=\"1200\" \/>\n\t<meta property=\"og:image:height\" content=\"1600\" \/>\n\t<meta property=\"og:image:type\" content=\"image\/jpeg\" \/>\n<meta name=\"author\" content=\"Jordi Danes\" \/>\n<meta name=\"twitter:card\" content=\"summary_large_image\" \/>\n<meta name=\"twitter:label1\" content=\"Escrit per\" \/>\n\t<meta name=\"twitter:data1\" content=\"Jordi Danes\" \/>\n\t<meta name=\"twitter:label2\" content=\"Temps estimat de lectura\" \/>\n\t<meta name=\"twitter:data2\" content=\"3 minuts\" \/>\n<script type=\"application\/ld+json\" class=\"yoast-schema-graph\">{\"@context\":\"https:\\\/\\\/schema.org\",\"@graph\":[{\"@type\":\"Article\",\"@id\":\"https:\\\/\\\/barcelona.euses.cat\\\/ca\\\/lescola-universitaria-de-la-salut-i-lesport-exposa-tota-la-seva-oferta-academica-en-el-salo-de-lensenyament-de-barcelona-4\\\/#article\",\"isPartOf\":{\"@id\":\"https:\\\/\\\/barcelona.euses.cat\\\/ca\\\/lescola-universitaria-de-la-salut-i-lesport-exposa-tota-la-seva-oferta-academica-en-el-salo-de-lensenyament-de-barcelona-4\\\/\"},\"author\":{\"name\":\"Jordi Danes\",\"@id\":\"https:\\\/\\\/barcelona.euses.cat\\\/ca\\\/#\\\/schema\\\/person\\\/8ab46080dfc4814fa59383db317735bd\"},\"headline\":\"L\u2019Escola Universit\u00e0ria de la Salut i l\u2019Esport exposa tota la seva oferta acad\u00e8mica en el Sal\u00f3 de l\u2019Ensenyament de Barcelona\",\"datePublished\":\"2025-03-26T18:27:49+00:00\",\"mainEntityOfPage\":{\"@id\":\"https:\\\/\\\/barcelona.euses.cat\\\/ca\\\/lescola-universitaria-de-la-salut-i-lesport-exposa-tota-la-seva-oferta-academica-en-el-salo-de-lensenyament-de-barcelona-4\\\/\"},\"wordCount\":588,\"commentCount\":0,\"image\":{\"@id\":\"https:\\\/\\\/barcelona.euses.cat\\\/ca\\\/lescola-universitaria-de-la-salut-i-lesport-exposa-tota-la-seva-oferta-academica-en-el-salo-de-lensenyament-de-barcelona-4\\\/#primaryimage\"},\"thumbnailUrl\":\"https:\\\/\\\/barcelona.euses.cat\\\/wp-content\\\/uploads\\\/2025\\\/03\\\/salo-ensenyament.jpg\",\"articleSection\":[\"sense categoria\"],\"inLanguage\":\"ca\"},{\"@type\":\"WebPage\",\"@id\":\"https:\\\/\\\/barcelona.euses.cat\\\/ca\\\/lescola-universitaria-de-la-salut-i-lesport-exposa-tota-la-seva-oferta-academica-en-el-salo-de-lensenyament-de-barcelona-4\\\/\",\"url\":\"https:\\\/\\\/barcelona.euses.cat\\\/ca\\\/lescola-universitaria-de-la-salut-i-lesport-exposa-tota-la-seva-oferta-academica-en-el-salo-de-lensenyament-de-barcelona-4\\\/\",\"name\":\"L\u2019Escola Universit\u00e0ria de la Salut i l\u2019Esport exposa tota la seva oferta acad\u00e8mica en el Sal\u00f3 de l\u2019Ensenyament de Barcelona | EUSES- Campus de Bellvitge (Barcelona)\",\"isPartOf\":{\"@id\":\"https:\\\/\\\/barcelona.euses.cat\\\/ca\\\/#website\"},\"primaryImageOfPage\":{\"@id\":\"https:\\\/\\\/barcelona.euses.cat\\\/ca\\\/lescola-universitaria-de-la-salut-i-lesport-exposa-tota-la-seva-oferta-academica-en-el-salo-de-lensenyament-de-barcelona-4\\\/#primaryimage\"},\"image\":{\"@id\":\"https:\\\/\\\/barcelona.euses.cat\\\/ca\\\/lescola-universitaria-de-la-salut-i-lesport-exposa-tota-la-seva-oferta-academica-en-el-salo-de-lensenyament-de-barcelona-4\\\/#primaryimage\"},\"thumbnailUrl\":\"https:\\\/\\\/barcelona.euses.cat\\\/wp-content\\\/uploads\\\/2025\\\/03\\\/salo-ensenyament.jpg\",\"datePublished\":\"2025-03-26T18:27:49+00:00\",\"author\":{\"@id\":\"https:\\\/\\\/barcelona.euses.cat\\\/ca\\\/#\\\/schema\\\/person\\\/8ab46080dfc4814fa59383db317735bd\"},\"breadcrumb\":{\"@id\":\"https:\\\/\\\/barcelona.euses.cat\\\/ca\\\/lescola-universitaria-de-la-salut-i-lesport-exposa-tota-la-seva-oferta-academica-en-el-salo-de-lensenyament-de-barcelona-4\\\/#breadcrumb\"},\"inLanguage\":\"ca\",\"potentialAction\":[{\"@type\":\"ReadAction\",\"target\":[\"https:\\\/\\\/barcelona.euses.cat\\\/ca\\\/lescola-universitaria-de-la-salut-i-lesport-exposa-tota-la-seva-oferta-academica-en-el-salo-de-lensenyament-de-barcelona-4\\\/\"]}]},{\"@type\":\"ImageObject\",\"inLanguage\":\"ca\",\"@id\":\"https:\\\/\\\/barcelona.euses.cat\\\/ca\\\/lescola-universitaria-de-la-salut-i-lesport-exposa-tota-la-seva-oferta-academica-en-el-salo-de-lensenyament-de-barcelona-4\\\/#primaryimage\",\"url\":\"https:\\\/\\\/barcelona.euses.cat\\\/wp-content\\\/uploads\\\/2025\\\/03\\\/salo-ensenyament.jpg\",\"contentUrl\":\"https:\\\/\\\/barcelona.euses.cat\\\/wp-content\\\/uploads\\\/2025\\\/03\\\/salo-ensenyament.jpg\",\"width\":1200,\"height\":1600},{\"@type\":\"BreadcrumbList\",\"@id\":\"https:\\\/\\\/barcelona.euses.cat\\\/ca\\\/lescola-universitaria-de-la-salut-i-lesport-exposa-tota-la-seva-oferta-academica-en-el-salo-de-lensenyament-de-barcelona-4\\\/#breadcrumb\",\"itemListElement\":[{\"@type\":\"ListItem\",\"position\":1,\"name\":\"Portada\",\"item\":\"https:\\\/\\\/barcelona.euses.cat\\\/ca\\\/\"},{\"@type\":\"ListItem\",\"position\":2,\"name\":\"L\u2019Escola Universit\u00e0ria de la Salut i l\u2019Esport exposa tota la seva oferta acad\u00e8mica en el Sal\u00f3 de l\u2019Ensenyament de Barcelona\"}]},{\"@type\":\"WebSite\",\"@id\":\"https:\\\/\\\/barcelona.euses.cat\\\/ca\\\/#website\",\"url\":\"https:\\\/\\\/barcelona.euses.cat\\\/ca\\\/\",\"name\":\"EUSES - Campus de Bellvitge (Barcelona)\",\"description\":\"EUSES, Escola Universit\u00e0ria de Fisioter\u00e0pia Internacional a Barcelona\",\"potentialAction\":[{\"@type\":\"SearchAction\",\"target\":{\"@type\":\"EntryPoint\",\"urlTemplate\":\"https:\\\/\\\/barcelona.euses.cat\\\/ca\\\/?s={search_term_string}\"},\"query-input\":{\"@type\":\"PropertyValueSpecification\",\"valueRequired\":true,\"valueName\":\"search_term_string\"}}],\"inLanguage\":\"ca\"},{\"@type\":\"Person\",\"@id\":\"https:\\\/\\\/barcelona.euses.cat\\\/ca\\\/#\\\/schema\\\/person\\\/8ab46080dfc4814fa59383db317735bd\",\"name\":\"Jordi Danes\",\"image\":{\"@type\":\"ImageObject\",\"inLanguage\":\"ca\",\"@id\":\"https:\\\/\\\/secure.gravatar.com\\\/avatar\\\/a9e4f443b594af225625ee8cfa665e41b1e0740ea34fbe0515b4ca559f8570ef?s=96&d=mm&r=g\",\"url\":\"https:\\\/\\\/secure.gravatar.com\\\/avatar\\\/a9e4f443b594af225625ee8cfa665e41b1e0740ea34fbe0515b4ca559f8570ef?s=96&d=mm&r=g\",\"contentUrl\":\"https:\\\/\\\/secure.gravatar.com\\\/avatar\\\/a9e4f443b594af225625ee8cfa665e41b1e0740ea34fbe0515b4ca559f8570ef?s=96&d=mm&r=g\",\"caption\":\"Jordi Danes\"},\"url\":\"https:\\\/\\\/barcelona.euses.cat\\\/ca\\\/author\\\/jordi-danes\\\/\"}]}<\/script>\n<!-- \/ Yoast SEO plugin. -->","yoast_head_json":{"title":"L\u2019Escola Universit\u00e0ria de la Salut i l\u2019Esport exposa tota la seva oferta acad\u00e8mica en el Sal\u00f3 de l\u2019Ensenyament de Barcelona | EUSES- Campus de Bellvitge (Barcelona)","robots":{"index":"index","follow":"follow","max-snippet":"max-snippet:-1","max-image-preview":"max-image-preview:large","max-video-preview":"max-video-preview:-1"},"canonical":"https:\/\/barcelona.euses.cat\/ca\/lescola-universitaria-de-la-salut-i-lesport-exposa-tota-la-seva-oferta-academica-en-el-salo-de-lensenyament-de-barcelona-4\/","og_locale":"ca_ES","og_type":"article","og_title":"L\u2019Escola Universit\u00e0ria de la Salut i l\u2019Esport exposa tota la seva oferta acad\u00e8mica en el Sal\u00f3 de l\u2019Ensenyament de Barcelona | EUSES- Campus de Bellvitge (Barcelona)","og_description":"L&#8217;Escola Universit\u00e0ria de la Salut i l\u2019Esport\u00a0est\u00e1 present un any m\u00e9s en el\u00a0Sal\u00f3 de l\u2019Ensenyament, que ha obert aquest dimecres les portes en el recinte Montju\u00efc de la Fira de Barcelona i que esdevindr\u00e0 fins al diumenge dia 30 de mar\u00e7 el centre neur\u00e0lgic de l\u2019orientaci\u00f3 pel que fa a la formaci\u00f3 acad\u00e8mica i sortides [&hellip;]","og_url":"https:\/\/barcelona.euses.cat\/ca\/lescola-universitaria-de-la-salut-i-lesport-exposa-tota-la-seva-oferta-academica-en-el-salo-de-lensenyament-de-barcelona-4\/","og_site_name":"EUSES- Campus de Bellvitge (Barcelona)","article_publisher":"https:\/\/www.facebook.com\/PhysioBCN\/","article_published_time":"2025-03-26T18:27:49+00:00","og_image":[{"width":1200,"height":1600,"url":"https:\/\/barcelona.euses.cat\/wp-content\/uploads\/2025\/03\/salo-ensenyament.jpg","type":"image\/jpeg"}],"author":"Jordi Danes","twitter_card":"summary_large_image","twitter_misc":{"Escrit per":"Jordi Danes","Temps estimat de lectura":"3 minuts"},"schema":{"@context":"https:\/\/schema.org","@graph":[{"@type":"Article","@id":"https:\/\/barcelona.euses.cat\/ca\/lescola-universitaria-de-la-salut-i-lesport-exposa-tota-la-seva-oferta-academica-en-el-salo-de-lensenyament-de-barcelona-4\/#article","isPartOf":{"@id":"https:\/\/barcelona.euses.cat\/ca\/lescola-universitaria-de-la-salut-i-lesport-exposa-tota-la-seva-oferta-academica-en-el-salo-de-lensenyament-de-barcelona-4\/"},"author":{"name":"Jordi Danes","@id":"https:\/\/barcelona.euses.cat\/ca\/#\/schema\/person\/8ab46080dfc4814fa59383db317735bd"},"headline":"L\u2019Escola Universit\u00e0ria de la Salut i l\u2019Esport exposa tota la seva oferta acad\u00e8mica en el Sal\u00f3 de l\u2019Ensenyament de Barcelona","datePublished":"2025-03-26T18:27:49+00:00","mainEntityOfPage":{"@id":"https:\/\/barcelona.euses.cat\/ca\/lescola-universitaria-de-la-salut-i-lesport-exposa-tota-la-seva-oferta-academica-en-el-salo-de-lensenyament-de-barcelona-4\/"},"wordCount":588,"commentCount":0,"image":{"@id":"https:\/\/barcelona.euses.cat\/ca\/lescola-universitaria-de-la-salut-i-lesport-exposa-tota-la-seva-oferta-academica-en-el-salo-de-lensenyament-de-barcelona-4\/#primaryimage"},"thumbnailUrl":"https:\/\/barcelona.euses.cat\/wp-content\/uploads\/2025\/03\/salo-ensenyament.jpg","articleSection":["sense categoria"],"inLanguage":"ca"},{"@type":"WebPage","@id":"https:\/\/barcelona.euses.cat\/ca\/lescola-universitaria-de-la-salut-i-lesport-exposa-tota-la-seva-oferta-academica-en-el-salo-de-lensenyament-de-barcelona-4\/","url":"https:\/\/barcelona.euses.cat\/ca\/lescola-universitaria-de-la-salut-i-lesport-exposa-tota-la-seva-oferta-academica-en-el-salo-de-lensenyament-de-barcelona-4\/","name":"L\u2019Escola Universit\u00e0ria de la Salut i l\u2019Esport exposa tota la seva oferta acad\u00e8mica en el Sal\u00f3 de l\u2019Ensenyament de Barcelona | EUSES- Campus de Bellvitge (Barcelona)","isPartOf":{"@id":"https:\/\/barcelona.euses.cat\/ca\/#website"},"primaryImageOfPage":{"@id":"https:\/\/barcelona.euses.cat\/ca\/lescola-universitaria-de-la-salut-i-lesport-exposa-tota-la-seva-oferta-academica-en-el-salo-de-lensenyament-de-barcelona-4\/#primaryimage"},"image":{"@id":"https:\/\/barcelona.euses.cat\/ca\/lescola-universitaria-de-la-salut-i-lesport-exposa-tota-la-seva-oferta-academica-en-el-salo-de-lensenyament-de-barcelona-4\/#primaryimage"},"thumbnailUrl":"https:\/\/barcelona.euses.cat\/wp-content\/uploads\/2025\/03\/salo-ensenyament.jpg","datePublished":"2025-03-26T18:27:49+00:00","author":{"@id":"https:\/\/barcelona.euses.cat\/ca\/#\/schema\/person\/8ab46080dfc4814fa59383db317735bd"},"breadcrumb":{"@id":"https:\/\/barcelona.euses.cat\/ca\/lescola-universitaria-de-la-salut-i-lesport-exposa-tota-la-seva-oferta-academica-en-el-salo-de-lensenyament-de-barcelona-4\/#breadcrumb"},"inLanguage":"ca","potentialAction":[{"@type":"ReadAction","target":["https:\/\/barcelona.euses.cat\/ca\/lescola-universitaria-de-la-salut-i-lesport-exposa-tota-la-seva-oferta-academica-en-el-salo-de-lensenyament-de-barcelona-4\/"]}]},{"@type":"ImageObject","inLanguage":"ca","@id":"https:\/\/barcelona.euses.cat\/ca\/lescola-universitaria-de-la-salut-i-lesport-exposa-tota-la-seva-oferta-academica-en-el-salo-de-lensenyament-de-barcelona-4\/#primaryimage","url":"https:\/\/barcelona.euses.cat\/wp-content\/uploads\/2025\/03\/salo-ensenyament.jpg","contentUrl":"https:\/\/barcelona.euses.cat\/wp-content\/uploads\/2025\/03\/salo-ensenyament.jpg","width":1200,"height":1600},{"@type":"BreadcrumbList","@id":"https:\/\/barcelona.euses.cat\/ca\/lescola-universitaria-de-la-salut-i-lesport-exposa-tota-la-seva-oferta-academica-en-el-salo-de-lensenyament-de-barcelona-4\/#breadcrumb","itemListElement":[{"@type":"ListItem","position":1,"name":"Portada","item":"https:\/\/barcelona.euses.cat\/ca\/"},{"@type":"ListItem","position":2,"name":"L\u2019Escola Universit\u00e0ria de la Salut i l\u2019Esport exposa tota la seva oferta acad\u00e8mica en el Sal\u00f3 de l\u2019Ensenyament de Barcelona"}]},{"@type":"WebSite","@id":"https:\/\/barcelona.euses.cat\/ca\/#website","url":"https:\/\/barcelona.euses.cat\/ca\/","name":"EUSES - Campus de Bellvitge (Barcelona)","description":"EUSES, Escola Universit\u00e0ria de Fisioter\u00e0pia Internacional a Barcelona","potentialAction":[{"@type":"SearchAction","target":{"@type":"EntryPoint","urlTemplate":"https:\/\/barcelona.euses.cat\/ca\/?s={search_term_string}"},"query-input":{"@type":"PropertyValueSpecification","valueRequired":true,"valueName":"search_term_string"}}],"inLanguage":"ca"},{"@type":"Person","@id":"https:\/\/barcelona.euses.cat\/ca\/#\/schema\/person\/8ab46080dfc4814fa59383db317735bd","name":"Jordi Danes","image":{"@type":"ImageObject","inLanguage":"ca","@id":"https:\/\/secure.gravatar.com\/avatar\/a9e4f443b594af225625ee8cfa665e41b1e0740ea34fbe0515b4ca559f8570ef?s=96&d=mm&r=g","url":"https:\/\/secure.gravatar.com\/avatar\/a9e4f443b594af225625ee8cfa665e41b1e0740ea34fbe0515b4ca559f8570ef?s=96&d=mm&r=g","contentUrl":"https:\/\/secure.gravatar.com\/avatar\/a9e4f443b594af225625ee8cfa665e41b1e0740ea34fbe0515b4ca559f8570ef?s=96&d=mm&r=g","caption":"Jordi Danes"},"url":"https:\/\/barcelona.euses.cat\/ca\/author\/jordi-danes\/"}]}},"_links":{"self":[{"href":"https:\/\/barcelona.euses.cat\/ca\/wp-json\/wp\/v2\/posts\/12454","targetHints":{"allow":["GET"]}}],"collection":[{"href":"https:\/\/barcelona.euses.cat\/ca\/wp-json\/wp\/v2\/posts"}],"about":[{"href":"https:\/\/barcelona.euses.cat\/ca\/wp-json\/wp\/v2\/types\/post"}],"author":[{"embeddable":true,"href":"https:\/\/barcelona.euses.cat\/ca\/wp-json\/wp\/v2\/users\/3"}],"replies":[{"embeddable":true,"href":"https:\/\/barcelona.euses.cat\/ca\/wp-json\/wp\/v2\/comments?post=12454"}],"version-history":[{"count":1,"href":"https:\/\/barcelona.euses.cat\/ca\/wp-json\/wp\/v2\/posts\/12454\/revisions"}],"predecessor-version":[{"id":12459,"href":"https:\/\/barcelona.euses.cat\/ca\/wp-json\/wp\/v2\/posts\/12454\/revisions\/12459"}],"wp:featuredmedia":[{"embeddable":true,"href":"https:\/\/barcelona.euses.cat\/ca\/wp-json\/wp\/v2\/media\/12455"}],"wp:attachment":[{"href":"https:\/\/barcelona.euses.cat\/ca\/wp-json\/wp\/v2\/media?parent=12454"}],"wp:term":[{"taxonomy":"category","embeddable":true,"href":"https:\/\/barcelona.euses.cat\/ca\/wp-json\/wp\/v2\/categories?post=12454"},{"taxonomy":"post_tag","embeddable":true,"href":"https:\/\/barcelona.euses.cat\/ca\/wp-json\/wp\/v2\/tags?post=12454"}],"curies":[{"name":"wp","href":"https:\/\/api.w.org\/{rel}","templated":true}]}}