{"id":12403,"date":"2025-03-10T15:32:44","date_gmt":"2025-03-10T14:32:44","guid":{"rendered":"https:\/\/barcelona.euses.cat\/?p=12403"},"modified":"2025-03-10T15:36:03","modified_gmt":"2025-03-10T14:36:03","slug":"obertes-les-inscripcions-per-a-la-5a-edicio-del-talent-day-organitzat-per-euses-alumni-que-tindra-lloc-els-dies-9-i-10-dabril","status":"publish","type":"post","link":"https:\/\/barcelona.euses.cat\/ca\/obertes-les-inscripcions-per-a-la-5a-edicio-del-talent-day-organitzat-per-euses-alumni-que-tindra-lloc-els-dies-9-i-10-dabril\/","title":{"rendered":"Obertes les inscripcions per a la 5a edici\u00f3 del Talent Day organitzat per EUSES Alumni, que tindr\u00e0 lloc els dies 9 i 10 d\u2019abril"},"content":{"rendered":"<p>Aquest dilluns dia 10 de mar\u00e7 s\u2019ha donat el tret de sortida al compte enrere de la 5a edici\u00f3 del Talent Day amb l\u2019<a href=\"https:\/\/eusestalentday.easyvirtualfair.com\/landing\" target=\"_blank\" rel=\"noopener\">obertura de les inscripcions, que son gratu\u00eftes<\/a>. La Fira Virtual de l\u2019Ocupaci\u00f3 i Orientaci\u00f3 Professional de l\u2019Escola Universit\u00e0ria de la Salut i l\u2019Esport, que enguany se celebrar\u00e0 els propers dies 9 i 10 d\u2019abril, es una iniciativa de l\u2019equip d\u2019EUSES Alumni que dirigeix S\u00edlvia Roche. Malgrat que el p\u00fablic potencial d\u2019aquest esdeveniment son els estudiants de 4t curs dels graus en CAFE i en Fisioter\u00e0pia i els associats a EUSES Alumni (de cares a la sortida al mercat laboral o a la recerca d\u2019una oferta professional que encaixi en el seu perfil), el Talent Day tamb\u00e9 est\u00e0 obert a alumnes de 1r, 2n i 3r curs dels tots els Campus del grup (Salt, Bellvitge i Terres de l\u2019Ebre). La previsi\u00f3 d\u2019enguany es que hi participin una cinquantena d\u2019estands entre empreses, centres i clubs. Com \u00e9s habitual, la Fira es completar\u00e0 amb diverses pon\u00e8ncies i taules rodones d\u2019un inter\u00e8s cabdal per als alumnes i alumnis de cara al seu futur professional.<\/p>\n","protected":false},"excerpt":{"rendered":"<p>Aquest dilluns dia 10 de mar\u00e7 s\u2019ha donat el tret de sortida al compte enrere de la 5a edici\u00f3 del Talent Day amb l\u2019obertura de les inscripcions, que son gratu\u00eftes. La Fira Virtual de l\u2019Ocupaci\u00f3 i Orientaci\u00f3 Professional de l\u2019Escola Universit\u00e0ria de la Salut i l\u2019Esport, que enguany se celebrar\u00e0 els propers dies 9 i [&hellip;]<\/p>\n","protected":false},"author":3,"featured_media":12404,"comment_status":"open","ping_status":"closed","sticky":false,"template":"","format":"standard","meta":{"_acf_changed":false,"inline_featured_image":false,"_joinchat":[],"footnotes":""},"categories":[46],"tags":[],"class_list":["post-12403","post","type-post","status-publish","format-standard","has-post-thumbnail","hentry","category-sense-categoria"],"acf":[],"yoast_head":"<!-- This site is optimized with the Yoast SEO plugin v27.4 - https:\/\/yoast.com\/product\/yoast-seo-wordpress\/ -->\n<title>Obertes les inscripcions per a la 5a edici\u00f3 del Talent Day organitzat per EUSES Alumni, que tindr\u00e0 lloc els dies 9 i 10 d\u2019abril | EUSES- Campus de Bellvitge (Barcelona)<\/title>\n<meta name=\"robots\" content=\"index, follow, max-snippet:-1, max-image-preview:large, max-video-preview:-1\" \/>\n<link rel=\"canonical\" href=\"https:\/\/barcelona.euses.cat\/ca\/obertes-les-inscripcions-per-a-la-5a-edicio-del-talent-day-organitzat-per-euses-alumni-que-tindra-lloc-els-dies-9-i-10-dabril\/\" \/>\n<meta property=\"og:locale\" content=\"ca_ES\" \/>\n<meta property=\"og:type\" content=\"article\" \/>\n<meta property=\"og:title\" content=\"Obertes les inscripcions per a la 5a edici\u00f3 del Talent Day organitzat per EUSES Alumni, que tindr\u00e0 lloc els dies 9 i 10 d\u2019abril | EUSES- Campus de Bellvitge (Barcelona)\" \/>\n<meta property=\"og:description\" content=\"Aquest dilluns dia 10 de mar\u00e7 s\u2019ha donat el tret de sortida al compte enrere de la 5a edici\u00f3 del Talent Day amb l\u2019obertura de les inscripcions, que son gratu\u00eftes. La Fira Virtual de l\u2019Ocupaci\u00f3 i Orientaci\u00f3 Professional de l\u2019Escola Universit\u00e0ria de la Salut i l\u2019Esport, que enguany se celebrar\u00e0 els propers dies 9 i [&hellip;]\" \/>\n<meta property=\"og:url\" content=\"https:\/\/barcelona.euses.cat\/ca\/obertes-les-inscripcions-per-a-la-5a-edicio-del-talent-day-organitzat-per-euses-alumni-que-tindra-lloc-els-dies-9-i-10-dabril\/\" \/>\n<meta property=\"og:site_name\" content=\"EUSES- Campus de Bellvitge (Barcelona)\" \/>\n<meta property=\"article:publisher\" content=\"https:\/\/www.facebook.com\/PhysioBCN\/\" \/>\n<meta property=\"article:published_time\" content=\"2025-03-10T14:32:44+00:00\" \/>\n<meta property=\"article:modified_time\" content=\"2025-03-10T14:36:03+00:00\" \/>\n<meta property=\"og:image\" content=\"https:\/\/barcelona.euses.cat\/wp-content\/uploads\/2025\/03\/talentday2025.png\" \/>\n\t<meta property=\"og:image:width\" content=\"1540\" \/>\n\t<meta property=\"og:image:height\" content=\"946\" \/>\n\t<meta property=\"og:image:type\" content=\"image\/png\" \/>\n<meta name=\"author\" content=\"Jordi Danes\" \/>\n<meta name=\"twitter:card\" content=\"summary_large_image\" \/>\n<meta name=\"twitter:label1\" content=\"Escrit per\" \/>\n\t<meta name=\"twitter:data1\" content=\"Jordi Danes\" \/>\n\t<meta name=\"twitter:label2\" content=\"Temps estimat de lectura\" \/>\n\t<meta name=\"twitter:data2\" content=\"2 minuts\" \/>\n<script type=\"application\/ld+json\" class=\"yoast-schema-graph\">{\"@context\":\"https:\\\/\\\/schema.org\",\"@graph\":[{\"@type\":\"Article\",\"@id\":\"https:\\\/\\\/barcelona.euses.cat\\\/ca\\\/obertes-les-inscripcions-per-a-la-5a-edicio-del-talent-day-organitzat-per-euses-alumni-que-tindra-lloc-els-dies-9-i-10-dabril\\\/#article\",\"isPartOf\":{\"@id\":\"https:\\\/\\\/barcelona.euses.cat\\\/ca\\\/obertes-les-inscripcions-per-a-la-5a-edicio-del-talent-day-organitzat-per-euses-alumni-que-tindra-lloc-els-dies-9-i-10-dabril\\\/\"},\"author\":{\"name\":\"Jordi Danes\",\"@id\":\"https:\\\/\\\/barcelona.euses.cat\\\/ca\\\/#\\\/schema\\\/person\\\/8ab46080dfc4814fa59383db317735bd\"},\"headline\":\"Obertes les inscripcions per a la 5a edici\u00f3 del Talent Day organitzat per EUSES Alumni, que tindr\u00e0 lloc els dies 9 i 10 d\u2019abril\",\"datePublished\":\"2025-03-10T14:32:44+00:00\",\"dateModified\":\"2025-03-10T14:36:03+00:00\",\"mainEntityOfPage\":{\"@id\":\"https:\\\/\\\/barcelona.euses.cat\\\/ca\\\/obertes-les-inscripcions-per-a-la-5a-edicio-del-talent-day-organitzat-per-euses-alumni-que-tindra-lloc-els-dies-9-i-10-dabril\\\/\"},\"wordCount\":224,\"commentCount\":0,\"image\":{\"@id\":\"https:\\\/\\\/barcelona.euses.cat\\\/ca\\\/obertes-les-inscripcions-per-a-la-5a-edicio-del-talent-day-organitzat-per-euses-alumni-que-tindra-lloc-els-dies-9-i-10-dabril\\\/#primaryimage\"},\"thumbnailUrl\":\"https:\\\/\\\/barcelona.euses.cat\\\/wp-content\\\/uploads\\\/2025\\\/03\\\/talentday2025.png\",\"articleSection\":[\"sense categoria\"],\"inLanguage\":\"ca\"},{\"@type\":\"WebPage\",\"@id\":\"https:\\\/\\\/barcelona.euses.cat\\\/ca\\\/obertes-les-inscripcions-per-a-la-5a-edicio-del-talent-day-organitzat-per-euses-alumni-que-tindra-lloc-els-dies-9-i-10-dabril\\\/\",\"url\":\"https:\\\/\\\/barcelona.euses.cat\\\/ca\\\/obertes-les-inscripcions-per-a-la-5a-edicio-del-talent-day-organitzat-per-euses-alumni-que-tindra-lloc-els-dies-9-i-10-dabril\\\/\",\"name\":\"Obertes les inscripcions per a la 5a edici\u00f3 del Talent Day organitzat per EUSES Alumni, que tindr\u00e0 lloc els dies 9 i 10 d\u2019abril | EUSES- Campus de Bellvitge (Barcelona)\",\"isPartOf\":{\"@id\":\"https:\\\/\\\/barcelona.euses.cat\\\/ca\\\/#website\"},\"primaryImageOfPage\":{\"@id\":\"https:\\\/\\\/barcelona.euses.cat\\\/ca\\\/obertes-les-inscripcions-per-a-la-5a-edicio-del-talent-day-organitzat-per-euses-alumni-que-tindra-lloc-els-dies-9-i-10-dabril\\\/#primaryimage\"},\"image\":{\"@id\":\"https:\\\/\\\/barcelona.euses.cat\\\/ca\\\/obertes-les-inscripcions-per-a-la-5a-edicio-del-talent-day-organitzat-per-euses-alumni-que-tindra-lloc-els-dies-9-i-10-dabril\\\/#primaryimage\"},\"thumbnailUrl\":\"https:\\\/\\\/barcelona.euses.cat\\\/wp-content\\\/uploads\\\/2025\\\/03\\\/talentday2025.png\",\"datePublished\":\"2025-03-10T14:32:44+00:00\",\"dateModified\":\"2025-03-10T14:36:03+00:00\",\"author\":{\"@id\":\"https:\\\/\\\/barcelona.euses.cat\\\/ca\\\/#\\\/schema\\\/person\\\/8ab46080dfc4814fa59383db317735bd\"},\"breadcrumb\":{\"@id\":\"https:\\\/\\\/barcelona.euses.cat\\\/ca\\\/obertes-les-inscripcions-per-a-la-5a-edicio-del-talent-day-organitzat-per-euses-alumni-que-tindra-lloc-els-dies-9-i-10-dabril\\\/#breadcrumb\"},\"inLanguage\":\"ca\",\"potentialAction\":[{\"@type\":\"ReadAction\",\"target\":[\"https:\\\/\\\/barcelona.euses.cat\\\/ca\\\/obertes-les-inscripcions-per-a-la-5a-edicio-del-talent-day-organitzat-per-euses-alumni-que-tindra-lloc-els-dies-9-i-10-dabril\\\/\"]}]},{\"@type\":\"ImageObject\",\"inLanguage\":\"ca\",\"@id\":\"https:\\\/\\\/barcelona.euses.cat\\\/ca\\\/obertes-les-inscripcions-per-a-la-5a-edicio-del-talent-day-organitzat-per-euses-alumni-que-tindra-lloc-els-dies-9-i-10-dabril\\\/#primaryimage\",\"url\":\"https:\\\/\\\/barcelona.euses.cat\\\/wp-content\\\/uploads\\\/2025\\\/03\\\/talentday2025.png\",\"contentUrl\":\"https:\\\/\\\/barcelona.euses.cat\\\/wp-content\\\/uploads\\\/2025\\\/03\\\/talentday2025.png\",\"width\":1540,\"height\":946},{\"@type\":\"BreadcrumbList\",\"@id\":\"https:\\\/\\\/barcelona.euses.cat\\\/ca\\\/obertes-les-inscripcions-per-a-la-5a-edicio-del-talent-day-organitzat-per-euses-alumni-que-tindra-lloc-els-dies-9-i-10-dabril\\\/#breadcrumb\",\"itemListElement\":[{\"@type\":\"ListItem\",\"position\":1,\"name\":\"Portada\",\"item\":\"https:\\\/\\\/barcelona.euses.cat\\\/ca\\\/\"},{\"@type\":\"ListItem\",\"position\":2,\"name\":\"Obertes les inscripcions per a la 5a edici\u00f3 del Talent Day organitzat per EUSES Alumni, que tindr\u00e0 lloc els dies 9 i 10 d\u2019abril\"}]},{\"@type\":\"WebSite\",\"@id\":\"https:\\\/\\\/barcelona.euses.cat\\\/ca\\\/#website\",\"url\":\"https:\\\/\\\/barcelona.euses.cat\\\/ca\\\/\",\"name\":\"EUSES - Campus de Bellvitge (Barcelona)\",\"description\":\"EUSES, Escola Universit\u00e0ria de Fisioter\u00e0pia Internacional a Barcelona\",\"potentialAction\":[{\"@type\":\"SearchAction\",\"target\":{\"@type\":\"EntryPoint\",\"urlTemplate\":\"https:\\\/\\\/barcelona.euses.cat\\\/ca\\\/?s={search_term_string}\"},\"query-input\":{\"@type\":\"PropertyValueSpecification\",\"valueRequired\":true,\"valueName\":\"search_term_string\"}}],\"inLanguage\":\"ca\"},{\"@type\":\"Person\",\"@id\":\"https:\\\/\\\/barcelona.euses.cat\\\/ca\\\/#\\\/schema\\\/person\\\/8ab46080dfc4814fa59383db317735bd\",\"name\":\"Jordi Danes\",\"image\":{\"@type\":\"ImageObject\",\"inLanguage\":\"ca\",\"@id\":\"https:\\\/\\\/secure.gravatar.com\\\/avatar\\\/a9e4f443b594af225625ee8cfa665e41b1e0740ea34fbe0515b4ca559f8570ef?s=96&d=mm&r=g\",\"url\":\"https:\\\/\\\/secure.gravatar.com\\\/avatar\\\/a9e4f443b594af225625ee8cfa665e41b1e0740ea34fbe0515b4ca559f8570ef?s=96&d=mm&r=g\",\"contentUrl\":\"https:\\\/\\\/secure.gravatar.com\\\/avatar\\\/a9e4f443b594af225625ee8cfa665e41b1e0740ea34fbe0515b4ca559f8570ef?s=96&d=mm&r=g\",\"caption\":\"Jordi Danes\"},\"url\":\"https:\\\/\\\/barcelona.euses.cat\\\/ca\\\/author\\\/jordi-danes\\\/\"}]}<\/script>\n<!-- \/ Yoast SEO plugin. -->","yoast_head_json":{"title":"Obertes les inscripcions per a la 5a edici\u00f3 del Talent Day organitzat per EUSES Alumni, que tindr\u00e0 lloc els dies 9 i 10 d\u2019abril | EUSES- Campus de Bellvitge (Barcelona)","robots":{"index":"index","follow":"follow","max-snippet":"max-snippet:-1","max-image-preview":"max-image-preview:large","max-video-preview":"max-video-preview:-1"},"canonical":"https:\/\/barcelona.euses.cat\/ca\/obertes-les-inscripcions-per-a-la-5a-edicio-del-talent-day-organitzat-per-euses-alumni-que-tindra-lloc-els-dies-9-i-10-dabril\/","og_locale":"ca_ES","og_type":"article","og_title":"Obertes les inscripcions per a la 5a edici\u00f3 del Talent Day organitzat per EUSES Alumni, que tindr\u00e0 lloc els dies 9 i 10 d\u2019abril | EUSES- Campus de Bellvitge (Barcelona)","og_description":"Aquest dilluns dia 10 de mar\u00e7 s\u2019ha donat el tret de sortida al compte enrere de la 5a edici\u00f3 del Talent Day amb l\u2019obertura de les inscripcions, que son gratu\u00eftes. La Fira Virtual de l\u2019Ocupaci\u00f3 i Orientaci\u00f3 Professional de l\u2019Escola Universit\u00e0ria de la Salut i l\u2019Esport, que enguany se celebrar\u00e0 els propers dies 9 i [&hellip;]","og_url":"https:\/\/barcelona.euses.cat\/ca\/obertes-les-inscripcions-per-a-la-5a-edicio-del-talent-day-organitzat-per-euses-alumni-que-tindra-lloc-els-dies-9-i-10-dabril\/","og_site_name":"EUSES- Campus de Bellvitge (Barcelona)","article_publisher":"https:\/\/www.facebook.com\/PhysioBCN\/","article_published_time":"2025-03-10T14:32:44+00:00","article_modified_time":"2025-03-10T14:36:03+00:00","og_image":[{"width":1540,"height":946,"url":"https:\/\/barcelona.euses.cat\/wp-content\/uploads\/2025\/03\/talentday2025.png","type":"image\/png"}],"author":"Jordi Danes","twitter_card":"summary_large_image","twitter_misc":{"Escrit per":"Jordi Danes","Temps estimat de lectura":"2 minuts"},"schema":{"@context":"https:\/\/schema.org","@graph":[{"@type":"Article","@id":"https:\/\/barcelona.euses.cat\/ca\/obertes-les-inscripcions-per-a-la-5a-edicio-del-talent-day-organitzat-per-euses-alumni-que-tindra-lloc-els-dies-9-i-10-dabril\/#article","isPartOf":{"@id":"https:\/\/barcelona.euses.cat\/ca\/obertes-les-inscripcions-per-a-la-5a-edicio-del-talent-day-organitzat-per-euses-alumni-que-tindra-lloc-els-dies-9-i-10-dabril\/"},"author":{"name":"Jordi Danes","@id":"https:\/\/barcelona.euses.cat\/ca\/#\/schema\/person\/8ab46080dfc4814fa59383db317735bd"},"headline":"Obertes les inscripcions per a la 5a edici\u00f3 del Talent Day organitzat per EUSES Alumni, que tindr\u00e0 lloc els dies 9 i 10 d\u2019abril","datePublished":"2025-03-10T14:32:44+00:00","dateModified":"2025-03-10T14:36:03+00:00","mainEntityOfPage":{"@id":"https:\/\/barcelona.euses.cat\/ca\/obertes-les-inscripcions-per-a-la-5a-edicio-del-talent-day-organitzat-per-euses-alumni-que-tindra-lloc-els-dies-9-i-10-dabril\/"},"wordCount":224,"commentCount":0,"image":{"@id":"https:\/\/barcelona.euses.cat\/ca\/obertes-les-inscripcions-per-a-la-5a-edicio-del-talent-day-organitzat-per-euses-alumni-que-tindra-lloc-els-dies-9-i-10-dabril\/#primaryimage"},"thumbnailUrl":"https:\/\/barcelona.euses.cat\/wp-content\/uploads\/2025\/03\/talentday2025.png","articleSection":["sense categoria"],"inLanguage":"ca"},{"@type":"WebPage","@id":"https:\/\/barcelona.euses.cat\/ca\/obertes-les-inscripcions-per-a-la-5a-edicio-del-talent-day-organitzat-per-euses-alumni-que-tindra-lloc-els-dies-9-i-10-dabril\/","url":"https:\/\/barcelona.euses.cat\/ca\/obertes-les-inscripcions-per-a-la-5a-edicio-del-talent-day-organitzat-per-euses-alumni-que-tindra-lloc-els-dies-9-i-10-dabril\/","name":"Obertes les inscripcions per a la 5a edici\u00f3 del Talent Day organitzat per EUSES Alumni, que tindr\u00e0 lloc els dies 9 i 10 d\u2019abril | EUSES- Campus de Bellvitge (Barcelona)","isPartOf":{"@id":"https:\/\/barcelona.euses.cat\/ca\/#website"},"primaryImageOfPage":{"@id":"https:\/\/barcelona.euses.cat\/ca\/obertes-les-inscripcions-per-a-la-5a-edicio-del-talent-day-organitzat-per-euses-alumni-que-tindra-lloc-els-dies-9-i-10-dabril\/#primaryimage"},"image":{"@id":"https:\/\/barcelona.euses.cat\/ca\/obertes-les-inscripcions-per-a-la-5a-edicio-del-talent-day-organitzat-per-euses-alumni-que-tindra-lloc-els-dies-9-i-10-dabril\/#primaryimage"},"thumbnailUrl":"https:\/\/barcelona.euses.cat\/wp-content\/uploads\/2025\/03\/talentday2025.png","datePublished":"2025-03-10T14:32:44+00:00","dateModified":"2025-03-10T14:36:03+00:00","author":{"@id":"https:\/\/barcelona.euses.cat\/ca\/#\/schema\/person\/8ab46080dfc4814fa59383db317735bd"},"breadcrumb":{"@id":"https:\/\/barcelona.euses.cat\/ca\/obertes-les-inscripcions-per-a-la-5a-edicio-del-talent-day-organitzat-per-euses-alumni-que-tindra-lloc-els-dies-9-i-10-dabril\/#breadcrumb"},"inLanguage":"ca","potentialAction":[{"@type":"ReadAction","target":["https:\/\/barcelona.euses.cat\/ca\/obertes-les-inscripcions-per-a-la-5a-edicio-del-talent-day-organitzat-per-euses-alumni-que-tindra-lloc-els-dies-9-i-10-dabril\/"]}]},{"@type":"ImageObject","inLanguage":"ca","@id":"https:\/\/barcelona.euses.cat\/ca\/obertes-les-inscripcions-per-a-la-5a-edicio-del-talent-day-organitzat-per-euses-alumni-que-tindra-lloc-els-dies-9-i-10-dabril\/#primaryimage","url":"https:\/\/barcelona.euses.cat\/wp-content\/uploads\/2025\/03\/talentday2025.png","contentUrl":"https:\/\/barcelona.euses.cat\/wp-content\/uploads\/2025\/03\/talentday2025.png","width":1540,"height":946},{"@type":"BreadcrumbList","@id":"https:\/\/barcelona.euses.cat\/ca\/obertes-les-inscripcions-per-a-la-5a-edicio-del-talent-day-organitzat-per-euses-alumni-que-tindra-lloc-els-dies-9-i-10-dabril\/#breadcrumb","itemListElement":[{"@type":"ListItem","position":1,"name":"Portada","item":"https:\/\/barcelona.euses.cat\/ca\/"},{"@type":"ListItem","position":2,"name":"Obertes les inscripcions per a la 5a edici\u00f3 del Talent Day organitzat per EUSES Alumni, que tindr\u00e0 lloc els dies 9 i 10 d\u2019abril"}]},{"@type":"WebSite","@id":"https:\/\/barcelona.euses.cat\/ca\/#website","url":"https:\/\/barcelona.euses.cat\/ca\/","name":"EUSES - Campus de Bellvitge (Barcelona)","description":"EUSES, Escola Universit\u00e0ria de Fisioter\u00e0pia Internacional a Barcelona","potentialAction":[{"@type":"SearchAction","target":{"@type":"EntryPoint","urlTemplate":"https:\/\/barcelona.euses.cat\/ca\/?s={search_term_string}"},"query-input":{"@type":"PropertyValueSpecification","valueRequired":true,"valueName":"search_term_string"}}],"inLanguage":"ca"},{"@type":"Person","@id":"https:\/\/barcelona.euses.cat\/ca\/#\/schema\/person\/8ab46080dfc4814fa59383db317735bd","name":"Jordi Danes","image":{"@type":"ImageObject","inLanguage":"ca","@id":"https:\/\/secure.gravatar.com\/avatar\/a9e4f443b594af225625ee8cfa665e41b1e0740ea34fbe0515b4ca559f8570ef?s=96&d=mm&r=g","url":"https:\/\/secure.gravatar.com\/avatar\/a9e4f443b594af225625ee8cfa665e41b1e0740ea34fbe0515b4ca559f8570ef?s=96&d=mm&r=g","contentUrl":"https:\/\/secure.gravatar.com\/avatar\/a9e4f443b594af225625ee8cfa665e41b1e0740ea34fbe0515b4ca559f8570ef?s=96&d=mm&r=g","caption":"Jordi Danes"},"url":"https:\/\/barcelona.euses.cat\/ca\/author\/jordi-danes\/"}]}},"_links":{"self":[{"href":"https:\/\/barcelona.euses.cat\/ca\/wp-json\/wp\/v2\/posts\/12403","targetHints":{"allow":["GET"]}}],"collection":[{"href":"https:\/\/barcelona.euses.cat\/ca\/wp-json\/wp\/v2\/posts"}],"about":[{"href":"https:\/\/barcelona.euses.cat\/ca\/wp-json\/wp\/v2\/types\/post"}],"author":[{"embeddable":true,"href":"https:\/\/barcelona.euses.cat\/ca\/wp-json\/wp\/v2\/users\/3"}],"replies":[{"embeddable":true,"href":"https:\/\/barcelona.euses.cat\/ca\/wp-json\/wp\/v2\/comments?post=12403"}],"version-history":[{"count":1,"href":"https:\/\/barcelona.euses.cat\/ca\/wp-json\/wp\/v2\/posts\/12403\/revisions"}],"predecessor-version":[{"id":12408,"href":"https:\/\/barcelona.euses.cat\/ca\/wp-json\/wp\/v2\/posts\/12403\/revisions\/12408"}],"wp:featuredmedia":[{"embeddable":true,"href":"https:\/\/barcelona.euses.cat\/ca\/wp-json\/wp\/v2\/media\/12404"}],"wp:attachment":[{"href":"https:\/\/barcelona.euses.cat\/ca\/wp-json\/wp\/v2\/media?parent=12403"}],"wp:term":[{"taxonomy":"category","embeddable":true,"href":"https:\/\/barcelona.euses.cat\/ca\/wp-json\/wp\/v2\/categories?post=12403"},{"taxonomy":"post_tag","embeddable":true,"href":"https:\/\/barcelona.euses.cat\/ca\/wp-json\/wp\/v2\/tags?post=12403"}],"curies":[{"name":"wp","href":"https:\/\/api.w.org\/{rel}","templated":true}]}}