{"id":12087,"date":"2024-07-12T13:43:25","date_gmt":"2024-07-12T11:43:25","guid":{"rendered":"https:\/\/barcelona.euses.cat\/?p=12087"},"modified":"2024-07-12T13:43:25","modified_gmt":"2024-07-12T11:43:25","slug":"obert-el-periode-de-matriculacions-per-als-graus-universitaris-en-els-campus-de-salt-terres-de-lebre-i-bellvitge-2","status":"publish","type":"post","link":"https:\/\/barcelona.euses.cat\/ca\/obert-el-periode-de-matriculacions-per-als-graus-universitaris-en-els-campus-de-salt-terres-de-lebre-i-bellvitge-2\/","title":{"rendered":"Obert el per\u00edode de matriculacions per als graus universitaris en els campus de Salt, Terres de l\u2019Ebre i Bellvitge"},"content":{"rendered":"<p>Aquest divendres s\u2019ha obert el per\u00edode de matriculaci\u00f3 per al curs acad\u00e8mic 2024\/25 en els campus de Salt, Terres de l\u2019Ebre i Bellvitge. En totes les seus de l\u2019Escola Universit\u00e0ria de la Salut i l\u2019Esport, l\u2019activitat per a la inscripci\u00f3 per als alumnes que se sumaran a partir d\u2019aquest setembre a la fam\u00edlia de l\u2019EUSES ha estat molt intensa. A banda d\u2019aquest divendres, els dies de matriculacions assignats son el dilluns 15, el dimarts 16 i el dimecres 17. Al Campus de Salt s\u2019ofereixen els graus en Fisioter\u00e0pia, en Ci\u00e8ncies de l\u2019Activitat F\u00edsica i de l\u2019Esport, la doble titulaci\u00f3 (CAFE+Fisioter\u00e0pia) i la novetat del curs 2024\/2025 que es el Grau en Nutrici\u00f3 Humana i Diet\u00e8tica. Al Campus de Terres de l\u2019Ebre s\u2019hi pot realitzar els graus en CAFE, Fisioter\u00e0pia i la Doble Titulaci\u00f3; mentre que a Bellvitge s\u2019imparteix el Grau en Fisioter\u00e0pia Internacional, que es fa \u00edntegrament en llengua anglesa.<\/p>\n<p>&nbsp;<\/p>\n","protected":false},"excerpt":{"rendered":"<p>Aquest divendres s\u2019ha obert el per\u00edode de matriculaci\u00f3 per al curs acad\u00e8mic 2024\/25 en els campus de Salt, Terres de l\u2019Ebre i Bellvitge. En totes les seus de l\u2019Escola Universit\u00e0ria de la Salut i l\u2019Esport, l\u2019activitat per a la inscripci\u00f3 per als alumnes que se sumaran a partir d\u2019aquest setembre a la fam\u00edlia de l\u2019EUSES [&hellip;]<\/p>\n","protected":false},"author":3,"featured_media":12096,"comment_status":"open","ping_status":"closed","sticky":false,"template":"","format":"standard","meta":{"_acf_changed":false,"inline_featured_image":false,"_joinchat":[],"footnotes":""},"categories":[46],"tags":[],"class_list":["post-12087","post","type-post","status-publish","format-standard","has-post-thumbnail","hentry","category-sense-categoria"],"acf":[],"yoast_head":"<!-- This site is optimized with the Yoast SEO plugin v27.4 - https:\/\/yoast.com\/product\/yoast-seo-wordpress\/ -->\n<title>Obert el per\u00edode de matriculacions per als graus universitaris en els campus de Salt, Terres de l\u2019Ebre i Bellvitge | EUSES- Campus de Bellvitge (Barcelona)<\/title>\n<meta name=\"robots\" content=\"index, follow, max-snippet:-1, max-image-preview:large, max-video-preview:-1\" \/>\n<link rel=\"canonical\" href=\"https:\/\/barcelona.euses.cat\/ca\/obert-el-periode-de-matriculacions-per-als-graus-universitaris-en-els-campus-de-salt-terres-de-lebre-i-bellvitge-2\/\" \/>\n<meta property=\"og:locale\" content=\"ca_ES\" \/>\n<meta property=\"og:type\" content=\"article\" \/>\n<meta property=\"og:title\" content=\"Obert el per\u00edode de matriculacions per als graus universitaris en els campus de Salt, Terres de l\u2019Ebre i Bellvitge | EUSES- Campus de Bellvitge (Barcelona)\" \/>\n<meta property=\"og:description\" content=\"Aquest divendres s\u2019ha obert el per\u00edode de matriculaci\u00f3 per al curs acad\u00e8mic 2024\/25 en els campus de Salt, Terres de l\u2019Ebre i Bellvitge. En totes les seus de l\u2019Escola Universit\u00e0ria de la Salut i l\u2019Esport, l\u2019activitat per a la inscripci\u00f3 per als alumnes que se sumaran a partir d\u2019aquest setembre a la fam\u00edlia de l\u2019EUSES [&hellip;]\" \/>\n<meta property=\"og:url\" content=\"https:\/\/barcelona.euses.cat\/ca\/obert-el-periode-de-matriculacions-per-als-graus-universitaris-en-els-campus-de-salt-terres-de-lebre-i-bellvitge-2\/\" \/>\n<meta property=\"og:site_name\" content=\"EUSES- Campus de Bellvitge (Barcelona)\" \/>\n<meta property=\"article:publisher\" content=\"https:\/\/www.facebook.com\/PhysioBCN\/\" \/>\n<meta property=\"article:published_time\" content=\"2024-07-12T11:43:25+00:00\" \/>\n<meta property=\"og:image\" content=\"https:\/\/barcelona.euses.cat\/wp-content\/uploads\/2024\/07\/matriculacio-bellvitge-12.07.jpg\" \/>\n\t<meta property=\"og:image:width\" content=\"902\" \/>\n\t<meta property=\"og:image:height\" content=\"1600\" \/>\n\t<meta property=\"og:image:type\" content=\"image\/jpeg\" \/>\n<meta name=\"author\" content=\"Jordi Danes\" \/>\n<meta name=\"twitter:card\" content=\"summary_large_image\" \/>\n<meta name=\"twitter:label1\" content=\"Escrit per\" \/>\n\t<meta name=\"twitter:data1\" content=\"Jordi Danes\" \/>\n\t<meta name=\"twitter:label2\" content=\"Temps estimat de lectura\" \/>\n\t<meta name=\"twitter:data2\" content=\"1 minut\" \/>\n<script type=\"application\/ld+json\" class=\"yoast-schema-graph\">{\"@context\":\"https:\\\/\\\/schema.org\",\"@graph\":[{\"@type\":\"Article\",\"@id\":\"https:\\\/\\\/barcelona.euses.cat\\\/ca\\\/obert-el-periode-de-matriculacions-per-als-graus-universitaris-en-els-campus-de-salt-terres-de-lebre-i-bellvitge-2\\\/#article\",\"isPartOf\":{\"@id\":\"https:\\\/\\\/barcelona.euses.cat\\\/ca\\\/obert-el-periode-de-matriculacions-per-als-graus-universitaris-en-els-campus-de-salt-terres-de-lebre-i-bellvitge-2\\\/\"},\"author\":{\"name\":\"Jordi Danes\",\"@id\":\"https:\\\/\\\/barcelona.euses.cat\\\/ca\\\/#\\\/schema\\\/person\\\/8ab46080dfc4814fa59383db317735bd\"},\"headline\":\"Obert el per\u00edode de matriculacions per als graus universitaris en els campus de Salt, Terres de l\u2019Ebre i Bellvitge\",\"datePublished\":\"2024-07-12T11:43:25+00:00\",\"mainEntityOfPage\":{\"@id\":\"https:\\\/\\\/barcelona.euses.cat\\\/ca\\\/obert-el-periode-de-matriculacions-per-als-graus-universitaris-en-els-campus-de-salt-terres-de-lebre-i-bellvitge-2\\\/\"},\"wordCount\":193,\"commentCount\":0,\"image\":{\"@id\":\"https:\\\/\\\/barcelona.euses.cat\\\/ca\\\/obert-el-periode-de-matriculacions-per-als-graus-universitaris-en-els-campus-de-salt-terres-de-lebre-i-bellvitge-2\\\/#primaryimage\"},\"thumbnailUrl\":\"https:\\\/\\\/barcelona.euses.cat\\\/wp-content\\\/uploads\\\/2024\\\/07\\\/matriculacio-bellvitge-12.07.jpg\",\"articleSection\":[\"sense categoria\"],\"inLanguage\":\"ca\"},{\"@type\":\"WebPage\",\"@id\":\"https:\\\/\\\/barcelona.euses.cat\\\/ca\\\/obert-el-periode-de-matriculacions-per-als-graus-universitaris-en-els-campus-de-salt-terres-de-lebre-i-bellvitge-2\\\/\",\"url\":\"https:\\\/\\\/barcelona.euses.cat\\\/ca\\\/obert-el-periode-de-matriculacions-per-als-graus-universitaris-en-els-campus-de-salt-terres-de-lebre-i-bellvitge-2\\\/\",\"name\":\"Obert el per\u00edode de matriculacions per als graus universitaris en els campus de Salt, Terres de l\u2019Ebre i Bellvitge | EUSES- Campus de Bellvitge (Barcelona)\",\"isPartOf\":{\"@id\":\"https:\\\/\\\/barcelona.euses.cat\\\/ca\\\/#website\"},\"primaryImageOfPage\":{\"@id\":\"https:\\\/\\\/barcelona.euses.cat\\\/ca\\\/obert-el-periode-de-matriculacions-per-als-graus-universitaris-en-els-campus-de-salt-terres-de-lebre-i-bellvitge-2\\\/#primaryimage\"},\"image\":{\"@id\":\"https:\\\/\\\/barcelona.euses.cat\\\/ca\\\/obert-el-periode-de-matriculacions-per-als-graus-universitaris-en-els-campus-de-salt-terres-de-lebre-i-bellvitge-2\\\/#primaryimage\"},\"thumbnailUrl\":\"https:\\\/\\\/barcelona.euses.cat\\\/wp-content\\\/uploads\\\/2024\\\/07\\\/matriculacio-bellvitge-12.07.jpg\",\"datePublished\":\"2024-07-12T11:43:25+00:00\",\"author\":{\"@id\":\"https:\\\/\\\/barcelona.euses.cat\\\/ca\\\/#\\\/schema\\\/person\\\/8ab46080dfc4814fa59383db317735bd\"},\"breadcrumb\":{\"@id\":\"https:\\\/\\\/barcelona.euses.cat\\\/ca\\\/obert-el-periode-de-matriculacions-per-als-graus-universitaris-en-els-campus-de-salt-terres-de-lebre-i-bellvitge-2\\\/#breadcrumb\"},\"inLanguage\":\"ca\",\"potentialAction\":[{\"@type\":\"ReadAction\",\"target\":[\"https:\\\/\\\/barcelona.euses.cat\\\/ca\\\/obert-el-periode-de-matriculacions-per-als-graus-universitaris-en-els-campus-de-salt-terres-de-lebre-i-bellvitge-2\\\/\"]}]},{\"@type\":\"ImageObject\",\"inLanguage\":\"ca\",\"@id\":\"https:\\\/\\\/barcelona.euses.cat\\\/ca\\\/obert-el-periode-de-matriculacions-per-als-graus-universitaris-en-els-campus-de-salt-terres-de-lebre-i-bellvitge-2\\\/#primaryimage\",\"url\":\"https:\\\/\\\/barcelona.euses.cat\\\/wp-content\\\/uploads\\\/2024\\\/07\\\/matriculacio-bellvitge-12.07.jpg\",\"contentUrl\":\"https:\\\/\\\/barcelona.euses.cat\\\/wp-content\\\/uploads\\\/2024\\\/07\\\/matriculacio-bellvitge-12.07.jpg\",\"width\":902,\"height\":1600},{\"@type\":\"BreadcrumbList\",\"@id\":\"https:\\\/\\\/barcelona.euses.cat\\\/ca\\\/obert-el-periode-de-matriculacions-per-als-graus-universitaris-en-els-campus-de-salt-terres-de-lebre-i-bellvitge-2\\\/#breadcrumb\",\"itemListElement\":[{\"@type\":\"ListItem\",\"position\":1,\"name\":\"Portada\",\"item\":\"https:\\\/\\\/barcelona.euses.cat\\\/ca\\\/\"},{\"@type\":\"ListItem\",\"position\":2,\"name\":\"Obert el per\u00edode de matriculacions per als graus universitaris en els campus de Salt, Terres de l\u2019Ebre i Bellvitge\"}]},{\"@type\":\"WebSite\",\"@id\":\"https:\\\/\\\/barcelona.euses.cat\\\/ca\\\/#website\",\"url\":\"https:\\\/\\\/barcelona.euses.cat\\\/ca\\\/\",\"name\":\"EUSES - Campus de Bellvitge (Barcelona)\",\"description\":\"EUSES, Escola Universit\u00e0ria de Fisioter\u00e0pia Internacional a Barcelona\",\"potentialAction\":[{\"@type\":\"SearchAction\",\"target\":{\"@type\":\"EntryPoint\",\"urlTemplate\":\"https:\\\/\\\/barcelona.euses.cat\\\/ca\\\/?s={search_term_string}\"},\"query-input\":{\"@type\":\"PropertyValueSpecification\",\"valueRequired\":true,\"valueName\":\"search_term_string\"}}],\"inLanguage\":\"ca\"},{\"@type\":\"Person\",\"@id\":\"https:\\\/\\\/barcelona.euses.cat\\\/ca\\\/#\\\/schema\\\/person\\\/8ab46080dfc4814fa59383db317735bd\",\"name\":\"Jordi Danes\",\"image\":{\"@type\":\"ImageObject\",\"inLanguage\":\"ca\",\"@id\":\"https:\\\/\\\/secure.gravatar.com\\\/avatar\\\/a9e4f443b594af225625ee8cfa665e41b1e0740ea34fbe0515b4ca559f8570ef?s=96&d=mm&r=g\",\"url\":\"https:\\\/\\\/secure.gravatar.com\\\/avatar\\\/a9e4f443b594af225625ee8cfa665e41b1e0740ea34fbe0515b4ca559f8570ef?s=96&d=mm&r=g\",\"contentUrl\":\"https:\\\/\\\/secure.gravatar.com\\\/avatar\\\/a9e4f443b594af225625ee8cfa665e41b1e0740ea34fbe0515b4ca559f8570ef?s=96&d=mm&r=g\",\"caption\":\"Jordi Danes\"},\"url\":\"https:\\\/\\\/barcelona.euses.cat\\\/ca\\\/author\\\/jordi-danes\\\/\"}]}<\/script>\n<!-- \/ Yoast SEO plugin. -->","yoast_head_json":{"title":"Obert el per\u00edode de matriculacions per als graus universitaris en els campus de Salt, Terres de l\u2019Ebre i Bellvitge | EUSES- Campus de Bellvitge (Barcelona)","robots":{"index":"index","follow":"follow","max-snippet":"max-snippet:-1","max-image-preview":"max-image-preview:large","max-video-preview":"max-video-preview:-1"},"canonical":"https:\/\/barcelona.euses.cat\/ca\/obert-el-periode-de-matriculacions-per-als-graus-universitaris-en-els-campus-de-salt-terres-de-lebre-i-bellvitge-2\/","og_locale":"ca_ES","og_type":"article","og_title":"Obert el per\u00edode de matriculacions per als graus universitaris en els campus de Salt, Terres de l\u2019Ebre i Bellvitge | EUSES- Campus de Bellvitge (Barcelona)","og_description":"Aquest divendres s\u2019ha obert el per\u00edode de matriculaci\u00f3 per al curs acad\u00e8mic 2024\/25 en els campus de Salt, Terres de l\u2019Ebre i Bellvitge. En totes les seus de l\u2019Escola Universit\u00e0ria de la Salut i l\u2019Esport, l\u2019activitat per a la inscripci\u00f3 per als alumnes que se sumaran a partir d\u2019aquest setembre a la fam\u00edlia de l\u2019EUSES [&hellip;]","og_url":"https:\/\/barcelona.euses.cat\/ca\/obert-el-periode-de-matriculacions-per-als-graus-universitaris-en-els-campus-de-salt-terres-de-lebre-i-bellvitge-2\/","og_site_name":"EUSES- Campus de Bellvitge (Barcelona)","article_publisher":"https:\/\/www.facebook.com\/PhysioBCN\/","article_published_time":"2024-07-12T11:43:25+00:00","og_image":[{"width":902,"height":1600,"url":"https:\/\/barcelona.euses.cat\/wp-content\/uploads\/2024\/07\/matriculacio-bellvitge-12.07.jpg","type":"image\/jpeg"}],"author":"Jordi Danes","twitter_card":"summary_large_image","twitter_misc":{"Escrit per":"Jordi Danes","Temps estimat de lectura":"1 minut"},"schema":{"@context":"https:\/\/schema.org","@graph":[{"@type":"Article","@id":"https:\/\/barcelona.euses.cat\/ca\/obert-el-periode-de-matriculacions-per-als-graus-universitaris-en-els-campus-de-salt-terres-de-lebre-i-bellvitge-2\/#article","isPartOf":{"@id":"https:\/\/barcelona.euses.cat\/ca\/obert-el-periode-de-matriculacions-per-als-graus-universitaris-en-els-campus-de-salt-terres-de-lebre-i-bellvitge-2\/"},"author":{"name":"Jordi Danes","@id":"https:\/\/barcelona.euses.cat\/ca\/#\/schema\/person\/8ab46080dfc4814fa59383db317735bd"},"headline":"Obert el per\u00edode de matriculacions per als graus universitaris en els campus de Salt, Terres de l\u2019Ebre i Bellvitge","datePublished":"2024-07-12T11:43:25+00:00","mainEntityOfPage":{"@id":"https:\/\/barcelona.euses.cat\/ca\/obert-el-periode-de-matriculacions-per-als-graus-universitaris-en-els-campus-de-salt-terres-de-lebre-i-bellvitge-2\/"},"wordCount":193,"commentCount":0,"image":{"@id":"https:\/\/barcelona.euses.cat\/ca\/obert-el-periode-de-matriculacions-per-als-graus-universitaris-en-els-campus-de-salt-terres-de-lebre-i-bellvitge-2\/#primaryimage"},"thumbnailUrl":"https:\/\/barcelona.euses.cat\/wp-content\/uploads\/2024\/07\/matriculacio-bellvitge-12.07.jpg","articleSection":["sense categoria"],"inLanguage":"ca"},{"@type":"WebPage","@id":"https:\/\/barcelona.euses.cat\/ca\/obert-el-periode-de-matriculacions-per-als-graus-universitaris-en-els-campus-de-salt-terres-de-lebre-i-bellvitge-2\/","url":"https:\/\/barcelona.euses.cat\/ca\/obert-el-periode-de-matriculacions-per-als-graus-universitaris-en-els-campus-de-salt-terres-de-lebre-i-bellvitge-2\/","name":"Obert el per\u00edode de matriculacions per als graus universitaris en els campus de Salt, Terres de l\u2019Ebre i Bellvitge | EUSES- Campus de Bellvitge (Barcelona)","isPartOf":{"@id":"https:\/\/barcelona.euses.cat\/ca\/#website"},"primaryImageOfPage":{"@id":"https:\/\/barcelona.euses.cat\/ca\/obert-el-periode-de-matriculacions-per-als-graus-universitaris-en-els-campus-de-salt-terres-de-lebre-i-bellvitge-2\/#primaryimage"},"image":{"@id":"https:\/\/barcelona.euses.cat\/ca\/obert-el-periode-de-matriculacions-per-als-graus-universitaris-en-els-campus-de-salt-terres-de-lebre-i-bellvitge-2\/#primaryimage"},"thumbnailUrl":"https:\/\/barcelona.euses.cat\/wp-content\/uploads\/2024\/07\/matriculacio-bellvitge-12.07.jpg","datePublished":"2024-07-12T11:43:25+00:00","author":{"@id":"https:\/\/barcelona.euses.cat\/ca\/#\/schema\/person\/8ab46080dfc4814fa59383db317735bd"},"breadcrumb":{"@id":"https:\/\/barcelona.euses.cat\/ca\/obert-el-periode-de-matriculacions-per-als-graus-universitaris-en-els-campus-de-salt-terres-de-lebre-i-bellvitge-2\/#breadcrumb"},"inLanguage":"ca","potentialAction":[{"@type":"ReadAction","target":["https:\/\/barcelona.euses.cat\/ca\/obert-el-periode-de-matriculacions-per-als-graus-universitaris-en-els-campus-de-salt-terres-de-lebre-i-bellvitge-2\/"]}]},{"@type":"ImageObject","inLanguage":"ca","@id":"https:\/\/barcelona.euses.cat\/ca\/obert-el-periode-de-matriculacions-per-als-graus-universitaris-en-els-campus-de-salt-terres-de-lebre-i-bellvitge-2\/#primaryimage","url":"https:\/\/barcelona.euses.cat\/wp-content\/uploads\/2024\/07\/matriculacio-bellvitge-12.07.jpg","contentUrl":"https:\/\/barcelona.euses.cat\/wp-content\/uploads\/2024\/07\/matriculacio-bellvitge-12.07.jpg","width":902,"height":1600},{"@type":"BreadcrumbList","@id":"https:\/\/barcelona.euses.cat\/ca\/obert-el-periode-de-matriculacions-per-als-graus-universitaris-en-els-campus-de-salt-terres-de-lebre-i-bellvitge-2\/#breadcrumb","itemListElement":[{"@type":"ListItem","position":1,"name":"Portada","item":"https:\/\/barcelona.euses.cat\/ca\/"},{"@type":"ListItem","position":2,"name":"Obert el per\u00edode de matriculacions per als graus universitaris en els campus de Salt, Terres de l\u2019Ebre i Bellvitge"}]},{"@type":"WebSite","@id":"https:\/\/barcelona.euses.cat\/ca\/#website","url":"https:\/\/barcelona.euses.cat\/ca\/","name":"EUSES - Campus de Bellvitge (Barcelona)","description":"EUSES, Escola Universit\u00e0ria de Fisioter\u00e0pia Internacional a Barcelona","potentialAction":[{"@type":"SearchAction","target":{"@type":"EntryPoint","urlTemplate":"https:\/\/barcelona.euses.cat\/ca\/?s={search_term_string}"},"query-input":{"@type":"PropertyValueSpecification","valueRequired":true,"valueName":"search_term_string"}}],"inLanguage":"ca"},{"@type":"Person","@id":"https:\/\/barcelona.euses.cat\/ca\/#\/schema\/person\/8ab46080dfc4814fa59383db317735bd","name":"Jordi Danes","image":{"@type":"ImageObject","inLanguage":"ca","@id":"https:\/\/secure.gravatar.com\/avatar\/a9e4f443b594af225625ee8cfa665e41b1e0740ea34fbe0515b4ca559f8570ef?s=96&d=mm&r=g","url":"https:\/\/secure.gravatar.com\/avatar\/a9e4f443b594af225625ee8cfa665e41b1e0740ea34fbe0515b4ca559f8570ef?s=96&d=mm&r=g","contentUrl":"https:\/\/secure.gravatar.com\/avatar\/a9e4f443b594af225625ee8cfa665e41b1e0740ea34fbe0515b4ca559f8570ef?s=96&d=mm&r=g","caption":"Jordi Danes"},"url":"https:\/\/barcelona.euses.cat\/ca\/author\/jordi-danes\/"}]}},"_links":{"self":[{"href":"https:\/\/barcelona.euses.cat\/ca\/wp-json\/wp\/v2\/posts\/12087","targetHints":{"allow":["GET"]}}],"collection":[{"href":"https:\/\/barcelona.euses.cat\/ca\/wp-json\/wp\/v2\/posts"}],"about":[{"href":"https:\/\/barcelona.euses.cat\/ca\/wp-json\/wp\/v2\/types\/post"}],"author":[{"embeddable":true,"href":"https:\/\/barcelona.euses.cat\/ca\/wp-json\/wp\/v2\/users\/3"}],"replies":[{"embeddable":true,"href":"https:\/\/barcelona.euses.cat\/ca\/wp-json\/wp\/v2\/comments?post=12087"}],"version-history":[{"count":1,"href":"https:\/\/barcelona.euses.cat\/ca\/wp-json\/wp\/v2\/posts\/12087\/revisions"}],"predecessor-version":[{"id":12088,"href":"https:\/\/barcelona.euses.cat\/ca\/wp-json\/wp\/v2\/posts\/12087\/revisions\/12088"}],"wp:featuredmedia":[{"embeddable":true,"href":"https:\/\/barcelona.euses.cat\/ca\/wp-json\/wp\/v2\/media\/12096"}],"wp:attachment":[{"href":"https:\/\/barcelona.euses.cat\/ca\/wp-json\/wp\/v2\/media?parent=12087"}],"wp:term":[{"taxonomy":"category","embeddable":true,"href":"https:\/\/barcelona.euses.cat\/ca\/wp-json\/wp\/v2\/categories?post=12087"},{"taxonomy":"post_tag","embeddable":true,"href":"https:\/\/barcelona.euses.cat\/ca\/wp-json\/wp\/v2\/tags?post=12087"}],"curies":[{"name":"wp","href":"https:\/\/api.w.org\/{rel}","templated":true}]}}