{"id":12003,"date":"2024-06-27T16:26:43","date_gmt":"2024-06-27T14:26:43","guid":{"rendered":"https:\/\/barcelona.euses.cat\/?p=12003"},"modified":"2024-06-27T16:26:43","modified_gmt":"2024-06-27T14:26:43","slug":"la-6a-promocio-del-grau-en-fisioterapia-internacional-udg-ub-celebra-lacte-de-graduacio-a-la-sala-paranimf","status":"publish","type":"post","link":"https:\/\/barcelona.euses.cat\/ca\/la-6a-promocio-del-grau-en-fisioterapia-internacional-udg-ub-celebra-lacte-de-graduacio-a-la-sala-paranimf\/","title":{"rendered":"La 6a Promoci\u00f3 del Grau en Fisioter\u00e0pia Internacional (UdG-UB) celebra l\u2019acte de graduaci\u00f3 a la sala Paranimf\u00a0"},"content":{"rendered":"<p style=\"font-weight: 400;\">La sala Paranimf de la Universitat de Barcelona ha estat l\u2019escenari de l\u2019Acte de Graduaci\u00f3 de la 6a Promoci\u00f3 del Grau en Fisioter\u00e0pia Internacional (UdG-UB). D\u2019all\u00e0 han sortit una quarantena de nous fisioterapeutes que van iniciar els estudis al Campus de Bellvitge l\u2019any 2020 i que aquest dijous han rebut el diploma que els acredita com a professionals despr\u00e9s de quatre anys d\u2019esfor\u00e7.<\/p>\n<p style=\"font-weight: 400;\">La cerim\u00f2nia l\u2019ha obert la delegada del rector per als centres adscrits de la UdG, Dra. Pilar Marqu\u00e8s. El discurs inicial ha donat pas als parlaments del Director Acad\u00e8mic d\u2019EUSES-UdG, Rafel Madriny\u00e0 i del Director del Grau en Fisioter\u00e0pia, Dr. Gerard Mu\u00f1oz. Tots ells han elogiat la perseveran\u00e7a, actitud i dedicaci\u00f3 d\u2019aquesta promoci\u00f3 (2020\/2024) i han encoratjat els nous graduats a endinsar-se en el camp professional amb la mateixa fermesa i ambici\u00f3 que ho han fet durant la seva etapa universit\u00e0ria. Per part dels alumnes, ha pres la paraula Thomas Vivona, que ha tingut tamb\u00e9 paraules d\u2019agra\u00efment cap a l\u2019equip docente, Companys i familiars.<\/p>\n<p style=\"font-weight: 400;\">Els discursos han deixat pas a l\u2019entrega\u00a0de diplomes, que ha estat el moment m\u00e9s celebrat de la cerim\u00f2nia. Despr\u00e9s d\u2019aquest lliurament ha tornat a prendre la paraula per tancar l\u2019acte la Dra. Pilar Marqu\u00e8s abans que son\u00e9s a la sala\u00a0l\u2019himne\u00a0universitari, Gaudeamus Igitur.<\/p>\n<p><a href=\"https:\/\/www.facebook.com\/media\/set\/?vanity=EUSESoficial&amp;set=a.996186949128138\" target=\"_blank\" rel=\"noopener\">TOTES LES FOTOGRAFIES DE L&#8217;ACTE DE GRADUACI\u00d3. Fotos: FOTOGRUP<\/a><\/p>\n\n\t\t<style type=\"text\/css\">\n\t\t\t#gallery-1 {\n\t\t\t\tmargin: auto;\n\t\t\t}\n\t\t\t#gallery-1 .gallery-item {\n\t\t\t\tfloat: left;\n\t\t\t\tmargin-top: 10px;\n\t\t\t\ttext-align: center;\n\t\t\t\twidth: 33%;\n\t\t\t}\n\t\t\t#gallery-1 img {\n\t\t\t\tborder: 2px solid #cfcfcf;\n\t\t\t}\n\t\t\t#gallery-1 .gallery-caption {\n\t\t\t\tmargin-left: 0;\n\t\t\t}\n\t\t\t\/* see gallery_shortcode() in wp-includes\/media.php *\/\n\t\t<\/style>\n\t\t<div id='gallery-1' class='gallery galleryid-12003 gallery-columns-3 gallery-size-medium'><dl class='gallery-item'>\n\t\t\t<dt class='gallery-icon landscape'>\n\t\t\t\t<a href='https:\/\/barcelona.euses.cat\/ca\/la-6a-promocio-del-grau-en-fisioterapia-internacional-udg-ub-celebra-lacte-de-graduacio-a-la-sala-paranimf\/graduacio-bellvitge-103\/'><img fetchpriority=\"high\" decoding=\"async\" width=\"300\" height=\"200\" src=\"https:\/\/barcelona.euses.cat\/wp-content\/uploads\/2024\/06\/GRADUACIO-BELLVITGE-103-300x200.jpg\" class=\"attachment-medium size-medium\" alt=\"\" srcset=\"https:\/\/barcelona.euses.cat\/wp-content\/uploads\/2024\/06\/GRADUACIO-BELLVITGE-103-300x200.jpg 300w, https:\/\/barcelona.euses.cat\/wp-content\/uploads\/2024\/06\/GRADUACIO-BELLVITGE-103-1024x682.jpg 1024w, https:\/\/barcelona.euses.cat\/wp-content\/uploads\/2024\/06\/GRADUACIO-BELLVITGE-103-768x512.jpg 768w, https:\/\/barcelona.euses.cat\/wp-content\/uploads\/2024\/06\/GRADUACIO-BELLVITGE-103-400x267.jpg 400w, https:\/\/barcelona.euses.cat\/wp-content\/uploads\/2024\/06\/GRADUACIO-BELLVITGE-103.jpg 1535w\" sizes=\"(max-width: 300px) 100vw, 300px\" \/><\/a>\n\t\t\t<\/dt><\/dl><dl class='gallery-item'>\n\t\t\t<dt class='gallery-icon landscape'>\n\t\t\t\t<a href='https:\/\/barcelona.euses.cat\/ca\/la-6a-promocio-del-grau-en-fisioterapia-internacional-udg-ub-celebra-lacte-de-graduacio-a-la-sala-paranimf\/graduacio-bellvitge-100\/'><img decoding=\"async\" width=\"300\" height=\"200\" src=\"https:\/\/barcelona.euses.cat\/wp-content\/uploads\/2024\/06\/GRADUACIO-BELLVITGE-100-300x200.jpg\" class=\"attachment-medium size-medium\" alt=\"\" srcset=\"https:\/\/barcelona.euses.cat\/wp-content\/uploads\/2024\/06\/GRADUACIO-BELLVITGE-100-300x200.jpg 300w, https:\/\/barcelona.euses.cat\/wp-content\/uploads\/2024\/06\/GRADUACIO-BELLVITGE-100-1024x682.jpg 1024w, https:\/\/barcelona.euses.cat\/wp-content\/uploads\/2024\/06\/GRADUACIO-BELLVITGE-100-768x512.jpg 768w, https:\/\/barcelona.euses.cat\/wp-content\/uploads\/2024\/06\/GRADUACIO-BELLVITGE-100-400x267.jpg 400w, https:\/\/barcelona.euses.cat\/wp-content\/uploads\/2024\/06\/GRADUACIO-BELLVITGE-100.jpg 1535w\" sizes=\"(max-width: 300px) 100vw, 300px\" \/><\/a>\n\t\t\t<\/dt><\/dl><dl class='gallery-item'>\n\t\t\t<dt class='gallery-icon landscape'>\n\t\t\t\t<a href='https:\/\/barcelona.euses.cat\/ca\/la-6a-promocio-del-grau-en-fisioterapia-internacional-udg-ub-celebra-lacte-de-graduacio-a-la-sala-paranimf\/graduacio-bellvitge-87\/'><img decoding=\"async\" width=\"300\" height=\"200\" src=\"https:\/\/barcelona.euses.cat\/wp-content\/uploads\/2024\/06\/GRADUACIO-BELLVITGE-87-300x200.jpg\" class=\"attachment-medium size-medium\" alt=\"\" srcset=\"https:\/\/barcelona.euses.cat\/wp-content\/uploads\/2024\/06\/GRADUACIO-BELLVITGE-87-300x200.jpg 300w, https:\/\/barcelona.euses.cat\/wp-content\/uploads\/2024\/06\/GRADUACIO-BELLVITGE-87-1024x682.jpg 1024w, https:\/\/barcelona.euses.cat\/wp-content\/uploads\/2024\/06\/GRADUACIO-BELLVITGE-87-768x512.jpg 768w, https:\/\/barcelona.euses.cat\/wp-content\/uploads\/2024\/06\/GRADUACIO-BELLVITGE-87-400x267.jpg 400w, https:\/\/barcelona.euses.cat\/wp-content\/uploads\/2024\/06\/GRADUACIO-BELLVITGE-87.jpg 1535w\" sizes=\"(max-width: 300px) 100vw, 300px\" \/><\/a>\n\t\t\t<\/dt><\/dl><br style=\"clear: both\" \/><dl class='gallery-item'>\n\t\t\t<dt class='gallery-icon landscape'>\n\t\t\t\t<a href='https:\/\/barcelona.euses.cat\/ca\/la-6a-promocio-del-grau-en-fisioterapia-internacional-udg-ub-celebra-lacte-de-graduacio-a-la-sala-paranimf\/graduacio-bellvitge-77\/'><img loading=\"lazy\" decoding=\"async\" width=\"300\" height=\"200\" src=\"https:\/\/barcelona.euses.cat\/wp-content\/uploads\/2024\/06\/GRADUACIO-BELLVITGE-77-300x200.jpg\" class=\"attachment-medium size-medium\" alt=\"\" srcset=\"https:\/\/barcelona.euses.cat\/wp-content\/uploads\/2024\/06\/GRADUACIO-BELLVITGE-77-300x200.jpg 300w, https:\/\/barcelona.euses.cat\/wp-content\/uploads\/2024\/06\/GRADUACIO-BELLVITGE-77-1024x682.jpg 1024w, https:\/\/barcelona.euses.cat\/wp-content\/uploads\/2024\/06\/GRADUACIO-BELLVITGE-77-768x512.jpg 768w, https:\/\/barcelona.euses.cat\/wp-content\/uploads\/2024\/06\/GRADUACIO-BELLVITGE-77-400x267.jpg 400w, https:\/\/barcelona.euses.cat\/wp-content\/uploads\/2024\/06\/GRADUACIO-BELLVITGE-77.jpg 1535w\" sizes=\"(max-width: 300px) 100vw, 300px\" \/><\/a>\n\t\t\t<\/dt><\/dl><dl class='gallery-item'>\n\t\t\t<dt class='gallery-icon landscape'>\n\t\t\t\t<a href='https:\/\/barcelona.euses.cat\/ca\/la-6a-promocio-del-grau-en-fisioterapia-internacional-udg-ub-celebra-lacte-de-graduacio-a-la-sala-paranimf\/graduacio-bellvitge-48\/'><img loading=\"lazy\" decoding=\"async\" width=\"300\" height=\"200\" src=\"https:\/\/barcelona.euses.cat\/wp-content\/uploads\/2024\/06\/GRADUACIO-BELLVITGE-48-300x200.jpg\" class=\"attachment-medium size-medium\" alt=\"\" srcset=\"https:\/\/barcelona.euses.cat\/wp-content\/uploads\/2024\/06\/GRADUACIO-BELLVITGE-48-300x200.jpg 300w, https:\/\/barcelona.euses.cat\/wp-content\/uploads\/2024\/06\/GRADUACIO-BELLVITGE-48-1024x682.jpg 1024w, https:\/\/barcelona.euses.cat\/wp-content\/uploads\/2024\/06\/GRADUACIO-BELLVITGE-48-768x512.jpg 768w, https:\/\/barcelona.euses.cat\/wp-content\/uploads\/2024\/06\/GRADUACIO-BELLVITGE-48-400x267.jpg 400w, https:\/\/barcelona.euses.cat\/wp-content\/uploads\/2024\/06\/GRADUACIO-BELLVITGE-48.jpg 1535w\" sizes=\"(max-width: 300px) 100vw, 300px\" \/><\/a>\n\t\t\t<\/dt><\/dl><dl class='gallery-item'>\n\t\t\t<dt class='gallery-icon landscape'>\n\t\t\t\t<a href='https:\/\/barcelona.euses.cat\/ca\/la-6a-promocio-del-grau-en-fisioterapia-internacional-udg-ub-celebra-lacte-de-graduacio-a-la-sala-paranimf\/graduacio-bellvitge-235-2\/'><img loading=\"lazy\" decoding=\"async\" width=\"300\" height=\"200\" src=\"https:\/\/barcelona.euses.cat\/wp-content\/uploads\/2024\/06\/GRADUACIO-BELLVITGE-235-300x200.jpg\" class=\"attachment-medium size-medium\" alt=\"\" srcset=\"https:\/\/barcelona.euses.cat\/wp-content\/uploads\/2024\/06\/GRADUACIO-BELLVITGE-235-300x200.jpg 300w, https:\/\/barcelona.euses.cat\/wp-content\/uploads\/2024\/06\/GRADUACIO-BELLVITGE-235-1024x682.jpg 1024w, https:\/\/barcelona.euses.cat\/wp-content\/uploads\/2024\/06\/GRADUACIO-BELLVITGE-235-768x512.jpg 768w, https:\/\/barcelona.euses.cat\/wp-content\/uploads\/2024\/06\/GRADUACIO-BELLVITGE-235-400x267.jpg 400w, https:\/\/barcelona.euses.cat\/wp-content\/uploads\/2024\/06\/GRADUACIO-BELLVITGE-235.jpg 1535w\" sizes=\"(max-width: 300px) 100vw, 300px\" \/><\/a>\n\t\t\t<\/dt><\/dl><br style=\"clear: both\" \/>\n\t\t<\/div>\n\n<p>&nbsp;<\/p>\n","protected":false},"excerpt":{"rendered":"<p>La sala Paranimf de la Universitat de Barcelona ha estat l\u2019escenari de l\u2019Acte de Graduaci\u00f3 de la 6a Promoci\u00f3 del Grau en Fisioter\u00e0pia Internacional (UdG-UB). D\u2019all\u00e0 han sortit una quarantena de nous fisioterapeutes que van iniciar els estudis al Campus de Bellvitge l\u2019any 2020 i que aquest dijous han rebut el diploma que els acredita [&hellip;]<\/p>\n","protected":false},"author":3,"featured_media":12032,"comment_status":"open","ping_status":"closed","sticky":false,"template":"","format":"standard","meta":{"_acf_changed":false,"inline_featured_image":false,"_joinchat":[],"footnotes":""},"categories":[46],"tags":[],"class_list":["post-12003","post","type-post","status-publish","format-standard","has-post-thumbnail","hentry","category-sense-categoria"],"acf":[],"yoast_head":"<!-- This site is optimized with the Yoast SEO plugin v27.4 - https:\/\/yoast.com\/product\/yoast-seo-wordpress\/ -->\n<title>La 6a Promoci\u00f3 del Grau en Fisioter\u00e0pia Internacional (UdG-UB) celebra l\u2019acte de graduaci\u00f3 a la sala Paranimf\u00a0 | EUSES- Campus de Bellvitge (Barcelona)<\/title>\n<meta name=\"robots\" content=\"index, follow, max-snippet:-1, max-image-preview:large, max-video-preview:-1\" \/>\n<link rel=\"canonical\" href=\"https:\/\/barcelona.euses.cat\/ca\/la-6a-promocio-del-grau-en-fisioterapia-internacional-udg-ub-celebra-lacte-de-graduacio-a-la-sala-paranimf\/\" \/>\n<meta property=\"og:locale\" content=\"ca_ES\" \/>\n<meta property=\"og:type\" content=\"article\" \/>\n<meta property=\"og:title\" content=\"La 6a Promoci\u00f3 del Grau en Fisioter\u00e0pia Internacional (UdG-UB) celebra l\u2019acte de graduaci\u00f3 a la sala Paranimf\u00a0 | EUSES- Campus de Bellvitge (Barcelona)\" \/>\n<meta property=\"og:description\" content=\"La sala Paranimf de la Universitat de Barcelona ha estat l\u2019escenari de l\u2019Acte de Graduaci\u00f3 de la 6a Promoci\u00f3 del Grau en Fisioter\u00e0pia Internacional (UdG-UB). D\u2019all\u00e0 han sortit una quarantena de nous fisioterapeutes que van iniciar els estudis al Campus de Bellvitge l\u2019any 2020 i que aquest dijous han rebut el diploma que els acredita [&hellip;]\" \/>\n<meta property=\"og:url\" content=\"https:\/\/barcelona.euses.cat\/ca\/la-6a-promocio-del-grau-en-fisioterapia-internacional-udg-ub-celebra-lacte-de-graduacio-a-la-sala-paranimf\/\" \/>\n<meta property=\"og:site_name\" content=\"EUSES- Campus de Bellvitge (Barcelona)\" \/>\n<meta property=\"article:publisher\" content=\"https:\/\/www.facebook.com\/PhysioBCN\/\" \/>\n<meta property=\"article:published_time\" content=\"2024-06-27T14:26:43+00:00\" \/>\n<meta property=\"og:image\" content=\"https:\/\/barcelona.euses.cat\/wp-content\/uploads\/2024\/06\/GRADUACIO-BELLVITGE-233.jpg\" \/>\n\t<meta property=\"og:image:width\" content=\"1535\" \/>\n\t<meta property=\"og:image:height\" content=\"1023\" \/>\n\t<meta property=\"og:image:type\" content=\"image\/jpeg\" \/>\n<meta name=\"author\" content=\"Jordi Danes\" \/>\n<meta name=\"twitter:card\" content=\"summary_large_image\" \/>\n<meta name=\"twitter:label1\" content=\"Escrit per\" \/>\n\t<meta name=\"twitter:data1\" content=\"Jordi Danes\" \/>\n\t<meta name=\"twitter:label2\" content=\"Temps estimat de lectura\" \/>\n\t<meta name=\"twitter:data2\" content=\"2 minuts\" \/>\n<script type=\"application\/ld+json\" class=\"yoast-schema-graph\">{\"@context\":\"https:\\\/\\\/schema.org\",\"@graph\":[{\"@type\":\"Article\",\"@id\":\"https:\\\/\\\/barcelona.euses.cat\\\/ca\\\/la-6a-promocio-del-grau-en-fisioterapia-internacional-udg-ub-celebra-lacte-de-graduacio-a-la-sala-paranimf\\\/#article\",\"isPartOf\":{\"@id\":\"https:\\\/\\\/barcelona.euses.cat\\\/ca\\\/la-6a-promocio-del-grau-en-fisioterapia-internacional-udg-ub-celebra-lacte-de-graduacio-a-la-sala-paranimf\\\/\"},\"author\":{\"name\":\"Jordi Danes\",\"@id\":\"https:\\\/\\\/barcelona.euses.cat\\\/ca\\\/#\\\/schema\\\/person\\\/8ab46080dfc4814fa59383db317735bd\"},\"headline\":\"La 6a Promoci\u00f3 del Grau en Fisioter\u00e0pia Internacional (UdG-UB) celebra l\u2019acte de graduaci\u00f3 a la sala Paranimf\u00a0\",\"datePublished\":\"2024-06-27T14:26:43+00:00\",\"mainEntityOfPage\":{\"@id\":\"https:\\\/\\\/barcelona.euses.cat\\\/ca\\\/la-6a-promocio-del-grau-en-fisioterapia-internacional-udg-ub-celebra-lacte-de-graduacio-a-la-sala-paranimf\\\/\"},\"wordCount\":273,\"commentCount\":0,\"image\":{\"@id\":\"https:\\\/\\\/barcelona.euses.cat\\\/ca\\\/la-6a-promocio-del-grau-en-fisioterapia-internacional-udg-ub-celebra-lacte-de-graduacio-a-la-sala-paranimf\\\/#primaryimage\"},\"thumbnailUrl\":\"https:\\\/\\\/barcelona.euses.cat\\\/wp-content\\\/uploads\\\/2024\\\/06\\\/GRADUACIO-BELLVITGE-233.jpg\",\"articleSection\":[\"sense categoria\"],\"inLanguage\":\"ca\"},{\"@type\":\"WebPage\",\"@id\":\"https:\\\/\\\/barcelona.euses.cat\\\/ca\\\/la-6a-promocio-del-grau-en-fisioterapia-internacional-udg-ub-celebra-lacte-de-graduacio-a-la-sala-paranimf\\\/\",\"url\":\"https:\\\/\\\/barcelona.euses.cat\\\/ca\\\/la-6a-promocio-del-grau-en-fisioterapia-internacional-udg-ub-celebra-lacte-de-graduacio-a-la-sala-paranimf\\\/\",\"name\":\"La 6a Promoci\u00f3 del Grau en Fisioter\u00e0pia Internacional (UdG-UB) celebra l\u2019acte de graduaci\u00f3 a la sala Paranimf\u00a0 | EUSES- Campus de Bellvitge (Barcelona)\",\"isPartOf\":{\"@id\":\"https:\\\/\\\/barcelona.euses.cat\\\/ca\\\/#website\"},\"primaryImageOfPage\":{\"@id\":\"https:\\\/\\\/barcelona.euses.cat\\\/ca\\\/la-6a-promocio-del-grau-en-fisioterapia-internacional-udg-ub-celebra-lacte-de-graduacio-a-la-sala-paranimf\\\/#primaryimage\"},\"image\":{\"@id\":\"https:\\\/\\\/barcelona.euses.cat\\\/ca\\\/la-6a-promocio-del-grau-en-fisioterapia-internacional-udg-ub-celebra-lacte-de-graduacio-a-la-sala-paranimf\\\/#primaryimage\"},\"thumbnailUrl\":\"https:\\\/\\\/barcelona.euses.cat\\\/wp-content\\\/uploads\\\/2024\\\/06\\\/GRADUACIO-BELLVITGE-233.jpg\",\"datePublished\":\"2024-06-27T14:26:43+00:00\",\"author\":{\"@id\":\"https:\\\/\\\/barcelona.euses.cat\\\/ca\\\/#\\\/schema\\\/person\\\/8ab46080dfc4814fa59383db317735bd\"},\"breadcrumb\":{\"@id\":\"https:\\\/\\\/barcelona.euses.cat\\\/ca\\\/la-6a-promocio-del-grau-en-fisioterapia-internacional-udg-ub-celebra-lacte-de-graduacio-a-la-sala-paranimf\\\/#breadcrumb\"},\"inLanguage\":\"ca\",\"potentialAction\":[{\"@type\":\"ReadAction\",\"target\":[\"https:\\\/\\\/barcelona.euses.cat\\\/ca\\\/la-6a-promocio-del-grau-en-fisioterapia-internacional-udg-ub-celebra-lacte-de-graduacio-a-la-sala-paranimf\\\/\"]}]},{\"@type\":\"ImageObject\",\"inLanguage\":\"ca\",\"@id\":\"https:\\\/\\\/barcelona.euses.cat\\\/ca\\\/la-6a-promocio-del-grau-en-fisioterapia-internacional-udg-ub-celebra-lacte-de-graduacio-a-la-sala-paranimf\\\/#primaryimage\",\"url\":\"https:\\\/\\\/barcelona.euses.cat\\\/wp-content\\\/uploads\\\/2024\\\/06\\\/GRADUACIO-BELLVITGE-233.jpg\",\"contentUrl\":\"https:\\\/\\\/barcelona.euses.cat\\\/wp-content\\\/uploads\\\/2024\\\/06\\\/GRADUACIO-BELLVITGE-233.jpg\",\"width\":1535,\"height\":1023},{\"@type\":\"BreadcrumbList\",\"@id\":\"https:\\\/\\\/barcelona.euses.cat\\\/ca\\\/la-6a-promocio-del-grau-en-fisioterapia-internacional-udg-ub-celebra-lacte-de-graduacio-a-la-sala-paranimf\\\/#breadcrumb\",\"itemListElement\":[{\"@type\":\"ListItem\",\"position\":1,\"name\":\"Portada\",\"item\":\"https:\\\/\\\/barcelona.euses.cat\\\/ca\\\/\"},{\"@type\":\"ListItem\",\"position\":2,\"name\":\"La 6a Promoci\u00f3 del Grau en Fisioter\u00e0pia Internacional (UdG-UB) celebra l\u2019acte de graduaci\u00f3 a la sala Paranimf\u00a0\"}]},{\"@type\":\"WebSite\",\"@id\":\"https:\\\/\\\/barcelona.euses.cat\\\/ca\\\/#website\",\"url\":\"https:\\\/\\\/barcelona.euses.cat\\\/ca\\\/\",\"name\":\"EUSES - Campus de Bellvitge (Barcelona)\",\"description\":\"EUSES, Escola Universit\u00e0ria de Fisioter\u00e0pia Internacional a Barcelona\",\"potentialAction\":[{\"@type\":\"SearchAction\",\"target\":{\"@type\":\"EntryPoint\",\"urlTemplate\":\"https:\\\/\\\/barcelona.euses.cat\\\/ca\\\/?s={search_term_string}\"},\"query-input\":{\"@type\":\"PropertyValueSpecification\",\"valueRequired\":true,\"valueName\":\"search_term_string\"}}],\"inLanguage\":\"ca\"},{\"@type\":\"Person\",\"@id\":\"https:\\\/\\\/barcelona.euses.cat\\\/ca\\\/#\\\/schema\\\/person\\\/8ab46080dfc4814fa59383db317735bd\",\"name\":\"Jordi Danes\",\"image\":{\"@type\":\"ImageObject\",\"inLanguage\":\"ca\",\"@id\":\"https:\\\/\\\/secure.gravatar.com\\\/avatar\\\/a9e4f443b594af225625ee8cfa665e41b1e0740ea34fbe0515b4ca559f8570ef?s=96&d=mm&r=g\",\"url\":\"https:\\\/\\\/secure.gravatar.com\\\/avatar\\\/a9e4f443b594af225625ee8cfa665e41b1e0740ea34fbe0515b4ca559f8570ef?s=96&d=mm&r=g\",\"contentUrl\":\"https:\\\/\\\/secure.gravatar.com\\\/avatar\\\/a9e4f443b594af225625ee8cfa665e41b1e0740ea34fbe0515b4ca559f8570ef?s=96&d=mm&r=g\",\"caption\":\"Jordi Danes\"},\"url\":\"https:\\\/\\\/barcelona.euses.cat\\\/ca\\\/author\\\/jordi-danes\\\/\"}]}<\/script>\n<!-- \/ Yoast SEO plugin. -->","yoast_head_json":{"title":"La 6a Promoci\u00f3 del Grau en Fisioter\u00e0pia Internacional (UdG-UB) celebra l\u2019acte de graduaci\u00f3 a la sala Paranimf\u00a0 | EUSES- Campus de Bellvitge (Barcelona)","robots":{"index":"index","follow":"follow","max-snippet":"max-snippet:-1","max-image-preview":"max-image-preview:large","max-video-preview":"max-video-preview:-1"},"canonical":"https:\/\/barcelona.euses.cat\/ca\/la-6a-promocio-del-grau-en-fisioterapia-internacional-udg-ub-celebra-lacte-de-graduacio-a-la-sala-paranimf\/","og_locale":"ca_ES","og_type":"article","og_title":"La 6a Promoci\u00f3 del Grau en Fisioter\u00e0pia Internacional (UdG-UB) celebra l\u2019acte de graduaci\u00f3 a la sala Paranimf\u00a0 | EUSES- Campus de Bellvitge (Barcelona)","og_description":"La sala Paranimf de la Universitat de Barcelona ha estat l\u2019escenari de l\u2019Acte de Graduaci\u00f3 de la 6a Promoci\u00f3 del Grau en Fisioter\u00e0pia Internacional (UdG-UB). D\u2019all\u00e0 han sortit una quarantena de nous fisioterapeutes que van iniciar els estudis al Campus de Bellvitge l\u2019any 2020 i que aquest dijous han rebut el diploma que els acredita [&hellip;]","og_url":"https:\/\/barcelona.euses.cat\/ca\/la-6a-promocio-del-grau-en-fisioterapia-internacional-udg-ub-celebra-lacte-de-graduacio-a-la-sala-paranimf\/","og_site_name":"EUSES- Campus de Bellvitge (Barcelona)","article_publisher":"https:\/\/www.facebook.com\/PhysioBCN\/","article_published_time":"2024-06-27T14:26:43+00:00","og_image":[{"width":1535,"height":1023,"url":"https:\/\/barcelona.euses.cat\/wp-content\/uploads\/2024\/06\/GRADUACIO-BELLVITGE-233.jpg","type":"image\/jpeg"}],"author":"Jordi Danes","twitter_card":"summary_large_image","twitter_misc":{"Escrit per":"Jordi Danes","Temps estimat de lectura":"2 minuts"},"schema":{"@context":"https:\/\/schema.org","@graph":[{"@type":"Article","@id":"https:\/\/barcelona.euses.cat\/ca\/la-6a-promocio-del-grau-en-fisioterapia-internacional-udg-ub-celebra-lacte-de-graduacio-a-la-sala-paranimf\/#article","isPartOf":{"@id":"https:\/\/barcelona.euses.cat\/ca\/la-6a-promocio-del-grau-en-fisioterapia-internacional-udg-ub-celebra-lacte-de-graduacio-a-la-sala-paranimf\/"},"author":{"name":"Jordi Danes","@id":"https:\/\/barcelona.euses.cat\/ca\/#\/schema\/person\/8ab46080dfc4814fa59383db317735bd"},"headline":"La 6a Promoci\u00f3 del Grau en Fisioter\u00e0pia Internacional (UdG-UB) celebra l\u2019acte de graduaci\u00f3 a la sala Paranimf\u00a0","datePublished":"2024-06-27T14:26:43+00:00","mainEntityOfPage":{"@id":"https:\/\/barcelona.euses.cat\/ca\/la-6a-promocio-del-grau-en-fisioterapia-internacional-udg-ub-celebra-lacte-de-graduacio-a-la-sala-paranimf\/"},"wordCount":273,"commentCount":0,"image":{"@id":"https:\/\/barcelona.euses.cat\/ca\/la-6a-promocio-del-grau-en-fisioterapia-internacional-udg-ub-celebra-lacte-de-graduacio-a-la-sala-paranimf\/#primaryimage"},"thumbnailUrl":"https:\/\/barcelona.euses.cat\/wp-content\/uploads\/2024\/06\/GRADUACIO-BELLVITGE-233.jpg","articleSection":["sense categoria"],"inLanguage":"ca"},{"@type":"WebPage","@id":"https:\/\/barcelona.euses.cat\/ca\/la-6a-promocio-del-grau-en-fisioterapia-internacional-udg-ub-celebra-lacte-de-graduacio-a-la-sala-paranimf\/","url":"https:\/\/barcelona.euses.cat\/ca\/la-6a-promocio-del-grau-en-fisioterapia-internacional-udg-ub-celebra-lacte-de-graduacio-a-la-sala-paranimf\/","name":"La 6a Promoci\u00f3 del Grau en Fisioter\u00e0pia Internacional (UdG-UB) celebra l\u2019acte de graduaci\u00f3 a la sala Paranimf\u00a0 | EUSES- Campus de Bellvitge (Barcelona)","isPartOf":{"@id":"https:\/\/barcelona.euses.cat\/ca\/#website"},"primaryImageOfPage":{"@id":"https:\/\/barcelona.euses.cat\/ca\/la-6a-promocio-del-grau-en-fisioterapia-internacional-udg-ub-celebra-lacte-de-graduacio-a-la-sala-paranimf\/#primaryimage"},"image":{"@id":"https:\/\/barcelona.euses.cat\/ca\/la-6a-promocio-del-grau-en-fisioterapia-internacional-udg-ub-celebra-lacte-de-graduacio-a-la-sala-paranimf\/#primaryimage"},"thumbnailUrl":"https:\/\/barcelona.euses.cat\/wp-content\/uploads\/2024\/06\/GRADUACIO-BELLVITGE-233.jpg","datePublished":"2024-06-27T14:26:43+00:00","author":{"@id":"https:\/\/barcelona.euses.cat\/ca\/#\/schema\/person\/8ab46080dfc4814fa59383db317735bd"},"breadcrumb":{"@id":"https:\/\/barcelona.euses.cat\/ca\/la-6a-promocio-del-grau-en-fisioterapia-internacional-udg-ub-celebra-lacte-de-graduacio-a-la-sala-paranimf\/#breadcrumb"},"inLanguage":"ca","potentialAction":[{"@type":"ReadAction","target":["https:\/\/barcelona.euses.cat\/ca\/la-6a-promocio-del-grau-en-fisioterapia-internacional-udg-ub-celebra-lacte-de-graduacio-a-la-sala-paranimf\/"]}]},{"@type":"ImageObject","inLanguage":"ca","@id":"https:\/\/barcelona.euses.cat\/ca\/la-6a-promocio-del-grau-en-fisioterapia-internacional-udg-ub-celebra-lacte-de-graduacio-a-la-sala-paranimf\/#primaryimage","url":"https:\/\/barcelona.euses.cat\/wp-content\/uploads\/2024\/06\/GRADUACIO-BELLVITGE-233.jpg","contentUrl":"https:\/\/barcelona.euses.cat\/wp-content\/uploads\/2024\/06\/GRADUACIO-BELLVITGE-233.jpg","width":1535,"height":1023},{"@type":"BreadcrumbList","@id":"https:\/\/barcelona.euses.cat\/ca\/la-6a-promocio-del-grau-en-fisioterapia-internacional-udg-ub-celebra-lacte-de-graduacio-a-la-sala-paranimf\/#breadcrumb","itemListElement":[{"@type":"ListItem","position":1,"name":"Portada","item":"https:\/\/barcelona.euses.cat\/ca\/"},{"@type":"ListItem","position":2,"name":"La 6a Promoci\u00f3 del Grau en Fisioter\u00e0pia Internacional (UdG-UB) celebra l\u2019acte de graduaci\u00f3 a la sala Paranimf\u00a0"}]},{"@type":"WebSite","@id":"https:\/\/barcelona.euses.cat\/ca\/#website","url":"https:\/\/barcelona.euses.cat\/ca\/","name":"EUSES - Campus de Bellvitge (Barcelona)","description":"EUSES, Escola Universit\u00e0ria de Fisioter\u00e0pia Internacional a Barcelona","potentialAction":[{"@type":"SearchAction","target":{"@type":"EntryPoint","urlTemplate":"https:\/\/barcelona.euses.cat\/ca\/?s={search_term_string}"},"query-input":{"@type":"PropertyValueSpecification","valueRequired":true,"valueName":"search_term_string"}}],"inLanguage":"ca"},{"@type":"Person","@id":"https:\/\/barcelona.euses.cat\/ca\/#\/schema\/person\/8ab46080dfc4814fa59383db317735bd","name":"Jordi Danes","image":{"@type":"ImageObject","inLanguage":"ca","@id":"https:\/\/secure.gravatar.com\/avatar\/a9e4f443b594af225625ee8cfa665e41b1e0740ea34fbe0515b4ca559f8570ef?s=96&d=mm&r=g","url":"https:\/\/secure.gravatar.com\/avatar\/a9e4f443b594af225625ee8cfa665e41b1e0740ea34fbe0515b4ca559f8570ef?s=96&d=mm&r=g","contentUrl":"https:\/\/secure.gravatar.com\/avatar\/a9e4f443b594af225625ee8cfa665e41b1e0740ea34fbe0515b4ca559f8570ef?s=96&d=mm&r=g","caption":"Jordi Danes"},"url":"https:\/\/barcelona.euses.cat\/ca\/author\/jordi-danes\/"}]}},"_links":{"self":[{"href":"https:\/\/barcelona.euses.cat\/ca\/wp-json\/wp\/v2\/posts\/12003","targetHints":{"allow":["GET"]}}],"collection":[{"href":"https:\/\/barcelona.euses.cat\/ca\/wp-json\/wp\/v2\/posts"}],"about":[{"href":"https:\/\/barcelona.euses.cat\/ca\/wp-json\/wp\/v2\/types\/post"}],"author":[{"embeddable":true,"href":"https:\/\/barcelona.euses.cat\/ca\/wp-json\/wp\/v2\/users\/3"}],"replies":[{"embeddable":true,"href":"https:\/\/barcelona.euses.cat\/ca\/wp-json\/wp\/v2\/comments?post=12003"}],"version-history":[{"count":3,"href":"https:\/\/barcelona.euses.cat\/ca\/wp-json\/wp\/v2\/posts\/12003\/revisions"}],"predecessor-version":[{"id":12049,"href":"https:\/\/barcelona.euses.cat\/ca\/wp-json\/wp\/v2\/posts\/12003\/revisions\/12049"}],"wp:featuredmedia":[{"embeddable":true,"href":"https:\/\/barcelona.euses.cat\/ca\/wp-json\/wp\/v2\/media\/12032"}],"wp:attachment":[{"href":"https:\/\/barcelona.euses.cat\/ca\/wp-json\/wp\/v2\/media?parent=12003"}],"wp:term":[{"taxonomy":"category","embeddable":true,"href":"https:\/\/barcelona.euses.cat\/ca\/wp-json\/wp\/v2\/categories?post=12003"},{"taxonomy":"post_tag","embeddable":true,"href":"https:\/\/barcelona.euses.cat\/ca\/wp-json\/wp\/v2\/tags?post=12003"}],"curies":[{"name":"wp","href":"https:\/\/api.w.org\/{rel}","templated":true}]}}