{"id":11700,"date":"2024-04-02T22:04:24","date_gmt":"2024-04-02T20:04:24","guid":{"rendered":"https:\/\/barcelona.euses.cat\/?p=11700"},"modified":"2024-04-02T22:04:24","modified_gmt":"2024-04-02T20:04:24","slug":"compte-enrere-per-a-la-4a-edicio-del-talent-day-organitzat-per-euses-alumni-que-tindra-lloc-els-dies-15-i-16-dabril","status":"publish","type":"post","link":"https:\/\/barcelona.euses.cat\/ca\/compte-enrere-per-a-la-4a-edicio-del-talent-day-organitzat-per-euses-alumni-que-tindra-lloc-els-dies-15-i-16-dabril\/","title":{"rendered":"Compte enrere per a la 4a edici\u00f3 del Talent Day organitzat per EUSES Alumni, que tindr\u00e0 lloc els dies 15 i 16 d\u2019abril"},"content":{"rendered":"<p><span style=\"font-weight: 400;\">El Talent Day 2024 ja ha iniciat el compte enrere i es convertir\u00e0 en un dels esdeveniments principals d\u2019aquest mes d\u2019abril. La Fira Virtual de l\u2019Ocupaci\u00f3 i Orientaci\u00f3 Professional de l\u2019Escola Universit\u00e0ria de la Salut i l\u2019Esport se celebrar\u00e0 els propers dies 15 i 16 i arriba, cada cop m\u00e9s consolidada, a la seva quarta edici\u00f3. El Talent Day, una iniciativa de l\u2019equip d\u2019EUSES Alumni que dirigeix S\u00edlvia Roche, tindr\u00e0 un total de 45 estands d\u2019empreses, centres i clubs, a m\u00e9s de l\u2019estand de l\u2019organitzaci\u00f3, on es publicaran ofertes de treball d\u2019empreses que no tinguin estand.<\/span><\/p>\n<p><span style=\"font-weight: 400;\">Les inscripcions (gratu\u00eftes) ja estan obertes i, malgrat que el p\u00fablic potencial son els estudiants de 4t curs dels graus en CAFE i en Fisioter\u00e0pia i els associats a EUSES Alumni (de cares a la sortida al mercat laboral o a la recerca d\u2019una oferta professional que encaixi en el seu perfil), el Talent Day tamb\u00e9 est\u00e0 obert a alumnes de 1r, 2n i 3r curs dels tots els Campus del grup (Salt, Bellvitge i Terres de l\u2019Ebre).<\/span><br style=\"font-weight: 400;\" \/><span style=\"font-weight: 400;\">Al Talent Day (des del dilluns dia 15 a les 10 del mat\u00ed fins al dimarts dia 16 fins a les 6 de la tarda de manera ininterrompuda), els estudiants podran accedir de manera virtual als estands d\u2019empreses (algunes de fora del pa\u00eds) que penjaran diferents ofertes laborals a les quals els estudiants no nom\u00e9s hi podran accedir per veure\u2019n les caracter\u00edstiques, sin\u00f3 que hi haur\u00e0 la possibilitat de plantejar dubtes, enviar el curr\u00edculum, xatejar amb els responsables d\u2019aquestes empreses i fins i tot realitzar una entrevista de treball per videoconfer\u00e8ncia. Tamb\u00e9 es podr\u00e0 fer networging i actuar amb altres visitants de la fira per ampliar les xarxes de contacte.<\/span><br style=\"font-weight: 400;\" \/><br style=\"font-weight: 400;\" \/><strong>Confer\u00e8ncies i taules rodones<\/strong><br style=\"font-weight: 400;\" \/><span style=\"font-weight: 400;\">A banda dels estands, durant el Talent Day s\u2019han programat sis confer\u00e8ncies i dues taules rodones, sempre amb la finalitat d\u2019ajudar a encaminar els alumnes cap a la sortida laboral que m\u00e9s els encaixi.<\/span><br style=\"font-weight: 400;\" \/><br style=\"font-weight: 400;\" \/><em><span style=\"font-weight: 400;\">Dilluns 15:<\/span><\/em><\/p>\n<ul>\n<li>L&#8217;EURES: anar a treballar a la UE<\/li>\n<li>La Formaci\u00f3 continuada a l&#8217;EUSES<\/li>\n<li>Taula rodona amb els nostres alumni sobre la &#8220;Creaci\u00f3 de centre propi&#8221;<\/li>\n<li>L&#8217;Homologaci\u00f3 de t\u00edtol a Fran\u00e7a i l&#8217;ERASMUS+<\/li>\n<\/ul>\n<p><em>Dimarts 16:<\/em><\/p>\n<ul>\n<li>La Recerca i el Doctorat<\/li>\n<li>El Perfil a Linkedin<\/li>\n<li>L&#8217;Entrevista de Treball<\/li>\n<li>Taula rodona amb els nostres alumni sobre &#8220;voluntariats&#8221;<\/li>\n<\/ul>\n<p>Totes les pon\u00e8ncies i taules rodones seran per Zoom excepte la del perfil de linkedin i la de l&#8217;entrevista de treball, que seran presencials al campus de Salt i retransmeses en streaming per als altres campus i per als alumni o alumnes que no puguin assistir-hi en persona.<\/p>\n","protected":false},"excerpt":{"rendered":"<p>El Talent Day 2024 ja ha iniciat el compte enrere i es convertir\u00e0 en un dels esdeveniments principals d\u2019aquest mes d\u2019abril. La Fira Virtual de l\u2019Ocupaci\u00f3 i Orientaci\u00f3 Professional de l\u2019Escola Universit\u00e0ria de la Salut i l\u2019Esport se celebrar\u00e0 els propers dies 15 i 16 i arriba, cada cop m\u00e9s consolidada, a la seva quarta [&hellip;]<\/p>\n","protected":false},"author":3,"featured_media":11169,"comment_status":"open","ping_status":"closed","sticky":false,"template":"","format":"standard","meta":{"_acf_changed":false,"inline_featured_image":false,"_joinchat":[],"footnotes":""},"categories":[46],"tags":[],"class_list":["post-11700","post","type-post","status-publish","format-standard","has-post-thumbnail","hentry","category-sense-categoria"],"acf":[],"yoast_head":"<!-- This site is optimized with the Yoast SEO plugin v27.4 - https:\/\/yoast.com\/product\/yoast-seo-wordpress\/ -->\n<title>Compte enrere per a la 4a edici\u00f3 del Talent Day organitzat per EUSES Alumni, que tindr\u00e0 lloc els dies 15 i 16 d\u2019abril | EUSES- Campus de Bellvitge (Barcelona)<\/title>\n<meta name=\"robots\" content=\"index, follow, max-snippet:-1, max-image-preview:large, max-video-preview:-1\" \/>\n<link rel=\"canonical\" href=\"https:\/\/barcelona.euses.cat\/ca\/compte-enrere-per-a-la-4a-edicio-del-talent-day-organitzat-per-euses-alumni-que-tindra-lloc-els-dies-15-i-16-dabril\/\" \/>\n<meta property=\"og:locale\" content=\"ca_ES\" \/>\n<meta property=\"og:type\" content=\"article\" \/>\n<meta property=\"og:title\" content=\"Compte enrere per a la 4a edici\u00f3 del Talent Day organitzat per EUSES Alumni, que tindr\u00e0 lloc els dies 15 i 16 d\u2019abril | EUSES- Campus de Bellvitge (Barcelona)\" \/>\n<meta property=\"og:description\" content=\"El Talent Day 2024 ja ha iniciat el compte enrere i es convertir\u00e0 en un dels esdeveniments principals d\u2019aquest mes d\u2019abril. La Fira Virtual de l\u2019Ocupaci\u00f3 i Orientaci\u00f3 Professional de l\u2019Escola Universit\u00e0ria de la Salut i l\u2019Esport se celebrar\u00e0 els propers dies 15 i 16 i arriba, cada cop m\u00e9s consolidada, a la seva quarta [&hellip;]\" \/>\n<meta property=\"og:url\" content=\"https:\/\/barcelona.euses.cat\/ca\/compte-enrere-per-a-la-4a-edicio-del-talent-day-organitzat-per-euses-alumni-que-tindra-lloc-els-dies-15-i-16-dabril\/\" \/>\n<meta property=\"og:site_name\" content=\"EUSES- Campus de Bellvitge (Barcelona)\" \/>\n<meta property=\"article:publisher\" content=\"https:\/\/www.facebook.com\/PhysioBCN\/\" \/>\n<meta property=\"article:published_time\" content=\"2024-04-02T20:04:24+00:00\" \/>\n<meta property=\"og:image\" content=\"https:\/\/barcelona.euses.cat\/wp-content\/uploads\/2023\/04\/talent-day-2023-11.jpg\" \/>\n\t<meta property=\"og:image:width\" content=\"1920\" \/>\n\t<meta property=\"og:image:height\" content=\"1080\" \/>\n\t<meta property=\"og:image:type\" content=\"image\/jpeg\" \/>\n<meta name=\"author\" content=\"Jordi Danes\" \/>\n<meta name=\"twitter:card\" content=\"summary_large_image\" \/>\n<meta name=\"twitter:label1\" content=\"Escrit per\" \/>\n\t<meta name=\"twitter:data1\" content=\"Jordi Danes\" \/>\n\t<meta name=\"twitter:label2\" content=\"Temps estimat de lectura\" \/>\n\t<meta name=\"twitter:data2\" content=\"3 minuts\" \/>\n<script type=\"application\/ld+json\" class=\"yoast-schema-graph\">{\"@context\":\"https:\\\/\\\/schema.org\",\"@graph\":[{\"@type\":\"Article\",\"@id\":\"https:\\\/\\\/barcelona.euses.cat\\\/ca\\\/compte-enrere-per-a-la-4a-edicio-del-talent-day-organitzat-per-euses-alumni-que-tindra-lloc-els-dies-15-i-16-dabril\\\/#article\",\"isPartOf\":{\"@id\":\"https:\\\/\\\/barcelona.euses.cat\\\/ca\\\/compte-enrere-per-a-la-4a-edicio-del-talent-day-organitzat-per-euses-alumni-que-tindra-lloc-els-dies-15-i-16-dabril\\\/\"},\"author\":{\"name\":\"Jordi Danes\",\"@id\":\"https:\\\/\\\/barcelona.euses.cat\\\/ca\\\/#\\\/schema\\\/person\\\/8ab46080dfc4814fa59383db317735bd\"},\"headline\":\"Compte enrere per a la 4a edici\u00f3 del Talent Day organitzat per EUSES Alumni, que tindr\u00e0 lloc els dies 15 i 16 d\u2019abril\",\"datePublished\":\"2024-04-02T20:04:24+00:00\",\"mainEntityOfPage\":{\"@id\":\"https:\\\/\\\/barcelona.euses.cat\\\/ca\\\/compte-enrere-per-a-la-4a-edicio-del-talent-day-organitzat-per-euses-alumni-que-tindra-lloc-els-dies-15-i-16-dabril\\\/\"},\"wordCount\":479,\"commentCount\":0,\"image\":{\"@id\":\"https:\\\/\\\/barcelona.euses.cat\\\/ca\\\/compte-enrere-per-a-la-4a-edicio-del-talent-day-organitzat-per-euses-alumni-que-tindra-lloc-els-dies-15-i-16-dabril\\\/#primaryimage\"},\"thumbnailUrl\":\"https:\\\/\\\/barcelona.euses.cat\\\/wp-content\\\/uploads\\\/2023\\\/04\\\/talent-day-2023-11.jpg\",\"articleSection\":[\"sense categoria\"],\"inLanguage\":\"ca\"},{\"@type\":\"WebPage\",\"@id\":\"https:\\\/\\\/barcelona.euses.cat\\\/ca\\\/compte-enrere-per-a-la-4a-edicio-del-talent-day-organitzat-per-euses-alumni-que-tindra-lloc-els-dies-15-i-16-dabril\\\/\",\"url\":\"https:\\\/\\\/barcelona.euses.cat\\\/ca\\\/compte-enrere-per-a-la-4a-edicio-del-talent-day-organitzat-per-euses-alumni-que-tindra-lloc-els-dies-15-i-16-dabril\\\/\",\"name\":\"Compte enrere per a la 4a edici\u00f3 del Talent Day organitzat per EUSES Alumni, que tindr\u00e0 lloc els dies 15 i 16 d\u2019abril | EUSES- Campus de Bellvitge (Barcelona)\",\"isPartOf\":{\"@id\":\"https:\\\/\\\/barcelona.euses.cat\\\/ca\\\/#website\"},\"primaryImageOfPage\":{\"@id\":\"https:\\\/\\\/barcelona.euses.cat\\\/ca\\\/compte-enrere-per-a-la-4a-edicio-del-talent-day-organitzat-per-euses-alumni-que-tindra-lloc-els-dies-15-i-16-dabril\\\/#primaryimage\"},\"image\":{\"@id\":\"https:\\\/\\\/barcelona.euses.cat\\\/ca\\\/compte-enrere-per-a-la-4a-edicio-del-talent-day-organitzat-per-euses-alumni-que-tindra-lloc-els-dies-15-i-16-dabril\\\/#primaryimage\"},\"thumbnailUrl\":\"https:\\\/\\\/barcelona.euses.cat\\\/wp-content\\\/uploads\\\/2023\\\/04\\\/talent-day-2023-11.jpg\",\"datePublished\":\"2024-04-02T20:04:24+00:00\",\"author\":{\"@id\":\"https:\\\/\\\/barcelona.euses.cat\\\/ca\\\/#\\\/schema\\\/person\\\/8ab46080dfc4814fa59383db317735bd\"},\"breadcrumb\":{\"@id\":\"https:\\\/\\\/barcelona.euses.cat\\\/ca\\\/compte-enrere-per-a-la-4a-edicio-del-talent-day-organitzat-per-euses-alumni-que-tindra-lloc-els-dies-15-i-16-dabril\\\/#breadcrumb\"},\"inLanguage\":\"ca\",\"potentialAction\":[{\"@type\":\"ReadAction\",\"target\":[\"https:\\\/\\\/barcelona.euses.cat\\\/ca\\\/compte-enrere-per-a-la-4a-edicio-del-talent-day-organitzat-per-euses-alumni-que-tindra-lloc-els-dies-15-i-16-dabril\\\/\"]}]},{\"@type\":\"ImageObject\",\"inLanguage\":\"ca\",\"@id\":\"https:\\\/\\\/barcelona.euses.cat\\\/ca\\\/compte-enrere-per-a-la-4a-edicio-del-talent-day-organitzat-per-euses-alumni-que-tindra-lloc-els-dies-15-i-16-dabril\\\/#primaryimage\",\"url\":\"https:\\\/\\\/barcelona.euses.cat\\\/wp-content\\\/uploads\\\/2023\\\/04\\\/talent-day-2023-11.jpg\",\"contentUrl\":\"https:\\\/\\\/barcelona.euses.cat\\\/wp-content\\\/uploads\\\/2023\\\/04\\\/talent-day-2023-11.jpg\",\"width\":1920,\"height\":1080},{\"@type\":\"BreadcrumbList\",\"@id\":\"https:\\\/\\\/barcelona.euses.cat\\\/ca\\\/compte-enrere-per-a-la-4a-edicio-del-talent-day-organitzat-per-euses-alumni-que-tindra-lloc-els-dies-15-i-16-dabril\\\/#breadcrumb\",\"itemListElement\":[{\"@type\":\"ListItem\",\"position\":1,\"name\":\"Portada\",\"item\":\"https:\\\/\\\/barcelona.euses.cat\\\/ca\\\/\"},{\"@type\":\"ListItem\",\"position\":2,\"name\":\"Compte enrere per a la 4a edici\u00f3 del Talent Day organitzat per EUSES Alumni, que tindr\u00e0 lloc els dies 15 i 16 d\u2019abril\"}]},{\"@type\":\"WebSite\",\"@id\":\"https:\\\/\\\/barcelona.euses.cat\\\/ca\\\/#website\",\"url\":\"https:\\\/\\\/barcelona.euses.cat\\\/ca\\\/\",\"name\":\"EUSES - Campus de Bellvitge (Barcelona)\",\"description\":\"EUSES, Escola Universit\u00e0ria de Fisioter\u00e0pia Internacional a Barcelona\",\"potentialAction\":[{\"@type\":\"SearchAction\",\"target\":{\"@type\":\"EntryPoint\",\"urlTemplate\":\"https:\\\/\\\/barcelona.euses.cat\\\/ca\\\/?s={search_term_string}\"},\"query-input\":{\"@type\":\"PropertyValueSpecification\",\"valueRequired\":true,\"valueName\":\"search_term_string\"}}],\"inLanguage\":\"ca\"},{\"@type\":\"Person\",\"@id\":\"https:\\\/\\\/barcelona.euses.cat\\\/ca\\\/#\\\/schema\\\/person\\\/8ab46080dfc4814fa59383db317735bd\",\"name\":\"Jordi Danes\",\"image\":{\"@type\":\"ImageObject\",\"inLanguage\":\"ca\",\"@id\":\"https:\\\/\\\/secure.gravatar.com\\\/avatar\\\/a9e4f443b594af225625ee8cfa665e41b1e0740ea34fbe0515b4ca559f8570ef?s=96&d=mm&r=g\",\"url\":\"https:\\\/\\\/secure.gravatar.com\\\/avatar\\\/a9e4f443b594af225625ee8cfa665e41b1e0740ea34fbe0515b4ca559f8570ef?s=96&d=mm&r=g\",\"contentUrl\":\"https:\\\/\\\/secure.gravatar.com\\\/avatar\\\/a9e4f443b594af225625ee8cfa665e41b1e0740ea34fbe0515b4ca559f8570ef?s=96&d=mm&r=g\",\"caption\":\"Jordi Danes\"},\"url\":\"https:\\\/\\\/barcelona.euses.cat\\\/ca\\\/author\\\/jordi-danes\\\/\"}]}<\/script>\n<!-- \/ Yoast SEO plugin. -->","yoast_head_json":{"title":"Compte enrere per a la 4a edici\u00f3 del Talent Day organitzat per EUSES Alumni, que tindr\u00e0 lloc els dies 15 i 16 d\u2019abril | EUSES- Campus de Bellvitge (Barcelona)","robots":{"index":"index","follow":"follow","max-snippet":"max-snippet:-1","max-image-preview":"max-image-preview:large","max-video-preview":"max-video-preview:-1"},"canonical":"https:\/\/barcelona.euses.cat\/ca\/compte-enrere-per-a-la-4a-edicio-del-talent-day-organitzat-per-euses-alumni-que-tindra-lloc-els-dies-15-i-16-dabril\/","og_locale":"ca_ES","og_type":"article","og_title":"Compte enrere per a la 4a edici\u00f3 del Talent Day organitzat per EUSES Alumni, que tindr\u00e0 lloc els dies 15 i 16 d\u2019abril | EUSES- Campus de Bellvitge (Barcelona)","og_description":"El Talent Day 2024 ja ha iniciat el compte enrere i es convertir\u00e0 en un dels esdeveniments principals d\u2019aquest mes d\u2019abril. La Fira Virtual de l\u2019Ocupaci\u00f3 i Orientaci\u00f3 Professional de l\u2019Escola Universit\u00e0ria de la Salut i l\u2019Esport se celebrar\u00e0 els propers dies 15 i 16 i arriba, cada cop m\u00e9s consolidada, a la seva quarta [&hellip;]","og_url":"https:\/\/barcelona.euses.cat\/ca\/compte-enrere-per-a-la-4a-edicio-del-talent-day-organitzat-per-euses-alumni-que-tindra-lloc-els-dies-15-i-16-dabril\/","og_site_name":"EUSES- Campus de Bellvitge (Barcelona)","article_publisher":"https:\/\/www.facebook.com\/PhysioBCN\/","article_published_time":"2024-04-02T20:04:24+00:00","og_image":[{"width":1920,"height":1080,"url":"https:\/\/barcelona.euses.cat\/wp-content\/uploads\/2023\/04\/talent-day-2023-11.jpg","type":"image\/jpeg"}],"author":"Jordi Danes","twitter_card":"summary_large_image","twitter_misc":{"Escrit per":"Jordi Danes","Temps estimat de lectura":"3 minuts"},"schema":{"@context":"https:\/\/schema.org","@graph":[{"@type":"Article","@id":"https:\/\/barcelona.euses.cat\/ca\/compte-enrere-per-a-la-4a-edicio-del-talent-day-organitzat-per-euses-alumni-que-tindra-lloc-els-dies-15-i-16-dabril\/#article","isPartOf":{"@id":"https:\/\/barcelona.euses.cat\/ca\/compte-enrere-per-a-la-4a-edicio-del-talent-day-organitzat-per-euses-alumni-que-tindra-lloc-els-dies-15-i-16-dabril\/"},"author":{"name":"Jordi Danes","@id":"https:\/\/barcelona.euses.cat\/ca\/#\/schema\/person\/8ab46080dfc4814fa59383db317735bd"},"headline":"Compte enrere per a la 4a edici\u00f3 del Talent Day organitzat per EUSES Alumni, que tindr\u00e0 lloc els dies 15 i 16 d\u2019abril","datePublished":"2024-04-02T20:04:24+00:00","mainEntityOfPage":{"@id":"https:\/\/barcelona.euses.cat\/ca\/compte-enrere-per-a-la-4a-edicio-del-talent-day-organitzat-per-euses-alumni-que-tindra-lloc-els-dies-15-i-16-dabril\/"},"wordCount":479,"commentCount":0,"image":{"@id":"https:\/\/barcelona.euses.cat\/ca\/compte-enrere-per-a-la-4a-edicio-del-talent-day-organitzat-per-euses-alumni-que-tindra-lloc-els-dies-15-i-16-dabril\/#primaryimage"},"thumbnailUrl":"https:\/\/barcelona.euses.cat\/wp-content\/uploads\/2023\/04\/talent-day-2023-11.jpg","articleSection":["sense categoria"],"inLanguage":"ca"},{"@type":"WebPage","@id":"https:\/\/barcelona.euses.cat\/ca\/compte-enrere-per-a-la-4a-edicio-del-talent-day-organitzat-per-euses-alumni-que-tindra-lloc-els-dies-15-i-16-dabril\/","url":"https:\/\/barcelona.euses.cat\/ca\/compte-enrere-per-a-la-4a-edicio-del-talent-day-organitzat-per-euses-alumni-que-tindra-lloc-els-dies-15-i-16-dabril\/","name":"Compte enrere per a la 4a edici\u00f3 del Talent Day organitzat per EUSES Alumni, que tindr\u00e0 lloc els dies 15 i 16 d\u2019abril | EUSES- Campus de Bellvitge (Barcelona)","isPartOf":{"@id":"https:\/\/barcelona.euses.cat\/ca\/#website"},"primaryImageOfPage":{"@id":"https:\/\/barcelona.euses.cat\/ca\/compte-enrere-per-a-la-4a-edicio-del-talent-day-organitzat-per-euses-alumni-que-tindra-lloc-els-dies-15-i-16-dabril\/#primaryimage"},"image":{"@id":"https:\/\/barcelona.euses.cat\/ca\/compte-enrere-per-a-la-4a-edicio-del-talent-day-organitzat-per-euses-alumni-que-tindra-lloc-els-dies-15-i-16-dabril\/#primaryimage"},"thumbnailUrl":"https:\/\/barcelona.euses.cat\/wp-content\/uploads\/2023\/04\/talent-day-2023-11.jpg","datePublished":"2024-04-02T20:04:24+00:00","author":{"@id":"https:\/\/barcelona.euses.cat\/ca\/#\/schema\/person\/8ab46080dfc4814fa59383db317735bd"},"breadcrumb":{"@id":"https:\/\/barcelona.euses.cat\/ca\/compte-enrere-per-a-la-4a-edicio-del-talent-day-organitzat-per-euses-alumni-que-tindra-lloc-els-dies-15-i-16-dabril\/#breadcrumb"},"inLanguage":"ca","potentialAction":[{"@type":"ReadAction","target":["https:\/\/barcelona.euses.cat\/ca\/compte-enrere-per-a-la-4a-edicio-del-talent-day-organitzat-per-euses-alumni-que-tindra-lloc-els-dies-15-i-16-dabril\/"]}]},{"@type":"ImageObject","inLanguage":"ca","@id":"https:\/\/barcelona.euses.cat\/ca\/compte-enrere-per-a-la-4a-edicio-del-talent-day-organitzat-per-euses-alumni-que-tindra-lloc-els-dies-15-i-16-dabril\/#primaryimage","url":"https:\/\/barcelona.euses.cat\/wp-content\/uploads\/2023\/04\/talent-day-2023-11.jpg","contentUrl":"https:\/\/barcelona.euses.cat\/wp-content\/uploads\/2023\/04\/talent-day-2023-11.jpg","width":1920,"height":1080},{"@type":"BreadcrumbList","@id":"https:\/\/barcelona.euses.cat\/ca\/compte-enrere-per-a-la-4a-edicio-del-talent-day-organitzat-per-euses-alumni-que-tindra-lloc-els-dies-15-i-16-dabril\/#breadcrumb","itemListElement":[{"@type":"ListItem","position":1,"name":"Portada","item":"https:\/\/barcelona.euses.cat\/ca\/"},{"@type":"ListItem","position":2,"name":"Compte enrere per a la 4a edici\u00f3 del Talent Day organitzat per EUSES Alumni, que tindr\u00e0 lloc els dies 15 i 16 d\u2019abril"}]},{"@type":"WebSite","@id":"https:\/\/barcelona.euses.cat\/ca\/#website","url":"https:\/\/barcelona.euses.cat\/ca\/","name":"EUSES - Campus de Bellvitge (Barcelona)","description":"EUSES, Escola Universit\u00e0ria de Fisioter\u00e0pia Internacional a Barcelona","potentialAction":[{"@type":"SearchAction","target":{"@type":"EntryPoint","urlTemplate":"https:\/\/barcelona.euses.cat\/ca\/?s={search_term_string}"},"query-input":{"@type":"PropertyValueSpecification","valueRequired":true,"valueName":"search_term_string"}}],"inLanguage":"ca"},{"@type":"Person","@id":"https:\/\/barcelona.euses.cat\/ca\/#\/schema\/person\/8ab46080dfc4814fa59383db317735bd","name":"Jordi Danes","image":{"@type":"ImageObject","inLanguage":"ca","@id":"https:\/\/secure.gravatar.com\/avatar\/a9e4f443b594af225625ee8cfa665e41b1e0740ea34fbe0515b4ca559f8570ef?s=96&d=mm&r=g","url":"https:\/\/secure.gravatar.com\/avatar\/a9e4f443b594af225625ee8cfa665e41b1e0740ea34fbe0515b4ca559f8570ef?s=96&d=mm&r=g","contentUrl":"https:\/\/secure.gravatar.com\/avatar\/a9e4f443b594af225625ee8cfa665e41b1e0740ea34fbe0515b4ca559f8570ef?s=96&d=mm&r=g","caption":"Jordi Danes"},"url":"https:\/\/barcelona.euses.cat\/ca\/author\/jordi-danes\/"}]}},"_links":{"self":[{"href":"https:\/\/barcelona.euses.cat\/ca\/wp-json\/wp\/v2\/posts\/11700","targetHints":{"allow":["GET"]}}],"collection":[{"href":"https:\/\/barcelona.euses.cat\/ca\/wp-json\/wp\/v2\/posts"}],"about":[{"href":"https:\/\/barcelona.euses.cat\/ca\/wp-json\/wp\/v2\/types\/post"}],"author":[{"embeddable":true,"href":"https:\/\/barcelona.euses.cat\/ca\/wp-json\/wp\/v2\/users\/3"}],"replies":[{"embeddable":true,"href":"https:\/\/barcelona.euses.cat\/ca\/wp-json\/wp\/v2\/comments?post=11700"}],"version-history":[{"count":1,"href":"https:\/\/barcelona.euses.cat\/ca\/wp-json\/wp\/v2\/posts\/11700\/revisions"}],"predecessor-version":[{"id":11701,"href":"https:\/\/barcelona.euses.cat\/ca\/wp-json\/wp\/v2\/posts\/11700\/revisions\/11701"}],"wp:featuredmedia":[{"embeddable":true,"href":"https:\/\/barcelona.euses.cat\/ca\/wp-json\/wp\/v2\/media\/11169"}],"wp:attachment":[{"href":"https:\/\/barcelona.euses.cat\/ca\/wp-json\/wp\/v2\/media?parent=11700"}],"wp:term":[{"taxonomy":"category","embeddable":true,"href":"https:\/\/barcelona.euses.cat\/ca\/wp-json\/wp\/v2\/categories?post=11700"},{"taxonomy":"post_tag","embeddable":true,"href":"https:\/\/barcelona.euses.cat\/ca\/wp-json\/wp\/v2\/tags?post=11700"}],"curies":[{"name":"wp","href":"https:\/\/api.w.org\/{rel}","templated":true}]}}