{"id":11581,"date":"2023-12-01T00:10:47","date_gmt":"2023-11-30T23:10:47","guid":{"rendered":"https:\/\/barcelona.euses.cat\/?p=11581"},"modified":"2023-12-01T00:10:47","modified_gmt":"2023-11-30T23:10:47","slug":"comenca-lenquesta-de-satisfaccio-als-titulats-i-titulades-recents-2023","status":"publish","type":"post","link":"https:\/\/barcelona.euses.cat\/ca\/comenca-lenquesta-de-satisfaccio-als-titulats-i-titulades-recents-2023\/","title":{"rendered":"Comen\u00e7a l\u2019enquesta de satisfacci\u00f3 als titulats i titulades recents (2023)"},"content":{"rendered":"<p>Els titulats i titulades de grau, de m\u00e0ster universitari i d\u2019ensenyaments art\u00edstics superiors que van finalitzar els estudis el curs passat (2023) rebran per correu electr\u00f2nic una enquesta en qu\u00e8 se\u2019ls preguntar\u00e0 per la seva satisfacci\u00f3 amb els estudis cursats i que podran respondre des d\u2019avui (1 de desembre de 2023) fins al 31 de gener de 2024. L\u2019enquesta, impulsada per <a href=\"https:\/\/www.aqu.cat\/ca\/\">l\u2019AQU Catalunya<\/a>, es el principal instrument del qual es disposa per copsar la satisfacci\u00f3 de les persones titulades sobre elements clau en la qualitat dels programes: satisfacci\u00f3 amb el proc\u00e9s d&#8217;ensenyament-aprenentatge (professorat, avaluaci\u00f3, etc.), els serveis i equipaments, i l\u2019impacte que han tingut els estudis en el desenvolupament de compet\u00e8ncies professionals o personals, entre d\u2019altres.<\/p>\n<p>En aquesta edici\u00f3, AQU Catalunya coordina les enquestes de la Universitat Polit\u00e8cnica de Catalunya, la Universitat de Girona, la Universitat de Lleida, la Universitat Rovira i Virgili, la Universitat Pompeu Fabra, la Universitat Ramon Llull, la Universitat de Vic-Universitat Central de Catalunya i la Universitat Aut\u00f2noma de Barcelona. Tots els graduats de l\u2019EUSES de la promoci\u00f3 2019\/2023 dels campus de Salt, Terres de l\u2019Ebre i Bellvitge aix\u00ed com de la promoci\u00f3 2021\/23 del M\u00e0ster Universitari en Readaptaci\u00f3 a l\u2019Activitat F\u00edsica i la Competici\u00f3 Esportiva tindran a l\u2019abast aquesta enquesta que t\u00e9 com a finalitat la millora de la qualitat de les titulacions que s\u2019imparteixen a Catalunya.<\/p>\n<p>A m\u00e9s, entre les persones que participen a les enquestes gestionades des d\u2019AQU Catalunya se sortejar\u00e0 un iPhone 14 (<a href=\"https:\/\/www.aqu.cat\/doc\/Estudis\/satisfaccio-titulats\/Bases-sorteig-participants-enquesta-satisfaccio-2023\">bases del sorteig<\/a>).<\/p>\n<p>Per a m\u00e9s informaci\u00f3 consulteu l\u2019enquesta de\u00a0<a href=\"https:\/\/www.aqu.cat\/ca\/Estudis\/Enquestes-i-estudis-tematics\/Satisfaccio-dels-titulats-recents\">Satisfacci\u00f3 dels titulats recents<\/a>.<\/p>\n<p>L\u2019estudi es realitza des de l\u2019any 2015 per graus, des del 2017 per m\u00e0sters, i des del 2019 per als centres autoritzats d\u2019ensenyaments art\u00edstics superiors, i ofereix dades que s\u00f3n comparables entre les titulacions. Els resultats d\u2019edicions anteriors es poden consultar a\u00a0<a href=\"https:\/\/estudis.aqu.cat\/euc\/ca\/Titulacions\/Enquestes\">l\u2019EUC Estudis<\/a>.<\/p>\n<p>&nbsp;<\/p>\n","protected":false},"excerpt":{"rendered":"<p>Els titulats i titulades de grau, de m\u00e0ster universitari i d\u2019ensenyaments art\u00edstics superiors que van finalitzar els estudis el curs passat (2023) rebran per correu electr\u00f2nic una enquesta en qu\u00e8 se\u2019ls preguntar\u00e0 per la seva satisfacci\u00f3 amb els estudis cursats i que podran respondre des d\u2019avui (1 de desembre de 2023) fins al 31 de [&hellip;]<\/p>\n","protected":false},"author":3,"featured_media":11582,"comment_status":"open","ping_status":"closed","sticky":false,"template":"","format":"standard","meta":{"_acf_changed":false,"inline_featured_image":false,"_joinchat":[],"footnotes":""},"categories":[46],"tags":[],"class_list":["post-11581","post","type-post","status-publish","format-standard","has-post-thumbnail","hentry","category-sense-categoria"],"acf":[],"yoast_head":"<!-- This site is optimized with the Yoast SEO plugin v27.4 - https:\/\/yoast.com\/product\/yoast-seo-wordpress\/ -->\n<title>Comen\u00e7a l\u2019enquesta de satisfacci\u00f3 als titulats i titulades recents (2023) | EUSES- Campus de Bellvitge (Barcelona)<\/title>\n<meta name=\"robots\" content=\"index, follow, max-snippet:-1, max-image-preview:large, max-video-preview:-1\" \/>\n<link rel=\"canonical\" href=\"https:\/\/barcelona.euses.cat\/ca\/comenca-lenquesta-de-satisfaccio-als-titulats-i-titulades-recents-2023\/\" \/>\n<meta property=\"og:locale\" content=\"ca_ES\" \/>\n<meta property=\"og:type\" content=\"article\" \/>\n<meta property=\"og:title\" content=\"Comen\u00e7a l\u2019enquesta de satisfacci\u00f3 als titulats i titulades recents (2023) | EUSES- Campus de Bellvitge (Barcelona)\" \/>\n<meta property=\"og:description\" content=\"Els titulats i titulades de grau, de m\u00e0ster universitari i d\u2019ensenyaments art\u00edstics superiors que van finalitzar els estudis el curs passat (2023) rebran per correu electr\u00f2nic una enquesta en qu\u00e8 se\u2019ls preguntar\u00e0 per la seva satisfacci\u00f3 amb els estudis cursats i que podran respondre des d\u2019avui (1 de desembre de 2023) fins al 31 de [&hellip;]\" \/>\n<meta property=\"og:url\" content=\"https:\/\/barcelona.euses.cat\/ca\/comenca-lenquesta-de-satisfaccio-als-titulats-i-titulades-recents-2023\/\" \/>\n<meta property=\"og:site_name\" content=\"EUSES- Campus de Bellvitge (Barcelona)\" \/>\n<meta property=\"article:publisher\" content=\"https:\/\/www.facebook.com\/PhysioBCN\/\" \/>\n<meta property=\"article:published_time\" content=\"2023-11-30T23:10:47+00:00\" \/>\n<meta property=\"og:image\" content=\"https:\/\/barcelona.euses.cat\/wp-content\/uploads\/2023\/12\/enquesta-satisfaccio.jpg\" \/>\n\t<meta property=\"og:image:width\" content=\"2000\" \/>\n\t<meta property=\"og:image:height\" content=\"1400\" \/>\n\t<meta property=\"og:image:type\" content=\"image\/jpeg\" \/>\n<meta name=\"author\" content=\"Jordi Danes\" \/>\n<meta name=\"twitter:card\" content=\"summary_large_image\" \/>\n<meta name=\"twitter:label1\" content=\"Escrit per\" \/>\n\t<meta name=\"twitter:data1\" content=\"Jordi Danes\" \/>\n\t<meta name=\"twitter:label2\" content=\"Temps estimat de lectura\" \/>\n\t<meta name=\"twitter:data2\" content=\"2 minuts\" \/>\n<script type=\"application\/ld+json\" class=\"yoast-schema-graph\">{\"@context\":\"https:\\\/\\\/schema.org\",\"@graph\":[{\"@type\":\"Article\",\"@id\":\"https:\\\/\\\/barcelona.euses.cat\\\/ca\\\/comenca-lenquesta-de-satisfaccio-als-titulats-i-titulades-recents-2023\\\/#article\",\"isPartOf\":{\"@id\":\"https:\\\/\\\/barcelona.euses.cat\\\/ca\\\/comenca-lenquesta-de-satisfaccio-als-titulats-i-titulades-recents-2023\\\/\"},\"author\":{\"name\":\"Jordi Danes\",\"@id\":\"https:\\\/\\\/barcelona.euses.cat\\\/ca\\\/#\\\/schema\\\/person\\\/8ab46080dfc4814fa59383db317735bd\"},\"headline\":\"Comen\u00e7a l\u2019enquesta de satisfacci\u00f3 als titulats i titulades recents (2023)\",\"datePublished\":\"2023-11-30T23:10:47+00:00\",\"mainEntityOfPage\":{\"@id\":\"https:\\\/\\\/barcelona.euses.cat\\\/ca\\\/comenca-lenquesta-de-satisfaccio-als-titulats-i-titulades-recents-2023\\\/\"},\"wordCount\":334,\"commentCount\":0,\"image\":{\"@id\":\"https:\\\/\\\/barcelona.euses.cat\\\/ca\\\/comenca-lenquesta-de-satisfaccio-als-titulats-i-titulades-recents-2023\\\/#primaryimage\"},\"thumbnailUrl\":\"https:\\\/\\\/barcelona.euses.cat\\\/wp-content\\\/uploads\\\/2023\\\/12\\\/enquesta-satisfaccio.jpg\",\"articleSection\":[\"sense categoria\"],\"inLanguage\":\"ca\"},{\"@type\":\"WebPage\",\"@id\":\"https:\\\/\\\/barcelona.euses.cat\\\/ca\\\/comenca-lenquesta-de-satisfaccio-als-titulats-i-titulades-recents-2023\\\/\",\"url\":\"https:\\\/\\\/barcelona.euses.cat\\\/ca\\\/comenca-lenquesta-de-satisfaccio-als-titulats-i-titulades-recents-2023\\\/\",\"name\":\"Comen\u00e7a l\u2019enquesta de satisfacci\u00f3 als titulats i titulades recents (2023) | EUSES- Campus de Bellvitge (Barcelona)\",\"isPartOf\":{\"@id\":\"https:\\\/\\\/barcelona.euses.cat\\\/ca\\\/#website\"},\"primaryImageOfPage\":{\"@id\":\"https:\\\/\\\/barcelona.euses.cat\\\/ca\\\/comenca-lenquesta-de-satisfaccio-als-titulats-i-titulades-recents-2023\\\/#primaryimage\"},\"image\":{\"@id\":\"https:\\\/\\\/barcelona.euses.cat\\\/ca\\\/comenca-lenquesta-de-satisfaccio-als-titulats-i-titulades-recents-2023\\\/#primaryimage\"},\"thumbnailUrl\":\"https:\\\/\\\/barcelona.euses.cat\\\/wp-content\\\/uploads\\\/2023\\\/12\\\/enquesta-satisfaccio.jpg\",\"datePublished\":\"2023-11-30T23:10:47+00:00\",\"author\":{\"@id\":\"https:\\\/\\\/barcelona.euses.cat\\\/ca\\\/#\\\/schema\\\/person\\\/8ab46080dfc4814fa59383db317735bd\"},\"breadcrumb\":{\"@id\":\"https:\\\/\\\/barcelona.euses.cat\\\/ca\\\/comenca-lenquesta-de-satisfaccio-als-titulats-i-titulades-recents-2023\\\/#breadcrumb\"},\"inLanguage\":\"ca\",\"potentialAction\":[{\"@type\":\"ReadAction\",\"target\":[\"https:\\\/\\\/barcelona.euses.cat\\\/ca\\\/comenca-lenquesta-de-satisfaccio-als-titulats-i-titulades-recents-2023\\\/\"]}]},{\"@type\":\"ImageObject\",\"inLanguage\":\"ca\",\"@id\":\"https:\\\/\\\/barcelona.euses.cat\\\/ca\\\/comenca-lenquesta-de-satisfaccio-als-titulats-i-titulades-recents-2023\\\/#primaryimage\",\"url\":\"https:\\\/\\\/barcelona.euses.cat\\\/wp-content\\\/uploads\\\/2023\\\/12\\\/enquesta-satisfaccio.jpg\",\"contentUrl\":\"https:\\\/\\\/barcelona.euses.cat\\\/wp-content\\\/uploads\\\/2023\\\/12\\\/enquesta-satisfaccio.jpg\",\"width\":2000,\"height\":1400},{\"@type\":\"BreadcrumbList\",\"@id\":\"https:\\\/\\\/barcelona.euses.cat\\\/ca\\\/comenca-lenquesta-de-satisfaccio-als-titulats-i-titulades-recents-2023\\\/#breadcrumb\",\"itemListElement\":[{\"@type\":\"ListItem\",\"position\":1,\"name\":\"Portada\",\"item\":\"https:\\\/\\\/barcelona.euses.cat\\\/ca\\\/\"},{\"@type\":\"ListItem\",\"position\":2,\"name\":\"Comen\u00e7a l\u2019enquesta de satisfacci\u00f3 als titulats i titulades recents (2023)\"}]},{\"@type\":\"WebSite\",\"@id\":\"https:\\\/\\\/barcelona.euses.cat\\\/ca\\\/#website\",\"url\":\"https:\\\/\\\/barcelona.euses.cat\\\/ca\\\/\",\"name\":\"EUSES - Campus de Bellvitge (Barcelona)\",\"description\":\"EUSES, Escola Universit\u00e0ria de Fisioter\u00e0pia Internacional a Barcelona\",\"potentialAction\":[{\"@type\":\"SearchAction\",\"target\":{\"@type\":\"EntryPoint\",\"urlTemplate\":\"https:\\\/\\\/barcelona.euses.cat\\\/ca\\\/?s={search_term_string}\"},\"query-input\":{\"@type\":\"PropertyValueSpecification\",\"valueRequired\":true,\"valueName\":\"search_term_string\"}}],\"inLanguage\":\"ca\"},{\"@type\":\"Person\",\"@id\":\"https:\\\/\\\/barcelona.euses.cat\\\/ca\\\/#\\\/schema\\\/person\\\/8ab46080dfc4814fa59383db317735bd\",\"name\":\"Jordi Danes\",\"image\":{\"@type\":\"ImageObject\",\"inLanguage\":\"ca\",\"@id\":\"https:\\\/\\\/secure.gravatar.com\\\/avatar\\\/a9e4f443b594af225625ee8cfa665e41b1e0740ea34fbe0515b4ca559f8570ef?s=96&d=mm&r=g\",\"url\":\"https:\\\/\\\/secure.gravatar.com\\\/avatar\\\/a9e4f443b594af225625ee8cfa665e41b1e0740ea34fbe0515b4ca559f8570ef?s=96&d=mm&r=g\",\"contentUrl\":\"https:\\\/\\\/secure.gravatar.com\\\/avatar\\\/a9e4f443b594af225625ee8cfa665e41b1e0740ea34fbe0515b4ca559f8570ef?s=96&d=mm&r=g\",\"caption\":\"Jordi Danes\"},\"url\":\"https:\\\/\\\/barcelona.euses.cat\\\/ca\\\/author\\\/jordi-danes\\\/\"}]}<\/script>\n<!-- \/ Yoast SEO plugin. -->","yoast_head_json":{"title":"Comen\u00e7a l\u2019enquesta de satisfacci\u00f3 als titulats i titulades recents (2023) | EUSES- Campus de Bellvitge (Barcelona)","robots":{"index":"index","follow":"follow","max-snippet":"max-snippet:-1","max-image-preview":"max-image-preview:large","max-video-preview":"max-video-preview:-1"},"canonical":"https:\/\/barcelona.euses.cat\/ca\/comenca-lenquesta-de-satisfaccio-als-titulats-i-titulades-recents-2023\/","og_locale":"ca_ES","og_type":"article","og_title":"Comen\u00e7a l\u2019enquesta de satisfacci\u00f3 als titulats i titulades recents (2023) | EUSES- Campus de Bellvitge (Barcelona)","og_description":"Els titulats i titulades de grau, de m\u00e0ster universitari i d\u2019ensenyaments art\u00edstics superiors que van finalitzar els estudis el curs passat (2023) rebran per correu electr\u00f2nic una enquesta en qu\u00e8 se\u2019ls preguntar\u00e0 per la seva satisfacci\u00f3 amb els estudis cursats i que podran respondre des d\u2019avui (1 de desembre de 2023) fins al 31 de [&hellip;]","og_url":"https:\/\/barcelona.euses.cat\/ca\/comenca-lenquesta-de-satisfaccio-als-titulats-i-titulades-recents-2023\/","og_site_name":"EUSES- Campus de Bellvitge (Barcelona)","article_publisher":"https:\/\/www.facebook.com\/PhysioBCN\/","article_published_time":"2023-11-30T23:10:47+00:00","og_image":[{"width":2000,"height":1400,"url":"https:\/\/barcelona.euses.cat\/wp-content\/uploads\/2023\/12\/enquesta-satisfaccio.jpg","type":"image\/jpeg"}],"author":"Jordi Danes","twitter_card":"summary_large_image","twitter_misc":{"Escrit per":"Jordi Danes","Temps estimat de lectura":"2 minuts"},"schema":{"@context":"https:\/\/schema.org","@graph":[{"@type":"Article","@id":"https:\/\/barcelona.euses.cat\/ca\/comenca-lenquesta-de-satisfaccio-als-titulats-i-titulades-recents-2023\/#article","isPartOf":{"@id":"https:\/\/barcelona.euses.cat\/ca\/comenca-lenquesta-de-satisfaccio-als-titulats-i-titulades-recents-2023\/"},"author":{"name":"Jordi Danes","@id":"https:\/\/barcelona.euses.cat\/ca\/#\/schema\/person\/8ab46080dfc4814fa59383db317735bd"},"headline":"Comen\u00e7a l\u2019enquesta de satisfacci\u00f3 als titulats i titulades recents (2023)","datePublished":"2023-11-30T23:10:47+00:00","mainEntityOfPage":{"@id":"https:\/\/barcelona.euses.cat\/ca\/comenca-lenquesta-de-satisfaccio-als-titulats-i-titulades-recents-2023\/"},"wordCount":334,"commentCount":0,"image":{"@id":"https:\/\/barcelona.euses.cat\/ca\/comenca-lenquesta-de-satisfaccio-als-titulats-i-titulades-recents-2023\/#primaryimage"},"thumbnailUrl":"https:\/\/barcelona.euses.cat\/wp-content\/uploads\/2023\/12\/enquesta-satisfaccio.jpg","articleSection":["sense categoria"],"inLanguage":"ca"},{"@type":"WebPage","@id":"https:\/\/barcelona.euses.cat\/ca\/comenca-lenquesta-de-satisfaccio-als-titulats-i-titulades-recents-2023\/","url":"https:\/\/barcelona.euses.cat\/ca\/comenca-lenquesta-de-satisfaccio-als-titulats-i-titulades-recents-2023\/","name":"Comen\u00e7a l\u2019enquesta de satisfacci\u00f3 als titulats i titulades recents (2023) | EUSES- Campus de Bellvitge (Barcelona)","isPartOf":{"@id":"https:\/\/barcelona.euses.cat\/ca\/#website"},"primaryImageOfPage":{"@id":"https:\/\/barcelona.euses.cat\/ca\/comenca-lenquesta-de-satisfaccio-als-titulats-i-titulades-recents-2023\/#primaryimage"},"image":{"@id":"https:\/\/barcelona.euses.cat\/ca\/comenca-lenquesta-de-satisfaccio-als-titulats-i-titulades-recents-2023\/#primaryimage"},"thumbnailUrl":"https:\/\/barcelona.euses.cat\/wp-content\/uploads\/2023\/12\/enquesta-satisfaccio.jpg","datePublished":"2023-11-30T23:10:47+00:00","author":{"@id":"https:\/\/barcelona.euses.cat\/ca\/#\/schema\/person\/8ab46080dfc4814fa59383db317735bd"},"breadcrumb":{"@id":"https:\/\/barcelona.euses.cat\/ca\/comenca-lenquesta-de-satisfaccio-als-titulats-i-titulades-recents-2023\/#breadcrumb"},"inLanguage":"ca","potentialAction":[{"@type":"ReadAction","target":["https:\/\/barcelona.euses.cat\/ca\/comenca-lenquesta-de-satisfaccio-als-titulats-i-titulades-recents-2023\/"]}]},{"@type":"ImageObject","inLanguage":"ca","@id":"https:\/\/barcelona.euses.cat\/ca\/comenca-lenquesta-de-satisfaccio-als-titulats-i-titulades-recents-2023\/#primaryimage","url":"https:\/\/barcelona.euses.cat\/wp-content\/uploads\/2023\/12\/enquesta-satisfaccio.jpg","contentUrl":"https:\/\/barcelona.euses.cat\/wp-content\/uploads\/2023\/12\/enquesta-satisfaccio.jpg","width":2000,"height":1400},{"@type":"BreadcrumbList","@id":"https:\/\/barcelona.euses.cat\/ca\/comenca-lenquesta-de-satisfaccio-als-titulats-i-titulades-recents-2023\/#breadcrumb","itemListElement":[{"@type":"ListItem","position":1,"name":"Portada","item":"https:\/\/barcelona.euses.cat\/ca\/"},{"@type":"ListItem","position":2,"name":"Comen\u00e7a l\u2019enquesta de satisfacci\u00f3 als titulats i titulades recents (2023)"}]},{"@type":"WebSite","@id":"https:\/\/barcelona.euses.cat\/ca\/#website","url":"https:\/\/barcelona.euses.cat\/ca\/","name":"EUSES - Campus de Bellvitge (Barcelona)","description":"EUSES, Escola Universit\u00e0ria de Fisioter\u00e0pia Internacional a Barcelona","potentialAction":[{"@type":"SearchAction","target":{"@type":"EntryPoint","urlTemplate":"https:\/\/barcelona.euses.cat\/ca\/?s={search_term_string}"},"query-input":{"@type":"PropertyValueSpecification","valueRequired":true,"valueName":"search_term_string"}}],"inLanguage":"ca"},{"@type":"Person","@id":"https:\/\/barcelona.euses.cat\/ca\/#\/schema\/person\/8ab46080dfc4814fa59383db317735bd","name":"Jordi Danes","image":{"@type":"ImageObject","inLanguage":"ca","@id":"https:\/\/secure.gravatar.com\/avatar\/a9e4f443b594af225625ee8cfa665e41b1e0740ea34fbe0515b4ca559f8570ef?s=96&d=mm&r=g","url":"https:\/\/secure.gravatar.com\/avatar\/a9e4f443b594af225625ee8cfa665e41b1e0740ea34fbe0515b4ca559f8570ef?s=96&d=mm&r=g","contentUrl":"https:\/\/secure.gravatar.com\/avatar\/a9e4f443b594af225625ee8cfa665e41b1e0740ea34fbe0515b4ca559f8570ef?s=96&d=mm&r=g","caption":"Jordi Danes"},"url":"https:\/\/barcelona.euses.cat\/ca\/author\/jordi-danes\/"}]}},"_links":{"self":[{"href":"https:\/\/barcelona.euses.cat\/ca\/wp-json\/wp\/v2\/posts\/11581","targetHints":{"allow":["GET"]}}],"collection":[{"href":"https:\/\/barcelona.euses.cat\/ca\/wp-json\/wp\/v2\/posts"}],"about":[{"href":"https:\/\/barcelona.euses.cat\/ca\/wp-json\/wp\/v2\/types\/post"}],"author":[{"embeddable":true,"href":"https:\/\/barcelona.euses.cat\/ca\/wp-json\/wp\/v2\/users\/3"}],"replies":[{"embeddable":true,"href":"https:\/\/barcelona.euses.cat\/ca\/wp-json\/wp\/v2\/comments?post=11581"}],"version-history":[{"count":1,"href":"https:\/\/barcelona.euses.cat\/ca\/wp-json\/wp\/v2\/posts\/11581\/revisions"}],"predecessor-version":[{"id":11586,"href":"https:\/\/barcelona.euses.cat\/ca\/wp-json\/wp\/v2\/posts\/11581\/revisions\/11586"}],"wp:featuredmedia":[{"embeddable":true,"href":"https:\/\/barcelona.euses.cat\/ca\/wp-json\/wp\/v2\/media\/11582"}],"wp:attachment":[{"href":"https:\/\/barcelona.euses.cat\/ca\/wp-json\/wp\/v2\/media?parent=11581"}],"wp:term":[{"taxonomy":"category","embeddable":true,"href":"https:\/\/barcelona.euses.cat\/ca\/wp-json\/wp\/v2\/categories?post=11581"},{"taxonomy":"post_tag","embeddable":true,"href":"https:\/\/barcelona.euses.cat\/ca\/wp-json\/wp\/v2\/tags?post=11581"}],"curies":[{"name":"wp","href":"https:\/\/api.w.org\/{rel}","templated":true}]}}