{"id":11438,"date":"2023-09-12T16:37:06","date_gmt":"2023-09-12T14:37:06","guid":{"rendered":"https:\/\/barcelona.euses.cat\/?p=11438"},"modified":"2023-09-12T18:16:32","modified_gmt":"2023-09-12T16:16:32","slug":"comenca-el-curs-academic-universitari-2023-2024-en-els-campus-de-salt-terres-de-lebre-i-bellvitge","status":"publish","type":"post","link":"https:\/\/barcelona.euses.cat\/ca\/comenca-el-curs-academic-universitari-2023-2024-en-els-campus-de-salt-terres-de-lebre-i-bellvitge\/","title":{"rendered":"Comen\u00e7a el curs acad\u00e8mic universitari 2023\/2024 en els Campus de Salt, Terres de l\u2019Ebre i Bellvitge"},"content":{"rendered":"<p style=\"font-weight: 400;\">Avui dimarts s\u2019ha iniciat el curs universitari 2023\/2024 en els tres campus de l\u2019Escola Universit\u00e0ria de la Salut i l\u2019Esport, ubicats a Salt, a les Terres de l\u2019Ebre (Tortosa i Amposta) i a Bellvitge, on s\u2019ha donat, en total, la benvinguda a m\u00e9s de 400 nous estudiants que s\u2019han afegit a la fam\u00edlia de l\u2019EUSES i que han iniciat els nostres graus en Fisioter\u00e0pia o en Ci\u00e8ncies de l\u2019Activitat F\u00edsica i de l\u2019Esport.<\/p>\n<p style=\"font-weight: 400;\">Quan s\u2019acabi aquest curs, del Campus de Salt sortir\u00e0 la dotzena promoci\u00f3 del Grau en Fisioter\u00e0pia i en CAFE i la quarta de Doble Titulaci\u00f3 (CAFE+Fisioter\u00e0pia). Pel que fa al Campus de Terres de l&#8217;Ebre, ser\u00e0 la setena fornada tant pel que fa a Fisioter\u00e0pia com a CAFE; mentre que el Campus de Bellvitge viur\u00e0 la sisena graduaci\u00f3 del Grau en Fisiter\u00e0pia Internacional.<\/p>\n<p style=\"font-weight: 400;\">Des d\u2019aqu\u00ed aprofitem per desitjar a tots els estudiants dels tres campus un any acad\u00e8mic excel\u00b7lent i molt profit\u00f3s.<\/p>\n<p><img decoding=\"async\" class=\"alignnone size-medium wp-image-11448\" src=\"https:\/\/barcelona.euses.cat\/wp-content\/uploads\/2023\/09\/Physio1-300x146.jpg\" alt=\"\" width=\"300\" height=\"146\" srcset=\"https:\/\/barcelona.euses.cat\/wp-content\/uploads\/2023\/09\/Physio1-300x146.jpg 300w, https:\/\/barcelona.euses.cat\/wp-content\/uploads\/2023\/09\/Physio1-1024x498.jpg 1024w, https:\/\/barcelona.euses.cat\/wp-content\/uploads\/2023\/09\/Physio1-768x373.jpg 768w, https:\/\/barcelona.euses.cat\/wp-content\/uploads\/2023\/09\/Physio1-1536x746.jpg 1536w, https:\/\/barcelona.euses.cat\/wp-content\/uploads\/2023\/09\/Physio1-2048x995.jpg 2048w, https:\/\/barcelona.euses.cat\/wp-content\/uploads\/2023\/09\/Physio1-350x170.jpg 350w\" sizes=\"(max-width: 300px) 100vw, 300px\" \/><\/p>\n<p>&nbsp;<\/p>\n<p>&nbsp;<\/p>\n","protected":false},"excerpt":{"rendered":"<p>Avui dimarts s\u2019ha iniciat el curs universitari 2023\/2024 en els tres campus de l\u2019Escola Universit\u00e0ria de la Salut i l\u2019Esport, ubicats a Salt, a les Terres de l\u2019Ebre (Tortosa i Amposta) i a Bellvitge, on s\u2019ha donat, en total, la benvinguda a m\u00e9s de 400 nous estudiants que s\u2019han afegit a la fam\u00edlia de l\u2019EUSES [&hellip;]<\/p>\n","protected":false},"author":3,"featured_media":11439,"comment_status":"open","ping_status":"closed","sticky":false,"template":"","format":"standard","meta":{"_acf_changed":false,"inline_featured_image":false,"_joinchat":[],"footnotes":""},"categories":[46],"tags":[],"class_list":["post-11438","post","type-post","status-publish","format-standard","has-post-thumbnail","hentry","category-sense-categoria"],"acf":[],"yoast_head":"<!-- This site is optimized with the Yoast SEO plugin v27.4 - https:\/\/yoast.com\/product\/yoast-seo-wordpress\/ -->\n<title>Comen\u00e7a el curs acad\u00e8mic universitari 2023\/2024 en els Campus de Salt, Terres de l\u2019Ebre i Bellvitge | EUSES- Campus de Bellvitge (Barcelona)<\/title>\n<meta name=\"robots\" content=\"index, follow, max-snippet:-1, max-image-preview:large, max-video-preview:-1\" \/>\n<link rel=\"canonical\" href=\"https:\/\/barcelona.euses.cat\/ca\/comenca-el-curs-academic-universitari-2023-2024-en-els-campus-de-salt-terres-de-lebre-i-bellvitge\/\" \/>\n<meta property=\"og:locale\" content=\"ca_ES\" \/>\n<meta property=\"og:type\" content=\"article\" \/>\n<meta property=\"og:title\" content=\"Comen\u00e7a el curs acad\u00e8mic universitari 2023\/2024 en els Campus de Salt, Terres de l\u2019Ebre i Bellvitge | EUSES- Campus de Bellvitge (Barcelona)\" \/>\n<meta property=\"og:description\" content=\"Avui dimarts s\u2019ha iniciat el curs universitari 2023\/2024 en els tres campus de l\u2019Escola Universit\u00e0ria de la Salut i l\u2019Esport, ubicats a Salt, a les Terres de l\u2019Ebre (Tortosa i Amposta) i a Bellvitge, on s\u2019ha donat, en total, la benvinguda a m\u00e9s de 400 nous estudiants que s\u2019han afegit a la fam\u00edlia de l\u2019EUSES [&hellip;]\" \/>\n<meta property=\"og:url\" content=\"https:\/\/barcelona.euses.cat\/ca\/comenca-el-curs-academic-universitari-2023-2024-en-els-campus-de-salt-terres-de-lebre-i-bellvitge\/\" \/>\n<meta property=\"og:site_name\" content=\"EUSES- Campus de Bellvitge (Barcelona)\" \/>\n<meta property=\"article:publisher\" content=\"https:\/\/www.facebook.com\/PhysioBCN\/\" \/>\n<meta property=\"article:published_time\" content=\"2023-09-12T14:37:06+00:00\" \/>\n<meta property=\"article:modified_time\" content=\"2023-09-12T16:16:32+00:00\" \/>\n<meta property=\"og:image\" content=\"https:\/\/barcelona.euses.cat\/wp-content\/uploads\/2023\/09\/Physio2-scaled.jpg\" \/>\n\t<meta property=\"og:image:width\" content=\"2560\" \/>\n\t<meta property=\"og:image:height\" content=\"1244\" \/>\n\t<meta property=\"og:image:type\" content=\"image\/jpeg\" \/>\n<meta name=\"author\" content=\"Jordi Danes\" \/>\n<meta name=\"twitter:card\" content=\"summary_large_image\" \/>\n<meta name=\"twitter:label1\" content=\"Escrit per\" \/>\n\t<meta name=\"twitter:data1\" content=\"Jordi Danes\" \/>\n\t<meta name=\"twitter:label2\" content=\"Temps estimat de lectura\" \/>\n\t<meta name=\"twitter:data2\" content=\"1 minut\" \/>\n<script type=\"application\/ld+json\" class=\"yoast-schema-graph\">{\"@context\":\"https:\\\/\\\/schema.org\",\"@graph\":[{\"@type\":\"Article\",\"@id\":\"https:\\\/\\\/barcelona.euses.cat\\\/ca\\\/comenca-el-curs-academic-universitari-2023-2024-en-els-campus-de-salt-terres-de-lebre-i-bellvitge\\\/#article\",\"isPartOf\":{\"@id\":\"https:\\\/\\\/barcelona.euses.cat\\\/ca\\\/comenca-el-curs-academic-universitari-2023-2024-en-els-campus-de-salt-terres-de-lebre-i-bellvitge\\\/\"},\"author\":{\"name\":\"Jordi Danes\",\"@id\":\"https:\\\/\\\/barcelona.euses.cat\\\/ca\\\/#\\\/schema\\\/person\\\/8ab46080dfc4814fa59383db317735bd\"},\"headline\":\"Comen\u00e7a el curs acad\u00e8mic universitari 2023\\\/2024 en els Campus de Salt, Terres de l\u2019Ebre i Bellvitge\",\"datePublished\":\"2023-09-12T14:37:06+00:00\",\"dateModified\":\"2023-09-12T16:16:32+00:00\",\"mainEntityOfPage\":{\"@id\":\"https:\\\/\\\/barcelona.euses.cat\\\/ca\\\/comenca-el-curs-academic-universitari-2023-2024-en-els-campus-de-salt-terres-de-lebre-i-bellvitge\\\/\"},\"wordCount\":199,\"commentCount\":0,\"image\":{\"@id\":\"https:\\\/\\\/barcelona.euses.cat\\\/ca\\\/comenca-el-curs-academic-universitari-2023-2024-en-els-campus-de-salt-terres-de-lebre-i-bellvitge\\\/#primaryimage\"},\"thumbnailUrl\":\"https:\\\/\\\/barcelona.euses.cat\\\/wp-content\\\/uploads\\\/2023\\\/09\\\/Physio2-scaled.jpg\",\"articleSection\":[\"sense categoria\"],\"inLanguage\":\"ca\"},{\"@type\":\"WebPage\",\"@id\":\"https:\\\/\\\/barcelona.euses.cat\\\/ca\\\/comenca-el-curs-academic-universitari-2023-2024-en-els-campus-de-salt-terres-de-lebre-i-bellvitge\\\/\",\"url\":\"https:\\\/\\\/barcelona.euses.cat\\\/ca\\\/comenca-el-curs-academic-universitari-2023-2024-en-els-campus-de-salt-terres-de-lebre-i-bellvitge\\\/\",\"name\":\"Comen\u00e7a el curs acad\u00e8mic universitari 2023\\\/2024 en els Campus de Salt, Terres de l\u2019Ebre i Bellvitge | EUSES- Campus de Bellvitge (Barcelona)\",\"isPartOf\":{\"@id\":\"https:\\\/\\\/barcelona.euses.cat\\\/ca\\\/#website\"},\"primaryImageOfPage\":{\"@id\":\"https:\\\/\\\/barcelona.euses.cat\\\/ca\\\/comenca-el-curs-academic-universitari-2023-2024-en-els-campus-de-salt-terres-de-lebre-i-bellvitge\\\/#primaryimage\"},\"image\":{\"@id\":\"https:\\\/\\\/barcelona.euses.cat\\\/ca\\\/comenca-el-curs-academic-universitari-2023-2024-en-els-campus-de-salt-terres-de-lebre-i-bellvitge\\\/#primaryimage\"},\"thumbnailUrl\":\"https:\\\/\\\/barcelona.euses.cat\\\/wp-content\\\/uploads\\\/2023\\\/09\\\/Physio2-scaled.jpg\",\"datePublished\":\"2023-09-12T14:37:06+00:00\",\"dateModified\":\"2023-09-12T16:16:32+00:00\",\"author\":{\"@id\":\"https:\\\/\\\/barcelona.euses.cat\\\/ca\\\/#\\\/schema\\\/person\\\/8ab46080dfc4814fa59383db317735bd\"},\"breadcrumb\":{\"@id\":\"https:\\\/\\\/barcelona.euses.cat\\\/ca\\\/comenca-el-curs-academic-universitari-2023-2024-en-els-campus-de-salt-terres-de-lebre-i-bellvitge\\\/#breadcrumb\"},\"inLanguage\":\"ca\",\"potentialAction\":[{\"@type\":\"ReadAction\",\"target\":[\"https:\\\/\\\/barcelona.euses.cat\\\/ca\\\/comenca-el-curs-academic-universitari-2023-2024-en-els-campus-de-salt-terres-de-lebre-i-bellvitge\\\/\"]}]},{\"@type\":\"ImageObject\",\"inLanguage\":\"ca\",\"@id\":\"https:\\\/\\\/barcelona.euses.cat\\\/ca\\\/comenca-el-curs-academic-universitari-2023-2024-en-els-campus-de-salt-terres-de-lebre-i-bellvitge\\\/#primaryimage\",\"url\":\"https:\\\/\\\/barcelona.euses.cat\\\/wp-content\\\/uploads\\\/2023\\\/09\\\/Physio2-scaled.jpg\",\"contentUrl\":\"https:\\\/\\\/barcelona.euses.cat\\\/wp-content\\\/uploads\\\/2023\\\/09\\\/Physio2-scaled.jpg\",\"width\":2560,\"height\":1244},{\"@type\":\"BreadcrumbList\",\"@id\":\"https:\\\/\\\/barcelona.euses.cat\\\/ca\\\/comenca-el-curs-academic-universitari-2023-2024-en-els-campus-de-salt-terres-de-lebre-i-bellvitge\\\/#breadcrumb\",\"itemListElement\":[{\"@type\":\"ListItem\",\"position\":1,\"name\":\"Portada\",\"item\":\"https:\\\/\\\/barcelona.euses.cat\\\/ca\\\/\"},{\"@type\":\"ListItem\",\"position\":2,\"name\":\"Comen\u00e7a el curs acad\u00e8mic universitari 2023\\\/2024 en els Campus de Salt, Terres de l\u2019Ebre i Bellvitge\"}]},{\"@type\":\"WebSite\",\"@id\":\"https:\\\/\\\/barcelona.euses.cat\\\/ca\\\/#website\",\"url\":\"https:\\\/\\\/barcelona.euses.cat\\\/ca\\\/\",\"name\":\"EUSES - Campus de Bellvitge (Barcelona)\",\"description\":\"EUSES, Escola Universit\u00e0ria de Fisioter\u00e0pia Internacional a Barcelona\",\"potentialAction\":[{\"@type\":\"SearchAction\",\"target\":{\"@type\":\"EntryPoint\",\"urlTemplate\":\"https:\\\/\\\/barcelona.euses.cat\\\/ca\\\/?s={search_term_string}\"},\"query-input\":{\"@type\":\"PropertyValueSpecification\",\"valueRequired\":true,\"valueName\":\"search_term_string\"}}],\"inLanguage\":\"ca\"},{\"@type\":\"Person\",\"@id\":\"https:\\\/\\\/barcelona.euses.cat\\\/ca\\\/#\\\/schema\\\/person\\\/8ab46080dfc4814fa59383db317735bd\",\"name\":\"Jordi Danes\",\"image\":{\"@type\":\"ImageObject\",\"inLanguage\":\"ca\",\"@id\":\"https:\\\/\\\/secure.gravatar.com\\\/avatar\\\/a9e4f443b594af225625ee8cfa665e41b1e0740ea34fbe0515b4ca559f8570ef?s=96&d=mm&r=g\",\"url\":\"https:\\\/\\\/secure.gravatar.com\\\/avatar\\\/a9e4f443b594af225625ee8cfa665e41b1e0740ea34fbe0515b4ca559f8570ef?s=96&d=mm&r=g\",\"contentUrl\":\"https:\\\/\\\/secure.gravatar.com\\\/avatar\\\/a9e4f443b594af225625ee8cfa665e41b1e0740ea34fbe0515b4ca559f8570ef?s=96&d=mm&r=g\",\"caption\":\"Jordi Danes\"},\"url\":\"https:\\\/\\\/barcelona.euses.cat\\\/ca\\\/author\\\/jordi-danes\\\/\"}]}<\/script>\n<!-- \/ Yoast SEO plugin. -->","yoast_head_json":{"title":"Comen\u00e7a el curs acad\u00e8mic universitari 2023\/2024 en els Campus de Salt, Terres de l\u2019Ebre i Bellvitge | EUSES- Campus de Bellvitge (Barcelona)","robots":{"index":"index","follow":"follow","max-snippet":"max-snippet:-1","max-image-preview":"max-image-preview:large","max-video-preview":"max-video-preview:-1"},"canonical":"https:\/\/barcelona.euses.cat\/ca\/comenca-el-curs-academic-universitari-2023-2024-en-els-campus-de-salt-terres-de-lebre-i-bellvitge\/","og_locale":"ca_ES","og_type":"article","og_title":"Comen\u00e7a el curs acad\u00e8mic universitari 2023\/2024 en els Campus de Salt, Terres de l\u2019Ebre i Bellvitge | EUSES- Campus de Bellvitge (Barcelona)","og_description":"Avui dimarts s\u2019ha iniciat el curs universitari 2023\/2024 en els tres campus de l\u2019Escola Universit\u00e0ria de la Salut i l\u2019Esport, ubicats a Salt, a les Terres de l\u2019Ebre (Tortosa i Amposta) i a Bellvitge, on s\u2019ha donat, en total, la benvinguda a m\u00e9s de 400 nous estudiants que s\u2019han afegit a la fam\u00edlia de l\u2019EUSES [&hellip;]","og_url":"https:\/\/barcelona.euses.cat\/ca\/comenca-el-curs-academic-universitari-2023-2024-en-els-campus-de-salt-terres-de-lebre-i-bellvitge\/","og_site_name":"EUSES- Campus de Bellvitge (Barcelona)","article_publisher":"https:\/\/www.facebook.com\/PhysioBCN\/","article_published_time":"2023-09-12T14:37:06+00:00","article_modified_time":"2023-09-12T16:16:32+00:00","og_image":[{"width":2560,"height":1244,"url":"https:\/\/barcelona.euses.cat\/wp-content\/uploads\/2023\/09\/Physio2-scaled.jpg","type":"image\/jpeg"}],"author":"Jordi Danes","twitter_card":"summary_large_image","twitter_misc":{"Escrit per":"Jordi Danes","Temps estimat de lectura":"1 minut"},"schema":{"@context":"https:\/\/schema.org","@graph":[{"@type":"Article","@id":"https:\/\/barcelona.euses.cat\/ca\/comenca-el-curs-academic-universitari-2023-2024-en-els-campus-de-salt-terres-de-lebre-i-bellvitge\/#article","isPartOf":{"@id":"https:\/\/barcelona.euses.cat\/ca\/comenca-el-curs-academic-universitari-2023-2024-en-els-campus-de-salt-terres-de-lebre-i-bellvitge\/"},"author":{"name":"Jordi Danes","@id":"https:\/\/barcelona.euses.cat\/ca\/#\/schema\/person\/8ab46080dfc4814fa59383db317735bd"},"headline":"Comen\u00e7a el curs acad\u00e8mic universitari 2023\/2024 en els Campus de Salt, Terres de l\u2019Ebre i Bellvitge","datePublished":"2023-09-12T14:37:06+00:00","dateModified":"2023-09-12T16:16:32+00:00","mainEntityOfPage":{"@id":"https:\/\/barcelona.euses.cat\/ca\/comenca-el-curs-academic-universitari-2023-2024-en-els-campus-de-salt-terres-de-lebre-i-bellvitge\/"},"wordCount":199,"commentCount":0,"image":{"@id":"https:\/\/barcelona.euses.cat\/ca\/comenca-el-curs-academic-universitari-2023-2024-en-els-campus-de-salt-terres-de-lebre-i-bellvitge\/#primaryimage"},"thumbnailUrl":"https:\/\/barcelona.euses.cat\/wp-content\/uploads\/2023\/09\/Physio2-scaled.jpg","articleSection":["sense categoria"],"inLanguage":"ca"},{"@type":"WebPage","@id":"https:\/\/barcelona.euses.cat\/ca\/comenca-el-curs-academic-universitari-2023-2024-en-els-campus-de-salt-terres-de-lebre-i-bellvitge\/","url":"https:\/\/barcelona.euses.cat\/ca\/comenca-el-curs-academic-universitari-2023-2024-en-els-campus-de-salt-terres-de-lebre-i-bellvitge\/","name":"Comen\u00e7a el curs acad\u00e8mic universitari 2023\/2024 en els Campus de Salt, Terres de l\u2019Ebre i Bellvitge | EUSES- Campus de Bellvitge (Barcelona)","isPartOf":{"@id":"https:\/\/barcelona.euses.cat\/ca\/#website"},"primaryImageOfPage":{"@id":"https:\/\/barcelona.euses.cat\/ca\/comenca-el-curs-academic-universitari-2023-2024-en-els-campus-de-salt-terres-de-lebre-i-bellvitge\/#primaryimage"},"image":{"@id":"https:\/\/barcelona.euses.cat\/ca\/comenca-el-curs-academic-universitari-2023-2024-en-els-campus-de-salt-terres-de-lebre-i-bellvitge\/#primaryimage"},"thumbnailUrl":"https:\/\/barcelona.euses.cat\/wp-content\/uploads\/2023\/09\/Physio2-scaled.jpg","datePublished":"2023-09-12T14:37:06+00:00","dateModified":"2023-09-12T16:16:32+00:00","author":{"@id":"https:\/\/barcelona.euses.cat\/ca\/#\/schema\/person\/8ab46080dfc4814fa59383db317735bd"},"breadcrumb":{"@id":"https:\/\/barcelona.euses.cat\/ca\/comenca-el-curs-academic-universitari-2023-2024-en-els-campus-de-salt-terres-de-lebre-i-bellvitge\/#breadcrumb"},"inLanguage":"ca","potentialAction":[{"@type":"ReadAction","target":["https:\/\/barcelona.euses.cat\/ca\/comenca-el-curs-academic-universitari-2023-2024-en-els-campus-de-salt-terres-de-lebre-i-bellvitge\/"]}]},{"@type":"ImageObject","inLanguage":"ca","@id":"https:\/\/barcelona.euses.cat\/ca\/comenca-el-curs-academic-universitari-2023-2024-en-els-campus-de-salt-terres-de-lebre-i-bellvitge\/#primaryimage","url":"https:\/\/barcelona.euses.cat\/wp-content\/uploads\/2023\/09\/Physio2-scaled.jpg","contentUrl":"https:\/\/barcelona.euses.cat\/wp-content\/uploads\/2023\/09\/Physio2-scaled.jpg","width":2560,"height":1244},{"@type":"BreadcrumbList","@id":"https:\/\/barcelona.euses.cat\/ca\/comenca-el-curs-academic-universitari-2023-2024-en-els-campus-de-salt-terres-de-lebre-i-bellvitge\/#breadcrumb","itemListElement":[{"@type":"ListItem","position":1,"name":"Portada","item":"https:\/\/barcelona.euses.cat\/ca\/"},{"@type":"ListItem","position":2,"name":"Comen\u00e7a el curs acad\u00e8mic universitari 2023\/2024 en els Campus de Salt, Terres de l\u2019Ebre i Bellvitge"}]},{"@type":"WebSite","@id":"https:\/\/barcelona.euses.cat\/ca\/#website","url":"https:\/\/barcelona.euses.cat\/ca\/","name":"EUSES - Campus de Bellvitge (Barcelona)","description":"EUSES, Escola Universit\u00e0ria de Fisioter\u00e0pia Internacional a Barcelona","potentialAction":[{"@type":"SearchAction","target":{"@type":"EntryPoint","urlTemplate":"https:\/\/barcelona.euses.cat\/ca\/?s={search_term_string}"},"query-input":{"@type":"PropertyValueSpecification","valueRequired":true,"valueName":"search_term_string"}}],"inLanguage":"ca"},{"@type":"Person","@id":"https:\/\/barcelona.euses.cat\/ca\/#\/schema\/person\/8ab46080dfc4814fa59383db317735bd","name":"Jordi Danes","image":{"@type":"ImageObject","inLanguage":"ca","@id":"https:\/\/secure.gravatar.com\/avatar\/a9e4f443b594af225625ee8cfa665e41b1e0740ea34fbe0515b4ca559f8570ef?s=96&d=mm&r=g","url":"https:\/\/secure.gravatar.com\/avatar\/a9e4f443b594af225625ee8cfa665e41b1e0740ea34fbe0515b4ca559f8570ef?s=96&d=mm&r=g","contentUrl":"https:\/\/secure.gravatar.com\/avatar\/a9e4f443b594af225625ee8cfa665e41b1e0740ea34fbe0515b4ca559f8570ef?s=96&d=mm&r=g","caption":"Jordi Danes"},"url":"https:\/\/barcelona.euses.cat\/ca\/author\/jordi-danes\/"}]}},"_links":{"self":[{"href":"https:\/\/barcelona.euses.cat\/ca\/wp-json\/wp\/v2\/posts\/11438","targetHints":{"allow":["GET"]}}],"collection":[{"href":"https:\/\/barcelona.euses.cat\/ca\/wp-json\/wp\/v2\/posts"}],"about":[{"href":"https:\/\/barcelona.euses.cat\/ca\/wp-json\/wp\/v2\/types\/post"}],"author":[{"embeddable":true,"href":"https:\/\/barcelona.euses.cat\/ca\/wp-json\/wp\/v2\/users\/3"}],"replies":[{"embeddable":true,"href":"https:\/\/barcelona.euses.cat\/ca\/wp-json\/wp\/v2\/comments?post=11438"}],"version-history":[{"count":5,"href":"https:\/\/barcelona.euses.cat\/ca\/wp-json\/wp\/v2\/posts\/11438\/revisions"}],"predecessor-version":[{"id":11453,"href":"https:\/\/barcelona.euses.cat\/ca\/wp-json\/wp\/v2\/posts\/11438\/revisions\/11453"}],"wp:featuredmedia":[{"embeddable":true,"href":"https:\/\/barcelona.euses.cat\/ca\/wp-json\/wp\/v2\/media\/11439"}],"wp:attachment":[{"href":"https:\/\/barcelona.euses.cat\/ca\/wp-json\/wp\/v2\/media?parent=11438"}],"wp:term":[{"taxonomy":"category","embeddable":true,"href":"https:\/\/barcelona.euses.cat\/ca\/wp-json\/wp\/v2\/categories?post=11438"},{"taxonomy":"post_tag","embeddable":true,"href":"https:\/\/barcelona.euses.cat\/ca\/wp-json\/wp\/v2\/tags?post=11438"}],"curies":[{"name":"wp","href":"https:\/\/api.w.org\/{rel}","templated":true}]}}