{"id":11243,"date":"2023-06-23T00:41:58","date_gmt":"2023-06-22T22:41:58","guid":{"rendered":"https:\/\/barcelona.euses.cat\/?p=11243"},"modified":"2023-06-23T00:41:58","modified_gmt":"2023-06-22T22:41:58","slug":"celebrat-lacte-de-graduacio-de-la-5a-promocio-del-grau-en-fisioterapia-internacional-udg-ub-a-la-sala-paranimf","status":"publish","type":"post","link":"https:\/\/barcelona.euses.cat\/ca\/celebrat-lacte-de-graduacio-de-la-5a-promocio-del-grau-en-fisioterapia-internacional-udg-ub-a-la-sala-paranimf\/","title":{"rendered":"Celebrat l&#8217;Acte de Graduaci\u00f3 de la 5a Promoci\u00f3 del Grau en Fisioter\u00e0pia Internacional (UdG-UB) a la sala Paranimf\u00a0"},"content":{"rendered":"<p style=\"font-weight: 400;\">La sala Paranimf de la Universitat de Barcelona ha estat l\u2019escenari de l\u2019Acte de Graduaci\u00f3 de la 5a Promoci\u00f3 del Grau en Fisioter\u00e0pia Internacional (UdG-UB). D\u2019all\u00e0 han sortit m\u00e9s d\u2019una quarantena de nous fisioterapeutes que van iniciar els estudis al Campus de Bellvitge l\u2019any 2019 i que aquest dijous han rebut el diploma que els acredita com a professionals despr\u00e9s de quatre anys d\u2019intens esfor\u00e7.<\/p>\n<p style=\"font-weight: 400;\">La cerim\u00f2nia l\u2019ha obert el Vicedeg\u00e0 acad\u00e8mic i Coordinador del Campus Bellvitge de la Facultat de Medicina i Ci\u00e8ncies de la Salut, Dr. Joan M. Nolla. El discurs inicial ha donat pas als parlaments del Director Acad\u00e8mic d\u2019ENTI-UB, Dr. \u00d2scar Garcia i del Director del Grau en Fisioter\u00e0pia, Dr. Gerard Mu\u00f1oz. Tots ells han elogiat la perseveran\u00e7a, actitud i dedicaci\u00f3 d\u2019aquesta promoci\u00f3 (2019-2023) i han encoratjat els nous graduats a endinsar-se en el camp professional amb la mateixa fermesa i ambici\u00f3 que ho han fet durant la seva etapa universit\u00e0ria.<\/p>\n<p style=\"font-weight: 400;\">Els discursos han deixat pas a l&#8217;entrega\u00a0de diplomes, que ha estat el moment m\u00e9s celebrat de la cerim\u00f2nia. Despr\u00e9s d\u2019aquest lliurament ha pres la paraula la delegada del rector per als centres adscrits de la UdG, Pilar\u00a0Marqu\u00e9s, la qual ha deixat pas altre cop al Dr. Joan M. Nolla perqu\u00e8 tanqu\u00e9s oficialment l\u2019acte abans que son\u00e9s a la sala\u00a0l\u2019himne\u00a0universitari, Gaudeamus Igitur.<\/p>\n\n\t\t<style type=\"text\/css\">\n\t\t\t#gallery-1 {\n\t\t\t\tmargin: auto;\n\t\t\t}\n\t\t\t#gallery-1 .gallery-item {\n\t\t\t\tfloat: left;\n\t\t\t\tmargin-top: 10px;\n\t\t\t\ttext-align: center;\n\t\t\t\twidth: 33%;\n\t\t\t}\n\t\t\t#gallery-1 img {\n\t\t\t\tborder: 2px solid #cfcfcf;\n\t\t\t}\n\t\t\t#gallery-1 .gallery-caption {\n\t\t\t\tmargin-left: 0;\n\t\t\t}\n\t\t\t\/* see gallery_shortcode() in wp-includes\/media.php *\/\n\t\t<\/style>\n\t\t<div id='gallery-1' class='gallery galleryid-11243 gallery-columns-3 gallery-size-medium'><dl class='gallery-item'>\n\t\t\t<dt class='gallery-icon portrait'>\n\t\t\t\t<a href='https:\/\/barcelona.euses.cat\/ca\/celebrat-lacte-de-graduacio-de-la-5a-promocio-del-grau-en-fisioterapia-internacional-udg-ub-a-la-sala-paranimf\/graduacio-2019_2023-1\/'><img fetchpriority=\"high\" decoding=\"async\" width=\"169\" height=\"300\" src=\"https:\/\/barcelona.euses.cat\/wp-content\/uploads\/2023\/06\/graduacio-2019_2023-1-169x300.jpeg\" class=\"attachment-medium size-medium\" alt=\"\" srcset=\"https:\/\/barcelona.euses.cat\/wp-content\/uploads\/2023\/06\/graduacio-2019_2023-1-169x300.jpeg 169w, https:\/\/barcelona.euses.cat\/wp-content\/uploads\/2023\/06\/graduacio-2019_2023-1-576x1024.jpeg 576w, https:\/\/barcelona.euses.cat\/wp-content\/uploads\/2023\/06\/graduacio-2019_2023-1-768x1365.jpeg 768w, https:\/\/barcelona.euses.cat\/wp-content\/uploads\/2023\/06\/graduacio-2019_2023-1-864x1536.jpeg 864w, https:\/\/barcelona.euses.cat\/wp-content\/uploads\/2023\/06\/graduacio-2019_2023-1-113x200.jpeg 113w, https:\/\/barcelona.euses.cat\/wp-content\/uploads\/2023\/06\/graduacio-2019_2023-1.jpeg 1152w\" sizes=\"(max-width: 169px) 100vw, 169px\" \/><\/a>\n\t\t\t<\/dt><\/dl><dl class='gallery-item'>\n\t\t\t<dt class='gallery-icon portrait'>\n\t\t\t\t<a href='https:\/\/barcelona.euses.cat\/ca\/celebrat-lacte-de-graduacio-de-la-5a-promocio-del-grau-en-fisioterapia-internacional-udg-ub-a-la-sala-paranimf\/graduacio-2019_2023-3\/'><img decoding=\"async\" width=\"225\" height=\"300\" src=\"https:\/\/barcelona.euses.cat\/wp-content\/uploads\/2023\/06\/graduacio-2019_2023-3-225x300.jpeg\" class=\"attachment-medium size-medium\" alt=\"\" srcset=\"https:\/\/barcelona.euses.cat\/wp-content\/uploads\/2023\/06\/graduacio-2019_2023-3-225x300.jpeg 225w, https:\/\/barcelona.euses.cat\/wp-content\/uploads\/2023\/06\/graduacio-2019_2023-3-768x1024.jpeg 768w, https:\/\/barcelona.euses.cat\/wp-content\/uploads\/2023\/06\/graduacio-2019_2023-3-1152x1536.jpeg 1152w, https:\/\/barcelona.euses.cat\/wp-content\/uploads\/2023\/06\/graduacio-2019_2023-3-150x200.jpeg 150w, https:\/\/barcelona.euses.cat\/wp-content\/uploads\/2023\/06\/graduacio-2019_2023-3-290x385.jpeg 290w, https:\/\/barcelona.euses.cat\/wp-content\/uploads\/2023\/06\/graduacio-2019_2023-3-400x531.jpeg 400w, https:\/\/barcelona.euses.cat\/wp-content\/uploads\/2023\/06\/graduacio-2019_2023-3.jpeg 1536w\" sizes=\"(max-width: 225px) 100vw, 225px\" \/><\/a>\n\t\t\t<\/dt><\/dl><dl class='gallery-item'>\n\t\t\t<dt class='gallery-icon landscape'>\n\t\t\t\t<a href='https:\/\/barcelona.euses.cat\/ca\/celebrat-lacte-de-graduacio-de-la-5a-promocio-del-grau-en-fisioterapia-internacional-udg-ub-a-la-sala-paranimf\/graduacio-2019_2023-4\/'><img decoding=\"async\" width=\"300\" height=\"225\" src=\"https:\/\/barcelona.euses.cat\/wp-content\/uploads\/2023\/06\/graduacio-2019_2023-4-300x225.jpeg\" class=\"attachment-medium size-medium\" alt=\"\" srcset=\"https:\/\/barcelona.euses.cat\/wp-content\/uploads\/2023\/06\/graduacio-2019_2023-4-300x225.jpeg 300w, https:\/\/barcelona.euses.cat\/wp-content\/uploads\/2023\/06\/graduacio-2019_2023-4-1024x768.jpeg 1024w, https:\/\/barcelona.euses.cat\/wp-content\/uploads\/2023\/06\/graduacio-2019_2023-4-768x576.jpeg 768w, https:\/\/barcelona.euses.cat\/wp-content\/uploads\/2023\/06\/graduacio-2019_2023-4-1536x1152.jpeg 1536w, https:\/\/barcelona.euses.cat\/wp-content\/uploads\/2023\/06\/graduacio-2019_2023-4-267x200.jpeg 267w, https:\/\/barcelona.euses.cat\/wp-content\/uploads\/2023\/06\/graduacio-2019_2023-4-700x525.jpeg 700w, https:\/\/barcelona.euses.cat\/wp-content\/uploads\/2023\/06\/graduacio-2019_2023-4.jpeg 2048w\" sizes=\"(max-width: 300px) 100vw, 300px\" \/><\/a>\n\t\t\t<\/dt><\/dl><br style=\"clear: both\" \/>\n\t\t<\/div>\n\n","protected":false},"excerpt":{"rendered":"<p>La sala Paranimf de la Universitat de Barcelona ha estat l\u2019escenari de l\u2019Acte de Graduaci\u00f3 de la 5a Promoci\u00f3 del Grau en Fisioter\u00e0pia Internacional (UdG-UB). D\u2019all\u00e0 han sortit m\u00e9s d\u2019una quarantena de nous fisioterapeutes que van iniciar els estudis al Campus de Bellvitge l\u2019any 2019 i que aquest dijous han rebut el diploma que els [&hellip;]<\/p>\n","protected":false},"author":3,"featured_media":11244,"comment_status":"open","ping_status":"closed","sticky":false,"template":"","format":"standard","meta":{"_acf_changed":false,"inline_featured_image":false,"_joinchat":[],"footnotes":""},"categories":[46],"tags":[],"class_list":["post-11243","post","type-post","status-publish","format-standard","has-post-thumbnail","hentry","category-sense-categoria"],"acf":[],"yoast_head":"<!-- This site is optimized with the Yoast SEO plugin v27.4 - https:\/\/yoast.com\/product\/yoast-seo-wordpress\/ -->\n<title>Celebrat l&#039;Acte de Graduaci\u00f3 de la 5a Promoci\u00f3 del Grau en Fisioter\u00e0pia Internacional (UdG-UB) a la sala Paranimf\u00a0 | EUSES- Campus de Bellvitge (Barcelona)<\/title>\n<meta name=\"robots\" content=\"index, follow, max-snippet:-1, max-image-preview:large, max-video-preview:-1\" \/>\n<link rel=\"canonical\" href=\"https:\/\/barcelona.euses.cat\/ca\/celebrat-lacte-de-graduacio-de-la-5a-promocio-del-grau-en-fisioterapia-internacional-udg-ub-a-la-sala-paranimf\/\" \/>\n<meta property=\"og:locale\" content=\"ca_ES\" \/>\n<meta property=\"og:type\" content=\"article\" \/>\n<meta property=\"og:title\" content=\"Celebrat l&#039;Acte de Graduaci\u00f3 de la 5a Promoci\u00f3 del Grau en Fisioter\u00e0pia Internacional (UdG-UB) a la sala Paranimf\u00a0 | EUSES- Campus de Bellvitge (Barcelona)\" \/>\n<meta property=\"og:description\" content=\"La sala Paranimf de la Universitat de Barcelona ha estat l\u2019escenari de l\u2019Acte de Graduaci\u00f3 de la 5a Promoci\u00f3 del Grau en Fisioter\u00e0pia Internacional (UdG-UB). D\u2019all\u00e0 han sortit m\u00e9s d\u2019una quarantena de nous fisioterapeutes que van iniciar els estudis al Campus de Bellvitge l\u2019any 2019 i que aquest dijous han rebut el diploma que els [&hellip;]\" \/>\n<meta property=\"og:url\" content=\"https:\/\/barcelona.euses.cat\/ca\/celebrat-lacte-de-graduacio-de-la-5a-promocio-del-grau-en-fisioterapia-internacional-udg-ub-a-la-sala-paranimf\/\" \/>\n<meta property=\"og:site_name\" content=\"EUSES- Campus de Bellvitge (Barcelona)\" \/>\n<meta property=\"article:publisher\" content=\"https:\/\/www.facebook.com\/PhysioBCN\/\" \/>\n<meta property=\"article:published_time\" content=\"2023-06-22T22:41:58+00:00\" \/>\n<meta property=\"og:image\" content=\"https:\/\/barcelona.euses.cat\/wp-content\/uploads\/2023\/06\/graduacio-2019_2023-2.jpeg\" \/>\n\t<meta property=\"og:image:width\" content=\"2048\" \/>\n\t<meta property=\"og:image:height\" content=\"1152\" \/>\n\t<meta property=\"og:image:type\" content=\"image\/jpeg\" \/>\n<meta name=\"author\" content=\"Jordi Danes\" \/>\n<meta name=\"twitter:card\" content=\"summary_large_image\" \/>\n<meta name=\"twitter:label1\" content=\"Escrit per\" \/>\n\t<meta name=\"twitter:data1\" content=\"Jordi Danes\" \/>\n\t<meta name=\"twitter:label2\" content=\"Temps estimat de lectura\" \/>\n\t<meta name=\"twitter:data2\" content=\"1 minut\" \/>\n<script type=\"application\/ld+json\" class=\"yoast-schema-graph\">{\"@context\":\"https:\\\/\\\/schema.org\",\"@graph\":[{\"@type\":\"Article\",\"@id\":\"https:\\\/\\\/barcelona.euses.cat\\\/ca\\\/celebrat-lacte-de-graduacio-de-la-5a-promocio-del-grau-en-fisioterapia-internacional-udg-ub-a-la-sala-paranimf\\\/#article\",\"isPartOf\":{\"@id\":\"https:\\\/\\\/barcelona.euses.cat\\\/ca\\\/celebrat-lacte-de-graduacio-de-la-5a-promocio-del-grau-en-fisioterapia-internacional-udg-ub-a-la-sala-paranimf\\\/\"},\"author\":{\"name\":\"Jordi Danes\",\"@id\":\"https:\\\/\\\/barcelona.euses.cat\\\/ca\\\/#\\\/schema\\\/person\\\/8ab46080dfc4814fa59383db317735bd\"},\"headline\":\"Celebrat l&#8217;Acte de Graduaci\u00f3 de la 5a Promoci\u00f3 del Grau en Fisioter\u00e0pia Internacional (UdG-UB) a la sala Paranimf\u00a0\",\"datePublished\":\"2023-06-22T22:41:58+00:00\",\"mainEntityOfPage\":{\"@id\":\"https:\\\/\\\/barcelona.euses.cat\\\/ca\\\/celebrat-lacte-de-graduacio-de-la-5a-promocio-del-grau-en-fisioterapia-internacional-udg-ub-a-la-sala-paranimf\\\/\"},\"wordCount\":273,\"commentCount\":0,\"image\":{\"@id\":\"https:\\\/\\\/barcelona.euses.cat\\\/ca\\\/celebrat-lacte-de-graduacio-de-la-5a-promocio-del-grau-en-fisioterapia-internacional-udg-ub-a-la-sala-paranimf\\\/#primaryimage\"},\"thumbnailUrl\":\"https:\\\/\\\/barcelona.euses.cat\\\/wp-content\\\/uploads\\\/2023\\\/06\\\/graduacio-2019_2023-2.jpeg\",\"articleSection\":[\"sense categoria\"],\"inLanguage\":\"ca\"},{\"@type\":\"WebPage\",\"@id\":\"https:\\\/\\\/barcelona.euses.cat\\\/ca\\\/celebrat-lacte-de-graduacio-de-la-5a-promocio-del-grau-en-fisioterapia-internacional-udg-ub-a-la-sala-paranimf\\\/\",\"url\":\"https:\\\/\\\/barcelona.euses.cat\\\/ca\\\/celebrat-lacte-de-graduacio-de-la-5a-promocio-del-grau-en-fisioterapia-internacional-udg-ub-a-la-sala-paranimf\\\/\",\"name\":\"Celebrat l'Acte de Graduaci\u00f3 de la 5a Promoci\u00f3 del Grau en Fisioter\u00e0pia Internacional (UdG-UB) a la sala Paranimf\u00a0 | EUSES- Campus de Bellvitge (Barcelona)\",\"isPartOf\":{\"@id\":\"https:\\\/\\\/barcelona.euses.cat\\\/ca\\\/#website\"},\"primaryImageOfPage\":{\"@id\":\"https:\\\/\\\/barcelona.euses.cat\\\/ca\\\/celebrat-lacte-de-graduacio-de-la-5a-promocio-del-grau-en-fisioterapia-internacional-udg-ub-a-la-sala-paranimf\\\/#primaryimage\"},\"image\":{\"@id\":\"https:\\\/\\\/barcelona.euses.cat\\\/ca\\\/celebrat-lacte-de-graduacio-de-la-5a-promocio-del-grau-en-fisioterapia-internacional-udg-ub-a-la-sala-paranimf\\\/#primaryimage\"},\"thumbnailUrl\":\"https:\\\/\\\/barcelona.euses.cat\\\/wp-content\\\/uploads\\\/2023\\\/06\\\/graduacio-2019_2023-2.jpeg\",\"datePublished\":\"2023-06-22T22:41:58+00:00\",\"author\":{\"@id\":\"https:\\\/\\\/barcelona.euses.cat\\\/ca\\\/#\\\/schema\\\/person\\\/8ab46080dfc4814fa59383db317735bd\"},\"breadcrumb\":{\"@id\":\"https:\\\/\\\/barcelona.euses.cat\\\/ca\\\/celebrat-lacte-de-graduacio-de-la-5a-promocio-del-grau-en-fisioterapia-internacional-udg-ub-a-la-sala-paranimf\\\/#breadcrumb\"},\"inLanguage\":\"ca\",\"potentialAction\":[{\"@type\":\"ReadAction\",\"target\":[\"https:\\\/\\\/barcelona.euses.cat\\\/ca\\\/celebrat-lacte-de-graduacio-de-la-5a-promocio-del-grau-en-fisioterapia-internacional-udg-ub-a-la-sala-paranimf\\\/\"]}]},{\"@type\":\"ImageObject\",\"inLanguage\":\"ca\",\"@id\":\"https:\\\/\\\/barcelona.euses.cat\\\/ca\\\/celebrat-lacte-de-graduacio-de-la-5a-promocio-del-grau-en-fisioterapia-internacional-udg-ub-a-la-sala-paranimf\\\/#primaryimage\",\"url\":\"https:\\\/\\\/barcelona.euses.cat\\\/wp-content\\\/uploads\\\/2023\\\/06\\\/graduacio-2019_2023-2.jpeg\",\"contentUrl\":\"https:\\\/\\\/barcelona.euses.cat\\\/wp-content\\\/uploads\\\/2023\\\/06\\\/graduacio-2019_2023-2.jpeg\",\"width\":2048,\"height\":1152},{\"@type\":\"BreadcrumbList\",\"@id\":\"https:\\\/\\\/barcelona.euses.cat\\\/ca\\\/celebrat-lacte-de-graduacio-de-la-5a-promocio-del-grau-en-fisioterapia-internacional-udg-ub-a-la-sala-paranimf\\\/#breadcrumb\",\"itemListElement\":[{\"@type\":\"ListItem\",\"position\":1,\"name\":\"Portada\",\"item\":\"https:\\\/\\\/barcelona.euses.cat\\\/ca\\\/\"},{\"@type\":\"ListItem\",\"position\":2,\"name\":\"Celebrat l&#8217;Acte de Graduaci\u00f3 de la 5a Promoci\u00f3 del Grau en Fisioter\u00e0pia Internacional (UdG-UB) a la sala Paranimf\u00a0\"}]},{\"@type\":\"WebSite\",\"@id\":\"https:\\\/\\\/barcelona.euses.cat\\\/ca\\\/#website\",\"url\":\"https:\\\/\\\/barcelona.euses.cat\\\/ca\\\/\",\"name\":\"EUSES - Campus de Bellvitge (Barcelona)\",\"description\":\"EUSES, Escola Universit\u00e0ria de Fisioter\u00e0pia Internacional a Barcelona\",\"potentialAction\":[{\"@type\":\"SearchAction\",\"target\":{\"@type\":\"EntryPoint\",\"urlTemplate\":\"https:\\\/\\\/barcelona.euses.cat\\\/ca\\\/?s={search_term_string}\"},\"query-input\":{\"@type\":\"PropertyValueSpecification\",\"valueRequired\":true,\"valueName\":\"search_term_string\"}}],\"inLanguage\":\"ca\"},{\"@type\":\"Person\",\"@id\":\"https:\\\/\\\/barcelona.euses.cat\\\/ca\\\/#\\\/schema\\\/person\\\/8ab46080dfc4814fa59383db317735bd\",\"name\":\"Jordi Danes\",\"image\":{\"@type\":\"ImageObject\",\"inLanguage\":\"ca\",\"@id\":\"https:\\\/\\\/secure.gravatar.com\\\/avatar\\\/a9e4f443b594af225625ee8cfa665e41b1e0740ea34fbe0515b4ca559f8570ef?s=96&d=mm&r=g\",\"url\":\"https:\\\/\\\/secure.gravatar.com\\\/avatar\\\/a9e4f443b594af225625ee8cfa665e41b1e0740ea34fbe0515b4ca559f8570ef?s=96&d=mm&r=g\",\"contentUrl\":\"https:\\\/\\\/secure.gravatar.com\\\/avatar\\\/a9e4f443b594af225625ee8cfa665e41b1e0740ea34fbe0515b4ca559f8570ef?s=96&d=mm&r=g\",\"caption\":\"Jordi Danes\"},\"url\":\"https:\\\/\\\/barcelona.euses.cat\\\/ca\\\/author\\\/jordi-danes\\\/\"}]}<\/script>\n<!-- \/ Yoast SEO plugin. -->","yoast_head_json":{"title":"Celebrat l'Acte de Graduaci\u00f3 de la 5a Promoci\u00f3 del Grau en Fisioter\u00e0pia Internacional (UdG-UB) a la sala Paranimf\u00a0 | EUSES- Campus de Bellvitge (Barcelona)","robots":{"index":"index","follow":"follow","max-snippet":"max-snippet:-1","max-image-preview":"max-image-preview:large","max-video-preview":"max-video-preview:-1"},"canonical":"https:\/\/barcelona.euses.cat\/ca\/celebrat-lacte-de-graduacio-de-la-5a-promocio-del-grau-en-fisioterapia-internacional-udg-ub-a-la-sala-paranimf\/","og_locale":"ca_ES","og_type":"article","og_title":"Celebrat l'Acte de Graduaci\u00f3 de la 5a Promoci\u00f3 del Grau en Fisioter\u00e0pia Internacional (UdG-UB) a la sala Paranimf\u00a0 | EUSES- Campus de Bellvitge (Barcelona)","og_description":"La sala Paranimf de la Universitat de Barcelona ha estat l\u2019escenari de l\u2019Acte de Graduaci\u00f3 de la 5a Promoci\u00f3 del Grau en Fisioter\u00e0pia Internacional (UdG-UB). D\u2019all\u00e0 han sortit m\u00e9s d\u2019una quarantena de nous fisioterapeutes que van iniciar els estudis al Campus de Bellvitge l\u2019any 2019 i que aquest dijous han rebut el diploma que els [&hellip;]","og_url":"https:\/\/barcelona.euses.cat\/ca\/celebrat-lacte-de-graduacio-de-la-5a-promocio-del-grau-en-fisioterapia-internacional-udg-ub-a-la-sala-paranimf\/","og_site_name":"EUSES- Campus de Bellvitge (Barcelona)","article_publisher":"https:\/\/www.facebook.com\/PhysioBCN\/","article_published_time":"2023-06-22T22:41:58+00:00","og_image":[{"width":2048,"height":1152,"url":"https:\/\/barcelona.euses.cat\/wp-content\/uploads\/2023\/06\/graduacio-2019_2023-2.jpeg","type":"image\/jpeg"}],"author":"Jordi Danes","twitter_card":"summary_large_image","twitter_misc":{"Escrit per":"Jordi Danes","Temps estimat de lectura":"1 minut"},"schema":{"@context":"https:\/\/schema.org","@graph":[{"@type":"Article","@id":"https:\/\/barcelona.euses.cat\/ca\/celebrat-lacte-de-graduacio-de-la-5a-promocio-del-grau-en-fisioterapia-internacional-udg-ub-a-la-sala-paranimf\/#article","isPartOf":{"@id":"https:\/\/barcelona.euses.cat\/ca\/celebrat-lacte-de-graduacio-de-la-5a-promocio-del-grau-en-fisioterapia-internacional-udg-ub-a-la-sala-paranimf\/"},"author":{"name":"Jordi Danes","@id":"https:\/\/barcelona.euses.cat\/ca\/#\/schema\/person\/8ab46080dfc4814fa59383db317735bd"},"headline":"Celebrat l&#8217;Acte de Graduaci\u00f3 de la 5a Promoci\u00f3 del Grau en Fisioter\u00e0pia Internacional (UdG-UB) a la sala Paranimf\u00a0","datePublished":"2023-06-22T22:41:58+00:00","mainEntityOfPage":{"@id":"https:\/\/barcelona.euses.cat\/ca\/celebrat-lacte-de-graduacio-de-la-5a-promocio-del-grau-en-fisioterapia-internacional-udg-ub-a-la-sala-paranimf\/"},"wordCount":273,"commentCount":0,"image":{"@id":"https:\/\/barcelona.euses.cat\/ca\/celebrat-lacte-de-graduacio-de-la-5a-promocio-del-grau-en-fisioterapia-internacional-udg-ub-a-la-sala-paranimf\/#primaryimage"},"thumbnailUrl":"https:\/\/barcelona.euses.cat\/wp-content\/uploads\/2023\/06\/graduacio-2019_2023-2.jpeg","articleSection":["sense categoria"],"inLanguage":"ca"},{"@type":"WebPage","@id":"https:\/\/barcelona.euses.cat\/ca\/celebrat-lacte-de-graduacio-de-la-5a-promocio-del-grau-en-fisioterapia-internacional-udg-ub-a-la-sala-paranimf\/","url":"https:\/\/barcelona.euses.cat\/ca\/celebrat-lacte-de-graduacio-de-la-5a-promocio-del-grau-en-fisioterapia-internacional-udg-ub-a-la-sala-paranimf\/","name":"Celebrat l'Acte de Graduaci\u00f3 de la 5a Promoci\u00f3 del Grau en Fisioter\u00e0pia Internacional (UdG-UB) a la sala Paranimf\u00a0 | EUSES- Campus de Bellvitge (Barcelona)","isPartOf":{"@id":"https:\/\/barcelona.euses.cat\/ca\/#website"},"primaryImageOfPage":{"@id":"https:\/\/barcelona.euses.cat\/ca\/celebrat-lacte-de-graduacio-de-la-5a-promocio-del-grau-en-fisioterapia-internacional-udg-ub-a-la-sala-paranimf\/#primaryimage"},"image":{"@id":"https:\/\/barcelona.euses.cat\/ca\/celebrat-lacte-de-graduacio-de-la-5a-promocio-del-grau-en-fisioterapia-internacional-udg-ub-a-la-sala-paranimf\/#primaryimage"},"thumbnailUrl":"https:\/\/barcelona.euses.cat\/wp-content\/uploads\/2023\/06\/graduacio-2019_2023-2.jpeg","datePublished":"2023-06-22T22:41:58+00:00","author":{"@id":"https:\/\/barcelona.euses.cat\/ca\/#\/schema\/person\/8ab46080dfc4814fa59383db317735bd"},"breadcrumb":{"@id":"https:\/\/barcelona.euses.cat\/ca\/celebrat-lacte-de-graduacio-de-la-5a-promocio-del-grau-en-fisioterapia-internacional-udg-ub-a-la-sala-paranimf\/#breadcrumb"},"inLanguage":"ca","potentialAction":[{"@type":"ReadAction","target":["https:\/\/barcelona.euses.cat\/ca\/celebrat-lacte-de-graduacio-de-la-5a-promocio-del-grau-en-fisioterapia-internacional-udg-ub-a-la-sala-paranimf\/"]}]},{"@type":"ImageObject","inLanguage":"ca","@id":"https:\/\/barcelona.euses.cat\/ca\/celebrat-lacte-de-graduacio-de-la-5a-promocio-del-grau-en-fisioterapia-internacional-udg-ub-a-la-sala-paranimf\/#primaryimage","url":"https:\/\/barcelona.euses.cat\/wp-content\/uploads\/2023\/06\/graduacio-2019_2023-2.jpeg","contentUrl":"https:\/\/barcelona.euses.cat\/wp-content\/uploads\/2023\/06\/graduacio-2019_2023-2.jpeg","width":2048,"height":1152},{"@type":"BreadcrumbList","@id":"https:\/\/barcelona.euses.cat\/ca\/celebrat-lacte-de-graduacio-de-la-5a-promocio-del-grau-en-fisioterapia-internacional-udg-ub-a-la-sala-paranimf\/#breadcrumb","itemListElement":[{"@type":"ListItem","position":1,"name":"Portada","item":"https:\/\/barcelona.euses.cat\/ca\/"},{"@type":"ListItem","position":2,"name":"Celebrat l&#8217;Acte de Graduaci\u00f3 de la 5a Promoci\u00f3 del Grau en Fisioter\u00e0pia Internacional (UdG-UB) a la sala Paranimf\u00a0"}]},{"@type":"WebSite","@id":"https:\/\/barcelona.euses.cat\/ca\/#website","url":"https:\/\/barcelona.euses.cat\/ca\/","name":"EUSES - Campus de Bellvitge (Barcelona)","description":"EUSES, Escola Universit\u00e0ria de Fisioter\u00e0pia Internacional a Barcelona","potentialAction":[{"@type":"SearchAction","target":{"@type":"EntryPoint","urlTemplate":"https:\/\/barcelona.euses.cat\/ca\/?s={search_term_string}"},"query-input":{"@type":"PropertyValueSpecification","valueRequired":true,"valueName":"search_term_string"}}],"inLanguage":"ca"},{"@type":"Person","@id":"https:\/\/barcelona.euses.cat\/ca\/#\/schema\/person\/8ab46080dfc4814fa59383db317735bd","name":"Jordi Danes","image":{"@type":"ImageObject","inLanguage":"ca","@id":"https:\/\/secure.gravatar.com\/avatar\/a9e4f443b594af225625ee8cfa665e41b1e0740ea34fbe0515b4ca559f8570ef?s=96&d=mm&r=g","url":"https:\/\/secure.gravatar.com\/avatar\/a9e4f443b594af225625ee8cfa665e41b1e0740ea34fbe0515b4ca559f8570ef?s=96&d=mm&r=g","contentUrl":"https:\/\/secure.gravatar.com\/avatar\/a9e4f443b594af225625ee8cfa665e41b1e0740ea34fbe0515b4ca559f8570ef?s=96&d=mm&r=g","caption":"Jordi Danes"},"url":"https:\/\/barcelona.euses.cat\/ca\/author\/jordi-danes\/"}]}},"_links":{"self":[{"href":"https:\/\/barcelona.euses.cat\/ca\/wp-json\/wp\/v2\/posts\/11243","targetHints":{"allow":["GET"]}}],"collection":[{"href":"https:\/\/barcelona.euses.cat\/ca\/wp-json\/wp\/v2\/posts"}],"about":[{"href":"https:\/\/barcelona.euses.cat\/ca\/wp-json\/wp\/v2\/types\/post"}],"author":[{"embeddable":true,"href":"https:\/\/barcelona.euses.cat\/ca\/wp-json\/wp\/v2\/users\/3"}],"replies":[{"embeddable":true,"href":"https:\/\/barcelona.euses.cat\/ca\/wp-json\/wp\/v2\/comments?post=11243"}],"version-history":[{"count":1,"href":"https:\/\/barcelona.euses.cat\/ca\/wp-json\/wp\/v2\/posts\/11243\/revisions"}],"predecessor-version":[{"id":11260,"href":"https:\/\/barcelona.euses.cat\/ca\/wp-json\/wp\/v2\/posts\/11243\/revisions\/11260"}],"wp:featuredmedia":[{"embeddable":true,"href":"https:\/\/barcelona.euses.cat\/ca\/wp-json\/wp\/v2\/media\/11244"}],"wp:attachment":[{"href":"https:\/\/barcelona.euses.cat\/ca\/wp-json\/wp\/v2\/media?parent=11243"}],"wp:term":[{"taxonomy":"category","embeddable":true,"href":"https:\/\/barcelona.euses.cat\/ca\/wp-json\/wp\/v2\/categories?post=11243"},{"taxonomy":"post_tag","embeddable":true,"href":"https:\/\/barcelona.euses.cat\/ca\/wp-json\/wp\/v2\/tags?post=11243"}],"curies":[{"name":"wp","href":"https:\/\/api.w.org\/{rel}","templated":true}]}}