{"id":11224,"date":"2023-06-13T00:02:13","date_gmt":"2023-06-12T22:02:13","guid":{"rendered":"https:\/\/barcelona.euses.cat\/?p=11224"},"modified":"2023-06-13T00:12:23","modified_gmt":"2023-06-12T22:12:23","slug":"euses-col%c2%b7labora-en-jornada-de-gimnastica-ritmica-celebrada-al-pavello-podium-a-viladecans","status":"publish","type":"post","link":"https:\/\/barcelona.euses.cat\/ca\/euses-col%c2%b7labora-en-jornada-de-gimnastica-ritmica-celebrada-al-pavello-podium-a-viladecans\/","title":{"rendered":"EUSES col\u00b7labora en Jornada de gimn\u00e0stica r\u00edtmica celebrada al pavell\u00f3 P\u00f2dium, a Viladecans"},"content":{"rendered":"<p>L\u2019associat d\u2019EUSES Alumni Unai Bengoetxea ha donat cobertura fisioterap\u00e8utica en la jornada de gimn\u00e0stica r\u00edtmica (3\u00aa fase de la copa catalana individual N8) que s\u2019ha celebrat aquest diumenge al pavell\u00f3 P\u00f2dium de Viladecans i que ha estat organitzada per la Federaci\u00f3 Catalana de Gimn\u00e0stica. Unai Bengoetxea ha realitzat les actuacions que han estat necess\u00e0ries (massatges, estiraments, avaluaci\u00f3 de lesions, embenatges musculars\u2026) durant la jornada, que va aplegar nombroses participants de totes les categories.<\/p>\n<p>&nbsp;<\/p>\n<p><img fetchpriority=\"high\" decoding=\"async\" class=\"alignnone size-medium wp-image-11236\" src=\"https:\/\/barcelona.euses.cat\/wp-content\/uploads\/2023\/06\/gr-viladecans-1-300x197.jpeg\" alt=\"\" width=\"300\" height=\"197\" srcset=\"https:\/\/barcelona.euses.cat\/wp-content\/uploads\/2023\/06\/gr-viladecans-1-300x197.jpeg 300w, https:\/\/barcelona.euses.cat\/wp-content\/uploads\/2023\/06\/gr-viladecans-1-1024x673.jpeg 1024w, https:\/\/barcelona.euses.cat\/wp-content\/uploads\/2023\/06\/gr-viladecans-1-768x505.jpeg 768w, https:\/\/barcelona.euses.cat\/wp-content\/uploads\/2023\/06\/gr-viladecans-1-1536x1010.jpeg 1536w, https:\/\/barcelona.euses.cat\/wp-content\/uploads\/2023\/06\/gr-viladecans-1-304x200.jpeg 304w, https:\/\/barcelona.euses.cat\/wp-content\/uploads\/2023\/06\/gr-viladecans-1.jpeg 1801w\" sizes=\"(max-width: 300px) 100vw, 300px\" \/><\/p>\n","protected":false},"excerpt":{"rendered":"<p>L\u2019associat d\u2019EUSES Alumni Unai Bengoetxea ha donat cobertura fisioterap\u00e8utica en la jornada de gimn\u00e0stica r\u00edtmica (3\u00aa fase de la copa catalana individual N8) que s\u2019ha celebrat aquest diumenge al pavell\u00f3 P\u00f2dium de Viladecans i que ha estat organitzada per la Federaci\u00f3 Catalana de Gimn\u00e0stica. Unai Bengoetxea ha realitzat les actuacions que han estat necess\u00e0ries (massatges, [&hellip;]<\/p>\n","protected":false},"author":3,"featured_media":11225,"comment_status":"open","ping_status":"closed","sticky":false,"template":"","format":"standard","meta":{"_acf_changed":false,"inline_featured_image":false,"_joinchat":[],"footnotes":""},"categories":[46],"tags":[],"class_list":["post-11224","post","type-post","status-publish","format-standard","has-post-thumbnail","hentry","category-sense-categoria"],"acf":[],"yoast_head":"<!-- This site is optimized with the Yoast SEO plugin v27.4 - https:\/\/yoast.com\/product\/yoast-seo-wordpress\/ -->\n<title>EUSES col\u00b7labora en Jornada de gimn\u00e0stica r\u00edtmica celebrada al pavell\u00f3 P\u00f2dium, a Viladecans | EUSES- Campus de Bellvitge (Barcelona)<\/title>\n<meta name=\"robots\" content=\"index, follow, max-snippet:-1, max-image-preview:large, max-video-preview:-1\" \/>\n<link rel=\"canonical\" href=\"https:\/\/barcelona.euses.cat\/ca\/euses-col\u00b7labora-en-jornada-de-gimnastica-ritmica-celebrada-al-pavello-podium-a-viladecans\/\" \/>\n<meta property=\"og:locale\" content=\"ca_ES\" \/>\n<meta property=\"og:type\" content=\"article\" \/>\n<meta property=\"og:title\" content=\"EUSES col\u00b7labora en Jornada de gimn\u00e0stica r\u00edtmica celebrada al pavell\u00f3 P\u00f2dium, a Viladecans | EUSES- Campus de Bellvitge (Barcelona)\" \/>\n<meta property=\"og:description\" content=\"L\u2019associat d\u2019EUSES Alumni Unai Bengoetxea ha donat cobertura fisioterap\u00e8utica en la jornada de gimn\u00e0stica r\u00edtmica (3\u00aa fase de la copa catalana individual N8) que s\u2019ha celebrat aquest diumenge al pavell\u00f3 P\u00f2dium de Viladecans i que ha estat organitzada per la Federaci\u00f3 Catalana de Gimn\u00e0stica. Unai Bengoetxea ha realitzat les actuacions que han estat necess\u00e0ries (massatges, [&hellip;]\" \/>\n<meta property=\"og:url\" content=\"https:\/\/barcelona.euses.cat\/ca\/euses-col\u00b7labora-en-jornada-de-gimnastica-ritmica-celebrada-al-pavello-podium-a-viladecans\/\" \/>\n<meta property=\"og:site_name\" content=\"EUSES- Campus de Bellvitge (Barcelona)\" \/>\n<meta property=\"article:publisher\" content=\"https:\/\/www.facebook.com\/PhysioBCN\/\" \/>\n<meta property=\"article:published_time\" content=\"2023-06-12T22:02:13+00:00\" \/>\n<meta property=\"article:modified_time\" content=\"2023-06-12T22:12:23+00:00\" \/>\n<meta property=\"og:image\" content=\"https:\/\/barcelona.euses.cat\/wp-content\/uploads\/2023\/06\/gr-viladecans-5.jpeg\" \/>\n\t<meta property=\"og:image:width\" content=\"1447\" \/>\n\t<meta property=\"og:image:height\" content=\"1057\" \/>\n\t<meta property=\"og:image:type\" content=\"image\/jpeg\" \/>\n<meta name=\"author\" content=\"Jordi Danes\" \/>\n<meta name=\"twitter:card\" content=\"summary_large_image\" \/>\n<meta name=\"twitter:label1\" content=\"Escrit per\" \/>\n\t<meta name=\"twitter:data1\" content=\"Jordi Danes\" \/>\n\t<meta name=\"twitter:label2\" content=\"Temps estimat de lectura\" \/>\n\t<meta name=\"twitter:data2\" content=\"1 minut\" \/>\n<script type=\"application\/ld+json\" class=\"yoast-schema-graph\">{\"@context\":\"https:\\\/\\\/schema.org\",\"@graph\":[{\"@type\":\"Article\",\"@id\":\"https:\\\/\\\/barcelona.euses.cat\\\/ca\\\/euses-col%c2%b7labora-en-jornada-de-gimnastica-ritmica-celebrada-al-pavello-podium-a-viladecans\\\/#article\",\"isPartOf\":{\"@id\":\"https:\\\/\\\/barcelona.euses.cat\\\/ca\\\/euses-col%c2%b7labora-en-jornada-de-gimnastica-ritmica-celebrada-al-pavello-podium-a-viladecans\\\/\"},\"author\":{\"name\":\"Jordi Danes\",\"@id\":\"https:\\\/\\\/barcelona.euses.cat\\\/ca\\\/#\\\/schema\\\/person\\\/8ab46080dfc4814fa59383db317735bd\"},\"headline\":\"EUSES col\u00b7labora en Jornada de gimn\u00e0stica r\u00edtmica celebrada al pavell\u00f3 P\u00f2dium, a Viladecans\",\"datePublished\":\"2023-06-12T22:02:13+00:00\",\"dateModified\":\"2023-06-12T22:12:23+00:00\",\"mainEntityOfPage\":{\"@id\":\"https:\\\/\\\/barcelona.euses.cat\\\/ca\\\/euses-col%c2%b7labora-en-jornada-de-gimnastica-ritmica-celebrada-al-pavello-podium-a-viladecans\\\/\"},\"wordCount\":99,\"commentCount\":0,\"image\":{\"@id\":\"https:\\\/\\\/barcelona.euses.cat\\\/ca\\\/euses-col%c2%b7labora-en-jornada-de-gimnastica-ritmica-celebrada-al-pavello-podium-a-viladecans\\\/#primaryimage\"},\"thumbnailUrl\":\"https:\\\/\\\/barcelona.euses.cat\\\/wp-content\\\/uploads\\\/2023\\\/06\\\/gr-viladecans-5.jpeg\",\"articleSection\":[\"sense categoria\"],\"inLanguage\":\"ca\"},{\"@type\":\"WebPage\",\"@id\":\"https:\\\/\\\/barcelona.euses.cat\\\/ca\\\/euses-col%c2%b7labora-en-jornada-de-gimnastica-ritmica-celebrada-al-pavello-podium-a-viladecans\\\/\",\"url\":\"https:\\\/\\\/barcelona.euses.cat\\\/ca\\\/euses-col%c2%b7labora-en-jornada-de-gimnastica-ritmica-celebrada-al-pavello-podium-a-viladecans\\\/\",\"name\":\"EUSES col\u00b7labora en Jornada de gimn\u00e0stica r\u00edtmica celebrada al pavell\u00f3 P\u00f2dium, a Viladecans | EUSES- Campus de Bellvitge (Barcelona)\",\"isPartOf\":{\"@id\":\"https:\\\/\\\/barcelona.euses.cat\\\/ca\\\/#website\"},\"primaryImageOfPage\":{\"@id\":\"https:\\\/\\\/barcelona.euses.cat\\\/ca\\\/euses-col%c2%b7labora-en-jornada-de-gimnastica-ritmica-celebrada-al-pavello-podium-a-viladecans\\\/#primaryimage\"},\"image\":{\"@id\":\"https:\\\/\\\/barcelona.euses.cat\\\/ca\\\/euses-col%c2%b7labora-en-jornada-de-gimnastica-ritmica-celebrada-al-pavello-podium-a-viladecans\\\/#primaryimage\"},\"thumbnailUrl\":\"https:\\\/\\\/barcelona.euses.cat\\\/wp-content\\\/uploads\\\/2023\\\/06\\\/gr-viladecans-5.jpeg\",\"datePublished\":\"2023-06-12T22:02:13+00:00\",\"dateModified\":\"2023-06-12T22:12:23+00:00\",\"author\":{\"@id\":\"https:\\\/\\\/barcelona.euses.cat\\\/ca\\\/#\\\/schema\\\/person\\\/8ab46080dfc4814fa59383db317735bd\"},\"breadcrumb\":{\"@id\":\"https:\\\/\\\/barcelona.euses.cat\\\/ca\\\/euses-col%c2%b7labora-en-jornada-de-gimnastica-ritmica-celebrada-al-pavello-podium-a-viladecans\\\/#breadcrumb\"},\"inLanguage\":\"ca\",\"potentialAction\":[{\"@type\":\"ReadAction\",\"target\":[\"https:\\\/\\\/barcelona.euses.cat\\\/ca\\\/euses-col%c2%b7labora-en-jornada-de-gimnastica-ritmica-celebrada-al-pavello-podium-a-viladecans\\\/\"]}]},{\"@type\":\"ImageObject\",\"inLanguage\":\"ca\",\"@id\":\"https:\\\/\\\/barcelona.euses.cat\\\/ca\\\/euses-col%c2%b7labora-en-jornada-de-gimnastica-ritmica-celebrada-al-pavello-podium-a-viladecans\\\/#primaryimage\",\"url\":\"https:\\\/\\\/barcelona.euses.cat\\\/wp-content\\\/uploads\\\/2023\\\/06\\\/gr-viladecans-5.jpeg\",\"contentUrl\":\"https:\\\/\\\/barcelona.euses.cat\\\/wp-content\\\/uploads\\\/2023\\\/06\\\/gr-viladecans-5.jpeg\",\"width\":1447,\"height\":1057},{\"@type\":\"BreadcrumbList\",\"@id\":\"https:\\\/\\\/barcelona.euses.cat\\\/ca\\\/euses-col%c2%b7labora-en-jornada-de-gimnastica-ritmica-celebrada-al-pavello-podium-a-viladecans\\\/#breadcrumb\",\"itemListElement\":[{\"@type\":\"ListItem\",\"position\":1,\"name\":\"Portada\",\"item\":\"https:\\\/\\\/barcelona.euses.cat\\\/ca\\\/\"},{\"@type\":\"ListItem\",\"position\":2,\"name\":\"EUSES col\u00b7labora en Jornada de gimn\u00e0stica r\u00edtmica celebrada al pavell\u00f3 P\u00f2dium, a Viladecans\"}]},{\"@type\":\"WebSite\",\"@id\":\"https:\\\/\\\/barcelona.euses.cat\\\/ca\\\/#website\",\"url\":\"https:\\\/\\\/barcelona.euses.cat\\\/ca\\\/\",\"name\":\"EUSES - Campus de Bellvitge (Barcelona)\",\"description\":\"EUSES, Escola Universit\u00e0ria de Fisioter\u00e0pia Internacional a Barcelona\",\"potentialAction\":[{\"@type\":\"SearchAction\",\"target\":{\"@type\":\"EntryPoint\",\"urlTemplate\":\"https:\\\/\\\/barcelona.euses.cat\\\/ca\\\/?s={search_term_string}\"},\"query-input\":{\"@type\":\"PropertyValueSpecification\",\"valueRequired\":true,\"valueName\":\"search_term_string\"}}],\"inLanguage\":\"ca\"},{\"@type\":\"Person\",\"@id\":\"https:\\\/\\\/barcelona.euses.cat\\\/ca\\\/#\\\/schema\\\/person\\\/8ab46080dfc4814fa59383db317735bd\",\"name\":\"Jordi Danes\",\"image\":{\"@type\":\"ImageObject\",\"inLanguage\":\"ca\",\"@id\":\"https:\\\/\\\/secure.gravatar.com\\\/avatar\\\/a9e4f443b594af225625ee8cfa665e41b1e0740ea34fbe0515b4ca559f8570ef?s=96&d=mm&r=g\",\"url\":\"https:\\\/\\\/secure.gravatar.com\\\/avatar\\\/a9e4f443b594af225625ee8cfa665e41b1e0740ea34fbe0515b4ca559f8570ef?s=96&d=mm&r=g\",\"contentUrl\":\"https:\\\/\\\/secure.gravatar.com\\\/avatar\\\/a9e4f443b594af225625ee8cfa665e41b1e0740ea34fbe0515b4ca559f8570ef?s=96&d=mm&r=g\",\"caption\":\"Jordi Danes\"},\"url\":\"https:\\\/\\\/barcelona.euses.cat\\\/ca\\\/author\\\/jordi-danes\\\/\"}]}<\/script>\n<!-- \/ Yoast SEO plugin. -->","yoast_head_json":{"title":"EUSES col\u00b7labora en Jornada de gimn\u00e0stica r\u00edtmica celebrada al pavell\u00f3 P\u00f2dium, a Viladecans | EUSES- Campus de Bellvitge (Barcelona)","robots":{"index":"index","follow":"follow","max-snippet":"max-snippet:-1","max-image-preview":"max-image-preview:large","max-video-preview":"max-video-preview:-1"},"canonical":"https:\/\/barcelona.euses.cat\/ca\/euses-col\u00b7labora-en-jornada-de-gimnastica-ritmica-celebrada-al-pavello-podium-a-viladecans\/","og_locale":"ca_ES","og_type":"article","og_title":"EUSES col\u00b7labora en Jornada de gimn\u00e0stica r\u00edtmica celebrada al pavell\u00f3 P\u00f2dium, a Viladecans | EUSES- Campus de Bellvitge (Barcelona)","og_description":"L\u2019associat d\u2019EUSES Alumni Unai Bengoetxea ha donat cobertura fisioterap\u00e8utica en la jornada de gimn\u00e0stica r\u00edtmica (3\u00aa fase de la copa catalana individual N8) que s\u2019ha celebrat aquest diumenge al pavell\u00f3 P\u00f2dium de Viladecans i que ha estat organitzada per la Federaci\u00f3 Catalana de Gimn\u00e0stica. Unai Bengoetxea ha realitzat les actuacions que han estat necess\u00e0ries (massatges, [&hellip;]","og_url":"https:\/\/barcelona.euses.cat\/ca\/euses-col\u00b7labora-en-jornada-de-gimnastica-ritmica-celebrada-al-pavello-podium-a-viladecans\/","og_site_name":"EUSES- Campus de Bellvitge (Barcelona)","article_publisher":"https:\/\/www.facebook.com\/PhysioBCN\/","article_published_time":"2023-06-12T22:02:13+00:00","article_modified_time":"2023-06-12T22:12:23+00:00","og_image":[{"width":1447,"height":1057,"url":"https:\/\/barcelona.euses.cat\/wp-content\/uploads\/2023\/06\/gr-viladecans-5.jpeg","type":"image\/jpeg"}],"author":"Jordi Danes","twitter_card":"summary_large_image","twitter_misc":{"Escrit per":"Jordi Danes","Temps estimat de lectura":"1 minut"},"schema":{"@context":"https:\/\/schema.org","@graph":[{"@type":"Article","@id":"https:\/\/barcelona.euses.cat\/ca\/euses-col%c2%b7labora-en-jornada-de-gimnastica-ritmica-celebrada-al-pavello-podium-a-viladecans\/#article","isPartOf":{"@id":"https:\/\/barcelona.euses.cat\/ca\/euses-col%c2%b7labora-en-jornada-de-gimnastica-ritmica-celebrada-al-pavello-podium-a-viladecans\/"},"author":{"name":"Jordi Danes","@id":"https:\/\/barcelona.euses.cat\/ca\/#\/schema\/person\/8ab46080dfc4814fa59383db317735bd"},"headline":"EUSES col\u00b7labora en Jornada de gimn\u00e0stica r\u00edtmica celebrada al pavell\u00f3 P\u00f2dium, a Viladecans","datePublished":"2023-06-12T22:02:13+00:00","dateModified":"2023-06-12T22:12:23+00:00","mainEntityOfPage":{"@id":"https:\/\/barcelona.euses.cat\/ca\/euses-col%c2%b7labora-en-jornada-de-gimnastica-ritmica-celebrada-al-pavello-podium-a-viladecans\/"},"wordCount":99,"commentCount":0,"image":{"@id":"https:\/\/barcelona.euses.cat\/ca\/euses-col%c2%b7labora-en-jornada-de-gimnastica-ritmica-celebrada-al-pavello-podium-a-viladecans\/#primaryimage"},"thumbnailUrl":"https:\/\/barcelona.euses.cat\/wp-content\/uploads\/2023\/06\/gr-viladecans-5.jpeg","articleSection":["sense categoria"],"inLanguage":"ca"},{"@type":"WebPage","@id":"https:\/\/barcelona.euses.cat\/ca\/euses-col%c2%b7labora-en-jornada-de-gimnastica-ritmica-celebrada-al-pavello-podium-a-viladecans\/","url":"https:\/\/barcelona.euses.cat\/ca\/euses-col%c2%b7labora-en-jornada-de-gimnastica-ritmica-celebrada-al-pavello-podium-a-viladecans\/","name":"EUSES col\u00b7labora en Jornada de gimn\u00e0stica r\u00edtmica celebrada al pavell\u00f3 P\u00f2dium, a Viladecans | EUSES- Campus de Bellvitge (Barcelona)","isPartOf":{"@id":"https:\/\/barcelona.euses.cat\/ca\/#website"},"primaryImageOfPage":{"@id":"https:\/\/barcelona.euses.cat\/ca\/euses-col%c2%b7labora-en-jornada-de-gimnastica-ritmica-celebrada-al-pavello-podium-a-viladecans\/#primaryimage"},"image":{"@id":"https:\/\/barcelona.euses.cat\/ca\/euses-col%c2%b7labora-en-jornada-de-gimnastica-ritmica-celebrada-al-pavello-podium-a-viladecans\/#primaryimage"},"thumbnailUrl":"https:\/\/barcelona.euses.cat\/wp-content\/uploads\/2023\/06\/gr-viladecans-5.jpeg","datePublished":"2023-06-12T22:02:13+00:00","dateModified":"2023-06-12T22:12:23+00:00","author":{"@id":"https:\/\/barcelona.euses.cat\/ca\/#\/schema\/person\/8ab46080dfc4814fa59383db317735bd"},"breadcrumb":{"@id":"https:\/\/barcelona.euses.cat\/ca\/euses-col%c2%b7labora-en-jornada-de-gimnastica-ritmica-celebrada-al-pavello-podium-a-viladecans\/#breadcrumb"},"inLanguage":"ca","potentialAction":[{"@type":"ReadAction","target":["https:\/\/barcelona.euses.cat\/ca\/euses-col%c2%b7labora-en-jornada-de-gimnastica-ritmica-celebrada-al-pavello-podium-a-viladecans\/"]}]},{"@type":"ImageObject","inLanguage":"ca","@id":"https:\/\/barcelona.euses.cat\/ca\/euses-col%c2%b7labora-en-jornada-de-gimnastica-ritmica-celebrada-al-pavello-podium-a-viladecans\/#primaryimage","url":"https:\/\/barcelona.euses.cat\/wp-content\/uploads\/2023\/06\/gr-viladecans-5.jpeg","contentUrl":"https:\/\/barcelona.euses.cat\/wp-content\/uploads\/2023\/06\/gr-viladecans-5.jpeg","width":1447,"height":1057},{"@type":"BreadcrumbList","@id":"https:\/\/barcelona.euses.cat\/ca\/euses-col%c2%b7labora-en-jornada-de-gimnastica-ritmica-celebrada-al-pavello-podium-a-viladecans\/#breadcrumb","itemListElement":[{"@type":"ListItem","position":1,"name":"Portada","item":"https:\/\/barcelona.euses.cat\/ca\/"},{"@type":"ListItem","position":2,"name":"EUSES col\u00b7labora en Jornada de gimn\u00e0stica r\u00edtmica celebrada al pavell\u00f3 P\u00f2dium, a Viladecans"}]},{"@type":"WebSite","@id":"https:\/\/barcelona.euses.cat\/ca\/#website","url":"https:\/\/barcelona.euses.cat\/ca\/","name":"EUSES - Campus de Bellvitge (Barcelona)","description":"EUSES, Escola Universit\u00e0ria de Fisioter\u00e0pia Internacional a Barcelona","potentialAction":[{"@type":"SearchAction","target":{"@type":"EntryPoint","urlTemplate":"https:\/\/barcelona.euses.cat\/ca\/?s={search_term_string}"},"query-input":{"@type":"PropertyValueSpecification","valueRequired":true,"valueName":"search_term_string"}}],"inLanguage":"ca"},{"@type":"Person","@id":"https:\/\/barcelona.euses.cat\/ca\/#\/schema\/person\/8ab46080dfc4814fa59383db317735bd","name":"Jordi Danes","image":{"@type":"ImageObject","inLanguage":"ca","@id":"https:\/\/secure.gravatar.com\/avatar\/a9e4f443b594af225625ee8cfa665e41b1e0740ea34fbe0515b4ca559f8570ef?s=96&d=mm&r=g","url":"https:\/\/secure.gravatar.com\/avatar\/a9e4f443b594af225625ee8cfa665e41b1e0740ea34fbe0515b4ca559f8570ef?s=96&d=mm&r=g","contentUrl":"https:\/\/secure.gravatar.com\/avatar\/a9e4f443b594af225625ee8cfa665e41b1e0740ea34fbe0515b4ca559f8570ef?s=96&d=mm&r=g","caption":"Jordi Danes"},"url":"https:\/\/barcelona.euses.cat\/ca\/author\/jordi-danes\/"}]}},"_links":{"self":[{"href":"https:\/\/barcelona.euses.cat\/ca\/wp-json\/wp\/v2\/posts\/11224","targetHints":{"allow":["GET"]}}],"collection":[{"href":"https:\/\/barcelona.euses.cat\/ca\/wp-json\/wp\/v2\/posts"}],"about":[{"href":"https:\/\/barcelona.euses.cat\/ca\/wp-json\/wp\/v2\/types\/post"}],"author":[{"embeddable":true,"href":"https:\/\/barcelona.euses.cat\/ca\/wp-json\/wp\/v2\/users\/3"}],"replies":[{"embeddable":true,"href":"https:\/\/barcelona.euses.cat\/ca\/wp-json\/wp\/v2\/comments?post=11224"}],"version-history":[{"count":3,"href":"https:\/\/barcelona.euses.cat\/ca\/wp-json\/wp\/v2\/posts\/11224\/revisions"}],"predecessor-version":[{"id":11241,"href":"https:\/\/barcelona.euses.cat\/ca\/wp-json\/wp\/v2\/posts\/11224\/revisions\/11241"}],"wp:featuredmedia":[{"embeddable":true,"href":"https:\/\/barcelona.euses.cat\/ca\/wp-json\/wp\/v2\/media\/11225"}],"wp:attachment":[{"href":"https:\/\/barcelona.euses.cat\/ca\/wp-json\/wp\/v2\/media?parent=11224"}],"wp:term":[{"taxonomy":"category","embeddable":true,"href":"https:\/\/barcelona.euses.cat\/ca\/wp-json\/wp\/v2\/categories?post=11224"},{"taxonomy":"post_tag","embeddable":true,"href":"https:\/\/barcelona.euses.cat\/ca\/wp-json\/wp\/v2\/tags?post=11224"}],"curies":[{"name":"wp","href":"https:\/\/api.w.org\/{rel}","templated":true}]}}