{"id":11214,"date":"2023-05-23T16:41:04","date_gmt":"2023-05-23T14:41:04","guid":{"rendered":"https:\/\/barcelona.euses.cat\/?p=11214"},"modified":"2023-05-23T16:41:04","modified_gmt":"2023-05-23T14:41:04","slug":"el-fisioterapeuta-dalumni-oscar-rego-supervisa-el-campionat-catala-de-gimnastica-ritmica-a-sant-just-desvern","status":"publish","type":"post","link":"https:\/\/barcelona.euses.cat\/ca\/el-fisioterapeuta-dalumni-oscar-rego-supervisa-el-campionat-catala-de-gimnastica-ritmica-a-sant-just-desvern\/","title":{"rendered":"El fisioterapeuta d\u2019Alumni Oscar Rego supervisa el campionat catal\u00e0 de gimn\u00e0stica r\u00edtmica a Sant Just Desvern"},"content":{"rendered":"<p>L\u2019associat d\u2019EUSES Alumni \u00d2scar Rego ha donat cobertura fisioterap\u00e8utica en el campionat de <a href=\"https:\/\/www.gimcat.com\/competicio.html?prova=1845\">Catalunya individual de gimn\u00e0stica r\u00edtmica<\/a> que s\u2019ha celebrat aquest dissabte a Sant Just Desvern, al Complex Esportiu de la Bonaigua, i que ha estat organitzat per la Federaci\u00f3 Catalana de Gimn\u00e0stica. \u00d2scar Rego ha realitzat les actuacions que han estat necess\u00e0ries (massatges, estiraments, embenatges musculars, valoracions de lesions\u2026) durant la jornada, que s\u2019ha iniciat a les 9 del mat\u00ed i en la qual han competit nombrosos participants en les categories alev\u00ed, benjam\u00ed, infantil, j\u00fanior i s\u00e8nior.<\/p>\n<p>&nbsp;<\/p>\n<p>&nbsp;<\/p>\n","protected":false},"excerpt":{"rendered":"<p>L\u2019associat d\u2019EUSES Alumni \u00d2scar Rego ha donat cobertura fisioterap\u00e8utica en el campionat de Catalunya individual de gimn\u00e0stica r\u00edtmica que s\u2019ha celebrat aquest dissabte a Sant Just Desvern, al Complex Esportiu de la Bonaigua, i que ha estat organitzat per la Federaci\u00f3 Catalana de Gimn\u00e0stica. \u00d2scar Rego ha realitzat les actuacions que han estat necess\u00e0ries (massatges, [&hellip;]<\/p>\n","protected":false},"author":3,"featured_media":11219,"comment_status":"open","ping_status":"closed","sticky":false,"template":"","format":"standard","meta":{"_acf_changed":false,"inline_featured_image":false,"_joinchat":[],"footnotes":""},"categories":[46],"tags":[],"class_list":["post-11214","post","type-post","status-publish","format-standard","has-post-thumbnail","hentry","category-sense-categoria"],"acf":[],"yoast_head":"<!-- This site is optimized with the Yoast SEO plugin v27.4 - https:\/\/yoast.com\/product\/yoast-seo-wordpress\/ -->\n<title>El fisioterapeuta d\u2019Alumni Oscar Rego supervisa el campionat catal\u00e0 de gimn\u00e0stica r\u00edtmica a Sant Just Desvern | EUSES- Campus de Bellvitge (Barcelona)<\/title>\n<meta name=\"robots\" content=\"index, follow, max-snippet:-1, max-image-preview:large, max-video-preview:-1\" \/>\n<link rel=\"canonical\" href=\"https:\/\/barcelona.euses.cat\/ca\/el-fisioterapeuta-dalumni-oscar-rego-supervisa-el-campionat-catala-de-gimnastica-ritmica-a-sant-just-desvern\/\" \/>\n<meta property=\"og:locale\" content=\"ca_ES\" \/>\n<meta property=\"og:type\" content=\"article\" \/>\n<meta property=\"og:title\" content=\"El fisioterapeuta d\u2019Alumni Oscar Rego supervisa el campionat catal\u00e0 de gimn\u00e0stica r\u00edtmica a Sant Just Desvern | EUSES- Campus de Bellvitge (Barcelona)\" \/>\n<meta property=\"og:description\" content=\"L\u2019associat d\u2019EUSES Alumni \u00d2scar Rego ha donat cobertura fisioterap\u00e8utica en el campionat de Catalunya individual de gimn\u00e0stica r\u00edtmica que s\u2019ha celebrat aquest dissabte a Sant Just Desvern, al Complex Esportiu de la Bonaigua, i que ha estat organitzat per la Federaci\u00f3 Catalana de Gimn\u00e0stica. \u00d2scar Rego ha realitzat les actuacions que han estat necess\u00e0ries (massatges, [&hellip;]\" \/>\n<meta property=\"og:url\" content=\"https:\/\/barcelona.euses.cat\/ca\/el-fisioterapeuta-dalumni-oscar-rego-supervisa-el-campionat-catala-de-gimnastica-ritmica-a-sant-just-desvern\/\" \/>\n<meta property=\"og:site_name\" content=\"EUSES- Campus de Bellvitge (Barcelona)\" \/>\n<meta property=\"article:publisher\" content=\"https:\/\/www.facebook.com\/PhysioBCN\/\" \/>\n<meta property=\"article:published_time\" content=\"2023-05-23T14:41:04+00:00\" \/>\n<meta property=\"og:image\" content=\"https:\/\/barcelona.euses.cat\/wp-content\/uploads\/2023\/05\/gimn-scaled.jpg\" \/>\n\t<meta property=\"og:image:width\" content=\"2560\" \/>\n\t<meta property=\"og:image:height\" content=\"1152\" \/>\n\t<meta property=\"og:image:type\" content=\"image\/jpeg\" \/>\n<meta name=\"author\" content=\"Jordi Danes\" \/>\n<meta name=\"twitter:card\" content=\"summary_large_image\" \/>\n<meta name=\"twitter:label1\" content=\"Escrit per\" \/>\n\t<meta name=\"twitter:data1\" content=\"Jordi Danes\" \/>\n\t<meta name=\"twitter:label2\" content=\"Temps estimat de lectura\" \/>\n\t<meta name=\"twitter:data2\" content=\"1 minut\" \/>\n<script type=\"application\/ld+json\" class=\"yoast-schema-graph\">{\"@context\":\"https:\\\/\\\/schema.org\",\"@graph\":[{\"@type\":\"Article\",\"@id\":\"https:\\\/\\\/barcelona.euses.cat\\\/ca\\\/el-fisioterapeuta-dalumni-oscar-rego-supervisa-el-campionat-catala-de-gimnastica-ritmica-a-sant-just-desvern\\\/#article\",\"isPartOf\":{\"@id\":\"https:\\\/\\\/barcelona.euses.cat\\\/ca\\\/el-fisioterapeuta-dalumni-oscar-rego-supervisa-el-campionat-catala-de-gimnastica-ritmica-a-sant-just-desvern\\\/\"},\"author\":{\"name\":\"Jordi Danes\",\"@id\":\"https:\\\/\\\/barcelona.euses.cat\\\/ca\\\/#\\\/schema\\\/person\\\/8ab46080dfc4814fa59383db317735bd\"},\"headline\":\"El fisioterapeuta d\u2019Alumni Oscar Rego supervisa el campionat catal\u00e0 de gimn\u00e0stica r\u00edtmica a Sant Just Desvern\",\"datePublished\":\"2023-05-23T14:41:04+00:00\",\"mainEntityOfPage\":{\"@id\":\"https:\\\/\\\/barcelona.euses.cat\\\/ca\\\/el-fisioterapeuta-dalumni-oscar-rego-supervisa-el-campionat-catala-de-gimnastica-ritmica-a-sant-just-desvern\\\/\"},\"wordCount\":120,\"commentCount\":0,\"image\":{\"@id\":\"https:\\\/\\\/barcelona.euses.cat\\\/ca\\\/el-fisioterapeuta-dalumni-oscar-rego-supervisa-el-campionat-catala-de-gimnastica-ritmica-a-sant-just-desvern\\\/#primaryimage\"},\"thumbnailUrl\":\"https:\\\/\\\/barcelona.euses.cat\\\/wp-content\\\/uploads\\\/2023\\\/05\\\/gimn-scaled.jpg\",\"articleSection\":[\"sense categoria\"],\"inLanguage\":\"ca\"},{\"@type\":\"WebPage\",\"@id\":\"https:\\\/\\\/barcelona.euses.cat\\\/ca\\\/el-fisioterapeuta-dalumni-oscar-rego-supervisa-el-campionat-catala-de-gimnastica-ritmica-a-sant-just-desvern\\\/\",\"url\":\"https:\\\/\\\/barcelona.euses.cat\\\/ca\\\/el-fisioterapeuta-dalumni-oscar-rego-supervisa-el-campionat-catala-de-gimnastica-ritmica-a-sant-just-desvern\\\/\",\"name\":\"El fisioterapeuta d\u2019Alumni Oscar Rego supervisa el campionat catal\u00e0 de gimn\u00e0stica r\u00edtmica a Sant Just Desvern | EUSES- Campus de Bellvitge (Barcelona)\",\"isPartOf\":{\"@id\":\"https:\\\/\\\/barcelona.euses.cat\\\/ca\\\/#website\"},\"primaryImageOfPage\":{\"@id\":\"https:\\\/\\\/barcelona.euses.cat\\\/ca\\\/el-fisioterapeuta-dalumni-oscar-rego-supervisa-el-campionat-catala-de-gimnastica-ritmica-a-sant-just-desvern\\\/#primaryimage\"},\"image\":{\"@id\":\"https:\\\/\\\/barcelona.euses.cat\\\/ca\\\/el-fisioterapeuta-dalumni-oscar-rego-supervisa-el-campionat-catala-de-gimnastica-ritmica-a-sant-just-desvern\\\/#primaryimage\"},\"thumbnailUrl\":\"https:\\\/\\\/barcelona.euses.cat\\\/wp-content\\\/uploads\\\/2023\\\/05\\\/gimn-scaled.jpg\",\"datePublished\":\"2023-05-23T14:41:04+00:00\",\"author\":{\"@id\":\"https:\\\/\\\/barcelona.euses.cat\\\/ca\\\/#\\\/schema\\\/person\\\/8ab46080dfc4814fa59383db317735bd\"},\"breadcrumb\":{\"@id\":\"https:\\\/\\\/barcelona.euses.cat\\\/ca\\\/el-fisioterapeuta-dalumni-oscar-rego-supervisa-el-campionat-catala-de-gimnastica-ritmica-a-sant-just-desvern\\\/#breadcrumb\"},\"inLanguage\":\"ca\",\"potentialAction\":[{\"@type\":\"ReadAction\",\"target\":[\"https:\\\/\\\/barcelona.euses.cat\\\/ca\\\/el-fisioterapeuta-dalumni-oscar-rego-supervisa-el-campionat-catala-de-gimnastica-ritmica-a-sant-just-desvern\\\/\"]}]},{\"@type\":\"ImageObject\",\"inLanguage\":\"ca\",\"@id\":\"https:\\\/\\\/barcelona.euses.cat\\\/ca\\\/el-fisioterapeuta-dalumni-oscar-rego-supervisa-el-campionat-catala-de-gimnastica-ritmica-a-sant-just-desvern\\\/#primaryimage\",\"url\":\"https:\\\/\\\/barcelona.euses.cat\\\/wp-content\\\/uploads\\\/2023\\\/05\\\/gimn-scaled.jpg\",\"contentUrl\":\"https:\\\/\\\/barcelona.euses.cat\\\/wp-content\\\/uploads\\\/2023\\\/05\\\/gimn-scaled.jpg\",\"width\":2560,\"height\":1152},{\"@type\":\"BreadcrumbList\",\"@id\":\"https:\\\/\\\/barcelona.euses.cat\\\/ca\\\/el-fisioterapeuta-dalumni-oscar-rego-supervisa-el-campionat-catala-de-gimnastica-ritmica-a-sant-just-desvern\\\/#breadcrumb\",\"itemListElement\":[{\"@type\":\"ListItem\",\"position\":1,\"name\":\"Portada\",\"item\":\"https:\\\/\\\/barcelona.euses.cat\\\/ca\\\/\"},{\"@type\":\"ListItem\",\"position\":2,\"name\":\"El fisioterapeuta d\u2019Alumni Oscar Rego supervisa el campionat catal\u00e0 de gimn\u00e0stica r\u00edtmica a Sant Just Desvern\"}]},{\"@type\":\"WebSite\",\"@id\":\"https:\\\/\\\/barcelona.euses.cat\\\/ca\\\/#website\",\"url\":\"https:\\\/\\\/barcelona.euses.cat\\\/ca\\\/\",\"name\":\"EUSES - Campus de Bellvitge (Barcelona)\",\"description\":\"EUSES, Escola Universit\u00e0ria de Fisioter\u00e0pia Internacional a Barcelona\",\"potentialAction\":[{\"@type\":\"SearchAction\",\"target\":{\"@type\":\"EntryPoint\",\"urlTemplate\":\"https:\\\/\\\/barcelona.euses.cat\\\/ca\\\/?s={search_term_string}\"},\"query-input\":{\"@type\":\"PropertyValueSpecification\",\"valueRequired\":true,\"valueName\":\"search_term_string\"}}],\"inLanguage\":\"ca\"},{\"@type\":\"Person\",\"@id\":\"https:\\\/\\\/barcelona.euses.cat\\\/ca\\\/#\\\/schema\\\/person\\\/8ab46080dfc4814fa59383db317735bd\",\"name\":\"Jordi Danes\",\"image\":{\"@type\":\"ImageObject\",\"inLanguage\":\"ca\",\"@id\":\"https:\\\/\\\/secure.gravatar.com\\\/avatar\\\/a9e4f443b594af225625ee8cfa665e41b1e0740ea34fbe0515b4ca559f8570ef?s=96&d=mm&r=g\",\"url\":\"https:\\\/\\\/secure.gravatar.com\\\/avatar\\\/a9e4f443b594af225625ee8cfa665e41b1e0740ea34fbe0515b4ca559f8570ef?s=96&d=mm&r=g\",\"contentUrl\":\"https:\\\/\\\/secure.gravatar.com\\\/avatar\\\/a9e4f443b594af225625ee8cfa665e41b1e0740ea34fbe0515b4ca559f8570ef?s=96&d=mm&r=g\",\"caption\":\"Jordi Danes\"},\"url\":\"https:\\\/\\\/barcelona.euses.cat\\\/ca\\\/author\\\/jordi-danes\\\/\"}]}<\/script>\n<!-- \/ Yoast SEO plugin. -->","yoast_head_json":{"title":"El fisioterapeuta d\u2019Alumni Oscar Rego supervisa el campionat catal\u00e0 de gimn\u00e0stica r\u00edtmica a Sant Just Desvern | EUSES- Campus de Bellvitge (Barcelona)","robots":{"index":"index","follow":"follow","max-snippet":"max-snippet:-1","max-image-preview":"max-image-preview:large","max-video-preview":"max-video-preview:-1"},"canonical":"https:\/\/barcelona.euses.cat\/ca\/el-fisioterapeuta-dalumni-oscar-rego-supervisa-el-campionat-catala-de-gimnastica-ritmica-a-sant-just-desvern\/","og_locale":"ca_ES","og_type":"article","og_title":"El fisioterapeuta d\u2019Alumni Oscar Rego supervisa el campionat catal\u00e0 de gimn\u00e0stica r\u00edtmica a Sant Just Desvern | EUSES- Campus de Bellvitge (Barcelona)","og_description":"L\u2019associat d\u2019EUSES Alumni \u00d2scar Rego ha donat cobertura fisioterap\u00e8utica en el campionat de Catalunya individual de gimn\u00e0stica r\u00edtmica que s\u2019ha celebrat aquest dissabte a Sant Just Desvern, al Complex Esportiu de la Bonaigua, i que ha estat organitzat per la Federaci\u00f3 Catalana de Gimn\u00e0stica. \u00d2scar Rego ha realitzat les actuacions que han estat necess\u00e0ries (massatges, [&hellip;]","og_url":"https:\/\/barcelona.euses.cat\/ca\/el-fisioterapeuta-dalumni-oscar-rego-supervisa-el-campionat-catala-de-gimnastica-ritmica-a-sant-just-desvern\/","og_site_name":"EUSES- Campus de Bellvitge (Barcelona)","article_publisher":"https:\/\/www.facebook.com\/PhysioBCN\/","article_published_time":"2023-05-23T14:41:04+00:00","og_image":[{"width":2560,"height":1152,"url":"https:\/\/barcelona.euses.cat\/wp-content\/uploads\/2023\/05\/gimn-scaled.jpg","type":"image\/jpeg"}],"author":"Jordi Danes","twitter_card":"summary_large_image","twitter_misc":{"Escrit per":"Jordi Danes","Temps estimat de lectura":"1 minut"},"schema":{"@context":"https:\/\/schema.org","@graph":[{"@type":"Article","@id":"https:\/\/barcelona.euses.cat\/ca\/el-fisioterapeuta-dalumni-oscar-rego-supervisa-el-campionat-catala-de-gimnastica-ritmica-a-sant-just-desvern\/#article","isPartOf":{"@id":"https:\/\/barcelona.euses.cat\/ca\/el-fisioterapeuta-dalumni-oscar-rego-supervisa-el-campionat-catala-de-gimnastica-ritmica-a-sant-just-desvern\/"},"author":{"name":"Jordi Danes","@id":"https:\/\/barcelona.euses.cat\/ca\/#\/schema\/person\/8ab46080dfc4814fa59383db317735bd"},"headline":"El fisioterapeuta d\u2019Alumni Oscar Rego supervisa el campionat catal\u00e0 de gimn\u00e0stica r\u00edtmica a Sant Just Desvern","datePublished":"2023-05-23T14:41:04+00:00","mainEntityOfPage":{"@id":"https:\/\/barcelona.euses.cat\/ca\/el-fisioterapeuta-dalumni-oscar-rego-supervisa-el-campionat-catala-de-gimnastica-ritmica-a-sant-just-desvern\/"},"wordCount":120,"commentCount":0,"image":{"@id":"https:\/\/barcelona.euses.cat\/ca\/el-fisioterapeuta-dalumni-oscar-rego-supervisa-el-campionat-catala-de-gimnastica-ritmica-a-sant-just-desvern\/#primaryimage"},"thumbnailUrl":"https:\/\/barcelona.euses.cat\/wp-content\/uploads\/2023\/05\/gimn-scaled.jpg","articleSection":["sense categoria"],"inLanguage":"ca"},{"@type":"WebPage","@id":"https:\/\/barcelona.euses.cat\/ca\/el-fisioterapeuta-dalumni-oscar-rego-supervisa-el-campionat-catala-de-gimnastica-ritmica-a-sant-just-desvern\/","url":"https:\/\/barcelona.euses.cat\/ca\/el-fisioterapeuta-dalumni-oscar-rego-supervisa-el-campionat-catala-de-gimnastica-ritmica-a-sant-just-desvern\/","name":"El fisioterapeuta d\u2019Alumni Oscar Rego supervisa el campionat catal\u00e0 de gimn\u00e0stica r\u00edtmica a Sant Just Desvern | EUSES- Campus de Bellvitge (Barcelona)","isPartOf":{"@id":"https:\/\/barcelona.euses.cat\/ca\/#website"},"primaryImageOfPage":{"@id":"https:\/\/barcelona.euses.cat\/ca\/el-fisioterapeuta-dalumni-oscar-rego-supervisa-el-campionat-catala-de-gimnastica-ritmica-a-sant-just-desvern\/#primaryimage"},"image":{"@id":"https:\/\/barcelona.euses.cat\/ca\/el-fisioterapeuta-dalumni-oscar-rego-supervisa-el-campionat-catala-de-gimnastica-ritmica-a-sant-just-desvern\/#primaryimage"},"thumbnailUrl":"https:\/\/barcelona.euses.cat\/wp-content\/uploads\/2023\/05\/gimn-scaled.jpg","datePublished":"2023-05-23T14:41:04+00:00","author":{"@id":"https:\/\/barcelona.euses.cat\/ca\/#\/schema\/person\/8ab46080dfc4814fa59383db317735bd"},"breadcrumb":{"@id":"https:\/\/barcelona.euses.cat\/ca\/el-fisioterapeuta-dalumni-oscar-rego-supervisa-el-campionat-catala-de-gimnastica-ritmica-a-sant-just-desvern\/#breadcrumb"},"inLanguage":"ca","potentialAction":[{"@type":"ReadAction","target":["https:\/\/barcelona.euses.cat\/ca\/el-fisioterapeuta-dalumni-oscar-rego-supervisa-el-campionat-catala-de-gimnastica-ritmica-a-sant-just-desvern\/"]}]},{"@type":"ImageObject","inLanguage":"ca","@id":"https:\/\/barcelona.euses.cat\/ca\/el-fisioterapeuta-dalumni-oscar-rego-supervisa-el-campionat-catala-de-gimnastica-ritmica-a-sant-just-desvern\/#primaryimage","url":"https:\/\/barcelona.euses.cat\/wp-content\/uploads\/2023\/05\/gimn-scaled.jpg","contentUrl":"https:\/\/barcelona.euses.cat\/wp-content\/uploads\/2023\/05\/gimn-scaled.jpg","width":2560,"height":1152},{"@type":"BreadcrumbList","@id":"https:\/\/barcelona.euses.cat\/ca\/el-fisioterapeuta-dalumni-oscar-rego-supervisa-el-campionat-catala-de-gimnastica-ritmica-a-sant-just-desvern\/#breadcrumb","itemListElement":[{"@type":"ListItem","position":1,"name":"Portada","item":"https:\/\/barcelona.euses.cat\/ca\/"},{"@type":"ListItem","position":2,"name":"El fisioterapeuta d\u2019Alumni Oscar Rego supervisa el campionat catal\u00e0 de gimn\u00e0stica r\u00edtmica a Sant Just Desvern"}]},{"@type":"WebSite","@id":"https:\/\/barcelona.euses.cat\/ca\/#website","url":"https:\/\/barcelona.euses.cat\/ca\/","name":"EUSES - Campus de Bellvitge (Barcelona)","description":"EUSES, Escola Universit\u00e0ria de Fisioter\u00e0pia Internacional a Barcelona","potentialAction":[{"@type":"SearchAction","target":{"@type":"EntryPoint","urlTemplate":"https:\/\/barcelona.euses.cat\/ca\/?s={search_term_string}"},"query-input":{"@type":"PropertyValueSpecification","valueRequired":true,"valueName":"search_term_string"}}],"inLanguage":"ca"},{"@type":"Person","@id":"https:\/\/barcelona.euses.cat\/ca\/#\/schema\/person\/8ab46080dfc4814fa59383db317735bd","name":"Jordi Danes","image":{"@type":"ImageObject","inLanguage":"ca","@id":"https:\/\/secure.gravatar.com\/avatar\/a9e4f443b594af225625ee8cfa665e41b1e0740ea34fbe0515b4ca559f8570ef?s=96&d=mm&r=g","url":"https:\/\/secure.gravatar.com\/avatar\/a9e4f443b594af225625ee8cfa665e41b1e0740ea34fbe0515b4ca559f8570ef?s=96&d=mm&r=g","contentUrl":"https:\/\/secure.gravatar.com\/avatar\/a9e4f443b594af225625ee8cfa665e41b1e0740ea34fbe0515b4ca559f8570ef?s=96&d=mm&r=g","caption":"Jordi Danes"},"url":"https:\/\/barcelona.euses.cat\/ca\/author\/jordi-danes\/"}]}},"_links":{"self":[{"href":"https:\/\/barcelona.euses.cat\/ca\/wp-json\/wp\/v2\/posts\/11214","targetHints":{"allow":["GET"]}}],"collection":[{"href":"https:\/\/barcelona.euses.cat\/ca\/wp-json\/wp\/v2\/posts"}],"about":[{"href":"https:\/\/barcelona.euses.cat\/ca\/wp-json\/wp\/v2\/types\/post"}],"author":[{"embeddable":true,"href":"https:\/\/barcelona.euses.cat\/ca\/wp-json\/wp\/v2\/users\/3"}],"replies":[{"embeddable":true,"href":"https:\/\/barcelona.euses.cat\/ca\/wp-json\/wp\/v2\/comments?post=11214"}],"version-history":[{"count":2,"href":"https:\/\/barcelona.euses.cat\/ca\/wp-json\/wp\/v2\/posts\/11214\/revisions"}],"predecessor-version":[{"id":11218,"href":"https:\/\/barcelona.euses.cat\/ca\/wp-json\/wp\/v2\/posts\/11214\/revisions\/11218"}],"wp:featuredmedia":[{"embeddable":true,"href":"https:\/\/barcelona.euses.cat\/ca\/wp-json\/wp\/v2\/media\/11219"}],"wp:attachment":[{"href":"https:\/\/barcelona.euses.cat\/ca\/wp-json\/wp\/v2\/media?parent=11214"}],"wp:term":[{"taxonomy":"category","embeddable":true,"href":"https:\/\/barcelona.euses.cat\/ca\/wp-json\/wp\/v2\/categories?post=11214"},{"taxonomy":"post_tag","embeddable":true,"href":"https:\/\/barcelona.euses.cat\/ca\/wp-json\/wp\/v2\/tags?post=11214"}],"curies":[{"name":"wp","href":"https:\/\/api.w.org\/{rel}","templated":true}]}}