{"id":11156,"date":"2023-04-26T09:38:01","date_gmt":"2023-04-26T07:38:01","guid":{"rendered":"https:\/\/barcelona.euses.cat\/?p=11156"},"modified":"2023-04-26T09:38:01","modified_gmt":"2023-04-26T07:38:01","slug":"la-3a-edicio-del-talent-day-de-leuses-bat-records-de-clubs-empreses-entitats-col%c2%b7laboradores-i-ofertes-de-treball","status":"publish","type":"post","link":"https:\/\/barcelona.euses.cat\/ca\/la-3a-edicio-del-talent-day-de-leuses-bat-records-de-clubs-empreses-entitats-col%c2%b7laboradores-i-ofertes-de-treball\/","title":{"rendered":"La 3\u00aa edici\u00f3 del Talent Day de l\u2019EUSES bat r\u00e8cords de clubs, empreses, entitats col\u00b7laboradores i ofertes de treball"},"content":{"rendered":"<p>Per tercer any consecutiu, la Fira Virtual de l\u2019Ocupaci\u00f3 i Orientaci\u00f3 Professional de l\u2019Escola Universit\u00e0ria de la Salut i l\u2019Esport va millorar els n\u00fameros de les passades edicions i va tancar l\u2019esdeveniment amb unes xifres \u00f2ptimes (40 estands entre clubs, empreses i entitats col\u00b7laboradores, i m\u00e9s de 230 ofertes de treball) que fan pensar que el \u201cTalent Day\u201d ja s\u2019ha convertit en un dels principals actius de l\u2019EUSES Alumni i en una eina imprescindible per als seus associats \u00a0(tant del Grau en Fisioter\u00e0pia com en el de CAFE) en l\u2019objectiu d\u2019endinsar-se en el mercat laboral despr\u00e9s de la graduaci\u00f3.<\/p>\n<p>El Talent Day, que s\u2019ha desenvolupat amb molta agilitat (virtualment i presencialment) aquest dilluns 24 i el dimarts 25 d\u2019abril, ha perm\u00e8s a tota la comunitat de l\u2019EUSES (principalment als Alumnis i als estudiants de 4t curs dels Campus de Salt, Terres de l&#8217;Ebre i Bellvitge) accedir a totes les confer\u00e8ncies i taules rodones que l\u2019organitzaci\u00f3 ha dissenyat, per\u00f2 tamb\u00e9 visitar la quarantena d\u2019estands on empreses i centres, tant del pa\u00eds com de l\u2019estranger, s\u2019han donat a con\u00e8ixer i han presentat ofertes de treball. Precisament, aquestes ofertes han estat el dest\u00ed m\u00e9s concorregut per part dels estudiants, que han pogut presentar curr\u00edculums i realitzar entrevistes de treball per videoconfer\u00e8ncia.<\/p>\n<p>A banda de les ofertes de treball, cal destacar les pon\u00e8ncies i tres taules rodones que EUSES Alumni ha organitzat. Totes han estat relacionades pensant en el futur immediat dels seus graduats. De fet, l\u2019Escola Universit\u00e0ria de la Salut i l\u2019Esport es un dels centres on la inserci\u00f3 laboral dels seus graduats supera el 95%, cosa que consolida el centre com una de les plataformes m\u00e9s fiables de cares a fer el salt del m\u00f3n educatiu al professional.<\/p>\n\n\t\t<style type=\"text\/css\">\n\t\t\t#gallery-1 {\n\t\t\t\tmargin: auto;\n\t\t\t}\n\t\t\t#gallery-1 .gallery-item {\n\t\t\t\tfloat: left;\n\t\t\t\tmargin-top: 10px;\n\t\t\t\ttext-align: center;\n\t\t\t\twidth: 33%;\n\t\t\t}\n\t\t\t#gallery-1 img {\n\t\t\t\tborder: 2px solid #cfcfcf;\n\t\t\t}\n\t\t\t#gallery-1 .gallery-caption {\n\t\t\t\tmargin-left: 0;\n\t\t\t}\n\t\t\t\/* see gallery_shortcode() in wp-includes\/media.php *\/\n\t\t<\/style>\n\t\t<div id='gallery-1' class='gallery galleryid-11156 gallery-columns-3 gallery-size-medium'><dl class='gallery-item'>\n\t\t\t<dt class='gallery-icon landscape'>\n\t\t\t\t<a href='https:\/\/barcelona.euses.cat\/ca\/la-3a-edicio-del-talent-day-de-leuses-bat-records-de-clubs-empreses-entitats-col%c2%b7laboradores-i-ofertes-de-treball\/talent-day-2023-6\/'><img fetchpriority=\"high\" decoding=\"async\" width=\"300\" height=\"225\" src=\"https:\/\/barcelona.euses.cat\/wp-content\/uploads\/2023\/04\/talent-day-2023-6-300x225.jpg\" class=\"attachment-medium size-medium\" alt=\"\" srcset=\"https:\/\/barcelona.euses.cat\/wp-content\/uploads\/2023\/04\/talent-day-2023-6-300x225.jpg 300w, https:\/\/barcelona.euses.cat\/wp-content\/uploads\/2023\/04\/talent-day-2023-6-1024x768.jpg 1024w, https:\/\/barcelona.euses.cat\/wp-content\/uploads\/2023\/04\/talent-day-2023-6-768x576.jpg 768w, https:\/\/barcelona.euses.cat\/wp-content\/uploads\/2023\/04\/talent-day-2023-6-1536x1152.jpg 1536w, https:\/\/barcelona.euses.cat\/wp-content\/uploads\/2023\/04\/talent-day-2023-6-2048x1536.jpg 2048w, https:\/\/barcelona.euses.cat\/wp-content\/uploads\/2023\/04\/talent-day-2023-6-267x200.jpg 267w, https:\/\/barcelona.euses.cat\/wp-content\/uploads\/2023\/04\/talent-day-2023-6-700x525.jpg 700w\" sizes=\"(max-width: 300px) 100vw, 300px\" \/><\/a>\n\t\t\t<\/dt><\/dl><dl class='gallery-item'>\n\t\t\t<dt class='gallery-icon landscape'>\n\t\t\t\t<a href='https:\/\/barcelona.euses.cat\/ca\/la-3a-edicio-del-talent-day-de-leuses-bat-records-de-clubs-empreses-entitats-col%c2%b7laboradores-i-ofertes-de-treball\/talent-day-2023-11\/'><img decoding=\"async\" width=\"300\" height=\"169\" src=\"https:\/\/barcelona.euses.cat\/wp-content\/uploads\/2023\/04\/talent-day-2023-11-300x169.jpg\" class=\"attachment-medium size-medium\" alt=\"\" srcset=\"https:\/\/barcelona.euses.cat\/wp-content\/uploads\/2023\/04\/talent-day-2023-11-300x169.jpg 300w, https:\/\/barcelona.euses.cat\/wp-content\/uploads\/2023\/04\/talent-day-2023-11-1024x576.jpg 1024w, https:\/\/barcelona.euses.cat\/wp-content\/uploads\/2023\/04\/talent-day-2023-11-768x432.jpg 768w, https:\/\/barcelona.euses.cat\/wp-content\/uploads\/2023\/04\/talent-day-2023-11-1536x864.jpg 1536w, https:\/\/barcelona.euses.cat\/wp-content\/uploads\/2023\/04\/talent-day-2023-11-350x197.jpg 350w, https:\/\/barcelona.euses.cat\/wp-content\/uploads\/2023\/04\/talent-day-2023-11.jpg 1920w\" sizes=\"(max-width: 300px) 100vw, 300px\" \/><\/a>\n\t\t\t<\/dt><\/dl><dl class='gallery-item'>\n\t\t\t<dt class='gallery-icon landscape'>\n\t\t\t\t<a href='https:\/\/barcelona.euses.cat\/ca\/la-3a-edicio-del-talent-day-de-leuses-bat-records-de-clubs-empreses-entitats-col%c2%b7laboradores-i-ofertes-de-treball\/talent-day-2023-12\/'><img decoding=\"async\" width=\"300\" height=\"232\" src=\"https:\/\/barcelona.euses.cat\/wp-content\/uploads\/2023\/04\/talent-day-2023-12-300x232.jpg\" class=\"attachment-medium size-medium\" alt=\"\" srcset=\"https:\/\/barcelona.euses.cat\/wp-content\/uploads\/2023\/04\/talent-day-2023-12-300x232.jpg 300w, https:\/\/barcelona.euses.cat\/wp-content\/uploads\/2023\/04\/talent-day-2023-12-1024x793.jpg 1024w, https:\/\/barcelona.euses.cat\/wp-content\/uploads\/2023\/04\/talent-day-2023-12-768x594.jpg 768w, https:\/\/barcelona.euses.cat\/wp-content\/uploads\/2023\/04\/talent-day-2023-12-258x200.jpg 258w, https:\/\/barcelona.euses.cat\/wp-content\/uploads\/2023\/04\/talent-day-2023-12.jpg 1071w\" sizes=\"(max-width: 300px) 100vw, 300px\" \/><\/a>\n\t\t\t<\/dt><\/dl><br style=\"clear: both\" \/>\n\t\t<\/div>\n\n","protected":false},"excerpt":{"rendered":"<p>Per tercer any consecutiu, la Fira Virtual de l\u2019Ocupaci\u00f3 i Orientaci\u00f3 Professional de l\u2019Escola Universit\u00e0ria de la Salut i l\u2019Esport va millorar els n\u00fameros de les passades edicions i va tancar l\u2019esdeveniment amb unes xifres \u00f2ptimes (40 estands entre clubs, empreses i entitats col\u00b7laboradores, i m\u00e9s de 230 ofertes de treball) que fan pensar que [&hellip;]<\/p>\n","protected":false},"author":3,"featured_media":11161,"comment_status":"open","ping_status":"closed","sticky":false,"template":"","format":"standard","meta":{"_acf_changed":false,"inline_featured_image":false,"_joinchat":[],"footnotes":""},"categories":[46],"tags":[],"class_list":["post-11156","post","type-post","status-publish","format-standard","has-post-thumbnail","hentry","category-sense-categoria"],"acf":[],"yoast_head":"<!-- This site is optimized with the Yoast SEO plugin v27.4 - https:\/\/yoast.com\/product\/yoast-seo-wordpress\/ -->\n<title>La 3\u00aa edici\u00f3 del Talent Day de l\u2019EUSES bat r\u00e8cords de clubs, empreses, entitats col\u00b7laboradores i ofertes de treball | EUSES- Campus de Bellvitge (Barcelona)<\/title>\n<meta name=\"robots\" content=\"index, follow, max-snippet:-1, max-image-preview:large, max-video-preview:-1\" \/>\n<link rel=\"canonical\" href=\"https:\/\/barcelona.euses.cat\/ca\/la-3a-edicio-del-talent-day-de-leuses-bat-records-de-clubs-empreses-entitats-col\u00b7laboradores-i-ofertes-de-treball\/\" \/>\n<meta property=\"og:locale\" content=\"ca_ES\" \/>\n<meta property=\"og:type\" content=\"article\" \/>\n<meta property=\"og:title\" content=\"La 3\u00aa edici\u00f3 del Talent Day de l\u2019EUSES bat r\u00e8cords de clubs, empreses, entitats col\u00b7laboradores i ofertes de treball | EUSES- Campus de Bellvitge (Barcelona)\" \/>\n<meta property=\"og:description\" content=\"Per tercer any consecutiu, la Fira Virtual de l\u2019Ocupaci\u00f3 i Orientaci\u00f3 Professional de l\u2019Escola Universit\u00e0ria de la Salut i l\u2019Esport va millorar els n\u00fameros de les passades edicions i va tancar l\u2019esdeveniment amb unes xifres \u00f2ptimes (40 estands entre clubs, empreses i entitats col\u00b7laboradores, i m\u00e9s de 230 ofertes de treball) que fan pensar que [&hellip;]\" \/>\n<meta property=\"og:url\" content=\"https:\/\/barcelona.euses.cat\/ca\/la-3a-edicio-del-talent-day-de-leuses-bat-records-de-clubs-empreses-entitats-col\u00b7laboradores-i-ofertes-de-treball\/\" \/>\n<meta property=\"og:site_name\" content=\"EUSES- Campus de Bellvitge (Barcelona)\" \/>\n<meta property=\"article:publisher\" content=\"https:\/\/www.facebook.com\/PhysioBCN\/\" \/>\n<meta property=\"article:published_time\" content=\"2023-04-26T07:38:01+00:00\" \/>\n<meta property=\"og:image\" content=\"https:\/\/barcelona.euses.cat\/wp-content\/uploads\/2023\/04\/talent-day-2023-4-scaled.jpg\" \/>\n\t<meta property=\"og:image:width\" content=\"2560\" \/>\n\t<meta property=\"og:image:height\" content=\"1920\" \/>\n\t<meta property=\"og:image:type\" content=\"image\/jpeg\" \/>\n<meta name=\"author\" content=\"Jordi Danes\" \/>\n<meta name=\"twitter:card\" content=\"summary_large_image\" \/>\n<meta name=\"twitter:label1\" content=\"Escrit per\" \/>\n\t<meta name=\"twitter:data1\" content=\"Jordi Danes\" \/>\n\t<meta name=\"twitter:label2\" content=\"Temps estimat de lectura\" \/>\n\t<meta name=\"twitter:data2\" content=\"2 minuts\" \/>\n<script type=\"application\/ld+json\" class=\"yoast-schema-graph\">{\"@context\":\"https:\\\/\\\/schema.org\",\"@graph\":[{\"@type\":\"Article\",\"@id\":\"https:\\\/\\\/barcelona.euses.cat\\\/ca\\\/la-3a-edicio-del-talent-day-de-leuses-bat-records-de-clubs-empreses-entitats-col%c2%b7laboradores-i-ofertes-de-treball\\\/#article\",\"isPartOf\":{\"@id\":\"https:\\\/\\\/barcelona.euses.cat\\\/ca\\\/la-3a-edicio-del-talent-day-de-leuses-bat-records-de-clubs-empreses-entitats-col%c2%b7laboradores-i-ofertes-de-treball\\\/\"},\"author\":{\"name\":\"Jordi Danes\",\"@id\":\"https:\\\/\\\/barcelona.euses.cat\\\/ca\\\/#\\\/schema\\\/person\\\/8ab46080dfc4814fa59383db317735bd\"},\"headline\":\"La 3\u00aa edici\u00f3 del Talent Day de l\u2019EUSES bat r\u00e8cords de clubs, empreses, entitats col\u00b7laboradores i ofertes de treball\",\"datePublished\":\"2023-04-26T07:38:01+00:00\",\"mainEntityOfPage\":{\"@id\":\"https:\\\/\\\/barcelona.euses.cat\\\/ca\\\/la-3a-edicio-del-talent-day-de-leuses-bat-records-de-clubs-empreses-entitats-col%c2%b7laboradores-i-ofertes-de-treball\\\/\"},\"wordCount\":341,\"commentCount\":0,\"image\":{\"@id\":\"https:\\\/\\\/barcelona.euses.cat\\\/ca\\\/la-3a-edicio-del-talent-day-de-leuses-bat-records-de-clubs-empreses-entitats-col%c2%b7laboradores-i-ofertes-de-treball\\\/#primaryimage\"},\"thumbnailUrl\":\"https:\\\/\\\/barcelona.euses.cat\\\/wp-content\\\/uploads\\\/2023\\\/04\\\/talent-day-2023-4-scaled.jpg\",\"articleSection\":[\"sense categoria\"],\"inLanguage\":\"ca\"},{\"@type\":\"WebPage\",\"@id\":\"https:\\\/\\\/barcelona.euses.cat\\\/ca\\\/la-3a-edicio-del-talent-day-de-leuses-bat-records-de-clubs-empreses-entitats-col%c2%b7laboradores-i-ofertes-de-treball\\\/\",\"url\":\"https:\\\/\\\/barcelona.euses.cat\\\/ca\\\/la-3a-edicio-del-talent-day-de-leuses-bat-records-de-clubs-empreses-entitats-col%c2%b7laboradores-i-ofertes-de-treball\\\/\",\"name\":\"La 3\u00aa edici\u00f3 del Talent Day de l\u2019EUSES bat r\u00e8cords de clubs, empreses, entitats col\u00b7laboradores i ofertes de treball | EUSES- Campus de Bellvitge (Barcelona)\",\"isPartOf\":{\"@id\":\"https:\\\/\\\/barcelona.euses.cat\\\/ca\\\/#website\"},\"primaryImageOfPage\":{\"@id\":\"https:\\\/\\\/barcelona.euses.cat\\\/ca\\\/la-3a-edicio-del-talent-day-de-leuses-bat-records-de-clubs-empreses-entitats-col%c2%b7laboradores-i-ofertes-de-treball\\\/#primaryimage\"},\"image\":{\"@id\":\"https:\\\/\\\/barcelona.euses.cat\\\/ca\\\/la-3a-edicio-del-talent-day-de-leuses-bat-records-de-clubs-empreses-entitats-col%c2%b7laboradores-i-ofertes-de-treball\\\/#primaryimage\"},\"thumbnailUrl\":\"https:\\\/\\\/barcelona.euses.cat\\\/wp-content\\\/uploads\\\/2023\\\/04\\\/talent-day-2023-4-scaled.jpg\",\"datePublished\":\"2023-04-26T07:38:01+00:00\",\"author\":{\"@id\":\"https:\\\/\\\/barcelona.euses.cat\\\/ca\\\/#\\\/schema\\\/person\\\/8ab46080dfc4814fa59383db317735bd\"},\"breadcrumb\":{\"@id\":\"https:\\\/\\\/barcelona.euses.cat\\\/ca\\\/la-3a-edicio-del-talent-day-de-leuses-bat-records-de-clubs-empreses-entitats-col%c2%b7laboradores-i-ofertes-de-treball\\\/#breadcrumb\"},\"inLanguage\":\"ca\",\"potentialAction\":[{\"@type\":\"ReadAction\",\"target\":[\"https:\\\/\\\/barcelona.euses.cat\\\/ca\\\/la-3a-edicio-del-talent-day-de-leuses-bat-records-de-clubs-empreses-entitats-col%c2%b7laboradores-i-ofertes-de-treball\\\/\"]}]},{\"@type\":\"ImageObject\",\"inLanguage\":\"ca\",\"@id\":\"https:\\\/\\\/barcelona.euses.cat\\\/ca\\\/la-3a-edicio-del-talent-day-de-leuses-bat-records-de-clubs-empreses-entitats-col%c2%b7laboradores-i-ofertes-de-treball\\\/#primaryimage\",\"url\":\"https:\\\/\\\/barcelona.euses.cat\\\/wp-content\\\/uploads\\\/2023\\\/04\\\/talent-day-2023-4-scaled.jpg\",\"contentUrl\":\"https:\\\/\\\/barcelona.euses.cat\\\/wp-content\\\/uploads\\\/2023\\\/04\\\/talent-day-2023-4-scaled.jpg\",\"width\":2560,\"height\":1920},{\"@type\":\"BreadcrumbList\",\"@id\":\"https:\\\/\\\/barcelona.euses.cat\\\/ca\\\/la-3a-edicio-del-talent-day-de-leuses-bat-records-de-clubs-empreses-entitats-col%c2%b7laboradores-i-ofertes-de-treball\\\/#breadcrumb\",\"itemListElement\":[{\"@type\":\"ListItem\",\"position\":1,\"name\":\"Portada\",\"item\":\"https:\\\/\\\/barcelona.euses.cat\\\/ca\\\/\"},{\"@type\":\"ListItem\",\"position\":2,\"name\":\"La 3\u00aa edici\u00f3 del Talent Day de l\u2019EUSES bat r\u00e8cords de clubs, empreses, entitats col\u00b7laboradores i ofertes de treball\"}]},{\"@type\":\"WebSite\",\"@id\":\"https:\\\/\\\/barcelona.euses.cat\\\/ca\\\/#website\",\"url\":\"https:\\\/\\\/barcelona.euses.cat\\\/ca\\\/\",\"name\":\"EUSES - Campus de Bellvitge (Barcelona)\",\"description\":\"EUSES, Escola Universit\u00e0ria de Fisioter\u00e0pia Internacional a Barcelona\",\"potentialAction\":[{\"@type\":\"SearchAction\",\"target\":{\"@type\":\"EntryPoint\",\"urlTemplate\":\"https:\\\/\\\/barcelona.euses.cat\\\/ca\\\/?s={search_term_string}\"},\"query-input\":{\"@type\":\"PropertyValueSpecification\",\"valueRequired\":true,\"valueName\":\"search_term_string\"}}],\"inLanguage\":\"ca\"},{\"@type\":\"Person\",\"@id\":\"https:\\\/\\\/barcelona.euses.cat\\\/ca\\\/#\\\/schema\\\/person\\\/8ab46080dfc4814fa59383db317735bd\",\"name\":\"Jordi Danes\",\"image\":{\"@type\":\"ImageObject\",\"inLanguage\":\"ca\",\"@id\":\"https:\\\/\\\/secure.gravatar.com\\\/avatar\\\/a9e4f443b594af225625ee8cfa665e41b1e0740ea34fbe0515b4ca559f8570ef?s=96&d=mm&r=g\",\"url\":\"https:\\\/\\\/secure.gravatar.com\\\/avatar\\\/a9e4f443b594af225625ee8cfa665e41b1e0740ea34fbe0515b4ca559f8570ef?s=96&d=mm&r=g\",\"contentUrl\":\"https:\\\/\\\/secure.gravatar.com\\\/avatar\\\/a9e4f443b594af225625ee8cfa665e41b1e0740ea34fbe0515b4ca559f8570ef?s=96&d=mm&r=g\",\"caption\":\"Jordi Danes\"},\"url\":\"https:\\\/\\\/barcelona.euses.cat\\\/ca\\\/author\\\/jordi-danes\\\/\"}]}<\/script>\n<!-- \/ Yoast SEO plugin. -->","yoast_head_json":{"title":"La 3\u00aa edici\u00f3 del Talent Day de l\u2019EUSES bat r\u00e8cords de clubs, empreses, entitats col\u00b7laboradores i ofertes de treball | EUSES- Campus de Bellvitge (Barcelona)","robots":{"index":"index","follow":"follow","max-snippet":"max-snippet:-1","max-image-preview":"max-image-preview:large","max-video-preview":"max-video-preview:-1"},"canonical":"https:\/\/barcelona.euses.cat\/ca\/la-3a-edicio-del-talent-day-de-leuses-bat-records-de-clubs-empreses-entitats-col\u00b7laboradores-i-ofertes-de-treball\/","og_locale":"ca_ES","og_type":"article","og_title":"La 3\u00aa edici\u00f3 del Talent Day de l\u2019EUSES bat r\u00e8cords de clubs, empreses, entitats col\u00b7laboradores i ofertes de treball | EUSES- Campus de Bellvitge (Barcelona)","og_description":"Per tercer any consecutiu, la Fira Virtual de l\u2019Ocupaci\u00f3 i Orientaci\u00f3 Professional de l\u2019Escola Universit\u00e0ria de la Salut i l\u2019Esport va millorar els n\u00fameros de les passades edicions i va tancar l\u2019esdeveniment amb unes xifres \u00f2ptimes (40 estands entre clubs, empreses i entitats col\u00b7laboradores, i m\u00e9s de 230 ofertes de treball) que fan pensar que [&hellip;]","og_url":"https:\/\/barcelona.euses.cat\/ca\/la-3a-edicio-del-talent-day-de-leuses-bat-records-de-clubs-empreses-entitats-col\u00b7laboradores-i-ofertes-de-treball\/","og_site_name":"EUSES- Campus de Bellvitge (Barcelona)","article_publisher":"https:\/\/www.facebook.com\/PhysioBCN\/","article_published_time":"2023-04-26T07:38:01+00:00","og_image":[{"width":2560,"height":1920,"url":"https:\/\/barcelona.euses.cat\/wp-content\/uploads\/2023\/04\/talent-day-2023-4-scaled.jpg","type":"image\/jpeg"}],"author":"Jordi Danes","twitter_card":"summary_large_image","twitter_misc":{"Escrit per":"Jordi Danes","Temps estimat de lectura":"2 minuts"},"schema":{"@context":"https:\/\/schema.org","@graph":[{"@type":"Article","@id":"https:\/\/barcelona.euses.cat\/ca\/la-3a-edicio-del-talent-day-de-leuses-bat-records-de-clubs-empreses-entitats-col%c2%b7laboradores-i-ofertes-de-treball\/#article","isPartOf":{"@id":"https:\/\/barcelona.euses.cat\/ca\/la-3a-edicio-del-talent-day-de-leuses-bat-records-de-clubs-empreses-entitats-col%c2%b7laboradores-i-ofertes-de-treball\/"},"author":{"name":"Jordi Danes","@id":"https:\/\/barcelona.euses.cat\/ca\/#\/schema\/person\/8ab46080dfc4814fa59383db317735bd"},"headline":"La 3\u00aa edici\u00f3 del Talent Day de l\u2019EUSES bat r\u00e8cords de clubs, empreses, entitats col\u00b7laboradores i ofertes de treball","datePublished":"2023-04-26T07:38:01+00:00","mainEntityOfPage":{"@id":"https:\/\/barcelona.euses.cat\/ca\/la-3a-edicio-del-talent-day-de-leuses-bat-records-de-clubs-empreses-entitats-col%c2%b7laboradores-i-ofertes-de-treball\/"},"wordCount":341,"commentCount":0,"image":{"@id":"https:\/\/barcelona.euses.cat\/ca\/la-3a-edicio-del-talent-day-de-leuses-bat-records-de-clubs-empreses-entitats-col%c2%b7laboradores-i-ofertes-de-treball\/#primaryimage"},"thumbnailUrl":"https:\/\/barcelona.euses.cat\/wp-content\/uploads\/2023\/04\/talent-day-2023-4-scaled.jpg","articleSection":["sense categoria"],"inLanguage":"ca"},{"@type":"WebPage","@id":"https:\/\/barcelona.euses.cat\/ca\/la-3a-edicio-del-talent-day-de-leuses-bat-records-de-clubs-empreses-entitats-col%c2%b7laboradores-i-ofertes-de-treball\/","url":"https:\/\/barcelona.euses.cat\/ca\/la-3a-edicio-del-talent-day-de-leuses-bat-records-de-clubs-empreses-entitats-col%c2%b7laboradores-i-ofertes-de-treball\/","name":"La 3\u00aa edici\u00f3 del Talent Day de l\u2019EUSES bat r\u00e8cords de clubs, empreses, entitats col\u00b7laboradores i ofertes de treball | EUSES- Campus de Bellvitge (Barcelona)","isPartOf":{"@id":"https:\/\/barcelona.euses.cat\/ca\/#website"},"primaryImageOfPage":{"@id":"https:\/\/barcelona.euses.cat\/ca\/la-3a-edicio-del-talent-day-de-leuses-bat-records-de-clubs-empreses-entitats-col%c2%b7laboradores-i-ofertes-de-treball\/#primaryimage"},"image":{"@id":"https:\/\/barcelona.euses.cat\/ca\/la-3a-edicio-del-talent-day-de-leuses-bat-records-de-clubs-empreses-entitats-col%c2%b7laboradores-i-ofertes-de-treball\/#primaryimage"},"thumbnailUrl":"https:\/\/barcelona.euses.cat\/wp-content\/uploads\/2023\/04\/talent-day-2023-4-scaled.jpg","datePublished":"2023-04-26T07:38:01+00:00","author":{"@id":"https:\/\/barcelona.euses.cat\/ca\/#\/schema\/person\/8ab46080dfc4814fa59383db317735bd"},"breadcrumb":{"@id":"https:\/\/barcelona.euses.cat\/ca\/la-3a-edicio-del-talent-day-de-leuses-bat-records-de-clubs-empreses-entitats-col%c2%b7laboradores-i-ofertes-de-treball\/#breadcrumb"},"inLanguage":"ca","potentialAction":[{"@type":"ReadAction","target":["https:\/\/barcelona.euses.cat\/ca\/la-3a-edicio-del-talent-day-de-leuses-bat-records-de-clubs-empreses-entitats-col%c2%b7laboradores-i-ofertes-de-treball\/"]}]},{"@type":"ImageObject","inLanguage":"ca","@id":"https:\/\/barcelona.euses.cat\/ca\/la-3a-edicio-del-talent-day-de-leuses-bat-records-de-clubs-empreses-entitats-col%c2%b7laboradores-i-ofertes-de-treball\/#primaryimage","url":"https:\/\/barcelona.euses.cat\/wp-content\/uploads\/2023\/04\/talent-day-2023-4-scaled.jpg","contentUrl":"https:\/\/barcelona.euses.cat\/wp-content\/uploads\/2023\/04\/talent-day-2023-4-scaled.jpg","width":2560,"height":1920},{"@type":"BreadcrumbList","@id":"https:\/\/barcelona.euses.cat\/ca\/la-3a-edicio-del-talent-day-de-leuses-bat-records-de-clubs-empreses-entitats-col%c2%b7laboradores-i-ofertes-de-treball\/#breadcrumb","itemListElement":[{"@type":"ListItem","position":1,"name":"Portada","item":"https:\/\/barcelona.euses.cat\/ca\/"},{"@type":"ListItem","position":2,"name":"La 3\u00aa edici\u00f3 del Talent Day de l\u2019EUSES bat r\u00e8cords de clubs, empreses, entitats col\u00b7laboradores i ofertes de treball"}]},{"@type":"WebSite","@id":"https:\/\/barcelona.euses.cat\/ca\/#website","url":"https:\/\/barcelona.euses.cat\/ca\/","name":"EUSES - Campus de Bellvitge (Barcelona)","description":"EUSES, Escola Universit\u00e0ria de Fisioter\u00e0pia Internacional a Barcelona","potentialAction":[{"@type":"SearchAction","target":{"@type":"EntryPoint","urlTemplate":"https:\/\/barcelona.euses.cat\/ca\/?s={search_term_string}"},"query-input":{"@type":"PropertyValueSpecification","valueRequired":true,"valueName":"search_term_string"}}],"inLanguage":"ca"},{"@type":"Person","@id":"https:\/\/barcelona.euses.cat\/ca\/#\/schema\/person\/8ab46080dfc4814fa59383db317735bd","name":"Jordi Danes","image":{"@type":"ImageObject","inLanguage":"ca","@id":"https:\/\/secure.gravatar.com\/avatar\/a9e4f443b594af225625ee8cfa665e41b1e0740ea34fbe0515b4ca559f8570ef?s=96&d=mm&r=g","url":"https:\/\/secure.gravatar.com\/avatar\/a9e4f443b594af225625ee8cfa665e41b1e0740ea34fbe0515b4ca559f8570ef?s=96&d=mm&r=g","contentUrl":"https:\/\/secure.gravatar.com\/avatar\/a9e4f443b594af225625ee8cfa665e41b1e0740ea34fbe0515b4ca559f8570ef?s=96&d=mm&r=g","caption":"Jordi Danes"},"url":"https:\/\/barcelona.euses.cat\/ca\/author\/jordi-danes\/"}]}},"_links":{"self":[{"href":"https:\/\/barcelona.euses.cat\/ca\/wp-json\/wp\/v2\/posts\/11156","targetHints":{"allow":["GET"]}}],"collection":[{"href":"https:\/\/barcelona.euses.cat\/ca\/wp-json\/wp\/v2\/posts"}],"about":[{"href":"https:\/\/barcelona.euses.cat\/ca\/wp-json\/wp\/v2\/types\/post"}],"author":[{"embeddable":true,"href":"https:\/\/barcelona.euses.cat\/ca\/wp-json\/wp\/v2\/users\/3"}],"replies":[{"embeddable":true,"href":"https:\/\/barcelona.euses.cat\/ca\/wp-json\/wp\/v2\/comments?post=11156"}],"version-history":[{"count":2,"href":"https:\/\/barcelona.euses.cat\/ca\/wp-json\/wp\/v2\/posts\/11156\/revisions"}],"predecessor-version":[{"id":11178,"href":"https:\/\/barcelona.euses.cat\/ca\/wp-json\/wp\/v2\/posts\/11156\/revisions\/11178"}],"wp:featuredmedia":[{"embeddable":true,"href":"https:\/\/barcelona.euses.cat\/ca\/wp-json\/wp\/v2\/media\/11161"}],"wp:attachment":[{"href":"https:\/\/barcelona.euses.cat\/ca\/wp-json\/wp\/v2\/media?parent=11156"}],"wp:term":[{"taxonomy":"category","embeddable":true,"href":"https:\/\/barcelona.euses.cat\/ca\/wp-json\/wp\/v2\/categories?post=11156"},{"taxonomy":"post_tag","embeddable":true,"href":"https:\/\/barcelona.euses.cat\/ca\/wp-json\/wp\/v2\/tags?post=11156"}],"curies":[{"name":"wp","href":"https:\/\/api.w.org\/{rel}","templated":true}]}}