{"id":11116,"date":"2023-03-28T23:57:44","date_gmt":"2023-03-28T21:57:44","guid":{"rendered":"https:\/\/barcelona.euses.cat\/?p=11116"},"modified":"2023-03-28T23:57:44","modified_gmt":"2023-03-28T21:57:44","slug":"la-3a-edicio-del-talent-day-tindra-lloc-els-dies-24-i-25-dabril-i-les-inscripcions-ja-estan-obertes","status":"publish","type":"post","link":"https:\/\/barcelona.euses.cat\/ca\/la-3a-edicio-del-talent-day-tindra-lloc-els-dies-24-i-25-dabril-i-les-inscripcions-ja-estan-obertes\/","title":{"rendered":"La 3a edici\u00f3 del Talent Day tindr\u00e0 lloc els dies 24 i 25 d\u2019abril\u00a0i les inscripcions ja estan obertes"},"content":{"rendered":"<p style=\"font-weight: 400;\">El Talent Day 2023 ja ha iniciat el compte enrere. La Fira Virtual de l\u2019Ocupaci\u00f3 i Orientaci\u00f3 Professional de l\u2019Escola Universit\u00e0ria de la Salut i l\u2019Esport se celebrar\u00e0 els propers dies 24 i 25 d\u2019abril i arriba, cada cop m\u00e9s consolidada, a la seva tercera edici\u00f3. El Talent Day, una iniciativa de l\u2019equip d\u2019EUSES Alumni que dirigeix S\u00edlvia Roche, ja t\u00e9 una quarantena d\u2019estands confirmats d\u2019empreses, centres i clubs, i la previsi\u00f3 \u00e9s que la xifra encara pugui augmentar en els dies previs a l\u2019esdeveniment.<\/p>\n<p style=\"font-weight: 400;\">Les\u00a0<a href=\"https:\/\/eusestalentday.easyvirtualfair.com\/landing\" data-saferedirecturl=\"https:\/\/www.google.com\/url?q=https:\/\/eusestalentday.easyvirtualfair.com\/landing&amp;source=gmail&amp;ust=1680125666775000&amp;usg=AOvVaw2cW5MXjh3bj5MKAxj1l2D7\">inscripcions (gratu\u00eftes) ja estan obertes<\/a>\u00a0i, malgrat que el p\u00fablic potencial son els estudiants de 4t curs dels graus en CAFE i en Fisioter\u00e0pia i els associats a EUSES Alumni (de cares a la sortida al mercat laboral o a la recerca d&#8217;una oferta professional que encaixi en el seu perfil), el Talent Day tamb\u00e9 est\u00e0 obert a alumnes de 1r, 2n i 3r curs dels tots els Campus del grup (Salt, Bellvitge i Terres de l\u2019Ebre).<\/p>\n<p style=\"font-weight: 400;\">Al Talent Day, els estudiants podran accedir de manera virtual als estands d\u2019empreses (algunes de fora del pa\u00eds) que penjaran diferents ofertes laborals a les quals els estudiants no nom\u00e9s hi podran accedir per veure\u2019n les caracter\u00edstiques, sin\u00f3 que hi haur\u00e0 la possibilitat de plantejar dubtes, enviar el curr\u00edculum, xatejar amb els responsables d&#8217;aquestes empreses i fins i tot realitzar una entrevista de treball per videoconfer\u00e8ncia.<\/p>\n<p style=\"font-weight: 400;\">Una de les novetats d&#8217;enguany ser\u00e0 la possibilitat que els assistents facin networking. Tots ells podr\u00e1n interactuar amb els altres visitants\u00a0de la fira (alumnes i alumni) i aix\u00ed ampliar la seva xarxa de contactes. Per fer-ho, nom\u00e9s\u00a0caldr\u00e0 que\u00a0activin l&#8217;opci\u00f3 de networking\u00a0quan facin la seva inscripci\u00f3.<\/p>\n<p style=\"font-weight: 400;\"><strong>Confer\u00e8ncies i taules rodones<\/strong><\/p>\n<p style=\"font-weight: 400;\">A banda dels estands, durant el Talent Day s&#8217;han programat cinc confer\u00e8ncies i tres taules rodones, sempre amb la finalitat d\u2019ajudar a encaminar els alumnes cap a la sortida laboral que m\u00e9s els encaixi.\u00a0Totes es confer\u00e8ncies i taules rodones es faran de forma virtual a trav\u00e9s de la plataforma excepte els dos tallers que far\u00e0 la N\u00faria Sanlleh\u00ed, que ser\u00e1n presencials. No obstant aix\u00f2, \u00a0aquestes pon\u00e8ncies tamb\u00e9 es retransmetran en directe per Zoom per als inscrits que no puguin acudir al Campus de Salt.<\/p>\n<p style=\"font-weight: 400;\">Les taules rodones seran:<\/p>\n<p style=\"font-weight: 400;\"><strong>Recerca i Doctorat<\/strong>, a c\u00e0rrec de la Dra. Anna Prats.<\/p>\n<p style=\"font-weight: 400;\"><strong>Perfil de Linkedin,\u00a0<\/strong>a c\u00e0rrec de N\u00faria Sanlleh\u00ed, de la UdG Alumni.<\/p>\n<p style=\"font-weight: 400;\"><strong>Entrevista de Treball<\/strong>, per N\u00faria Sanlleh\u00ed.<\/p>\n<p style=\"font-weight: 400;\"><strong>L\u2019EURES<\/strong>\u00a0(EURopean Employment Services), per Arnau Soy<\/p>\n<p style=\"font-weight: 400;\"><strong>La Formaci\u00f3 continuada a l\u2019EUSES<\/strong>, a c\u00e0rrec de Pere Iglesias i Carla Curto.<\/p>\n<p style=\"font-weight: 400;\">Per la seva part, les taules rodones tindran la seg\u00fcent tem\u00e0tica i participants:<\/p>\n<p style=\"font-weight: 400;\"><strong>Creaci\u00f3 de centre propi<\/strong>, amb Eloi Zamorano (Fisioter\u00e0pia Salt 2017), Anna Dom\u00e8nech (Fisioter\u00e0pia Terres de l\u2019Ebre 2028) i Marc Serramitja (CAFE Salt 2016).<\/p>\n<p style=\"font-weight: 400;\"><strong>Treballar a l\u2019estranger<\/strong>, amb Ferran Joanmiquel (CAFE Salt 2018); Anne-Claire Charpenay (Physiotherapy Bellvitge 2022) i L\u00e9a Carrion (Fisioter\u00e0pia Salt 2014).<\/p>\n<p style=\"font-weight: 400;\"><strong>Fisioter\u00e0pia amb artistes esc\u00e8nics<\/strong>\u00a0(distonia focal-medicina de l\u2019art), amb Alba Xiberta (Fisioter\u00e0pia Salt 2016)<\/p>\n","protected":false},"excerpt":{"rendered":"<p>El Talent Day 2023 ja ha iniciat el compte enrere. La Fira Virtual de l\u2019Ocupaci\u00f3 i Orientaci\u00f3 Professional de l\u2019Escola Universit\u00e0ria de la Salut i l\u2019Esport se celebrar\u00e0 els propers dies 24 i 25 d\u2019abril i arriba, cada cop m\u00e9s consolidada, a la seva tercera edici\u00f3. El Talent Day, una iniciativa de l\u2019equip d\u2019EUSES Alumni [&hellip;]<\/p>\n","protected":false},"author":3,"featured_media":11117,"comment_status":"open","ping_status":"closed","sticky":false,"template":"","format":"standard","meta":{"_acf_changed":false,"inline_featured_image":false,"_joinchat":[],"footnotes":""},"categories":[46],"tags":[],"class_list":["post-11116","post","type-post","status-publish","format-standard","has-post-thumbnail","hentry","category-sense-categoria"],"acf":[],"yoast_head":"<!-- This site is optimized with the Yoast SEO plugin v27.4 - https:\/\/yoast.com\/product\/yoast-seo-wordpress\/ -->\n<title>La 3a edici\u00f3 del Talent Day tindr\u00e0 lloc els dies 24 i 25 d\u2019abril\u00a0i les inscripcions ja estan obertes | EUSES- Campus de Bellvitge (Barcelona)<\/title>\n<meta name=\"robots\" content=\"index, follow, max-snippet:-1, max-image-preview:large, max-video-preview:-1\" \/>\n<link rel=\"canonical\" href=\"https:\/\/barcelona.euses.cat\/ca\/la-3a-edicio-del-talent-day-tindra-lloc-els-dies-24-i-25-dabril-i-les-inscripcions-ja-estan-obertes\/\" \/>\n<meta property=\"og:locale\" content=\"ca_ES\" \/>\n<meta property=\"og:type\" content=\"article\" \/>\n<meta property=\"og:title\" content=\"La 3a edici\u00f3 del Talent Day tindr\u00e0 lloc els dies 24 i 25 d\u2019abril\u00a0i les inscripcions ja estan obertes | EUSES- Campus de Bellvitge (Barcelona)\" \/>\n<meta property=\"og:description\" content=\"El Talent Day 2023 ja ha iniciat el compte enrere. La Fira Virtual de l\u2019Ocupaci\u00f3 i Orientaci\u00f3 Professional de l\u2019Escola Universit\u00e0ria de la Salut i l\u2019Esport se celebrar\u00e0 els propers dies 24 i 25 d\u2019abril i arriba, cada cop m\u00e9s consolidada, a la seva tercera edici\u00f3. El Talent Day, una iniciativa de l\u2019equip d\u2019EUSES Alumni [&hellip;]\" \/>\n<meta property=\"og:url\" content=\"https:\/\/barcelona.euses.cat\/ca\/la-3a-edicio-del-talent-day-tindra-lloc-els-dies-24-i-25-dabril-i-les-inscripcions-ja-estan-obertes\/\" \/>\n<meta property=\"og:site_name\" content=\"EUSES- Campus de Bellvitge (Barcelona)\" \/>\n<meta property=\"article:publisher\" content=\"https:\/\/www.facebook.com\/PhysioBCN\/\" \/>\n<meta property=\"article:published_time\" content=\"2023-03-28T21:57:44+00:00\" \/>\n<meta property=\"og:image\" content=\"https:\/\/barcelona.euses.cat\/wp-content\/uploads\/2023\/03\/talent-day.jpg\" \/>\n\t<meta property=\"og:image:width\" content=\"2048\" \/>\n\t<meta property=\"og:image:height\" content=\"1094\" \/>\n\t<meta property=\"og:image:type\" content=\"image\/jpeg\" \/>\n<meta name=\"author\" content=\"Jordi Danes\" \/>\n<meta name=\"twitter:card\" content=\"summary_large_image\" \/>\n<meta name=\"twitter:label1\" content=\"Escrit per\" \/>\n\t<meta name=\"twitter:data1\" content=\"Jordi Danes\" \/>\n\t<meta name=\"twitter:label2\" content=\"Temps estimat de lectura\" \/>\n\t<meta name=\"twitter:data2\" content=\"3 minuts\" \/>\n<script type=\"application\/ld+json\" class=\"yoast-schema-graph\">{\"@context\":\"https:\\\/\\\/schema.org\",\"@graph\":[{\"@type\":\"Article\",\"@id\":\"https:\\\/\\\/barcelona.euses.cat\\\/ca\\\/la-3a-edicio-del-talent-day-tindra-lloc-els-dies-24-i-25-dabril-i-les-inscripcions-ja-estan-obertes\\\/#article\",\"isPartOf\":{\"@id\":\"https:\\\/\\\/barcelona.euses.cat\\\/ca\\\/la-3a-edicio-del-talent-day-tindra-lloc-els-dies-24-i-25-dabril-i-les-inscripcions-ja-estan-obertes\\\/\"},\"author\":{\"name\":\"Jordi Danes\",\"@id\":\"https:\\\/\\\/barcelona.euses.cat\\\/ca\\\/#\\\/schema\\\/person\\\/8ab46080dfc4814fa59383db317735bd\"},\"headline\":\"La 3a edici\u00f3 del Talent Day tindr\u00e0 lloc els dies 24 i 25 d\u2019abril\u00a0i les inscripcions ja estan obertes\",\"datePublished\":\"2023-03-28T21:57:44+00:00\",\"mainEntityOfPage\":{\"@id\":\"https:\\\/\\\/barcelona.euses.cat\\\/ca\\\/la-3a-edicio-del-talent-day-tindra-lloc-els-dies-24-i-25-dabril-i-les-inscripcions-ja-estan-obertes\\\/\"},\"wordCount\":557,\"commentCount\":0,\"image\":{\"@id\":\"https:\\\/\\\/barcelona.euses.cat\\\/ca\\\/la-3a-edicio-del-talent-day-tindra-lloc-els-dies-24-i-25-dabril-i-les-inscripcions-ja-estan-obertes\\\/#primaryimage\"},\"thumbnailUrl\":\"https:\\\/\\\/barcelona.euses.cat\\\/wp-content\\\/uploads\\\/2023\\\/03\\\/talent-day.jpg\",\"articleSection\":[\"sense categoria\"],\"inLanguage\":\"ca\"},{\"@type\":\"WebPage\",\"@id\":\"https:\\\/\\\/barcelona.euses.cat\\\/ca\\\/la-3a-edicio-del-talent-day-tindra-lloc-els-dies-24-i-25-dabril-i-les-inscripcions-ja-estan-obertes\\\/\",\"url\":\"https:\\\/\\\/barcelona.euses.cat\\\/ca\\\/la-3a-edicio-del-talent-day-tindra-lloc-els-dies-24-i-25-dabril-i-les-inscripcions-ja-estan-obertes\\\/\",\"name\":\"La 3a edici\u00f3 del Talent Day tindr\u00e0 lloc els dies 24 i 25 d\u2019abril\u00a0i les inscripcions ja estan obertes | EUSES- Campus de Bellvitge (Barcelona)\",\"isPartOf\":{\"@id\":\"https:\\\/\\\/barcelona.euses.cat\\\/ca\\\/#website\"},\"primaryImageOfPage\":{\"@id\":\"https:\\\/\\\/barcelona.euses.cat\\\/ca\\\/la-3a-edicio-del-talent-day-tindra-lloc-els-dies-24-i-25-dabril-i-les-inscripcions-ja-estan-obertes\\\/#primaryimage\"},\"image\":{\"@id\":\"https:\\\/\\\/barcelona.euses.cat\\\/ca\\\/la-3a-edicio-del-talent-day-tindra-lloc-els-dies-24-i-25-dabril-i-les-inscripcions-ja-estan-obertes\\\/#primaryimage\"},\"thumbnailUrl\":\"https:\\\/\\\/barcelona.euses.cat\\\/wp-content\\\/uploads\\\/2023\\\/03\\\/talent-day.jpg\",\"datePublished\":\"2023-03-28T21:57:44+00:00\",\"author\":{\"@id\":\"https:\\\/\\\/barcelona.euses.cat\\\/ca\\\/#\\\/schema\\\/person\\\/8ab46080dfc4814fa59383db317735bd\"},\"breadcrumb\":{\"@id\":\"https:\\\/\\\/barcelona.euses.cat\\\/ca\\\/la-3a-edicio-del-talent-day-tindra-lloc-els-dies-24-i-25-dabril-i-les-inscripcions-ja-estan-obertes\\\/#breadcrumb\"},\"inLanguage\":\"ca\",\"potentialAction\":[{\"@type\":\"ReadAction\",\"target\":[\"https:\\\/\\\/barcelona.euses.cat\\\/ca\\\/la-3a-edicio-del-talent-day-tindra-lloc-els-dies-24-i-25-dabril-i-les-inscripcions-ja-estan-obertes\\\/\"]}]},{\"@type\":\"ImageObject\",\"inLanguage\":\"ca\",\"@id\":\"https:\\\/\\\/barcelona.euses.cat\\\/ca\\\/la-3a-edicio-del-talent-day-tindra-lloc-els-dies-24-i-25-dabril-i-les-inscripcions-ja-estan-obertes\\\/#primaryimage\",\"url\":\"https:\\\/\\\/barcelona.euses.cat\\\/wp-content\\\/uploads\\\/2023\\\/03\\\/talent-day.jpg\",\"contentUrl\":\"https:\\\/\\\/barcelona.euses.cat\\\/wp-content\\\/uploads\\\/2023\\\/03\\\/talent-day.jpg\",\"width\":2048,\"height\":1094},{\"@type\":\"BreadcrumbList\",\"@id\":\"https:\\\/\\\/barcelona.euses.cat\\\/ca\\\/la-3a-edicio-del-talent-day-tindra-lloc-els-dies-24-i-25-dabril-i-les-inscripcions-ja-estan-obertes\\\/#breadcrumb\",\"itemListElement\":[{\"@type\":\"ListItem\",\"position\":1,\"name\":\"Portada\",\"item\":\"https:\\\/\\\/barcelona.euses.cat\\\/ca\\\/\"},{\"@type\":\"ListItem\",\"position\":2,\"name\":\"La 3a edici\u00f3 del Talent Day tindr\u00e0 lloc els dies 24 i 25 d\u2019abril\u00a0i les inscripcions ja estan obertes\"}]},{\"@type\":\"WebSite\",\"@id\":\"https:\\\/\\\/barcelona.euses.cat\\\/ca\\\/#website\",\"url\":\"https:\\\/\\\/barcelona.euses.cat\\\/ca\\\/\",\"name\":\"EUSES - Campus de Bellvitge (Barcelona)\",\"description\":\"EUSES, Escola Universit\u00e0ria de Fisioter\u00e0pia Internacional a Barcelona\",\"potentialAction\":[{\"@type\":\"SearchAction\",\"target\":{\"@type\":\"EntryPoint\",\"urlTemplate\":\"https:\\\/\\\/barcelona.euses.cat\\\/ca\\\/?s={search_term_string}\"},\"query-input\":{\"@type\":\"PropertyValueSpecification\",\"valueRequired\":true,\"valueName\":\"search_term_string\"}}],\"inLanguage\":\"ca\"},{\"@type\":\"Person\",\"@id\":\"https:\\\/\\\/barcelona.euses.cat\\\/ca\\\/#\\\/schema\\\/person\\\/8ab46080dfc4814fa59383db317735bd\",\"name\":\"Jordi Danes\",\"image\":{\"@type\":\"ImageObject\",\"inLanguage\":\"ca\",\"@id\":\"https:\\\/\\\/secure.gravatar.com\\\/avatar\\\/a9e4f443b594af225625ee8cfa665e41b1e0740ea34fbe0515b4ca559f8570ef?s=96&d=mm&r=g\",\"url\":\"https:\\\/\\\/secure.gravatar.com\\\/avatar\\\/a9e4f443b594af225625ee8cfa665e41b1e0740ea34fbe0515b4ca559f8570ef?s=96&d=mm&r=g\",\"contentUrl\":\"https:\\\/\\\/secure.gravatar.com\\\/avatar\\\/a9e4f443b594af225625ee8cfa665e41b1e0740ea34fbe0515b4ca559f8570ef?s=96&d=mm&r=g\",\"caption\":\"Jordi Danes\"},\"url\":\"https:\\\/\\\/barcelona.euses.cat\\\/ca\\\/author\\\/jordi-danes\\\/\"}]}<\/script>\n<!-- \/ Yoast SEO plugin. -->","yoast_head_json":{"title":"La 3a edici\u00f3 del Talent Day tindr\u00e0 lloc els dies 24 i 25 d\u2019abril\u00a0i les inscripcions ja estan obertes | EUSES- Campus de Bellvitge (Barcelona)","robots":{"index":"index","follow":"follow","max-snippet":"max-snippet:-1","max-image-preview":"max-image-preview:large","max-video-preview":"max-video-preview:-1"},"canonical":"https:\/\/barcelona.euses.cat\/ca\/la-3a-edicio-del-talent-day-tindra-lloc-els-dies-24-i-25-dabril-i-les-inscripcions-ja-estan-obertes\/","og_locale":"ca_ES","og_type":"article","og_title":"La 3a edici\u00f3 del Talent Day tindr\u00e0 lloc els dies 24 i 25 d\u2019abril\u00a0i les inscripcions ja estan obertes | EUSES- Campus de Bellvitge (Barcelona)","og_description":"El Talent Day 2023 ja ha iniciat el compte enrere. La Fira Virtual de l\u2019Ocupaci\u00f3 i Orientaci\u00f3 Professional de l\u2019Escola Universit\u00e0ria de la Salut i l\u2019Esport se celebrar\u00e0 els propers dies 24 i 25 d\u2019abril i arriba, cada cop m\u00e9s consolidada, a la seva tercera edici\u00f3. El Talent Day, una iniciativa de l\u2019equip d\u2019EUSES Alumni [&hellip;]","og_url":"https:\/\/barcelona.euses.cat\/ca\/la-3a-edicio-del-talent-day-tindra-lloc-els-dies-24-i-25-dabril-i-les-inscripcions-ja-estan-obertes\/","og_site_name":"EUSES- Campus de Bellvitge (Barcelona)","article_publisher":"https:\/\/www.facebook.com\/PhysioBCN\/","article_published_time":"2023-03-28T21:57:44+00:00","og_image":[{"width":2048,"height":1094,"url":"https:\/\/barcelona.euses.cat\/wp-content\/uploads\/2023\/03\/talent-day.jpg","type":"image\/jpeg"}],"author":"Jordi Danes","twitter_card":"summary_large_image","twitter_misc":{"Escrit per":"Jordi Danes","Temps estimat de lectura":"3 minuts"},"schema":{"@context":"https:\/\/schema.org","@graph":[{"@type":"Article","@id":"https:\/\/barcelona.euses.cat\/ca\/la-3a-edicio-del-talent-day-tindra-lloc-els-dies-24-i-25-dabril-i-les-inscripcions-ja-estan-obertes\/#article","isPartOf":{"@id":"https:\/\/barcelona.euses.cat\/ca\/la-3a-edicio-del-talent-day-tindra-lloc-els-dies-24-i-25-dabril-i-les-inscripcions-ja-estan-obertes\/"},"author":{"name":"Jordi Danes","@id":"https:\/\/barcelona.euses.cat\/ca\/#\/schema\/person\/8ab46080dfc4814fa59383db317735bd"},"headline":"La 3a edici\u00f3 del Talent Day tindr\u00e0 lloc els dies 24 i 25 d\u2019abril\u00a0i les inscripcions ja estan obertes","datePublished":"2023-03-28T21:57:44+00:00","mainEntityOfPage":{"@id":"https:\/\/barcelona.euses.cat\/ca\/la-3a-edicio-del-talent-day-tindra-lloc-els-dies-24-i-25-dabril-i-les-inscripcions-ja-estan-obertes\/"},"wordCount":557,"commentCount":0,"image":{"@id":"https:\/\/barcelona.euses.cat\/ca\/la-3a-edicio-del-talent-day-tindra-lloc-els-dies-24-i-25-dabril-i-les-inscripcions-ja-estan-obertes\/#primaryimage"},"thumbnailUrl":"https:\/\/barcelona.euses.cat\/wp-content\/uploads\/2023\/03\/talent-day.jpg","articleSection":["sense categoria"],"inLanguage":"ca"},{"@type":"WebPage","@id":"https:\/\/barcelona.euses.cat\/ca\/la-3a-edicio-del-talent-day-tindra-lloc-els-dies-24-i-25-dabril-i-les-inscripcions-ja-estan-obertes\/","url":"https:\/\/barcelona.euses.cat\/ca\/la-3a-edicio-del-talent-day-tindra-lloc-els-dies-24-i-25-dabril-i-les-inscripcions-ja-estan-obertes\/","name":"La 3a edici\u00f3 del Talent Day tindr\u00e0 lloc els dies 24 i 25 d\u2019abril\u00a0i les inscripcions ja estan obertes | EUSES- Campus de Bellvitge (Barcelona)","isPartOf":{"@id":"https:\/\/barcelona.euses.cat\/ca\/#website"},"primaryImageOfPage":{"@id":"https:\/\/barcelona.euses.cat\/ca\/la-3a-edicio-del-talent-day-tindra-lloc-els-dies-24-i-25-dabril-i-les-inscripcions-ja-estan-obertes\/#primaryimage"},"image":{"@id":"https:\/\/barcelona.euses.cat\/ca\/la-3a-edicio-del-talent-day-tindra-lloc-els-dies-24-i-25-dabril-i-les-inscripcions-ja-estan-obertes\/#primaryimage"},"thumbnailUrl":"https:\/\/barcelona.euses.cat\/wp-content\/uploads\/2023\/03\/talent-day.jpg","datePublished":"2023-03-28T21:57:44+00:00","author":{"@id":"https:\/\/barcelona.euses.cat\/ca\/#\/schema\/person\/8ab46080dfc4814fa59383db317735bd"},"breadcrumb":{"@id":"https:\/\/barcelona.euses.cat\/ca\/la-3a-edicio-del-talent-day-tindra-lloc-els-dies-24-i-25-dabril-i-les-inscripcions-ja-estan-obertes\/#breadcrumb"},"inLanguage":"ca","potentialAction":[{"@type":"ReadAction","target":["https:\/\/barcelona.euses.cat\/ca\/la-3a-edicio-del-talent-day-tindra-lloc-els-dies-24-i-25-dabril-i-les-inscripcions-ja-estan-obertes\/"]}]},{"@type":"ImageObject","inLanguage":"ca","@id":"https:\/\/barcelona.euses.cat\/ca\/la-3a-edicio-del-talent-day-tindra-lloc-els-dies-24-i-25-dabril-i-les-inscripcions-ja-estan-obertes\/#primaryimage","url":"https:\/\/barcelona.euses.cat\/wp-content\/uploads\/2023\/03\/talent-day.jpg","contentUrl":"https:\/\/barcelona.euses.cat\/wp-content\/uploads\/2023\/03\/talent-day.jpg","width":2048,"height":1094},{"@type":"BreadcrumbList","@id":"https:\/\/barcelona.euses.cat\/ca\/la-3a-edicio-del-talent-day-tindra-lloc-els-dies-24-i-25-dabril-i-les-inscripcions-ja-estan-obertes\/#breadcrumb","itemListElement":[{"@type":"ListItem","position":1,"name":"Portada","item":"https:\/\/barcelona.euses.cat\/ca\/"},{"@type":"ListItem","position":2,"name":"La 3a edici\u00f3 del Talent Day tindr\u00e0 lloc els dies 24 i 25 d\u2019abril\u00a0i les inscripcions ja estan obertes"}]},{"@type":"WebSite","@id":"https:\/\/barcelona.euses.cat\/ca\/#website","url":"https:\/\/barcelona.euses.cat\/ca\/","name":"EUSES - Campus de Bellvitge (Barcelona)","description":"EUSES, Escola Universit\u00e0ria de Fisioter\u00e0pia Internacional a Barcelona","potentialAction":[{"@type":"SearchAction","target":{"@type":"EntryPoint","urlTemplate":"https:\/\/barcelona.euses.cat\/ca\/?s={search_term_string}"},"query-input":{"@type":"PropertyValueSpecification","valueRequired":true,"valueName":"search_term_string"}}],"inLanguage":"ca"},{"@type":"Person","@id":"https:\/\/barcelona.euses.cat\/ca\/#\/schema\/person\/8ab46080dfc4814fa59383db317735bd","name":"Jordi Danes","image":{"@type":"ImageObject","inLanguage":"ca","@id":"https:\/\/secure.gravatar.com\/avatar\/a9e4f443b594af225625ee8cfa665e41b1e0740ea34fbe0515b4ca559f8570ef?s=96&d=mm&r=g","url":"https:\/\/secure.gravatar.com\/avatar\/a9e4f443b594af225625ee8cfa665e41b1e0740ea34fbe0515b4ca559f8570ef?s=96&d=mm&r=g","contentUrl":"https:\/\/secure.gravatar.com\/avatar\/a9e4f443b594af225625ee8cfa665e41b1e0740ea34fbe0515b4ca559f8570ef?s=96&d=mm&r=g","caption":"Jordi Danes"},"url":"https:\/\/barcelona.euses.cat\/ca\/author\/jordi-danes\/"}]}},"_links":{"self":[{"href":"https:\/\/barcelona.euses.cat\/ca\/wp-json\/wp\/v2\/posts\/11116","targetHints":{"allow":["GET"]}}],"collection":[{"href":"https:\/\/barcelona.euses.cat\/ca\/wp-json\/wp\/v2\/posts"}],"about":[{"href":"https:\/\/barcelona.euses.cat\/ca\/wp-json\/wp\/v2\/types\/post"}],"author":[{"embeddable":true,"href":"https:\/\/barcelona.euses.cat\/ca\/wp-json\/wp\/v2\/users\/3"}],"replies":[{"embeddable":true,"href":"https:\/\/barcelona.euses.cat\/ca\/wp-json\/wp\/v2\/comments?post=11116"}],"version-history":[{"count":1,"href":"https:\/\/barcelona.euses.cat\/ca\/wp-json\/wp\/v2\/posts\/11116\/revisions"}],"predecessor-version":[{"id":11121,"href":"https:\/\/barcelona.euses.cat\/ca\/wp-json\/wp\/v2\/posts\/11116\/revisions\/11121"}],"wp:featuredmedia":[{"embeddable":true,"href":"https:\/\/barcelona.euses.cat\/ca\/wp-json\/wp\/v2\/media\/11117"}],"wp:attachment":[{"href":"https:\/\/barcelona.euses.cat\/ca\/wp-json\/wp\/v2\/media?parent=11116"}],"wp:term":[{"taxonomy":"category","embeddable":true,"href":"https:\/\/barcelona.euses.cat\/ca\/wp-json\/wp\/v2\/categories?post=11116"},{"taxonomy":"post_tag","embeddable":true,"href":"https:\/\/barcelona.euses.cat\/ca\/wp-json\/wp\/v2\/tags?post=11116"}],"curies":[{"name":"wp","href":"https:\/\/api.w.org\/{rel}","templated":true}]}}