{"id":11044,"date":"2023-03-20T17:32:11","date_gmt":"2023-03-20T16:32:11","guid":{"rendered":"https:\/\/barcelona.euses.cat\/?p=11044"},"modified":"2023-03-20T17:34:55","modified_gmt":"2023-03-20T16:34:55","slug":"estudiants-del-grau-recuperen-els-participants-de-la-zurich-marato-de-barcelona","status":"publish","type":"post","link":"https:\/\/barcelona.euses.cat\/ca\/estudiants-del-grau-recuperen-els-participants-de-la-zurich-marato-de-barcelona\/","title":{"rendered":"Estudiants del Grau recuperen els participants de la Zurich Marat\u00f3 de Barcelona"},"content":{"rendered":"<p style=\"font-weight: 400;\">Aquest diumenge s\u2019ha celebrat la 44a edici\u00f3 de la Marat\u00f3 de Barcelona, un esdeveniment de gran magnitud que ha superat els 15.000 inscrits que han realitzat un recorregut de 42,195 quil\u00f2metres pels carrers de la ciutat. L\u2019Escola Universit\u00e0ria de la Salut i l\u2019Esport hi ha col\u00b7laborat amb un nombr\u00f3s contingent d\u2019estudiants del Grau en Fisioter\u00e0pia del Campus de Bellvitge, sota la tutoritzaci\u00f3 del fisioterapeuta de l\u2019EUSES Alumni Alejandro Revilla. Els alumnes de Physiotherapy Barcelona que al final de la prova i en una \u00e0mplia zona habilitada amb serveis de fisioter\u00e0pia han contribu\u00eft a descarregar cames i a accelerar la recuperaci\u00f3 muscular dels esportistes amb massatges i estiraments han estat: Thelma Malavelle, Millian Chevrier, Elna Andr\u00e9, Lama El Kilani Alawi, Anna Campderr\u00f3s, Beno\u00eet Jouannic, Alice Darlow, Maeva Flavie Agniel, Paula Mu\u00f1oz, Maxime Stanislas Marry, Thomas David Laurent, Amandine Veine, Abdel-Hamid Chahine, Vicenta Mar\u00edn, Theo Languet, Elora Chateau, Benjamin Soler, Marie Anne Durot, Thomas Fabrice Brett\u00e9, Manuel Louis Barrantes, Chlo\u00e9 Bastergue, L\u00e9o Robert, Ga\u00eblle Ferbal, Judith P\u00e9rez i Lucas Synowski.<\/p>\n\n\t\t<style type=\"text\/css\">\n\t\t\t#gallery-1 {\n\t\t\t\tmargin: auto;\n\t\t\t}\n\t\t\t#gallery-1 .gallery-item {\n\t\t\t\tfloat: left;\n\t\t\t\tmargin-top: 10px;\n\t\t\t\ttext-align: center;\n\t\t\t\twidth: 33%;\n\t\t\t}\n\t\t\t#gallery-1 img {\n\t\t\t\tborder: 2px solid #cfcfcf;\n\t\t\t}\n\t\t\t#gallery-1 .gallery-caption {\n\t\t\t\tmargin-left: 0;\n\t\t\t}\n\t\t\t\/* see gallery_shortcode() in wp-includes\/media.php *\/\n\t\t<\/style>\n\t\t<div id='gallery-1' class='gallery galleryid-11044 gallery-columns-3 gallery-size-medium'><dl class='gallery-item'>\n\t\t\t<dt class='gallery-icon portrait'>\n\t\t\t\t<a href='https:\/\/barcelona.euses.cat\/ca\/estudiants-del-grau-recuperen-els-participants-de-la-zurich-marato-de-barcelona\/maratobcn-1\/'><img fetchpriority=\"high\" decoding=\"async\" width=\"225\" height=\"300\" src=\"https:\/\/barcelona.euses.cat\/wp-content\/uploads\/2023\/03\/maratobcn-1-225x300.jpg\" class=\"attachment-medium size-medium\" alt=\"\" srcset=\"https:\/\/barcelona.euses.cat\/wp-content\/uploads\/2023\/03\/maratobcn-1-225x300.jpg 225w, https:\/\/barcelona.euses.cat\/wp-content\/uploads\/2023\/03\/maratobcn-1-768x1024.jpg 768w, https:\/\/barcelona.euses.cat\/wp-content\/uploads\/2023\/03\/maratobcn-1-1152x1536.jpg 1152w, https:\/\/barcelona.euses.cat\/wp-content\/uploads\/2023\/03\/maratobcn-1-1536x2048.jpg 1536w, https:\/\/barcelona.euses.cat\/wp-content\/uploads\/2023\/03\/maratobcn-1-150x200.jpg 150w, https:\/\/barcelona.euses.cat\/wp-content\/uploads\/2023\/03\/maratobcn-1-290x385.jpg 290w, https:\/\/barcelona.euses.cat\/wp-content\/uploads\/2023\/03\/maratobcn-1-400x531.jpg 400w, https:\/\/barcelona.euses.cat\/wp-content\/uploads\/2023\/03\/maratobcn-1-scaled.jpg 1920w\" sizes=\"(max-width: 225px) 100vw, 225px\" \/><\/a>\n\t\t\t<\/dt><\/dl><dl class='gallery-item'>\n\t\t\t<dt class='gallery-icon portrait'>\n\t\t\t\t<a href='https:\/\/barcelona.euses.cat\/ca\/estudiants-del-grau-recuperen-els-participants-de-la-zurich-marato-de-barcelona\/maratobcn-2\/'><img decoding=\"async\" width=\"225\" height=\"300\" src=\"https:\/\/barcelona.euses.cat\/wp-content\/uploads\/2023\/03\/maratobcn-2-225x300.jpg\" class=\"attachment-medium size-medium\" alt=\"\" srcset=\"https:\/\/barcelona.euses.cat\/wp-content\/uploads\/2023\/03\/maratobcn-2-225x300.jpg 225w, https:\/\/barcelona.euses.cat\/wp-content\/uploads\/2023\/03\/maratobcn-2-768x1024.jpg 768w, https:\/\/barcelona.euses.cat\/wp-content\/uploads\/2023\/03\/maratobcn-2-1152x1536.jpg 1152w, https:\/\/barcelona.euses.cat\/wp-content\/uploads\/2023\/03\/maratobcn-2-1536x2048.jpg 1536w, https:\/\/barcelona.euses.cat\/wp-content\/uploads\/2023\/03\/maratobcn-2-150x200.jpg 150w, https:\/\/barcelona.euses.cat\/wp-content\/uploads\/2023\/03\/maratobcn-2-290x385.jpg 290w, https:\/\/barcelona.euses.cat\/wp-content\/uploads\/2023\/03\/maratobcn-2-400x531.jpg 400w, https:\/\/barcelona.euses.cat\/wp-content\/uploads\/2023\/03\/maratobcn-2-scaled.jpg 1920w\" sizes=\"(max-width: 225px) 100vw, 225px\" \/><\/a>\n\t\t\t<\/dt><\/dl><dl class='gallery-item'>\n\t\t\t<dt class='gallery-icon portrait'>\n\t\t\t\t<a href='https:\/\/barcelona.euses.cat\/ca\/estudiants-del-grau-recuperen-els-participants-de-la-zurich-marato-de-barcelona\/maratobcn-3\/'><img decoding=\"async\" width=\"225\" height=\"300\" src=\"https:\/\/barcelona.euses.cat\/wp-content\/uploads\/2023\/03\/maratobcn-3-225x300.jpg\" class=\"attachment-medium size-medium\" alt=\"\" srcset=\"https:\/\/barcelona.euses.cat\/wp-content\/uploads\/2023\/03\/maratobcn-3-225x300.jpg 225w, https:\/\/barcelona.euses.cat\/wp-content\/uploads\/2023\/03\/maratobcn-3-768x1024.jpg 768w, https:\/\/barcelona.euses.cat\/wp-content\/uploads\/2023\/03\/maratobcn-3-1152x1536.jpg 1152w, https:\/\/barcelona.euses.cat\/wp-content\/uploads\/2023\/03\/maratobcn-3-1536x2048.jpg 1536w, https:\/\/barcelona.euses.cat\/wp-content\/uploads\/2023\/03\/maratobcn-3-150x200.jpg 150w, https:\/\/barcelona.euses.cat\/wp-content\/uploads\/2023\/03\/maratobcn-3-290x385.jpg 290w, https:\/\/barcelona.euses.cat\/wp-content\/uploads\/2023\/03\/maratobcn-3-400x531.jpg 400w, https:\/\/barcelona.euses.cat\/wp-content\/uploads\/2023\/03\/maratobcn-3-scaled.jpg 1920w\" sizes=\"(max-width: 225px) 100vw, 225px\" \/><\/a>\n\t\t\t<\/dt><\/dl><br style=\"clear: both\" \/><dl class='gallery-item'>\n\t\t\t<dt class='gallery-icon portrait'>\n\t\t\t\t<a href='https:\/\/barcelona.euses.cat\/ca\/estudiants-del-grau-recuperen-els-participants-de-la-zurich-marato-de-barcelona\/maratobcn-4\/'><img loading=\"lazy\" decoding=\"async\" width=\"225\" height=\"300\" src=\"https:\/\/barcelona.euses.cat\/wp-content\/uploads\/2023\/03\/maratobcn-4-225x300.jpg\" class=\"attachment-medium size-medium\" alt=\"\" srcset=\"https:\/\/barcelona.euses.cat\/wp-content\/uploads\/2023\/03\/maratobcn-4-225x300.jpg 225w, https:\/\/barcelona.euses.cat\/wp-content\/uploads\/2023\/03\/maratobcn-4-768x1024.jpg 768w, https:\/\/barcelona.euses.cat\/wp-content\/uploads\/2023\/03\/maratobcn-4-1152x1536.jpg 1152w, https:\/\/barcelona.euses.cat\/wp-content\/uploads\/2023\/03\/maratobcn-4-1536x2048.jpg 1536w, https:\/\/barcelona.euses.cat\/wp-content\/uploads\/2023\/03\/maratobcn-4-150x200.jpg 150w, https:\/\/barcelona.euses.cat\/wp-content\/uploads\/2023\/03\/maratobcn-4-290x385.jpg 290w, https:\/\/barcelona.euses.cat\/wp-content\/uploads\/2023\/03\/maratobcn-4-400x531.jpg 400w, https:\/\/barcelona.euses.cat\/wp-content\/uploads\/2023\/03\/maratobcn-4-scaled.jpg 1920w\" sizes=\"(max-width: 225px) 100vw, 225px\" \/><\/a>\n\t\t\t<\/dt><\/dl><dl class='gallery-item'>\n\t\t\t<dt class='gallery-icon portrait'>\n\t\t\t\t<a href='https:\/\/barcelona.euses.cat\/ca\/estudiants-del-grau-recuperen-els-participants-de-la-zurich-marato-de-barcelona\/maratobcn-5\/'><img loading=\"lazy\" decoding=\"async\" width=\"225\" height=\"300\" src=\"https:\/\/barcelona.euses.cat\/wp-content\/uploads\/2023\/03\/maratobcn-5-225x300.jpg\" class=\"attachment-medium size-medium\" alt=\"\" srcset=\"https:\/\/barcelona.euses.cat\/wp-content\/uploads\/2023\/03\/maratobcn-5-225x300.jpg 225w, https:\/\/barcelona.euses.cat\/wp-content\/uploads\/2023\/03\/maratobcn-5-768x1024.jpg 768w, https:\/\/barcelona.euses.cat\/wp-content\/uploads\/2023\/03\/maratobcn-5-1152x1536.jpg 1152w, https:\/\/barcelona.euses.cat\/wp-content\/uploads\/2023\/03\/maratobcn-5-1536x2048.jpg 1536w, https:\/\/barcelona.euses.cat\/wp-content\/uploads\/2023\/03\/maratobcn-5-150x200.jpg 150w, https:\/\/barcelona.euses.cat\/wp-content\/uploads\/2023\/03\/maratobcn-5-290x385.jpg 290w, https:\/\/barcelona.euses.cat\/wp-content\/uploads\/2023\/03\/maratobcn-5-400x531.jpg 400w, https:\/\/barcelona.euses.cat\/wp-content\/uploads\/2023\/03\/maratobcn-5-scaled.jpg 1920w\" sizes=\"(max-width: 225px) 100vw, 225px\" \/><\/a>\n\t\t\t<\/dt><\/dl><dl class='gallery-item'>\n\t\t\t<dt class='gallery-icon portrait'>\n\t\t\t\t<a href='https:\/\/barcelona.euses.cat\/ca\/estudiants-del-grau-recuperen-els-participants-de-la-zurich-marato-de-barcelona\/maratobcn-6\/'><img loading=\"lazy\" decoding=\"async\" width=\"225\" height=\"300\" src=\"https:\/\/barcelona.euses.cat\/wp-content\/uploads\/2023\/03\/maratobcn-6-225x300.jpg\" class=\"attachment-medium size-medium\" alt=\"\" srcset=\"https:\/\/barcelona.euses.cat\/wp-content\/uploads\/2023\/03\/maratobcn-6-225x300.jpg 225w, https:\/\/barcelona.euses.cat\/wp-content\/uploads\/2023\/03\/maratobcn-6-768x1024.jpg 768w, https:\/\/barcelona.euses.cat\/wp-content\/uploads\/2023\/03\/maratobcn-6-1152x1536.jpg 1152w, https:\/\/barcelona.euses.cat\/wp-content\/uploads\/2023\/03\/maratobcn-6-1536x2048.jpg 1536w, https:\/\/barcelona.euses.cat\/wp-content\/uploads\/2023\/03\/maratobcn-6-150x200.jpg 150w, https:\/\/barcelona.euses.cat\/wp-content\/uploads\/2023\/03\/maratobcn-6-290x385.jpg 290w, https:\/\/barcelona.euses.cat\/wp-content\/uploads\/2023\/03\/maratobcn-6-400x531.jpg 400w, https:\/\/barcelona.euses.cat\/wp-content\/uploads\/2023\/03\/maratobcn-6-scaled.jpg 1920w\" sizes=\"(max-width: 225px) 100vw, 225px\" \/><\/a>\n\t\t\t<\/dt><\/dl><br style=\"clear: both\" \/><dl class='gallery-item'>\n\t\t\t<dt class='gallery-icon portrait'>\n\t\t\t\t<a href='https:\/\/barcelona.euses.cat\/ca\/estudiants-del-grau-recuperen-els-participants-de-la-zurich-marato-de-barcelona\/maratobcn-8\/'><img loading=\"lazy\" decoding=\"async\" width=\"225\" height=\"300\" src=\"https:\/\/barcelona.euses.cat\/wp-content\/uploads\/2023\/03\/maratobcn-8-225x300.jpg\" class=\"attachment-medium size-medium\" alt=\"\" srcset=\"https:\/\/barcelona.euses.cat\/wp-content\/uploads\/2023\/03\/maratobcn-8-225x300.jpg 225w, https:\/\/barcelona.euses.cat\/wp-content\/uploads\/2023\/03\/maratobcn-8-768x1024.jpg 768w, https:\/\/barcelona.euses.cat\/wp-content\/uploads\/2023\/03\/maratobcn-8-1152x1536.jpg 1152w, https:\/\/barcelona.euses.cat\/wp-content\/uploads\/2023\/03\/maratobcn-8-1536x2048.jpg 1536w, https:\/\/barcelona.euses.cat\/wp-content\/uploads\/2023\/03\/maratobcn-8-150x200.jpg 150w, https:\/\/barcelona.euses.cat\/wp-content\/uploads\/2023\/03\/maratobcn-8-290x385.jpg 290w, https:\/\/barcelona.euses.cat\/wp-content\/uploads\/2023\/03\/maratobcn-8-400x531.jpg 400w, https:\/\/barcelona.euses.cat\/wp-content\/uploads\/2023\/03\/maratobcn-8-scaled.jpg 1920w\" sizes=\"(max-width: 225px) 100vw, 225px\" \/><\/a>\n\t\t\t<\/dt><\/dl><dl class='gallery-item'>\n\t\t\t<dt class='gallery-icon portrait'>\n\t\t\t\t<a href='https:\/\/barcelona.euses.cat\/ca\/estudiants-del-grau-recuperen-els-participants-de-la-zurich-marato-de-barcelona\/maratobcn-9\/'><img loading=\"lazy\" decoding=\"async\" width=\"225\" height=\"300\" src=\"https:\/\/barcelona.euses.cat\/wp-content\/uploads\/2023\/03\/maratobcn-9-225x300.jpg\" class=\"attachment-medium size-medium\" alt=\"\" srcset=\"https:\/\/barcelona.euses.cat\/wp-content\/uploads\/2023\/03\/maratobcn-9-225x300.jpg 225w, https:\/\/barcelona.euses.cat\/wp-content\/uploads\/2023\/03\/maratobcn-9-768x1024.jpg 768w, https:\/\/barcelona.euses.cat\/wp-content\/uploads\/2023\/03\/maratobcn-9-1152x1536.jpg 1152w, https:\/\/barcelona.euses.cat\/wp-content\/uploads\/2023\/03\/maratobcn-9-1536x2048.jpg 1536w, https:\/\/barcelona.euses.cat\/wp-content\/uploads\/2023\/03\/maratobcn-9-150x200.jpg 150w, https:\/\/barcelona.euses.cat\/wp-content\/uploads\/2023\/03\/maratobcn-9-290x385.jpg 290w, https:\/\/barcelona.euses.cat\/wp-content\/uploads\/2023\/03\/maratobcn-9-400x531.jpg 400w, https:\/\/barcelona.euses.cat\/wp-content\/uploads\/2023\/03\/maratobcn-9-scaled.jpg 1920w\" sizes=\"(max-width: 225px) 100vw, 225px\" \/><\/a>\n\t\t\t<\/dt><\/dl><dl class='gallery-item'>\n\t\t\t<dt class='gallery-icon portrait'>\n\t\t\t\t<a href='https:\/\/barcelona.euses.cat\/ca\/estudiants-del-grau-recuperen-els-participants-de-la-zurich-marato-de-barcelona\/maratobcn-10\/'><img loading=\"lazy\" decoding=\"async\" width=\"225\" height=\"300\" src=\"https:\/\/barcelona.euses.cat\/wp-content\/uploads\/2023\/03\/maratobcn-10-225x300.jpg\" class=\"attachment-medium size-medium\" alt=\"\" srcset=\"https:\/\/barcelona.euses.cat\/wp-content\/uploads\/2023\/03\/maratobcn-10-225x300.jpg 225w, https:\/\/barcelona.euses.cat\/wp-content\/uploads\/2023\/03\/maratobcn-10-768x1024.jpg 768w, https:\/\/barcelona.euses.cat\/wp-content\/uploads\/2023\/03\/maratobcn-10-1152x1536.jpg 1152w, https:\/\/barcelona.euses.cat\/wp-content\/uploads\/2023\/03\/maratobcn-10-1536x2048.jpg 1536w, https:\/\/barcelona.euses.cat\/wp-content\/uploads\/2023\/03\/maratobcn-10-150x200.jpg 150w, https:\/\/barcelona.euses.cat\/wp-content\/uploads\/2023\/03\/maratobcn-10-290x385.jpg 290w, https:\/\/barcelona.euses.cat\/wp-content\/uploads\/2023\/03\/maratobcn-10-400x531.jpg 400w, https:\/\/barcelona.euses.cat\/wp-content\/uploads\/2023\/03\/maratobcn-10-scaled.jpg 1920w\" sizes=\"(max-width: 225px) 100vw, 225px\" \/><\/a>\n\t\t\t<\/dt><\/dl><br style=\"clear: both\" \/><dl class='gallery-item'>\n\t\t\t<dt class='gallery-icon portrait'>\n\t\t\t\t<a href='https:\/\/barcelona.euses.cat\/ca\/estudiants-del-grau-recuperen-els-participants-de-la-zurich-marato-de-barcelona\/maratobcn-11\/'><img loading=\"lazy\" decoding=\"async\" width=\"225\" height=\"300\" src=\"https:\/\/barcelona.euses.cat\/wp-content\/uploads\/2023\/03\/maratobcn-11-225x300.jpg\" class=\"attachment-medium size-medium\" alt=\"\" srcset=\"https:\/\/barcelona.euses.cat\/wp-content\/uploads\/2023\/03\/maratobcn-11-225x300.jpg 225w, https:\/\/barcelona.euses.cat\/wp-content\/uploads\/2023\/03\/maratobcn-11-768x1024.jpg 768w, https:\/\/barcelona.euses.cat\/wp-content\/uploads\/2023\/03\/maratobcn-11-1152x1536.jpg 1152w, https:\/\/barcelona.euses.cat\/wp-content\/uploads\/2023\/03\/maratobcn-11-1536x2048.jpg 1536w, https:\/\/barcelona.euses.cat\/wp-content\/uploads\/2023\/03\/maratobcn-11-150x200.jpg 150w, https:\/\/barcelona.euses.cat\/wp-content\/uploads\/2023\/03\/maratobcn-11-290x385.jpg 290w, https:\/\/barcelona.euses.cat\/wp-content\/uploads\/2023\/03\/maratobcn-11-400x531.jpg 400w, https:\/\/barcelona.euses.cat\/wp-content\/uploads\/2023\/03\/maratobcn-11-scaled.jpg 1920w\" sizes=\"(max-width: 225px) 100vw, 225px\" \/><\/a>\n\t\t\t<\/dt><\/dl><dl class='gallery-item'>\n\t\t\t<dt class='gallery-icon portrait'>\n\t\t\t\t<a href='https:\/\/barcelona.euses.cat\/ca\/estudiants-del-grau-recuperen-els-participants-de-la-zurich-marato-de-barcelona\/maratobcn-12\/'><img loading=\"lazy\" decoding=\"async\" width=\"225\" height=\"300\" src=\"https:\/\/barcelona.euses.cat\/wp-content\/uploads\/2023\/03\/maratobcn-12-225x300.jpg\" class=\"attachment-medium size-medium\" alt=\"\" srcset=\"https:\/\/barcelona.euses.cat\/wp-content\/uploads\/2023\/03\/maratobcn-12-225x300.jpg 225w, https:\/\/barcelona.euses.cat\/wp-content\/uploads\/2023\/03\/maratobcn-12-768x1024.jpg 768w, https:\/\/barcelona.euses.cat\/wp-content\/uploads\/2023\/03\/maratobcn-12-1152x1536.jpg 1152w, https:\/\/barcelona.euses.cat\/wp-content\/uploads\/2023\/03\/maratobcn-12-1536x2048.jpg 1536w, https:\/\/barcelona.euses.cat\/wp-content\/uploads\/2023\/03\/maratobcn-12-150x200.jpg 150w, https:\/\/barcelona.euses.cat\/wp-content\/uploads\/2023\/03\/maratobcn-12-290x385.jpg 290w, https:\/\/barcelona.euses.cat\/wp-content\/uploads\/2023\/03\/maratobcn-12-400x531.jpg 400w, https:\/\/barcelona.euses.cat\/wp-content\/uploads\/2023\/03\/maratobcn-12-scaled.jpg 1920w\" sizes=\"(max-width: 225px) 100vw, 225px\" \/><\/a>\n\t\t\t<\/dt><\/dl><dl class='gallery-item'>\n\t\t\t<dt class='gallery-icon portrait'>\n\t\t\t\t<a href='https:\/\/barcelona.euses.cat\/ca\/estudiants-del-grau-recuperen-els-participants-de-la-zurich-marato-de-barcelona\/maratobcn-13\/'><img loading=\"lazy\" decoding=\"async\" width=\"225\" height=\"300\" src=\"https:\/\/barcelona.euses.cat\/wp-content\/uploads\/2023\/03\/maratobcn-13-225x300.jpg\" class=\"attachment-medium size-medium\" alt=\"\" srcset=\"https:\/\/barcelona.euses.cat\/wp-content\/uploads\/2023\/03\/maratobcn-13-225x300.jpg 225w, https:\/\/barcelona.euses.cat\/wp-content\/uploads\/2023\/03\/maratobcn-13-768x1024.jpg 768w, https:\/\/barcelona.euses.cat\/wp-content\/uploads\/2023\/03\/maratobcn-13-1152x1536.jpg 1152w, https:\/\/barcelona.euses.cat\/wp-content\/uploads\/2023\/03\/maratobcn-13-1536x2048.jpg 1536w, https:\/\/barcelona.euses.cat\/wp-content\/uploads\/2023\/03\/maratobcn-13-150x200.jpg 150w, https:\/\/barcelona.euses.cat\/wp-content\/uploads\/2023\/03\/maratobcn-13-290x385.jpg 290w, https:\/\/barcelona.euses.cat\/wp-content\/uploads\/2023\/03\/maratobcn-13-400x531.jpg 400w, https:\/\/barcelona.euses.cat\/wp-content\/uploads\/2023\/03\/maratobcn-13-scaled.jpg 1920w\" sizes=\"(max-width: 225px) 100vw, 225px\" \/><\/a>\n\t\t\t<\/dt><\/dl><br style=\"clear: both\" \/><dl class='gallery-item'>\n\t\t\t<dt class='gallery-icon portrait'>\n\t\t\t\t<a href='https:\/\/barcelona.euses.cat\/ca\/estudiants-del-grau-recuperen-els-participants-de-la-zurich-marato-de-barcelona\/maratobcn-14\/'><img loading=\"lazy\" decoding=\"async\" width=\"225\" height=\"300\" src=\"https:\/\/barcelona.euses.cat\/wp-content\/uploads\/2023\/03\/maratobcn-14-225x300.jpg\" class=\"attachment-medium size-medium\" alt=\"\" srcset=\"https:\/\/barcelona.euses.cat\/wp-content\/uploads\/2023\/03\/maratobcn-14-225x300.jpg 225w, https:\/\/barcelona.euses.cat\/wp-content\/uploads\/2023\/03\/maratobcn-14-768x1024.jpg 768w, https:\/\/barcelona.euses.cat\/wp-content\/uploads\/2023\/03\/maratobcn-14-1152x1536.jpg 1152w, https:\/\/barcelona.euses.cat\/wp-content\/uploads\/2023\/03\/maratobcn-14-1536x2048.jpg 1536w, https:\/\/barcelona.euses.cat\/wp-content\/uploads\/2023\/03\/maratobcn-14-150x200.jpg 150w, https:\/\/barcelona.euses.cat\/wp-content\/uploads\/2023\/03\/maratobcn-14-290x385.jpg 290w, https:\/\/barcelona.euses.cat\/wp-content\/uploads\/2023\/03\/maratobcn-14-400x531.jpg 400w, https:\/\/barcelona.euses.cat\/wp-content\/uploads\/2023\/03\/maratobcn-14-scaled.jpg 1920w\" sizes=\"(max-width: 225px) 100vw, 225px\" \/><\/a>\n\t\t\t<\/dt><\/dl>\n\t\t\t<br style='clear: both' \/>\n\t\t<\/div>\n\n","protected":false},"excerpt":{"rendered":"<p>Aquest diumenge s\u2019ha celebrat la 44a edici\u00f3 de la Marat\u00f3 de Barcelona, un esdeveniment de gran magnitud que ha superat els 15.000 inscrits que han realitzat un recorregut de 42,195 quil\u00f2metres pels carrers de la ciutat. L\u2019Escola Universit\u00e0ria de la Salut i l\u2019Esport hi ha col\u00b7laborat amb un nombr\u00f3s contingent d\u2019estudiants del Grau en Fisioter\u00e0pia [&hellip;]<\/p>\n","protected":false},"author":3,"featured_media":11054,"comment_status":"open","ping_status":"closed","sticky":false,"template":"","format":"standard","meta":{"_acf_changed":false,"inline_featured_image":false,"_joinchat":[],"footnotes":""},"categories":[46],"tags":[],"class_list":["post-11044","post","type-post","status-publish","format-standard","has-post-thumbnail","hentry","category-sense-categoria"],"acf":[],"yoast_head":"<!-- This site is optimized with the Yoast SEO plugin v27.4 - https:\/\/yoast.com\/product\/yoast-seo-wordpress\/ -->\n<title>Estudiants del Grau recuperen els participants de la Zurich Marat\u00f3 de Barcelona | EUSES- Campus de Bellvitge (Barcelona)<\/title>\n<meta name=\"robots\" content=\"index, follow, max-snippet:-1, max-image-preview:large, max-video-preview:-1\" \/>\n<link rel=\"canonical\" href=\"https:\/\/barcelona.euses.cat\/ca\/estudiants-del-grau-recuperen-els-participants-de-la-zurich-marato-de-barcelona\/\" \/>\n<meta property=\"og:locale\" content=\"ca_ES\" \/>\n<meta property=\"og:type\" content=\"article\" \/>\n<meta property=\"og:title\" content=\"Estudiants del Grau recuperen els participants de la Zurich Marat\u00f3 de Barcelona | EUSES- Campus de Bellvitge (Barcelona)\" \/>\n<meta property=\"og:description\" content=\"Aquest diumenge s\u2019ha celebrat la 44a edici\u00f3 de la Marat\u00f3 de Barcelona, un esdeveniment de gran magnitud que ha superat els 15.000 inscrits que han realitzat un recorregut de 42,195 quil\u00f2metres pels carrers de la ciutat. L\u2019Escola Universit\u00e0ria de la Salut i l\u2019Esport hi ha col\u00b7laborat amb un nombr\u00f3s contingent d\u2019estudiants del Grau en Fisioter\u00e0pia [&hellip;]\" \/>\n<meta property=\"og:url\" content=\"https:\/\/barcelona.euses.cat\/ca\/estudiants-del-grau-recuperen-els-participants-de-la-zurich-marato-de-barcelona\/\" \/>\n<meta property=\"og:site_name\" content=\"EUSES- Campus de Bellvitge (Barcelona)\" \/>\n<meta property=\"article:publisher\" content=\"https:\/\/www.facebook.com\/PhysioBCN\/\" \/>\n<meta property=\"article:published_time\" content=\"2023-03-20T16:32:11+00:00\" \/>\n<meta property=\"article:modified_time\" content=\"2023-03-20T16:34:55+00:00\" \/>\n<meta property=\"og:image\" content=\"https:\/\/barcelona.euses.cat\/wp-content\/uploads\/2023\/03\/maratobcn-7-scaled.jpg\" \/>\n\t<meta property=\"og:image:width\" content=\"2560\" \/>\n\t<meta property=\"og:image:height\" content=\"1920\" \/>\n\t<meta property=\"og:image:type\" content=\"image\/jpeg\" \/>\n<meta name=\"author\" content=\"Jordi Danes\" \/>\n<meta name=\"twitter:card\" content=\"summary_large_image\" \/>\n<meta name=\"twitter:label1\" content=\"Escrit per\" \/>\n\t<meta name=\"twitter:data1\" content=\"Jordi Danes\" \/>\n\t<meta name=\"twitter:label2\" content=\"Temps estimat de lectura\" \/>\n\t<meta name=\"twitter:data2\" content=\"1 minut\" \/>\n<script type=\"application\/ld+json\" class=\"yoast-schema-graph\">{\"@context\":\"https:\\\/\\\/schema.org\",\"@graph\":[{\"@type\":\"Article\",\"@id\":\"https:\\\/\\\/barcelona.euses.cat\\\/ca\\\/estudiants-del-grau-recuperen-els-participants-de-la-zurich-marato-de-barcelona\\\/#article\",\"isPartOf\":{\"@id\":\"https:\\\/\\\/barcelona.euses.cat\\\/ca\\\/estudiants-del-grau-recuperen-els-participants-de-la-zurich-marato-de-barcelona\\\/\"},\"author\":{\"name\":\"Jordi Danes\",\"@id\":\"https:\\\/\\\/barcelona.euses.cat\\\/ca\\\/#\\\/schema\\\/person\\\/8ab46080dfc4814fa59383db317735bd\"},\"headline\":\"Estudiants del Grau recuperen els participants de la Zurich Marat\u00f3 de Barcelona\",\"datePublished\":\"2023-03-20T16:32:11+00:00\",\"dateModified\":\"2023-03-20T16:34:55+00:00\",\"mainEntityOfPage\":{\"@id\":\"https:\\\/\\\/barcelona.euses.cat\\\/ca\\\/estudiants-del-grau-recuperen-els-participants-de-la-zurich-marato-de-barcelona\\\/\"},\"wordCount\":201,\"commentCount\":0,\"image\":{\"@id\":\"https:\\\/\\\/barcelona.euses.cat\\\/ca\\\/estudiants-del-grau-recuperen-els-participants-de-la-zurich-marato-de-barcelona\\\/#primaryimage\"},\"thumbnailUrl\":\"https:\\\/\\\/barcelona.euses.cat\\\/wp-content\\\/uploads\\\/2023\\\/03\\\/maratobcn-7-scaled.jpg\",\"articleSection\":[\"sense categoria\"],\"inLanguage\":\"ca\"},{\"@type\":\"WebPage\",\"@id\":\"https:\\\/\\\/barcelona.euses.cat\\\/ca\\\/estudiants-del-grau-recuperen-els-participants-de-la-zurich-marato-de-barcelona\\\/\",\"url\":\"https:\\\/\\\/barcelona.euses.cat\\\/ca\\\/estudiants-del-grau-recuperen-els-participants-de-la-zurich-marato-de-barcelona\\\/\",\"name\":\"Estudiants del Grau recuperen els participants de la Zurich Marat\u00f3 de Barcelona | EUSES- Campus de Bellvitge (Barcelona)\",\"isPartOf\":{\"@id\":\"https:\\\/\\\/barcelona.euses.cat\\\/ca\\\/#website\"},\"primaryImageOfPage\":{\"@id\":\"https:\\\/\\\/barcelona.euses.cat\\\/ca\\\/estudiants-del-grau-recuperen-els-participants-de-la-zurich-marato-de-barcelona\\\/#primaryimage\"},\"image\":{\"@id\":\"https:\\\/\\\/barcelona.euses.cat\\\/ca\\\/estudiants-del-grau-recuperen-els-participants-de-la-zurich-marato-de-barcelona\\\/#primaryimage\"},\"thumbnailUrl\":\"https:\\\/\\\/barcelona.euses.cat\\\/wp-content\\\/uploads\\\/2023\\\/03\\\/maratobcn-7-scaled.jpg\",\"datePublished\":\"2023-03-20T16:32:11+00:00\",\"dateModified\":\"2023-03-20T16:34:55+00:00\",\"author\":{\"@id\":\"https:\\\/\\\/barcelona.euses.cat\\\/ca\\\/#\\\/schema\\\/person\\\/8ab46080dfc4814fa59383db317735bd\"},\"breadcrumb\":{\"@id\":\"https:\\\/\\\/barcelona.euses.cat\\\/ca\\\/estudiants-del-grau-recuperen-els-participants-de-la-zurich-marato-de-barcelona\\\/#breadcrumb\"},\"inLanguage\":\"ca\",\"potentialAction\":[{\"@type\":\"ReadAction\",\"target\":[\"https:\\\/\\\/barcelona.euses.cat\\\/ca\\\/estudiants-del-grau-recuperen-els-participants-de-la-zurich-marato-de-barcelona\\\/\"]}]},{\"@type\":\"ImageObject\",\"inLanguage\":\"ca\",\"@id\":\"https:\\\/\\\/barcelona.euses.cat\\\/ca\\\/estudiants-del-grau-recuperen-els-participants-de-la-zurich-marato-de-barcelona\\\/#primaryimage\",\"url\":\"https:\\\/\\\/barcelona.euses.cat\\\/wp-content\\\/uploads\\\/2023\\\/03\\\/maratobcn-7-scaled.jpg\",\"contentUrl\":\"https:\\\/\\\/barcelona.euses.cat\\\/wp-content\\\/uploads\\\/2023\\\/03\\\/maratobcn-7-scaled.jpg\",\"width\":2560,\"height\":1920},{\"@type\":\"BreadcrumbList\",\"@id\":\"https:\\\/\\\/barcelona.euses.cat\\\/ca\\\/estudiants-del-grau-recuperen-els-participants-de-la-zurich-marato-de-barcelona\\\/#breadcrumb\",\"itemListElement\":[{\"@type\":\"ListItem\",\"position\":1,\"name\":\"Portada\",\"item\":\"https:\\\/\\\/barcelona.euses.cat\\\/ca\\\/\"},{\"@type\":\"ListItem\",\"position\":2,\"name\":\"Estudiants del Grau recuperen els participants de la Zurich Marat\u00f3 de Barcelona\"}]},{\"@type\":\"WebSite\",\"@id\":\"https:\\\/\\\/barcelona.euses.cat\\\/ca\\\/#website\",\"url\":\"https:\\\/\\\/barcelona.euses.cat\\\/ca\\\/\",\"name\":\"EUSES - Campus de Bellvitge (Barcelona)\",\"description\":\"EUSES, Escola Universit\u00e0ria de Fisioter\u00e0pia Internacional a Barcelona\",\"potentialAction\":[{\"@type\":\"SearchAction\",\"target\":{\"@type\":\"EntryPoint\",\"urlTemplate\":\"https:\\\/\\\/barcelona.euses.cat\\\/ca\\\/?s={search_term_string}\"},\"query-input\":{\"@type\":\"PropertyValueSpecification\",\"valueRequired\":true,\"valueName\":\"search_term_string\"}}],\"inLanguage\":\"ca\"},{\"@type\":\"Person\",\"@id\":\"https:\\\/\\\/barcelona.euses.cat\\\/ca\\\/#\\\/schema\\\/person\\\/8ab46080dfc4814fa59383db317735bd\",\"name\":\"Jordi Danes\",\"image\":{\"@type\":\"ImageObject\",\"inLanguage\":\"ca\",\"@id\":\"https:\\\/\\\/secure.gravatar.com\\\/avatar\\\/a9e4f443b594af225625ee8cfa665e41b1e0740ea34fbe0515b4ca559f8570ef?s=96&d=mm&r=g\",\"url\":\"https:\\\/\\\/secure.gravatar.com\\\/avatar\\\/a9e4f443b594af225625ee8cfa665e41b1e0740ea34fbe0515b4ca559f8570ef?s=96&d=mm&r=g\",\"contentUrl\":\"https:\\\/\\\/secure.gravatar.com\\\/avatar\\\/a9e4f443b594af225625ee8cfa665e41b1e0740ea34fbe0515b4ca559f8570ef?s=96&d=mm&r=g\",\"caption\":\"Jordi Danes\"},\"url\":\"https:\\\/\\\/barcelona.euses.cat\\\/ca\\\/author\\\/jordi-danes\\\/\"}]}<\/script>\n<!-- \/ Yoast SEO plugin. -->","yoast_head_json":{"title":"Estudiants del Grau recuperen els participants de la Zurich Marat\u00f3 de Barcelona | EUSES- Campus de Bellvitge (Barcelona)","robots":{"index":"index","follow":"follow","max-snippet":"max-snippet:-1","max-image-preview":"max-image-preview:large","max-video-preview":"max-video-preview:-1"},"canonical":"https:\/\/barcelona.euses.cat\/ca\/estudiants-del-grau-recuperen-els-participants-de-la-zurich-marato-de-barcelona\/","og_locale":"ca_ES","og_type":"article","og_title":"Estudiants del Grau recuperen els participants de la Zurich Marat\u00f3 de Barcelona | EUSES- Campus de Bellvitge (Barcelona)","og_description":"Aquest diumenge s\u2019ha celebrat la 44a edici\u00f3 de la Marat\u00f3 de Barcelona, un esdeveniment de gran magnitud que ha superat els 15.000 inscrits que han realitzat un recorregut de 42,195 quil\u00f2metres pels carrers de la ciutat. L\u2019Escola Universit\u00e0ria de la Salut i l\u2019Esport hi ha col\u00b7laborat amb un nombr\u00f3s contingent d\u2019estudiants del Grau en Fisioter\u00e0pia [&hellip;]","og_url":"https:\/\/barcelona.euses.cat\/ca\/estudiants-del-grau-recuperen-els-participants-de-la-zurich-marato-de-barcelona\/","og_site_name":"EUSES- Campus de Bellvitge (Barcelona)","article_publisher":"https:\/\/www.facebook.com\/PhysioBCN\/","article_published_time":"2023-03-20T16:32:11+00:00","article_modified_time":"2023-03-20T16:34:55+00:00","og_image":[{"width":2560,"height":1920,"url":"https:\/\/barcelona.euses.cat\/wp-content\/uploads\/2023\/03\/maratobcn-7-scaled.jpg","type":"image\/jpeg"}],"author":"Jordi Danes","twitter_card":"summary_large_image","twitter_misc":{"Escrit per":"Jordi Danes","Temps estimat de lectura":"1 minut"},"schema":{"@context":"https:\/\/schema.org","@graph":[{"@type":"Article","@id":"https:\/\/barcelona.euses.cat\/ca\/estudiants-del-grau-recuperen-els-participants-de-la-zurich-marato-de-barcelona\/#article","isPartOf":{"@id":"https:\/\/barcelona.euses.cat\/ca\/estudiants-del-grau-recuperen-els-participants-de-la-zurich-marato-de-barcelona\/"},"author":{"name":"Jordi Danes","@id":"https:\/\/barcelona.euses.cat\/ca\/#\/schema\/person\/8ab46080dfc4814fa59383db317735bd"},"headline":"Estudiants del Grau recuperen els participants de la Zurich Marat\u00f3 de Barcelona","datePublished":"2023-03-20T16:32:11+00:00","dateModified":"2023-03-20T16:34:55+00:00","mainEntityOfPage":{"@id":"https:\/\/barcelona.euses.cat\/ca\/estudiants-del-grau-recuperen-els-participants-de-la-zurich-marato-de-barcelona\/"},"wordCount":201,"commentCount":0,"image":{"@id":"https:\/\/barcelona.euses.cat\/ca\/estudiants-del-grau-recuperen-els-participants-de-la-zurich-marato-de-barcelona\/#primaryimage"},"thumbnailUrl":"https:\/\/barcelona.euses.cat\/wp-content\/uploads\/2023\/03\/maratobcn-7-scaled.jpg","articleSection":["sense categoria"],"inLanguage":"ca"},{"@type":"WebPage","@id":"https:\/\/barcelona.euses.cat\/ca\/estudiants-del-grau-recuperen-els-participants-de-la-zurich-marato-de-barcelona\/","url":"https:\/\/barcelona.euses.cat\/ca\/estudiants-del-grau-recuperen-els-participants-de-la-zurich-marato-de-barcelona\/","name":"Estudiants del Grau recuperen els participants de la Zurich Marat\u00f3 de Barcelona | EUSES- Campus de Bellvitge (Barcelona)","isPartOf":{"@id":"https:\/\/barcelona.euses.cat\/ca\/#website"},"primaryImageOfPage":{"@id":"https:\/\/barcelona.euses.cat\/ca\/estudiants-del-grau-recuperen-els-participants-de-la-zurich-marato-de-barcelona\/#primaryimage"},"image":{"@id":"https:\/\/barcelona.euses.cat\/ca\/estudiants-del-grau-recuperen-els-participants-de-la-zurich-marato-de-barcelona\/#primaryimage"},"thumbnailUrl":"https:\/\/barcelona.euses.cat\/wp-content\/uploads\/2023\/03\/maratobcn-7-scaled.jpg","datePublished":"2023-03-20T16:32:11+00:00","dateModified":"2023-03-20T16:34:55+00:00","author":{"@id":"https:\/\/barcelona.euses.cat\/ca\/#\/schema\/person\/8ab46080dfc4814fa59383db317735bd"},"breadcrumb":{"@id":"https:\/\/barcelona.euses.cat\/ca\/estudiants-del-grau-recuperen-els-participants-de-la-zurich-marato-de-barcelona\/#breadcrumb"},"inLanguage":"ca","potentialAction":[{"@type":"ReadAction","target":["https:\/\/barcelona.euses.cat\/ca\/estudiants-del-grau-recuperen-els-participants-de-la-zurich-marato-de-barcelona\/"]}]},{"@type":"ImageObject","inLanguage":"ca","@id":"https:\/\/barcelona.euses.cat\/ca\/estudiants-del-grau-recuperen-els-participants-de-la-zurich-marato-de-barcelona\/#primaryimage","url":"https:\/\/barcelona.euses.cat\/wp-content\/uploads\/2023\/03\/maratobcn-7-scaled.jpg","contentUrl":"https:\/\/barcelona.euses.cat\/wp-content\/uploads\/2023\/03\/maratobcn-7-scaled.jpg","width":2560,"height":1920},{"@type":"BreadcrumbList","@id":"https:\/\/barcelona.euses.cat\/ca\/estudiants-del-grau-recuperen-els-participants-de-la-zurich-marato-de-barcelona\/#breadcrumb","itemListElement":[{"@type":"ListItem","position":1,"name":"Portada","item":"https:\/\/barcelona.euses.cat\/ca\/"},{"@type":"ListItem","position":2,"name":"Estudiants del Grau recuperen els participants de la Zurich Marat\u00f3 de Barcelona"}]},{"@type":"WebSite","@id":"https:\/\/barcelona.euses.cat\/ca\/#website","url":"https:\/\/barcelona.euses.cat\/ca\/","name":"EUSES - Campus de Bellvitge (Barcelona)","description":"EUSES, Escola Universit\u00e0ria de Fisioter\u00e0pia Internacional a Barcelona","potentialAction":[{"@type":"SearchAction","target":{"@type":"EntryPoint","urlTemplate":"https:\/\/barcelona.euses.cat\/ca\/?s={search_term_string}"},"query-input":{"@type":"PropertyValueSpecification","valueRequired":true,"valueName":"search_term_string"}}],"inLanguage":"ca"},{"@type":"Person","@id":"https:\/\/barcelona.euses.cat\/ca\/#\/schema\/person\/8ab46080dfc4814fa59383db317735bd","name":"Jordi Danes","image":{"@type":"ImageObject","inLanguage":"ca","@id":"https:\/\/secure.gravatar.com\/avatar\/a9e4f443b594af225625ee8cfa665e41b1e0740ea34fbe0515b4ca559f8570ef?s=96&d=mm&r=g","url":"https:\/\/secure.gravatar.com\/avatar\/a9e4f443b594af225625ee8cfa665e41b1e0740ea34fbe0515b4ca559f8570ef?s=96&d=mm&r=g","contentUrl":"https:\/\/secure.gravatar.com\/avatar\/a9e4f443b594af225625ee8cfa665e41b1e0740ea34fbe0515b4ca559f8570ef?s=96&d=mm&r=g","caption":"Jordi Danes"},"url":"https:\/\/barcelona.euses.cat\/ca\/author\/jordi-danes\/"}]}},"_links":{"self":[{"href":"https:\/\/barcelona.euses.cat\/ca\/wp-json\/wp\/v2\/posts\/11044","targetHints":{"allow":["GET"]}}],"collection":[{"href":"https:\/\/barcelona.euses.cat\/ca\/wp-json\/wp\/v2\/posts"}],"about":[{"href":"https:\/\/barcelona.euses.cat\/ca\/wp-json\/wp\/v2\/types\/post"}],"author":[{"embeddable":true,"href":"https:\/\/barcelona.euses.cat\/ca\/wp-json\/wp\/v2\/users\/3"}],"replies":[{"embeddable":true,"href":"https:\/\/barcelona.euses.cat\/ca\/wp-json\/wp\/v2\/comments?post=11044"}],"version-history":[{"count":2,"href":"https:\/\/barcelona.euses.cat\/ca\/wp-json\/wp\/v2\/posts\/11044\/revisions"}],"predecessor-version":[{"id":11110,"href":"https:\/\/barcelona.euses.cat\/ca\/wp-json\/wp\/v2\/posts\/11044\/revisions\/11110"}],"wp:featuredmedia":[{"embeddable":true,"href":"https:\/\/barcelona.euses.cat\/ca\/wp-json\/wp\/v2\/media\/11054"}],"wp:attachment":[{"href":"https:\/\/barcelona.euses.cat\/ca\/wp-json\/wp\/v2\/media?parent=11044"}],"wp:term":[{"taxonomy":"category","embeddable":true,"href":"https:\/\/barcelona.euses.cat\/ca\/wp-json\/wp\/v2\/categories?post=11044"},{"taxonomy":"post_tag","embeddable":true,"href":"https:\/\/barcelona.euses.cat\/ca\/wp-json\/wp\/v2\/tags?post=11044"}],"curies":[{"name":"wp","href":"https:\/\/api.w.org\/{rel}","templated":true}]}}