{"id":11012,"date":"2023-03-15T13:56:48","date_gmt":"2023-03-15T12:56:48","guid":{"rendered":"https:\/\/barcelona.euses.cat\/?p=11012"},"modified":"2023-03-15T13:56:48","modified_gmt":"2023-03-15T12:56:48","slug":"lescola-universitaria-de-la-salut-i-lesport-exposa-tota-la-seva-oferta-academica-en-el-salo-de-lensenyament-de-barcelona-2","status":"publish","type":"post","link":"https:\/\/barcelona.euses.cat\/ca\/lescola-universitaria-de-la-salut-i-lesport-exposa-tota-la-seva-oferta-academica-en-el-salo-de-lensenyament-de-barcelona-2\/","title":{"rendered":"L\u2019Escola Universit\u00e0ria de la Salut i l\u2019Esport exposa tota la seva oferta acad\u00e8mica en el Sal\u00f3 de l\u2019Ensenyament de Barcelona"},"content":{"rendered":"<p>L\u2019<a href=\"http:\/\/euses.cat\/\">Escola Universit\u00e0ria de la Salut i l\u2019Esport<\/a>\u00a0est\u00e1 present un any m\u00e9s en el\u00a0<a href=\"https:\/\/www.ensenyament.com\/ca\/\">Sal\u00f3 de l\u2019Ensenyament<\/a>, que ha obert aquest dimecres les portes en el recinte Montju\u00efc de la Fira de Barcelona i que esdevindr\u00e0 fins al diumenge dia 19 de mar\u00e7 el centre neur\u00e0lgic de l\u2019orientaci\u00f3 pel que fa a la formaci\u00f3 acad\u00e8mica i sortides laborals. EUSES disposa en l\u2019actualitat de tres Campus: Salt, Bellvitge i Terres de l\u2019Ebre (Amposta i Tortosa) i durant el sal\u00f3 ha desplegat un contingent de personal (directors, professors, membres de PAS&#8230;) per informar amb tot detall a aquells estudiants que es volen sumar a la familia a partir del curs acad\u00e8mic 2023\/2024.<\/p>\n<p>A l\u2019EUSES, que es troba situat a l\u2019estand 121 (pavell\u00f3 1, nivell 0, carrer A), hi trobareu tota la seva oferta acad\u00e8mica dels graus en Ci\u00e8ncies de l\u2019Activitat F\u00edsica i l\u2019Esport i en Fisioter\u00e0pia, dues formacions especialitzades i de qualitat. El <strong>Grau en CAFE<\/strong>\u00a0es pot realitzar al\u00a0<a href=\"http:\/\/euses.cat\/estudis\/graus\/grau-en-ciencies-de-lactivitat-fisica-i-de-lesport-cafe\/grau-en-ciencies-de-lactivitat-fisica-i-de-lesport-cafe-campus-de-salt\/\">Campus de Salt-UdG<\/a>\u00a0i al\u00a0<a href=\"http:\/\/euses.cat\/estudis\/graus\/grau-en-ciencies-de-lactivitat-fisica-i-de-lesport-cafe\/grau-en-ciencies-de-lactivitat-fisica-i-de-lesport-cafe-campus-terres-de-lebre\/\">Campus de Terres de l\u2019Ebre-URV, a Amposta<\/a>.<\/p>\n<p>Pel que fa al\u00a0<strong>Grau en Fisioter\u00e0pia<\/strong>, tamb\u00e9 es pot cursar al centre adscrit de la\u00a0<a href=\"http:\/\/euses.cat\/estudis\/graus\/grau-en-fisioterapia\/grau-en-fisioterapia-campus-de-salt\/\">UdG (Campus de Salt)<\/a>, al centre adscrit de la\u00a0<a href=\"http:\/\/euses.cat\/estudis\/graus\/grau-en-fisioterapia\/grau-en-fisioterapia-campus-terres-de-lebre\/\">URV (Campus de Terres de l\u2019Ebre, a Tortosa<\/a>) i a Barcelona en una formaci\u00f3 \u00edntegrament en angl\u00e8s i vinculat a les noves tecnologies:\u00a0<a href=\"https:\/\/barcelona.euses.cat\/\">Physiotherapy (ENTI-UB \u00a0i EUSES-UdG).<\/a><\/p>\n<p>Tantmateix, l\u2019Escola Universit\u00e0ria de la Salut i l\u2019Esport ofereix la possibilitat de la\u00a0<strong>Doble Titulaci\u00f3\u00a0CAFE+Fisioter\u00e0pia<\/strong>,\u00a0 tant al\u00a0<a href=\"https:\/\/girona.euses.cat\/estudis\/doble-titulacio-cafe-fisioterapia\/\">Campus de Salt<\/a>\u00a0com al\u00a0<a href=\"https:\/\/tarragona.euses.cat\/estudis\/doble-titulacio-cafe-fisioterapia\/\">Campus de Terres de l\u2019Ebre<\/a>, una formaci\u00f3 molt completa en dos \u00e0mbits tan interrelacionats com els de l\u2019esport i la salut.<\/p>\n\n\t\t<style type=\"text\/css\">\n\t\t\t#gallery-1 {\n\t\t\t\tmargin: auto;\n\t\t\t}\n\t\t\t#gallery-1 .gallery-item {\n\t\t\t\tfloat: left;\n\t\t\t\tmargin-top: 10px;\n\t\t\t\ttext-align: center;\n\t\t\t\twidth: 33%;\n\t\t\t}\n\t\t\t#gallery-1 img {\n\t\t\t\tborder: 2px solid #cfcfcf;\n\t\t\t}\n\t\t\t#gallery-1 .gallery-caption {\n\t\t\t\tmargin-left: 0;\n\t\t\t}\n\t\t\t\/* see gallery_shortcode() in wp-includes\/media.php *\/\n\t\t<\/style>\n\t\t<div id='gallery-1' class='gallery galleryid-11012 gallery-columns-3 gallery-size-medium'><dl class='gallery-item'>\n\t\t\t<dt class='gallery-icon portrait'>\n\t\t\t\t<a href='https:\/\/barcelona.euses.cat\/ca\/lescola-universitaria-de-la-salut-i-lesport-exposa-tota-la-seva-oferta-academica-en-el-salo-de-lensenyament-de-barcelona-2\/salo-ensenyament-1\/'><img fetchpriority=\"high\" decoding=\"async\" width=\"225\" height=\"300\" src=\"https:\/\/barcelona.euses.cat\/wp-content\/uploads\/2023\/03\/salo-ensenyament-1-225x300.jpg\" class=\"attachment-medium size-medium\" alt=\"\" srcset=\"https:\/\/barcelona.euses.cat\/wp-content\/uploads\/2023\/03\/salo-ensenyament-1-225x300.jpg 225w, https:\/\/barcelona.euses.cat\/wp-content\/uploads\/2023\/03\/salo-ensenyament-1-768x1024.jpg 768w, https:\/\/barcelona.euses.cat\/wp-content\/uploads\/2023\/03\/salo-ensenyament-1-1152x1536.jpg 1152w, https:\/\/barcelona.euses.cat\/wp-content\/uploads\/2023\/03\/salo-ensenyament-1-150x200.jpg 150w, https:\/\/barcelona.euses.cat\/wp-content\/uploads\/2023\/03\/salo-ensenyament-1-290x385.jpg 290w, https:\/\/barcelona.euses.cat\/wp-content\/uploads\/2023\/03\/salo-ensenyament-1-400x531.jpg 400w, https:\/\/barcelona.euses.cat\/wp-content\/uploads\/2023\/03\/salo-ensenyament-1.jpg 1200w\" sizes=\"(max-width: 225px) 100vw, 225px\" \/><\/a>\n\t\t\t<\/dt><\/dl><dl class='gallery-item'>\n\t\t\t<dt class='gallery-icon portrait'>\n\t\t\t\t<a href='https:\/\/barcelona.euses.cat\/ca\/lescola-universitaria-de-la-salut-i-lesport-exposa-tota-la-seva-oferta-academica-en-el-salo-de-lensenyament-de-barcelona-2\/salo-ensenyament-2\/'><img decoding=\"async\" width=\"225\" height=\"300\" src=\"https:\/\/barcelona.euses.cat\/wp-content\/uploads\/2023\/03\/salo-ensenyament-2-225x300.jpg\" class=\"attachment-medium size-medium\" alt=\"\" srcset=\"https:\/\/barcelona.euses.cat\/wp-content\/uploads\/2023\/03\/salo-ensenyament-2-225x300.jpg 225w, https:\/\/barcelona.euses.cat\/wp-content\/uploads\/2023\/03\/salo-ensenyament-2-768x1024.jpg 768w, https:\/\/barcelona.euses.cat\/wp-content\/uploads\/2023\/03\/salo-ensenyament-2-1152x1536.jpg 1152w, https:\/\/barcelona.euses.cat\/wp-content\/uploads\/2023\/03\/salo-ensenyament-2-150x200.jpg 150w, https:\/\/barcelona.euses.cat\/wp-content\/uploads\/2023\/03\/salo-ensenyament-2-290x385.jpg 290w, https:\/\/barcelona.euses.cat\/wp-content\/uploads\/2023\/03\/salo-ensenyament-2-400x531.jpg 400w, https:\/\/barcelona.euses.cat\/wp-content\/uploads\/2023\/03\/salo-ensenyament-2.jpg 1200w\" sizes=\"(max-width: 225px) 100vw, 225px\" \/><\/a>\n\t\t\t<\/dt><\/dl><dl class='gallery-item'>\n\t\t\t<dt class='gallery-icon landscape'>\n\t\t\t\t<a href='https:\/\/barcelona.euses.cat\/ca\/lescola-universitaria-de-la-salut-i-lesport-exposa-tota-la-seva-oferta-academica-en-el-salo-de-lensenyament-de-barcelona-2\/salo-ensenyament-3\/'><img decoding=\"async\" width=\"300\" height=\"225\" src=\"https:\/\/barcelona.euses.cat\/wp-content\/uploads\/2023\/03\/salo-ensenyament-3-300x225.jpg\" class=\"attachment-medium size-medium\" alt=\"\" srcset=\"https:\/\/barcelona.euses.cat\/wp-content\/uploads\/2023\/03\/salo-ensenyament-3-300x225.jpg 300w, https:\/\/barcelona.euses.cat\/wp-content\/uploads\/2023\/03\/salo-ensenyament-3-1024x768.jpg 1024w, https:\/\/barcelona.euses.cat\/wp-content\/uploads\/2023\/03\/salo-ensenyament-3-768x576.jpg 768w, https:\/\/barcelona.euses.cat\/wp-content\/uploads\/2023\/03\/salo-ensenyament-3-1536x1152.jpg 1536w, https:\/\/barcelona.euses.cat\/wp-content\/uploads\/2023\/03\/salo-ensenyament-3-267x200.jpg 267w, https:\/\/barcelona.euses.cat\/wp-content\/uploads\/2023\/03\/salo-ensenyament-3-700x525.jpg 700w, https:\/\/barcelona.euses.cat\/wp-content\/uploads\/2023\/03\/salo-ensenyament-3.jpg 1600w\" sizes=\"(max-width: 300px) 100vw, 300px\" \/><\/a>\n\t\t\t<\/dt><\/dl><br style=\"clear: both\" \/><dl class='gallery-item'>\n\t\t\t<dt class='gallery-icon landscape'>\n\t\t\t\t<a href='https:\/\/barcelona.euses.cat\/ca\/lescola-universitaria-de-la-salut-i-lesport-exposa-tota-la-seva-oferta-academica-en-el-salo-de-lensenyament-de-barcelona-2\/salo-ensenyament-4\/'><img loading=\"lazy\" decoding=\"async\" width=\"300\" height=\"225\" src=\"https:\/\/barcelona.euses.cat\/wp-content\/uploads\/2023\/03\/salo-ensenyament-4-300x225.jpg\" class=\"attachment-medium size-medium\" alt=\"\" srcset=\"https:\/\/barcelona.euses.cat\/wp-content\/uploads\/2023\/03\/salo-ensenyament-4-300x225.jpg 300w, https:\/\/barcelona.euses.cat\/wp-content\/uploads\/2023\/03\/salo-ensenyament-4-1024x768.jpg 1024w, https:\/\/barcelona.euses.cat\/wp-content\/uploads\/2023\/03\/salo-ensenyament-4-768x576.jpg 768w, https:\/\/barcelona.euses.cat\/wp-content\/uploads\/2023\/03\/salo-ensenyament-4-1536x1152.jpg 1536w, https:\/\/barcelona.euses.cat\/wp-content\/uploads\/2023\/03\/salo-ensenyament-4-267x200.jpg 267w, https:\/\/barcelona.euses.cat\/wp-content\/uploads\/2023\/03\/salo-ensenyament-4-700x525.jpg 700w, https:\/\/barcelona.euses.cat\/wp-content\/uploads\/2023\/03\/salo-ensenyament-4.jpg 1600w\" sizes=\"(max-width: 300px) 100vw, 300px\" \/><\/a>\n\t\t\t<\/dt><\/dl><dl class='gallery-item'>\n\t\t\t<dt class='gallery-icon portrait'>\n\t\t\t\t<a href='https:\/\/barcelona.euses.cat\/ca\/lescola-universitaria-de-la-salut-i-lesport-exposa-tota-la-seva-oferta-academica-en-el-salo-de-lensenyament-de-barcelona-2\/salo-ensenyament-7\/'><img loading=\"lazy\" decoding=\"async\" width=\"225\" height=\"300\" src=\"https:\/\/barcelona.euses.cat\/wp-content\/uploads\/2023\/03\/salo-ensenyament-7-225x300.jpg\" class=\"attachment-medium size-medium\" alt=\"\" srcset=\"https:\/\/barcelona.euses.cat\/wp-content\/uploads\/2023\/03\/salo-ensenyament-7-225x300.jpg 225w, https:\/\/barcelona.euses.cat\/wp-content\/uploads\/2023\/03\/salo-ensenyament-7-768x1024.jpg 768w, https:\/\/barcelona.euses.cat\/wp-content\/uploads\/2023\/03\/salo-ensenyament-7-1152x1536.jpg 1152w, https:\/\/barcelona.euses.cat\/wp-content\/uploads\/2023\/03\/salo-ensenyament-7-150x200.jpg 150w, https:\/\/barcelona.euses.cat\/wp-content\/uploads\/2023\/03\/salo-ensenyament-7-290x385.jpg 290w, https:\/\/barcelona.euses.cat\/wp-content\/uploads\/2023\/03\/salo-ensenyament-7-400x531.jpg 400w, https:\/\/barcelona.euses.cat\/wp-content\/uploads\/2023\/03\/salo-ensenyament-7.jpg 1200w\" sizes=\"(max-width: 225px) 100vw, 225px\" \/><\/a>\n\t\t\t<\/dt><\/dl><dl class='gallery-item'>\n\t\t\t<dt class='gallery-icon portrait'>\n\t\t\t\t<a href='https:\/\/barcelona.euses.cat\/ca\/lescola-universitaria-de-la-salut-i-lesport-exposa-tota-la-seva-oferta-academica-en-el-salo-de-lensenyament-de-barcelona-2\/salo-ensenyament-8\/'><img loading=\"lazy\" decoding=\"async\" width=\"225\" height=\"300\" src=\"https:\/\/barcelona.euses.cat\/wp-content\/uploads\/2023\/03\/salo-ensenyament-8-225x300.jpg\" class=\"attachment-medium size-medium\" alt=\"\" srcset=\"https:\/\/barcelona.euses.cat\/wp-content\/uploads\/2023\/03\/salo-ensenyament-8-225x300.jpg 225w, https:\/\/barcelona.euses.cat\/wp-content\/uploads\/2023\/03\/salo-ensenyament-8-768x1024.jpg 768w, https:\/\/barcelona.euses.cat\/wp-content\/uploads\/2023\/03\/salo-ensenyament-8-1152x1536.jpg 1152w, https:\/\/barcelona.euses.cat\/wp-content\/uploads\/2023\/03\/salo-ensenyament-8-150x200.jpg 150w, https:\/\/barcelona.euses.cat\/wp-content\/uploads\/2023\/03\/salo-ensenyament-8-290x385.jpg 290w, https:\/\/barcelona.euses.cat\/wp-content\/uploads\/2023\/03\/salo-ensenyament-8-400x531.jpg 400w, https:\/\/barcelona.euses.cat\/wp-content\/uploads\/2023\/03\/salo-ensenyament-8.jpg 1200w\" sizes=\"(max-width: 225px) 100vw, 225px\" \/><\/a>\n\t\t\t<\/dt><\/dl><br style=\"clear: both\" \/>\n\t\t<\/div>\n\n","protected":false},"excerpt":{"rendered":"<p>L\u2019Escola Universit\u00e0ria de la Salut i l\u2019Esport\u00a0est\u00e1 present un any m\u00e9s en el\u00a0Sal\u00f3 de l\u2019Ensenyament, que ha obert aquest dimecres les portes en el recinte Montju\u00efc de la Fira de Barcelona i que esdevindr\u00e0 fins al diumenge dia 19 de mar\u00e7 el centre neur\u00e0lgic de l\u2019orientaci\u00f3 pel que fa a la formaci\u00f3 acad\u00e8mica i sortides [&hellip;]<\/p>\n","protected":false},"author":3,"featured_media":11013,"comment_status":"open","ping_status":"closed","sticky":false,"template":"","format":"standard","meta":{"_acf_changed":false,"inline_featured_image":false,"_joinchat":[],"footnotes":""},"categories":[46],"tags":[],"class_list":["post-11012","post","type-post","status-publish","format-standard","has-post-thumbnail","hentry","category-sense-categoria"],"acf":[],"yoast_head":"<!-- This site is optimized with the Yoast SEO plugin v27.4 - https:\/\/yoast.com\/product\/yoast-seo-wordpress\/ -->\n<title>L\u2019Escola Universit\u00e0ria de la Salut i l\u2019Esport exposa tota la seva oferta acad\u00e8mica en el Sal\u00f3 de l\u2019Ensenyament de Barcelona | EUSES- Campus de Bellvitge (Barcelona)<\/title>\n<meta name=\"robots\" content=\"index, follow, max-snippet:-1, max-image-preview:large, max-video-preview:-1\" \/>\n<link rel=\"canonical\" href=\"https:\/\/barcelona.euses.cat\/ca\/lescola-universitaria-de-la-salut-i-lesport-exposa-tota-la-seva-oferta-academica-en-el-salo-de-lensenyament-de-barcelona-2\/\" \/>\n<meta property=\"og:locale\" content=\"ca_ES\" \/>\n<meta property=\"og:type\" content=\"article\" \/>\n<meta property=\"og:title\" content=\"L\u2019Escola Universit\u00e0ria de la Salut i l\u2019Esport exposa tota la seva oferta acad\u00e8mica en el Sal\u00f3 de l\u2019Ensenyament de Barcelona | EUSES- Campus de Bellvitge (Barcelona)\" \/>\n<meta property=\"og:description\" content=\"L\u2019Escola Universit\u00e0ria de la Salut i l\u2019Esport\u00a0est\u00e1 present un any m\u00e9s en el\u00a0Sal\u00f3 de l\u2019Ensenyament, que ha obert aquest dimecres les portes en el recinte Montju\u00efc de la Fira de Barcelona i que esdevindr\u00e0 fins al diumenge dia 19 de mar\u00e7 el centre neur\u00e0lgic de l\u2019orientaci\u00f3 pel que fa a la formaci\u00f3 acad\u00e8mica i sortides [&hellip;]\" \/>\n<meta property=\"og:url\" content=\"https:\/\/barcelona.euses.cat\/ca\/lescola-universitaria-de-la-salut-i-lesport-exposa-tota-la-seva-oferta-academica-en-el-salo-de-lensenyament-de-barcelona-2\/\" \/>\n<meta property=\"og:site_name\" content=\"EUSES- Campus de Bellvitge (Barcelona)\" \/>\n<meta property=\"article:publisher\" content=\"https:\/\/www.facebook.com\/PhysioBCN\/\" \/>\n<meta property=\"article:published_time\" content=\"2023-03-15T12:56:48+00:00\" \/>\n<meta property=\"og:image\" content=\"https:\/\/barcelona.euses.cat\/wp-content\/uploads\/2023\/03\/salo-ensenyament-5.jpg\" \/>\n\t<meta property=\"og:image:width\" content=\"1200\" \/>\n\t<meta property=\"og:image:height\" content=\"1600\" \/>\n\t<meta property=\"og:image:type\" content=\"image\/jpeg\" \/>\n<meta name=\"author\" content=\"Jordi Danes\" \/>\n<meta name=\"twitter:card\" content=\"summary_large_image\" \/>\n<meta name=\"twitter:label1\" content=\"Escrit per\" \/>\n\t<meta name=\"twitter:data1\" content=\"Jordi Danes\" \/>\n\t<meta name=\"twitter:label2\" content=\"Temps estimat de lectura\" \/>\n\t<meta name=\"twitter:data2\" content=\"2 minuts\" \/>\n<script type=\"application\/ld+json\" class=\"yoast-schema-graph\">{\"@context\":\"https:\\\/\\\/schema.org\",\"@graph\":[{\"@type\":\"Article\",\"@id\":\"https:\\\/\\\/barcelona.euses.cat\\\/ca\\\/lescola-universitaria-de-la-salut-i-lesport-exposa-tota-la-seva-oferta-academica-en-el-salo-de-lensenyament-de-barcelona-2\\\/#article\",\"isPartOf\":{\"@id\":\"https:\\\/\\\/barcelona.euses.cat\\\/ca\\\/lescola-universitaria-de-la-salut-i-lesport-exposa-tota-la-seva-oferta-academica-en-el-salo-de-lensenyament-de-barcelona-2\\\/\"},\"author\":{\"name\":\"Jordi Danes\",\"@id\":\"https:\\\/\\\/barcelona.euses.cat\\\/ca\\\/#\\\/schema\\\/person\\\/8ab46080dfc4814fa59383db317735bd\"},\"headline\":\"L\u2019Escola Universit\u00e0ria de la Salut i l\u2019Esport exposa tota la seva oferta acad\u00e8mica en el Sal\u00f3 de l\u2019Ensenyament de Barcelona\",\"datePublished\":\"2023-03-15T12:56:48+00:00\",\"mainEntityOfPage\":{\"@id\":\"https:\\\/\\\/barcelona.euses.cat\\\/ca\\\/lescola-universitaria-de-la-salut-i-lesport-exposa-tota-la-seva-oferta-academica-en-el-salo-de-lensenyament-de-barcelona-2\\\/\"},\"wordCount\":321,\"commentCount\":0,\"image\":{\"@id\":\"https:\\\/\\\/barcelona.euses.cat\\\/ca\\\/lescola-universitaria-de-la-salut-i-lesport-exposa-tota-la-seva-oferta-academica-en-el-salo-de-lensenyament-de-barcelona-2\\\/#primaryimage\"},\"thumbnailUrl\":\"https:\\\/\\\/barcelona.euses.cat\\\/wp-content\\\/uploads\\\/2023\\\/03\\\/salo-ensenyament-5.jpg\",\"articleSection\":[\"sense categoria\"],\"inLanguage\":\"ca\"},{\"@type\":\"WebPage\",\"@id\":\"https:\\\/\\\/barcelona.euses.cat\\\/ca\\\/lescola-universitaria-de-la-salut-i-lesport-exposa-tota-la-seva-oferta-academica-en-el-salo-de-lensenyament-de-barcelona-2\\\/\",\"url\":\"https:\\\/\\\/barcelona.euses.cat\\\/ca\\\/lescola-universitaria-de-la-salut-i-lesport-exposa-tota-la-seva-oferta-academica-en-el-salo-de-lensenyament-de-barcelona-2\\\/\",\"name\":\"L\u2019Escola Universit\u00e0ria de la Salut i l\u2019Esport exposa tota la seva oferta acad\u00e8mica en el Sal\u00f3 de l\u2019Ensenyament de Barcelona | EUSES- Campus de Bellvitge (Barcelona)\",\"isPartOf\":{\"@id\":\"https:\\\/\\\/barcelona.euses.cat\\\/ca\\\/#website\"},\"primaryImageOfPage\":{\"@id\":\"https:\\\/\\\/barcelona.euses.cat\\\/ca\\\/lescola-universitaria-de-la-salut-i-lesport-exposa-tota-la-seva-oferta-academica-en-el-salo-de-lensenyament-de-barcelona-2\\\/#primaryimage\"},\"image\":{\"@id\":\"https:\\\/\\\/barcelona.euses.cat\\\/ca\\\/lescola-universitaria-de-la-salut-i-lesport-exposa-tota-la-seva-oferta-academica-en-el-salo-de-lensenyament-de-barcelona-2\\\/#primaryimage\"},\"thumbnailUrl\":\"https:\\\/\\\/barcelona.euses.cat\\\/wp-content\\\/uploads\\\/2023\\\/03\\\/salo-ensenyament-5.jpg\",\"datePublished\":\"2023-03-15T12:56:48+00:00\",\"author\":{\"@id\":\"https:\\\/\\\/barcelona.euses.cat\\\/ca\\\/#\\\/schema\\\/person\\\/8ab46080dfc4814fa59383db317735bd\"},\"breadcrumb\":{\"@id\":\"https:\\\/\\\/barcelona.euses.cat\\\/ca\\\/lescola-universitaria-de-la-salut-i-lesport-exposa-tota-la-seva-oferta-academica-en-el-salo-de-lensenyament-de-barcelona-2\\\/#breadcrumb\"},\"inLanguage\":\"ca\",\"potentialAction\":[{\"@type\":\"ReadAction\",\"target\":[\"https:\\\/\\\/barcelona.euses.cat\\\/ca\\\/lescola-universitaria-de-la-salut-i-lesport-exposa-tota-la-seva-oferta-academica-en-el-salo-de-lensenyament-de-barcelona-2\\\/\"]}]},{\"@type\":\"ImageObject\",\"inLanguage\":\"ca\",\"@id\":\"https:\\\/\\\/barcelona.euses.cat\\\/ca\\\/lescola-universitaria-de-la-salut-i-lesport-exposa-tota-la-seva-oferta-academica-en-el-salo-de-lensenyament-de-barcelona-2\\\/#primaryimage\",\"url\":\"https:\\\/\\\/barcelona.euses.cat\\\/wp-content\\\/uploads\\\/2023\\\/03\\\/salo-ensenyament-5.jpg\",\"contentUrl\":\"https:\\\/\\\/barcelona.euses.cat\\\/wp-content\\\/uploads\\\/2023\\\/03\\\/salo-ensenyament-5.jpg\",\"width\":1200,\"height\":1600},{\"@type\":\"BreadcrumbList\",\"@id\":\"https:\\\/\\\/barcelona.euses.cat\\\/ca\\\/lescola-universitaria-de-la-salut-i-lesport-exposa-tota-la-seva-oferta-academica-en-el-salo-de-lensenyament-de-barcelona-2\\\/#breadcrumb\",\"itemListElement\":[{\"@type\":\"ListItem\",\"position\":1,\"name\":\"Portada\",\"item\":\"https:\\\/\\\/barcelona.euses.cat\\\/ca\\\/\"},{\"@type\":\"ListItem\",\"position\":2,\"name\":\"L\u2019Escola Universit\u00e0ria de la Salut i l\u2019Esport exposa tota la seva oferta acad\u00e8mica en el Sal\u00f3 de l\u2019Ensenyament de Barcelona\"}]},{\"@type\":\"WebSite\",\"@id\":\"https:\\\/\\\/barcelona.euses.cat\\\/ca\\\/#website\",\"url\":\"https:\\\/\\\/barcelona.euses.cat\\\/ca\\\/\",\"name\":\"EUSES - Campus de Bellvitge (Barcelona)\",\"description\":\"EUSES, Escola Universit\u00e0ria de Fisioter\u00e0pia Internacional a Barcelona\",\"potentialAction\":[{\"@type\":\"SearchAction\",\"target\":{\"@type\":\"EntryPoint\",\"urlTemplate\":\"https:\\\/\\\/barcelona.euses.cat\\\/ca\\\/?s={search_term_string}\"},\"query-input\":{\"@type\":\"PropertyValueSpecification\",\"valueRequired\":true,\"valueName\":\"search_term_string\"}}],\"inLanguage\":\"ca\"},{\"@type\":\"Person\",\"@id\":\"https:\\\/\\\/barcelona.euses.cat\\\/ca\\\/#\\\/schema\\\/person\\\/8ab46080dfc4814fa59383db317735bd\",\"name\":\"Jordi Danes\",\"image\":{\"@type\":\"ImageObject\",\"inLanguage\":\"ca\",\"@id\":\"https:\\\/\\\/secure.gravatar.com\\\/avatar\\\/a9e4f443b594af225625ee8cfa665e41b1e0740ea34fbe0515b4ca559f8570ef?s=96&d=mm&r=g\",\"url\":\"https:\\\/\\\/secure.gravatar.com\\\/avatar\\\/a9e4f443b594af225625ee8cfa665e41b1e0740ea34fbe0515b4ca559f8570ef?s=96&d=mm&r=g\",\"contentUrl\":\"https:\\\/\\\/secure.gravatar.com\\\/avatar\\\/a9e4f443b594af225625ee8cfa665e41b1e0740ea34fbe0515b4ca559f8570ef?s=96&d=mm&r=g\",\"caption\":\"Jordi Danes\"},\"url\":\"https:\\\/\\\/barcelona.euses.cat\\\/ca\\\/author\\\/jordi-danes\\\/\"}]}<\/script>\n<!-- \/ Yoast SEO plugin. -->","yoast_head_json":{"title":"L\u2019Escola Universit\u00e0ria de la Salut i l\u2019Esport exposa tota la seva oferta acad\u00e8mica en el Sal\u00f3 de l\u2019Ensenyament de Barcelona | EUSES- Campus de Bellvitge (Barcelona)","robots":{"index":"index","follow":"follow","max-snippet":"max-snippet:-1","max-image-preview":"max-image-preview:large","max-video-preview":"max-video-preview:-1"},"canonical":"https:\/\/barcelona.euses.cat\/ca\/lescola-universitaria-de-la-salut-i-lesport-exposa-tota-la-seva-oferta-academica-en-el-salo-de-lensenyament-de-barcelona-2\/","og_locale":"ca_ES","og_type":"article","og_title":"L\u2019Escola Universit\u00e0ria de la Salut i l\u2019Esport exposa tota la seva oferta acad\u00e8mica en el Sal\u00f3 de l\u2019Ensenyament de Barcelona | EUSES- Campus de Bellvitge (Barcelona)","og_description":"L\u2019Escola Universit\u00e0ria de la Salut i l\u2019Esport\u00a0est\u00e1 present un any m\u00e9s en el\u00a0Sal\u00f3 de l\u2019Ensenyament, que ha obert aquest dimecres les portes en el recinte Montju\u00efc de la Fira de Barcelona i que esdevindr\u00e0 fins al diumenge dia 19 de mar\u00e7 el centre neur\u00e0lgic de l\u2019orientaci\u00f3 pel que fa a la formaci\u00f3 acad\u00e8mica i sortides [&hellip;]","og_url":"https:\/\/barcelona.euses.cat\/ca\/lescola-universitaria-de-la-salut-i-lesport-exposa-tota-la-seva-oferta-academica-en-el-salo-de-lensenyament-de-barcelona-2\/","og_site_name":"EUSES- Campus de Bellvitge (Barcelona)","article_publisher":"https:\/\/www.facebook.com\/PhysioBCN\/","article_published_time":"2023-03-15T12:56:48+00:00","og_image":[{"width":1200,"height":1600,"url":"https:\/\/barcelona.euses.cat\/wp-content\/uploads\/2023\/03\/salo-ensenyament-5.jpg","type":"image\/jpeg"}],"author":"Jordi Danes","twitter_card":"summary_large_image","twitter_misc":{"Escrit per":"Jordi Danes","Temps estimat de lectura":"2 minuts"},"schema":{"@context":"https:\/\/schema.org","@graph":[{"@type":"Article","@id":"https:\/\/barcelona.euses.cat\/ca\/lescola-universitaria-de-la-salut-i-lesport-exposa-tota-la-seva-oferta-academica-en-el-salo-de-lensenyament-de-barcelona-2\/#article","isPartOf":{"@id":"https:\/\/barcelona.euses.cat\/ca\/lescola-universitaria-de-la-salut-i-lesport-exposa-tota-la-seva-oferta-academica-en-el-salo-de-lensenyament-de-barcelona-2\/"},"author":{"name":"Jordi Danes","@id":"https:\/\/barcelona.euses.cat\/ca\/#\/schema\/person\/8ab46080dfc4814fa59383db317735bd"},"headline":"L\u2019Escola Universit\u00e0ria de la Salut i l\u2019Esport exposa tota la seva oferta acad\u00e8mica en el Sal\u00f3 de l\u2019Ensenyament de Barcelona","datePublished":"2023-03-15T12:56:48+00:00","mainEntityOfPage":{"@id":"https:\/\/barcelona.euses.cat\/ca\/lescola-universitaria-de-la-salut-i-lesport-exposa-tota-la-seva-oferta-academica-en-el-salo-de-lensenyament-de-barcelona-2\/"},"wordCount":321,"commentCount":0,"image":{"@id":"https:\/\/barcelona.euses.cat\/ca\/lescola-universitaria-de-la-salut-i-lesport-exposa-tota-la-seva-oferta-academica-en-el-salo-de-lensenyament-de-barcelona-2\/#primaryimage"},"thumbnailUrl":"https:\/\/barcelona.euses.cat\/wp-content\/uploads\/2023\/03\/salo-ensenyament-5.jpg","articleSection":["sense categoria"],"inLanguage":"ca"},{"@type":"WebPage","@id":"https:\/\/barcelona.euses.cat\/ca\/lescola-universitaria-de-la-salut-i-lesport-exposa-tota-la-seva-oferta-academica-en-el-salo-de-lensenyament-de-barcelona-2\/","url":"https:\/\/barcelona.euses.cat\/ca\/lescola-universitaria-de-la-salut-i-lesport-exposa-tota-la-seva-oferta-academica-en-el-salo-de-lensenyament-de-barcelona-2\/","name":"L\u2019Escola Universit\u00e0ria de la Salut i l\u2019Esport exposa tota la seva oferta acad\u00e8mica en el Sal\u00f3 de l\u2019Ensenyament de Barcelona | EUSES- Campus de Bellvitge (Barcelona)","isPartOf":{"@id":"https:\/\/barcelona.euses.cat\/ca\/#website"},"primaryImageOfPage":{"@id":"https:\/\/barcelona.euses.cat\/ca\/lescola-universitaria-de-la-salut-i-lesport-exposa-tota-la-seva-oferta-academica-en-el-salo-de-lensenyament-de-barcelona-2\/#primaryimage"},"image":{"@id":"https:\/\/barcelona.euses.cat\/ca\/lescola-universitaria-de-la-salut-i-lesport-exposa-tota-la-seva-oferta-academica-en-el-salo-de-lensenyament-de-barcelona-2\/#primaryimage"},"thumbnailUrl":"https:\/\/barcelona.euses.cat\/wp-content\/uploads\/2023\/03\/salo-ensenyament-5.jpg","datePublished":"2023-03-15T12:56:48+00:00","author":{"@id":"https:\/\/barcelona.euses.cat\/ca\/#\/schema\/person\/8ab46080dfc4814fa59383db317735bd"},"breadcrumb":{"@id":"https:\/\/barcelona.euses.cat\/ca\/lescola-universitaria-de-la-salut-i-lesport-exposa-tota-la-seva-oferta-academica-en-el-salo-de-lensenyament-de-barcelona-2\/#breadcrumb"},"inLanguage":"ca","potentialAction":[{"@type":"ReadAction","target":["https:\/\/barcelona.euses.cat\/ca\/lescola-universitaria-de-la-salut-i-lesport-exposa-tota-la-seva-oferta-academica-en-el-salo-de-lensenyament-de-barcelona-2\/"]}]},{"@type":"ImageObject","inLanguage":"ca","@id":"https:\/\/barcelona.euses.cat\/ca\/lescola-universitaria-de-la-salut-i-lesport-exposa-tota-la-seva-oferta-academica-en-el-salo-de-lensenyament-de-barcelona-2\/#primaryimage","url":"https:\/\/barcelona.euses.cat\/wp-content\/uploads\/2023\/03\/salo-ensenyament-5.jpg","contentUrl":"https:\/\/barcelona.euses.cat\/wp-content\/uploads\/2023\/03\/salo-ensenyament-5.jpg","width":1200,"height":1600},{"@type":"BreadcrumbList","@id":"https:\/\/barcelona.euses.cat\/ca\/lescola-universitaria-de-la-salut-i-lesport-exposa-tota-la-seva-oferta-academica-en-el-salo-de-lensenyament-de-barcelona-2\/#breadcrumb","itemListElement":[{"@type":"ListItem","position":1,"name":"Portada","item":"https:\/\/barcelona.euses.cat\/ca\/"},{"@type":"ListItem","position":2,"name":"L\u2019Escola Universit\u00e0ria de la Salut i l\u2019Esport exposa tota la seva oferta acad\u00e8mica en el Sal\u00f3 de l\u2019Ensenyament de Barcelona"}]},{"@type":"WebSite","@id":"https:\/\/barcelona.euses.cat\/ca\/#website","url":"https:\/\/barcelona.euses.cat\/ca\/","name":"EUSES - Campus de Bellvitge (Barcelona)","description":"EUSES, Escola Universit\u00e0ria de Fisioter\u00e0pia Internacional a Barcelona","potentialAction":[{"@type":"SearchAction","target":{"@type":"EntryPoint","urlTemplate":"https:\/\/barcelona.euses.cat\/ca\/?s={search_term_string}"},"query-input":{"@type":"PropertyValueSpecification","valueRequired":true,"valueName":"search_term_string"}}],"inLanguage":"ca"},{"@type":"Person","@id":"https:\/\/barcelona.euses.cat\/ca\/#\/schema\/person\/8ab46080dfc4814fa59383db317735bd","name":"Jordi Danes","image":{"@type":"ImageObject","inLanguage":"ca","@id":"https:\/\/secure.gravatar.com\/avatar\/a9e4f443b594af225625ee8cfa665e41b1e0740ea34fbe0515b4ca559f8570ef?s=96&d=mm&r=g","url":"https:\/\/secure.gravatar.com\/avatar\/a9e4f443b594af225625ee8cfa665e41b1e0740ea34fbe0515b4ca559f8570ef?s=96&d=mm&r=g","contentUrl":"https:\/\/secure.gravatar.com\/avatar\/a9e4f443b594af225625ee8cfa665e41b1e0740ea34fbe0515b4ca559f8570ef?s=96&d=mm&r=g","caption":"Jordi Danes"},"url":"https:\/\/barcelona.euses.cat\/ca\/author\/jordi-danes\/"}]}},"_links":{"self":[{"href":"https:\/\/barcelona.euses.cat\/ca\/wp-json\/wp\/v2\/posts\/11012","targetHints":{"allow":["GET"]}}],"collection":[{"href":"https:\/\/barcelona.euses.cat\/ca\/wp-json\/wp\/v2\/posts"}],"about":[{"href":"https:\/\/barcelona.euses.cat\/ca\/wp-json\/wp\/v2\/types\/post"}],"author":[{"embeddable":true,"href":"https:\/\/barcelona.euses.cat\/ca\/wp-json\/wp\/v2\/users\/3"}],"replies":[{"embeddable":true,"href":"https:\/\/barcelona.euses.cat\/ca\/wp-json\/wp\/v2\/comments?post=11012"}],"version-history":[{"count":1,"href":"https:\/\/barcelona.euses.cat\/ca\/wp-json\/wp\/v2\/posts\/11012\/revisions"}],"predecessor-version":[{"id":11041,"href":"https:\/\/barcelona.euses.cat\/ca\/wp-json\/wp\/v2\/posts\/11012\/revisions\/11041"}],"wp:featuredmedia":[{"embeddable":true,"href":"https:\/\/barcelona.euses.cat\/ca\/wp-json\/wp\/v2\/media\/11013"}],"wp:attachment":[{"href":"https:\/\/barcelona.euses.cat\/ca\/wp-json\/wp\/v2\/media?parent=11012"}],"wp:term":[{"taxonomy":"category","embeddable":true,"href":"https:\/\/barcelona.euses.cat\/ca\/wp-json\/wp\/v2\/categories?post=11012"},{"taxonomy":"post_tag","embeddable":true,"href":"https:\/\/barcelona.euses.cat\/ca\/wp-json\/wp\/v2\/tags?post=11012"}],"curies":[{"name":"wp","href":"https:\/\/api.w.org\/{rel}","templated":true}]}}