{"id":10976,"date":"2023-02-19T11:22:33","date_gmt":"2023-02-19T10:22:33","guid":{"rendered":"https:\/\/barcelona.euses.cat\/?p=10976"},"modified":"2023-02-19T11:22:33","modified_gmt":"2023-02-19T10:22:33","slug":"celebrada-la-jornada-de-portes-obertes-de-physiotherapy-en-el-campus-de-bellvitge","status":"publish","type":"post","link":"https:\/\/barcelona.euses.cat\/ca\/celebrada-la-jornada-de-portes-obertes-de-physiotherapy-en-el-campus-de-bellvitge\/","title":{"rendered":"Celebrada la jornada de portes obertes de Physiotherapy en el campus de Bellvitge"},"content":{"rendered":"<p>Les instal\u00b7lacions del Campus de Bellvitge s\u2019han obert aquest dissabte coincidint amb la jornada de portes obertes del Grau en Fisioter\u00e0pia Internacional (Physiotherapy). La sessi\u00f3 ha servit per informar sobre tots els aspectes del Grau als alumnes que es volen sumar a la fam\u00edlia d\u2019EUSES durant el curs acad\u00e8mic 2023\/24. El director de Physiotherapy, Gerard Mu\u00f1oz, ha exposat els aspectes acad\u00e8mics (pla d\u2019estudis, convenis, pr\u00e0ctiques), mentre que els coordinadors Alejandro Revilla i Gisela Catalan s\u2019han encarregat de parlar sobre la part m\u00e9s administrativa i log\u00edstica (proc\u00e9s de matriculaci\u00f3, allotjament&#8230;). Tamb\u00e9 ha col\u00b7laborat en la sessi\u00f3 la secret\u00e0ria del Grau Anna Maria Rojo. Els assistents han pogut fer una visita guiada per les instal\u00b7lacions.<\/p>\n\n\t\t<style type=\"text\/css\">\n\t\t\t#gallery-1 {\n\t\t\t\tmargin: auto;\n\t\t\t}\n\t\t\t#gallery-1 .gallery-item {\n\t\t\t\tfloat: left;\n\t\t\t\tmargin-top: 10px;\n\t\t\t\ttext-align: center;\n\t\t\t\twidth: 33%;\n\t\t\t}\n\t\t\t#gallery-1 img {\n\t\t\t\tborder: 2px solid #cfcfcf;\n\t\t\t}\n\t\t\t#gallery-1 .gallery-caption {\n\t\t\t\tmargin-left: 0;\n\t\t\t}\n\t\t\t\/* see gallery_shortcode() in wp-includes\/media.php *\/\n\t\t<\/style>\n\t\t<div id='gallery-1' class='gallery galleryid-10976 gallery-columns-3 gallery-size-medium'><dl class='gallery-item'>\n\t\t\t<dt class='gallery-icon landscape'>\n\t\t\t\t<a href='https:\/\/barcelona.euses.cat\/ca\/celebrada-la-jornada-de-portes-obertes-de-physiotherapy-en-el-campus-de-bellvitge\/jpo18febrer-1\/'><img fetchpriority=\"high\" decoding=\"async\" width=\"300\" height=\"225\" src=\"https:\/\/barcelona.euses.cat\/wp-content\/uploads\/2023\/02\/jpo18febrer-1-300x225.jpeg\" class=\"attachment-medium size-medium\" alt=\"\" srcset=\"https:\/\/barcelona.euses.cat\/wp-content\/uploads\/2023\/02\/jpo18febrer-1-300x225.jpeg 300w, https:\/\/barcelona.euses.cat\/wp-content\/uploads\/2023\/02\/jpo18febrer-1-1024x768.jpeg 1024w, https:\/\/barcelona.euses.cat\/wp-content\/uploads\/2023\/02\/jpo18febrer-1-768x576.jpeg 768w, https:\/\/barcelona.euses.cat\/wp-content\/uploads\/2023\/02\/jpo18febrer-1-1536x1152.jpeg 1536w, https:\/\/barcelona.euses.cat\/wp-content\/uploads\/2023\/02\/jpo18febrer-1-267x200.jpeg 267w, https:\/\/barcelona.euses.cat\/wp-content\/uploads\/2023\/02\/jpo18febrer-1-700x525.jpeg 700w, https:\/\/barcelona.euses.cat\/wp-content\/uploads\/2023\/02\/jpo18febrer-1.jpeg 1600w\" sizes=\"(max-width: 300px) 100vw, 300px\" \/><\/a>\n\t\t\t<\/dt><\/dl><dl class='gallery-item'>\n\t\t\t<dt class='gallery-icon landscape'>\n\t\t\t\t<a href='https:\/\/barcelona.euses.cat\/ca\/celebrada-la-jornada-de-portes-obertes-de-physiotherapy-en-el-campus-de-bellvitge\/jpo18febrer-3\/'><img decoding=\"async\" width=\"300\" height=\"225\" src=\"https:\/\/barcelona.euses.cat\/wp-content\/uploads\/2023\/02\/jpo18febrer-3-300x225.jpeg\" class=\"attachment-medium size-medium\" alt=\"\" srcset=\"https:\/\/barcelona.euses.cat\/wp-content\/uploads\/2023\/02\/jpo18febrer-3-300x225.jpeg 300w, https:\/\/barcelona.euses.cat\/wp-content\/uploads\/2023\/02\/jpo18febrer-3-1024x768.jpeg 1024w, https:\/\/barcelona.euses.cat\/wp-content\/uploads\/2023\/02\/jpo18febrer-3-768x576.jpeg 768w, https:\/\/barcelona.euses.cat\/wp-content\/uploads\/2023\/02\/jpo18febrer-3-1536x1152.jpeg 1536w, https:\/\/barcelona.euses.cat\/wp-content\/uploads\/2023\/02\/jpo18febrer-3-267x200.jpeg 267w, https:\/\/barcelona.euses.cat\/wp-content\/uploads\/2023\/02\/jpo18febrer-3-700x525.jpeg 700w, https:\/\/barcelona.euses.cat\/wp-content\/uploads\/2023\/02\/jpo18febrer-3.jpeg 1600w\" sizes=\"(max-width: 300px) 100vw, 300px\" \/><\/a>\n\t\t\t<\/dt><\/dl><dl class='gallery-item'>\n\t\t\t<dt class='gallery-icon landscape'>\n\t\t\t\t<a href='https:\/\/barcelona.euses.cat\/ca\/celebrada-la-jornada-de-portes-obertes-de-physiotherapy-en-el-campus-de-bellvitge\/jpo18febrer-6\/'><img decoding=\"async\" width=\"300\" height=\"225\" src=\"https:\/\/barcelona.euses.cat\/wp-content\/uploads\/2023\/02\/jpo18febrer-6-300x225.jpeg\" class=\"attachment-medium size-medium\" alt=\"\" srcset=\"https:\/\/barcelona.euses.cat\/wp-content\/uploads\/2023\/02\/jpo18febrer-6-300x225.jpeg 300w, https:\/\/barcelona.euses.cat\/wp-content\/uploads\/2023\/02\/jpo18febrer-6-1024x768.jpeg 1024w, https:\/\/barcelona.euses.cat\/wp-content\/uploads\/2023\/02\/jpo18febrer-6-768x576.jpeg 768w, https:\/\/barcelona.euses.cat\/wp-content\/uploads\/2023\/02\/jpo18febrer-6-1536x1152.jpeg 1536w, https:\/\/barcelona.euses.cat\/wp-content\/uploads\/2023\/02\/jpo18febrer-6-267x200.jpeg 267w, https:\/\/barcelona.euses.cat\/wp-content\/uploads\/2023\/02\/jpo18febrer-6-700x525.jpeg 700w, https:\/\/barcelona.euses.cat\/wp-content\/uploads\/2023\/02\/jpo18febrer-6.jpeg 1600w\" sizes=\"(max-width: 300px) 100vw, 300px\" \/><\/a>\n\t\t\t<\/dt><\/dl><br style=\"clear: both\" \/>\n\t\t<\/div>\n\n","protected":false},"excerpt":{"rendered":"<p>Les instal\u00b7lacions del Campus de Bellvitge s\u2019han obert aquest dissabte coincidint amb la jornada de portes obertes del Grau en Fisioter\u00e0pia Internacional (Physiotherapy). La sessi\u00f3 ha servit per informar sobre tots els aspectes del Grau als alumnes que es volen sumar a la fam\u00edlia d\u2019EUSES durant el curs acad\u00e8mic 2023\/24. El director de Physiotherapy, Gerard [&hellip;]<\/p>\n","protected":false},"author":3,"featured_media":10977,"comment_status":"open","ping_status":"closed","sticky":false,"template":"","format":"standard","meta":{"_acf_changed":false,"inline_featured_image":false,"_joinchat":[],"footnotes":""},"categories":[46],"tags":[],"class_list":["post-10976","post","type-post","status-publish","format-standard","has-post-thumbnail","hentry","category-sense-categoria"],"acf":[],"yoast_head":"<!-- This site is optimized with the Yoast SEO plugin v27.4 - https:\/\/yoast.com\/product\/yoast-seo-wordpress\/ -->\n<title>Celebrada la jornada de portes obertes de Physiotherapy en el campus de Bellvitge | EUSES- Campus de Bellvitge (Barcelona)<\/title>\n<meta name=\"robots\" content=\"index, follow, max-snippet:-1, max-image-preview:large, max-video-preview:-1\" \/>\n<link rel=\"canonical\" href=\"https:\/\/barcelona.euses.cat\/ca\/celebrada-la-jornada-de-portes-obertes-de-physiotherapy-en-el-campus-de-bellvitge\/\" \/>\n<meta property=\"og:locale\" content=\"ca_ES\" \/>\n<meta property=\"og:type\" content=\"article\" \/>\n<meta property=\"og:title\" content=\"Celebrada la jornada de portes obertes de Physiotherapy en el campus de Bellvitge | EUSES- Campus de Bellvitge (Barcelona)\" \/>\n<meta property=\"og:description\" content=\"Les instal\u00b7lacions del Campus de Bellvitge s\u2019han obert aquest dissabte coincidint amb la jornada de portes obertes del Grau en Fisioter\u00e0pia Internacional (Physiotherapy). La sessi\u00f3 ha servit per informar sobre tots els aspectes del Grau als alumnes que es volen sumar a la fam\u00edlia d\u2019EUSES durant el curs acad\u00e8mic 2023\/24. El director de Physiotherapy, Gerard [&hellip;]\" \/>\n<meta property=\"og:url\" content=\"https:\/\/barcelona.euses.cat\/ca\/celebrada-la-jornada-de-portes-obertes-de-physiotherapy-en-el-campus-de-bellvitge\/\" \/>\n<meta property=\"og:site_name\" content=\"EUSES- Campus de Bellvitge (Barcelona)\" \/>\n<meta property=\"article:publisher\" content=\"https:\/\/www.facebook.com\/PhysioBCN\/\" \/>\n<meta property=\"article:published_time\" content=\"2023-02-19T10:22:33+00:00\" \/>\n<meta property=\"og:image\" content=\"https:\/\/barcelona.euses.cat\/wp-content\/uploads\/2023\/02\/jpo18febrer-2.jpeg\" \/>\n\t<meta property=\"og:image:width\" content=\"1600\" \/>\n\t<meta property=\"og:image:height\" content=\"1200\" \/>\n\t<meta property=\"og:image:type\" content=\"image\/jpeg\" \/>\n<meta name=\"author\" content=\"Jordi Danes\" \/>\n<meta name=\"twitter:card\" content=\"summary_large_image\" \/>\n<meta name=\"twitter:label1\" content=\"Escrit per\" \/>\n\t<meta name=\"twitter:data1\" content=\"Jordi Danes\" \/>\n\t<meta name=\"twitter:label2\" content=\"Temps estimat de lectura\" \/>\n\t<meta name=\"twitter:data2\" content=\"1 minut\" \/>\n<script type=\"application\/ld+json\" class=\"yoast-schema-graph\">{\"@context\":\"https:\\\/\\\/schema.org\",\"@graph\":[{\"@type\":\"Article\",\"@id\":\"https:\\\/\\\/barcelona.euses.cat\\\/ca\\\/celebrada-la-jornada-de-portes-obertes-de-physiotherapy-en-el-campus-de-bellvitge\\\/#article\",\"isPartOf\":{\"@id\":\"https:\\\/\\\/barcelona.euses.cat\\\/ca\\\/celebrada-la-jornada-de-portes-obertes-de-physiotherapy-en-el-campus-de-bellvitge\\\/\"},\"author\":{\"name\":\"Jordi Danes\",\"@id\":\"https:\\\/\\\/barcelona.euses.cat\\\/ca\\\/#\\\/schema\\\/person\\\/8ab46080dfc4814fa59383db317735bd\"},\"headline\":\"Celebrada la jornada de portes obertes de Physiotherapy en el campus de Bellvitge\",\"datePublished\":\"2023-02-19T10:22:33+00:00\",\"mainEntityOfPage\":{\"@id\":\"https:\\\/\\\/barcelona.euses.cat\\\/ca\\\/celebrada-la-jornada-de-portes-obertes-de-physiotherapy-en-el-campus-de-bellvitge\\\/\"},\"wordCount\":146,\"commentCount\":0,\"image\":{\"@id\":\"https:\\\/\\\/barcelona.euses.cat\\\/ca\\\/celebrada-la-jornada-de-portes-obertes-de-physiotherapy-en-el-campus-de-bellvitge\\\/#primaryimage\"},\"thumbnailUrl\":\"https:\\\/\\\/barcelona.euses.cat\\\/wp-content\\\/uploads\\\/2023\\\/02\\\/jpo18febrer-2.jpeg\",\"articleSection\":[\"sense categoria\"],\"inLanguage\":\"ca\"},{\"@type\":\"WebPage\",\"@id\":\"https:\\\/\\\/barcelona.euses.cat\\\/ca\\\/celebrada-la-jornada-de-portes-obertes-de-physiotherapy-en-el-campus-de-bellvitge\\\/\",\"url\":\"https:\\\/\\\/barcelona.euses.cat\\\/ca\\\/celebrada-la-jornada-de-portes-obertes-de-physiotherapy-en-el-campus-de-bellvitge\\\/\",\"name\":\"Celebrada la jornada de portes obertes de Physiotherapy en el campus de Bellvitge | EUSES- Campus de Bellvitge (Barcelona)\",\"isPartOf\":{\"@id\":\"https:\\\/\\\/barcelona.euses.cat\\\/ca\\\/#website\"},\"primaryImageOfPage\":{\"@id\":\"https:\\\/\\\/barcelona.euses.cat\\\/ca\\\/celebrada-la-jornada-de-portes-obertes-de-physiotherapy-en-el-campus-de-bellvitge\\\/#primaryimage\"},\"image\":{\"@id\":\"https:\\\/\\\/barcelona.euses.cat\\\/ca\\\/celebrada-la-jornada-de-portes-obertes-de-physiotherapy-en-el-campus-de-bellvitge\\\/#primaryimage\"},\"thumbnailUrl\":\"https:\\\/\\\/barcelona.euses.cat\\\/wp-content\\\/uploads\\\/2023\\\/02\\\/jpo18febrer-2.jpeg\",\"datePublished\":\"2023-02-19T10:22:33+00:00\",\"author\":{\"@id\":\"https:\\\/\\\/barcelona.euses.cat\\\/ca\\\/#\\\/schema\\\/person\\\/8ab46080dfc4814fa59383db317735bd\"},\"breadcrumb\":{\"@id\":\"https:\\\/\\\/barcelona.euses.cat\\\/ca\\\/celebrada-la-jornada-de-portes-obertes-de-physiotherapy-en-el-campus-de-bellvitge\\\/#breadcrumb\"},\"inLanguage\":\"ca\",\"potentialAction\":[{\"@type\":\"ReadAction\",\"target\":[\"https:\\\/\\\/barcelona.euses.cat\\\/ca\\\/celebrada-la-jornada-de-portes-obertes-de-physiotherapy-en-el-campus-de-bellvitge\\\/\"]}]},{\"@type\":\"ImageObject\",\"inLanguage\":\"ca\",\"@id\":\"https:\\\/\\\/barcelona.euses.cat\\\/ca\\\/celebrada-la-jornada-de-portes-obertes-de-physiotherapy-en-el-campus-de-bellvitge\\\/#primaryimage\",\"url\":\"https:\\\/\\\/barcelona.euses.cat\\\/wp-content\\\/uploads\\\/2023\\\/02\\\/jpo18febrer-2.jpeg\",\"contentUrl\":\"https:\\\/\\\/barcelona.euses.cat\\\/wp-content\\\/uploads\\\/2023\\\/02\\\/jpo18febrer-2.jpeg\",\"width\":1600,\"height\":1200},{\"@type\":\"BreadcrumbList\",\"@id\":\"https:\\\/\\\/barcelona.euses.cat\\\/ca\\\/celebrada-la-jornada-de-portes-obertes-de-physiotherapy-en-el-campus-de-bellvitge\\\/#breadcrumb\",\"itemListElement\":[{\"@type\":\"ListItem\",\"position\":1,\"name\":\"Portada\",\"item\":\"https:\\\/\\\/barcelona.euses.cat\\\/ca\\\/\"},{\"@type\":\"ListItem\",\"position\":2,\"name\":\"Celebrada la jornada de portes obertes de Physiotherapy en el campus de Bellvitge\"}]},{\"@type\":\"WebSite\",\"@id\":\"https:\\\/\\\/barcelona.euses.cat\\\/ca\\\/#website\",\"url\":\"https:\\\/\\\/barcelona.euses.cat\\\/ca\\\/\",\"name\":\"EUSES - Campus de Bellvitge (Barcelona)\",\"description\":\"EUSES, Escola Universit\u00e0ria de Fisioter\u00e0pia Internacional a Barcelona\",\"potentialAction\":[{\"@type\":\"SearchAction\",\"target\":{\"@type\":\"EntryPoint\",\"urlTemplate\":\"https:\\\/\\\/barcelona.euses.cat\\\/ca\\\/?s={search_term_string}\"},\"query-input\":{\"@type\":\"PropertyValueSpecification\",\"valueRequired\":true,\"valueName\":\"search_term_string\"}}],\"inLanguage\":\"ca\"},{\"@type\":\"Person\",\"@id\":\"https:\\\/\\\/barcelona.euses.cat\\\/ca\\\/#\\\/schema\\\/person\\\/8ab46080dfc4814fa59383db317735bd\",\"name\":\"Jordi Danes\",\"image\":{\"@type\":\"ImageObject\",\"inLanguage\":\"ca\",\"@id\":\"https:\\\/\\\/secure.gravatar.com\\\/avatar\\\/a9e4f443b594af225625ee8cfa665e41b1e0740ea34fbe0515b4ca559f8570ef?s=96&d=mm&r=g\",\"url\":\"https:\\\/\\\/secure.gravatar.com\\\/avatar\\\/a9e4f443b594af225625ee8cfa665e41b1e0740ea34fbe0515b4ca559f8570ef?s=96&d=mm&r=g\",\"contentUrl\":\"https:\\\/\\\/secure.gravatar.com\\\/avatar\\\/a9e4f443b594af225625ee8cfa665e41b1e0740ea34fbe0515b4ca559f8570ef?s=96&d=mm&r=g\",\"caption\":\"Jordi Danes\"},\"url\":\"https:\\\/\\\/barcelona.euses.cat\\\/ca\\\/author\\\/jordi-danes\\\/\"}]}<\/script>\n<!-- \/ Yoast SEO plugin. -->","yoast_head_json":{"title":"Celebrada la jornada de portes obertes de Physiotherapy en el campus de Bellvitge | EUSES- Campus de Bellvitge (Barcelona)","robots":{"index":"index","follow":"follow","max-snippet":"max-snippet:-1","max-image-preview":"max-image-preview:large","max-video-preview":"max-video-preview:-1"},"canonical":"https:\/\/barcelona.euses.cat\/ca\/celebrada-la-jornada-de-portes-obertes-de-physiotherapy-en-el-campus-de-bellvitge\/","og_locale":"ca_ES","og_type":"article","og_title":"Celebrada la jornada de portes obertes de Physiotherapy en el campus de Bellvitge | EUSES- Campus de Bellvitge (Barcelona)","og_description":"Les instal\u00b7lacions del Campus de Bellvitge s\u2019han obert aquest dissabte coincidint amb la jornada de portes obertes del Grau en Fisioter\u00e0pia Internacional (Physiotherapy). La sessi\u00f3 ha servit per informar sobre tots els aspectes del Grau als alumnes que es volen sumar a la fam\u00edlia d\u2019EUSES durant el curs acad\u00e8mic 2023\/24. El director de Physiotherapy, Gerard [&hellip;]","og_url":"https:\/\/barcelona.euses.cat\/ca\/celebrada-la-jornada-de-portes-obertes-de-physiotherapy-en-el-campus-de-bellvitge\/","og_site_name":"EUSES- Campus de Bellvitge (Barcelona)","article_publisher":"https:\/\/www.facebook.com\/PhysioBCN\/","article_published_time":"2023-02-19T10:22:33+00:00","og_image":[{"width":1600,"height":1200,"url":"https:\/\/barcelona.euses.cat\/wp-content\/uploads\/2023\/02\/jpo18febrer-2.jpeg","type":"image\/jpeg"}],"author":"Jordi Danes","twitter_card":"summary_large_image","twitter_misc":{"Escrit per":"Jordi Danes","Temps estimat de lectura":"1 minut"},"schema":{"@context":"https:\/\/schema.org","@graph":[{"@type":"Article","@id":"https:\/\/barcelona.euses.cat\/ca\/celebrada-la-jornada-de-portes-obertes-de-physiotherapy-en-el-campus-de-bellvitge\/#article","isPartOf":{"@id":"https:\/\/barcelona.euses.cat\/ca\/celebrada-la-jornada-de-portes-obertes-de-physiotherapy-en-el-campus-de-bellvitge\/"},"author":{"name":"Jordi Danes","@id":"https:\/\/barcelona.euses.cat\/ca\/#\/schema\/person\/8ab46080dfc4814fa59383db317735bd"},"headline":"Celebrada la jornada de portes obertes de Physiotherapy en el campus de Bellvitge","datePublished":"2023-02-19T10:22:33+00:00","mainEntityOfPage":{"@id":"https:\/\/barcelona.euses.cat\/ca\/celebrada-la-jornada-de-portes-obertes-de-physiotherapy-en-el-campus-de-bellvitge\/"},"wordCount":146,"commentCount":0,"image":{"@id":"https:\/\/barcelona.euses.cat\/ca\/celebrada-la-jornada-de-portes-obertes-de-physiotherapy-en-el-campus-de-bellvitge\/#primaryimage"},"thumbnailUrl":"https:\/\/barcelona.euses.cat\/wp-content\/uploads\/2023\/02\/jpo18febrer-2.jpeg","articleSection":["sense categoria"],"inLanguage":"ca"},{"@type":"WebPage","@id":"https:\/\/barcelona.euses.cat\/ca\/celebrada-la-jornada-de-portes-obertes-de-physiotherapy-en-el-campus-de-bellvitge\/","url":"https:\/\/barcelona.euses.cat\/ca\/celebrada-la-jornada-de-portes-obertes-de-physiotherapy-en-el-campus-de-bellvitge\/","name":"Celebrada la jornada de portes obertes de Physiotherapy en el campus de Bellvitge | EUSES- Campus de Bellvitge (Barcelona)","isPartOf":{"@id":"https:\/\/barcelona.euses.cat\/ca\/#website"},"primaryImageOfPage":{"@id":"https:\/\/barcelona.euses.cat\/ca\/celebrada-la-jornada-de-portes-obertes-de-physiotherapy-en-el-campus-de-bellvitge\/#primaryimage"},"image":{"@id":"https:\/\/barcelona.euses.cat\/ca\/celebrada-la-jornada-de-portes-obertes-de-physiotherapy-en-el-campus-de-bellvitge\/#primaryimage"},"thumbnailUrl":"https:\/\/barcelona.euses.cat\/wp-content\/uploads\/2023\/02\/jpo18febrer-2.jpeg","datePublished":"2023-02-19T10:22:33+00:00","author":{"@id":"https:\/\/barcelona.euses.cat\/ca\/#\/schema\/person\/8ab46080dfc4814fa59383db317735bd"},"breadcrumb":{"@id":"https:\/\/barcelona.euses.cat\/ca\/celebrada-la-jornada-de-portes-obertes-de-physiotherapy-en-el-campus-de-bellvitge\/#breadcrumb"},"inLanguage":"ca","potentialAction":[{"@type":"ReadAction","target":["https:\/\/barcelona.euses.cat\/ca\/celebrada-la-jornada-de-portes-obertes-de-physiotherapy-en-el-campus-de-bellvitge\/"]}]},{"@type":"ImageObject","inLanguage":"ca","@id":"https:\/\/barcelona.euses.cat\/ca\/celebrada-la-jornada-de-portes-obertes-de-physiotherapy-en-el-campus-de-bellvitge\/#primaryimage","url":"https:\/\/barcelona.euses.cat\/wp-content\/uploads\/2023\/02\/jpo18febrer-2.jpeg","contentUrl":"https:\/\/barcelona.euses.cat\/wp-content\/uploads\/2023\/02\/jpo18febrer-2.jpeg","width":1600,"height":1200},{"@type":"BreadcrumbList","@id":"https:\/\/barcelona.euses.cat\/ca\/celebrada-la-jornada-de-portes-obertes-de-physiotherapy-en-el-campus-de-bellvitge\/#breadcrumb","itemListElement":[{"@type":"ListItem","position":1,"name":"Portada","item":"https:\/\/barcelona.euses.cat\/ca\/"},{"@type":"ListItem","position":2,"name":"Celebrada la jornada de portes obertes de Physiotherapy en el campus de Bellvitge"}]},{"@type":"WebSite","@id":"https:\/\/barcelona.euses.cat\/ca\/#website","url":"https:\/\/barcelona.euses.cat\/ca\/","name":"EUSES - Campus de Bellvitge (Barcelona)","description":"EUSES, Escola Universit\u00e0ria de Fisioter\u00e0pia Internacional a Barcelona","potentialAction":[{"@type":"SearchAction","target":{"@type":"EntryPoint","urlTemplate":"https:\/\/barcelona.euses.cat\/ca\/?s={search_term_string}"},"query-input":{"@type":"PropertyValueSpecification","valueRequired":true,"valueName":"search_term_string"}}],"inLanguage":"ca"},{"@type":"Person","@id":"https:\/\/barcelona.euses.cat\/ca\/#\/schema\/person\/8ab46080dfc4814fa59383db317735bd","name":"Jordi Danes","image":{"@type":"ImageObject","inLanguage":"ca","@id":"https:\/\/secure.gravatar.com\/avatar\/a9e4f443b594af225625ee8cfa665e41b1e0740ea34fbe0515b4ca559f8570ef?s=96&d=mm&r=g","url":"https:\/\/secure.gravatar.com\/avatar\/a9e4f443b594af225625ee8cfa665e41b1e0740ea34fbe0515b4ca559f8570ef?s=96&d=mm&r=g","contentUrl":"https:\/\/secure.gravatar.com\/avatar\/a9e4f443b594af225625ee8cfa665e41b1e0740ea34fbe0515b4ca559f8570ef?s=96&d=mm&r=g","caption":"Jordi Danes"},"url":"https:\/\/barcelona.euses.cat\/ca\/author\/jordi-danes\/"}]}},"_links":{"self":[{"href":"https:\/\/barcelona.euses.cat\/ca\/wp-json\/wp\/v2\/posts\/10976","targetHints":{"allow":["GET"]}}],"collection":[{"href":"https:\/\/barcelona.euses.cat\/ca\/wp-json\/wp\/v2\/posts"}],"about":[{"href":"https:\/\/barcelona.euses.cat\/ca\/wp-json\/wp\/v2\/types\/post"}],"author":[{"embeddable":true,"href":"https:\/\/barcelona.euses.cat\/ca\/wp-json\/wp\/v2\/users\/3"}],"replies":[{"embeddable":true,"href":"https:\/\/barcelona.euses.cat\/ca\/wp-json\/wp\/v2\/comments?post=10976"}],"version-history":[{"count":1,"href":"https:\/\/barcelona.euses.cat\/ca\/wp-json\/wp\/v2\/posts\/10976\/revisions"}],"predecessor-version":[{"id":10993,"href":"https:\/\/barcelona.euses.cat\/ca\/wp-json\/wp\/v2\/posts\/10976\/revisions\/10993"}],"wp:featuredmedia":[{"embeddable":true,"href":"https:\/\/barcelona.euses.cat\/ca\/wp-json\/wp\/v2\/media\/10977"}],"wp:attachment":[{"href":"https:\/\/barcelona.euses.cat\/ca\/wp-json\/wp\/v2\/media?parent=10976"}],"wp:term":[{"taxonomy":"category","embeddable":true,"href":"https:\/\/barcelona.euses.cat\/ca\/wp-json\/wp\/v2\/categories?post=10976"},{"taxonomy":"post_tag","embeddable":true,"href":"https:\/\/barcelona.euses.cat\/ca\/wp-json\/wp\/v2\/tags?post=10976"}],"curies":[{"name":"wp","href":"https:\/\/api.w.org\/{rel}","templated":true}]}}