{"id":10920,"date":"2022-11-12T12:44:31","date_gmt":"2022-11-12T11:44:31","guid":{"rendered":"https:\/\/barcelona.euses.cat\/?p=10920"},"modified":"2022-11-12T12:44:31","modified_gmt":"2022-11-12T11:44:31","slug":"comenca-la-8a-edicio-de-lenquesta-dinsercio-laboral-dels-titulats-universitaris-i-superiors-catalans","status":"publish","type":"post","link":"https:\/\/barcelona.euses.cat\/ca\/comenca-la-8a-edicio-de-lenquesta-dinsercio-laboral-dels-titulats-universitaris-i-superiors-catalans\/","title":{"rendered":"Comen\u00e7a la 8a edici\u00f3 de l\u2019enquesta d\u2019inserci\u00f3 laboral dels titulats universitaris i superiors catalans"},"content":{"rendered":"<p>L\u2019Escola Universit\u00e0ria de la Salut i l\u2019Esport, amb els seus campus de Salt, Bellvitge i Terres de l\u2019Ebre, aix\u00ed com tots els centres propis i adscrits de les universitats catalanes i tots els centres que imparteixen ensenyaments art\u00edstics superiors equivalents a grau han iniciat, per mitj\u00e0 d\u2019<a href=\"https:\/\/www.aqu.cat\/ca\/\">AQU Catalunya<\/a>, la vuitena edici\u00f3 de l\u2019estudi d\u2019inserci\u00f3 laboral de la poblaci\u00f3 titulada en el sistema d\u2019educaci\u00f3 superior catal\u00e0, estudi triennal que t\u00e9 com a objectiu principal recollir informaci\u00f3 a escala de titulaci\u00f3 per poder millorar els plans d\u2019estudis oferts.<\/p>\n<p>L\u2019enquesta pregunta per aspectes com ara l\u2019ocupaci\u00f3 (ocupaci\u00f3\/atur, temps per trobar la primera feina, vies per a la inserci\u00f3 laboral, \u00e0mbit laboral, branques d\u2019ocupaci\u00f3, etc.), la qualitat de l\u2019ocupaci\u00f3 (si es treballa del que es va estudiar, funcions que s\u2019exerceixen, estabilitat contractual, guanys anuals, satisfacci\u00f3 amb la feina, etc.) i la satisfacci\u00f3 amb els estudis realitzats (compet\u00e8ncies adquirides, utilitat en el lloc de treball, intenci\u00f3 de repetir carrera, etc.).<\/p>\n<p>Entre les set edicions realitzades de l\u2019estudi s\u2019han generat m\u00e9s de 130.000 registres, xifra que significa que Catalunya disposa d\u2019una de les bases de dades m\u00e9s extensa, completa i representativa d\u2019Europa.<\/p>\n<p>Aquesta \u00e9s l\u2019edici\u00f3 en qu\u00e8 participa un volum m\u00e9s gran de persones titulades. I, com a novetat, destaca la iniciativa conjunta amb les ag\u00e8ncies de qualitat valenciana (AVAP) i aragonesa (ACPUA) gr\u00e0cies a la qual s\u2019enquestaran tamb\u00e9 les persones titulades en Ci\u00e8ncies Ambientals d\u2019aquestes dues comunitats, cosa que esdevindr\u00e0 un estudi interterritorial pioner a l\u2019Estat espanyol.<\/p>\n<p>Les promocions objecte d\u2019estudi s\u00f3n: l\u2019estudiantat de grau que va finalitzar els estudis els anys 2019 i 2020 (excepte el de Medicina, que \u00e9s dels anys 2016 i 2017), l\u2019estudiantat de t\u00edtols art\u00edstics equivalents a grau i l\u2019estudiantat de m\u00e0ster que van finalitzar els estudis els anys 2018 i 2019, i les persones doctores que van defensar la tesi doctoral els anys 2018 i 2019.<\/p>\n<p>La poblaci\u00f3 de refer\u00e8ncia a enquestar \u00e9s de gaireb\u00e9 90.000 persones i la mostra que es preveu assolir \u00e9s de m\u00e9s de 40.000 persones. Els resultats es presentaran previsiblement el juliol del 2023.<\/p>\n","protected":false},"excerpt":{"rendered":"<p>L\u2019Escola Universit\u00e0ria de la Salut i l\u2019Esport, amb els seus campus de Salt, Bellvitge i Terres de l\u2019Ebre, aix\u00ed com tots els centres propis i adscrits de les universitats catalanes i tots els centres que imparteixen ensenyaments art\u00edstics superiors equivalents a grau han iniciat, per mitj\u00e0 d\u2019AQU Catalunya, la vuitena edici\u00f3 de l\u2019estudi d\u2019inserci\u00f3 laboral [&hellip;]<\/p>\n","protected":false},"author":3,"featured_media":10921,"comment_status":"open","ping_status":"closed","sticky":false,"template":"","format":"standard","meta":{"_acf_changed":false,"inline_featured_image":false,"_joinchat":[],"footnotes":""},"categories":[46],"tags":[],"class_list":["post-10920","post","type-post","status-publish","format-standard","has-post-thumbnail","hentry","category-sense-categoria"],"acf":[],"yoast_head":"<!-- This site is optimized with the Yoast SEO plugin v27.4 - https:\/\/yoast.com\/product\/yoast-seo-wordpress\/ -->\n<title>Comen\u00e7a la 8a edici\u00f3 de l\u2019enquesta d\u2019inserci\u00f3 laboral dels titulats universitaris i superiors catalans | EUSES- Campus de Bellvitge (Barcelona)<\/title>\n<meta name=\"robots\" content=\"index, follow, max-snippet:-1, max-image-preview:large, max-video-preview:-1\" \/>\n<link rel=\"canonical\" href=\"https:\/\/barcelona.euses.cat\/ca\/comenca-la-8a-edicio-de-lenquesta-dinsercio-laboral-dels-titulats-universitaris-i-superiors-catalans\/\" \/>\n<meta property=\"og:locale\" content=\"ca_ES\" \/>\n<meta property=\"og:type\" content=\"article\" \/>\n<meta property=\"og:title\" content=\"Comen\u00e7a la 8a edici\u00f3 de l\u2019enquesta d\u2019inserci\u00f3 laboral dels titulats universitaris i superiors catalans | EUSES- Campus de Bellvitge (Barcelona)\" \/>\n<meta property=\"og:description\" content=\"L\u2019Escola Universit\u00e0ria de la Salut i l\u2019Esport, amb els seus campus de Salt, Bellvitge i Terres de l\u2019Ebre, aix\u00ed com tots els centres propis i adscrits de les universitats catalanes i tots els centres que imparteixen ensenyaments art\u00edstics superiors equivalents a grau han iniciat, per mitj\u00e0 d\u2019AQU Catalunya, la vuitena edici\u00f3 de l\u2019estudi d\u2019inserci\u00f3 laboral [&hellip;]\" \/>\n<meta property=\"og:url\" content=\"https:\/\/barcelona.euses.cat\/ca\/comenca-la-8a-edicio-de-lenquesta-dinsercio-laboral-dels-titulats-universitaris-i-superiors-catalans\/\" \/>\n<meta property=\"og:site_name\" content=\"EUSES- Campus de Bellvitge (Barcelona)\" \/>\n<meta property=\"article:publisher\" content=\"https:\/\/www.facebook.com\/PhysioBCN\/\" \/>\n<meta property=\"article:published_time\" content=\"2022-11-12T11:44:31+00:00\" \/>\n<meta property=\"og:image\" content=\"https:\/\/barcelona.euses.cat\/wp-content\/uploads\/2022\/11\/1UNIVERSITAT_catalanes_TWITTER_AQU-04.jpg\" \/>\n\t<meta property=\"og:image:width\" content=\"2134\" \/>\n\t<meta property=\"og:image:height\" content=\"1068\" \/>\n\t<meta property=\"og:image:type\" content=\"image\/jpeg\" \/>\n<meta name=\"author\" content=\"Jordi Danes\" \/>\n<meta name=\"twitter:card\" content=\"summary_large_image\" \/>\n<meta name=\"twitter:label1\" content=\"Escrit per\" \/>\n\t<meta name=\"twitter:data1\" content=\"Jordi Danes\" \/>\n\t<meta name=\"twitter:label2\" content=\"Temps estimat de lectura\" \/>\n\t<meta name=\"twitter:data2\" content=\"2 minuts\" \/>\n<script type=\"application\/ld+json\" class=\"yoast-schema-graph\">{\"@context\":\"https:\\\/\\\/schema.org\",\"@graph\":[{\"@type\":\"Article\",\"@id\":\"https:\\\/\\\/barcelona.euses.cat\\\/ca\\\/comenca-la-8a-edicio-de-lenquesta-dinsercio-laboral-dels-titulats-universitaris-i-superiors-catalans\\\/#article\",\"isPartOf\":{\"@id\":\"https:\\\/\\\/barcelona.euses.cat\\\/ca\\\/comenca-la-8a-edicio-de-lenquesta-dinsercio-laboral-dels-titulats-universitaris-i-superiors-catalans\\\/\"},\"author\":{\"name\":\"Jordi Danes\",\"@id\":\"https:\\\/\\\/barcelona.euses.cat\\\/ca\\\/#\\\/schema\\\/person\\\/8ab46080dfc4814fa59383db317735bd\"},\"headline\":\"Comen\u00e7a la 8a edici\u00f3 de l\u2019enquesta d\u2019inserci\u00f3 laboral dels titulats universitaris i superiors catalans\",\"datePublished\":\"2022-11-12T11:44:31+00:00\",\"mainEntityOfPage\":{\"@id\":\"https:\\\/\\\/barcelona.euses.cat\\\/ca\\\/comenca-la-8a-edicio-de-lenquesta-dinsercio-laboral-dels-titulats-universitaris-i-superiors-catalans\\\/\"},\"wordCount\":386,\"commentCount\":0,\"image\":{\"@id\":\"https:\\\/\\\/barcelona.euses.cat\\\/ca\\\/comenca-la-8a-edicio-de-lenquesta-dinsercio-laboral-dels-titulats-universitaris-i-superiors-catalans\\\/#primaryimage\"},\"thumbnailUrl\":\"https:\\\/\\\/barcelona.euses.cat\\\/wp-content\\\/uploads\\\/2022\\\/11\\\/1UNIVERSITAT_catalanes_TWITTER_AQU-04.jpg\",\"articleSection\":[\"sense categoria\"],\"inLanguage\":\"ca\"},{\"@type\":\"WebPage\",\"@id\":\"https:\\\/\\\/barcelona.euses.cat\\\/ca\\\/comenca-la-8a-edicio-de-lenquesta-dinsercio-laboral-dels-titulats-universitaris-i-superiors-catalans\\\/\",\"url\":\"https:\\\/\\\/barcelona.euses.cat\\\/ca\\\/comenca-la-8a-edicio-de-lenquesta-dinsercio-laboral-dels-titulats-universitaris-i-superiors-catalans\\\/\",\"name\":\"Comen\u00e7a la 8a edici\u00f3 de l\u2019enquesta d\u2019inserci\u00f3 laboral dels titulats universitaris i superiors catalans | EUSES- Campus de Bellvitge (Barcelona)\",\"isPartOf\":{\"@id\":\"https:\\\/\\\/barcelona.euses.cat\\\/ca\\\/#website\"},\"primaryImageOfPage\":{\"@id\":\"https:\\\/\\\/barcelona.euses.cat\\\/ca\\\/comenca-la-8a-edicio-de-lenquesta-dinsercio-laboral-dels-titulats-universitaris-i-superiors-catalans\\\/#primaryimage\"},\"image\":{\"@id\":\"https:\\\/\\\/barcelona.euses.cat\\\/ca\\\/comenca-la-8a-edicio-de-lenquesta-dinsercio-laboral-dels-titulats-universitaris-i-superiors-catalans\\\/#primaryimage\"},\"thumbnailUrl\":\"https:\\\/\\\/barcelona.euses.cat\\\/wp-content\\\/uploads\\\/2022\\\/11\\\/1UNIVERSITAT_catalanes_TWITTER_AQU-04.jpg\",\"datePublished\":\"2022-11-12T11:44:31+00:00\",\"author\":{\"@id\":\"https:\\\/\\\/barcelona.euses.cat\\\/ca\\\/#\\\/schema\\\/person\\\/8ab46080dfc4814fa59383db317735bd\"},\"breadcrumb\":{\"@id\":\"https:\\\/\\\/barcelona.euses.cat\\\/ca\\\/comenca-la-8a-edicio-de-lenquesta-dinsercio-laboral-dels-titulats-universitaris-i-superiors-catalans\\\/#breadcrumb\"},\"inLanguage\":\"ca\",\"potentialAction\":[{\"@type\":\"ReadAction\",\"target\":[\"https:\\\/\\\/barcelona.euses.cat\\\/ca\\\/comenca-la-8a-edicio-de-lenquesta-dinsercio-laboral-dels-titulats-universitaris-i-superiors-catalans\\\/\"]}]},{\"@type\":\"ImageObject\",\"inLanguage\":\"ca\",\"@id\":\"https:\\\/\\\/barcelona.euses.cat\\\/ca\\\/comenca-la-8a-edicio-de-lenquesta-dinsercio-laboral-dels-titulats-universitaris-i-superiors-catalans\\\/#primaryimage\",\"url\":\"https:\\\/\\\/barcelona.euses.cat\\\/wp-content\\\/uploads\\\/2022\\\/11\\\/1UNIVERSITAT_catalanes_TWITTER_AQU-04.jpg\",\"contentUrl\":\"https:\\\/\\\/barcelona.euses.cat\\\/wp-content\\\/uploads\\\/2022\\\/11\\\/1UNIVERSITAT_catalanes_TWITTER_AQU-04.jpg\",\"width\":2134,\"height\":1068},{\"@type\":\"BreadcrumbList\",\"@id\":\"https:\\\/\\\/barcelona.euses.cat\\\/ca\\\/comenca-la-8a-edicio-de-lenquesta-dinsercio-laboral-dels-titulats-universitaris-i-superiors-catalans\\\/#breadcrumb\",\"itemListElement\":[{\"@type\":\"ListItem\",\"position\":1,\"name\":\"Portada\",\"item\":\"https:\\\/\\\/barcelona.euses.cat\\\/ca\\\/\"},{\"@type\":\"ListItem\",\"position\":2,\"name\":\"Comen\u00e7a la 8a edici\u00f3 de l\u2019enquesta d\u2019inserci\u00f3 laboral dels titulats universitaris i superiors catalans\"}]},{\"@type\":\"WebSite\",\"@id\":\"https:\\\/\\\/barcelona.euses.cat\\\/ca\\\/#website\",\"url\":\"https:\\\/\\\/barcelona.euses.cat\\\/ca\\\/\",\"name\":\"EUSES - Campus de Bellvitge (Barcelona)\",\"description\":\"EUSES, Escola Universit\u00e0ria de Fisioter\u00e0pia Internacional a Barcelona\",\"potentialAction\":[{\"@type\":\"SearchAction\",\"target\":{\"@type\":\"EntryPoint\",\"urlTemplate\":\"https:\\\/\\\/barcelona.euses.cat\\\/ca\\\/?s={search_term_string}\"},\"query-input\":{\"@type\":\"PropertyValueSpecification\",\"valueRequired\":true,\"valueName\":\"search_term_string\"}}],\"inLanguage\":\"ca\"},{\"@type\":\"Person\",\"@id\":\"https:\\\/\\\/barcelona.euses.cat\\\/ca\\\/#\\\/schema\\\/person\\\/8ab46080dfc4814fa59383db317735bd\",\"name\":\"Jordi Danes\",\"image\":{\"@type\":\"ImageObject\",\"inLanguage\":\"ca\",\"@id\":\"https:\\\/\\\/secure.gravatar.com\\\/avatar\\\/a9e4f443b594af225625ee8cfa665e41b1e0740ea34fbe0515b4ca559f8570ef?s=96&d=mm&r=g\",\"url\":\"https:\\\/\\\/secure.gravatar.com\\\/avatar\\\/a9e4f443b594af225625ee8cfa665e41b1e0740ea34fbe0515b4ca559f8570ef?s=96&d=mm&r=g\",\"contentUrl\":\"https:\\\/\\\/secure.gravatar.com\\\/avatar\\\/a9e4f443b594af225625ee8cfa665e41b1e0740ea34fbe0515b4ca559f8570ef?s=96&d=mm&r=g\",\"caption\":\"Jordi Danes\"},\"url\":\"https:\\\/\\\/barcelona.euses.cat\\\/ca\\\/author\\\/jordi-danes\\\/\"}]}<\/script>\n<!-- \/ Yoast SEO plugin. -->","yoast_head_json":{"title":"Comen\u00e7a la 8a edici\u00f3 de l\u2019enquesta d\u2019inserci\u00f3 laboral dels titulats universitaris i superiors catalans | EUSES- Campus de Bellvitge (Barcelona)","robots":{"index":"index","follow":"follow","max-snippet":"max-snippet:-1","max-image-preview":"max-image-preview:large","max-video-preview":"max-video-preview:-1"},"canonical":"https:\/\/barcelona.euses.cat\/ca\/comenca-la-8a-edicio-de-lenquesta-dinsercio-laboral-dels-titulats-universitaris-i-superiors-catalans\/","og_locale":"ca_ES","og_type":"article","og_title":"Comen\u00e7a la 8a edici\u00f3 de l\u2019enquesta d\u2019inserci\u00f3 laboral dels titulats universitaris i superiors catalans | EUSES- Campus de Bellvitge (Barcelona)","og_description":"L\u2019Escola Universit\u00e0ria de la Salut i l\u2019Esport, amb els seus campus de Salt, Bellvitge i Terres de l\u2019Ebre, aix\u00ed com tots els centres propis i adscrits de les universitats catalanes i tots els centres que imparteixen ensenyaments art\u00edstics superiors equivalents a grau han iniciat, per mitj\u00e0 d\u2019AQU Catalunya, la vuitena edici\u00f3 de l\u2019estudi d\u2019inserci\u00f3 laboral [&hellip;]","og_url":"https:\/\/barcelona.euses.cat\/ca\/comenca-la-8a-edicio-de-lenquesta-dinsercio-laboral-dels-titulats-universitaris-i-superiors-catalans\/","og_site_name":"EUSES- Campus de Bellvitge (Barcelona)","article_publisher":"https:\/\/www.facebook.com\/PhysioBCN\/","article_published_time":"2022-11-12T11:44:31+00:00","og_image":[{"width":2134,"height":1068,"url":"https:\/\/barcelona.euses.cat\/wp-content\/uploads\/2022\/11\/1UNIVERSITAT_catalanes_TWITTER_AQU-04.jpg","type":"image\/jpeg"}],"author":"Jordi Danes","twitter_card":"summary_large_image","twitter_misc":{"Escrit per":"Jordi Danes","Temps estimat de lectura":"2 minuts"},"schema":{"@context":"https:\/\/schema.org","@graph":[{"@type":"Article","@id":"https:\/\/barcelona.euses.cat\/ca\/comenca-la-8a-edicio-de-lenquesta-dinsercio-laboral-dels-titulats-universitaris-i-superiors-catalans\/#article","isPartOf":{"@id":"https:\/\/barcelona.euses.cat\/ca\/comenca-la-8a-edicio-de-lenquesta-dinsercio-laboral-dels-titulats-universitaris-i-superiors-catalans\/"},"author":{"name":"Jordi Danes","@id":"https:\/\/barcelona.euses.cat\/ca\/#\/schema\/person\/8ab46080dfc4814fa59383db317735bd"},"headline":"Comen\u00e7a la 8a edici\u00f3 de l\u2019enquesta d\u2019inserci\u00f3 laboral dels titulats universitaris i superiors catalans","datePublished":"2022-11-12T11:44:31+00:00","mainEntityOfPage":{"@id":"https:\/\/barcelona.euses.cat\/ca\/comenca-la-8a-edicio-de-lenquesta-dinsercio-laboral-dels-titulats-universitaris-i-superiors-catalans\/"},"wordCount":386,"commentCount":0,"image":{"@id":"https:\/\/barcelona.euses.cat\/ca\/comenca-la-8a-edicio-de-lenquesta-dinsercio-laboral-dels-titulats-universitaris-i-superiors-catalans\/#primaryimage"},"thumbnailUrl":"https:\/\/barcelona.euses.cat\/wp-content\/uploads\/2022\/11\/1UNIVERSITAT_catalanes_TWITTER_AQU-04.jpg","articleSection":["sense categoria"],"inLanguage":"ca"},{"@type":"WebPage","@id":"https:\/\/barcelona.euses.cat\/ca\/comenca-la-8a-edicio-de-lenquesta-dinsercio-laboral-dels-titulats-universitaris-i-superiors-catalans\/","url":"https:\/\/barcelona.euses.cat\/ca\/comenca-la-8a-edicio-de-lenquesta-dinsercio-laboral-dels-titulats-universitaris-i-superiors-catalans\/","name":"Comen\u00e7a la 8a edici\u00f3 de l\u2019enquesta d\u2019inserci\u00f3 laboral dels titulats universitaris i superiors catalans | EUSES- Campus de Bellvitge (Barcelona)","isPartOf":{"@id":"https:\/\/barcelona.euses.cat\/ca\/#website"},"primaryImageOfPage":{"@id":"https:\/\/barcelona.euses.cat\/ca\/comenca-la-8a-edicio-de-lenquesta-dinsercio-laboral-dels-titulats-universitaris-i-superiors-catalans\/#primaryimage"},"image":{"@id":"https:\/\/barcelona.euses.cat\/ca\/comenca-la-8a-edicio-de-lenquesta-dinsercio-laboral-dels-titulats-universitaris-i-superiors-catalans\/#primaryimage"},"thumbnailUrl":"https:\/\/barcelona.euses.cat\/wp-content\/uploads\/2022\/11\/1UNIVERSITAT_catalanes_TWITTER_AQU-04.jpg","datePublished":"2022-11-12T11:44:31+00:00","author":{"@id":"https:\/\/barcelona.euses.cat\/ca\/#\/schema\/person\/8ab46080dfc4814fa59383db317735bd"},"breadcrumb":{"@id":"https:\/\/barcelona.euses.cat\/ca\/comenca-la-8a-edicio-de-lenquesta-dinsercio-laboral-dels-titulats-universitaris-i-superiors-catalans\/#breadcrumb"},"inLanguage":"ca","potentialAction":[{"@type":"ReadAction","target":["https:\/\/barcelona.euses.cat\/ca\/comenca-la-8a-edicio-de-lenquesta-dinsercio-laboral-dels-titulats-universitaris-i-superiors-catalans\/"]}]},{"@type":"ImageObject","inLanguage":"ca","@id":"https:\/\/barcelona.euses.cat\/ca\/comenca-la-8a-edicio-de-lenquesta-dinsercio-laboral-dels-titulats-universitaris-i-superiors-catalans\/#primaryimage","url":"https:\/\/barcelona.euses.cat\/wp-content\/uploads\/2022\/11\/1UNIVERSITAT_catalanes_TWITTER_AQU-04.jpg","contentUrl":"https:\/\/barcelona.euses.cat\/wp-content\/uploads\/2022\/11\/1UNIVERSITAT_catalanes_TWITTER_AQU-04.jpg","width":2134,"height":1068},{"@type":"BreadcrumbList","@id":"https:\/\/barcelona.euses.cat\/ca\/comenca-la-8a-edicio-de-lenquesta-dinsercio-laboral-dels-titulats-universitaris-i-superiors-catalans\/#breadcrumb","itemListElement":[{"@type":"ListItem","position":1,"name":"Portada","item":"https:\/\/barcelona.euses.cat\/ca\/"},{"@type":"ListItem","position":2,"name":"Comen\u00e7a la 8a edici\u00f3 de l\u2019enquesta d\u2019inserci\u00f3 laboral dels titulats universitaris i superiors catalans"}]},{"@type":"WebSite","@id":"https:\/\/barcelona.euses.cat\/ca\/#website","url":"https:\/\/barcelona.euses.cat\/ca\/","name":"EUSES - Campus de Bellvitge (Barcelona)","description":"EUSES, Escola Universit\u00e0ria de Fisioter\u00e0pia Internacional a Barcelona","potentialAction":[{"@type":"SearchAction","target":{"@type":"EntryPoint","urlTemplate":"https:\/\/barcelona.euses.cat\/ca\/?s={search_term_string}"},"query-input":{"@type":"PropertyValueSpecification","valueRequired":true,"valueName":"search_term_string"}}],"inLanguage":"ca"},{"@type":"Person","@id":"https:\/\/barcelona.euses.cat\/ca\/#\/schema\/person\/8ab46080dfc4814fa59383db317735bd","name":"Jordi Danes","image":{"@type":"ImageObject","inLanguage":"ca","@id":"https:\/\/secure.gravatar.com\/avatar\/a9e4f443b594af225625ee8cfa665e41b1e0740ea34fbe0515b4ca559f8570ef?s=96&d=mm&r=g","url":"https:\/\/secure.gravatar.com\/avatar\/a9e4f443b594af225625ee8cfa665e41b1e0740ea34fbe0515b4ca559f8570ef?s=96&d=mm&r=g","contentUrl":"https:\/\/secure.gravatar.com\/avatar\/a9e4f443b594af225625ee8cfa665e41b1e0740ea34fbe0515b4ca559f8570ef?s=96&d=mm&r=g","caption":"Jordi Danes"},"url":"https:\/\/barcelona.euses.cat\/ca\/author\/jordi-danes\/"}]}},"_links":{"self":[{"href":"https:\/\/barcelona.euses.cat\/ca\/wp-json\/wp\/v2\/posts\/10920","targetHints":{"allow":["GET"]}}],"collection":[{"href":"https:\/\/barcelona.euses.cat\/ca\/wp-json\/wp\/v2\/posts"}],"about":[{"href":"https:\/\/barcelona.euses.cat\/ca\/wp-json\/wp\/v2\/types\/post"}],"author":[{"embeddable":true,"href":"https:\/\/barcelona.euses.cat\/ca\/wp-json\/wp\/v2\/users\/3"}],"replies":[{"embeddable":true,"href":"https:\/\/barcelona.euses.cat\/ca\/wp-json\/wp\/v2\/comments?post=10920"}],"version-history":[{"count":1,"href":"https:\/\/barcelona.euses.cat\/ca\/wp-json\/wp\/v2\/posts\/10920\/revisions"}],"predecessor-version":[{"id":10925,"href":"https:\/\/barcelona.euses.cat\/ca\/wp-json\/wp\/v2\/posts\/10920\/revisions\/10925"}],"wp:featuredmedia":[{"embeddable":true,"href":"https:\/\/barcelona.euses.cat\/ca\/wp-json\/wp\/v2\/media\/10921"}],"wp:attachment":[{"href":"https:\/\/barcelona.euses.cat\/ca\/wp-json\/wp\/v2\/media?parent=10920"}],"wp:term":[{"taxonomy":"category","embeddable":true,"href":"https:\/\/barcelona.euses.cat\/ca\/wp-json\/wp\/v2\/categories?post=10920"},{"taxonomy":"post_tag","embeddable":true,"href":"https:\/\/barcelona.euses.cat\/ca\/wp-json\/wp\/v2\/tags?post=10920"}],"curies":[{"name":"wp","href":"https:\/\/api.w.org\/{rel}","templated":true}]}}