{"id":10865,"date":"2022-11-02T11:41:23","date_gmt":"2022-11-02T10:41:23","guid":{"rendered":"https:\/\/barcelona.euses.cat\/?p=10865"},"modified":"2022-11-02T12:41:05","modified_gmt":"2022-11-02T11:41:05","slug":"estudiants-del-grau-recuperen-els-participants-de-la-half-sitges","status":"publish","type":"post","link":"https:\/\/barcelona.euses.cat\/ca\/estudiants-del-grau-recuperen-els-participants-de-la-half-sitges\/","title":{"rendered":"Estudiants del Grau recuperen els participants de la Half Sitges"},"content":{"rendered":"<p>Sota la tutoritzaci\u00f3 de la fisioterapeuta d\u2019EUSES Alumni Laura Vilella, estudiants del Grau del Campus de Bellvitge han realitzat aquest passat cap de setmana un voluntariat acad\u00e8mic a Sitges, concretament en la triatl\u00f3 <a href=\"https:\/\/100x100half.com\/es\/sitges\">Half<\/a> que s\u2019ha celebrat a la localitat del Garraf. Els alumnes Tommaso Moia, Marcos Ajuelos, Ma\u00ebline Lemair\u00e9, Vicenta Mar\u00edn, Maxime Marry, Pauline Negrier, Jouannic Benoit, Maeva Agniel i Antoine Courthaliac han realitzat t\u00e8cniques de recuperaci\u00f3 muscular (essencialment massatges i estiraments) als participants en un punt de fisioter\u00e0pia habilitat en la zona d\u2019arribada. Els esportistes van poder escollir entre tres recorreguts: la dist\u00e0ncia Half (1,9 quil\u00f2metres de nataci\u00f3, 90 en bicicleta i 21 de cursa a peu), la Ol\u00edmpica (1,5 quil\u00f2metres de nataci\u00f3, 40 en bicicleta i 10 a peu) o l\u2019Aquabike (1,9 quil\u00f2metres de nataci\u00f3 i 90 en bicicleta).<\/p>\n\n\t\t<style type=\"text\/css\">\n\t\t\t#gallery-1 {\n\t\t\t\tmargin: auto;\n\t\t\t}\n\t\t\t#gallery-1 .gallery-item {\n\t\t\t\tfloat: left;\n\t\t\t\tmargin-top: 10px;\n\t\t\t\ttext-align: center;\n\t\t\t\twidth: 33%;\n\t\t\t}\n\t\t\t#gallery-1 img {\n\t\t\t\tborder: 2px solid #cfcfcf;\n\t\t\t}\n\t\t\t#gallery-1 .gallery-caption {\n\t\t\t\tmargin-left: 0;\n\t\t\t}\n\t\t\t\/* see gallery_shortcode() in wp-includes\/media.php *\/\n\t\t<\/style>\n\t\t<div id='gallery-1' class='gallery galleryid-10865 gallery-columns-3 gallery-size-medium'><dl class='gallery-item'>\n\t\t\t<dt class='gallery-icon landscape'>\n\t\t\t\t<a href='https:\/\/barcelona.euses.cat\/ca\/estudiants-del-grau-recuperen-els-participants-de-la-half-sitges\/halfsitges-1\/'><img fetchpriority=\"high\" decoding=\"async\" width=\"300\" height=\"225\" src=\"https:\/\/barcelona.euses.cat\/wp-content\/uploads\/2022\/11\/halfsitges-1-300x225.jpg\" class=\"attachment-medium size-medium\" alt=\"\" srcset=\"https:\/\/barcelona.euses.cat\/wp-content\/uploads\/2022\/11\/halfsitges-1-300x225.jpg 300w, https:\/\/barcelona.euses.cat\/wp-content\/uploads\/2022\/11\/halfsitges-1-1024x768.jpg 1024w, https:\/\/barcelona.euses.cat\/wp-content\/uploads\/2022\/11\/halfsitges-1-768x576.jpg 768w, https:\/\/barcelona.euses.cat\/wp-content\/uploads\/2022\/11\/halfsitges-1-1536x1153.jpg 1536w, https:\/\/barcelona.euses.cat\/wp-content\/uploads\/2022\/11\/halfsitges-1-267x200.jpg 267w, https:\/\/barcelona.euses.cat\/wp-content\/uploads\/2022\/11\/halfsitges-1-700x525.jpg 700w, https:\/\/barcelona.euses.cat\/wp-content\/uploads\/2022\/11\/halfsitges-1.jpg 1599w\" sizes=\"(max-width: 300px) 100vw, 300px\" \/><\/a>\n\t\t\t<\/dt><\/dl><dl class='gallery-item'>\n\t\t\t<dt class='gallery-icon portrait'>\n\t\t\t\t<a href='https:\/\/barcelona.euses.cat\/ca\/estudiants-del-grau-recuperen-els-participants-de-la-half-sitges\/halfsitges-3\/'><img decoding=\"async\" width=\"224\" height=\"300\" src=\"https:\/\/barcelona.euses.cat\/wp-content\/uploads\/2022\/11\/halfsitges-3-224x300.jpg\" class=\"attachment-medium size-medium\" alt=\"\" srcset=\"https:\/\/barcelona.euses.cat\/wp-content\/uploads\/2022\/11\/halfsitges-3-224x300.jpg 224w, https:\/\/barcelona.euses.cat\/wp-content\/uploads\/2022\/11\/halfsitges-3-766x1024.jpg 766w, https:\/\/barcelona.euses.cat\/wp-content\/uploads\/2022\/11\/halfsitges-3-768x1026.jpg 768w, https:\/\/barcelona.euses.cat\/wp-content\/uploads\/2022\/11\/halfsitges-3-1149x1536.jpg 1149w, https:\/\/barcelona.euses.cat\/wp-content\/uploads\/2022\/11\/halfsitges-3-1532x2048.jpg 1532w, https:\/\/barcelona.euses.cat\/wp-content\/uploads\/2022\/11\/halfsitges-3-150x200.jpg 150w, https:\/\/barcelona.euses.cat\/wp-content\/uploads\/2022\/11\/halfsitges-3-scaled.jpg 1916w\" sizes=\"(max-width: 224px) 100vw, 224px\" \/><\/a>\n\t\t\t<\/dt><\/dl><dl class='gallery-item'>\n\t\t\t<dt class='gallery-icon portrait'>\n\t\t\t\t<a href='https:\/\/barcelona.euses.cat\/ca\/estudiants-del-grau-recuperen-els-participants-de-la-half-sitges\/halfsitges-4\/'><img decoding=\"async\" width=\"224\" height=\"300\" src=\"https:\/\/barcelona.euses.cat\/wp-content\/uploads\/2022\/11\/halfsitges-4-224x300.jpg\" class=\"attachment-medium size-medium\" alt=\"\" srcset=\"https:\/\/barcelona.euses.cat\/wp-content\/uploads\/2022\/11\/halfsitges-4-224x300.jpg 224w, https:\/\/barcelona.euses.cat\/wp-content\/uploads\/2022\/11\/halfsitges-4-766x1024.jpg 766w, https:\/\/barcelona.euses.cat\/wp-content\/uploads\/2022\/11\/halfsitges-4-768x1026.jpg 768w, https:\/\/barcelona.euses.cat\/wp-content\/uploads\/2022\/11\/halfsitges-4-1149x1536.jpg 1149w, https:\/\/barcelona.euses.cat\/wp-content\/uploads\/2022\/11\/halfsitges-4-1532x2048.jpg 1532w, https:\/\/barcelona.euses.cat\/wp-content\/uploads\/2022\/11\/halfsitges-4-150x200.jpg 150w, https:\/\/barcelona.euses.cat\/wp-content\/uploads\/2022\/11\/halfsitges-4-scaled.jpg 1916w\" sizes=\"(max-width: 224px) 100vw, 224px\" \/><\/a>\n\t\t\t<\/dt><\/dl><br style=\"clear: both\" \/><dl class='gallery-item'>\n\t\t\t<dt class='gallery-icon portrait'>\n\t\t\t\t<a href='https:\/\/barcelona.euses.cat\/ca\/estudiants-del-grau-recuperen-els-participants-de-la-half-sitges\/halfsitges-5\/'><img loading=\"lazy\" decoding=\"async\" width=\"224\" height=\"300\" src=\"https:\/\/barcelona.euses.cat\/wp-content\/uploads\/2022\/11\/halfsitges-5-224x300.jpg\" class=\"attachment-medium size-medium\" alt=\"\" srcset=\"https:\/\/barcelona.euses.cat\/wp-content\/uploads\/2022\/11\/halfsitges-5-224x300.jpg 224w, https:\/\/barcelona.euses.cat\/wp-content\/uploads\/2022\/11\/halfsitges-5-766x1024.jpg 766w, https:\/\/barcelona.euses.cat\/wp-content\/uploads\/2022\/11\/halfsitges-5-768x1026.jpg 768w, https:\/\/barcelona.euses.cat\/wp-content\/uploads\/2022\/11\/halfsitges-5-1149x1536.jpg 1149w, https:\/\/barcelona.euses.cat\/wp-content\/uploads\/2022\/11\/halfsitges-5-1532x2048.jpg 1532w, https:\/\/barcelona.euses.cat\/wp-content\/uploads\/2022\/11\/halfsitges-5-150x200.jpg 150w, https:\/\/barcelona.euses.cat\/wp-content\/uploads\/2022\/11\/halfsitges-5-scaled.jpg 1916w\" sizes=\"(max-width: 224px) 100vw, 224px\" \/><\/a>\n\t\t\t<\/dt><\/dl><dl class='gallery-item'>\n\t\t\t<dt class='gallery-icon portrait'>\n\t\t\t\t<a href='https:\/\/barcelona.euses.cat\/ca\/estudiants-del-grau-recuperen-els-participants-de-la-half-sitges\/halfsitges-6\/'><img loading=\"lazy\" decoding=\"async\" width=\"224\" height=\"300\" src=\"https:\/\/barcelona.euses.cat\/wp-content\/uploads\/2022\/11\/halfsitges-6-224x300.jpg\" class=\"attachment-medium size-medium\" alt=\"\" srcset=\"https:\/\/barcelona.euses.cat\/wp-content\/uploads\/2022\/11\/halfsitges-6-224x300.jpg 224w, https:\/\/barcelona.euses.cat\/wp-content\/uploads\/2022\/11\/halfsitges-6-766x1024.jpg 766w, https:\/\/barcelona.euses.cat\/wp-content\/uploads\/2022\/11\/halfsitges-6-768x1026.jpg 768w, https:\/\/barcelona.euses.cat\/wp-content\/uploads\/2022\/11\/halfsitges-6-1149x1536.jpg 1149w, https:\/\/barcelona.euses.cat\/wp-content\/uploads\/2022\/11\/halfsitges-6-1532x2048.jpg 1532w, https:\/\/barcelona.euses.cat\/wp-content\/uploads\/2022\/11\/halfsitges-6-150x200.jpg 150w, https:\/\/barcelona.euses.cat\/wp-content\/uploads\/2022\/11\/halfsitges-6-scaled.jpg 1916w\" sizes=\"(max-width: 224px) 100vw, 224px\" \/><\/a>\n\t\t\t<\/dt><\/dl>\n\t\t\t<br style='clear: both' \/>\n\t\t<\/div>\n\n","protected":false},"excerpt":{"rendered":"<p>Sota la tutoritzaci\u00f3 de la fisioterapeuta d\u2019EUSES Alumni Laura Vilella, estudiants del Grau del Campus de Bellvitge han realitzat aquest passat cap de setmana un voluntariat acad\u00e8mic a Sitges, concretament en la triatl\u00f3 Half que s\u2019ha celebrat a la localitat del Garraf. Els alumnes Tommaso Moia, Marcos Ajuelos, Ma\u00ebline Lemair\u00e9, Vicenta Mar\u00edn, Maxime Marry, Pauline [&hellip;]<\/p>\n","protected":false},"author":3,"featured_media":10866,"comment_status":"open","ping_status":"closed","sticky":false,"template":"","format":"standard","meta":{"_acf_changed":false,"inline_featured_image":false,"_joinchat":[],"footnotes":""},"categories":[46],"tags":[],"class_list":["post-10865","post","type-post","status-publish","format-standard","has-post-thumbnail","hentry","category-sense-categoria"],"acf":[],"yoast_head":"<!-- This site is optimized with the Yoast SEO plugin v27.4 - https:\/\/yoast.com\/product\/yoast-seo-wordpress\/ -->\n<title>Estudiants del Grau recuperen els participants de la Half Sitges | EUSES- Campus de Bellvitge (Barcelona)<\/title>\n<meta name=\"robots\" content=\"index, follow, max-snippet:-1, max-image-preview:large, max-video-preview:-1\" \/>\n<link rel=\"canonical\" href=\"https:\/\/barcelona.euses.cat\/ca\/estudiants-del-grau-recuperen-els-participants-de-la-half-sitges\/\" \/>\n<meta property=\"og:locale\" content=\"ca_ES\" \/>\n<meta property=\"og:type\" content=\"article\" \/>\n<meta property=\"og:title\" content=\"Estudiants del Grau recuperen els participants de la Half Sitges | EUSES- Campus de Bellvitge (Barcelona)\" \/>\n<meta property=\"og:description\" content=\"Sota la tutoritzaci\u00f3 de la fisioterapeuta d\u2019EUSES Alumni Laura Vilella, estudiants del Grau del Campus de Bellvitge han realitzat aquest passat cap de setmana un voluntariat acad\u00e8mic a Sitges, concretament en la triatl\u00f3 Half que s\u2019ha celebrat a la localitat del Garraf. Els alumnes Tommaso Moia, Marcos Ajuelos, Ma\u00ebline Lemair\u00e9, Vicenta Mar\u00edn, Maxime Marry, Pauline [&hellip;]\" \/>\n<meta property=\"og:url\" content=\"https:\/\/barcelona.euses.cat\/ca\/estudiants-del-grau-recuperen-els-participants-de-la-half-sitges\/\" \/>\n<meta property=\"og:site_name\" content=\"EUSES- Campus de Bellvitge (Barcelona)\" \/>\n<meta property=\"article:publisher\" content=\"https:\/\/www.facebook.com\/PhysioBCN\/\" \/>\n<meta property=\"article:published_time\" content=\"2022-11-02T10:41:23+00:00\" \/>\n<meta property=\"article:modified_time\" content=\"2022-11-02T11:41:05+00:00\" \/>\n<meta property=\"og:image\" content=\"https:\/\/barcelona.euses.cat\/wp-content\/uploads\/2022\/11\/halfsitges-2.jpg\" \/>\n\t<meta property=\"og:image:width\" content=\"1198\" \/>\n\t<meta property=\"og:image:height\" content=\"1600\" \/>\n\t<meta property=\"og:image:type\" content=\"image\/jpeg\" \/>\n<meta name=\"author\" content=\"Jordi Danes\" \/>\n<meta name=\"twitter:card\" content=\"summary_large_image\" \/>\n<meta name=\"twitter:label1\" content=\"Escrit per\" \/>\n\t<meta name=\"twitter:data1\" content=\"Jordi Danes\" \/>\n\t<meta name=\"twitter:label2\" content=\"Temps estimat de lectura\" \/>\n\t<meta name=\"twitter:data2\" content=\"1 minut\" \/>\n<script type=\"application\/ld+json\" class=\"yoast-schema-graph\">{\"@context\":\"https:\\\/\\\/schema.org\",\"@graph\":[{\"@type\":\"Article\",\"@id\":\"https:\\\/\\\/barcelona.euses.cat\\\/ca\\\/estudiants-del-grau-recuperen-els-participants-de-la-half-sitges\\\/#article\",\"isPartOf\":{\"@id\":\"https:\\\/\\\/barcelona.euses.cat\\\/ca\\\/estudiants-del-grau-recuperen-els-participants-de-la-half-sitges\\\/\"},\"author\":{\"name\":\"Jordi Danes\",\"@id\":\"https:\\\/\\\/barcelona.euses.cat\\\/ca\\\/#\\\/schema\\\/person\\\/8ab46080dfc4814fa59383db317735bd\"},\"headline\":\"Estudiants del Grau recuperen els participants de la Half Sitges\",\"datePublished\":\"2022-11-02T10:41:23+00:00\",\"dateModified\":\"2022-11-02T11:41:05+00:00\",\"mainEntityOfPage\":{\"@id\":\"https:\\\/\\\/barcelona.euses.cat\\\/ca\\\/estudiants-del-grau-recuperen-els-participants-de-la-half-sitges\\\/\"},\"wordCount\":152,\"commentCount\":0,\"image\":{\"@id\":\"https:\\\/\\\/barcelona.euses.cat\\\/ca\\\/estudiants-del-grau-recuperen-els-participants-de-la-half-sitges\\\/#primaryimage\"},\"thumbnailUrl\":\"https:\\\/\\\/barcelona.euses.cat\\\/wp-content\\\/uploads\\\/2022\\\/11\\\/halfsitges-2.jpg\",\"articleSection\":[\"sense categoria\"],\"inLanguage\":\"ca\"},{\"@type\":\"WebPage\",\"@id\":\"https:\\\/\\\/barcelona.euses.cat\\\/ca\\\/estudiants-del-grau-recuperen-els-participants-de-la-half-sitges\\\/\",\"url\":\"https:\\\/\\\/barcelona.euses.cat\\\/ca\\\/estudiants-del-grau-recuperen-els-participants-de-la-half-sitges\\\/\",\"name\":\"Estudiants del Grau recuperen els participants de la Half Sitges | EUSES- Campus de Bellvitge (Barcelona)\",\"isPartOf\":{\"@id\":\"https:\\\/\\\/barcelona.euses.cat\\\/ca\\\/#website\"},\"primaryImageOfPage\":{\"@id\":\"https:\\\/\\\/barcelona.euses.cat\\\/ca\\\/estudiants-del-grau-recuperen-els-participants-de-la-half-sitges\\\/#primaryimage\"},\"image\":{\"@id\":\"https:\\\/\\\/barcelona.euses.cat\\\/ca\\\/estudiants-del-grau-recuperen-els-participants-de-la-half-sitges\\\/#primaryimage\"},\"thumbnailUrl\":\"https:\\\/\\\/barcelona.euses.cat\\\/wp-content\\\/uploads\\\/2022\\\/11\\\/halfsitges-2.jpg\",\"datePublished\":\"2022-11-02T10:41:23+00:00\",\"dateModified\":\"2022-11-02T11:41:05+00:00\",\"author\":{\"@id\":\"https:\\\/\\\/barcelona.euses.cat\\\/ca\\\/#\\\/schema\\\/person\\\/8ab46080dfc4814fa59383db317735bd\"},\"breadcrumb\":{\"@id\":\"https:\\\/\\\/barcelona.euses.cat\\\/ca\\\/estudiants-del-grau-recuperen-els-participants-de-la-half-sitges\\\/#breadcrumb\"},\"inLanguage\":\"ca\",\"potentialAction\":[{\"@type\":\"ReadAction\",\"target\":[\"https:\\\/\\\/barcelona.euses.cat\\\/ca\\\/estudiants-del-grau-recuperen-els-participants-de-la-half-sitges\\\/\"]}]},{\"@type\":\"ImageObject\",\"inLanguage\":\"ca\",\"@id\":\"https:\\\/\\\/barcelona.euses.cat\\\/ca\\\/estudiants-del-grau-recuperen-els-participants-de-la-half-sitges\\\/#primaryimage\",\"url\":\"https:\\\/\\\/barcelona.euses.cat\\\/wp-content\\\/uploads\\\/2022\\\/11\\\/halfsitges-2.jpg\",\"contentUrl\":\"https:\\\/\\\/barcelona.euses.cat\\\/wp-content\\\/uploads\\\/2022\\\/11\\\/halfsitges-2.jpg\",\"width\":1198,\"height\":1600},{\"@type\":\"BreadcrumbList\",\"@id\":\"https:\\\/\\\/barcelona.euses.cat\\\/ca\\\/estudiants-del-grau-recuperen-els-participants-de-la-half-sitges\\\/#breadcrumb\",\"itemListElement\":[{\"@type\":\"ListItem\",\"position\":1,\"name\":\"Portada\",\"item\":\"https:\\\/\\\/barcelona.euses.cat\\\/ca\\\/\"},{\"@type\":\"ListItem\",\"position\":2,\"name\":\"Estudiants del Grau recuperen els participants de la Half Sitges\"}]},{\"@type\":\"WebSite\",\"@id\":\"https:\\\/\\\/barcelona.euses.cat\\\/ca\\\/#website\",\"url\":\"https:\\\/\\\/barcelona.euses.cat\\\/ca\\\/\",\"name\":\"EUSES - Campus de Bellvitge (Barcelona)\",\"description\":\"EUSES, Escola Universit\u00e0ria de Fisioter\u00e0pia Internacional a Barcelona\",\"potentialAction\":[{\"@type\":\"SearchAction\",\"target\":{\"@type\":\"EntryPoint\",\"urlTemplate\":\"https:\\\/\\\/barcelona.euses.cat\\\/ca\\\/?s={search_term_string}\"},\"query-input\":{\"@type\":\"PropertyValueSpecification\",\"valueRequired\":true,\"valueName\":\"search_term_string\"}}],\"inLanguage\":\"ca\"},{\"@type\":\"Person\",\"@id\":\"https:\\\/\\\/barcelona.euses.cat\\\/ca\\\/#\\\/schema\\\/person\\\/8ab46080dfc4814fa59383db317735bd\",\"name\":\"Jordi Danes\",\"image\":{\"@type\":\"ImageObject\",\"inLanguage\":\"ca\",\"@id\":\"https:\\\/\\\/secure.gravatar.com\\\/avatar\\\/a9e4f443b594af225625ee8cfa665e41b1e0740ea34fbe0515b4ca559f8570ef?s=96&d=mm&r=g\",\"url\":\"https:\\\/\\\/secure.gravatar.com\\\/avatar\\\/a9e4f443b594af225625ee8cfa665e41b1e0740ea34fbe0515b4ca559f8570ef?s=96&d=mm&r=g\",\"contentUrl\":\"https:\\\/\\\/secure.gravatar.com\\\/avatar\\\/a9e4f443b594af225625ee8cfa665e41b1e0740ea34fbe0515b4ca559f8570ef?s=96&d=mm&r=g\",\"caption\":\"Jordi Danes\"},\"url\":\"https:\\\/\\\/barcelona.euses.cat\\\/ca\\\/author\\\/jordi-danes\\\/\"}]}<\/script>\n<!-- \/ Yoast SEO plugin. -->","yoast_head_json":{"title":"Estudiants del Grau recuperen els participants de la Half Sitges | EUSES- Campus de Bellvitge (Barcelona)","robots":{"index":"index","follow":"follow","max-snippet":"max-snippet:-1","max-image-preview":"max-image-preview:large","max-video-preview":"max-video-preview:-1"},"canonical":"https:\/\/barcelona.euses.cat\/ca\/estudiants-del-grau-recuperen-els-participants-de-la-half-sitges\/","og_locale":"ca_ES","og_type":"article","og_title":"Estudiants del Grau recuperen els participants de la Half Sitges | EUSES- Campus de Bellvitge (Barcelona)","og_description":"Sota la tutoritzaci\u00f3 de la fisioterapeuta d\u2019EUSES Alumni Laura Vilella, estudiants del Grau del Campus de Bellvitge han realitzat aquest passat cap de setmana un voluntariat acad\u00e8mic a Sitges, concretament en la triatl\u00f3 Half que s\u2019ha celebrat a la localitat del Garraf. Els alumnes Tommaso Moia, Marcos Ajuelos, Ma\u00ebline Lemair\u00e9, Vicenta Mar\u00edn, Maxime Marry, Pauline [&hellip;]","og_url":"https:\/\/barcelona.euses.cat\/ca\/estudiants-del-grau-recuperen-els-participants-de-la-half-sitges\/","og_site_name":"EUSES- Campus de Bellvitge (Barcelona)","article_publisher":"https:\/\/www.facebook.com\/PhysioBCN\/","article_published_time":"2022-11-02T10:41:23+00:00","article_modified_time":"2022-11-02T11:41:05+00:00","og_image":[{"width":1198,"height":1600,"url":"https:\/\/barcelona.euses.cat\/wp-content\/uploads\/2022\/11\/halfsitges-2.jpg","type":"image\/jpeg"}],"author":"Jordi Danes","twitter_card":"summary_large_image","twitter_misc":{"Escrit per":"Jordi Danes","Temps estimat de lectura":"1 minut"},"schema":{"@context":"https:\/\/schema.org","@graph":[{"@type":"Article","@id":"https:\/\/barcelona.euses.cat\/ca\/estudiants-del-grau-recuperen-els-participants-de-la-half-sitges\/#article","isPartOf":{"@id":"https:\/\/barcelona.euses.cat\/ca\/estudiants-del-grau-recuperen-els-participants-de-la-half-sitges\/"},"author":{"name":"Jordi Danes","@id":"https:\/\/barcelona.euses.cat\/ca\/#\/schema\/person\/8ab46080dfc4814fa59383db317735bd"},"headline":"Estudiants del Grau recuperen els participants de la Half Sitges","datePublished":"2022-11-02T10:41:23+00:00","dateModified":"2022-11-02T11:41:05+00:00","mainEntityOfPage":{"@id":"https:\/\/barcelona.euses.cat\/ca\/estudiants-del-grau-recuperen-els-participants-de-la-half-sitges\/"},"wordCount":152,"commentCount":0,"image":{"@id":"https:\/\/barcelona.euses.cat\/ca\/estudiants-del-grau-recuperen-els-participants-de-la-half-sitges\/#primaryimage"},"thumbnailUrl":"https:\/\/barcelona.euses.cat\/wp-content\/uploads\/2022\/11\/halfsitges-2.jpg","articleSection":["sense categoria"],"inLanguage":"ca"},{"@type":"WebPage","@id":"https:\/\/barcelona.euses.cat\/ca\/estudiants-del-grau-recuperen-els-participants-de-la-half-sitges\/","url":"https:\/\/barcelona.euses.cat\/ca\/estudiants-del-grau-recuperen-els-participants-de-la-half-sitges\/","name":"Estudiants del Grau recuperen els participants de la Half Sitges | EUSES- Campus de Bellvitge (Barcelona)","isPartOf":{"@id":"https:\/\/barcelona.euses.cat\/ca\/#website"},"primaryImageOfPage":{"@id":"https:\/\/barcelona.euses.cat\/ca\/estudiants-del-grau-recuperen-els-participants-de-la-half-sitges\/#primaryimage"},"image":{"@id":"https:\/\/barcelona.euses.cat\/ca\/estudiants-del-grau-recuperen-els-participants-de-la-half-sitges\/#primaryimage"},"thumbnailUrl":"https:\/\/barcelona.euses.cat\/wp-content\/uploads\/2022\/11\/halfsitges-2.jpg","datePublished":"2022-11-02T10:41:23+00:00","dateModified":"2022-11-02T11:41:05+00:00","author":{"@id":"https:\/\/barcelona.euses.cat\/ca\/#\/schema\/person\/8ab46080dfc4814fa59383db317735bd"},"breadcrumb":{"@id":"https:\/\/barcelona.euses.cat\/ca\/estudiants-del-grau-recuperen-els-participants-de-la-half-sitges\/#breadcrumb"},"inLanguage":"ca","potentialAction":[{"@type":"ReadAction","target":["https:\/\/barcelona.euses.cat\/ca\/estudiants-del-grau-recuperen-els-participants-de-la-half-sitges\/"]}]},{"@type":"ImageObject","inLanguage":"ca","@id":"https:\/\/barcelona.euses.cat\/ca\/estudiants-del-grau-recuperen-els-participants-de-la-half-sitges\/#primaryimage","url":"https:\/\/barcelona.euses.cat\/wp-content\/uploads\/2022\/11\/halfsitges-2.jpg","contentUrl":"https:\/\/barcelona.euses.cat\/wp-content\/uploads\/2022\/11\/halfsitges-2.jpg","width":1198,"height":1600},{"@type":"BreadcrumbList","@id":"https:\/\/barcelona.euses.cat\/ca\/estudiants-del-grau-recuperen-els-participants-de-la-half-sitges\/#breadcrumb","itemListElement":[{"@type":"ListItem","position":1,"name":"Portada","item":"https:\/\/barcelona.euses.cat\/ca\/"},{"@type":"ListItem","position":2,"name":"Estudiants del Grau recuperen els participants de la Half Sitges"}]},{"@type":"WebSite","@id":"https:\/\/barcelona.euses.cat\/ca\/#website","url":"https:\/\/barcelona.euses.cat\/ca\/","name":"EUSES - Campus de Bellvitge (Barcelona)","description":"EUSES, Escola Universit\u00e0ria de Fisioter\u00e0pia Internacional a Barcelona","potentialAction":[{"@type":"SearchAction","target":{"@type":"EntryPoint","urlTemplate":"https:\/\/barcelona.euses.cat\/ca\/?s={search_term_string}"},"query-input":{"@type":"PropertyValueSpecification","valueRequired":true,"valueName":"search_term_string"}}],"inLanguage":"ca"},{"@type":"Person","@id":"https:\/\/barcelona.euses.cat\/ca\/#\/schema\/person\/8ab46080dfc4814fa59383db317735bd","name":"Jordi Danes","image":{"@type":"ImageObject","inLanguage":"ca","@id":"https:\/\/secure.gravatar.com\/avatar\/a9e4f443b594af225625ee8cfa665e41b1e0740ea34fbe0515b4ca559f8570ef?s=96&d=mm&r=g","url":"https:\/\/secure.gravatar.com\/avatar\/a9e4f443b594af225625ee8cfa665e41b1e0740ea34fbe0515b4ca559f8570ef?s=96&d=mm&r=g","contentUrl":"https:\/\/secure.gravatar.com\/avatar\/a9e4f443b594af225625ee8cfa665e41b1e0740ea34fbe0515b4ca559f8570ef?s=96&d=mm&r=g","caption":"Jordi Danes"},"url":"https:\/\/barcelona.euses.cat\/ca\/author\/jordi-danes\/"}]}},"_links":{"self":[{"href":"https:\/\/barcelona.euses.cat\/ca\/wp-json\/wp\/v2\/posts\/10865","targetHints":{"allow":["GET"]}}],"collection":[{"href":"https:\/\/barcelona.euses.cat\/ca\/wp-json\/wp\/v2\/posts"}],"about":[{"href":"https:\/\/barcelona.euses.cat\/ca\/wp-json\/wp\/v2\/types\/post"}],"author":[{"embeddable":true,"href":"https:\/\/barcelona.euses.cat\/ca\/wp-json\/wp\/v2\/users\/3"}],"replies":[{"embeddable":true,"href":"https:\/\/barcelona.euses.cat\/ca\/wp-json\/wp\/v2\/comments?post=10865"}],"version-history":[{"count":1,"href":"https:\/\/barcelona.euses.cat\/ca\/wp-json\/wp\/v2\/posts\/10865\/revisions"}],"predecessor-version":[{"id":10890,"href":"https:\/\/barcelona.euses.cat\/ca\/wp-json\/wp\/v2\/posts\/10865\/revisions\/10890"}],"wp:featuredmedia":[{"embeddable":true,"href":"https:\/\/barcelona.euses.cat\/ca\/wp-json\/wp\/v2\/media\/10866"}],"wp:attachment":[{"href":"https:\/\/barcelona.euses.cat\/ca\/wp-json\/wp\/v2\/media?parent=10865"}],"wp:term":[{"taxonomy":"category","embeddable":true,"href":"https:\/\/barcelona.euses.cat\/ca\/wp-json\/wp\/v2\/categories?post=10865"},{"taxonomy":"post_tag","embeddable":true,"href":"https:\/\/barcelona.euses.cat\/ca\/wp-json\/wp\/v2\/tags?post=10865"}],"curies":[{"name":"wp","href":"https:\/\/api.w.org\/{rel}","templated":true}]}}