{"id":10768,"date":"2022-07-15T09:33:03","date_gmt":"2022-07-15T07:33:03","guid":{"rendered":"https:\/\/barcelona.euses.cat\/?p=10768"},"modified":"2022-07-15T09:33:11","modified_gmt":"2022-07-15T07:33:11","slug":"obert-el-periode-de-matriculacions-per-als-graus-universitaris-en-els-campus-de-salt-bellvitge-i-terres-de-lebre","status":"publish","type":"post","link":"https:\/\/barcelona.euses.cat\/ca\/obert-el-periode-de-matriculacions-per-als-graus-universitaris-en-els-campus-de-salt-bellvitge-i-terres-de-lebre\/","title":{"rendered":"Obert el per\u00edode de matriculacions per als graus universitaris en els campus de Salt, Bellvitge i Terres de l\u2019Ebre"},"content":{"rendered":"<p>Aquest divendres s\u2019ha obert el per\u00edode de matriculaci\u00f3 per al curs acad\u00e8mic 2022\/23 en els campus de Salt, Bellvitge i Terres de l\u2019Ebre. En totes les seus de l\u2019Escola Universit\u00e0ria de la Salut i l\u2019Esport, l\u2019activitat per a la inscripci\u00f3 per als alumnes que se sumaran a partir d\u2019aquest setembre a la fam\u00edlia de l\u2019EUSES ha estat molt intensa. A banda d\u2019aquest divendres, els dies de matriculacions assignats son el dilluns 18, el dimarts 19 i el dimecres 20. Al Campus de Salt i de Terres de l\u2019Ebre, els graus que s\u2019ofereixen son el de Fisioter\u00e0pia, Ci\u00e8ncies de l\u2019Activitat F\u00edsica i de l\u2019Esport i la Doble Titulaci\u00f3 (CAFE + Fisioter\u00e0pia); mentre que a Bellvitge s\u2019imparteix el Grau en Fisioter\u00e0pia Internacional, que es fa \u00edntegrament en llengua anglesa.<\/p>\n\n\t\t<style type=\"text\/css\">\n\t\t\t#gallery-1 {\n\t\t\t\tmargin: auto;\n\t\t\t}\n\t\t\t#gallery-1 .gallery-item {\n\t\t\t\tfloat: left;\n\t\t\t\tmargin-top: 10px;\n\t\t\t\ttext-align: center;\n\t\t\t\twidth: 33%;\n\t\t\t}\n\t\t\t#gallery-1 img {\n\t\t\t\tborder: 2px solid #cfcfcf;\n\t\t\t}\n\t\t\t#gallery-1 .gallery-caption {\n\t\t\t\tmargin-left: 0;\n\t\t\t}\n\t\t\t\/* see gallery_shortcode() in wp-includes\/media.php *\/\n\t\t<\/style>\n\t\t<div id='gallery-1' class='gallery galleryid-10768 gallery-columns-3 gallery-size-medium'><dl class='gallery-item'>\n\t\t\t<dt class='gallery-icon landscape'>\n\t\t\t\t<a href='https:\/\/barcelona.euses.cat\/ca\/obert-el-periode-de-matriculacions-per-als-graus-universitaris-en-els-campus-de-salt-bellvitge-i-terres-de-lebre\/matriculacions-salt-15-07-2022-1\/'><img fetchpriority=\"high\" decoding=\"async\" width=\"300\" height=\"225\" src=\"https:\/\/barcelona.euses.cat\/wp-content\/uploads\/2022\/07\/matriculacions-salt-15.07.2022-1-300x225.jpeg\" class=\"attachment-medium size-medium\" alt=\"\" srcset=\"https:\/\/barcelona.euses.cat\/wp-content\/uploads\/2022\/07\/matriculacions-salt-15.07.2022-1-300x225.jpeg 300w, https:\/\/barcelona.euses.cat\/wp-content\/uploads\/2022\/07\/matriculacions-salt-15.07.2022-1-1024x769.jpeg 1024w, https:\/\/barcelona.euses.cat\/wp-content\/uploads\/2022\/07\/matriculacions-salt-15.07.2022-1-768x576.jpeg 768w, https:\/\/barcelona.euses.cat\/wp-content\/uploads\/2022\/07\/matriculacions-salt-15.07.2022-1-1536x1153.jpeg 1536w, https:\/\/barcelona.euses.cat\/wp-content\/uploads\/2022\/07\/matriculacions-salt-15.07.2022-1-266x200.jpeg 266w, https:\/\/barcelona.euses.cat\/wp-content\/uploads\/2022\/07\/matriculacions-salt-15.07.2022-1-700x525.jpeg 700w, https:\/\/barcelona.euses.cat\/wp-content\/uploads\/2022\/07\/matriculacions-salt-15.07.2022-1.jpeg 1600w\" sizes=\"(max-width: 300px) 100vw, 300px\" \/><\/a>\n\t\t\t<\/dt><\/dl><dl class='gallery-item'>\n\t\t\t<dt class='gallery-icon landscape'>\n\t\t\t\t<a href='https:\/\/barcelona.euses.cat\/ca\/obert-el-periode-de-matriculacions-per-als-graus-universitaris-en-els-campus-de-salt-bellvitge-i-terres-de-lebre\/matriculacions-salt-15-07-2022-7\/'><img decoding=\"async\" width=\"300\" height=\"225\" src=\"https:\/\/barcelona.euses.cat\/wp-content\/uploads\/2022\/07\/matriculacions-salt-15.07.2022-7-300x225.jpeg\" class=\"attachment-medium size-medium\" alt=\"\" srcset=\"https:\/\/barcelona.euses.cat\/wp-content\/uploads\/2022\/07\/matriculacions-salt-15.07.2022-7-300x225.jpeg 300w, https:\/\/barcelona.euses.cat\/wp-content\/uploads\/2022\/07\/matriculacions-salt-15.07.2022-7-1024x769.jpeg 1024w, https:\/\/barcelona.euses.cat\/wp-content\/uploads\/2022\/07\/matriculacions-salt-15.07.2022-7-768x576.jpeg 768w, https:\/\/barcelona.euses.cat\/wp-content\/uploads\/2022\/07\/matriculacions-salt-15.07.2022-7-1536x1153.jpeg 1536w, https:\/\/barcelona.euses.cat\/wp-content\/uploads\/2022\/07\/matriculacions-salt-15.07.2022-7-266x200.jpeg 266w, https:\/\/barcelona.euses.cat\/wp-content\/uploads\/2022\/07\/matriculacions-salt-15.07.2022-7-700x525.jpeg 700w, https:\/\/barcelona.euses.cat\/wp-content\/uploads\/2022\/07\/matriculacions-salt-15.07.2022-7.jpeg 1600w\" sizes=\"(max-width: 300px) 100vw, 300px\" \/><\/a>\n\t\t\t<\/dt><\/dl><dl class='gallery-item'>\n\t\t\t<dt class='gallery-icon landscape'>\n\t\t\t\t<a href='https:\/\/barcelona.euses.cat\/ca\/obert-el-periode-de-matriculacions-per-als-graus-universitaris-en-els-campus-de-salt-bellvitge-i-terres-de-lebre\/matriculacions-salt-15-07-2022-8\/'><img decoding=\"async\" width=\"300\" height=\"225\" src=\"https:\/\/barcelona.euses.cat\/wp-content\/uploads\/2022\/07\/matriculacions-salt-15.07.2022-8-300x225.jpeg\" class=\"attachment-medium size-medium\" alt=\"\" srcset=\"https:\/\/barcelona.euses.cat\/wp-content\/uploads\/2022\/07\/matriculacions-salt-15.07.2022-8-300x225.jpeg 300w, https:\/\/barcelona.euses.cat\/wp-content\/uploads\/2022\/07\/matriculacions-salt-15.07.2022-8-1024x769.jpeg 1024w, https:\/\/barcelona.euses.cat\/wp-content\/uploads\/2022\/07\/matriculacions-salt-15.07.2022-8-768x576.jpeg 768w, https:\/\/barcelona.euses.cat\/wp-content\/uploads\/2022\/07\/matriculacions-salt-15.07.2022-8-1536x1153.jpeg 1536w, https:\/\/barcelona.euses.cat\/wp-content\/uploads\/2022\/07\/matriculacions-salt-15.07.2022-8-266x200.jpeg 266w, https:\/\/barcelona.euses.cat\/wp-content\/uploads\/2022\/07\/matriculacions-salt-15.07.2022-8-700x525.jpeg 700w, https:\/\/barcelona.euses.cat\/wp-content\/uploads\/2022\/07\/matriculacions-salt-15.07.2022-8.jpeg 1600w\" sizes=\"(max-width: 300px) 100vw, 300px\" \/><\/a>\n\t\t\t<\/dt><\/dl><br style=\"clear: both\" \/><dl class='gallery-item'>\n\t\t\t<dt class='gallery-icon landscape'>\n\t\t\t\t<a href='https:\/\/barcelona.euses.cat\/ca\/obert-el-periode-de-matriculacions-per-als-graus-universitaris-en-els-campus-de-salt-bellvitge-i-terres-de-lebre\/matriculacions-salt-15-07-2022-9\/'><img loading=\"lazy\" decoding=\"async\" width=\"300\" height=\"225\" src=\"https:\/\/barcelona.euses.cat\/wp-content\/uploads\/2022\/07\/matriculacions-salt-15.07.2022-9-300x225.jpeg\" class=\"attachment-medium size-medium\" alt=\"\" srcset=\"https:\/\/barcelona.euses.cat\/wp-content\/uploads\/2022\/07\/matriculacions-salt-15.07.2022-9-300x225.jpeg 300w, https:\/\/barcelona.euses.cat\/wp-content\/uploads\/2022\/07\/matriculacions-salt-15.07.2022-9-1024x769.jpeg 1024w, https:\/\/barcelona.euses.cat\/wp-content\/uploads\/2022\/07\/matriculacions-salt-15.07.2022-9-768x576.jpeg 768w, https:\/\/barcelona.euses.cat\/wp-content\/uploads\/2022\/07\/matriculacions-salt-15.07.2022-9-1536x1153.jpeg 1536w, https:\/\/barcelona.euses.cat\/wp-content\/uploads\/2022\/07\/matriculacions-salt-15.07.2022-9-266x200.jpeg 266w, https:\/\/barcelona.euses.cat\/wp-content\/uploads\/2022\/07\/matriculacions-salt-15.07.2022-9-700x525.jpeg 700w, https:\/\/barcelona.euses.cat\/wp-content\/uploads\/2022\/07\/matriculacions-salt-15.07.2022-9.jpeg 1600w\" sizes=\"(max-width: 300px) 100vw, 300px\" \/><\/a>\n\t\t\t<\/dt><\/dl><dl class='gallery-item'>\n\t\t\t<dt class='gallery-icon landscape'>\n\t\t\t\t<a href='https:\/\/barcelona.euses.cat\/ca\/obert-el-periode-de-matriculacions-per-als-graus-universitaris-en-els-campus-de-salt-bellvitge-i-terres-de-lebre\/matriculacions-salt-15-07-2022-11\/'><img loading=\"lazy\" decoding=\"async\" width=\"300\" height=\"225\" src=\"https:\/\/barcelona.euses.cat\/wp-content\/uploads\/2022\/07\/matriculacions-salt-15.07.2022-11-300x225.jpeg\" class=\"attachment-medium size-medium\" alt=\"\" srcset=\"https:\/\/barcelona.euses.cat\/wp-content\/uploads\/2022\/07\/matriculacions-salt-15.07.2022-11-300x225.jpeg 300w, https:\/\/barcelona.euses.cat\/wp-content\/uploads\/2022\/07\/matriculacions-salt-15.07.2022-11-1024x769.jpeg 1024w, https:\/\/barcelona.euses.cat\/wp-content\/uploads\/2022\/07\/matriculacions-salt-15.07.2022-11-768x576.jpeg 768w, https:\/\/barcelona.euses.cat\/wp-content\/uploads\/2022\/07\/matriculacions-salt-15.07.2022-11-1536x1153.jpeg 1536w, https:\/\/barcelona.euses.cat\/wp-content\/uploads\/2022\/07\/matriculacions-salt-15.07.2022-11-266x200.jpeg 266w, https:\/\/barcelona.euses.cat\/wp-content\/uploads\/2022\/07\/matriculacions-salt-15.07.2022-11-700x525.jpeg 700w, https:\/\/barcelona.euses.cat\/wp-content\/uploads\/2022\/07\/matriculacions-salt-15.07.2022-11.jpeg 1600w\" sizes=\"(max-width: 300px) 100vw, 300px\" \/><\/a>\n\t\t\t<\/dt><\/dl><dl class='gallery-item'>\n\t\t\t<dt class='gallery-icon landscape'>\n\t\t\t\t<a href='https:\/\/barcelona.euses.cat\/ca\/obert-el-periode-de-matriculacions-per-als-graus-universitaris-en-els-campus-de-salt-bellvitge-i-terres-de-lebre\/matriculacions-salt-15-07-2022-12\/'><img loading=\"lazy\" decoding=\"async\" width=\"300\" height=\"225\" src=\"https:\/\/barcelona.euses.cat\/wp-content\/uploads\/2022\/07\/matriculacions-salt-15.07.2022-12-300x225.jpeg\" class=\"attachment-medium size-medium\" alt=\"\" srcset=\"https:\/\/barcelona.euses.cat\/wp-content\/uploads\/2022\/07\/matriculacions-salt-15.07.2022-12-300x225.jpeg 300w, https:\/\/barcelona.euses.cat\/wp-content\/uploads\/2022\/07\/matriculacions-salt-15.07.2022-12-1024x769.jpeg 1024w, https:\/\/barcelona.euses.cat\/wp-content\/uploads\/2022\/07\/matriculacions-salt-15.07.2022-12-768x576.jpeg 768w, https:\/\/barcelona.euses.cat\/wp-content\/uploads\/2022\/07\/matriculacions-salt-15.07.2022-12-1536x1153.jpeg 1536w, https:\/\/barcelona.euses.cat\/wp-content\/uploads\/2022\/07\/matriculacions-salt-15.07.2022-12-266x200.jpeg 266w, https:\/\/barcelona.euses.cat\/wp-content\/uploads\/2022\/07\/matriculacions-salt-15.07.2022-12-700x525.jpeg 700w, https:\/\/barcelona.euses.cat\/wp-content\/uploads\/2022\/07\/matriculacions-salt-15.07.2022-12.jpeg 1600w\" sizes=\"(max-width: 300px) 100vw, 300px\" \/><\/a>\n\t\t\t<\/dt><\/dl><br style=\"clear: both\" \/><dl class='gallery-item'>\n\t\t\t<dt class='gallery-icon landscape'>\n\t\t\t\t<a href='https:\/\/barcelona.euses.cat\/ca\/obert-el-periode-de-matriculacions-per-als-graus-universitaris-en-els-campus-de-salt-bellvitge-i-terres-de-lebre\/matriculacions-salt-15-07-2022-13\/'><img loading=\"lazy\" decoding=\"async\" width=\"300\" height=\"225\" src=\"https:\/\/barcelona.euses.cat\/wp-content\/uploads\/2022\/07\/matriculacions-salt-15.07.2022-13-300x225.jpeg\" class=\"attachment-medium size-medium\" alt=\"\" srcset=\"https:\/\/barcelona.euses.cat\/wp-content\/uploads\/2022\/07\/matriculacions-salt-15.07.2022-13-300x225.jpeg 300w, https:\/\/barcelona.euses.cat\/wp-content\/uploads\/2022\/07\/matriculacions-salt-15.07.2022-13-1024x769.jpeg 1024w, https:\/\/barcelona.euses.cat\/wp-content\/uploads\/2022\/07\/matriculacions-salt-15.07.2022-13-768x576.jpeg 768w, https:\/\/barcelona.euses.cat\/wp-content\/uploads\/2022\/07\/matriculacions-salt-15.07.2022-13-1536x1153.jpeg 1536w, https:\/\/barcelona.euses.cat\/wp-content\/uploads\/2022\/07\/matriculacions-salt-15.07.2022-13-266x200.jpeg 266w, https:\/\/barcelona.euses.cat\/wp-content\/uploads\/2022\/07\/matriculacions-salt-15.07.2022-13-700x525.jpeg 700w, https:\/\/barcelona.euses.cat\/wp-content\/uploads\/2022\/07\/matriculacions-salt-15.07.2022-13.jpeg 1600w\" sizes=\"(max-width: 300px) 100vw, 300px\" \/><\/a>\n\t\t\t<\/dt><\/dl><dl class='gallery-item'>\n\t\t\t<dt class='gallery-icon landscape'>\n\t\t\t\t<a href='https:\/\/barcelona.euses.cat\/ca\/obert-el-periode-de-matriculacions-per-als-graus-universitaris-en-els-campus-de-salt-bellvitge-i-terres-de-lebre\/matriculacions-salt-15-07-2022-14\/'><img loading=\"lazy\" decoding=\"async\" width=\"300\" height=\"169\" src=\"https:\/\/barcelona.euses.cat\/wp-content\/uploads\/2022\/07\/matriculacions-salt-15.07.2022-14-300x169.jpeg\" class=\"attachment-medium size-medium\" alt=\"\" srcset=\"https:\/\/barcelona.euses.cat\/wp-content\/uploads\/2022\/07\/matriculacions-salt-15.07.2022-14-300x169.jpeg 300w, https:\/\/barcelona.euses.cat\/wp-content\/uploads\/2022\/07\/matriculacions-salt-15.07.2022-14-1024x576.jpeg 1024w, https:\/\/barcelona.euses.cat\/wp-content\/uploads\/2022\/07\/matriculacions-salt-15.07.2022-14-768x432.jpeg 768w, https:\/\/barcelona.euses.cat\/wp-content\/uploads\/2022\/07\/matriculacions-salt-15.07.2022-14-1536x864.jpeg 1536w, https:\/\/barcelona.euses.cat\/wp-content\/uploads\/2022\/07\/matriculacions-salt-15.07.2022-14-350x197.jpeg 350w, https:\/\/barcelona.euses.cat\/wp-content\/uploads\/2022\/07\/matriculacions-salt-15.07.2022-14.jpeg 1599w\" sizes=\"(max-width: 300px) 100vw, 300px\" \/><\/a>\n\t\t\t<\/dt><\/dl><dl class='gallery-item'>\n\t\t\t<dt class='gallery-icon landscape'>\n\t\t\t\t<a href='https:\/\/barcelona.euses.cat\/ca\/obert-el-periode-de-matriculacions-per-als-graus-universitaris-en-els-campus-de-salt-bellvitge-i-terres-de-lebre\/matriculacions-salt-15-07-2022-15\/'><img loading=\"lazy\" decoding=\"async\" width=\"300\" height=\"169\" src=\"https:\/\/barcelona.euses.cat\/wp-content\/uploads\/2022\/07\/matriculacions-salt-15.07.2022-15-300x169.jpeg\" class=\"attachment-medium size-medium\" alt=\"\" srcset=\"https:\/\/barcelona.euses.cat\/wp-content\/uploads\/2022\/07\/matriculacions-salt-15.07.2022-15-300x169.jpeg 300w, https:\/\/barcelona.euses.cat\/wp-content\/uploads\/2022\/07\/matriculacions-salt-15.07.2022-15-1024x576.jpeg 1024w, https:\/\/barcelona.euses.cat\/wp-content\/uploads\/2022\/07\/matriculacions-salt-15.07.2022-15-768x432.jpeg 768w, https:\/\/barcelona.euses.cat\/wp-content\/uploads\/2022\/07\/matriculacions-salt-15.07.2022-15-1536x864.jpeg 1536w, https:\/\/barcelona.euses.cat\/wp-content\/uploads\/2022\/07\/matriculacions-salt-15.07.2022-15-350x197.jpeg 350w, https:\/\/barcelona.euses.cat\/wp-content\/uploads\/2022\/07\/matriculacions-salt-15.07.2022-15.jpeg 1599w\" sizes=\"(max-width: 300px) 100vw, 300px\" \/><\/a>\n\t\t\t<\/dt><\/dl><br style=\"clear: both\" \/>\n\t\t<\/div>\n\n","protected":false},"excerpt":{"rendered":"<p>Aquest divendres s\u2019ha obert el per\u00edode de matriculaci\u00f3 per al curs acad\u00e8mic 2022\/23 en els campus de Salt, Bellvitge i Terres de l\u2019Ebre. En totes les seus de l\u2019Escola Universit\u00e0ria de la Salut i l\u2019Esport, l\u2019activitat per a la inscripci\u00f3 per als alumnes que se sumaran a partir d\u2019aquest setembre a la fam\u00edlia de l\u2019EUSES [&hellip;]<\/p>\n","protected":false},"author":3,"featured_media":10777,"comment_status":"open","ping_status":"closed","sticky":false,"template":"","format":"standard","meta":{"_acf_changed":false,"inline_featured_image":false,"_joinchat":[],"footnotes":""},"categories":[46],"tags":[],"class_list":["post-10768","post","type-post","status-publish","format-standard","has-post-thumbnail","hentry","category-sense-categoria"],"acf":[],"yoast_head":"<!-- This site is optimized with the Yoast SEO plugin v27.4 - https:\/\/yoast.com\/product\/yoast-seo-wordpress\/ -->\n<title>Obert el per\u00edode de matriculacions per als graus universitaris en els campus de Salt, Bellvitge i Terres de l\u2019Ebre | EUSES- Campus de Bellvitge (Barcelona)<\/title>\n<meta name=\"robots\" content=\"index, follow, max-snippet:-1, max-image-preview:large, max-video-preview:-1\" \/>\n<link rel=\"canonical\" href=\"https:\/\/barcelona.euses.cat\/ca\/obert-el-periode-de-matriculacions-per-als-graus-universitaris-en-els-campus-de-salt-bellvitge-i-terres-de-lebre\/\" \/>\n<meta property=\"og:locale\" content=\"ca_ES\" \/>\n<meta property=\"og:type\" content=\"article\" \/>\n<meta property=\"og:title\" content=\"Obert el per\u00edode de matriculacions per als graus universitaris en els campus de Salt, Bellvitge i Terres de l\u2019Ebre | EUSES- Campus de Bellvitge (Barcelona)\" \/>\n<meta property=\"og:description\" content=\"Aquest divendres s\u2019ha obert el per\u00edode de matriculaci\u00f3 per al curs acad\u00e8mic 2022\/23 en els campus de Salt, Bellvitge i Terres de l\u2019Ebre. En totes les seus de l\u2019Escola Universit\u00e0ria de la Salut i l\u2019Esport, l\u2019activitat per a la inscripci\u00f3 per als alumnes que se sumaran a partir d\u2019aquest setembre a la fam\u00edlia de l\u2019EUSES [&hellip;]\" \/>\n<meta property=\"og:url\" content=\"https:\/\/barcelona.euses.cat\/ca\/obert-el-periode-de-matriculacions-per-als-graus-universitaris-en-els-campus-de-salt-bellvitge-i-terres-de-lebre\/\" \/>\n<meta property=\"og:site_name\" content=\"EUSES- Campus de Bellvitge (Barcelona)\" \/>\n<meta property=\"article:publisher\" content=\"https:\/\/www.facebook.com\/PhysioBCN\/\" \/>\n<meta property=\"article:published_time\" content=\"2022-07-15T07:33:03+00:00\" \/>\n<meta property=\"article:modified_time\" content=\"2022-07-15T07:33:11+00:00\" \/>\n<meta property=\"og:image\" content=\"https:\/\/barcelona.euses.cat\/wp-content\/uploads\/2022\/07\/matriculacions-salt-15.07.2022-10.jpeg\" \/>\n\t<meta property=\"og:image:width\" content=\"1600\" \/>\n\t<meta property=\"og:image:height\" content=\"1201\" \/>\n\t<meta property=\"og:image:type\" content=\"image\/jpeg\" \/>\n<meta name=\"author\" content=\"Jordi Danes\" \/>\n<meta name=\"twitter:card\" content=\"summary_large_image\" \/>\n<meta name=\"twitter:label1\" content=\"Escrit per\" \/>\n\t<meta name=\"twitter:data1\" content=\"Jordi Danes\" \/>\n\t<meta name=\"twitter:label2\" content=\"Temps estimat de lectura\" \/>\n\t<meta name=\"twitter:data2\" content=\"1 minut\" \/>\n<script type=\"application\/ld+json\" class=\"yoast-schema-graph\">{\"@context\":\"https:\\\/\\\/schema.org\",\"@graph\":[{\"@type\":\"Article\",\"@id\":\"https:\\\/\\\/barcelona.euses.cat\\\/ca\\\/obert-el-periode-de-matriculacions-per-als-graus-universitaris-en-els-campus-de-salt-bellvitge-i-terres-de-lebre\\\/#article\",\"isPartOf\":{\"@id\":\"https:\\\/\\\/barcelona.euses.cat\\\/ca\\\/obert-el-periode-de-matriculacions-per-als-graus-universitaris-en-els-campus-de-salt-bellvitge-i-terres-de-lebre\\\/\"},\"author\":{\"name\":\"Jordi Danes\",\"@id\":\"https:\\\/\\\/barcelona.euses.cat\\\/ca\\\/#\\\/schema\\\/person\\\/8ab46080dfc4814fa59383db317735bd\"},\"headline\":\"Obert el per\u00edode de matriculacions per als graus universitaris en els campus de Salt, Bellvitge i Terres de l\u2019Ebre\",\"datePublished\":\"2022-07-15T07:33:03+00:00\",\"dateModified\":\"2022-07-15T07:33:11+00:00\",\"mainEntityOfPage\":{\"@id\":\"https:\\\/\\\/barcelona.euses.cat\\\/ca\\\/obert-el-periode-de-matriculacions-per-als-graus-universitaris-en-els-campus-de-salt-bellvitge-i-terres-de-lebre\\\/\"},\"wordCount\":169,\"commentCount\":0,\"image\":{\"@id\":\"https:\\\/\\\/barcelona.euses.cat\\\/ca\\\/obert-el-periode-de-matriculacions-per-als-graus-universitaris-en-els-campus-de-salt-bellvitge-i-terres-de-lebre\\\/#primaryimage\"},\"thumbnailUrl\":\"https:\\\/\\\/barcelona.euses.cat\\\/wp-content\\\/uploads\\\/2022\\\/07\\\/matriculacions-salt-15.07.2022-10.jpeg\",\"articleSection\":[\"sense categoria\"],\"inLanguage\":\"ca\"},{\"@type\":\"WebPage\",\"@id\":\"https:\\\/\\\/barcelona.euses.cat\\\/ca\\\/obert-el-periode-de-matriculacions-per-als-graus-universitaris-en-els-campus-de-salt-bellvitge-i-terres-de-lebre\\\/\",\"url\":\"https:\\\/\\\/barcelona.euses.cat\\\/ca\\\/obert-el-periode-de-matriculacions-per-als-graus-universitaris-en-els-campus-de-salt-bellvitge-i-terres-de-lebre\\\/\",\"name\":\"Obert el per\u00edode de matriculacions per als graus universitaris en els campus de Salt, Bellvitge i Terres de l\u2019Ebre | EUSES- Campus de Bellvitge (Barcelona)\",\"isPartOf\":{\"@id\":\"https:\\\/\\\/barcelona.euses.cat\\\/ca\\\/#website\"},\"primaryImageOfPage\":{\"@id\":\"https:\\\/\\\/barcelona.euses.cat\\\/ca\\\/obert-el-periode-de-matriculacions-per-als-graus-universitaris-en-els-campus-de-salt-bellvitge-i-terres-de-lebre\\\/#primaryimage\"},\"image\":{\"@id\":\"https:\\\/\\\/barcelona.euses.cat\\\/ca\\\/obert-el-periode-de-matriculacions-per-als-graus-universitaris-en-els-campus-de-salt-bellvitge-i-terres-de-lebre\\\/#primaryimage\"},\"thumbnailUrl\":\"https:\\\/\\\/barcelona.euses.cat\\\/wp-content\\\/uploads\\\/2022\\\/07\\\/matriculacions-salt-15.07.2022-10.jpeg\",\"datePublished\":\"2022-07-15T07:33:03+00:00\",\"dateModified\":\"2022-07-15T07:33:11+00:00\",\"author\":{\"@id\":\"https:\\\/\\\/barcelona.euses.cat\\\/ca\\\/#\\\/schema\\\/person\\\/8ab46080dfc4814fa59383db317735bd\"},\"breadcrumb\":{\"@id\":\"https:\\\/\\\/barcelona.euses.cat\\\/ca\\\/obert-el-periode-de-matriculacions-per-als-graus-universitaris-en-els-campus-de-salt-bellvitge-i-terres-de-lebre\\\/#breadcrumb\"},\"inLanguage\":\"ca\",\"potentialAction\":[{\"@type\":\"ReadAction\",\"target\":[\"https:\\\/\\\/barcelona.euses.cat\\\/ca\\\/obert-el-periode-de-matriculacions-per-als-graus-universitaris-en-els-campus-de-salt-bellvitge-i-terres-de-lebre\\\/\"]}]},{\"@type\":\"ImageObject\",\"inLanguage\":\"ca\",\"@id\":\"https:\\\/\\\/barcelona.euses.cat\\\/ca\\\/obert-el-periode-de-matriculacions-per-als-graus-universitaris-en-els-campus-de-salt-bellvitge-i-terres-de-lebre\\\/#primaryimage\",\"url\":\"https:\\\/\\\/barcelona.euses.cat\\\/wp-content\\\/uploads\\\/2022\\\/07\\\/matriculacions-salt-15.07.2022-10.jpeg\",\"contentUrl\":\"https:\\\/\\\/barcelona.euses.cat\\\/wp-content\\\/uploads\\\/2022\\\/07\\\/matriculacions-salt-15.07.2022-10.jpeg\",\"width\":1600,\"height\":1201},{\"@type\":\"BreadcrumbList\",\"@id\":\"https:\\\/\\\/barcelona.euses.cat\\\/ca\\\/obert-el-periode-de-matriculacions-per-als-graus-universitaris-en-els-campus-de-salt-bellvitge-i-terres-de-lebre\\\/#breadcrumb\",\"itemListElement\":[{\"@type\":\"ListItem\",\"position\":1,\"name\":\"Portada\",\"item\":\"https:\\\/\\\/barcelona.euses.cat\\\/ca\\\/\"},{\"@type\":\"ListItem\",\"position\":2,\"name\":\"Obert el per\u00edode de matriculacions per als graus universitaris en els campus de Salt, Bellvitge i Terres de l\u2019Ebre\"}]},{\"@type\":\"WebSite\",\"@id\":\"https:\\\/\\\/barcelona.euses.cat\\\/ca\\\/#website\",\"url\":\"https:\\\/\\\/barcelona.euses.cat\\\/ca\\\/\",\"name\":\"EUSES - Campus de Bellvitge (Barcelona)\",\"description\":\"EUSES, Escola Universit\u00e0ria de Fisioter\u00e0pia Internacional a Barcelona\",\"potentialAction\":[{\"@type\":\"SearchAction\",\"target\":{\"@type\":\"EntryPoint\",\"urlTemplate\":\"https:\\\/\\\/barcelona.euses.cat\\\/ca\\\/?s={search_term_string}\"},\"query-input\":{\"@type\":\"PropertyValueSpecification\",\"valueRequired\":true,\"valueName\":\"search_term_string\"}}],\"inLanguage\":\"ca\"},{\"@type\":\"Person\",\"@id\":\"https:\\\/\\\/barcelona.euses.cat\\\/ca\\\/#\\\/schema\\\/person\\\/8ab46080dfc4814fa59383db317735bd\",\"name\":\"Jordi Danes\",\"image\":{\"@type\":\"ImageObject\",\"inLanguage\":\"ca\",\"@id\":\"https:\\\/\\\/secure.gravatar.com\\\/avatar\\\/a9e4f443b594af225625ee8cfa665e41b1e0740ea34fbe0515b4ca559f8570ef?s=96&d=mm&r=g\",\"url\":\"https:\\\/\\\/secure.gravatar.com\\\/avatar\\\/a9e4f443b594af225625ee8cfa665e41b1e0740ea34fbe0515b4ca559f8570ef?s=96&d=mm&r=g\",\"contentUrl\":\"https:\\\/\\\/secure.gravatar.com\\\/avatar\\\/a9e4f443b594af225625ee8cfa665e41b1e0740ea34fbe0515b4ca559f8570ef?s=96&d=mm&r=g\",\"caption\":\"Jordi Danes\"},\"url\":\"https:\\\/\\\/barcelona.euses.cat\\\/ca\\\/author\\\/jordi-danes\\\/\"}]}<\/script>\n<!-- \/ Yoast SEO plugin. -->","yoast_head_json":{"title":"Obert el per\u00edode de matriculacions per als graus universitaris en els campus de Salt, Bellvitge i Terres de l\u2019Ebre | EUSES- Campus de Bellvitge (Barcelona)","robots":{"index":"index","follow":"follow","max-snippet":"max-snippet:-1","max-image-preview":"max-image-preview:large","max-video-preview":"max-video-preview:-1"},"canonical":"https:\/\/barcelona.euses.cat\/ca\/obert-el-periode-de-matriculacions-per-als-graus-universitaris-en-els-campus-de-salt-bellvitge-i-terres-de-lebre\/","og_locale":"ca_ES","og_type":"article","og_title":"Obert el per\u00edode de matriculacions per als graus universitaris en els campus de Salt, Bellvitge i Terres de l\u2019Ebre | EUSES- Campus de Bellvitge (Barcelona)","og_description":"Aquest divendres s\u2019ha obert el per\u00edode de matriculaci\u00f3 per al curs acad\u00e8mic 2022\/23 en els campus de Salt, Bellvitge i Terres de l\u2019Ebre. En totes les seus de l\u2019Escola Universit\u00e0ria de la Salut i l\u2019Esport, l\u2019activitat per a la inscripci\u00f3 per als alumnes que se sumaran a partir d\u2019aquest setembre a la fam\u00edlia de l\u2019EUSES [&hellip;]","og_url":"https:\/\/barcelona.euses.cat\/ca\/obert-el-periode-de-matriculacions-per-als-graus-universitaris-en-els-campus-de-salt-bellvitge-i-terres-de-lebre\/","og_site_name":"EUSES- Campus de Bellvitge (Barcelona)","article_publisher":"https:\/\/www.facebook.com\/PhysioBCN\/","article_published_time":"2022-07-15T07:33:03+00:00","article_modified_time":"2022-07-15T07:33:11+00:00","og_image":[{"width":1600,"height":1201,"url":"https:\/\/barcelona.euses.cat\/wp-content\/uploads\/2022\/07\/matriculacions-salt-15.07.2022-10.jpeg","type":"image\/jpeg"}],"author":"Jordi Danes","twitter_card":"summary_large_image","twitter_misc":{"Escrit per":"Jordi Danes","Temps estimat de lectura":"1 minut"},"schema":{"@context":"https:\/\/schema.org","@graph":[{"@type":"Article","@id":"https:\/\/barcelona.euses.cat\/ca\/obert-el-periode-de-matriculacions-per-als-graus-universitaris-en-els-campus-de-salt-bellvitge-i-terres-de-lebre\/#article","isPartOf":{"@id":"https:\/\/barcelona.euses.cat\/ca\/obert-el-periode-de-matriculacions-per-als-graus-universitaris-en-els-campus-de-salt-bellvitge-i-terres-de-lebre\/"},"author":{"name":"Jordi Danes","@id":"https:\/\/barcelona.euses.cat\/ca\/#\/schema\/person\/8ab46080dfc4814fa59383db317735bd"},"headline":"Obert el per\u00edode de matriculacions per als graus universitaris en els campus de Salt, Bellvitge i Terres de l\u2019Ebre","datePublished":"2022-07-15T07:33:03+00:00","dateModified":"2022-07-15T07:33:11+00:00","mainEntityOfPage":{"@id":"https:\/\/barcelona.euses.cat\/ca\/obert-el-periode-de-matriculacions-per-als-graus-universitaris-en-els-campus-de-salt-bellvitge-i-terres-de-lebre\/"},"wordCount":169,"commentCount":0,"image":{"@id":"https:\/\/barcelona.euses.cat\/ca\/obert-el-periode-de-matriculacions-per-als-graus-universitaris-en-els-campus-de-salt-bellvitge-i-terres-de-lebre\/#primaryimage"},"thumbnailUrl":"https:\/\/barcelona.euses.cat\/wp-content\/uploads\/2022\/07\/matriculacions-salt-15.07.2022-10.jpeg","articleSection":["sense categoria"],"inLanguage":"ca"},{"@type":"WebPage","@id":"https:\/\/barcelona.euses.cat\/ca\/obert-el-periode-de-matriculacions-per-als-graus-universitaris-en-els-campus-de-salt-bellvitge-i-terres-de-lebre\/","url":"https:\/\/barcelona.euses.cat\/ca\/obert-el-periode-de-matriculacions-per-als-graus-universitaris-en-els-campus-de-salt-bellvitge-i-terres-de-lebre\/","name":"Obert el per\u00edode de matriculacions per als graus universitaris en els campus de Salt, Bellvitge i Terres de l\u2019Ebre | EUSES- Campus de Bellvitge (Barcelona)","isPartOf":{"@id":"https:\/\/barcelona.euses.cat\/ca\/#website"},"primaryImageOfPage":{"@id":"https:\/\/barcelona.euses.cat\/ca\/obert-el-periode-de-matriculacions-per-als-graus-universitaris-en-els-campus-de-salt-bellvitge-i-terres-de-lebre\/#primaryimage"},"image":{"@id":"https:\/\/barcelona.euses.cat\/ca\/obert-el-periode-de-matriculacions-per-als-graus-universitaris-en-els-campus-de-salt-bellvitge-i-terres-de-lebre\/#primaryimage"},"thumbnailUrl":"https:\/\/barcelona.euses.cat\/wp-content\/uploads\/2022\/07\/matriculacions-salt-15.07.2022-10.jpeg","datePublished":"2022-07-15T07:33:03+00:00","dateModified":"2022-07-15T07:33:11+00:00","author":{"@id":"https:\/\/barcelona.euses.cat\/ca\/#\/schema\/person\/8ab46080dfc4814fa59383db317735bd"},"breadcrumb":{"@id":"https:\/\/barcelona.euses.cat\/ca\/obert-el-periode-de-matriculacions-per-als-graus-universitaris-en-els-campus-de-salt-bellvitge-i-terres-de-lebre\/#breadcrumb"},"inLanguage":"ca","potentialAction":[{"@type":"ReadAction","target":["https:\/\/barcelona.euses.cat\/ca\/obert-el-periode-de-matriculacions-per-als-graus-universitaris-en-els-campus-de-salt-bellvitge-i-terres-de-lebre\/"]}]},{"@type":"ImageObject","inLanguage":"ca","@id":"https:\/\/barcelona.euses.cat\/ca\/obert-el-periode-de-matriculacions-per-als-graus-universitaris-en-els-campus-de-salt-bellvitge-i-terres-de-lebre\/#primaryimage","url":"https:\/\/barcelona.euses.cat\/wp-content\/uploads\/2022\/07\/matriculacions-salt-15.07.2022-10.jpeg","contentUrl":"https:\/\/barcelona.euses.cat\/wp-content\/uploads\/2022\/07\/matriculacions-salt-15.07.2022-10.jpeg","width":1600,"height":1201},{"@type":"BreadcrumbList","@id":"https:\/\/barcelona.euses.cat\/ca\/obert-el-periode-de-matriculacions-per-als-graus-universitaris-en-els-campus-de-salt-bellvitge-i-terres-de-lebre\/#breadcrumb","itemListElement":[{"@type":"ListItem","position":1,"name":"Portada","item":"https:\/\/barcelona.euses.cat\/ca\/"},{"@type":"ListItem","position":2,"name":"Obert el per\u00edode de matriculacions per als graus universitaris en els campus de Salt, Bellvitge i Terres de l\u2019Ebre"}]},{"@type":"WebSite","@id":"https:\/\/barcelona.euses.cat\/ca\/#website","url":"https:\/\/barcelona.euses.cat\/ca\/","name":"EUSES - Campus de Bellvitge (Barcelona)","description":"EUSES, Escola Universit\u00e0ria de Fisioter\u00e0pia Internacional a Barcelona","potentialAction":[{"@type":"SearchAction","target":{"@type":"EntryPoint","urlTemplate":"https:\/\/barcelona.euses.cat\/ca\/?s={search_term_string}"},"query-input":{"@type":"PropertyValueSpecification","valueRequired":true,"valueName":"search_term_string"}}],"inLanguage":"ca"},{"@type":"Person","@id":"https:\/\/barcelona.euses.cat\/ca\/#\/schema\/person\/8ab46080dfc4814fa59383db317735bd","name":"Jordi Danes","image":{"@type":"ImageObject","inLanguage":"ca","@id":"https:\/\/secure.gravatar.com\/avatar\/a9e4f443b594af225625ee8cfa665e41b1e0740ea34fbe0515b4ca559f8570ef?s=96&d=mm&r=g","url":"https:\/\/secure.gravatar.com\/avatar\/a9e4f443b594af225625ee8cfa665e41b1e0740ea34fbe0515b4ca559f8570ef?s=96&d=mm&r=g","contentUrl":"https:\/\/secure.gravatar.com\/avatar\/a9e4f443b594af225625ee8cfa665e41b1e0740ea34fbe0515b4ca559f8570ef?s=96&d=mm&r=g","caption":"Jordi Danes"},"url":"https:\/\/barcelona.euses.cat\/ca\/author\/jordi-danes\/"}]}},"_links":{"self":[{"href":"https:\/\/barcelona.euses.cat\/ca\/wp-json\/wp\/v2\/posts\/10768","targetHints":{"allow":["GET"]}}],"collection":[{"href":"https:\/\/barcelona.euses.cat\/ca\/wp-json\/wp\/v2\/posts"}],"about":[{"href":"https:\/\/barcelona.euses.cat\/ca\/wp-json\/wp\/v2\/types\/post"}],"author":[{"embeddable":true,"href":"https:\/\/barcelona.euses.cat\/ca\/wp-json\/wp\/v2\/users\/3"}],"replies":[{"embeddable":true,"href":"https:\/\/barcelona.euses.cat\/ca\/wp-json\/wp\/v2\/comments?post=10768"}],"version-history":[{"count":2,"href":"https:\/\/barcelona.euses.cat\/ca\/wp-json\/wp\/v2\/posts\/10768\/revisions"}],"predecessor-version":[{"id":10817,"href":"https:\/\/barcelona.euses.cat\/ca\/wp-json\/wp\/v2\/posts\/10768\/revisions\/10817"}],"wp:featuredmedia":[{"embeddable":true,"href":"https:\/\/barcelona.euses.cat\/ca\/wp-json\/wp\/v2\/media\/10777"}],"wp:attachment":[{"href":"https:\/\/barcelona.euses.cat\/ca\/wp-json\/wp\/v2\/media?parent=10768"}],"wp:term":[{"taxonomy":"category","embeddable":true,"href":"https:\/\/barcelona.euses.cat\/ca\/wp-json\/wp\/v2\/categories?post=10768"},{"taxonomy":"post_tag","embeddable":true,"href":"https:\/\/barcelona.euses.cat\/ca\/wp-json\/wp\/v2\/tags?post=10768"}],"curies":[{"name":"wp","href":"https:\/\/api.w.org\/{rel}","templated":true}]}}