{"id":10742,"date":"2022-06-07T23:58:37","date_gmt":"2022-06-07T21:58:37","guid":{"rendered":"https:\/\/barcelona.euses.cat\/?p=10742"},"modified":"2022-06-13T12:24:13","modified_gmt":"2022-06-13T10:24:13","slug":"55-nous-graduats-en-la-4a-promocio-del-grau-en-fisioterapia-euses-udg-enti-ub-en-un-acte-celebrat-a-la-sala-paranimf","status":"publish","type":"post","link":"https:\/\/barcelona.euses.cat\/ca\/55-nous-graduats-en-la-4a-promocio-del-grau-en-fisioterapia-euses-udg-enti-ub-en-un-acte-celebrat-a-la-sala-paranimf\/","title":{"rendered":"55 nous graduats en la 4a promoci\u00f3 del Grau en Fisioter\u00e0pia (EUSES-UdG, ENTI-UB) en un acte celebrat a la sala Paranimf"},"content":{"rendered":"<p>La sala Paranimf de la Universitat de Barcelona ha estat aquest dimarts un marc incomparable per a l\u2019acte de Graduaci\u00f3 dels estudiants de la 4a promoci\u00f3 del Grau en Fisioter\u00e0pia Internacional (EUSES-UdG, ENTI-UB). D&#8217;aquesta fornada han sortit 55 nous graduats de set nacionalitats diferents que van comen\u00e7ar els estudis en el Campus de Bellvitge el 2018. L\u2019acte va estar presidit per la delegada del rector per als centres adscrits de la UdG, Dra. Pilar Marqu\u00e8s; pel director acad\u00e8mic d\u2019ENTI-UB, Dr. \u00d2scar Garcia; i pel Director del Grau en Fisioter\u00e0pia Internacional, Dr. Gerard Mu\u00f1oz. Tots ells van dirigir als graduats paraules de felicitaci\u00f3 per la feina feta i d\u2019encoratjament per la seva imminent inserci\u00f3 al mon laboral. Els representants dels alumnes tamb\u00e9 van fer rec\u00edprocs els agra\u00efments a l\u2019equip docent i posteriorment es va fer el lliurament de diplomes que va donar pas a la cloenda de l\u2019acte amb l\u2019actuaci\u00f3 musical Gaudeamus Igitur.<\/p>\n<p><a href=\"https:\/\/www.facebook.com\/media\/set\/?set=a.2070628679785119&amp;type=3\" target=\"_blank\" rel=\"noopener noreferrer\">TOTES LES FOTOS DE L&#8217;ACTE DE LA GRADUACI\u00d3 2018\/2022 (Fotos: NATALIA CEDRES)<\/a><\/p>\n<p>&nbsp;<\/p>\n<p>&nbsp;<\/p>\n","protected":false},"excerpt":{"rendered":"<p>La sala Paranimf de la Universitat de Barcelona ha estat aquest dimarts un marc incomparable per a l\u2019acte de Graduaci\u00f3 dels estudiants de la 4a promoci\u00f3 del Grau en Fisioter\u00e0pia Internacional (EUSES-UdG, ENTI-UB). D&#8217;aquesta fornada han sortit 55 nous graduats de set nacionalitats diferents que van comen\u00e7ar els estudis en el Campus de Bellvitge el [&hellip;]<\/p>\n","protected":false},"author":3,"featured_media":10758,"comment_status":"open","ping_status":"closed","sticky":false,"template":"","format":"standard","meta":{"_acf_changed":false,"inline_featured_image":false,"_joinchat":[],"footnotes":""},"categories":[46],"tags":[],"class_list":["post-10742","post","type-post","status-publish","format-standard","has-post-thumbnail","hentry","category-sense-categoria"],"acf":[],"yoast_head":"<!-- This site is optimized with the Yoast SEO plugin v27.4 - https:\/\/yoast.com\/product\/yoast-seo-wordpress\/ -->\n<title>55 nous graduats en la 4a promoci\u00f3 del Grau en Fisioter\u00e0pia (EUSES-UdG, ENTI-UB) en un acte celebrat a la sala Paranimf | EUSES- Campus de Bellvitge (Barcelona)<\/title>\n<meta name=\"robots\" content=\"index, follow, max-snippet:-1, max-image-preview:large, max-video-preview:-1\" \/>\n<link rel=\"canonical\" href=\"https:\/\/barcelona.euses.cat\/ca\/55-nous-graduats-en-la-4a-promocio-del-grau-en-fisioterapia-euses-udg-enti-ub-en-un-acte-celebrat-a-la-sala-paranimf\/\" \/>\n<meta property=\"og:locale\" content=\"ca_ES\" \/>\n<meta property=\"og:type\" content=\"article\" \/>\n<meta property=\"og:title\" content=\"55 nous graduats en la 4a promoci\u00f3 del Grau en Fisioter\u00e0pia (EUSES-UdG, ENTI-UB) en un acte celebrat a la sala Paranimf | EUSES- Campus de Bellvitge (Barcelona)\" \/>\n<meta property=\"og:description\" content=\"La sala Paranimf de la Universitat de Barcelona ha estat aquest dimarts un marc incomparable per a l\u2019acte de Graduaci\u00f3 dels estudiants de la 4a promoci\u00f3 del Grau en Fisioter\u00e0pia Internacional (EUSES-UdG, ENTI-UB). D&#8217;aquesta fornada han sortit 55 nous graduats de set nacionalitats diferents que van comen\u00e7ar els estudis en el Campus de Bellvitge el [&hellip;]\" \/>\n<meta property=\"og:url\" content=\"https:\/\/barcelona.euses.cat\/ca\/55-nous-graduats-en-la-4a-promocio-del-grau-en-fisioterapia-euses-udg-enti-ub-en-un-acte-celebrat-a-la-sala-paranimf\/\" \/>\n<meta property=\"og:site_name\" content=\"EUSES- Campus de Bellvitge (Barcelona)\" \/>\n<meta property=\"article:publisher\" content=\"https:\/\/www.facebook.com\/PhysioBCN\/\" \/>\n<meta property=\"article:published_time\" content=\"2022-06-07T21:58:37+00:00\" \/>\n<meta property=\"article:modified_time\" content=\"2022-06-13T10:24:13+00:00\" \/>\n<meta property=\"og:image\" content=\"https:\/\/barcelona.euses.cat\/wp-content\/uploads\/2022\/06\/GRADFISIO.jpg\" \/>\n\t<meta property=\"og:image:width\" content=\"2048\" \/>\n\t<meta property=\"og:image:height\" content=\"1365\" \/>\n\t<meta property=\"og:image:type\" content=\"image\/jpeg\" \/>\n<meta name=\"author\" content=\"Jordi Danes\" \/>\n<meta name=\"twitter:card\" content=\"summary_large_image\" \/>\n<meta name=\"twitter:label1\" content=\"Escrit per\" \/>\n\t<meta name=\"twitter:data1\" content=\"Jordi Danes\" \/>\n\t<meta name=\"twitter:label2\" content=\"Temps estimat de lectura\" \/>\n\t<meta name=\"twitter:data2\" content=\"1 minut\" \/>\n<script type=\"application\/ld+json\" class=\"yoast-schema-graph\">{\"@context\":\"https:\\\/\\\/schema.org\",\"@graph\":[{\"@type\":\"Article\",\"@id\":\"https:\\\/\\\/barcelona.euses.cat\\\/ca\\\/55-nous-graduats-en-la-4a-promocio-del-grau-en-fisioterapia-euses-udg-enti-ub-en-un-acte-celebrat-a-la-sala-paranimf\\\/#article\",\"isPartOf\":{\"@id\":\"https:\\\/\\\/barcelona.euses.cat\\\/ca\\\/55-nous-graduats-en-la-4a-promocio-del-grau-en-fisioterapia-euses-udg-enti-ub-en-un-acte-celebrat-a-la-sala-paranimf\\\/\"},\"author\":{\"name\":\"Jordi Danes\",\"@id\":\"https:\\\/\\\/barcelona.euses.cat\\\/ca\\\/#\\\/schema\\\/person\\\/8ab46080dfc4814fa59383db317735bd\"},\"headline\":\"55 nous graduats en la 4a promoci\u00f3 del Grau en Fisioter\u00e0pia (EUSES-UdG, ENTI-UB) en un acte celebrat a la sala Paranimf\",\"datePublished\":\"2022-06-07T21:58:37+00:00\",\"dateModified\":\"2022-06-13T10:24:13+00:00\",\"mainEntityOfPage\":{\"@id\":\"https:\\\/\\\/barcelona.euses.cat\\\/ca\\\/55-nous-graduats-en-la-4a-promocio-del-grau-en-fisioterapia-euses-udg-enti-ub-en-un-acte-celebrat-a-la-sala-paranimf\\\/\"},\"wordCount\":201,\"commentCount\":0,\"image\":{\"@id\":\"https:\\\/\\\/barcelona.euses.cat\\\/ca\\\/55-nous-graduats-en-la-4a-promocio-del-grau-en-fisioterapia-euses-udg-enti-ub-en-un-acte-celebrat-a-la-sala-paranimf\\\/#primaryimage\"},\"thumbnailUrl\":\"https:\\\/\\\/barcelona.euses.cat\\\/wp-content\\\/uploads\\\/2022\\\/06\\\/GRADFISIO.jpg\",\"articleSection\":[\"sense categoria\"],\"inLanguage\":\"ca\"},{\"@type\":\"WebPage\",\"@id\":\"https:\\\/\\\/barcelona.euses.cat\\\/ca\\\/55-nous-graduats-en-la-4a-promocio-del-grau-en-fisioterapia-euses-udg-enti-ub-en-un-acte-celebrat-a-la-sala-paranimf\\\/\",\"url\":\"https:\\\/\\\/barcelona.euses.cat\\\/ca\\\/55-nous-graduats-en-la-4a-promocio-del-grau-en-fisioterapia-euses-udg-enti-ub-en-un-acte-celebrat-a-la-sala-paranimf\\\/\",\"name\":\"55 nous graduats en la 4a promoci\u00f3 del Grau en Fisioter\u00e0pia (EUSES-UdG, ENTI-UB) en un acte celebrat a la sala Paranimf | EUSES- Campus de Bellvitge (Barcelona)\",\"isPartOf\":{\"@id\":\"https:\\\/\\\/barcelona.euses.cat\\\/ca\\\/#website\"},\"primaryImageOfPage\":{\"@id\":\"https:\\\/\\\/barcelona.euses.cat\\\/ca\\\/55-nous-graduats-en-la-4a-promocio-del-grau-en-fisioterapia-euses-udg-enti-ub-en-un-acte-celebrat-a-la-sala-paranimf\\\/#primaryimage\"},\"image\":{\"@id\":\"https:\\\/\\\/barcelona.euses.cat\\\/ca\\\/55-nous-graduats-en-la-4a-promocio-del-grau-en-fisioterapia-euses-udg-enti-ub-en-un-acte-celebrat-a-la-sala-paranimf\\\/#primaryimage\"},\"thumbnailUrl\":\"https:\\\/\\\/barcelona.euses.cat\\\/wp-content\\\/uploads\\\/2022\\\/06\\\/GRADFISIO.jpg\",\"datePublished\":\"2022-06-07T21:58:37+00:00\",\"dateModified\":\"2022-06-13T10:24:13+00:00\",\"author\":{\"@id\":\"https:\\\/\\\/barcelona.euses.cat\\\/ca\\\/#\\\/schema\\\/person\\\/8ab46080dfc4814fa59383db317735bd\"},\"breadcrumb\":{\"@id\":\"https:\\\/\\\/barcelona.euses.cat\\\/ca\\\/55-nous-graduats-en-la-4a-promocio-del-grau-en-fisioterapia-euses-udg-enti-ub-en-un-acte-celebrat-a-la-sala-paranimf\\\/#breadcrumb\"},\"inLanguage\":\"ca\",\"potentialAction\":[{\"@type\":\"ReadAction\",\"target\":[\"https:\\\/\\\/barcelona.euses.cat\\\/ca\\\/55-nous-graduats-en-la-4a-promocio-del-grau-en-fisioterapia-euses-udg-enti-ub-en-un-acte-celebrat-a-la-sala-paranimf\\\/\"]}]},{\"@type\":\"ImageObject\",\"inLanguage\":\"ca\",\"@id\":\"https:\\\/\\\/barcelona.euses.cat\\\/ca\\\/55-nous-graduats-en-la-4a-promocio-del-grau-en-fisioterapia-euses-udg-enti-ub-en-un-acte-celebrat-a-la-sala-paranimf\\\/#primaryimage\",\"url\":\"https:\\\/\\\/barcelona.euses.cat\\\/wp-content\\\/uploads\\\/2022\\\/06\\\/GRADFISIO.jpg\",\"contentUrl\":\"https:\\\/\\\/barcelona.euses.cat\\\/wp-content\\\/uploads\\\/2022\\\/06\\\/GRADFISIO.jpg\",\"width\":2048,\"height\":1365},{\"@type\":\"BreadcrumbList\",\"@id\":\"https:\\\/\\\/barcelona.euses.cat\\\/ca\\\/55-nous-graduats-en-la-4a-promocio-del-grau-en-fisioterapia-euses-udg-enti-ub-en-un-acte-celebrat-a-la-sala-paranimf\\\/#breadcrumb\",\"itemListElement\":[{\"@type\":\"ListItem\",\"position\":1,\"name\":\"Portada\",\"item\":\"https:\\\/\\\/barcelona.euses.cat\\\/ca\\\/\"},{\"@type\":\"ListItem\",\"position\":2,\"name\":\"55 nous graduats en la 4a promoci\u00f3 del Grau en Fisioter\u00e0pia (EUSES-UdG, ENTI-UB) en un acte celebrat a la sala Paranimf\"}]},{\"@type\":\"WebSite\",\"@id\":\"https:\\\/\\\/barcelona.euses.cat\\\/ca\\\/#website\",\"url\":\"https:\\\/\\\/barcelona.euses.cat\\\/ca\\\/\",\"name\":\"EUSES - Campus de Bellvitge (Barcelona)\",\"description\":\"EUSES, Escola Universit\u00e0ria de Fisioter\u00e0pia Internacional a Barcelona\",\"potentialAction\":[{\"@type\":\"SearchAction\",\"target\":{\"@type\":\"EntryPoint\",\"urlTemplate\":\"https:\\\/\\\/barcelona.euses.cat\\\/ca\\\/?s={search_term_string}\"},\"query-input\":{\"@type\":\"PropertyValueSpecification\",\"valueRequired\":true,\"valueName\":\"search_term_string\"}}],\"inLanguage\":\"ca\"},{\"@type\":\"Person\",\"@id\":\"https:\\\/\\\/barcelona.euses.cat\\\/ca\\\/#\\\/schema\\\/person\\\/8ab46080dfc4814fa59383db317735bd\",\"name\":\"Jordi Danes\",\"image\":{\"@type\":\"ImageObject\",\"inLanguage\":\"ca\",\"@id\":\"https:\\\/\\\/secure.gravatar.com\\\/avatar\\\/a9e4f443b594af225625ee8cfa665e41b1e0740ea34fbe0515b4ca559f8570ef?s=96&d=mm&r=g\",\"url\":\"https:\\\/\\\/secure.gravatar.com\\\/avatar\\\/a9e4f443b594af225625ee8cfa665e41b1e0740ea34fbe0515b4ca559f8570ef?s=96&d=mm&r=g\",\"contentUrl\":\"https:\\\/\\\/secure.gravatar.com\\\/avatar\\\/a9e4f443b594af225625ee8cfa665e41b1e0740ea34fbe0515b4ca559f8570ef?s=96&d=mm&r=g\",\"caption\":\"Jordi Danes\"},\"url\":\"https:\\\/\\\/barcelona.euses.cat\\\/ca\\\/author\\\/jordi-danes\\\/\"}]}<\/script>\n<!-- \/ Yoast SEO plugin. -->","yoast_head_json":{"title":"55 nous graduats en la 4a promoci\u00f3 del Grau en Fisioter\u00e0pia (EUSES-UdG, ENTI-UB) en un acte celebrat a la sala Paranimf | EUSES- Campus de Bellvitge (Barcelona)","robots":{"index":"index","follow":"follow","max-snippet":"max-snippet:-1","max-image-preview":"max-image-preview:large","max-video-preview":"max-video-preview:-1"},"canonical":"https:\/\/barcelona.euses.cat\/ca\/55-nous-graduats-en-la-4a-promocio-del-grau-en-fisioterapia-euses-udg-enti-ub-en-un-acte-celebrat-a-la-sala-paranimf\/","og_locale":"ca_ES","og_type":"article","og_title":"55 nous graduats en la 4a promoci\u00f3 del Grau en Fisioter\u00e0pia (EUSES-UdG, ENTI-UB) en un acte celebrat a la sala Paranimf | EUSES- Campus de Bellvitge (Barcelona)","og_description":"La sala Paranimf de la Universitat de Barcelona ha estat aquest dimarts un marc incomparable per a l\u2019acte de Graduaci\u00f3 dels estudiants de la 4a promoci\u00f3 del Grau en Fisioter\u00e0pia Internacional (EUSES-UdG, ENTI-UB). D&#8217;aquesta fornada han sortit 55 nous graduats de set nacionalitats diferents que van comen\u00e7ar els estudis en el Campus de Bellvitge el [&hellip;]","og_url":"https:\/\/barcelona.euses.cat\/ca\/55-nous-graduats-en-la-4a-promocio-del-grau-en-fisioterapia-euses-udg-enti-ub-en-un-acte-celebrat-a-la-sala-paranimf\/","og_site_name":"EUSES- Campus de Bellvitge (Barcelona)","article_publisher":"https:\/\/www.facebook.com\/PhysioBCN\/","article_published_time":"2022-06-07T21:58:37+00:00","article_modified_time":"2022-06-13T10:24:13+00:00","og_image":[{"width":2048,"height":1365,"url":"https:\/\/barcelona.euses.cat\/wp-content\/uploads\/2022\/06\/GRADFISIO.jpg","type":"image\/jpeg"}],"author":"Jordi Danes","twitter_card":"summary_large_image","twitter_misc":{"Escrit per":"Jordi Danes","Temps estimat de lectura":"1 minut"},"schema":{"@context":"https:\/\/schema.org","@graph":[{"@type":"Article","@id":"https:\/\/barcelona.euses.cat\/ca\/55-nous-graduats-en-la-4a-promocio-del-grau-en-fisioterapia-euses-udg-enti-ub-en-un-acte-celebrat-a-la-sala-paranimf\/#article","isPartOf":{"@id":"https:\/\/barcelona.euses.cat\/ca\/55-nous-graduats-en-la-4a-promocio-del-grau-en-fisioterapia-euses-udg-enti-ub-en-un-acte-celebrat-a-la-sala-paranimf\/"},"author":{"name":"Jordi Danes","@id":"https:\/\/barcelona.euses.cat\/ca\/#\/schema\/person\/8ab46080dfc4814fa59383db317735bd"},"headline":"55 nous graduats en la 4a promoci\u00f3 del Grau en Fisioter\u00e0pia (EUSES-UdG, ENTI-UB) en un acte celebrat a la sala Paranimf","datePublished":"2022-06-07T21:58:37+00:00","dateModified":"2022-06-13T10:24:13+00:00","mainEntityOfPage":{"@id":"https:\/\/barcelona.euses.cat\/ca\/55-nous-graduats-en-la-4a-promocio-del-grau-en-fisioterapia-euses-udg-enti-ub-en-un-acte-celebrat-a-la-sala-paranimf\/"},"wordCount":201,"commentCount":0,"image":{"@id":"https:\/\/barcelona.euses.cat\/ca\/55-nous-graduats-en-la-4a-promocio-del-grau-en-fisioterapia-euses-udg-enti-ub-en-un-acte-celebrat-a-la-sala-paranimf\/#primaryimage"},"thumbnailUrl":"https:\/\/barcelona.euses.cat\/wp-content\/uploads\/2022\/06\/GRADFISIO.jpg","articleSection":["sense categoria"],"inLanguage":"ca"},{"@type":"WebPage","@id":"https:\/\/barcelona.euses.cat\/ca\/55-nous-graduats-en-la-4a-promocio-del-grau-en-fisioterapia-euses-udg-enti-ub-en-un-acte-celebrat-a-la-sala-paranimf\/","url":"https:\/\/barcelona.euses.cat\/ca\/55-nous-graduats-en-la-4a-promocio-del-grau-en-fisioterapia-euses-udg-enti-ub-en-un-acte-celebrat-a-la-sala-paranimf\/","name":"55 nous graduats en la 4a promoci\u00f3 del Grau en Fisioter\u00e0pia (EUSES-UdG, ENTI-UB) en un acte celebrat a la sala Paranimf | EUSES- Campus de Bellvitge (Barcelona)","isPartOf":{"@id":"https:\/\/barcelona.euses.cat\/ca\/#website"},"primaryImageOfPage":{"@id":"https:\/\/barcelona.euses.cat\/ca\/55-nous-graduats-en-la-4a-promocio-del-grau-en-fisioterapia-euses-udg-enti-ub-en-un-acte-celebrat-a-la-sala-paranimf\/#primaryimage"},"image":{"@id":"https:\/\/barcelona.euses.cat\/ca\/55-nous-graduats-en-la-4a-promocio-del-grau-en-fisioterapia-euses-udg-enti-ub-en-un-acte-celebrat-a-la-sala-paranimf\/#primaryimage"},"thumbnailUrl":"https:\/\/barcelona.euses.cat\/wp-content\/uploads\/2022\/06\/GRADFISIO.jpg","datePublished":"2022-06-07T21:58:37+00:00","dateModified":"2022-06-13T10:24:13+00:00","author":{"@id":"https:\/\/barcelona.euses.cat\/ca\/#\/schema\/person\/8ab46080dfc4814fa59383db317735bd"},"breadcrumb":{"@id":"https:\/\/barcelona.euses.cat\/ca\/55-nous-graduats-en-la-4a-promocio-del-grau-en-fisioterapia-euses-udg-enti-ub-en-un-acte-celebrat-a-la-sala-paranimf\/#breadcrumb"},"inLanguage":"ca","potentialAction":[{"@type":"ReadAction","target":["https:\/\/barcelona.euses.cat\/ca\/55-nous-graduats-en-la-4a-promocio-del-grau-en-fisioterapia-euses-udg-enti-ub-en-un-acte-celebrat-a-la-sala-paranimf\/"]}]},{"@type":"ImageObject","inLanguage":"ca","@id":"https:\/\/barcelona.euses.cat\/ca\/55-nous-graduats-en-la-4a-promocio-del-grau-en-fisioterapia-euses-udg-enti-ub-en-un-acte-celebrat-a-la-sala-paranimf\/#primaryimage","url":"https:\/\/barcelona.euses.cat\/wp-content\/uploads\/2022\/06\/GRADFISIO.jpg","contentUrl":"https:\/\/barcelona.euses.cat\/wp-content\/uploads\/2022\/06\/GRADFISIO.jpg","width":2048,"height":1365},{"@type":"BreadcrumbList","@id":"https:\/\/barcelona.euses.cat\/ca\/55-nous-graduats-en-la-4a-promocio-del-grau-en-fisioterapia-euses-udg-enti-ub-en-un-acte-celebrat-a-la-sala-paranimf\/#breadcrumb","itemListElement":[{"@type":"ListItem","position":1,"name":"Portada","item":"https:\/\/barcelona.euses.cat\/ca\/"},{"@type":"ListItem","position":2,"name":"55 nous graduats en la 4a promoci\u00f3 del Grau en Fisioter\u00e0pia (EUSES-UdG, ENTI-UB) en un acte celebrat a la sala Paranimf"}]},{"@type":"WebSite","@id":"https:\/\/barcelona.euses.cat\/ca\/#website","url":"https:\/\/barcelona.euses.cat\/ca\/","name":"EUSES - Campus de Bellvitge (Barcelona)","description":"EUSES, Escola Universit\u00e0ria de Fisioter\u00e0pia Internacional a Barcelona","potentialAction":[{"@type":"SearchAction","target":{"@type":"EntryPoint","urlTemplate":"https:\/\/barcelona.euses.cat\/ca\/?s={search_term_string}"},"query-input":{"@type":"PropertyValueSpecification","valueRequired":true,"valueName":"search_term_string"}}],"inLanguage":"ca"},{"@type":"Person","@id":"https:\/\/barcelona.euses.cat\/ca\/#\/schema\/person\/8ab46080dfc4814fa59383db317735bd","name":"Jordi Danes","image":{"@type":"ImageObject","inLanguage":"ca","@id":"https:\/\/secure.gravatar.com\/avatar\/a9e4f443b594af225625ee8cfa665e41b1e0740ea34fbe0515b4ca559f8570ef?s=96&d=mm&r=g","url":"https:\/\/secure.gravatar.com\/avatar\/a9e4f443b594af225625ee8cfa665e41b1e0740ea34fbe0515b4ca559f8570ef?s=96&d=mm&r=g","contentUrl":"https:\/\/secure.gravatar.com\/avatar\/a9e4f443b594af225625ee8cfa665e41b1e0740ea34fbe0515b4ca559f8570ef?s=96&d=mm&r=g","caption":"Jordi Danes"},"url":"https:\/\/barcelona.euses.cat\/ca\/author\/jordi-danes\/"}]}},"_links":{"self":[{"href":"https:\/\/barcelona.euses.cat\/ca\/wp-json\/wp\/v2\/posts\/10742","targetHints":{"allow":["GET"]}}],"collection":[{"href":"https:\/\/barcelona.euses.cat\/ca\/wp-json\/wp\/v2\/posts"}],"about":[{"href":"https:\/\/barcelona.euses.cat\/ca\/wp-json\/wp\/v2\/types\/post"}],"author":[{"embeddable":true,"href":"https:\/\/barcelona.euses.cat\/ca\/wp-json\/wp\/v2\/users\/3"}],"replies":[{"embeddable":true,"href":"https:\/\/barcelona.euses.cat\/ca\/wp-json\/wp\/v2\/comments?post=10742"}],"version-history":[{"count":4,"href":"https:\/\/barcelona.euses.cat\/ca\/wp-json\/wp\/v2\/posts\/10742\/revisions"}],"predecessor-version":[{"id":10757,"href":"https:\/\/barcelona.euses.cat\/ca\/wp-json\/wp\/v2\/posts\/10742\/revisions\/10757"}],"wp:featuredmedia":[{"embeddable":true,"href":"https:\/\/barcelona.euses.cat\/ca\/wp-json\/wp\/v2\/media\/10758"}],"wp:attachment":[{"href":"https:\/\/barcelona.euses.cat\/ca\/wp-json\/wp\/v2\/media?parent=10742"}],"wp:term":[{"taxonomy":"category","embeddable":true,"href":"https:\/\/barcelona.euses.cat\/ca\/wp-json\/wp\/v2\/categories?post=10742"},{"taxonomy":"post_tag","embeddable":true,"href":"https:\/\/barcelona.euses.cat\/ca\/wp-json\/wp\/v2\/tags?post=10742"}],"curies":[{"name":"wp","href":"https:\/\/api.w.org\/{rel}","templated":true}]}}