{"id":10717,"date":"2022-04-27T11:35:06","date_gmt":"2022-04-27T09:35:06","guid":{"rendered":"https:\/\/barcelona.euses.cat\/?p=10717"},"modified":"2022-04-27T11:35:06","modified_gmt":"2022-04-27T09:35:06","slug":"euses-alumni-consolida-el-talent-day-en-una-2a-edicio-amb-un-exit-rotund-de-participacio","status":"publish","type":"post","link":"https:\/\/barcelona.euses.cat\/ca\/euses-alumni-consolida-el-talent-day-en-una-2a-edicio-amb-un-exit-rotund-de-participacio\/","title":{"rendered":"EUSES Alumni consolida el Talent Day en una 2a edici\u00f3 amb un \u00e8xit rotund de participaci\u00f3"},"content":{"rendered":"<p>Tots els objectius marcats per EUSES Alumni en relaci\u00f3 al Talent Day es van assolir amb escreix en una segona edici\u00f3 que va doblar les prestacions del curs del debut. La Fira Virtual de l\u2019Ocupaci\u00f3 i Orientaci\u00f3 Professional de l\u2019Escola Universit\u00e0ria de la Salut i l\u2019Esport, que ha durat dos dies (dilluns i dimarts), va ser tot un \u00e8xit, amb participaci\u00f3 d\u2019alumnes de 4t curs dels tres campus (Salt, Bellvitge i Terres de l\u2019Ebre) aix\u00ed com integrants de la fam\u00edlia de graduats en CAFE i en Fisioter\u00e0pia d\u2019Alumni que es van inscriure. Tots ells van poder gaudir de dues jornades en les quals es van poder organitzar per poder navegar per les diferents confer\u00e8ncies i taules rodones plantejades per l\u2019organitzaci\u00f3 i tamb\u00e9 visitar els estands on empreses i centres, tant del pa\u00eds com de l\u2019estranger, es van donar a con\u00e8ixer i van presentar ofertes de treball. Precisament, l\u2019acc\u00e9s a les ofertes laborals va ser el dest\u00ed m\u00e9s concorregut per part dels estudiants, que van poder presentar curr\u00edculums i realitzar entrevistes de treball per videoconfer\u00e8ncia. El Talent Day tamb\u00e9 va comptar amb el suport i col\u00b7laboraci\u00f3 dels col\u00b7legis oficials (COPLEFC i Fisioterapeutes) i de l&#8217;EURES (European Employement Services), la xarxa de cooperaci\u00f3 per a l&#8217;ocupaci\u00f3 i la lliure circulaci\u00f3 de treballadors, que es un dels principis fonamentals de la Uni\u00f3 Europea. En total, es va comptar amb 40 estands i es van realitzar fins a 13 xerrades amb un participaci\u00f3 d\u2019una trentena de ponents, molts dels quals eren graduats de l&#8217;EUSES i que van orientar professionalment els alumnes i alumnis inscrits.<\/p>\n<p>&nbsp;<\/p>\n","protected":false},"excerpt":{"rendered":"<p>Tots els objectius marcats per EUSES Alumni en relaci\u00f3 al Talent Day es van assolir amb escreix en una segona edici\u00f3 que va doblar les prestacions del curs del debut. La Fira Virtual de l\u2019Ocupaci\u00f3 i Orientaci\u00f3 Professional de l\u2019Escola Universit\u00e0ria de la Salut i l\u2019Esport, que ha durat dos dies (dilluns i dimarts), va [&hellip;]<\/p>\n","protected":false},"author":3,"featured_media":10718,"comment_status":"open","ping_status":"closed","sticky":false,"template":"","format":"standard","meta":{"_acf_changed":false,"inline_featured_image":false,"_joinchat":[],"footnotes":""},"categories":[46],"tags":[],"class_list":["post-10717","post","type-post","status-publish","format-standard","has-post-thumbnail","hentry","category-sense-categoria"],"acf":[],"yoast_head":"<!-- This site is optimized with the Yoast SEO plugin v27.4 - https:\/\/yoast.com\/product\/yoast-seo-wordpress\/ -->\n<title>EUSES Alumni consolida el Talent Day en una 2a edici\u00f3 amb un \u00e8xit rotund de participaci\u00f3 | EUSES- Campus de Bellvitge (Barcelona)<\/title>\n<meta name=\"robots\" content=\"index, follow, max-snippet:-1, max-image-preview:large, max-video-preview:-1\" \/>\n<link rel=\"canonical\" href=\"https:\/\/barcelona.euses.cat\/ca\/euses-alumni-consolida-el-talent-day-en-una-2a-edicio-amb-un-exit-rotund-de-participacio\/\" \/>\n<meta property=\"og:locale\" content=\"ca_ES\" \/>\n<meta property=\"og:type\" content=\"article\" \/>\n<meta property=\"og:title\" content=\"EUSES Alumni consolida el Talent Day en una 2a edici\u00f3 amb un \u00e8xit rotund de participaci\u00f3 | EUSES- Campus de Bellvitge (Barcelona)\" \/>\n<meta property=\"og:description\" content=\"Tots els objectius marcats per EUSES Alumni en relaci\u00f3 al Talent Day es van assolir amb escreix en una segona edici\u00f3 que va doblar les prestacions del curs del debut. La Fira Virtual de l\u2019Ocupaci\u00f3 i Orientaci\u00f3 Professional de l\u2019Escola Universit\u00e0ria de la Salut i l\u2019Esport, que ha durat dos dies (dilluns i dimarts), va [&hellip;]\" \/>\n<meta property=\"og:url\" content=\"https:\/\/barcelona.euses.cat\/ca\/euses-alumni-consolida-el-talent-day-en-una-2a-edicio-amb-un-exit-rotund-de-participacio\/\" \/>\n<meta property=\"og:site_name\" content=\"EUSES- Campus de Bellvitge (Barcelona)\" \/>\n<meta property=\"article:publisher\" content=\"https:\/\/www.facebook.com\/PhysioBCN\/\" \/>\n<meta property=\"article:published_time\" content=\"2022-04-27T09:35:06+00:00\" \/>\n<meta property=\"og:image\" content=\"https:\/\/barcelona.euses.cat\/wp-content\/uploads\/2022\/04\/talentday.jpg\" \/>\n\t<meta property=\"og:image:width\" content=\"1920\" \/>\n\t<meta property=\"og:image:height\" content=\"1080\" \/>\n\t<meta property=\"og:image:type\" content=\"image\/jpeg\" \/>\n<meta name=\"author\" content=\"Jordi Danes\" \/>\n<meta name=\"twitter:card\" content=\"summary_large_image\" \/>\n<meta name=\"twitter:label1\" content=\"Escrit per\" \/>\n\t<meta name=\"twitter:data1\" content=\"Jordi Danes\" \/>\n\t<meta name=\"twitter:label2\" content=\"Temps estimat de lectura\" \/>\n\t<meta name=\"twitter:data2\" content=\"1 minut\" \/>\n<script type=\"application\/ld+json\" class=\"yoast-schema-graph\">{\"@context\":\"https:\\\/\\\/schema.org\",\"@graph\":[{\"@type\":\"Article\",\"@id\":\"https:\\\/\\\/barcelona.euses.cat\\\/ca\\\/euses-alumni-consolida-el-talent-day-en-una-2a-edicio-amb-un-exit-rotund-de-participacio\\\/#article\",\"isPartOf\":{\"@id\":\"https:\\\/\\\/barcelona.euses.cat\\\/ca\\\/euses-alumni-consolida-el-talent-day-en-una-2a-edicio-amb-un-exit-rotund-de-participacio\\\/\"},\"author\":{\"name\":\"Jordi Danes\",\"@id\":\"https:\\\/\\\/barcelona.euses.cat\\\/ca\\\/#\\\/schema\\\/person\\\/8ab46080dfc4814fa59383db317735bd\"},\"headline\":\"EUSES Alumni consolida el Talent Day en una 2a edici\u00f3 amb un \u00e8xit rotund de participaci\u00f3\",\"datePublished\":\"2022-04-27T09:35:06+00:00\",\"mainEntityOfPage\":{\"@id\":\"https:\\\/\\\/barcelona.euses.cat\\\/ca\\\/euses-alumni-consolida-el-talent-day-en-una-2a-edicio-amb-un-exit-rotund-de-participacio\\\/\"},\"wordCount\":300,\"commentCount\":0,\"image\":{\"@id\":\"https:\\\/\\\/barcelona.euses.cat\\\/ca\\\/euses-alumni-consolida-el-talent-day-en-una-2a-edicio-amb-un-exit-rotund-de-participacio\\\/#primaryimage\"},\"thumbnailUrl\":\"https:\\\/\\\/barcelona.euses.cat\\\/wp-content\\\/uploads\\\/2022\\\/04\\\/talentday.jpg\",\"articleSection\":[\"sense categoria\"],\"inLanguage\":\"ca\"},{\"@type\":\"WebPage\",\"@id\":\"https:\\\/\\\/barcelona.euses.cat\\\/ca\\\/euses-alumni-consolida-el-talent-day-en-una-2a-edicio-amb-un-exit-rotund-de-participacio\\\/\",\"url\":\"https:\\\/\\\/barcelona.euses.cat\\\/ca\\\/euses-alumni-consolida-el-talent-day-en-una-2a-edicio-amb-un-exit-rotund-de-participacio\\\/\",\"name\":\"EUSES Alumni consolida el Talent Day en una 2a edici\u00f3 amb un \u00e8xit rotund de participaci\u00f3 | EUSES- Campus de Bellvitge (Barcelona)\",\"isPartOf\":{\"@id\":\"https:\\\/\\\/barcelona.euses.cat\\\/ca\\\/#website\"},\"primaryImageOfPage\":{\"@id\":\"https:\\\/\\\/barcelona.euses.cat\\\/ca\\\/euses-alumni-consolida-el-talent-day-en-una-2a-edicio-amb-un-exit-rotund-de-participacio\\\/#primaryimage\"},\"image\":{\"@id\":\"https:\\\/\\\/barcelona.euses.cat\\\/ca\\\/euses-alumni-consolida-el-talent-day-en-una-2a-edicio-amb-un-exit-rotund-de-participacio\\\/#primaryimage\"},\"thumbnailUrl\":\"https:\\\/\\\/barcelona.euses.cat\\\/wp-content\\\/uploads\\\/2022\\\/04\\\/talentday.jpg\",\"datePublished\":\"2022-04-27T09:35:06+00:00\",\"author\":{\"@id\":\"https:\\\/\\\/barcelona.euses.cat\\\/ca\\\/#\\\/schema\\\/person\\\/8ab46080dfc4814fa59383db317735bd\"},\"breadcrumb\":{\"@id\":\"https:\\\/\\\/barcelona.euses.cat\\\/ca\\\/euses-alumni-consolida-el-talent-day-en-una-2a-edicio-amb-un-exit-rotund-de-participacio\\\/#breadcrumb\"},\"inLanguage\":\"ca\",\"potentialAction\":[{\"@type\":\"ReadAction\",\"target\":[\"https:\\\/\\\/barcelona.euses.cat\\\/ca\\\/euses-alumni-consolida-el-talent-day-en-una-2a-edicio-amb-un-exit-rotund-de-participacio\\\/\"]}]},{\"@type\":\"ImageObject\",\"inLanguage\":\"ca\",\"@id\":\"https:\\\/\\\/barcelona.euses.cat\\\/ca\\\/euses-alumni-consolida-el-talent-day-en-una-2a-edicio-amb-un-exit-rotund-de-participacio\\\/#primaryimage\",\"url\":\"https:\\\/\\\/barcelona.euses.cat\\\/wp-content\\\/uploads\\\/2022\\\/04\\\/talentday.jpg\",\"contentUrl\":\"https:\\\/\\\/barcelona.euses.cat\\\/wp-content\\\/uploads\\\/2022\\\/04\\\/talentday.jpg\",\"width\":1920,\"height\":1080},{\"@type\":\"BreadcrumbList\",\"@id\":\"https:\\\/\\\/barcelona.euses.cat\\\/ca\\\/euses-alumni-consolida-el-talent-day-en-una-2a-edicio-amb-un-exit-rotund-de-participacio\\\/#breadcrumb\",\"itemListElement\":[{\"@type\":\"ListItem\",\"position\":1,\"name\":\"Portada\",\"item\":\"https:\\\/\\\/barcelona.euses.cat\\\/ca\\\/\"},{\"@type\":\"ListItem\",\"position\":2,\"name\":\"EUSES Alumni consolida el Talent Day en una 2a edici\u00f3 amb un \u00e8xit rotund de participaci\u00f3\"}]},{\"@type\":\"WebSite\",\"@id\":\"https:\\\/\\\/barcelona.euses.cat\\\/ca\\\/#website\",\"url\":\"https:\\\/\\\/barcelona.euses.cat\\\/ca\\\/\",\"name\":\"EUSES - Campus de Bellvitge (Barcelona)\",\"description\":\"EUSES, Escola Universit\u00e0ria de Fisioter\u00e0pia Internacional a Barcelona\",\"potentialAction\":[{\"@type\":\"SearchAction\",\"target\":{\"@type\":\"EntryPoint\",\"urlTemplate\":\"https:\\\/\\\/barcelona.euses.cat\\\/ca\\\/?s={search_term_string}\"},\"query-input\":{\"@type\":\"PropertyValueSpecification\",\"valueRequired\":true,\"valueName\":\"search_term_string\"}}],\"inLanguage\":\"ca\"},{\"@type\":\"Person\",\"@id\":\"https:\\\/\\\/barcelona.euses.cat\\\/ca\\\/#\\\/schema\\\/person\\\/8ab46080dfc4814fa59383db317735bd\",\"name\":\"Jordi Danes\",\"image\":{\"@type\":\"ImageObject\",\"inLanguage\":\"ca\",\"@id\":\"https:\\\/\\\/secure.gravatar.com\\\/avatar\\\/a9e4f443b594af225625ee8cfa665e41b1e0740ea34fbe0515b4ca559f8570ef?s=96&d=mm&r=g\",\"url\":\"https:\\\/\\\/secure.gravatar.com\\\/avatar\\\/a9e4f443b594af225625ee8cfa665e41b1e0740ea34fbe0515b4ca559f8570ef?s=96&d=mm&r=g\",\"contentUrl\":\"https:\\\/\\\/secure.gravatar.com\\\/avatar\\\/a9e4f443b594af225625ee8cfa665e41b1e0740ea34fbe0515b4ca559f8570ef?s=96&d=mm&r=g\",\"caption\":\"Jordi Danes\"},\"url\":\"https:\\\/\\\/barcelona.euses.cat\\\/ca\\\/author\\\/jordi-danes\\\/\"}]}<\/script>\n<!-- \/ Yoast SEO plugin. -->","yoast_head_json":{"title":"EUSES Alumni consolida el Talent Day en una 2a edici\u00f3 amb un \u00e8xit rotund de participaci\u00f3 | EUSES- Campus de Bellvitge (Barcelona)","robots":{"index":"index","follow":"follow","max-snippet":"max-snippet:-1","max-image-preview":"max-image-preview:large","max-video-preview":"max-video-preview:-1"},"canonical":"https:\/\/barcelona.euses.cat\/ca\/euses-alumni-consolida-el-talent-day-en-una-2a-edicio-amb-un-exit-rotund-de-participacio\/","og_locale":"ca_ES","og_type":"article","og_title":"EUSES Alumni consolida el Talent Day en una 2a edici\u00f3 amb un \u00e8xit rotund de participaci\u00f3 | EUSES- Campus de Bellvitge (Barcelona)","og_description":"Tots els objectius marcats per EUSES Alumni en relaci\u00f3 al Talent Day es van assolir amb escreix en una segona edici\u00f3 que va doblar les prestacions del curs del debut. La Fira Virtual de l\u2019Ocupaci\u00f3 i Orientaci\u00f3 Professional de l\u2019Escola Universit\u00e0ria de la Salut i l\u2019Esport, que ha durat dos dies (dilluns i dimarts), va [&hellip;]","og_url":"https:\/\/barcelona.euses.cat\/ca\/euses-alumni-consolida-el-talent-day-en-una-2a-edicio-amb-un-exit-rotund-de-participacio\/","og_site_name":"EUSES- Campus de Bellvitge (Barcelona)","article_publisher":"https:\/\/www.facebook.com\/PhysioBCN\/","article_published_time":"2022-04-27T09:35:06+00:00","og_image":[{"width":1920,"height":1080,"url":"https:\/\/barcelona.euses.cat\/wp-content\/uploads\/2022\/04\/talentday.jpg","type":"image\/jpeg"}],"author":"Jordi Danes","twitter_card":"summary_large_image","twitter_misc":{"Escrit per":"Jordi Danes","Temps estimat de lectura":"1 minut"},"schema":{"@context":"https:\/\/schema.org","@graph":[{"@type":"Article","@id":"https:\/\/barcelona.euses.cat\/ca\/euses-alumni-consolida-el-talent-day-en-una-2a-edicio-amb-un-exit-rotund-de-participacio\/#article","isPartOf":{"@id":"https:\/\/barcelona.euses.cat\/ca\/euses-alumni-consolida-el-talent-day-en-una-2a-edicio-amb-un-exit-rotund-de-participacio\/"},"author":{"name":"Jordi Danes","@id":"https:\/\/barcelona.euses.cat\/ca\/#\/schema\/person\/8ab46080dfc4814fa59383db317735bd"},"headline":"EUSES Alumni consolida el Talent Day en una 2a edici\u00f3 amb un \u00e8xit rotund de participaci\u00f3","datePublished":"2022-04-27T09:35:06+00:00","mainEntityOfPage":{"@id":"https:\/\/barcelona.euses.cat\/ca\/euses-alumni-consolida-el-talent-day-en-una-2a-edicio-amb-un-exit-rotund-de-participacio\/"},"wordCount":300,"commentCount":0,"image":{"@id":"https:\/\/barcelona.euses.cat\/ca\/euses-alumni-consolida-el-talent-day-en-una-2a-edicio-amb-un-exit-rotund-de-participacio\/#primaryimage"},"thumbnailUrl":"https:\/\/barcelona.euses.cat\/wp-content\/uploads\/2022\/04\/talentday.jpg","articleSection":["sense categoria"],"inLanguage":"ca"},{"@type":"WebPage","@id":"https:\/\/barcelona.euses.cat\/ca\/euses-alumni-consolida-el-talent-day-en-una-2a-edicio-amb-un-exit-rotund-de-participacio\/","url":"https:\/\/barcelona.euses.cat\/ca\/euses-alumni-consolida-el-talent-day-en-una-2a-edicio-amb-un-exit-rotund-de-participacio\/","name":"EUSES Alumni consolida el Talent Day en una 2a edici\u00f3 amb un \u00e8xit rotund de participaci\u00f3 | EUSES- Campus de Bellvitge (Barcelona)","isPartOf":{"@id":"https:\/\/barcelona.euses.cat\/ca\/#website"},"primaryImageOfPage":{"@id":"https:\/\/barcelona.euses.cat\/ca\/euses-alumni-consolida-el-talent-day-en-una-2a-edicio-amb-un-exit-rotund-de-participacio\/#primaryimage"},"image":{"@id":"https:\/\/barcelona.euses.cat\/ca\/euses-alumni-consolida-el-talent-day-en-una-2a-edicio-amb-un-exit-rotund-de-participacio\/#primaryimage"},"thumbnailUrl":"https:\/\/barcelona.euses.cat\/wp-content\/uploads\/2022\/04\/talentday.jpg","datePublished":"2022-04-27T09:35:06+00:00","author":{"@id":"https:\/\/barcelona.euses.cat\/ca\/#\/schema\/person\/8ab46080dfc4814fa59383db317735bd"},"breadcrumb":{"@id":"https:\/\/barcelona.euses.cat\/ca\/euses-alumni-consolida-el-talent-day-en-una-2a-edicio-amb-un-exit-rotund-de-participacio\/#breadcrumb"},"inLanguage":"ca","potentialAction":[{"@type":"ReadAction","target":["https:\/\/barcelona.euses.cat\/ca\/euses-alumni-consolida-el-talent-day-en-una-2a-edicio-amb-un-exit-rotund-de-participacio\/"]}]},{"@type":"ImageObject","inLanguage":"ca","@id":"https:\/\/barcelona.euses.cat\/ca\/euses-alumni-consolida-el-talent-day-en-una-2a-edicio-amb-un-exit-rotund-de-participacio\/#primaryimage","url":"https:\/\/barcelona.euses.cat\/wp-content\/uploads\/2022\/04\/talentday.jpg","contentUrl":"https:\/\/barcelona.euses.cat\/wp-content\/uploads\/2022\/04\/talentday.jpg","width":1920,"height":1080},{"@type":"BreadcrumbList","@id":"https:\/\/barcelona.euses.cat\/ca\/euses-alumni-consolida-el-talent-day-en-una-2a-edicio-amb-un-exit-rotund-de-participacio\/#breadcrumb","itemListElement":[{"@type":"ListItem","position":1,"name":"Portada","item":"https:\/\/barcelona.euses.cat\/ca\/"},{"@type":"ListItem","position":2,"name":"EUSES Alumni consolida el Talent Day en una 2a edici\u00f3 amb un \u00e8xit rotund de participaci\u00f3"}]},{"@type":"WebSite","@id":"https:\/\/barcelona.euses.cat\/ca\/#website","url":"https:\/\/barcelona.euses.cat\/ca\/","name":"EUSES - Campus de Bellvitge (Barcelona)","description":"EUSES, Escola Universit\u00e0ria de Fisioter\u00e0pia Internacional a Barcelona","potentialAction":[{"@type":"SearchAction","target":{"@type":"EntryPoint","urlTemplate":"https:\/\/barcelona.euses.cat\/ca\/?s={search_term_string}"},"query-input":{"@type":"PropertyValueSpecification","valueRequired":true,"valueName":"search_term_string"}}],"inLanguage":"ca"},{"@type":"Person","@id":"https:\/\/barcelona.euses.cat\/ca\/#\/schema\/person\/8ab46080dfc4814fa59383db317735bd","name":"Jordi Danes","image":{"@type":"ImageObject","inLanguage":"ca","@id":"https:\/\/secure.gravatar.com\/avatar\/a9e4f443b594af225625ee8cfa665e41b1e0740ea34fbe0515b4ca559f8570ef?s=96&d=mm&r=g","url":"https:\/\/secure.gravatar.com\/avatar\/a9e4f443b594af225625ee8cfa665e41b1e0740ea34fbe0515b4ca559f8570ef?s=96&d=mm&r=g","contentUrl":"https:\/\/secure.gravatar.com\/avatar\/a9e4f443b594af225625ee8cfa665e41b1e0740ea34fbe0515b4ca559f8570ef?s=96&d=mm&r=g","caption":"Jordi Danes"},"url":"https:\/\/barcelona.euses.cat\/ca\/author\/jordi-danes\/"}]}},"_links":{"self":[{"href":"https:\/\/barcelona.euses.cat\/ca\/wp-json\/wp\/v2\/posts\/10717","targetHints":{"allow":["GET"]}}],"collection":[{"href":"https:\/\/barcelona.euses.cat\/ca\/wp-json\/wp\/v2\/posts"}],"about":[{"href":"https:\/\/barcelona.euses.cat\/ca\/wp-json\/wp\/v2\/types\/post"}],"author":[{"embeddable":true,"href":"https:\/\/barcelona.euses.cat\/ca\/wp-json\/wp\/v2\/users\/3"}],"replies":[{"embeddable":true,"href":"https:\/\/barcelona.euses.cat\/ca\/wp-json\/wp\/v2\/comments?post=10717"}],"version-history":[{"count":1,"href":"https:\/\/barcelona.euses.cat\/ca\/wp-json\/wp\/v2\/posts\/10717\/revisions"}],"predecessor-version":[{"id":10722,"href":"https:\/\/barcelona.euses.cat\/ca\/wp-json\/wp\/v2\/posts\/10717\/revisions\/10722"}],"wp:featuredmedia":[{"embeddable":true,"href":"https:\/\/barcelona.euses.cat\/ca\/wp-json\/wp\/v2\/media\/10718"}],"wp:attachment":[{"href":"https:\/\/barcelona.euses.cat\/ca\/wp-json\/wp\/v2\/media?parent=10717"}],"wp:term":[{"taxonomy":"category","embeddable":true,"href":"https:\/\/barcelona.euses.cat\/ca\/wp-json\/wp\/v2\/categories?post=10717"},{"taxonomy":"post_tag","embeddable":true,"href":"https:\/\/barcelona.euses.cat\/ca\/wp-json\/wp\/v2\/tags?post=10717"}],"curies":[{"name":"wp","href":"https:\/\/api.w.org\/{rel}","templated":true}]}}