{"id":10709,"date":"2022-04-19T23:57:18","date_gmt":"2022-04-19T21:57:18","guid":{"rendered":"https:\/\/barcelona.euses.cat\/?p=10709"},"modified":"2022-04-19T23:57:18","modified_gmt":"2022-04-19T21:57:18","slug":"leuses-torna-a-ser-present-en-ledicio-del-2022-del-mic-de-futbol-amb-implicacio-dels-seus-tres-campus","status":"publish","type":"post","link":"https:\/\/barcelona.euses.cat\/ca\/leuses-torna-a-ser-present-en-ledicio-del-2022-del-mic-de-futbol-amb-implicacio-dels-seus-tres-campus\/","title":{"rendered":"L\u2019EUSES torna a ser present en l\u2019edici\u00f3 del 2022 del MIC de futbol amb implicaci\u00f3 dels seus tres Campus"},"content":{"rendered":"<p>Despr\u00e9s de dues edicions sense poder-se celebrar a causa de la pand\u00e8mia, el torneig <a href=\"https:\/\/micfootball.com\/ca\/home-catala\/#\" target=\"_blank\" rel=\"noopener noreferrer\">MIC<\/a> (Mediterranean International Cup) de futbol ha tornat a celebrar-se amb unes xifres impactants (6.000 participants de 24 pa\u00efsos repartits en 300 equips de diferents categories). El torneig, que s\u2019ha celebrat entre el 13 i el 18 d\u2019abril, s\u2019ha disputat en 33 seus diferents que han acollit 720 partits. Les finals es van disputar el cap de setmana a Figueres i Palam\u00f3s. L\u2019Escola Universit\u00e0ria de la Salut i l\u2019Esport hi ha posat un any m\u00e9s el seu gra de sorra amb la implicaci\u00f3 de diferents alumnes del Grau en Fisioter\u00e0pia (s\u2019han encarregat, en diferents camps de la demarcaci\u00f3, de fer valoracions de lesions, actuacions fisioterap\u00e8utiques, massatges, estiraments&#8230;) i tamb\u00e9 del Grau en CAFE que han col\u00b7laborat en aspectes m\u00e9s l\u00f2g\u00edstics vinculats amb l\u2019organitzaci\u00f3. La involucraci\u00f3 de l\u2019EUSES ha abra\u00e7at els tres campus (estudiants de Salt, Bellvitge i Terres de l\u2019Ebre), amb participaci\u00f3 de diversos tutors encap\u00e7alats per Alejandro Revilla, en el cas dels fisioterapeutes. Els alumnes, tant de Fisioter\u00e0pia com de CAFE, mobilitzats dels diferents campus han estat: Florian Martin, Aina Carreres, Enric Termes, David Vi\u00f1as, Issa Zaharan, Julian Seguier, Aitor Sales, Miquel Gasulla, Cristian Adell, Marc Rivas, Llu\u00eds Mart\u00ed, Arnau Mart\u00ed i Aleix Franch.<\/p>\n","protected":false},"excerpt":{"rendered":"<p>Despr\u00e9s de dues edicions sense poder-se celebrar a causa de la pand\u00e8mia, el torneig MIC (Mediterranean International Cup) de futbol ha tornat a celebrar-se amb unes xifres impactants (6.000 participants de 24 pa\u00efsos repartits en 300 equips de diferents categories). El torneig, que s\u2019ha celebrat entre el 13 i el 18 d\u2019abril, s\u2019ha disputat en [&hellip;]<\/p>\n","protected":false},"author":3,"featured_media":10710,"comment_status":"open","ping_status":"closed","sticky":false,"template":"","format":"standard","meta":{"_acf_changed":false,"inline_featured_image":false,"_joinchat":[],"footnotes":""},"categories":[46],"tags":[],"class_list":["post-10709","post","type-post","status-publish","format-standard","has-post-thumbnail","hentry","category-sense-categoria"],"acf":[],"yoast_head":"<!-- This site is optimized with the Yoast SEO plugin v27.4 - https:\/\/yoast.com\/product\/yoast-seo-wordpress\/ -->\n<title>L\u2019EUSES torna a ser present en l\u2019edici\u00f3 del 2022 del MIC de futbol amb implicaci\u00f3 dels seus tres Campus | EUSES- Campus de Bellvitge (Barcelona)<\/title>\n<meta name=\"robots\" content=\"index, follow, max-snippet:-1, max-image-preview:large, max-video-preview:-1\" \/>\n<link rel=\"canonical\" href=\"https:\/\/barcelona.euses.cat\/ca\/leuses-torna-a-ser-present-en-ledicio-del-2022-del-mic-de-futbol-amb-implicacio-dels-seus-tres-campus\/\" \/>\n<meta property=\"og:locale\" content=\"ca_ES\" \/>\n<meta property=\"og:type\" content=\"article\" \/>\n<meta property=\"og:title\" content=\"L\u2019EUSES torna a ser present en l\u2019edici\u00f3 del 2022 del MIC de futbol amb implicaci\u00f3 dels seus tres Campus | EUSES- Campus de Bellvitge (Barcelona)\" \/>\n<meta property=\"og:description\" content=\"Despr\u00e9s de dues edicions sense poder-se celebrar a causa de la pand\u00e8mia, el torneig MIC (Mediterranean International Cup) de futbol ha tornat a celebrar-se amb unes xifres impactants (6.000 participants de 24 pa\u00efsos repartits en 300 equips de diferents categories). El torneig, que s\u2019ha celebrat entre el 13 i el 18 d\u2019abril, s\u2019ha disputat en [&hellip;]\" \/>\n<meta property=\"og:url\" content=\"https:\/\/barcelona.euses.cat\/ca\/leuses-torna-a-ser-present-en-ledicio-del-2022-del-mic-de-futbol-amb-implicacio-dels-seus-tres-campus\/\" \/>\n<meta property=\"og:site_name\" content=\"EUSES- Campus de Bellvitge (Barcelona)\" \/>\n<meta property=\"article:publisher\" content=\"https:\/\/www.facebook.com\/PhysioBCN\/\" \/>\n<meta property=\"article:published_time\" content=\"2022-04-19T21:57:18+00:00\" \/>\n<meta property=\"og:image\" content=\"https:\/\/barcelona.euses.cat\/wp-content\/uploads\/2022\/04\/mic.jpg\" \/>\n\t<meta property=\"og:image:width\" content=\"1600\" \/>\n\t<meta property=\"og:image:height\" content=\"1200\" \/>\n\t<meta property=\"og:image:type\" content=\"image\/jpeg\" \/>\n<meta name=\"author\" content=\"Jordi Danes\" \/>\n<meta name=\"twitter:card\" content=\"summary_large_image\" \/>\n<meta name=\"twitter:label1\" content=\"Escrit per\" \/>\n\t<meta name=\"twitter:data1\" content=\"Jordi Danes\" \/>\n\t<meta name=\"twitter:label2\" content=\"Temps estimat de lectura\" \/>\n\t<meta name=\"twitter:data2\" content=\"1 minut\" \/>\n<script type=\"application\/ld+json\" class=\"yoast-schema-graph\">{\"@context\":\"https:\\\/\\\/schema.org\",\"@graph\":[{\"@type\":\"Article\",\"@id\":\"https:\\\/\\\/barcelona.euses.cat\\\/ca\\\/leuses-torna-a-ser-present-en-ledicio-del-2022-del-mic-de-futbol-amb-implicacio-dels-seus-tres-campus\\\/#article\",\"isPartOf\":{\"@id\":\"https:\\\/\\\/barcelona.euses.cat\\\/ca\\\/leuses-torna-a-ser-present-en-ledicio-del-2022-del-mic-de-futbol-amb-implicacio-dels-seus-tres-campus\\\/\"},\"author\":{\"name\":\"Jordi Danes\",\"@id\":\"https:\\\/\\\/barcelona.euses.cat\\\/ca\\\/#\\\/schema\\\/person\\\/8ab46080dfc4814fa59383db317735bd\"},\"headline\":\"L\u2019EUSES torna a ser present en l\u2019edici\u00f3 del 2022 del MIC de futbol amb implicaci\u00f3 dels seus tres Campus\",\"datePublished\":\"2022-04-19T21:57:18+00:00\",\"mainEntityOfPage\":{\"@id\":\"https:\\\/\\\/barcelona.euses.cat\\\/ca\\\/leuses-torna-a-ser-present-en-ledicio-del-2022-del-mic-de-futbol-amb-implicacio-dels-seus-tres-campus\\\/\"},\"wordCount\":248,\"commentCount\":0,\"image\":{\"@id\":\"https:\\\/\\\/barcelona.euses.cat\\\/ca\\\/leuses-torna-a-ser-present-en-ledicio-del-2022-del-mic-de-futbol-amb-implicacio-dels-seus-tres-campus\\\/#primaryimage\"},\"thumbnailUrl\":\"https:\\\/\\\/barcelona.euses.cat\\\/wp-content\\\/uploads\\\/2022\\\/04\\\/mic.jpg\",\"articleSection\":[\"sense categoria\"],\"inLanguage\":\"ca\"},{\"@type\":\"WebPage\",\"@id\":\"https:\\\/\\\/barcelona.euses.cat\\\/ca\\\/leuses-torna-a-ser-present-en-ledicio-del-2022-del-mic-de-futbol-amb-implicacio-dels-seus-tres-campus\\\/\",\"url\":\"https:\\\/\\\/barcelona.euses.cat\\\/ca\\\/leuses-torna-a-ser-present-en-ledicio-del-2022-del-mic-de-futbol-amb-implicacio-dels-seus-tres-campus\\\/\",\"name\":\"L\u2019EUSES torna a ser present en l\u2019edici\u00f3 del 2022 del MIC de futbol amb implicaci\u00f3 dels seus tres Campus | EUSES- Campus de Bellvitge (Barcelona)\",\"isPartOf\":{\"@id\":\"https:\\\/\\\/barcelona.euses.cat\\\/ca\\\/#website\"},\"primaryImageOfPage\":{\"@id\":\"https:\\\/\\\/barcelona.euses.cat\\\/ca\\\/leuses-torna-a-ser-present-en-ledicio-del-2022-del-mic-de-futbol-amb-implicacio-dels-seus-tres-campus\\\/#primaryimage\"},\"image\":{\"@id\":\"https:\\\/\\\/barcelona.euses.cat\\\/ca\\\/leuses-torna-a-ser-present-en-ledicio-del-2022-del-mic-de-futbol-amb-implicacio-dels-seus-tres-campus\\\/#primaryimage\"},\"thumbnailUrl\":\"https:\\\/\\\/barcelona.euses.cat\\\/wp-content\\\/uploads\\\/2022\\\/04\\\/mic.jpg\",\"datePublished\":\"2022-04-19T21:57:18+00:00\",\"author\":{\"@id\":\"https:\\\/\\\/barcelona.euses.cat\\\/ca\\\/#\\\/schema\\\/person\\\/8ab46080dfc4814fa59383db317735bd\"},\"breadcrumb\":{\"@id\":\"https:\\\/\\\/barcelona.euses.cat\\\/ca\\\/leuses-torna-a-ser-present-en-ledicio-del-2022-del-mic-de-futbol-amb-implicacio-dels-seus-tres-campus\\\/#breadcrumb\"},\"inLanguage\":\"ca\",\"potentialAction\":[{\"@type\":\"ReadAction\",\"target\":[\"https:\\\/\\\/barcelona.euses.cat\\\/ca\\\/leuses-torna-a-ser-present-en-ledicio-del-2022-del-mic-de-futbol-amb-implicacio-dels-seus-tres-campus\\\/\"]}]},{\"@type\":\"ImageObject\",\"inLanguage\":\"ca\",\"@id\":\"https:\\\/\\\/barcelona.euses.cat\\\/ca\\\/leuses-torna-a-ser-present-en-ledicio-del-2022-del-mic-de-futbol-amb-implicacio-dels-seus-tres-campus\\\/#primaryimage\",\"url\":\"https:\\\/\\\/barcelona.euses.cat\\\/wp-content\\\/uploads\\\/2022\\\/04\\\/mic.jpg\",\"contentUrl\":\"https:\\\/\\\/barcelona.euses.cat\\\/wp-content\\\/uploads\\\/2022\\\/04\\\/mic.jpg\",\"width\":1600,\"height\":1200},{\"@type\":\"BreadcrumbList\",\"@id\":\"https:\\\/\\\/barcelona.euses.cat\\\/ca\\\/leuses-torna-a-ser-present-en-ledicio-del-2022-del-mic-de-futbol-amb-implicacio-dels-seus-tres-campus\\\/#breadcrumb\",\"itemListElement\":[{\"@type\":\"ListItem\",\"position\":1,\"name\":\"Portada\",\"item\":\"https:\\\/\\\/barcelona.euses.cat\\\/ca\\\/\"},{\"@type\":\"ListItem\",\"position\":2,\"name\":\"L\u2019EUSES torna a ser present en l\u2019edici\u00f3 del 2022 del MIC de futbol amb implicaci\u00f3 dels seus tres Campus\"}]},{\"@type\":\"WebSite\",\"@id\":\"https:\\\/\\\/barcelona.euses.cat\\\/ca\\\/#website\",\"url\":\"https:\\\/\\\/barcelona.euses.cat\\\/ca\\\/\",\"name\":\"EUSES - Campus de Bellvitge (Barcelona)\",\"description\":\"EUSES, Escola Universit\u00e0ria de Fisioter\u00e0pia Internacional a Barcelona\",\"potentialAction\":[{\"@type\":\"SearchAction\",\"target\":{\"@type\":\"EntryPoint\",\"urlTemplate\":\"https:\\\/\\\/barcelona.euses.cat\\\/ca\\\/?s={search_term_string}\"},\"query-input\":{\"@type\":\"PropertyValueSpecification\",\"valueRequired\":true,\"valueName\":\"search_term_string\"}}],\"inLanguage\":\"ca\"},{\"@type\":\"Person\",\"@id\":\"https:\\\/\\\/barcelona.euses.cat\\\/ca\\\/#\\\/schema\\\/person\\\/8ab46080dfc4814fa59383db317735bd\",\"name\":\"Jordi Danes\",\"image\":{\"@type\":\"ImageObject\",\"inLanguage\":\"ca\",\"@id\":\"https:\\\/\\\/secure.gravatar.com\\\/avatar\\\/a9e4f443b594af225625ee8cfa665e41b1e0740ea34fbe0515b4ca559f8570ef?s=96&d=mm&r=g\",\"url\":\"https:\\\/\\\/secure.gravatar.com\\\/avatar\\\/a9e4f443b594af225625ee8cfa665e41b1e0740ea34fbe0515b4ca559f8570ef?s=96&d=mm&r=g\",\"contentUrl\":\"https:\\\/\\\/secure.gravatar.com\\\/avatar\\\/a9e4f443b594af225625ee8cfa665e41b1e0740ea34fbe0515b4ca559f8570ef?s=96&d=mm&r=g\",\"caption\":\"Jordi Danes\"},\"url\":\"https:\\\/\\\/barcelona.euses.cat\\\/ca\\\/author\\\/jordi-danes\\\/\"}]}<\/script>\n<!-- \/ Yoast SEO plugin. -->","yoast_head_json":{"title":"L\u2019EUSES torna a ser present en l\u2019edici\u00f3 del 2022 del MIC de futbol amb implicaci\u00f3 dels seus tres Campus | EUSES- Campus de Bellvitge (Barcelona)","robots":{"index":"index","follow":"follow","max-snippet":"max-snippet:-1","max-image-preview":"max-image-preview:large","max-video-preview":"max-video-preview:-1"},"canonical":"https:\/\/barcelona.euses.cat\/ca\/leuses-torna-a-ser-present-en-ledicio-del-2022-del-mic-de-futbol-amb-implicacio-dels-seus-tres-campus\/","og_locale":"ca_ES","og_type":"article","og_title":"L\u2019EUSES torna a ser present en l\u2019edici\u00f3 del 2022 del MIC de futbol amb implicaci\u00f3 dels seus tres Campus | EUSES- Campus de Bellvitge (Barcelona)","og_description":"Despr\u00e9s de dues edicions sense poder-se celebrar a causa de la pand\u00e8mia, el torneig MIC (Mediterranean International Cup) de futbol ha tornat a celebrar-se amb unes xifres impactants (6.000 participants de 24 pa\u00efsos repartits en 300 equips de diferents categories). El torneig, que s\u2019ha celebrat entre el 13 i el 18 d\u2019abril, s\u2019ha disputat en [&hellip;]","og_url":"https:\/\/barcelona.euses.cat\/ca\/leuses-torna-a-ser-present-en-ledicio-del-2022-del-mic-de-futbol-amb-implicacio-dels-seus-tres-campus\/","og_site_name":"EUSES- Campus de Bellvitge (Barcelona)","article_publisher":"https:\/\/www.facebook.com\/PhysioBCN\/","article_published_time":"2022-04-19T21:57:18+00:00","og_image":[{"width":1600,"height":1200,"url":"https:\/\/barcelona.euses.cat\/wp-content\/uploads\/2022\/04\/mic.jpg","type":"image\/jpeg"}],"author":"Jordi Danes","twitter_card":"summary_large_image","twitter_misc":{"Escrit per":"Jordi Danes","Temps estimat de lectura":"1 minut"},"schema":{"@context":"https:\/\/schema.org","@graph":[{"@type":"Article","@id":"https:\/\/barcelona.euses.cat\/ca\/leuses-torna-a-ser-present-en-ledicio-del-2022-del-mic-de-futbol-amb-implicacio-dels-seus-tres-campus\/#article","isPartOf":{"@id":"https:\/\/barcelona.euses.cat\/ca\/leuses-torna-a-ser-present-en-ledicio-del-2022-del-mic-de-futbol-amb-implicacio-dels-seus-tres-campus\/"},"author":{"name":"Jordi Danes","@id":"https:\/\/barcelona.euses.cat\/ca\/#\/schema\/person\/8ab46080dfc4814fa59383db317735bd"},"headline":"L\u2019EUSES torna a ser present en l\u2019edici\u00f3 del 2022 del MIC de futbol amb implicaci\u00f3 dels seus tres Campus","datePublished":"2022-04-19T21:57:18+00:00","mainEntityOfPage":{"@id":"https:\/\/barcelona.euses.cat\/ca\/leuses-torna-a-ser-present-en-ledicio-del-2022-del-mic-de-futbol-amb-implicacio-dels-seus-tres-campus\/"},"wordCount":248,"commentCount":0,"image":{"@id":"https:\/\/barcelona.euses.cat\/ca\/leuses-torna-a-ser-present-en-ledicio-del-2022-del-mic-de-futbol-amb-implicacio-dels-seus-tres-campus\/#primaryimage"},"thumbnailUrl":"https:\/\/barcelona.euses.cat\/wp-content\/uploads\/2022\/04\/mic.jpg","articleSection":["sense categoria"],"inLanguage":"ca"},{"@type":"WebPage","@id":"https:\/\/barcelona.euses.cat\/ca\/leuses-torna-a-ser-present-en-ledicio-del-2022-del-mic-de-futbol-amb-implicacio-dels-seus-tres-campus\/","url":"https:\/\/barcelona.euses.cat\/ca\/leuses-torna-a-ser-present-en-ledicio-del-2022-del-mic-de-futbol-amb-implicacio-dels-seus-tres-campus\/","name":"L\u2019EUSES torna a ser present en l\u2019edici\u00f3 del 2022 del MIC de futbol amb implicaci\u00f3 dels seus tres Campus | EUSES- Campus de Bellvitge (Barcelona)","isPartOf":{"@id":"https:\/\/barcelona.euses.cat\/ca\/#website"},"primaryImageOfPage":{"@id":"https:\/\/barcelona.euses.cat\/ca\/leuses-torna-a-ser-present-en-ledicio-del-2022-del-mic-de-futbol-amb-implicacio-dels-seus-tres-campus\/#primaryimage"},"image":{"@id":"https:\/\/barcelona.euses.cat\/ca\/leuses-torna-a-ser-present-en-ledicio-del-2022-del-mic-de-futbol-amb-implicacio-dels-seus-tres-campus\/#primaryimage"},"thumbnailUrl":"https:\/\/barcelona.euses.cat\/wp-content\/uploads\/2022\/04\/mic.jpg","datePublished":"2022-04-19T21:57:18+00:00","author":{"@id":"https:\/\/barcelona.euses.cat\/ca\/#\/schema\/person\/8ab46080dfc4814fa59383db317735bd"},"breadcrumb":{"@id":"https:\/\/barcelona.euses.cat\/ca\/leuses-torna-a-ser-present-en-ledicio-del-2022-del-mic-de-futbol-amb-implicacio-dels-seus-tres-campus\/#breadcrumb"},"inLanguage":"ca","potentialAction":[{"@type":"ReadAction","target":["https:\/\/barcelona.euses.cat\/ca\/leuses-torna-a-ser-present-en-ledicio-del-2022-del-mic-de-futbol-amb-implicacio-dels-seus-tres-campus\/"]}]},{"@type":"ImageObject","inLanguage":"ca","@id":"https:\/\/barcelona.euses.cat\/ca\/leuses-torna-a-ser-present-en-ledicio-del-2022-del-mic-de-futbol-amb-implicacio-dels-seus-tres-campus\/#primaryimage","url":"https:\/\/barcelona.euses.cat\/wp-content\/uploads\/2022\/04\/mic.jpg","contentUrl":"https:\/\/barcelona.euses.cat\/wp-content\/uploads\/2022\/04\/mic.jpg","width":1600,"height":1200},{"@type":"BreadcrumbList","@id":"https:\/\/barcelona.euses.cat\/ca\/leuses-torna-a-ser-present-en-ledicio-del-2022-del-mic-de-futbol-amb-implicacio-dels-seus-tres-campus\/#breadcrumb","itemListElement":[{"@type":"ListItem","position":1,"name":"Portada","item":"https:\/\/barcelona.euses.cat\/ca\/"},{"@type":"ListItem","position":2,"name":"L\u2019EUSES torna a ser present en l\u2019edici\u00f3 del 2022 del MIC de futbol amb implicaci\u00f3 dels seus tres Campus"}]},{"@type":"WebSite","@id":"https:\/\/barcelona.euses.cat\/ca\/#website","url":"https:\/\/barcelona.euses.cat\/ca\/","name":"EUSES - Campus de Bellvitge (Barcelona)","description":"EUSES, Escola Universit\u00e0ria de Fisioter\u00e0pia Internacional a Barcelona","potentialAction":[{"@type":"SearchAction","target":{"@type":"EntryPoint","urlTemplate":"https:\/\/barcelona.euses.cat\/ca\/?s={search_term_string}"},"query-input":{"@type":"PropertyValueSpecification","valueRequired":true,"valueName":"search_term_string"}}],"inLanguage":"ca"},{"@type":"Person","@id":"https:\/\/barcelona.euses.cat\/ca\/#\/schema\/person\/8ab46080dfc4814fa59383db317735bd","name":"Jordi Danes","image":{"@type":"ImageObject","inLanguage":"ca","@id":"https:\/\/secure.gravatar.com\/avatar\/a9e4f443b594af225625ee8cfa665e41b1e0740ea34fbe0515b4ca559f8570ef?s=96&d=mm&r=g","url":"https:\/\/secure.gravatar.com\/avatar\/a9e4f443b594af225625ee8cfa665e41b1e0740ea34fbe0515b4ca559f8570ef?s=96&d=mm&r=g","contentUrl":"https:\/\/secure.gravatar.com\/avatar\/a9e4f443b594af225625ee8cfa665e41b1e0740ea34fbe0515b4ca559f8570ef?s=96&d=mm&r=g","caption":"Jordi Danes"},"url":"https:\/\/barcelona.euses.cat\/ca\/author\/jordi-danes\/"}]}},"_links":{"self":[{"href":"https:\/\/barcelona.euses.cat\/ca\/wp-json\/wp\/v2\/posts\/10709","targetHints":{"allow":["GET"]}}],"collection":[{"href":"https:\/\/barcelona.euses.cat\/ca\/wp-json\/wp\/v2\/posts"}],"about":[{"href":"https:\/\/barcelona.euses.cat\/ca\/wp-json\/wp\/v2\/types\/post"}],"author":[{"embeddable":true,"href":"https:\/\/barcelona.euses.cat\/ca\/wp-json\/wp\/v2\/users\/3"}],"replies":[{"embeddable":true,"href":"https:\/\/barcelona.euses.cat\/ca\/wp-json\/wp\/v2\/comments?post=10709"}],"version-history":[{"count":1,"href":"https:\/\/barcelona.euses.cat\/ca\/wp-json\/wp\/v2\/posts\/10709\/revisions"}],"predecessor-version":[{"id":10714,"href":"https:\/\/barcelona.euses.cat\/ca\/wp-json\/wp\/v2\/posts\/10709\/revisions\/10714"}],"wp:featuredmedia":[{"embeddable":true,"href":"https:\/\/barcelona.euses.cat\/ca\/wp-json\/wp\/v2\/media\/10710"}],"wp:attachment":[{"href":"https:\/\/barcelona.euses.cat\/ca\/wp-json\/wp\/v2\/media?parent=10709"}],"wp:term":[{"taxonomy":"category","embeddable":true,"href":"https:\/\/barcelona.euses.cat\/ca\/wp-json\/wp\/v2\/categories?post=10709"},{"taxonomy":"post_tag","embeddable":true,"href":"https:\/\/barcelona.euses.cat\/ca\/wp-json\/wp\/v2\/tags?post=10709"}],"curies":[{"name":"wp","href":"https:\/\/api.w.org\/{rel}","templated":true}]}}