{"id":10699,"date":"2022-04-01T14:10:44","date_gmt":"2022-04-01T12:10:44","guid":{"rendered":"https:\/\/barcelona.euses.cat\/?p=10699"},"modified":"2022-04-01T14:10:44","modified_gmt":"2022-04-01T12:10:44","slug":"obertes-les-inscripcions-del-ii-euses-talent-day-del-25-i-26-dabril-que-arriba-mes-atapeida-que-mai-dofertes-laborals-i-eines-dorientacio-professional","status":"publish","type":"post","link":"https:\/\/barcelona.euses.cat\/ca\/obertes-les-inscripcions-del-ii-euses-talent-day-del-25-i-26-dabril-que-arriba-mes-atapeida-que-mai-dofertes-laborals-i-eines-dorientacio-professional\/","title":{"rendered":"Obertes les inscripcions del II EUSES Talent Day del 25 i 26 d\u2019abril, que arriba m\u00e9s atape\u00efda que mai d\u2019ofertes laborals i eines d\u2019orientaci\u00f3 professional"},"content":{"rendered":"<div>La 2a edici\u00f3 del Talent Day doblar\u00e0 les prestacions en relaci\u00f3 a l\u2019edici\u00f3 del seu debut i se celebrar\u00e0 durant dos dies, el dilluns 25 i el dimarts 26 d\u2019abril. Organitzada i dissenyada per l\u2019equip de l\u2019EUSES Alumni, la Fira Virtual de l\u2019Ocupaci\u00f3 i Orientaci\u00f3 professional de l\u2019Escola Universit\u00e0ria de la Salut i l\u2019Esport t\u00e9 com a objectiu posar a l\u2019abast totes les eines necess\u00e0ries per als estudiants de 4t curs de l\u2019EUSES aix\u00ed com per als graduats i graduades que ja estan associats a Alumni (i que ja superen el miler) perqu\u00e8 puguin accedir al mercat laboral o perqu\u00e8 puguin trobar una sortida professional que encaixi plenament amb les seves expectatives.<\/div>\n<div>\n<p>Avui divendres, dia 1 d\u2019abril, s\u2019han obert les inscripcions per al Talent Day (el servei es totalment gratu\u00eft), que es mantindran obertes fins i tot durant la celebraci\u00f3 de l&#8217;esdeveniment perqu\u00e8 en qualsevol moment els interessats s\u2019hi puguin connectar. La Fira es fa en format virtual per obrir-la als estudiants de quart curs dels tres campus (Salt, Bellvitge i Terres de l\u2019Ebre) i als membres de la comunitat Alumni, tot i que la resta d\u2019alumnes, de 1r a 3r curs, tamb\u00e9 hi poden assistir.<\/p>\n<p>Al Talent Day, els estudiants podran accedir a una quarantena d\u2019estands d\u2019empreses (algunes de fora del pa\u00eds) que ja han confirmat la seva pres\u00e8ncia i que penjaran diferents ofertes laborals a les quals els estudiants no nom\u00e9s hi podran accedir per veure\u2019n les caracter\u00edstiques, sin\u00f3 que hi haur\u00e0 la possibilitat de plantejar dubtes, enviar el curr\u00edculum, xatejar amb els responsables d&#8217;aquestes empreses i fins i tot realitzar una entrevista de treball per videoconfer\u00e8ncia. Tamb\u00e9 s&#8217;han implicat (no tenen stand, per\u00f2 fan una presentaci\u00f3 en la part de confer\u00e8ncies i taules rodones) els col\u00b7legis oficials (el COPLEFC i Fisioterapeutes) dels graus que s\u2019imparteixen a l\u2019EUSES. A l\u2019estand de l\u2019EUSES Alumni hi haur\u00e0 penjades la resta d\u2019ofertes d\u2019aquelles empreses que no poden ser presents en el Talent Day.<\/p>\n<p>A banda de les ofertes de treball, el Talent Day oferir\u00e0 la possibilitat d\u2019accedir a confer\u00e8ncies i taules rodones\u00a0(amb ponents a Alumni, cosa que permet que expliquin la seva experi\u00e8ncia professional) a on es parlar\u00e0 de les\u00a0diferents opcions professionals\u00a0que poden tenir els graduats en fisioter\u00e0pia i en CAFE. L\u2019organitzaci\u00f3 ha buscat tamb\u00e9 temes de rigorosa actualitat vinculats amb els estudis que es fan a l\u2019EUSES. Hi ha programades 13 xerrades i hi intervindran 27 ponents.<\/p>\n<\/div>\n","protected":false},"excerpt":{"rendered":"<p>La 2a edici\u00f3 del Talent Day doblar\u00e0 les prestacions en relaci\u00f3 a l\u2019edici\u00f3 del seu debut i se celebrar\u00e0 durant dos dies, el dilluns 25 i el dimarts 26 d\u2019abril. Organitzada i dissenyada per l\u2019equip de l\u2019EUSES Alumni, la Fira Virtual de l\u2019Ocupaci\u00f3 i Orientaci\u00f3 professional de l\u2019Escola Universit\u00e0ria de la Salut i l\u2019Esport t\u00e9 [&hellip;]<\/p>\n","protected":false},"author":3,"featured_media":10700,"comment_status":"open","ping_status":"closed","sticky":false,"template":"","format":"standard","meta":{"_acf_changed":false,"inline_featured_image":false,"_joinchat":[],"footnotes":""},"categories":[46],"tags":[],"class_list":["post-10699","post","type-post","status-publish","format-standard","has-post-thumbnail","hentry","category-sense-categoria"],"acf":[],"yoast_head":"<!-- This site is optimized with the Yoast SEO plugin v27.4 - https:\/\/yoast.com\/product\/yoast-seo-wordpress\/ -->\n<title>Obertes les inscripcions del II EUSES Talent Day del 25 i 26 d\u2019abril, que arriba m\u00e9s atape\u00efda que mai d\u2019ofertes laborals i eines d\u2019orientaci\u00f3 professional | EUSES- Campus de Bellvitge (Barcelona)<\/title>\n<meta name=\"robots\" content=\"index, follow, max-snippet:-1, max-image-preview:large, max-video-preview:-1\" \/>\n<link rel=\"canonical\" href=\"https:\/\/barcelona.euses.cat\/ca\/obertes-les-inscripcions-del-ii-euses-talent-day-del-25-i-26-dabril-que-arriba-mes-atapeida-que-mai-dofertes-laborals-i-eines-dorientacio-professional\/\" \/>\n<meta property=\"og:locale\" content=\"ca_ES\" \/>\n<meta property=\"og:type\" content=\"article\" \/>\n<meta property=\"og:title\" content=\"Obertes les inscripcions del II EUSES Talent Day del 25 i 26 d\u2019abril, que arriba m\u00e9s atape\u00efda que mai d\u2019ofertes laborals i eines d\u2019orientaci\u00f3 professional | EUSES- Campus de Bellvitge (Barcelona)\" \/>\n<meta property=\"og:description\" content=\"La 2a edici\u00f3 del Talent Day doblar\u00e0 les prestacions en relaci\u00f3 a l\u2019edici\u00f3 del seu debut i se celebrar\u00e0 durant dos dies, el dilluns 25 i el dimarts 26 d\u2019abril. Organitzada i dissenyada per l\u2019equip de l\u2019EUSES Alumni, la Fira Virtual de l\u2019Ocupaci\u00f3 i Orientaci\u00f3 professional de l\u2019Escola Universit\u00e0ria de la Salut i l\u2019Esport t\u00e9 [&hellip;]\" \/>\n<meta property=\"og:url\" content=\"https:\/\/barcelona.euses.cat\/ca\/obertes-les-inscripcions-del-ii-euses-talent-day-del-25-i-26-dabril-que-arriba-mes-atapeida-que-mai-dofertes-laborals-i-eines-dorientacio-professional\/\" \/>\n<meta property=\"og:site_name\" content=\"EUSES- Campus de Bellvitge (Barcelona)\" \/>\n<meta property=\"article:publisher\" content=\"https:\/\/www.facebook.com\/PhysioBCN\/\" \/>\n<meta property=\"article:published_time\" content=\"2022-04-01T12:10:44+00:00\" \/>\n<meta property=\"og:image\" content=\"https:\/\/barcelona.euses.cat\/wp-content\/uploads\/2022\/04\/Cartell-TALENT-DAY-2022.jpg\" \/>\n\t<meta property=\"og:image:width\" content=\"875\" \/>\n\t<meta property=\"og:image:height\" content=\"1241\" \/>\n\t<meta property=\"og:image:type\" content=\"image\/jpeg\" \/>\n<meta name=\"author\" content=\"Jordi Danes\" \/>\n<meta name=\"twitter:card\" content=\"summary_large_image\" \/>\n<meta name=\"twitter:label1\" content=\"Escrit per\" \/>\n\t<meta name=\"twitter:data1\" content=\"Jordi Danes\" \/>\n\t<meta name=\"twitter:label2\" content=\"Temps estimat de lectura\" \/>\n\t<meta name=\"twitter:data2\" content=\"2 minuts\" \/>\n<script type=\"application\/ld+json\" class=\"yoast-schema-graph\">{\"@context\":\"https:\\\/\\\/schema.org\",\"@graph\":[{\"@type\":\"Article\",\"@id\":\"https:\\\/\\\/barcelona.euses.cat\\\/ca\\\/obertes-les-inscripcions-del-ii-euses-talent-day-del-25-i-26-dabril-que-arriba-mes-atapeida-que-mai-dofertes-laborals-i-eines-dorientacio-professional\\\/#article\",\"isPartOf\":{\"@id\":\"https:\\\/\\\/barcelona.euses.cat\\\/ca\\\/obertes-les-inscripcions-del-ii-euses-talent-day-del-25-i-26-dabril-que-arriba-mes-atapeida-que-mai-dofertes-laborals-i-eines-dorientacio-professional\\\/\"},\"author\":{\"name\":\"Jordi Danes\",\"@id\":\"https:\\\/\\\/barcelona.euses.cat\\\/ca\\\/#\\\/schema\\\/person\\\/8ab46080dfc4814fa59383db317735bd\"},\"headline\":\"Obertes les inscripcions del II EUSES Talent Day del 25 i 26 d\u2019abril, que arriba m\u00e9s atape\u00efda que mai d\u2019ofertes laborals i eines d\u2019orientaci\u00f3 professional\",\"datePublished\":\"2022-04-01T12:10:44+00:00\",\"mainEntityOfPage\":{\"@id\":\"https:\\\/\\\/barcelona.euses.cat\\\/ca\\\/obertes-les-inscripcions-del-ii-euses-talent-day-del-25-i-26-dabril-que-arriba-mes-atapeida-que-mai-dofertes-laborals-i-eines-dorientacio-professional\\\/\"},\"wordCount\":466,\"commentCount\":0,\"image\":{\"@id\":\"https:\\\/\\\/barcelona.euses.cat\\\/ca\\\/obertes-les-inscripcions-del-ii-euses-talent-day-del-25-i-26-dabril-que-arriba-mes-atapeida-que-mai-dofertes-laborals-i-eines-dorientacio-professional\\\/#primaryimage\"},\"thumbnailUrl\":\"https:\\\/\\\/barcelona.euses.cat\\\/wp-content\\\/uploads\\\/2022\\\/04\\\/Cartell-TALENT-DAY-2022.jpg\",\"articleSection\":[\"sense categoria\"],\"inLanguage\":\"ca\"},{\"@type\":\"WebPage\",\"@id\":\"https:\\\/\\\/barcelona.euses.cat\\\/ca\\\/obertes-les-inscripcions-del-ii-euses-talent-day-del-25-i-26-dabril-que-arriba-mes-atapeida-que-mai-dofertes-laborals-i-eines-dorientacio-professional\\\/\",\"url\":\"https:\\\/\\\/barcelona.euses.cat\\\/ca\\\/obertes-les-inscripcions-del-ii-euses-talent-day-del-25-i-26-dabril-que-arriba-mes-atapeida-que-mai-dofertes-laborals-i-eines-dorientacio-professional\\\/\",\"name\":\"Obertes les inscripcions del II EUSES Talent Day del 25 i 26 d\u2019abril, que arriba m\u00e9s atape\u00efda que mai d\u2019ofertes laborals i eines d\u2019orientaci\u00f3 professional | EUSES- Campus de Bellvitge (Barcelona)\",\"isPartOf\":{\"@id\":\"https:\\\/\\\/barcelona.euses.cat\\\/ca\\\/#website\"},\"primaryImageOfPage\":{\"@id\":\"https:\\\/\\\/barcelona.euses.cat\\\/ca\\\/obertes-les-inscripcions-del-ii-euses-talent-day-del-25-i-26-dabril-que-arriba-mes-atapeida-que-mai-dofertes-laborals-i-eines-dorientacio-professional\\\/#primaryimage\"},\"image\":{\"@id\":\"https:\\\/\\\/barcelona.euses.cat\\\/ca\\\/obertes-les-inscripcions-del-ii-euses-talent-day-del-25-i-26-dabril-que-arriba-mes-atapeida-que-mai-dofertes-laborals-i-eines-dorientacio-professional\\\/#primaryimage\"},\"thumbnailUrl\":\"https:\\\/\\\/barcelona.euses.cat\\\/wp-content\\\/uploads\\\/2022\\\/04\\\/Cartell-TALENT-DAY-2022.jpg\",\"datePublished\":\"2022-04-01T12:10:44+00:00\",\"author\":{\"@id\":\"https:\\\/\\\/barcelona.euses.cat\\\/ca\\\/#\\\/schema\\\/person\\\/8ab46080dfc4814fa59383db317735bd\"},\"breadcrumb\":{\"@id\":\"https:\\\/\\\/barcelona.euses.cat\\\/ca\\\/obertes-les-inscripcions-del-ii-euses-talent-day-del-25-i-26-dabril-que-arriba-mes-atapeida-que-mai-dofertes-laborals-i-eines-dorientacio-professional\\\/#breadcrumb\"},\"inLanguage\":\"ca\",\"potentialAction\":[{\"@type\":\"ReadAction\",\"target\":[\"https:\\\/\\\/barcelona.euses.cat\\\/ca\\\/obertes-les-inscripcions-del-ii-euses-talent-day-del-25-i-26-dabril-que-arriba-mes-atapeida-que-mai-dofertes-laborals-i-eines-dorientacio-professional\\\/\"]}]},{\"@type\":\"ImageObject\",\"inLanguage\":\"ca\",\"@id\":\"https:\\\/\\\/barcelona.euses.cat\\\/ca\\\/obertes-les-inscripcions-del-ii-euses-talent-day-del-25-i-26-dabril-que-arriba-mes-atapeida-que-mai-dofertes-laborals-i-eines-dorientacio-professional\\\/#primaryimage\",\"url\":\"https:\\\/\\\/barcelona.euses.cat\\\/wp-content\\\/uploads\\\/2022\\\/04\\\/Cartell-TALENT-DAY-2022.jpg\",\"contentUrl\":\"https:\\\/\\\/barcelona.euses.cat\\\/wp-content\\\/uploads\\\/2022\\\/04\\\/Cartell-TALENT-DAY-2022.jpg\",\"width\":875,\"height\":1241},{\"@type\":\"BreadcrumbList\",\"@id\":\"https:\\\/\\\/barcelona.euses.cat\\\/ca\\\/obertes-les-inscripcions-del-ii-euses-talent-day-del-25-i-26-dabril-que-arriba-mes-atapeida-que-mai-dofertes-laborals-i-eines-dorientacio-professional\\\/#breadcrumb\",\"itemListElement\":[{\"@type\":\"ListItem\",\"position\":1,\"name\":\"Portada\",\"item\":\"https:\\\/\\\/barcelona.euses.cat\\\/ca\\\/\"},{\"@type\":\"ListItem\",\"position\":2,\"name\":\"Obertes les inscripcions del II EUSES Talent Day del 25 i 26 d\u2019abril, que arriba m\u00e9s atape\u00efda que mai d\u2019ofertes laborals i eines d\u2019orientaci\u00f3 professional\"}]},{\"@type\":\"WebSite\",\"@id\":\"https:\\\/\\\/barcelona.euses.cat\\\/ca\\\/#website\",\"url\":\"https:\\\/\\\/barcelona.euses.cat\\\/ca\\\/\",\"name\":\"EUSES - Campus de Bellvitge (Barcelona)\",\"description\":\"EUSES, Escola Universit\u00e0ria de Fisioter\u00e0pia Internacional a Barcelona\",\"potentialAction\":[{\"@type\":\"SearchAction\",\"target\":{\"@type\":\"EntryPoint\",\"urlTemplate\":\"https:\\\/\\\/barcelona.euses.cat\\\/ca\\\/?s={search_term_string}\"},\"query-input\":{\"@type\":\"PropertyValueSpecification\",\"valueRequired\":true,\"valueName\":\"search_term_string\"}}],\"inLanguage\":\"ca\"},{\"@type\":\"Person\",\"@id\":\"https:\\\/\\\/barcelona.euses.cat\\\/ca\\\/#\\\/schema\\\/person\\\/8ab46080dfc4814fa59383db317735bd\",\"name\":\"Jordi Danes\",\"image\":{\"@type\":\"ImageObject\",\"inLanguage\":\"ca\",\"@id\":\"https:\\\/\\\/secure.gravatar.com\\\/avatar\\\/a9e4f443b594af225625ee8cfa665e41b1e0740ea34fbe0515b4ca559f8570ef?s=96&d=mm&r=g\",\"url\":\"https:\\\/\\\/secure.gravatar.com\\\/avatar\\\/a9e4f443b594af225625ee8cfa665e41b1e0740ea34fbe0515b4ca559f8570ef?s=96&d=mm&r=g\",\"contentUrl\":\"https:\\\/\\\/secure.gravatar.com\\\/avatar\\\/a9e4f443b594af225625ee8cfa665e41b1e0740ea34fbe0515b4ca559f8570ef?s=96&d=mm&r=g\",\"caption\":\"Jordi Danes\"},\"url\":\"https:\\\/\\\/barcelona.euses.cat\\\/ca\\\/author\\\/jordi-danes\\\/\"}]}<\/script>\n<!-- \/ Yoast SEO plugin. -->","yoast_head_json":{"title":"Obertes les inscripcions del II EUSES Talent Day del 25 i 26 d\u2019abril, que arriba m\u00e9s atape\u00efda que mai d\u2019ofertes laborals i eines d\u2019orientaci\u00f3 professional | EUSES- Campus de Bellvitge (Barcelona)","robots":{"index":"index","follow":"follow","max-snippet":"max-snippet:-1","max-image-preview":"max-image-preview:large","max-video-preview":"max-video-preview:-1"},"canonical":"https:\/\/barcelona.euses.cat\/ca\/obertes-les-inscripcions-del-ii-euses-talent-day-del-25-i-26-dabril-que-arriba-mes-atapeida-que-mai-dofertes-laborals-i-eines-dorientacio-professional\/","og_locale":"ca_ES","og_type":"article","og_title":"Obertes les inscripcions del II EUSES Talent Day del 25 i 26 d\u2019abril, que arriba m\u00e9s atape\u00efda que mai d\u2019ofertes laborals i eines d\u2019orientaci\u00f3 professional | EUSES- Campus de Bellvitge (Barcelona)","og_description":"La 2a edici\u00f3 del Talent Day doblar\u00e0 les prestacions en relaci\u00f3 a l\u2019edici\u00f3 del seu debut i se celebrar\u00e0 durant dos dies, el dilluns 25 i el dimarts 26 d\u2019abril. Organitzada i dissenyada per l\u2019equip de l\u2019EUSES Alumni, la Fira Virtual de l\u2019Ocupaci\u00f3 i Orientaci\u00f3 professional de l\u2019Escola Universit\u00e0ria de la Salut i l\u2019Esport t\u00e9 [&hellip;]","og_url":"https:\/\/barcelona.euses.cat\/ca\/obertes-les-inscripcions-del-ii-euses-talent-day-del-25-i-26-dabril-que-arriba-mes-atapeida-que-mai-dofertes-laborals-i-eines-dorientacio-professional\/","og_site_name":"EUSES- Campus de Bellvitge (Barcelona)","article_publisher":"https:\/\/www.facebook.com\/PhysioBCN\/","article_published_time":"2022-04-01T12:10:44+00:00","og_image":[{"width":875,"height":1241,"url":"https:\/\/barcelona.euses.cat\/wp-content\/uploads\/2022\/04\/Cartell-TALENT-DAY-2022.jpg","type":"image\/jpeg"}],"author":"Jordi Danes","twitter_card":"summary_large_image","twitter_misc":{"Escrit per":"Jordi Danes","Temps estimat de lectura":"2 minuts"},"schema":{"@context":"https:\/\/schema.org","@graph":[{"@type":"Article","@id":"https:\/\/barcelona.euses.cat\/ca\/obertes-les-inscripcions-del-ii-euses-talent-day-del-25-i-26-dabril-que-arriba-mes-atapeida-que-mai-dofertes-laborals-i-eines-dorientacio-professional\/#article","isPartOf":{"@id":"https:\/\/barcelona.euses.cat\/ca\/obertes-les-inscripcions-del-ii-euses-talent-day-del-25-i-26-dabril-que-arriba-mes-atapeida-que-mai-dofertes-laborals-i-eines-dorientacio-professional\/"},"author":{"name":"Jordi Danes","@id":"https:\/\/barcelona.euses.cat\/ca\/#\/schema\/person\/8ab46080dfc4814fa59383db317735bd"},"headline":"Obertes les inscripcions del II EUSES Talent Day del 25 i 26 d\u2019abril, que arriba m\u00e9s atape\u00efda que mai d\u2019ofertes laborals i eines d\u2019orientaci\u00f3 professional","datePublished":"2022-04-01T12:10:44+00:00","mainEntityOfPage":{"@id":"https:\/\/barcelona.euses.cat\/ca\/obertes-les-inscripcions-del-ii-euses-talent-day-del-25-i-26-dabril-que-arriba-mes-atapeida-que-mai-dofertes-laborals-i-eines-dorientacio-professional\/"},"wordCount":466,"commentCount":0,"image":{"@id":"https:\/\/barcelona.euses.cat\/ca\/obertes-les-inscripcions-del-ii-euses-talent-day-del-25-i-26-dabril-que-arriba-mes-atapeida-que-mai-dofertes-laborals-i-eines-dorientacio-professional\/#primaryimage"},"thumbnailUrl":"https:\/\/barcelona.euses.cat\/wp-content\/uploads\/2022\/04\/Cartell-TALENT-DAY-2022.jpg","articleSection":["sense categoria"],"inLanguage":"ca"},{"@type":"WebPage","@id":"https:\/\/barcelona.euses.cat\/ca\/obertes-les-inscripcions-del-ii-euses-talent-day-del-25-i-26-dabril-que-arriba-mes-atapeida-que-mai-dofertes-laborals-i-eines-dorientacio-professional\/","url":"https:\/\/barcelona.euses.cat\/ca\/obertes-les-inscripcions-del-ii-euses-talent-day-del-25-i-26-dabril-que-arriba-mes-atapeida-que-mai-dofertes-laborals-i-eines-dorientacio-professional\/","name":"Obertes les inscripcions del II EUSES Talent Day del 25 i 26 d\u2019abril, que arriba m\u00e9s atape\u00efda que mai d\u2019ofertes laborals i eines d\u2019orientaci\u00f3 professional | EUSES- Campus de Bellvitge (Barcelona)","isPartOf":{"@id":"https:\/\/barcelona.euses.cat\/ca\/#website"},"primaryImageOfPage":{"@id":"https:\/\/barcelona.euses.cat\/ca\/obertes-les-inscripcions-del-ii-euses-talent-day-del-25-i-26-dabril-que-arriba-mes-atapeida-que-mai-dofertes-laborals-i-eines-dorientacio-professional\/#primaryimage"},"image":{"@id":"https:\/\/barcelona.euses.cat\/ca\/obertes-les-inscripcions-del-ii-euses-talent-day-del-25-i-26-dabril-que-arriba-mes-atapeida-que-mai-dofertes-laborals-i-eines-dorientacio-professional\/#primaryimage"},"thumbnailUrl":"https:\/\/barcelona.euses.cat\/wp-content\/uploads\/2022\/04\/Cartell-TALENT-DAY-2022.jpg","datePublished":"2022-04-01T12:10:44+00:00","author":{"@id":"https:\/\/barcelona.euses.cat\/ca\/#\/schema\/person\/8ab46080dfc4814fa59383db317735bd"},"breadcrumb":{"@id":"https:\/\/barcelona.euses.cat\/ca\/obertes-les-inscripcions-del-ii-euses-talent-day-del-25-i-26-dabril-que-arriba-mes-atapeida-que-mai-dofertes-laborals-i-eines-dorientacio-professional\/#breadcrumb"},"inLanguage":"ca","potentialAction":[{"@type":"ReadAction","target":["https:\/\/barcelona.euses.cat\/ca\/obertes-les-inscripcions-del-ii-euses-talent-day-del-25-i-26-dabril-que-arriba-mes-atapeida-que-mai-dofertes-laborals-i-eines-dorientacio-professional\/"]}]},{"@type":"ImageObject","inLanguage":"ca","@id":"https:\/\/barcelona.euses.cat\/ca\/obertes-les-inscripcions-del-ii-euses-talent-day-del-25-i-26-dabril-que-arriba-mes-atapeida-que-mai-dofertes-laborals-i-eines-dorientacio-professional\/#primaryimage","url":"https:\/\/barcelona.euses.cat\/wp-content\/uploads\/2022\/04\/Cartell-TALENT-DAY-2022.jpg","contentUrl":"https:\/\/barcelona.euses.cat\/wp-content\/uploads\/2022\/04\/Cartell-TALENT-DAY-2022.jpg","width":875,"height":1241},{"@type":"BreadcrumbList","@id":"https:\/\/barcelona.euses.cat\/ca\/obertes-les-inscripcions-del-ii-euses-talent-day-del-25-i-26-dabril-que-arriba-mes-atapeida-que-mai-dofertes-laborals-i-eines-dorientacio-professional\/#breadcrumb","itemListElement":[{"@type":"ListItem","position":1,"name":"Portada","item":"https:\/\/barcelona.euses.cat\/ca\/"},{"@type":"ListItem","position":2,"name":"Obertes les inscripcions del II EUSES Talent Day del 25 i 26 d\u2019abril, que arriba m\u00e9s atape\u00efda que mai d\u2019ofertes laborals i eines d\u2019orientaci\u00f3 professional"}]},{"@type":"WebSite","@id":"https:\/\/barcelona.euses.cat\/ca\/#website","url":"https:\/\/barcelona.euses.cat\/ca\/","name":"EUSES - Campus de Bellvitge (Barcelona)","description":"EUSES, Escola Universit\u00e0ria de Fisioter\u00e0pia Internacional a Barcelona","potentialAction":[{"@type":"SearchAction","target":{"@type":"EntryPoint","urlTemplate":"https:\/\/barcelona.euses.cat\/ca\/?s={search_term_string}"},"query-input":{"@type":"PropertyValueSpecification","valueRequired":true,"valueName":"search_term_string"}}],"inLanguage":"ca"},{"@type":"Person","@id":"https:\/\/barcelona.euses.cat\/ca\/#\/schema\/person\/8ab46080dfc4814fa59383db317735bd","name":"Jordi Danes","image":{"@type":"ImageObject","inLanguage":"ca","@id":"https:\/\/secure.gravatar.com\/avatar\/a9e4f443b594af225625ee8cfa665e41b1e0740ea34fbe0515b4ca559f8570ef?s=96&d=mm&r=g","url":"https:\/\/secure.gravatar.com\/avatar\/a9e4f443b594af225625ee8cfa665e41b1e0740ea34fbe0515b4ca559f8570ef?s=96&d=mm&r=g","contentUrl":"https:\/\/secure.gravatar.com\/avatar\/a9e4f443b594af225625ee8cfa665e41b1e0740ea34fbe0515b4ca559f8570ef?s=96&d=mm&r=g","caption":"Jordi Danes"},"url":"https:\/\/barcelona.euses.cat\/ca\/author\/jordi-danes\/"}]}},"_links":{"self":[{"href":"https:\/\/barcelona.euses.cat\/ca\/wp-json\/wp\/v2\/posts\/10699","targetHints":{"allow":["GET"]}}],"collection":[{"href":"https:\/\/barcelona.euses.cat\/ca\/wp-json\/wp\/v2\/posts"}],"about":[{"href":"https:\/\/barcelona.euses.cat\/ca\/wp-json\/wp\/v2\/types\/post"}],"author":[{"embeddable":true,"href":"https:\/\/barcelona.euses.cat\/ca\/wp-json\/wp\/v2\/users\/3"}],"replies":[{"embeddable":true,"href":"https:\/\/barcelona.euses.cat\/ca\/wp-json\/wp\/v2\/comments?post=10699"}],"version-history":[{"count":1,"href":"https:\/\/barcelona.euses.cat\/ca\/wp-json\/wp\/v2\/posts\/10699\/revisions"}],"predecessor-version":[{"id":10704,"href":"https:\/\/barcelona.euses.cat\/ca\/wp-json\/wp\/v2\/posts\/10699\/revisions\/10704"}],"wp:featuredmedia":[{"embeddable":true,"href":"https:\/\/barcelona.euses.cat\/ca\/wp-json\/wp\/v2\/media\/10700"}],"wp:attachment":[{"href":"https:\/\/barcelona.euses.cat\/ca\/wp-json\/wp\/v2\/media?parent=10699"}],"wp:term":[{"taxonomy":"category","embeddable":true,"href":"https:\/\/barcelona.euses.cat\/ca\/wp-json\/wp\/v2\/categories?post=10699"},{"taxonomy":"post_tag","embeddable":true,"href":"https:\/\/barcelona.euses.cat\/ca\/wp-json\/wp\/v2\/tags?post=10699"}],"curies":[{"name":"wp","href":"https:\/\/api.w.org\/{rel}","templated":true}]}}