{"id":10568,"date":"2022-02-21T12:32:06","date_gmt":"2022-02-21T11:32:06","guid":{"rendered":"https:\/\/barcelona.euses.cat\/?p=10568"},"modified":"2022-02-21T12:32:06","modified_gmt":"2022-02-21T11:32:06","slug":"realitzada-la-jornada-de-portes-obertes-presencial-en-el-campus-de-bellvitge-amb-una-bona-afluencia-de-public","status":"publish","type":"post","link":"https:\/\/barcelona.euses.cat\/ca\/realitzada-la-jornada-de-portes-obertes-presencial-en-el-campus-de-bellvitge-amb-una-bona-afluencia-de-public\/","title":{"rendered":"Realitzada la Jornada de Portes Obertes presencial en el Campus de Bellvitge amb una bona aflu\u00e8ncia de p\u00fablic"},"content":{"rendered":"<p>Aquest passat dissabte, les portes del Campus de Bellvitge es van obrir als interessats a realitzar el curs 2022\/23 el Grau en Fisioter\u00e0pia Internacional EUSES UdG-ENTI UB. Una molt bona aflu\u00e8ncia de p\u00fablic es va acostar a aquestes instal\u00b7lacions per con\u00e8ixer de primera m\u00e0 els aspectes m\u00e9s rellevants d\u2019aquest Grau, com el pla d\u2019estudis, les possibles sortides laborals, els convenis que el Grup t\u00e9 signats amb diferents empreses per a les pr\u00e0ctiques i amb altres universitats, aix\u00ed com altres q\u00fcestions d\u2019inter\u00e8s com el proc\u00e9s de matriculaci\u00f3 i altres detalls log\u00edstics. En primer lloc, l&#8217;alumna de Physiotherapy Alice Darlow va dirigir una visita guiada per les instal\u00b7lacions del Campus. Posteriorment, el director del Grau, Dr. Gerard Mu\u00f1oz, va realitzar la presentaci\u00f3 principal i el representant d&#8217;EUSES Albert Deulofeu va aportar informaci\u00f3 addicional sobre les tasques administratives (equival\u00e8ncia del batxillerat i proc\u00e9s de preinscripci\u00f3, aix\u00ed com altres q\u00fcestions d&#8217;inter\u00e8s). Al final de la sessi\u00f3, els participants van disposar d&#8217;un torn per fer preguntes i resoldre dubtes.<\/p>\n\n\t\t<style type=\"text\/css\">\n\t\t\t#gallery-1 {\n\t\t\t\tmargin: auto;\n\t\t\t}\n\t\t\t#gallery-1 .gallery-item {\n\t\t\t\tfloat: left;\n\t\t\t\tmargin-top: 10px;\n\t\t\t\ttext-align: center;\n\t\t\t\twidth: 33%;\n\t\t\t}\n\t\t\t#gallery-1 img {\n\t\t\t\tborder: 2px solid #cfcfcf;\n\t\t\t}\n\t\t\t#gallery-1 .gallery-caption {\n\t\t\t\tmargin-left: 0;\n\t\t\t}\n\t\t\t\/* see gallery_shortcode() in wp-includes\/media.php *\/\n\t\t<\/style>\n\t\t<div id='gallery-1' class='gallery galleryid-10568 gallery-columns-3 gallery-size-medium'><dl class='gallery-item'>\n\t\t\t<dt class='gallery-icon landscape'>\n\t\t\t\t<a href='https:\/\/barcelona.euses.cat\/ca\/realitzada-la-jornada-de-portes-obertes-presencial-en-el-campus-de-bellvitge-amb-una-bona-afluencia-de-public\/jpo-19-febrer-1\/'><img fetchpriority=\"high\" decoding=\"async\" width=\"300\" height=\"225\" src=\"https:\/\/barcelona.euses.cat\/wp-content\/uploads\/2022\/02\/jpo-19-febrer-1-300x225.jpeg\" class=\"attachment-medium size-medium\" alt=\"\" srcset=\"https:\/\/barcelona.euses.cat\/wp-content\/uploads\/2022\/02\/jpo-19-febrer-1-300x225.jpeg 300w, https:\/\/barcelona.euses.cat\/wp-content\/uploads\/2022\/02\/jpo-19-febrer-1-1024x768.jpeg 1024w, https:\/\/barcelona.euses.cat\/wp-content\/uploads\/2022\/02\/jpo-19-febrer-1-768x576.jpeg 768w, https:\/\/barcelona.euses.cat\/wp-content\/uploads\/2022\/02\/jpo-19-febrer-1-1536x1152.jpeg 1536w, https:\/\/barcelona.euses.cat\/wp-content\/uploads\/2022\/02\/jpo-19-febrer-1-267x200.jpeg 267w, https:\/\/barcelona.euses.cat\/wp-content\/uploads\/2022\/02\/jpo-19-febrer-1-700x525.jpeg 700w, https:\/\/barcelona.euses.cat\/wp-content\/uploads\/2022\/02\/jpo-19-febrer-1.jpeg 2016w\" sizes=\"(max-width: 300px) 100vw, 300px\" \/><\/a>\n\t\t\t<\/dt><\/dl><dl class='gallery-item'>\n\t\t\t<dt class='gallery-icon landscape'>\n\t\t\t\t<a href='https:\/\/barcelona.euses.cat\/ca\/realitzada-la-jornada-de-portes-obertes-presencial-en-el-campus-de-bellvitge-amb-una-bona-afluencia-de-public\/jpo-19-febrer-2\/'><img decoding=\"async\" width=\"300\" height=\"225\" src=\"https:\/\/barcelona.euses.cat\/wp-content\/uploads\/2022\/02\/jpo-19-febrer-2-300x225.jpeg\" class=\"attachment-medium size-medium\" alt=\"\" srcset=\"https:\/\/barcelona.euses.cat\/wp-content\/uploads\/2022\/02\/jpo-19-febrer-2-300x225.jpeg 300w, https:\/\/barcelona.euses.cat\/wp-content\/uploads\/2022\/02\/jpo-19-febrer-2-1024x768.jpeg 1024w, https:\/\/barcelona.euses.cat\/wp-content\/uploads\/2022\/02\/jpo-19-febrer-2-768x576.jpeg 768w, https:\/\/barcelona.euses.cat\/wp-content\/uploads\/2022\/02\/jpo-19-febrer-2-1536x1152.jpeg 1536w, https:\/\/barcelona.euses.cat\/wp-content\/uploads\/2022\/02\/jpo-19-febrer-2-267x200.jpeg 267w, https:\/\/barcelona.euses.cat\/wp-content\/uploads\/2022\/02\/jpo-19-febrer-2-700x525.jpeg 700w, https:\/\/barcelona.euses.cat\/wp-content\/uploads\/2022\/02\/jpo-19-febrer-2.jpeg 2016w\" sizes=\"(max-width: 300px) 100vw, 300px\" \/><\/a>\n\t\t\t<\/dt><\/dl><dl class='gallery-item'>\n\t\t\t<dt class='gallery-icon landscape'>\n\t\t\t\t<a href='https:\/\/barcelona.euses.cat\/ca\/realitzada-la-jornada-de-portes-obertes-presencial-en-el-campus-de-bellvitge-amb-una-bona-afluencia-de-public\/jpo-19-febrer-3\/'><img decoding=\"async\" width=\"300\" height=\"225\" src=\"https:\/\/barcelona.euses.cat\/wp-content\/uploads\/2022\/02\/jpo-19-febrer-3-300x225.jpeg\" class=\"attachment-medium size-medium\" alt=\"\" srcset=\"https:\/\/barcelona.euses.cat\/wp-content\/uploads\/2022\/02\/jpo-19-febrer-3-300x225.jpeg 300w, https:\/\/barcelona.euses.cat\/wp-content\/uploads\/2022\/02\/jpo-19-febrer-3-1024x768.jpeg 1024w, https:\/\/barcelona.euses.cat\/wp-content\/uploads\/2022\/02\/jpo-19-febrer-3-768x576.jpeg 768w, https:\/\/barcelona.euses.cat\/wp-content\/uploads\/2022\/02\/jpo-19-febrer-3-1536x1152.jpeg 1536w, https:\/\/barcelona.euses.cat\/wp-content\/uploads\/2022\/02\/jpo-19-febrer-3-267x200.jpeg 267w, https:\/\/barcelona.euses.cat\/wp-content\/uploads\/2022\/02\/jpo-19-febrer-3-700x525.jpeg 700w, https:\/\/barcelona.euses.cat\/wp-content\/uploads\/2022\/02\/jpo-19-febrer-3.jpeg 2016w\" sizes=\"(max-width: 300px) 100vw, 300px\" \/><\/a>\n\t\t\t<\/dt><\/dl><br style=\"clear: both\" \/><dl class='gallery-item'>\n\t\t\t<dt class='gallery-icon landscape'>\n\t\t\t\t<a href='https:\/\/barcelona.euses.cat\/ca\/realitzada-la-jornada-de-portes-obertes-presencial-en-el-campus-de-bellvitge-amb-una-bona-afluencia-de-public\/jpo-19-febrer-4\/'><img loading=\"lazy\" decoding=\"async\" width=\"300\" height=\"225\" src=\"https:\/\/barcelona.euses.cat\/wp-content\/uploads\/2022\/02\/jpo-19-febrer-4-300x225.jpeg\" class=\"attachment-medium size-medium\" alt=\"\" srcset=\"https:\/\/barcelona.euses.cat\/wp-content\/uploads\/2022\/02\/jpo-19-febrer-4-300x225.jpeg 300w, https:\/\/barcelona.euses.cat\/wp-content\/uploads\/2022\/02\/jpo-19-febrer-4-1024x768.jpeg 1024w, https:\/\/barcelona.euses.cat\/wp-content\/uploads\/2022\/02\/jpo-19-febrer-4-768x576.jpeg 768w, https:\/\/barcelona.euses.cat\/wp-content\/uploads\/2022\/02\/jpo-19-febrer-4-1536x1152.jpeg 1536w, https:\/\/barcelona.euses.cat\/wp-content\/uploads\/2022\/02\/jpo-19-febrer-4-267x200.jpeg 267w, https:\/\/barcelona.euses.cat\/wp-content\/uploads\/2022\/02\/jpo-19-febrer-4-700x525.jpeg 700w, https:\/\/barcelona.euses.cat\/wp-content\/uploads\/2022\/02\/jpo-19-febrer-4.jpeg 2016w\" sizes=\"(max-width: 300px) 100vw, 300px\" \/><\/a>\n\t\t\t<\/dt><\/dl>\n\t\t\t<br style='clear: both' \/>\n\t\t<\/div>\n\n","protected":false},"excerpt":{"rendered":"<p>Aquest passat dissabte, les portes del Campus de Bellvitge es van obrir als interessats a realitzar el curs 2022\/23 el Grau en Fisioter\u00e0pia Internacional EUSES UdG-ENTI UB. Una molt bona aflu\u00e8ncia de p\u00fablic es va acostar a aquestes instal\u00b7lacions per con\u00e8ixer de primera m\u00e0 els aspectes m\u00e9s rellevants d\u2019aquest Grau, com el pla d\u2019estudis, les [&hellip;]<\/p>\n","protected":false},"author":3,"featured_media":10569,"comment_status":"open","ping_status":"closed","sticky":false,"template":"","format":"standard","meta":{"_acf_changed":false,"inline_featured_image":false,"_joinchat":[],"footnotes":""},"categories":[46],"tags":[],"class_list":["post-10568","post","type-post","status-publish","format-standard","has-post-thumbnail","hentry","category-sense-categoria"],"acf":[],"yoast_head":"<!-- This site is optimized with the Yoast SEO plugin v27.4 - https:\/\/yoast.com\/product\/yoast-seo-wordpress\/ -->\n<title>Realitzada la Jornada de Portes Obertes presencial en el Campus de Bellvitge amb una bona aflu\u00e8ncia de p\u00fablic | EUSES- Campus de Bellvitge (Barcelona)<\/title>\n<meta name=\"robots\" content=\"index, follow, max-snippet:-1, max-image-preview:large, max-video-preview:-1\" \/>\n<link rel=\"canonical\" href=\"https:\/\/barcelona.euses.cat\/ca\/realitzada-la-jornada-de-portes-obertes-presencial-en-el-campus-de-bellvitge-amb-una-bona-afluencia-de-public\/\" \/>\n<meta property=\"og:locale\" content=\"ca_ES\" \/>\n<meta property=\"og:type\" content=\"article\" \/>\n<meta property=\"og:title\" content=\"Realitzada la Jornada de Portes Obertes presencial en el Campus de Bellvitge amb una bona aflu\u00e8ncia de p\u00fablic | EUSES- Campus de Bellvitge (Barcelona)\" \/>\n<meta property=\"og:description\" content=\"Aquest passat dissabte, les portes del Campus de Bellvitge es van obrir als interessats a realitzar el curs 2022\/23 el Grau en Fisioter\u00e0pia Internacional EUSES UdG-ENTI UB. Una molt bona aflu\u00e8ncia de p\u00fablic es va acostar a aquestes instal\u00b7lacions per con\u00e8ixer de primera m\u00e0 els aspectes m\u00e9s rellevants d\u2019aquest Grau, com el pla d\u2019estudis, les [&hellip;]\" \/>\n<meta property=\"og:url\" content=\"https:\/\/barcelona.euses.cat\/ca\/realitzada-la-jornada-de-portes-obertes-presencial-en-el-campus-de-bellvitge-amb-una-bona-afluencia-de-public\/\" \/>\n<meta property=\"og:site_name\" content=\"EUSES- Campus de Bellvitge (Barcelona)\" \/>\n<meta property=\"article:publisher\" content=\"https:\/\/www.facebook.com\/PhysioBCN\/\" \/>\n<meta property=\"article:published_time\" content=\"2022-02-21T11:32:06+00:00\" \/>\n<meta property=\"og:image\" content=\"https:\/\/barcelona.euses.cat\/wp-content\/uploads\/2022\/02\/jpo-19-febrer-5.jpeg\" \/>\n\t<meta property=\"og:image:width\" content=\"2016\" \/>\n\t<meta property=\"og:image:height\" content=\"1512\" \/>\n\t<meta property=\"og:image:type\" content=\"image\/jpeg\" \/>\n<meta name=\"author\" content=\"Jordi Danes\" \/>\n<meta name=\"twitter:card\" content=\"summary_large_image\" \/>\n<meta name=\"twitter:label1\" content=\"Escrit per\" \/>\n\t<meta name=\"twitter:data1\" content=\"Jordi Danes\" \/>\n\t<meta name=\"twitter:label2\" content=\"Temps estimat de lectura\" \/>\n\t<meta name=\"twitter:data2\" content=\"1 minut\" \/>\n<script type=\"application\/ld+json\" class=\"yoast-schema-graph\">{\"@context\":\"https:\\\/\\\/schema.org\",\"@graph\":[{\"@type\":\"Article\",\"@id\":\"https:\\\/\\\/barcelona.euses.cat\\\/ca\\\/realitzada-la-jornada-de-portes-obertes-presencial-en-el-campus-de-bellvitge-amb-una-bona-afluencia-de-public\\\/#article\",\"isPartOf\":{\"@id\":\"https:\\\/\\\/barcelona.euses.cat\\\/ca\\\/realitzada-la-jornada-de-portes-obertes-presencial-en-el-campus-de-bellvitge-amb-una-bona-afluencia-de-public\\\/\"},\"author\":{\"name\":\"Jordi Danes\",\"@id\":\"https:\\\/\\\/barcelona.euses.cat\\\/ca\\\/#\\\/schema\\\/person\\\/8ab46080dfc4814fa59383db317735bd\"},\"headline\":\"Realitzada la Jornada de Portes Obertes presencial en el Campus de Bellvitge amb una bona aflu\u00e8ncia de p\u00fablic\",\"datePublished\":\"2022-02-21T11:32:06+00:00\",\"mainEntityOfPage\":{\"@id\":\"https:\\\/\\\/barcelona.euses.cat\\\/ca\\\/realitzada-la-jornada-de-portes-obertes-presencial-en-el-campus-de-bellvitge-amb-una-bona-afluencia-de-public\\\/\"},\"wordCount\":211,\"commentCount\":0,\"image\":{\"@id\":\"https:\\\/\\\/barcelona.euses.cat\\\/ca\\\/realitzada-la-jornada-de-portes-obertes-presencial-en-el-campus-de-bellvitge-amb-una-bona-afluencia-de-public\\\/#primaryimage\"},\"thumbnailUrl\":\"https:\\\/\\\/barcelona.euses.cat\\\/wp-content\\\/uploads\\\/2022\\\/02\\\/jpo-19-febrer-5.jpeg\",\"articleSection\":[\"sense categoria\"],\"inLanguage\":\"ca\"},{\"@type\":\"WebPage\",\"@id\":\"https:\\\/\\\/barcelona.euses.cat\\\/ca\\\/realitzada-la-jornada-de-portes-obertes-presencial-en-el-campus-de-bellvitge-amb-una-bona-afluencia-de-public\\\/\",\"url\":\"https:\\\/\\\/barcelona.euses.cat\\\/ca\\\/realitzada-la-jornada-de-portes-obertes-presencial-en-el-campus-de-bellvitge-amb-una-bona-afluencia-de-public\\\/\",\"name\":\"Realitzada la Jornada de Portes Obertes presencial en el Campus de Bellvitge amb una bona aflu\u00e8ncia de p\u00fablic | EUSES- Campus de Bellvitge (Barcelona)\",\"isPartOf\":{\"@id\":\"https:\\\/\\\/barcelona.euses.cat\\\/ca\\\/#website\"},\"primaryImageOfPage\":{\"@id\":\"https:\\\/\\\/barcelona.euses.cat\\\/ca\\\/realitzada-la-jornada-de-portes-obertes-presencial-en-el-campus-de-bellvitge-amb-una-bona-afluencia-de-public\\\/#primaryimage\"},\"image\":{\"@id\":\"https:\\\/\\\/barcelona.euses.cat\\\/ca\\\/realitzada-la-jornada-de-portes-obertes-presencial-en-el-campus-de-bellvitge-amb-una-bona-afluencia-de-public\\\/#primaryimage\"},\"thumbnailUrl\":\"https:\\\/\\\/barcelona.euses.cat\\\/wp-content\\\/uploads\\\/2022\\\/02\\\/jpo-19-febrer-5.jpeg\",\"datePublished\":\"2022-02-21T11:32:06+00:00\",\"author\":{\"@id\":\"https:\\\/\\\/barcelona.euses.cat\\\/ca\\\/#\\\/schema\\\/person\\\/8ab46080dfc4814fa59383db317735bd\"},\"breadcrumb\":{\"@id\":\"https:\\\/\\\/barcelona.euses.cat\\\/ca\\\/realitzada-la-jornada-de-portes-obertes-presencial-en-el-campus-de-bellvitge-amb-una-bona-afluencia-de-public\\\/#breadcrumb\"},\"inLanguage\":\"ca\",\"potentialAction\":[{\"@type\":\"ReadAction\",\"target\":[\"https:\\\/\\\/barcelona.euses.cat\\\/ca\\\/realitzada-la-jornada-de-portes-obertes-presencial-en-el-campus-de-bellvitge-amb-una-bona-afluencia-de-public\\\/\"]}]},{\"@type\":\"ImageObject\",\"inLanguage\":\"ca\",\"@id\":\"https:\\\/\\\/barcelona.euses.cat\\\/ca\\\/realitzada-la-jornada-de-portes-obertes-presencial-en-el-campus-de-bellvitge-amb-una-bona-afluencia-de-public\\\/#primaryimage\",\"url\":\"https:\\\/\\\/barcelona.euses.cat\\\/wp-content\\\/uploads\\\/2022\\\/02\\\/jpo-19-febrer-5.jpeg\",\"contentUrl\":\"https:\\\/\\\/barcelona.euses.cat\\\/wp-content\\\/uploads\\\/2022\\\/02\\\/jpo-19-febrer-5.jpeg\",\"width\":2016,\"height\":1512},{\"@type\":\"BreadcrumbList\",\"@id\":\"https:\\\/\\\/barcelona.euses.cat\\\/ca\\\/realitzada-la-jornada-de-portes-obertes-presencial-en-el-campus-de-bellvitge-amb-una-bona-afluencia-de-public\\\/#breadcrumb\",\"itemListElement\":[{\"@type\":\"ListItem\",\"position\":1,\"name\":\"Portada\",\"item\":\"https:\\\/\\\/barcelona.euses.cat\\\/ca\\\/\"},{\"@type\":\"ListItem\",\"position\":2,\"name\":\"Realitzada la Jornada de Portes Obertes presencial en el Campus de Bellvitge amb una bona aflu\u00e8ncia de p\u00fablic\"}]},{\"@type\":\"WebSite\",\"@id\":\"https:\\\/\\\/barcelona.euses.cat\\\/ca\\\/#website\",\"url\":\"https:\\\/\\\/barcelona.euses.cat\\\/ca\\\/\",\"name\":\"EUSES - Campus de Bellvitge (Barcelona)\",\"description\":\"EUSES, Escola Universit\u00e0ria de Fisioter\u00e0pia Internacional a Barcelona\",\"potentialAction\":[{\"@type\":\"SearchAction\",\"target\":{\"@type\":\"EntryPoint\",\"urlTemplate\":\"https:\\\/\\\/barcelona.euses.cat\\\/ca\\\/?s={search_term_string}\"},\"query-input\":{\"@type\":\"PropertyValueSpecification\",\"valueRequired\":true,\"valueName\":\"search_term_string\"}}],\"inLanguage\":\"ca\"},{\"@type\":\"Person\",\"@id\":\"https:\\\/\\\/barcelona.euses.cat\\\/ca\\\/#\\\/schema\\\/person\\\/8ab46080dfc4814fa59383db317735bd\",\"name\":\"Jordi Danes\",\"image\":{\"@type\":\"ImageObject\",\"inLanguage\":\"ca\",\"@id\":\"https:\\\/\\\/secure.gravatar.com\\\/avatar\\\/a9e4f443b594af225625ee8cfa665e41b1e0740ea34fbe0515b4ca559f8570ef?s=96&d=mm&r=g\",\"url\":\"https:\\\/\\\/secure.gravatar.com\\\/avatar\\\/a9e4f443b594af225625ee8cfa665e41b1e0740ea34fbe0515b4ca559f8570ef?s=96&d=mm&r=g\",\"contentUrl\":\"https:\\\/\\\/secure.gravatar.com\\\/avatar\\\/a9e4f443b594af225625ee8cfa665e41b1e0740ea34fbe0515b4ca559f8570ef?s=96&d=mm&r=g\",\"caption\":\"Jordi Danes\"},\"url\":\"https:\\\/\\\/barcelona.euses.cat\\\/ca\\\/author\\\/jordi-danes\\\/\"}]}<\/script>\n<!-- \/ Yoast SEO plugin. -->","yoast_head_json":{"title":"Realitzada la Jornada de Portes Obertes presencial en el Campus de Bellvitge amb una bona aflu\u00e8ncia de p\u00fablic | EUSES- Campus de Bellvitge (Barcelona)","robots":{"index":"index","follow":"follow","max-snippet":"max-snippet:-1","max-image-preview":"max-image-preview:large","max-video-preview":"max-video-preview:-1"},"canonical":"https:\/\/barcelona.euses.cat\/ca\/realitzada-la-jornada-de-portes-obertes-presencial-en-el-campus-de-bellvitge-amb-una-bona-afluencia-de-public\/","og_locale":"ca_ES","og_type":"article","og_title":"Realitzada la Jornada de Portes Obertes presencial en el Campus de Bellvitge amb una bona aflu\u00e8ncia de p\u00fablic | EUSES- Campus de Bellvitge (Barcelona)","og_description":"Aquest passat dissabte, les portes del Campus de Bellvitge es van obrir als interessats a realitzar el curs 2022\/23 el Grau en Fisioter\u00e0pia Internacional EUSES UdG-ENTI UB. Una molt bona aflu\u00e8ncia de p\u00fablic es va acostar a aquestes instal\u00b7lacions per con\u00e8ixer de primera m\u00e0 els aspectes m\u00e9s rellevants d\u2019aquest Grau, com el pla d\u2019estudis, les [&hellip;]","og_url":"https:\/\/barcelona.euses.cat\/ca\/realitzada-la-jornada-de-portes-obertes-presencial-en-el-campus-de-bellvitge-amb-una-bona-afluencia-de-public\/","og_site_name":"EUSES- Campus de Bellvitge (Barcelona)","article_publisher":"https:\/\/www.facebook.com\/PhysioBCN\/","article_published_time":"2022-02-21T11:32:06+00:00","og_image":[{"width":2016,"height":1512,"url":"https:\/\/barcelona.euses.cat\/wp-content\/uploads\/2022\/02\/jpo-19-febrer-5.jpeg","type":"image\/jpeg"}],"author":"Jordi Danes","twitter_card":"summary_large_image","twitter_misc":{"Escrit per":"Jordi Danes","Temps estimat de lectura":"1 minut"},"schema":{"@context":"https:\/\/schema.org","@graph":[{"@type":"Article","@id":"https:\/\/barcelona.euses.cat\/ca\/realitzada-la-jornada-de-portes-obertes-presencial-en-el-campus-de-bellvitge-amb-una-bona-afluencia-de-public\/#article","isPartOf":{"@id":"https:\/\/barcelona.euses.cat\/ca\/realitzada-la-jornada-de-portes-obertes-presencial-en-el-campus-de-bellvitge-amb-una-bona-afluencia-de-public\/"},"author":{"name":"Jordi Danes","@id":"https:\/\/barcelona.euses.cat\/ca\/#\/schema\/person\/8ab46080dfc4814fa59383db317735bd"},"headline":"Realitzada la Jornada de Portes Obertes presencial en el Campus de Bellvitge amb una bona aflu\u00e8ncia de p\u00fablic","datePublished":"2022-02-21T11:32:06+00:00","mainEntityOfPage":{"@id":"https:\/\/barcelona.euses.cat\/ca\/realitzada-la-jornada-de-portes-obertes-presencial-en-el-campus-de-bellvitge-amb-una-bona-afluencia-de-public\/"},"wordCount":211,"commentCount":0,"image":{"@id":"https:\/\/barcelona.euses.cat\/ca\/realitzada-la-jornada-de-portes-obertes-presencial-en-el-campus-de-bellvitge-amb-una-bona-afluencia-de-public\/#primaryimage"},"thumbnailUrl":"https:\/\/barcelona.euses.cat\/wp-content\/uploads\/2022\/02\/jpo-19-febrer-5.jpeg","articleSection":["sense categoria"],"inLanguage":"ca"},{"@type":"WebPage","@id":"https:\/\/barcelona.euses.cat\/ca\/realitzada-la-jornada-de-portes-obertes-presencial-en-el-campus-de-bellvitge-amb-una-bona-afluencia-de-public\/","url":"https:\/\/barcelona.euses.cat\/ca\/realitzada-la-jornada-de-portes-obertes-presencial-en-el-campus-de-bellvitge-amb-una-bona-afluencia-de-public\/","name":"Realitzada la Jornada de Portes Obertes presencial en el Campus de Bellvitge amb una bona aflu\u00e8ncia de p\u00fablic | EUSES- Campus de Bellvitge (Barcelona)","isPartOf":{"@id":"https:\/\/barcelona.euses.cat\/ca\/#website"},"primaryImageOfPage":{"@id":"https:\/\/barcelona.euses.cat\/ca\/realitzada-la-jornada-de-portes-obertes-presencial-en-el-campus-de-bellvitge-amb-una-bona-afluencia-de-public\/#primaryimage"},"image":{"@id":"https:\/\/barcelona.euses.cat\/ca\/realitzada-la-jornada-de-portes-obertes-presencial-en-el-campus-de-bellvitge-amb-una-bona-afluencia-de-public\/#primaryimage"},"thumbnailUrl":"https:\/\/barcelona.euses.cat\/wp-content\/uploads\/2022\/02\/jpo-19-febrer-5.jpeg","datePublished":"2022-02-21T11:32:06+00:00","author":{"@id":"https:\/\/barcelona.euses.cat\/ca\/#\/schema\/person\/8ab46080dfc4814fa59383db317735bd"},"breadcrumb":{"@id":"https:\/\/barcelona.euses.cat\/ca\/realitzada-la-jornada-de-portes-obertes-presencial-en-el-campus-de-bellvitge-amb-una-bona-afluencia-de-public\/#breadcrumb"},"inLanguage":"ca","potentialAction":[{"@type":"ReadAction","target":["https:\/\/barcelona.euses.cat\/ca\/realitzada-la-jornada-de-portes-obertes-presencial-en-el-campus-de-bellvitge-amb-una-bona-afluencia-de-public\/"]}]},{"@type":"ImageObject","inLanguage":"ca","@id":"https:\/\/barcelona.euses.cat\/ca\/realitzada-la-jornada-de-portes-obertes-presencial-en-el-campus-de-bellvitge-amb-una-bona-afluencia-de-public\/#primaryimage","url":"https:\/\/barcelona.euses.cat\/wp-content\/uploads\/2022\/02\/jpo-19-febrer-5.jpeg","contentUrl":"https:\/\/barcelona.euses.cat\/wp-content\/uploads\/2022\/02\/jpo-19-febrer-5.jpeg","width":2016,"height":1512},{"@type":"BreadcrumbList","@id":"https:\/\/barcelona.euses.cat\/ca\/realitzada-la-jornada-de-portes-obertes-presencial-en-el-campus-de-bellvitge-amb-una-bona-afluencia-de-public\/#breadcrumb","itemListElement":[{"@type":"ListItem","position":1,"name":"Portada","item":"https:\/\/barcelona.euses.cat\/ca\/"},{"@type":"ListItem","position":2,"name":"Realitzada la Jornada de Portes Obertes presencial en el Campus de Bellvitge amb una bona aflu\u00e8ncia de p\u00fablic"}]},{"@type":"WebSite","@id":"https:\/\/barcelona.euses.cat\/ca\/#website","url":"https:\/\/barcelona.euses.cat\/ca\/","name":"EUSES - Campus de Bellvitge (Barcelona)","description":"EUSES, Escola Universit\u00e0ria de Fisioter\u00e0pia Internacional a Barcelona","potentialAction":[{"@type":"SearchAction","target":{"@type":"EntryPoint","urlTemplate":"https:\/\/barcelona.euses.cat\/ca\/?s={search_term_string}"},"query-input":{"@type":"PropertyValueSpecification","valueRequired":true,"valueName":"search_term_string"}}],"inLanguage":"ca"},{"@type":"Person","@id":"https:\/\/barcelona.euses.cat\/ca\/#\/schema\/person\/8ab46080dfc4814fa59383db317735bd","name":"Jordi Danes","image":{"@type":"ImageObject","inLanguage":"ca","@id":"https:\/\/secure.gravatar.com\/avatar\/a9e4f443b594af225625ee8cfa665e41b1e0740ea34fbe0515b4ca559f8570ef?s=96&d=mm&r=g","url":"https:\/\/secure.gravatar.com\/avatar\/a9e4f443b594af225625ee8cfa665e41b1e0740ea34fbe0515b4ca559f8570ef?s=96&d=mm&r=g","contentUrl":"https:\/\/secure.gravatar.com\/avatar\/a9e4f443b594af225625ee8cfa665e41b1e0740ea34fbe0515b4ca559f8570ef?s=96&d=mm&r=g","caption":"Jordi Danes"},"url":"https:\/\/barcelona.euses.cat\/ca\/author\/jordi-danes\/"}]}},"_links":{"self":[{"href":"https:\/\/barcelona.euses.cat\/ca\/wp-json\/wp\/v2\/posts\/10568","targetHints":{"allow":["GET"]}}],"collection":[{"href":"https:\/\/barcelona.euses.cat\/ca\/wp-json\/wp\/v2\/posts"}],"about":[{"href":"https:\/\/barcelona.euses.cat\/ca\/wp-json\/wp\/v2\/types\/post"}],"author":[{"embeddable":true,"href":"https:\/\/barcelona.euses.cat\/ca\/wp-json\/wp\/v2\/users\/3"}],"replies":[{"embeddable":true,"href":"https:\/\/barcelona.euses.cat\/ca\/wp-json\/wp\/v2\/comments?post=10568"}],"version-history":[{"count":3,"href":"https:\/\/barcelona.euses.cat\/ca\/wp-json\/wp\/v2\/posts\/10568\/revisions"}],"predecessor-version":[{"id":10605,"href":"https:\/\/barcelona.euses.cat\/ca\/wp-json\/wp\/v2\/posts\/10568\/revisions\/10605"}],"wp:featuredmedia":[{"embeddable":true,"href":"https:\/\/barcelona.euses.cat\/ca\/wp-json\/wp\/v2\/media\/10569"}],"wp:attachment":[{"href":"https:\/\/barcelona.euses.cat\/ca\/wp-json\/wp\/v2\/media?parent=10568"}],"wp:term":[{"taxonomy":"category","embeddable":true,"href":"https:\/\/barcelona.euses.cat\/ca\/wp-json\/wp\/v2\/categories?post=10568"},{"taxonomy":"post_tag","embeddable":true,"href":"https:\/\/barcelona.euses.cat\/ca\/wp-json\/wp\/v2\/tags?post=10568"}],"curies":[{"name":"wp","href":"https:\/\/api.w.org\/{rel}","templated":true}]}}