{"id":10276,"date":"2021-12-23T09:16:14","date_gmt":"2021-12-23T08:16:14","guid":{"rendered":"https:\/\/barcelona.euses.cat\/?p=10276"},"modified":"2021-12-23T09:16:14","modified_gmt":"2021-12-23T08:16:14","slug":"celebrat-lacte-de-graduacio-de-la-promocio-2016-20-del-grau-en-fisioterapia-udg-ub","status":"publish","type":"post","link":"https:\/\/barcelona.euses.cat\/ca\/celebrat-lacte-de-graduacio-de-la-promocio-2016-20-del-grau-en-fisioterapia-udg-ub\/","title":{"rendered":"Celebrat l\u2019acte de Graduaci\u00f3 de la promoci\u00f3 2016\/20 del Grau en Fisioter\u00e0pia (UdG-UB)"},"content":{"rendered":"<p>Aquest passat divendres dia 17 de desembre es va celebrar a la sala d\u2019actes del Campus de Salut de Bellvitge, l\u2019acte de Graduaci\u00f3 del Grau en Fisioter\u00e0pia (t\u00edtol de la Universitat de Girona i de la Universitat de Barcelona) de la promoci\u00f3 2016\/2020 que en el seu dia es va haver d\u2019ajornar arran de les restriccions imposades per la Covid-19. La cerim\u00f2nia va permetre als graduats que van poder assistir-hi recollir presencialment els diplomes acreditatius despr\u00e9s d\u2019haver completat, ja fa dos estius, el seu cicle acad\u00e8mic al campus de Bellvitge.<\/p>\n<p>L\u2019acte va ser presentat pel director del Grau, Gerard Mu\u00f1oz, que va dirigir unes paraules als integrants de la promoci\u00f3 2016\/20 i tot seguit va ser el graduat Robin Amel, qui va pujar al faristol per parlar en representaci\u00f3 dels graduats d\u2019aquella fornada. L\u2019acte es va cloure amb l\u2019actuaci\u00f3 musical Gaudeamus Igitur.<\/p>\n\n\t\t<style type=\"text\/css\">\n\t\t\t#gallery-1 {\n\t\t\t\tmargin: auto;\n\t\t\t}\n\t\t\t#gallery-1 .gallery-item {\n\t\t\t\tfloat: left;\n\t\t\t\tmargin-top: 10px;\n\t\t\t\ttext-align: center;\n\t\t\t\twidth: 33%;\n\t\t\t}\n\t\t\t#gallery-1 img {\n\t\t\t\tborder: 2px solid #cfcfcf;\n\t\t\t}\n\t\t\t#gallery-1 .gallery-caption {\n\t\t\t\tmargin-left: 0;\n\t\t\t}\n\t\t\t\/* see gallery_shortcode() in wp-includes\/media.php *\/\n\t\t<\/style>\n\t\t<div id='gallery-1' class='gallery galleryid-10276 gallery-columns-3 gallery-size-medium'><dl class='gallery-item'>\n\t\t\t<dt class='gallery-icon landscape'>\n\t\t\t\t<a href='https:\/\/barcelona.euses.cat\/ca\/celebrat-lacte-de-graduacio-de-la-promocio-2016-20-del-grau-en-fisioterapia-udg-ub\/22017-002\/'><img fetchpriority=\"high\" decoding=\"async\" width=\"300\" height=\"200\" src=\"https:\/\/barcelona.euses.cat\/wp-content\/uploads\/2021\/12\/22017-002-300x200.jpg\" class=\"attachment-medium size-medium\" alt=\"\" srcset=\"https:\/\/barcelona.euses.cat\/wp-content\/uploads\/2021\/12\/22017-002-300x200.jpg 300w, https:\/\/barcelona.euses.cat\/wp-content\/uploads\/2021\/12\/22017-002-1024x683.jpg 1024w, https:\/\/barcelona.euses.cat\/wp-content\/uploads\/2021\/12\/22017-002-768x512.jpg 768w, https:\/\/barcelona.euses.cat\/wp-content\/uploads\/2021\/12\/22017-002-1536x1024.jpg 1536w, https:\/\/barcelona.euses.cat\/wp-content\/uploads\/2021\/12\/22017-002-2048x1365.jpg 2048w, https:\/\/barcelona.euses.cat\/wp-content\/uploads\/2021\/12\/22017-002-400x267.jpg 400w\" sizes=\"(max-width: 300px) 100vw, 300px\" \/><\/a>\n\t\t\t<\/dt><\/dl><dl class='gallery-item'>\n\t\t\t<dt class='gallery-icon landscape'>\n\t\t\t\t<a href='https:\/\/barcelona.euses.cat\/ca\/celebrat-lacte-de-graduacio-de-la-promocio-2016-20-del-grau-en-fisioterapia-udg-ub\/22017-004\/'><img decoding=\"async\" width=\"300\" height=\"200\" src=\"https:\/\/barcelona.euses.cat\/wp-content\/uploads\/2021\/12\/22017-004-300x200.jpg\" class=\"attachment-medium size-medium\" alt=\"\" srcset=\"https:\/\/barcelona.euses.cat\/wp-content\/uploads\/2021\/12\/22017-004-300x200.jpg 300w, https:\/\/barcelona.euses.cat\/wp-content\/uploads\/2021\/12\/22017-004-1024x683.jpg 1024w, https:\/\/barcelona.euses.cat\/wp-content\/uploads\/2021\/12\/22017-004-768x512.jpg 768w, https:\/\/barcelona.euses.cat\/wp-content\/uploads\/2021\/12\/22017-004-1536x1024.jpg 1536w, https:\/\/barcelona.euses.cat\/wp-content\/uploads\/2021\/12\/22017-004-2048x1365.jpg 2048w, https:\/\/barcelona.euses.cat\/wp-content\/uploads\/2021\/12\/22017-004-400x267.jpg 400w\" sizes=\"(max-width: 300px) 100vw, 300px\" \/><\/a>\n\t\t\t<\/dt><\/dl><dl class='gallery-item'>\n\t\t\t<dt class='gallery-icon landscape'>\n\t\t\t\t<a href='https:\/\/barcelona.euses.cat\/ca\/celebrat-lacte-de-graduacio-de-la-promocio-2016-20-del-grau-en-fisioterapia-udg-ub\/22017-005\/'><img decoding=\"async\" width=\"300\" height=\"200\" src=\"https:\/\/barcelona.euses.cat\/wp-content\/uploads\/2021\/12\/22017-005-300x200.jpg\" class=\"attachment-medium size-medium\" alt=\"\" srcset=\"https:\/\/barcelona.euses.cat\/wp-content\/uploads\/2021\/12\/22017-005-300x200.jpg 300w, https:\/\/barcelona.euses.cat\/wp-content\/uploads\/2021\/12\/22017-005-1024x683.jpg 1024w, https:\/\/barcelona.euses.cat\/wp-content\/uploads\/2021\/12\/22017-005-768x512.jpg 768w, https:\/\/barcelona.euses.cat\/wp-content\/uploads\/2021\/12\/22017-005-1536x1024.jpg 1536w, https:\/\/barcelona.euses.cat\/wp-content\/uploads\/2021\/12\/22017-005-2048x1365.jpg 2048w, https:\/\/barcelona.euses.cat\/wp-content\/uploads\/2021\/12\/22017-005-400x267.jpg 400w\" sizes=\"(max-width: 300px) 100vw, 300px\" \/><\/a>\n\t\t\t<\/dt><\/dl><br style=\"clear: both\" \/><dl class='gallery-item'>\n\t\t\t<dt class='gallery-icon landscape'>\n\t\t\t\t<a href='https:\/\/barcelona.euses.cat\/ca\/celebrat-lacte-de-graduacio-de-la-promocio-2016-20-del-grau-en-fisioterapia-udg-ub\/22017-006\/'><img loading=\"lazy\" decoding=\"async\" width=\"300\" height=\"200\" src=\"https:\/\/barcelona.euses.cat\/wp-content\/uploads\/2021\/12\/22017-006-300x200.jpg\" class=\"attachment-medium size-medium\" alt=\"\" srcset=\"https:\/\/barcelona.euses.cat\/wp-content\/uploads\/2021\/12\/22017-006-300x200.jpg 300w, https:\/\/barcelona.euses.cat\/wp-content\/uploads\/2021\/12\/22017-006-1024x683.jpg 1024w, https:\/\/barcelona.euses.cat\/wp-content\/uploads\/2021\/12\/22017-006-768x512.jpg 768w, https:\/\/barcelona.euses.cat\/wp-content\/uploads\/2021\/12\/22017-006-1536x1024.jpg 1536w, https:\/\/barcelona.euses.cat\/wp-content\/uploads\/2021\/12\/22017-006-2048x1365.jpg 2048w, https:\/\/barcelona.euses.cat\/wp-content\/uploads\/2021\/12\/22017-006-400x267.jpg 400w\" sizes=\"(max-width: 300px) 100vw, 300px\" \/><\/a>\n\t\t\t<\/dt><\/dl><dl class='gallery-item'>\n\t\t\t<dt class='gallery-icon landscape'>\n\t\t\t\t<a href='https:\/\/barcelona.euses.cat\/ca\/celebrat-lacte-de-graduacio-de-la-promocio-2016-20-del-grau-en-fisioterapia-udg-ub\/22017-009\/'><img loading=\"lazy\" decoding=\"async\" width=\"300\" height=\"200\" src=\"https:\/\/barcelona.euses.cat\/wp-content\/uploads\/2021\/12\/22017-009-300x200.jpg\" class=\"attachment-medium size-medium\" alt=\"\" srcset=\"https:\/\/barcelona.euses.cat\/wp-content\/uploads\/2021\/12\/22017-009-300x200.jpg 300w, https:\/\/barcelona.euses.cat\/wp-content\/uploads\/2021\/12\/22017-009-1024x683.jpg 1024w, https:\/\/barcelona.euses.cat\/wp-content\/uploads\/2021\/12\/22017-009-768x512.jpg 768w, https:\/\/barcelona.euses.cat\/wp-content\/uploads\/2021\/12\/22017-009-1536x1024.jpg 1536w, https:\/\/barcelona.euses.cat\/wp-content\/uploads\/2021\/12\/22017-009-2048x1365.jpg 2048w, https:\/\/barcelona.euses.cat\/wp-content\/uploads\/2021\/12\/22017-009-400x267.jpg 400w\" sizes=\"(max-width: 300px) 100vw, 300px\" \/><\/a>\n\t\t\t<\/dt><\/dl><dl class='gallery-item'>\n\t\t\t<dt class='gallery-icon landscape'>\n\t\t\t\t<a href='https:\/\/barcelona.euses.cat\/ca\/celebrat-lacte-de-graduacio-de-la-promocio-2016-20-del-grau-en-fisioterapia-udg-ub\/22017-010\/'><img loading=\"lazy\" decoding=\"async\" width=\"300\" height=\"200\" src=\"https:\/\/barcelona.euses.cat\/wp-content\/uploads\/2021\/12\/22017-010-300x200.jpg\" class=\"attachment-medium size-medium\" alt=\"\" srcset=\"https:\/\/barcelona.euses.cat\/wp-content\/uploads\/2021\/12\/22017-010-300x200.jpg 300w, https:\/\/barcelona.euses.cat\/wp-content\/uploads\/2021\/12\/22017-010-1024x683.jpg 1024w, https:\/\/barcelona.euses.cat\/wp-content\/uploads\/2021\/12\/22017-010-768x512.jpg 768w, https:\/\/barcelona.euses.cat\/wp-content\/uploads\/2021\/12\/22017-010-1536x1024.jpg 1536w, https:\/\/barcelona.euses.cat\/wp-content\/uploads\/2021\/12\/22017-010-2048x1365.jpg 2048w, https:\/\/barcelona.euses.cat\/wp-content\/uploads\/2021\/12\/22017-010-400x267.jpg 400w\" sizes=\"(max-width: 300px) 100vw, 300px\" \/><\/a>\n\t\t\t<\/dt><\/dl><br style=\"clear: both\" \/><dl class='gallery-item'>\n\t\t\t<dt class='gallery-icon landscape'>\n\t\t\t\t<a href='https:\/\/barcelona.euses.cat\/ca\/celebrat-lacte-de-graduacio-de-la-promocio-2016-20-del-grau-en-fisioterapia-udg-ub\/22017-011\/'><img loading=\"lazy\" decoding=\"async\" width=\"300\" height=\"200\" src=\"https:\/\/barcelona.euses.cat\/wp-content\/uploads\/2021\/12\/22017-011-300x200.jpg\" class=\"attachment-medium size-medium\" alt=\"\" srcset=\"https:\/\/barcelona.euses.cat\/wp-content\/uploads\/2021\/12\/22017-011-300x200.jpg 300w, https:\/\/barcelona.euses.cat\/wp-content\/uploads\/2021\/12\/22017-011-1024x683.jpg 1024w, https:\/\/barcelona.euses.cat\/wp-content\/uploads\/2021\/12\/22017-011-768x512.jpg 768w, https:\/\/barcelona.euses.cat\/wp-content\/uploads\/2021\/12\/22017-011-1536x1024.jpg 1536w, https:\/\/barcelona.euses.cat\/wp-content\/uploads\/2021\/12\/22017-011-2048x1365.jpg 2048w, https:\/\/barcelona.euses.cat\/wp-content\/uploads\/2021\/12\/22017-011-400x267.jpg 400w\" sizes=\"(max-width: 300px) 100vw, 300px\" \/><\/a>\n\t\t\t<\/dt><\/dl><dl class='gallery-item'>\n\t\t\t<dt class='gallery-icon landscape'>\n\t\t\t\t<a href='https:\/\/barcelona.euses.cat\/ca\/celebrat-lacte-de-graduacio-de-la-promocio-2016-20-del-grau-en-fisioterapia-udg-ub\/22017-012\/'><img loading=\"lazy\" decoding=\"async\" width=\"300\" height=\"200\" src=\"https:\/\/barcelona.euses.cat\/wp-content\/uploads\/2021\/12\/22017-012-300x200.jpg\" class=\"attachment-medium size-medium\" alt=\"\" srcset=\"https:\/\/barcelona.euses.cat\/wp-content\/uploads\/2021\/12\/22017-012-300x200.jpg 300w, https:\/\/barcelona.euses.cat\/wp-content\/uploads\/2021\/12\/22017-012-1024x683.jpg 1024w, https:\/\/barcelona.euses.cat\/wp-content\/uploads\/2021\/12\/22017-012-768x512.jpg 768w, https:\/\/barcelona.euses.cat\/wp-content\/uploads\/2021\/12\/22017-012-1536x1024.jpg 1536w, https:\/\/barcelona.euses.cat\/wp-content\/uploads\/2021\/12\/22017-012-2048x1365.jpg 2048w, https:\/\/barcelona.euses.cat\/wp-content\/uploads\/2021\/12\/22017-012-400x267.jpg 400w\" sizes=\"(max-width: 300px) 100vw, 300px\" \/><\/a>\n\t\t\t<\/dt><\/dl><dl class='gallery-item'>\n\t\t\t<dt class='gallery-icon landscape'>\n\t\t\t\t<a href='https:\/\/barcelona.euses.cat\/ca\/celebrat-lacte-de-graduacio-de-la-promocio-2016-20-del-grau-en-fisioterapia-udg-ub\/22017-013\/'><img loading=\"lazy\" decoding=\"async\" width=\"300\" height=\"200\" src=\"https:\/\/barcelona.euses.cat\/wp-content\/uploads\/2021\/12\/22017-013-300x200.jpg\" class=\"attachment-medium size-medium\" alt=\"\" srcset=\"https:\/\/barcelona.euses.cat\/wp-content\/uploads\/2021\/12\/22017-013-300x200.jpg 300w, https:\/\/barcelona.euses.cat\/wp-content\/uploads\/2021\/12\/22017-013-1024x683.jpg 1024w, https:\/\/barcelona.euses.cat\/wp-content\/uploads\/2021\/12\/22017-013-768x512.jpg 768w, https:\/\/barcelona.euses.cat\/wp-content\/uploads\/2021\/12\/22017-013-1536x1024.jpg 1536w, https:\/\/barcelona.euses.cat\/wp-content\/uploads\/2021\/12\/22017-013-2048x1365.jpg 2048w, https:\/\/barcelona.euses.cat\/wp-content\/uploads\/2021\/12\/22017-013-400x267.jpg 400w\" sizes=\"(max-width: 300px) 100vw, 300px\" \/><\/a>\n\t\t\t<\/dt><\/dl><br style=\"clear: both\" \/><dl class='gallery-item'>\n\t\t\t<dt class='gallery-icon landscape'>\n\t\t\t\t<a href='https:\/\/barcelona.euses.cat\/ca\/celebrat-lacte-de-graduacio-de-la-promocio-2016-20-del-grau-en-fisioterapia-udg-ub\/22017-015\/'><img loading=\"lazy\" decoding=\"async\" width=\"300\" height=\"200\" src=\"https:\/\/barcelona.euses.cat\/wp-content\/uploads\/2021\/12\/22017-015-300x200.jpg\" class=\"attachment-medium size-medium\" alt=\"\" srcset=\"https:\/\/barcelona.euses.cat\/wp-content\/uploads\/2021\/12\/22017-015-300x200.jpg 300w, https:\/\/barcelona.euses.cat\/wp-content\/uploads\/2021\/12\/22017-015-1024x683.jpg 1024w, https:\/\/barcelona.euses.cat\/wp-content\/uploads\/2021\/12\/22017-015-768x512.jpg 768w, https:\/\/barcelona.euses.cat\/wp-content\/uploads\/2021\/12\/22017-015-1536x1024.jpg 1536w, https:\/\/barcelona.euses.cat\/wp-content\/uploads\/2021\/12\/22017-015-2048x1365.jpg 2048w, https:\/\/barcelona.euses.cat\/wp-content\/uploads\/2021\/12\/22017-015-400x267.jpg 400w\" sizes=\"(max-width: 300px) 100vw, 300px\" \/><\/a>\n\t\t\t<\/dt><\/dl><dl class='gallery-item'>\n\t\t\t<dt class='gallery-icon landscape'>\n\t\t\t\t<a href='https:\/\/barcelona.euses.cat\/ca\/celebrat-lacte-de-graduacio-de-la-promocio-2016-20-del-grau-en-fisioterapia-udg-ub\/22017-017\/'><img loading=\"lazy\" decoding=\"async\" width=\"300\" height=\"200\" src=\"https:\/\/barcelona.euses.cat\/wp-content\/uploads\/2021\/12\/22017-017-300x200.jpg\" class=\"attachment-medium size-medium\" alt=\"\" srcset=\"https:\/\/barcelona.euses.cat\/wp-content\/uploads\/2021\/12\/22017-017-300x200.jpg 300w, https:\/\/barcelona.euses.cat\/wp-content\/uploads\/2021\/12\/22017-017-1024x683.jpg 1024w, https:\/\/barcelona.euses.cat\/wp-content\/uploads\/2021\/12\/22017-017-768x512.jpg 768w, https:\/\/barcelona.euses.cat\/wp-content\/uploads\/2021\/12\/22017-017-1536x1024.jpg 1536w, https:\/\/barcelona.euses.cat\/wp-content\/uploads\/2021\/12\/22017-017-2048x1365.jpg 2048w, https:\/\/barcelona.euses.cat\/wp-content\/uploads\/2021\/12\/22017-017-400x267.jpg 400w\" sizes=\"(max-width: 300px) 100vw, 300px\" \/><\/a>\n\t\t\t<\/dt><\/dl><dl class='gallery-item'>\n\t\t\t<dt class='gallery-icon landscape'>\n\t\t\t\t<a href='https:\/\/barcelona.euses.cat\/ca\/celebrat-lacte-de-graduacio-de-la-promocio-2016-20-del-grau-en-fisioterapia-udg-ub\/22017-018\/'><img loading=\"lazy\" decoding=\"async\" width=\"300\" height=\"200\" src=\"https:\/\/barcelona.euses.cat\/wp-content\/uploads\/2021\/12\/22017-018-300x200.jpg\" class=\"attachment-medium size-medium\" alt=\"\" srcset=\"https:\/\/barcelona.euses.cat\/wp-content\/uploads\/2021\/12\/22017-018-300x200.jpg 300w, https:\/\/barcelona.euses.cat\/wp-content\/uploads\/2021\/12\/22017-018-1024x683.jpg 1024w, https:\/\/barcelona.euses.cat\/wp-content\/uploads\/2021\/12\/22017-018-768x512.jpg 768w, https:\/\/barcelona.euses.cat\/wp-content\/uploads\/2021\/12\/22017-018-1536x1024.jpg 1536w, https:\/\/barcelona.euses.cat\/wp-content\/uploads\/2021\/12\/22017-018-2048x1365.jpg 2048w, https:\/\/barcelona.euses.cat\/wp-content\/uploads\/2021\/12\/22017-018-400x267.jpg 400w\" sizes=\"(max-width: 300px) 100vw, 300px\" \/><\/a>\n\t\t\t<\/dt><\/dl><br style=\"clear: both\" \/><dl class='gallery-item'>\n\t\t\t<dt class='gallery-icon landscape'>\n\t\t\t\t<a href='https:\/\/barcelona.euses.cat\/ca\/celebrat-lacte-de-graduacio-de-la-promocio-2016-20-del-grau-en-fisioterapia-udg-ub\/22017-019\/'><img loading=\"lazy\" decoding=\"async\" width=\"300\" height=\"200\" src=\"https:\/\/barcelona.euses.cat\/wp-content\/uploads\/2021\/12\/22017-019-300x200.jpg\" class=\"attachment-medium size-medium\" alt=\"\" srcset=\"https:\/\/barcelona.euses.cat\/wp-content\/uploads\/2021\/12\/22017-019-300x200.jpg 300w, https:\/\/barcelona.euses.cat\/wp-content\/uploads\/2021\/12\/22017-019-1024x683.jpg 1024w, https:\/\/barcelona.euses.cat\/wp-content\/uploads\/2021\/12\/22017-019-768x512.jpg 768w, https:\/\/barcelona.euses.cat\/wp-content\/uploads\/2021\/12\/22017-019-1536x1024.jpg 1536w, https:\/\/barcelona.euses.cat\/wp-content\/uploads\/2021\/12\/22017-019-2048x1365.jpg 2048w, https:\/\/barcelona.euses.cat\/wp-content\/uploads\/2021\/12\/22017-019-400x267.jpg 400w\" sizes=\"(max-width: 300px) 100vw, 300px\" \/><\/a>\n\t\t\t<\/dt><\/dl><dl class='gallery-item'>\n\t\t\t<dt class='gallery-icon landscape'>\n\t\t\t\t<a href='https:\/\/barcelona.euses.cat\/ca\/celebrat-lacte-de-graduacio-de-la-promocio-2016-20-del-grau-en-fisioterapia-udg-ub\/22017-020\/'><img loading=\"lazy\" decoding=\"async\" width=\"300\" height=\"200\" src=\"https:\/\/barcelona.euses.cat\/wp-content\/uploads\/2021\/12\/22017-020-300x200.jpg\" class=\"attachment-medium size-medium\" alt=\"\" srcset=\"https:\/\/barcelona.euses.cat\/wp-content\/uploads\/2021\/12\/22017-020-300x200.jpg 300w, https:\/\/barcelona.euses.cat\/wp-content\/uploads\/2021\/12\/22017-020-1024x683.jpg 1024w, https:\/\/barcelona.euses.cat\/wp-content\/uploads\/2021\/12\/22017-020-768x512.jpg 768w, https:\/\/barcelona.euses.cat\/wp-content\/uploads\/2021\/12\/22017-020-1536x1024.jpg 1536w, https:\/\/barcelona.euses.cat\/wp-content\/uploads\/2021\/12\/22017-020-2048x1365.jpg 2048w, https:\/\/barcelona.euses.cat\/wp-content\/uploads\/2021\/12\/22017-020-400x267.jpg 400w\" sizes=\"(max-width: 300px) 100vw, 300px\" \/><\/a>\n\t\t\t<\/dt><\/dl><dl class='gallery-item'>\n\t\t\t<dt class='gallery-icon landscape'>\n\t\t\t\t<a href='https:\/\/barcelona.euses.cat\/ca\/celebrat-lacte-de-graduacio-de-la-promocio-2016-20-del-grau-en-fisioterapia-udg-ub\/22017-021\/'><img loading=\"lazy\" decoding=\"async\" width=\"300\" height=\"200\" src=\"https:\/\/barcelona.euses.cat\/wp-content\/uploads\/2021\/12\/22017-021-300x200.jpg\" class=\"attachment-medium size-medium\" alt=\"\" srcset=\"https:\/\/barcelona.euses.cat\/wp-content\/uploads\/2021\/12\/22017-021-300x200.jpg 300w, https:\/\/barcelona.euses.cat\/wp-content\/uploads\/2021\/12\/22017-021-1024x683.jpg 1024w, https:\/\/barcelona.euses.cat\/wp-content\/uploads\/2021\/12\/22017-021-768x512.jpg 768w, https:\/\/barcelona.euses.cat\/wp-content\/uploads\/2021\/12\/22017-021-1536x1024.jpg 1536w, https:\/\/barcelona.euses.cat\/wp-content\/uploads\/2021\/12\/22017-021-2048x1365.jpg 2048w, https:\/\/barcelona.euses.cat\/wp-content\/uploads\/2021\/12\/22017-021-400x267.jpg 400w\" sizes=\"(max-width: 300px) 100vw, 300px\" \/><\/a>\n\t\t\t<\/dt><\/dl><br style=\"clear: both\" \/><dl class='gallery-item'>\n\t\t\t<dt class='gallery-icon landscape'>\n\t\t\t\t<a href='https:\/\/barcelona.euses.cat\/ca\/celebrat-lacte-de-graduacio-de-la-promocio-2016-20-del-grau-en-fisioterapia-udg-ub\/22017-022\/'><img loading=\"lazy\" decoding=\"async\" width=\"300\" height=\"200\" src=\"https:\/\/barcelona.euses.cat\/wp-content\/uploads\/2021\/12\/22017-022-300x200.jpg\" class=\"attachment-medium size-medium\" alt=\"\" srcset=\"https:\/\/barcelona.euses.cat\/wp-content\/uploads\/2021\/12\/22017-022-300x200.jpg 300w, https:\/\/barcelona.euses.cat\/wp-content\/uploads\/2021\/12\/22017-022-1024x683.jpg 1024w, https:\/\/barcelona.euses.cat\/wp-content\/uploads\/2021\/12\/22017-022-768x512.jpg 768w, https:\/\/barcelona.euses.cat\/wp-content\/uploads\/2021\/12\/22017-022-1536x1024.jpg 1536w, https:\/\/barcelona.euses.cat\/wp-content\/uploads\/2021\/12\/22017-022-2048x1365.jpg 2048w, https:\/\/barcelona.euses.cat\/wp-content\/uploads\/2021\/12\/22017-022-400x267.jpg 400w\" sizes=\"(max-width: 300px) 100vw, 300px\" \/><\/a>\n\t\t\t<\/dt><\/dl><dl class='gallery-item'>\n\t\t\t<dt class='gallery-icon landscape'>\n\t\t\t\t<a href='https:\/\/barcelona.euses.cat\/ca\/celebrat-lacte-de-graduacio-de-la-promocio-2016-20-del-grau-en-fisioterapia-udg-ub\/22017-023\/'><img loading=\"lazy\" decoding=\"async\" width=\"300\" height=\"200\" src=\"https:\/\/barcelona.euses.cat\/wp-content\/uploads\/2021\/12\/22017-023-300x200.jpg\" class=\"attachment-medium size-medium\" alt=\"\" srcset=\"https:\/\/barcelona.euses.cat\/wp-content\/uploads\/2021\/12\/22017-023-300x200.jpg 300w, https:\/\/barcelona.euses.cat\/wp-content\/uploads\/2021\/12\/22017-023-1024x683.jpg 1024w, https:\/\/barcelona.euses.cat\/wp-content\/uploads\/2021\/12\/22017-023-768x512.jpg 768w, https:\/\/barcelona.euses.cat\/wp-content\/uploads\/2021\/12\/22017-023-1536x1024.jpg 1536w, https:\/\/barcelona.euses.cat\/wp-content\/uploads\/2021\/12\/22017-023-2048x1365.jpg 2048w, https:\/\/barcelona.euses.cat\/wp-content\/uploads\/2021\/12\/22017-023-400x267.jpg 400w\" sizes=\"(max-width: 300px) 100vw, 300px\" \/><\/a>\n\t\t\t<\/dt><\/dl><dl class='gallery-item'>\n\t\t\t<dt class='gallery-icon landscape'>\n\t\t\t\t<a href='https:\/\/barcelona.euses.cat\/ca\/celebrat-lacte-de-graduacio-de-la-promocio-2016-20-del-grau-en-fisioterapia-udg-ub\/22017-024\/'><img loading=\"lazy\" decoding=\"async\" width=\"300\" height=\"200\" src=\"https:\/\/barcelona.euses.cat\/wp-content\/uploads\/2021\/12\/22017-024-300x200.jpg\" class=\"attachment-medium size-medium\" alt=\"\" srcset=\"https:\/\/barcelona.euses.cat\/wp-content\/uploads\/2021\/12\/22017-024-300x200.jpg 300w, https:\/\/barcelona.euses.cat\/wp-content\/uploads\/2021\/12\/22017-024-1024x683.jpg 1024w, https:\/\/barcelona.euses.cat\/wp-content\/uploads\/2021\/12\/22017-024-768x512.jpg 768w, https:\/\/barcelona.euses.cat\/wp-content\/uploads\/2021\/12\/22017-024-1536x1024.jpg 1536w, https:\/\/barcelona.euses.cat\/wp-content\/uploads\/2021\/12\/22017-024-2048x1365.jpg 2048w, https:\/\/barcelona.euses.cat\/wp-content\/uploads\/2021\/12\/22017-024-400x267.jpg 400w\" sizes=\"(max-width: 300px) 100vw, 300px\" \/><\/a>\n\t\t\t<\/dt><\/dl><br style=\"clear: both\" \/><dl class='gallery-item'>\n\t\t\t<dt class='gallery-icon landscape'>\n\t\t\t\t<a href='https:\/\/barcelona.euses.cat\/ca\/celebrat-lacte-de-graduacio-de-la-promocio-2016-20-del-grau-en-fisioterapia-udg-ub\/22017-025\/'><img loading=\"lazy\" decoding=\"async\" width=\"300\" height=\"200\" src=\"https:\/\/barcelona.euses.cat\/wp-content\/uploads\/2021\/12\/22017-025-300x200.jpg\" class=\"attachment-medium size-medium\" alt=\"\" srcset=\"https:\/\/barcelona.euses.cat\/wp-content\/uploads\/2021\/12\/22017-025-300x200.jpg 300w, https:\/\/barcelona.euses.cat\/wp-content\/uploads\/2021\/12\/22017-025-1024x683.jpg 1024w, https:\/\/barcelona.euses.cat\/wp-content\/uploads\/2021\/12\/22017-025-768x512.jpg 768w, https:\/\/barcelona.euses.cat\/wp-content\/uploads\/2021\/12\/22017-025-1536x1024.jpg 1536w, https:\/\/barcelona.euses.cat\/wp-content\/uploads\/2021\/12\/22017-025-2048x1365.jpg 2048w, https:\/\/barcelona.euses.cat\/wp-content\/uploads\/2021\/12\/22017-025-400x267.jpg 400w\" sizes=\"(max-width: 300px) 100vw, 300px\" \/><\/a>\n\t\t\t<\/dt><\/dl><dl class='gallery-item'>\n\t\t\t<dt class='gallery-icon portrait'>\n\t\t\t\t<a href='https:\/\/barcelona.euses.cat\/ca\/celebrat-lacte-de-graduacio-de-la-promocio-2016-20-del-grau-en-fisioterapia-udg-ub\/22017-026\/'><img loading=\"lazy\" decoding=\"async\" width=\"200\" height=\"300\" src=\"https:\/\/barcelona.euses.cat\/wp-content\/uploads\/2021\/12\/22017-026-200x300.jpg\" class=\"attachment-medium size-medium\" alt=\"\" srcset=\"https:\/\/barcelona.euses.cat\/wp-content\/uploads\/2021\/12\/22017-026-200x300.jpg 200w, https:\/\/barcelona.euses.cat\/wp-content\/uploads\/2021\/12\/22017-026-683x1024.jpg 683w, https:\/\/barcelona.euses.cat\/wp-content\/uploads\/2021\/12\/22017-026-768x1152.jpg 768w, https:\/\/barcelona.euses.cat\/wp-content\/uploads\/2021\/12\/22017-026-1024x1536.jpg 1024w, https:\/\/barcelona.euses.cat\/wp-content\/uploads\/2021\/12\/22017-026-1365x2048.jpg 1365w, https:\/\/barcelona.euses.cat\/wp-content\/uploads\/2021\/12\/22017-026-133x200.jpg 133w, https:\/\/barcelona.euses.cat\/wp-content\/uploads\/2021\/12\/22017-026-scaled.jpg 1707w\" sizes=\"(max-width: 200px) 100vw, 200px\" \/><\/a>\n\t\t\t<\/dt><\/dl><dl class='gallery-item'>\n\t\t\t<dt class='gallery-icon landscape'>\n\t\t\t\t<a href='https:\/\/barcelona.euses.cat\/ca\/celebrat-lacte-de-graduacio-de-la-promocio-2016-20-del-grau-en-fisioterapia-udg-ub\/22017-029\/'><img loading=\"lazy\" decoding=\"async\" width=\"300\" height=\"200\" src=\"https:\/\/barcelona.euses.cat\/wp-content\/uploads\/2021\/12\/22017-029-300x200.jpg\" class=\"attachment-medium size-medium\" alt=\"\" srcset=\"https:\/\/barcelona.euses.cat\/wp-content\/uploads\/2021\/12\/22017-029-300x200.jpg 300w, https:\/\/barcelona.euses.cat\/wp-content\/uploads\/2021\/12\/22017-029-1024x683.jpg 1024w, https:\/\/barcelona.euses.cat\/wp-content\/uploads\/2021\/12\/22017-029-768x512.jpg 768w, https:\/\/barcelona.euses.cat\/wp-content\/uploads\/2021\/12\/22017-029-1536x1024.jpg 1536w, https:\/\/barcelona.euses.cat\/wp-content\/uploads\/2021\/12\/22017-029-2048x1365.jpg 2048w, https:\/\/barcelona.euses.cat\/wp-content\/uploads\/2021\/12\/22017-029-400x267.jpg 400w\" sizes=\"(max-width: 300px) 100vw, 300px\" \/><\/a>\n\t\t\t<\/dt><\/dl><br style=\"clear: both\" \/><dl class='gallery-item'>\n\t\t\t<dt class='gallery-icon landscape'>\n\t\t\t\t<a href='https:\/\/barcelona.euses.cat\/ca\/celebrat-lacte-de-graduacio-de-la-promocio-2016-20-del-grau-en-fisioterapia-udg-ub\/22017-032\/'><img loading=\"lazy\" decoding=\"async\" width=\"300\" height=\"200\" src=\"https:\/\/barcelona.euses.cat\/wp-content\/uploads\/2021\/12\/22017-032-300x200.jpg\" class=\"attachment-medium size-medium\" alt=\"\" srcset=\"https:\/\/barcelona.euses.cat\/wp-content\/uploads\/2021\/12\/22017-032-300x200.jpg 300w, https:\/\/barcelona.euses.cat\/wp-content\/uploads\/2021\/12\/22017-032-1024x683.jpg 1024w, https:\/\/barcelona.euses.cat\/wp-content\/uploads\/2021\/12\/22017-032-768x512.jpg 768w, https:\/\/barcelona.euses.cat\/wp-content\/uploads\/2021\/12\/22017-032-1536x1024.jpg 1536w, https:\/\/barcelona.euses.cat\/wp-content\/uploads\/2021\/12\/22017-032-2048x1365.jpg 2048w, https:\/\/barcelona.euses.cat\/wp-content\/uploads\/2021\/12\/22017-032-400x267.jpg 400w\" sizes=\"(max-width: 300px) 100vw, 300px\" \/><\/a>\n\t\t\t<\/dt><\/dl><dl class='gallery-item'>\n\t\t\t<dt class='gallery-icon landscape'>\n\t\t\t\t<a href='https:\/\/barcelona.euses.cat\/ca\/celebrat-lacte-de-graduacio-de-la-promocio-2016-20-del-grau-en-fisioterapia-udg-ub\/22017-033\/'><img loading=\"lazy\" decoding=\"async\" width=\"300\" height=\"200\" src=\"https:\/\/barcelona.euses.cat\/wp-content\/uploads\/2021\/12\/22017-033-300x200.jpg\" class=\"attachment-medium size-medium\" alt=\"\" srcset=\"https:\/\/barcelona.euses.cat\/wp-content\/uploads\/2021\/12\/22017-033-300x200.jpg 300w, https:\/\/barcelona.euses.cat\/wp-content\/uploads\/2021\/12\/22017-033-1024x683.jpg 1024w, https:\/\/barcelona.euses.cat\/wp-content\/uploads\/2021\/12\/22017-033-768x512.jpg 768w, https:\/\/barcelona.euses.cat\/wp-content\/uploads\/2021\/12\/22017-033-1536x1024.jpg 1536w, https:\/\/barcelona.euses.cat\/wp-content\/uploads\/2021\/12\/22017-033-2048x1365.jpg 2048w, https:\/\/barcelona.euses.cat\/wp-content\/uploads\/2021\/12\/22017-033-400x267.jpg 400w\" sizes=\"(max-width: 300px) 100vw, 300px\" \/><\/a>\n\t\t\t<\/dt><\/dl><dl class='gallery-item'>\n\t\t\t<dt class='gallery-icon landscape'>\n\t\t\t\t<a href='https:\/\/barcelona.euses.cat\/ca\/celebrat-lacte-de-graduacio-de-la-promocio-2016-20-del-grau-en-fisioterapia-udg-ub\/22017-034\/'><img loading=\"lazy\" decoding=\"async\" width=\"300\" height=\"200\" src=\"https:\/\/barcelona.euses.cat\/wp-content\/uploads\/2021\/12\/22017-034-300x200.jpg\" class=\"attachment-medium size-medium\" alt=\"\" srcset=\"https:\/\/barcelona.euses.cat\/wp-content\/uploads\/2021\/12\/22017-034-300x200.jpg 300w, https:\/\/barcelona.euses.cat\/wp-content\/uploads\/2021\/12\/22017-034-1024x683.jpg 1024w, https:\/\/barcelona.euses.cat\/wp-content\/uploads\/2021\/12\/22017-034-768x512.jpg 768w, https:\/\/barcelona.euses.cat\/wp-content\/uploads\/2021\/12\/22017-034-1536x1024.jpg 1536w, https:\/\/barcelona.euses.cat\/wp-content\/uploads\/2021\/12\/22017-034-2048x1365.jpg 2048w, https:\/\/barcelona.euses.cat\/wp-content\/uploads\/2021\/12\/22017-034-400x267.jpg 400w\" sizes=\"(max-width: 300px) 100vw, 300px\" \/><\/a>\n\t\t\t<\/dt><\/dl><br style=\"clear: both\" \/><dl class='gallery-item'>\n\t\t\t<dt class='gallery-icon landscape'>\n\t\t\t\t<a href='https:\/\/barcelona.euses.cat\/ca\/celebrat-lacte-de-graduacio-de-la-promocio-2016-20-del-grau-en-fisioterapia-udg-ub\/22017-036\/'><img loading=\"lazy\" decoding=\"async\" width=\"300\" height=\"200\" src=\"https:\/\/barcelona.euses.cat\/wp-content\/uploads\/2021\/12\/22017-036-300x200.jpg\" class=\"attachment-medium size-medium\" alt=\"\" srcset=\"https:\/\/barcelona.euses.cat\/wp-content\/uploads\/2021\/12\/22017-036-300x200.jpg 300w, https:\/\/barcelona.euses.cat\/wp-content\/uploads\/2021\/12\/22017-036-1024x683.jpg 1024w, https:\/\/barcelona.euses.cat\/wp-content\/uploads\/2021\/12\/22017-036-768x512.jpg 768w, https:\/\/barcelona.euses.cat\/wp-content\/uploads\/2021\/12\/22017-036-1536x1024.jpg 1536w, https:\/\/barcelona.euses.cat\/wp-content\/uploads\/2021\/12\/22017-036-2048x1365.jpg 2048w, https:\/\/barcelona.euses.cat\/wp-content\/uploads\/2021\/12\/22017-036-400x267.jpg 400w\" sizes=\"(max-width: 300px) 100vw, 300px\" \/><\/a>\n\t\t\t<\/dt><\/dl><dl class='gallery-item'>\n\t\t\t<dt class='gallery-icon landscape'>\n\t\t\t\t<a href='https:\/\/barcelona.euses.cat\/ca\/celebrat-lacte-de-graduacio-de-la-promocio-2016-20-del-grau-en-fisioterapia-udg-ub\/22017-037\/'><img loading=\"lazy\" decoding=\"async\" width=\"300\" height=\"200\" src=\"https:\/\/barcelona.euses.cat\/wp-content\/uploads\/2021\/12\/22017-037-300x200.jpg\" class=\"attachment-medium size-medium\" alt=\"\" srcset=\"https:\/\/barcelona.euses.cat\/wp-content\/uploads\/2021\/12\/22017-037-300x200.jpg 300w, https:\/\/barcelona.euses.cat\/wp-content\/uploads\/2021\/12\/22017-037-1024x683.jpg 1024w, https:\/\/barcelona.euses.cat\/wp-content\/uploads\/2021\/12\/22017-037-768x512.jpg 768w, https:\/\/barcelona.euses.cat\/wp-content\/uploads\/2021\/12\/22017-037-1536x1024.jpg 1536w, https:\/\/barcelona.euses.cat\/wp-content\/uploads\/2021\/12\/22017-037-2048x1365.jpg 2048w, https:\/\/barcelona.euses.cat\/wp-content\/uploads\/2021\/12\/22017-037-400x267.jpg 400w\" sizes=\"(max-width: 300px) 100vw, 300px\" \/><\/a>\n\t\t\t<\/dt><\/dl><dl class='gallery-item'>\n\t\t\t<dt class='gallery-icon landscape'>\n\t\t\t\t<a href='https:\/\/barcelona.euses.cat\/ca\/celebrat-lacte-de-graduacio-de-la-promocio-2016-20-del-grau-en-fisioterapia-udg-ub\/22017-039\/'><img loading=\"lazy\" decoding=\"async\" width=\"300\" height=\"200\" src=\"https:\/\/barcelona.euses.cat\/wp-content\/uploads\/2021\/12\/22017-039-300x200.jpg\" class=\"attachment-medium size-medium\" alt=\"\" srcset=\"https:\/\/barcelona.euses.cat\/wp-content\/uploads\/2021\/12\/22017-039-300x200.jpg 300w, https:\/\/barcelona.euses.cat\/wp-content\/uploads\/2021\/12\/22017-039-1024x683.jpg 1024w, https:\/\/barcelona.euses.cat\/wp-content\/uploads\/2021\/12\/22017-039-768x512.jpg 768w, https:\/\/barcelona.euses.cat\/wp-content\/uploads\/2021\/12\/22017-039-1536x1024.jpg 1536w, https:\/\/barcelona.euses.cat\/wp-content\/uploads\/2021\/12\/22017-039-2048x1365.jpg 2048w, https:\/\/barcelona.euses.cat\/wp-content\/uploads\/2021\/12\/22017-039-400x267.jpg 400w\" sizes=\"(max-width: 300px) 100vw, 300px\" \/><\/a>\n\t\t\t<\/dt><\/dl><br style=\"clear: both\" \/><dl class='gallery-item'>\n\t\t\t<dt class='gallery-icon landscape'>\n\t\t\t\t<a href='https:\/\/barcelona.euses.cat\/ca\/celebrat-lacte-de-graduacio-de-la-promocio-2016-20-del-grau-en-fisioterapia-udg-ub\/22017-041\/'><img loading=\"lazy\" decoding=\"async\" width=\"300\" height=\"200\" src=\"https:\/\/barcelona.euses.cat\/wp-content\/uploads\/2021\/12\/22017-041-300x200.jpg\" class=\"attachment-medium size-medium\" alt=\"\" srcset=\"https:\/\/barcelona.euses.cat\/wp-content\/uploads\/2021\/12\/22017-041-300x200.jpg 300w, https:\/\/barcelona.euses.cat\/wp-content\/uploads\/2021\/12\/22017-041-1024x683.jpg 1024w, https:\/\/barcelona.euses.cat\/wp-content\/uploads\/2021\/12\/22017-041-768x512.jpg 768w, https:\/\/barcelona.euses.cat\/wp-content\/uploads\/2021\/12\/22017-041-1536x1024.jpg 1536w, https:\/\/barcelona.euses.cat\/wp-content\/uploads\/2021\/12\/22017-041-2048x1365.jpg 2048w, https:\/\/barcelona.euses.cat\/wp-content\/uploads\/2021\/12\/22017-041-400x267.jpg 400w\" sizes=\"(max-width: 300px) 100vw, 300px\" \/><\/a>\n\t\t\t<\/dt><\/dl><dl class='gallery-item'>\n\t\t\t<dt class='gallery-icon landscape'>\n\t\t\t\t<a href='https:\/\/barcelona.euses.cat\/ca\/celebrat-lacte-de-graduacio-de-la-promocio-2016-20-del-grau-en-fisioterapia-udg-ub\/22017-042\/'><img loading=\"lazy\" decoding=\"async\" width=\"300\" height=\"200\" src=\"https:\/\/barcelona.euses.cat\/wp-content\/uploads\/2021\/12\/22017-042-300x200.jpg\" class=\"attachment-medium size-medium\" alt=\"\" srcset=\"https:\/\/barcelona.euses.cat\/wp-content\/uploads\/2021\/12\/22017-042-300x200.jpg 300w, https:\/\/barcelona.euses.cat\/wp-content\/uploads\/2021\/12\/22017-042-1024x683.jpg 1024w, https:\/\/barcelona.euses.cat\/wp-content\/uploads\/2021\/12\/22017-042-768x512.jpg 768w, https:\/\/barcelona.euses.cat\/wp-content\/uploads\/2021\/12\/22017-042-1536x1024.jpg 1536w, https:\/\/barcelona.euses.cat\/wp-content\/uploads\/2021\/12\/22017-042-2048x1365.jpg 2048w, https:\/\/barcelona.euses.cat\/wp-content\/uploads\/2021\/12\/22017-042-400x267.jpg 400w\" sizes=\"(max-width: 300px) 100vw, 300px\" \/><\/a>\n\t\t\t<\/dt><\/dl><dl class='gallery-item'>\n\t\t\t<dt class='gallery-icon landscape'>\n\t\t\t\t<a href='https:\/\/barcelona.euses.cat\/ca\/celebrat-lacte-de-graduacio-de-la-promocio-2016-20-del-grau-en-fisioterapia-udg-ub\/22017-045\/'><img loading=\"lazy\" decoding=\"async\" width=\"300\" height=\"200\" src=\"https:\/\/barcelona.euses.cat\/wp-content\/uploads\/2021\/12\/22017-045-300x200.jpg\" class=\"attachment-medium size-medium\" alt=\"\" srcset=\"https:\/\/barcelona.euses.cat\/wp-content\/uploads\/2021\/12\/22017-045-300x200.jpg 300w, https:\/\/barcelona.euses.cat\/wp-content\/uploads\/2021\/12\/22017-045-1024x683.jpg 1024w, https:\/\/barcelona.euses.cat\/wp-content\/uploads\/2021\/12\/22017-045-768x512.jpg 768w, https:\/\/barcelona.euses.cat\/wp-content\/uploads\/2021\/12\/22017-045-1536x1024.jpg 1536w, https:\/\/barcelona.euses.cat\/wp-content\/uploads\/2021\/12\/22017-045-2048x1365.jpg 2048w, https:\/\/barcelona.euses.cat\/wp-content\/uploads\/2021\/12\/22017-045-400x267.jpg 400w\" sizes=\"(max-width: 300px) 100vw, 300px\" \/><\/a>\n\t\t\t<\/dt><\/dl><br style=\"clear: both\" \/><dl class='gallery-item'>\n\t\t\t<dt class='gallery-icon landscape'>\n\t\t\t\t<a href='https:\/\/barcelona.euses.cat\/ca\/celebrat-lacte-de-graduacio-de-la-promocio-2016-20-del-grau-en-fisioterapia-udg-ub\/22017-046\/'><img loading=\"lazy\" decoding=\"async\" width=\"300\" height=\"200\" src=\"https:\/\/barcelona.euses.cat\/wp-content\/uploads\/2021\/12\/22017-046-300x200.jpg\" class=\"attachment-medium size-medium\" alt=\"\" srcset=\"https:\/\/barcelona.euses.cat\/wp-content\/uploads\/2021\/12\/22017-046-300x200.jpg 300w, https:\/\/barcelona.euses.cat\/wp-content\/uploads\/2021\/12\/22017-046-1024x683.jpg 1024w, https:\/\/barcelona.euses.cat\/wp-content\/uploads\/2021\/12\/22017-046-768x512.jpg 768w, https:\/\/barcelona.euses.cat\/wp-content\/uploads\/2021\/12\/22017-046-1536x1024.jpg 1536w, https:\/\/barcelona.euses.cat\/wp-content\/uploads\/2021\/12\/22017-046-2048x1365.jpg 2048w, https:\/\/barcelona.euses.cat\/wp-content\/uploads\/2021\/12\/22017-046-400x267.jpg 400w\" sizes=\"(max-width: 300px) 100vw, 300px\" \/><\/a>\n\t\t\t<\/dt><\/dl><dl class='gallery-item'>\n\t\t\t<dt class='gallery-icon landscape'>\n\t\t\t\t<a href='https:\/\/barcelona.euses.cat\/ca\/celebrat-lacte-de-graduacio-de-la-promocio-2016-20-del-grau-en-fisioterapia-udg-ub\/22017-047\/'><img loading=\"lazy\" decoding=\"async\" width=\"300\" height=\"200\" src=\"https:\/\/barcelona.euses.cat\/wp-content\/uploads\/2021\/12\/22017-047-300x200.jpg\" class=\"attachment-medium size-medium\" alt=\"\" srcset=\"https:\/\/barcelona.euses.cat\/wp-content\/uploads\/2021\/12\/22017-047-300x200.jpg 300w, https:\/\/barcelona.euses.cat\/wp-content\/uploads\/2021\/12\/22017-047-1024x683.jpg 1024w, https:\/\/barcelona.euses.cat\/wp-content\/uploads\/2021\/12\/22017-047-768x512.jpg 768w, https:\/\/barcelona.euses.cat\/wp-content\/uploads\/2021\/12\/22017-047-1536x1024.jpg 1536w, https:\/\/barcelona.euses.cat\/wp-content\/uploads\/2021\/12\/22017-047-2048x1365.jpg 2048w, https:\/\/barcelona.euses.cat\/wp-content\/uploads\/2021\/12\/22017-047-400x267.jpg 400w\" sizes=\"(max-width: 300px) 100vw, 300px\" \/><\/a>\n\t\t\t<\/dt><\/dl><dl class='gallery-item'>\n\t\t\t<dt class='gallery-icon landscape'>\n\t\t\t\t<a href='https:\/\/barcelona.euses.cat\/ca\/celebrat-lacte-de-graduacio-de-la-promocio-2016-20-del-grau-en-fisioterapia-udg-ub\/22017-048\/'><img loading=\"lazy\" decoding=\"async\" width=\"300\" height=\"200\" src=\"https:\/\/barcelona.euses.cat\/wp-content\/uploads\/2021\/12\/22017-048-300x200.jpg\" class=\"attachment-medium size-medium\" alt=\"\" srcset=\"https:\/\/barcelona.euses.cat\/wp-content\/uploads\/2021\/12\/22017-048-300x200.jpg 300w, https:\/\/barcelona.euses.cat\/wp-content\/uploads\/2021\/12\/22017-048-1024x683.jpg 1024w, https:\/\/barcelona.euses.cat\/wp-content\/uploads\/2021\/12\/22017-048-768x512.jpg 768w, https:\/\/barcelona.euses.cat\/wp-content\/uploads\/2021\/12\/22017-048-1536x1024.jpg 1536w, https:\/\/barcelona.euses.cat\/wp-content\/uploads\/2021\/12\/22017-048-2048x1365.jpg 2048w, https:\/\/barcelona.euses.cat\/wp-content\/uploads\/2021\/12\/22017-048-400x267.jpg 400w\" sizes=\"(max-width: 300px) 100vw, 300px\" \/><\/a>\n\t\t\t<\/dt><\/dl><br style=\"clear: both\" \/><dl class='gallery-item'>\n\t\t\t<dt class='gallery-icon landscape'>\n\t\t\t\t<a href='https:\/\/barcelona.euses.cat\/ca\/celebrat-lacte-de-graduacio-de-la-promocio-2016-20-del-grau-en-fisioterapia-udg-ub\/22017-049\/'><img loading=\"lazy\" decoding=\"async\" width=\"300\" height=\"200\" src=\"https:\/\/barcelona.euses.cat\/wp-content\/uploads\/2021\/12\/22017-049-300x200.jpg\" class=\"attachment-medium size-medium\" alt=\"\" srcset=\"https:\/\/barcelona.euses.cat\/wp-content\/uploads\/2021\/12\/22017-049-300x200.jpg 300w, https:\/\/barcelona.euses.cat\/wp-content\/uploads\/2021\/12\/22017-049-1024x683.jpg 1024w, https:\/\/barcelona.euses.cat\/wp-content\/uploads\/2021\/12\/22017-049-768x512.jpg 768w, https:\/\/barcelona.euses.cat\/wp-content\/uploads\/2021\/12\/22017-049-1536x1024.jpg 1536w, https:\/\/barcelona.euses.cat\/wp-content\/uploads\/2021\/12\/22017-049-2048x1365.jpg 2048w, https:\/\/barcelona.euses.cat\/wp-content\/uploads\/2021\/12\/22017-049-400x267.jpg 400w\" sizes=\"(max-width: 300px) 100vw, 300px\" \/><\/a>\n\t\t\t<\/dt><\/dl><dl class='gallery-item'>\n\t\t\t<dt class='gallery-icon landscape'>\n\t\t\t\t<a href='https:\/\/barcelona.euses.cat\/ca\/celebrat-lacte-de-graduacio-de-la-promocio-2016-20-del-grau-en-fisioterapia-udg-ub\/22017-050\/'><img loading=\"lazy\" decoding=\"async\" width=\"300\" height=\"200\" src=\"https:\/\/barcelona.euses.cat\/wp-content\/uploads\/2021\/12\/22017-050-300x200.jpg\" class=\"attachment-medium size-medium\" alt=\"\" srcset=\"https:\/\/barcelona.euses.cat\/wp-content\/uploads\/2021\/12\/22017-050-300x200.jpg 300w, https:\/\/barcelona.euses.cat\/wp-content\/uploads\/2021\/12\/22017-050-1024x683.jpg 1024w, https:\/\/barcelona.euses.cat\/wp-content\/uploads\/2021\/12\/22017-050-768x512.jpg 768w, https:\/\/barcelona.euses.cat\/wp-content\/uploads\/2021\/12\/22017-050-1536x1024.jpg 1536w, https:\/\/barcelona.euses.cat\/wp-content\/uploads\/2021\/12\/22017-050-2048x1365.jpg 2048w, https:\/\/barcelona.euses.cat\/wp-content\/uploads\/2021\/12\/22017-050-400x267.jpg 400w\" sizes=\"(max-width: 300px) 100vw, 300px\" \/><\/a>\n\t\t\t<\/dt><\/dl><dl class='gallery-item'>\n\t\t\t<dt class='gallery-icon landscape'>\n\t\t\t\t<a href='https:\/\/barcelona.euses.cat\/ca\/celebrat-lacte-de-graduacio-de-la-promocio-2016-20-del-grau-en-fisioterapia-udg-ub\/22017-051\/'><img loading=\"lazy\" decoding=\"async\" width=\"300\" height=\"200\" src=\"https:\/\/barcelona.euses.cat\/wp-content\/uploads\/2021\/12\/22017-051-300x200.jpg\" class=\"attachment-medium size-medium\" alt=\"\" srcset=\"https:\/\/barcelona.euses.cat\/wp-content\/uploads\/2021\/12\/22017-051-300x200.jpg 300w, https:\/\/barcelona.euses.cat\/wp-content\/uploads\/2021\/12\/22017-051-1024x683.jpg 1024w, https:\/\/barcelona.euses.cat\/wp-content\/uploads\/2021\/12\/22017-051-768x512.jpg 768w, https:\/\/barcelona.euses.cat\/wp-content\/uploads\/2021\/12\/22017-051-1536x1024.jpg 1536w, https:\/\/barcelona.euses.cat\/wp-content\/uploads\/2021\/12\/22017-051-2048x1365.jpg 2048w, https:\/\/barcelona.euses.cat\/wp-content\/uploads\/2021\/12\/22017-051-400x267.jpg 400w\" sizes=\"(max-width: 300px) 100vw, 300px\" \/><\/a>\n\t\t\t<\/dt><\/dl><br style=\"clear: both\" \/><dl class='gallery-item'>\n\t\t\t<dt class='gallery-icon landscape'>\n\t\t\t\t<a href='https:\/\/barcelona.euses.cat\/ca\/celebrat-lacte-de-graduacio-de-la-promocio-2016-20-del-grau-en-fisioterapia-udg-ub\/22017-052\/'><img loading=\"lazy\" decoding=\"async\" width=\"300\" height=\"200\" src=\"https:\/\/barcelona.euses.cat\/wp-content\/uploads\/2021\/12\/22017-052-300x200.jpg\" class=\"attachment-medium size-medium\" alt=\"\" srcset=\"https:\/\/barcelona.euses.cat\/wp-content\/uploads\/2021\/12\/22017-052-300x200.jpg 300w, https:\/\/barcelona.euses.cat\/wp-content\/uploads\/2021\/12\/22017-052-1024x683.jpg 1024w, https:\/\/barcelona.euses.cat\/wp-content\/uploads\/2021\/12\/22017-052-768x512.jpg 768w, https:\/\/barcelona.euses.cat\/wp-content\/uploads\/2021\/12\/22017-052-1536x1024.jpg 1536w, https:\/\/barcelona.euses.cat\/wp-content\/uploads\/2021\/12\/22017-052-2048x1365.jpg 2048w, https:\/\/barcelona.euses.cat\/wp-content\/uploads\/2021\/12\/22017-052-400x267.jpg 400w\" sizes=\"(max-width: 300px) 100vw, 300px\" \/><\/a>\n\t\t\t<\/dt><\/dl><dl class='gallery-item'>\n\t\t\t<dt class='gallery-icon landscape'>\n\t\t\t\t<a href='https:\/\/barcelona.euses.cat\/ca\/celebrat-lacte-de-graduacio-de-la-promocio-2016-20-del-grau-en-fisioterapia-udg-ub\/22017-053\/'><img loading=\"lazy\" decoding=\"async\" width=\"300\" height=\"200\" src=\"https:\/\/barcelona.euses.cat\/wp-content\/uploads\/2021\/12\/22017-053-300x200.jpg\" class=\"attachment-medium size-medium\" alt=\"\" srcset=\"https:\/\/barcelona.euses.cat\/wp-content\/uploads\/2021\/12\/22017-053-300x200.jpg 300w, https:\/\/barcelona.euses.cat\/wp-content\/uploads\/2021\/12\/22017-053-1024x683.jpg 1024w, https:\/\/barcelona.euses.cat\/wp-content\/uploads\/2021\/12\/22017-053-768x512.jpg 768w, https:\/\/barcelona.euses.cat\/wp-content\/uploads\/2021\/12\/22017-053-1536x1024.jpg 1536w, https:\/\/barcelona.euses.cat\/wp-content\/uploads\/2021\/12\/22017-053-2048x1365.jpg 2048w, https:\/\/barcelona.euses.cat\/wp-content\/uploads\/2021\/12\/22017-053-400x267.jpg 400w\" sizes=\"(max-width: 300px) 100vw, 300px\" \/><\/a>\n\t\t\t<\/dt><\/dl><dl class='gallery-item'>\n\t\t\t<dt class='gallery-icon landscape'>\n\t\t\t\t<a href='https:\/\/barcelona.euses.cat\/ca\/celebrat-lacte-de-graduacio-de-la-promocio-2016-20-del-grau-en-fisioterapia-udg-ub\/22017-054\/'><img loading=\"lazy\" decoding=\"async\" width=\"300\" height=\"200\" src=\"https:\/\/barcelona.euses.cat\/wp-content\/uploads\/2021\/12\/22017-054-300x200.jpg\" class=\"attachment-medium size-medium\" alt=\"\" srcset=\"https:\/\/barcelona.euses.cat\/wp-content\/uploads\/2021\/12\/22017-054-300x200.jpg 300w, https:\/\/barcelona.euses.cat\/wp-content\/uploads\/2021\/12\/22017-054-1024x683.jpg 1024w, https:\/\/barcelona.euses.cat\/wp-content\/uploads\/2021\/12\/22017-054-768x512.jpg 768w, https:\/\/barcelona.euses.cat\/wp-content\/uploads\/2021\/12\/22017-054-1536x1024.jpg 1536w, https:\/\/barcelona.euses.cat\/wp-content\/uploads\/2021\/12\/22017-054-2048x1365.jpg 2048w, https:\/\/barcelona.euses.cat\/wp-content\/uploads\/2021\/12\/22017-054-400x267.jpg 400w\" sizes=\"(max-width: 300px) 100vw, 300px\" \/><\/a>\n\t\t\t<\/dt><\/dl><br style=\"clear: both\" \/><dl class='gallery-item'>\n\t\t\t<dt class='gallery-icon landscape'>\n\t\t\t\t<a href='https:\/\/barcelona.euses.cat\/ca\/celebrat-lacte-de-graduacio-de-la-promocio-2016-20-del-grau-en-fisioterapia-udg-ub\/22017-055\/'><img loading=\"lazy\" decoding=\"async\" width=\"300\" height=\"200\" src=\"https:\/\/barcelona.euses.cat\/wp-content\/uploads\/2021\/12\/22017-055-300x200.jpg\" class=\"attachment-medium size-medium\" alt=\"\" srcset=\"https:\/\/barcelona.euses.cat\/wp-content\/uploads\/2021\/12\/22017-055-300x200.jpg 300w, https:\/\/barcelona.euses.cat\/wp-content\/uploads\/2021\/12\/22017-055-1024x683.jpg 1024w, https:\/\/barcelona.euses.cat\/wp-content\/uploads\/2021\/12\/22017-055-768x512.jpg 768w, https:\/\/barcelona.euses.cat\/wp-content\/uploads\/2021\/12\/22017-055-1536x1024.jpg 1536w, https:\/\/barcelona.euses.cat\/wp-content\/uploads\/2021\/12\/22017-055-2048x1365.jpg 2048w, https:\/\/barcelona.euses.cat\/wp-content\/uploads\/2021\/12\/22017-055-400x267.jpg 400w\" sizes=\"(max-width: 300px) 100vw, 300px\" \/><\/a>\n\t\t\t<\/dt><\/dl><dl class='gallery-item'>\n\t\t\t<dt class='gallery-icon landscape'>\n\t\t\t\t<a href='https:\/\/barcelona.euses.cat\/ca\/celebrat-lacte-de-graduacio-de-la-promocio-2016-20-del-grau-en-fisioterapia-udg-ub\/22017-056\/'><img loading=\"lazy\" decoding=\"async\" width=\"300\" height=\"200\" src=\"https:\/\/barcelona.euses.cat\/wp-content\/uploads\/2021\/12\/22017-056-300x200.jpg\" class=\"attachment-medium size-medium\" alt=\"\" srcset=\"https:\/\/barcelona.euses.cat\/wp-content\/uploads\/2021\/12\/22017-056-300x200.jpg 300w, https:\/\/barcelona.euses.cat\/wp-content\/uploads\/2021\/12\/22017-056-1024x683.jpg 1024w, https:\/\/barcelona.euses.cat\/wp-content\/uploads\/2021\/12\/22017-056-768x512.jpg 768w, https:\/\/barcelona.euses.cat\/wp-content\/uploads\/2021\/12\/22017-056-1536x1024.jpg 1536w, https:\/\/barcelona.euses.cat\/wp-content\/uploads\/2021\/12\/22017-056-2048x1365.jpg 2048w, https:\/\/barcelona.euses.cat\/wp-content\/uploads\/2021\/12\/22017-056-400x267.jpg 400w\" sizes=\"(max-width: 300px) 100vw, 300px\" \/><\/a>\n\t\t\t<\/dt><\/dl><dl class='gallery-item'>\n\t\t\t<dt class='gallery-icon landscape'>\n\t\t\t\t<a href='https:\/\/barcelona.euses.cat\/ca\/celebrat-lacte-de-graduacio-de-la-promocio-2016-20-del-grau-en-fisioterapia-udg-ub\/22017-057\/'><img loading=\"lazy\" decoding=\"async\" width=\"300\" height=\"200\" src=\"https:\/\/barcelona.euses.cat\/wp-content\/uploads\/2021\/12\/22017-057-300x200.jpg\" class=\"attachment-medium size-medium\" alt=\"\" srcset=\"https:\/\/barcelona.euses.cat\/wp-content\/uploads\/2021\/12\/22017-057-300x200.jpg 300w, https:\/\/barcelona.euses.cat\/wp-content\/uploads\/2021\/12\/22017-057-1024x683.jpg 1024w, https:\/\/barcelona.euses.cat\/wp-content\/uploads\/2021\/12\/22017-057-768x512.jpg 768w, https:\/\/barcelona.euses.cat\/wp-content\/uploads\/2021\/12\/22017-057-1536x1024.jpg 1536w, https:\/\/barcelona.euses.cat\/wp-content\/uploads\/2021\/12\/22017-057-2048x1365.jpg 2048w, https:\/\/barcelona.euses.cat\/wp-content\/uploads\/2021\/12\/22017-057-400x267.jpg 400w\" sizes=\"(max-width: 300px) 100vw, 300px\" \/><\/a>\n\t\t\t<\/dt><\/dl><br style=\"clear: both\" \/><dl class='gallery-item'>\n\t\t\t<dt class='gallery-icon landscape'>\n\t\t\t\t<a href='https:\/\/barcelona.euses.cat\/ca\/celebrat-lacte-de-graduacio-de-la-promocio-2016-20-del-grau-en-fisioterapia-udg-ub\/22017-060\/'><img loading=\"lazy\" decoding=\"async\" width=\"300\" height=\"200\" src=\"https:\/\/barcelona.euses.cat\/wp-content\/uploads\/2021\/12\/22017-060-300x200.jpg\" class=\"attachment-medium size-medium\" alt=\"\" srcset=\"https:\/\/barcelona.euses.cat\/wp-content\/uploads\/2021\/12\/22017-060-300x200.jpg 300w, https:\/\/barcelona.euses.cat\/wp-content\/uploads\/2021\/12\/22017-060-1024x683.jpg 1024w, https:\/\/barcelona.euses.cat\/wp-content\/uploads\/2021\/12\/22017-060-768x512.jpg 768w, https:\/\/barcelona.euses.cat\/wp-content\/uploads\/2021\/12\/22017-060-1536x1024.jpg 1536w, https:\/\/barcelona.euses.cat\/wp-content\/uploads\/2021\/12\/22017-060-2048x1365.jpg 2048w, https:\/\/barcelona.euses.cat\/wp-content\/uploads\/2021\/12\/22017-060-400x267.jpg 400w\" sizes=\"(max-width: 300px) 100vw, 300px\" \/><\/a>\n\t\t\t<\/dt><\/dl><dl class='gallery-item'>\n\t\t\t<dt class='gallery-icon landscape'>\n\t\t\t\t<a href='https:\/\/barcelona.euses.cat\/ca\/celebrat-lacte-de-graduacio-de-la-promocio-2016-20-del-grau-en-fisioterapia-udg-ub\/22017-061\/'><img loading=\"lazy\" decoding=\"async\" width=\"300\" height=\"200\" src=\"https:\/\/barcelona.euses.cat\/wp-content\/uploads\/2021\/12\/22017-061-300x200.jpg\" class=\"attachment-medium size-medium\" alt=\"\" srcset=\"https:\/\/barcelona.euses.cat\/wp-content\/uploads\/2021\/12\/22017-061-300x200.jpg 300w, https:\/\/barcelona.euses.cat\/wp-content\/uploads\/2021\/12\/22017-061-1024x683.jpg 1024w, https:\/\/barcelona.euses.cat\/wp-content\/uploads\/2021\/12\/22017-061-768x512.jpg 768w, https:\/\/barcelona.euses.cat\/wp-content\/uploads\/2021\/12\/22017-061-1536x1024.jpg 1536w, https:\/\/barcelona.euses.cat\/wp-content\/uploads\/2021\/12\/22017-061-2048x1365.jpg 2048w, https:\/\/barcelona.euses.cat\/wp-content\/uploads\/2021\/12\/22017-061-400x267.jpg 400w\" sizes=\"(max-width: 300px) 100vw, 300px\" \/><\/a>\n\t\t\t<\/dt><\/dl><dl class='gallery-item'>\n\t\t\t<dt class='gallery-icon landscape'>\n\t\t\t\t<a href='https:\/\/barcelona.euses.cat\/ca\/celebrat-lacte-de-graduacio-de-la-promocio-2016-20-del-grau-en-fisioterapia-udg-ub\/22017-062\/'><img loading=\"lazy\" decoding=\"async\" width=\"300\" height=\"200\" src=\"https:\/\/barcelona.euses.cat\/wp-content\/uploads\/2021\/12\/22017-062-300x200.jpg\" class=\"attachment-medium size-medium\" alt=\"\" srcset=\"https:\/\/barcelona.euses.cat\/wp-content\/uploads\/2021\/12\/22017-062-300x200.jpg 300w, https:\/\/barcelona.euses.cat\/wp-content\/uploads\/2021\/12\/22017-062-1024x683.jpg 1024w, https:\/\/barcelona.euses.cat\/wp-content\/uploads\/2021\/12\/22017-062-768x512.jpg 768w, https:\/\/barcelona.euses.cat\/wp-content\/uploads\/2021\/12\/22017-062-1536x1024.jpg 1536w, https:\/\/barcelona.euses.cat\/wp-content\/uploads\/2021\/12\/22017-062-2048x1365.jpg 2048w, https:\/\/barcelona.euses.cat\/wp-content\/uploads\/2021\/12\/22017-062-400x267.jpg 400w\" sizes=\"(max-width: 300px) 100vw, 300px\" \/><\/a>\n\t\t\t<\/dt><\/dl><br style=\"clear: both\" \/><dl class='gallery-item'>\n\t\t\t<dt class='gallery-icon landscape'>\n\t\t\t\t<a href='https:\/\/barcelona.euses.cat\/ca\/celebrat-lacte-de-graduacio-de-la-promocio-2016-20-del-grau-en-fisioterapia-udg-ub\/22017-064\/'><img loading=\"lazy\" decoding=\"async\" width=\"300\" height=\"200\" src=\"https:\/\/barcelona.euses.cat\/wp-content\/uploads\/2021\/12\/22017-064-300x200.jpg\" class=\"attachment-medium size-medium\" alt=\"\" srcset=\"https:\/\/barcelona.euses.cat\/wp-content\/uploads\/2021\/12\/22017-064-300x200.jpg 300w, https:\/\/barcelona.euses.cat\/wp-content\/uploads\/2021\/12\/22017-064-1024x683.jpg 1024w, https:\/\/barcelona.euses.cat\/wp-content\/uploads\/2021\/12\/22017-064-768x512.jpg 768w, https:\/\/barcelona.euses.cat\/wp-content\/uploads\/2021\/12\/22017-064-1536x1024.jpg 1536w, https:\/\/barcelona.euses.cat\/wp-content\/uploads\/2021\/12\/22017-064-2048x1365.jpg 2048w, https:\/\/barcelona.euses.cat\/wp-content\/uploads\/2021\/12\/22017-064-400x267.jpg 400w\" sizes=\"(max-width: 300px) 100vw, 300px\" \/><\/a>\n\t\t\t<\/dt><\/dl><dl class='gallery-item'>\n\t\t\t<dt class='gallery-icon landscape'>\n\t\t\t\t<a href='https:\/\/barcelona.euses.cat\/ca\/celebrat-lacte-de-graduacio-de-la-promocio-2016-20-del-grau-en-fisioterapia-udg-ub\/22017-065\/'><img loading=\"lazy\" decoding=\"async\" width=\"300\" height=\"200\" src=\"https:\/\/barcelona.euses.cat\/wp-content\/uploads\/2021\/12\/22017-065-300x200.jpg\" class=\"attachment-medium size-medium\" alt=\"\" srcset=\"https:\/\/barcelona.euses.cat\/wp-content\/uploads\/2021\/12\/22017-065-300x200.jpg 300w, https:\/\/barcelona.euses.cat\/wp-content\/uploads\/2021\/12\/22017-065-1024x683.jpg 1024w, https:\/\/barcelona.euses.cat\/wp-content\/uploads\/2021\/12\/22017-065-768x512.jpg 768w, https:\/\/barcelona.euses.cat\/wp-content\/uploads\/2021\/12\/22017-065-1536x1024.jpg 1536w, https:\/\/barcelona.euses.cat\/wp-content\/uploads\/2021\/12\/22017-065-2048x1365.jpg 2048w, https:\/\/barcelona.euses.cat\/wp-content\/uploads\/2021\/12\/22017-065-400x267.jpg 400w\" sizes=\"(max-width: 300px) 100vw, 300px\" \/><\/a>\n\t\t\t<\/dt><\/dl><dl class='gallery-item'>\n\t\t\t<dt class='gallery-icon landscape'>\n\t\t\t\t<a href='https:\/\/barcelona.euses.cat\/ca\/celebrat-lacte-de-graduacio-de-la-promocio-2016-20-del-grau-en-fisioterapia-udg-ub\/22017-066\/'><img loading=\"lazy\" decoding=\"async\" width=\"300\" height=\"200\" src=\"https:\/\/barcelona.euses.cat\/wp-content\/uploads\/2021\/12\/22017-066-300x200.jpg\" class=\"attachment-medium size-medium\" alt=\"\" srcset=\"https:\/\/barcelona.euses.cat\/wp-content\/uploads\/2021\/12\/22017-066-300x200.jpg 300w, https:\/\/barcelona.euses.cat\/wp-content\/uploads\/2021\/12\/22017-066-1024x683.jpg 1024w, https:\/\/barcelona.euses.cat\/wp-content\/uploads\/2021\/12\/22017-066-768x512.jpg 768w, https:\/\/barcelona.euses.cat\/wp-content\/uploads\/2021\/12\/22017-066-1536x1024.jpg 1536w, https:\/\/barcelona.euses.cat\/wp-content\/uploads\/2021\/12\/22017-066-2048x1365.jpg 2048w, https:\/\/barcelona.euses.cat\/wp-content\/uploads\/2021\/12\/22017-066-400x267.jpg 400w\" sizes=\"(max-width: 300px) 100vw, 300px\" \/><\/a>\n\t\t\t<\/dt><\/dl><br style=\"clear: both\" \/><dl class='gallery-item'>\n\t\t\t<dt class='gallery-icon landscape'>\n\t\t\t\t<a href='https:\/\/barcelona.euses.cat\/ca\/celebrat-lacte-de-graduacio-de-la-promocio-2016-20-del-grau-en-fisioterapia-udg-ub\/22017-068\/'><img loading=\"lazy\" decoding=\"async\" width=\"300\" height=\"200\" src=\"https:\/\/barcelona.euses.cat\/wp-content\/uploads\/2021\/12\/22017-068-300x200.jpg\" class=\"attachment-medium size-medium\" alt=\"\" srcset=\"https:\/\/barcelona.euses.cat\/wp-content\/uploads\/2021\/12\/22017-068-300x200.jpg 300w, https:\/\/barcelona.euses.cat\/wp-content\/uploads\/2021\/12\/22017-068-1024x683.jpg 1024w, https:\/\/barcelona.euses.cat\/wp-content\/uploads\/2021\/12\/22017-068-768x512.jpg 768w, https:\/\/barcelona.euses.cat\/wp-content\/uploads\/2021\/12\/22017-068-1536x1024.jpg 1536w, https:\/\/barcelona.euses.cat\/wp-content\/uploads\/2021\/12\/22017-068-2048x1365.jpg 2048w, https:\/\/barcelona.euses.cat\/wp-content\/uploads\/2021\/12\/22017-068-400x267.jpg 400w\" sizes=\"(max-width: 300px) 100vw, 300px\" \/><\/a>\n\t\t\t<\/dt><\/dl><dl class='gallery-item'>\n\t\t\t<dt class='gallery-icon landscape'>\n\t\t\t\t<a href='https:\/\/barcelona.euses.cat\/ca\/celebrat-lacte-de-graduacio-de-la-promocio-2016-20-del-grau-en-fisioterapia-udg-ub\/22017-069\/'><img loading=\"lazy\" decoding=\"async\" width=\"300\" height=\"200\" src=\"https:\/\/barcelona.euses.cat\/wp-content\/uploads\/2021\/12\/22017-069-300x200.jpg\" class=\"attachment-medium size-medium\" alt=\"\" srcset=\"https:\/\/barcelona.euses.cat\/wp-content\/uploads\/2021\/12\/22017-069-300x200.jpg 300w, https:\/\/barcelona.euses.cat\/wp-content\/uploads\/2021\/12\/22017-069-1024x683.jpg 1024w, https:\/\/barcelona.euses.cat\/wp-content\/uploads\/2021\/12\/22017-069-768x512.jpg 768w, https:\/\/barcelona.euses.cat\/wp-content\/uploads\/2021\/12\/22017-069-1536x1024.jpg 1536w, https:\/\/barcelona.euses.cat\/wp-content\/uploads\/2021\/12\/22017-069-2048x1365.jpg 2048w, https:\/\/barcelona.euses.cat\/wp-content\/uploads\/2021\/12\/22017-069-400x267.jpg 400w\" sizes=\"(max-width: 300px) 100vw, 300px\" \/><\/a>\n\t\t\t<\/dt><\/dl><dl class='gallery-item'>\n\t\t\t<dt class='gallery-icon landscape'>\n\t\t\t\t<a href='https:\/\/barcelona.euses.cat\/ca\/celebrat-lacte-de-graduacio-de-la-promocio-2016-20-del-grau-en-fisioterapia-udg-ub\/22017-070\/'><img loading=\"lazy\" decoding=\"async\" width=\"300\" height=\"200\" src=\"https:\/\/barcelona.euses.cat\/wp-content\/uploads\/2021\/12\/22017-070-300x200.jpg\" class=\"attachment-medium size-medium\" alt=\"\" srcset=\"https:\/\/barcelona.euses.cat\/wp-content\/uploads\/2021\/12\/22017-070-300x200.jpg 300w, https:\/\/barcelona.euses.cat\/wp-content\/uploads\/2021\/12\/22017-070-1024x683.jpg 1024w, https:\/\/barcelona.euses.cat\/wp-content\/uploads\/2021\/12\/22017-070-768x512.jpg 768w, https:\/\/barcelona.euses.cat\/wp-content\/uploads\/2021\/12\/22017-070-1536x1024.jpg 1536w, https:\/\/barcelona.euses.cat\/wp-content\/uploads\/2021\/12\/22017-070-2048x1365.jpg 2048w, https:\/\/barcelona.euses.cat\/wp-content\/uploads\/2021\/12\/22017-070-400x267.jpg 400w\" sizes=\"(max-width: 300px) 100vw, 300px\" \/><\/a>\n\t\t\t<\/dt><\/dl><br style=\"clear: both\" \/><dl class='gallery-item'>\n\t\t\t<dt class='gallery-icon landscape'>\n\t\t\t\t<a href='https:\/\/barcelona.euses.cat\/ca\/celebrat-lacte-de-graduacio-de-la-promocio-2016-20-del-grau-en-fisioterapia-udg-ub\/22017-071\/'><img loading=\"lazy\" decoding=\"async\" width=\"300\" height=\"200\" src=\"https:\/\/barcelona.euses.cat\/wp-content\/uploads\/2021\/12\/22017-071-300x200.jpg\" class=\"attachment-medium size-medium\" alt=\"\" srcset=\"https:\/\/barcelona.euses.cat\/wp-content\/uploads\/2021\/12\/22017-071-300x200.jpg 300w, https:\/\/barcelona.euses.cat\/wp-content\/uploads\/2021\/12\/22017-071-1024x683.jpg 1024w, https:\/\/barcelona.euses.cat\/wp-content\/uploads\/2021\/12\/22017-071-768x512.jpg 768w, https:\/\/barcelona.euses.cat\/wp-content\/uploads\/2021\/12\/22017-071-1536x1024.jpg 1536w, https:\/\/barcelona.euses.cat\/wp-content\/uploads\/2021\/12\/22017-071-2048x1365.jpg 2048w, https:\/\/barcelona.euses.cat\/wp-content\/uploads\/2021\/12\/22017-071-400x267.jpg 400w\" sizes=\"(max-width: 300px) 100vw, 300px\" \/><\/a>\n\t\t\t<\/dt><\/dl><dl class='gallery-item'>\n\t\t\t<dt class='gallery-icon landscape'>\n\t\t\t\t<a href='https:\/\/barcelona.euses.cat\/ca\/celebrat-lacte-de-graduacio-de-la-promocio-2016-20-del-grau-en-fisioterapia-udg-ub\/22017-072\/'><img loading=\"lazy\" decoding=\"async\" width=\"300\" height=\"200\" src=\"https:\/\/barcelona.euses.cat\/wp-content\/uploads\/2021\/12\/22017-072-300x200.jpg\" class=\"attachment-medium size-medium\" alt=\"\" srcset=\"https:\/\/barcelona.euses.cat\/wp-content\/uploads\/2021\/12\/22017-072-300x200.jpg 300w, https:\/\/barcelona.euses.cat\/wp-content\/uploads\/2021\/12\/22017-072-1024x683.jpg 1024w, https:\/\/barcelona.euses.cat\/wp-content\/uploads\/2021\/12\/22017-072-768x512.jpg 768w, https:\/\/barcelona.euses.cat\/wp-content\/uploads\/2021\/12\/22017-072-1536x1024.jpg 1536w, https:\/\/barcelona.euses.cat\/wp-content\/uploads\/2021\/12\/22017-072-2048x1365.jpg 2048w, https:\/\/barcelona.euses.cat\/wp-content\/uploads\/2021\/12\/22017-072-400x267.jpg 400w\" sizes=\"(max-width: 300px) 100vw, 300px\" \/><\/a>\n\t\t\t<\/dt><\/dl><dl class='gallery-item'>\n\t\t\t<dt class='gallery-icon landscape'>\n\t\t\t\t<a href='https:\/\/barcelona.euses.cat\/ca\/celebrat-lacte-de-graduacio-de-la-promocio-2016-20-del-grau-en-fisioterapia-udg-ub\/22017-073\/'><img loading=\"lazy\" decoding=\"async\" width=\"300\" height=\"200\" src=\"https:\/\/barcelona.euses.cat\/wp-content\/uploads\/2021\/12\/22017-073-300x200.jpg\" class=\"attachment-medium size-medium\" alt=\"\" srcset=\"https:\/\/barcelona.euses.cat\/wp-content\/uploads\/2021\/12\/22017-073-300x200.jpg 300w, https:\/\/barcelona.euses.cat\/wp-content\/uploads\/2021\/12\/22017-073-1024x683.jpg 1024w, https:\/\/barcelona.euses.cat\/wp-content\/uploads\/2021\/12\/22017-073-768x512.jpg 768w, https:\/\/barcelona.euses.cat\/wp-content\/uploads\/2021\/12\/22017-073-1536x1024.jpg 1536w, https:\/\/barcelona.euses.cat\/wp-content\/uploads\/2021\/12\/22017-073-2048x1365.jpg 2048w, https:\/\/barcelona.euses.cat\/wp-content\/uploads\/2021\/12\/22017-073-400x267.jpg 400w\" sizes=\"(max-width: 300px) 100vw, 300px\" \/><\/a>\n\t\t\t<\/dt><\/dl><br style=\"clear: both\" \/>\n\t\t<\/div>\n\n","protected":false},"excerpt":{"rendered":"<p>Aquest passat divendres dia 17 de desembre es va celebrar a la sala d\u2019actes del Campus de Salut de Bellvitge, l\u2019acte de Graduaci\u00f3 del Grau en Fisioter\u00e0pia (t\u00edtol de la Universitat de Girona i de la Universitat de Barcelona) de la promoci\u00f3 2016\/2020 que en el seu dia es va haver d\u2019ajornar arran de les [&hellip;]<\/p>\n","protected":false},"author":3,"featured_media":10278,"comment_status":"open","ping_status":"closed","sticky":false,"template":"","format":"standard","meta":{"_acf_changed":false,"inline_featured_image":false,"_joinchat":[],"footnotes":""},"categories":[46],"tags":[],"class_list":["post-10276","post","type-post","status-publish","format-standard","has-post-thumbnail","hentry","category-sense-categoria"],"acf":[],"yoast_head":"<!-- This site is optimized with the Yoast SEO plugin v27.4 - https:\/\/yoast.com\/product\/yoast-seo-wordpress\/ -->\n<title>Celebrat l\u2019acte de Graduaci\u00f3 de la promoci\u00f3 2016\/20 del Grau en Fisioter\u00e0pia (UdG-UB) | EUSES- Campus de Bellvitge (Barcelona)<\/title>\n<meta name=\"robots\" content=\"index, follow, max-snippet:-1, max-image-preview:large, max-video-preview:-1\" \/>\n<link rel=\"canonical\" href=\"https:\/\/barcelona.euses.cat\/ca\/celebrat-lacte-de-graduacio-de-la-promocio-2016-20-del-grau-en-fisioterapia-udg-ub\/\" \/>\n<meta property=\"og:locale\" content=\"ca_ES\" \/>\n<meta property=\"og:type\" content=\"article\" \/>\n<meta property=\"og:title\" content=\"Celebrat l\u2019acte de Graduaci\u00f3 de la promoci\u00f3 2016\/20 del Grau en Fisioter\u00e0pia (UdG-UB) | EUSES- Campus de Bellvitge (Barcelona)\" \/>\n<meta property=\"og:description\" content=\"Aquest passat divendres dia 17 de desembre es va celebrar a la sala d\u2019actes del Campus de Salut de Bellvitge, l\u2019acte de Graduaci\u00f3 del Grau en Fisioter\u00e0pia (t\u00edtol de la Universitat de Girona i de la Universitat de Barcelona) de la promoci\u00f3 2016\/2020 que en el seu dia es va haver d\u2019ajornar arran de les [&hellip;]\" \/>\n<meta property=\"og:url\" content=\"https:\/\/barcelona.euses.cat\/ca\/celebrat-lacte-de-graduacio-de-la-promocio-2016-20-del-grau-en-fisioterapia-udg-ub\/\" \/>\n<meta property=\"og:site_name\" content=\"EUSES- Campus de Bellvitge (Barcelona)\" \/>\n<meta property=\"article:publisher\" content=\"https:\/\/www.facebook.com\/PhysioBCN\/\" \/>\n<meta property=\"article:published_time\" content=\"2021-12-23T08:16:14+00:00\" \/>\n<meta property=\"og:image\" content=\"https:\/\/barcelona.euses.cat\/wp-content\/uploads\/2021\/12\/22017-074-1024x683.jpg\" \/>\n\t<meta property=\"og:image:width\" content=\"1024\" \/>\n\t<meta property=\"og:image:height\" content=\"683\" \/>\n\t<meta property=\"og:image:type\" content=\"image\/jpeg\" \/>\n<meta name=\"author\" content=\"Jordi Danes\" \/>\n<meta name=\"twitter:card\" content=\"summary_large_image\" \/>\n<meta name=\"twitter:label1\" content=\"Escrit per\" \/>\n\t<meta name=\"twitter:data1\" content=\"Jordi Danes\" \/>\n\t<meta name=\"twitter:label2\" content=\"Temps estimat de lectura\" \/>\n\t<meta name=\"twitter:data2\" content=\"1 minut\" \/>\n<script type=\"application\/ld+json\" class=\"yoast-schema-graph\">{\"@context\":\"https:\\\/\\\/schema.org\",\"@graph\":[{\"@type\":\"Article\",\"@id\":\"https:\\\/\\\/barcelona.euses.cat\\\/ca\\\/celebrat-lacte-de-graduacio-de-la-promocio-2016-20-del-grau-en-fisioterapia-udg-ub\\\/#article\",\"isPartOf\":{\"@id\":\"https:\\\/\\\/barcelona.euses.cat\\\/ca\\\/celebrat-lacte-de-graduacio-de-la-promocio-2016-20-del-grau-en-fisioterapia-udg-ub\\\/\"},\"author\":{\"name\":\"Jordi Danes\",\"@id\":\"https:\\\/\\\/barcelona.euses.cat\\\/ca\\\/#\\\/schema\\\/person\\\/8ab46080dfc4814fa59383db317735bd\"},\"headline\":\"Celebrat l\u2019acte de Graduaci\u00f3 de la promoci\u00f3 2016\\\/20 del Grau en Fisioter\u00e0pia (UdG-UB)\",\"datePublished\":\"2021-12-23T08:16:14+00:00\",\"mainEntityOfPage\":{\"@id\":\"https:\\\/\\\/barcelona.euses.cat\\\/ca\\\/celebrat-lacte-de-graduacio-de-la-promocio-2016-20-del-grau-en-fisioterapia-udg-ub\\\/\"},\"wordCount\":171,\"commentCount\":0,\"image\":{\"@id\":\"https:\\\/\\\/barcelona.euses.cat\\\/ca\\\/celebrat-lacte-de-graduacio-de-la-promocio-2016-20-del-grau-en-fisioterapia-udg-ub\\\/#primaryimage\"},\"thumbnailUrl\":\"https:\\\/\\\/barcelona.euses.cat\\\/wp-content\\\/uploads\\\/2021\\\/12\\\/22017-074.jpg\",\"articleSection\":[\"sense categoria\"],\"inLanguage\":\"ca\"},{\"@type\":\"WebPage\",\"@id\":\"https:\\\/\\\/barcelona.euses.cat\\\/ca\\\/celebrat-lacte-de-graduacio-de-la-promocio-2016-20-del-grau-en-fisioterapia-udg-ub\\\/\",\"url\":\"https:\\\/\\\/barcelona.euses.cat\\\/ca\\\/celebrat-lacte-de-graduacio-de-la-promocio-2016-20-del-grau-en-fisioterapia-udg-ub\\\/\",\"name\":\"Celebrat l\u2019acte de Graduaci\u00f3 de la promoci\u00f3 2016\\\/20 del Grau en Fisioter\u00e0pia (UdG-UB) | EUSES- Campus de Bellvitge (Barcelona)\",\"isPartOf\":{\"@id\":\"https:\\\/\\\/barcelona.euses.cat\\\/ca\\\/#website\"},\"primaryImageOfPage\":{\"@id\":\"https:\\\/\\\/barcelona.euses.cat\\\/ca\\\/celebrat-lacte-de-graduacio-de-la-promocio-2016-20-del-grau-en-fisioterapia-udg-ub\\\/#primaryimage\"},\"image\":{\"@id\":\"https:\\\/\\\/barcelona.euses.cat\\\/ca\\\/celebrat-lacte-de-graduacio-de-la-promocio-2016-20-del-grau-en-fisioterapia-udg-ub\\\/#primaryimage\"},\"thumbnailUrl\":\"https:\\\/\\\/barcelona.euses.cat\\\/wp-content\\\/uploads\\\/2021\\\/12\\\/22017-074.jpg\",\"datePublished\":\"2021-12-23T08:16:14+00:00\",\"author\":{\"@id\":\"https:\\\/\\\/barcelona.euses.cat\\\/ca\\\/#\\\/schema\\\/person\\\/8ab46080dfc4814fa59383db317735bd\"},\"breadcrumb\":{\"@id\":\"https:\\\/\\\/barcelona.euses.cat\\\/ca\\\/celebrat-lacte-de-graduacio-de-la-promocio-2016-20-del-grau-en-fisioterapia-udg-ub\\\/#breadcrumb\"},\"inLanguage\":\"ca\",\"potentialAction\":[{\"@type\":\"ReadAction\",\"target\":[\"https:\\\/\\\/barcelona.euses.cat\\\/ca\\\/celebrat-lacte-de-graduacio-de-la-promocio-2016-20-del-grau-en-fisioterapia-udg-ub\\\/\"]}]},{\"@type\":\"ImageObject\",\"inLanguage\":\"ca\",\"@id\":\"https:\\\/\\\/barcelona.euses.cat\\\/ca\\\/celebrat-lacte-de-graduacio-de-la-promocio-2016-20-del-grau-en-fisioterapia-udg-ub\\\/#primaryimage\",\"url\":\"https:\\\/\\\/barcelona.euses.cat\\\/wp-content\\\/uploads\\\/2021\\\/12\\\/22017-074.jpg\",\"contentUrl\":\"https:\\\/\\\/barcelona.euses.cat\\\/wp-content\\\/uploads\\\/2021\\\/12\\\/22017-074.jpg\",\"width\":2304,\"height\":1536},{\"@type\":\"BreadcrumbList\",\"@id\":\"https:\\\/\\\/barcelona.euses.cat\\\/ca\\\/celebrat-lacte-de-graduacio-de-la-promocio-2016-20-del-grau-en-fisioterapia-udg-ub\\\/#breadcrumb\",\"itemListElement\":[{\"@type\":\"ListItem\",\"position\":1,\"name\":\"Portada\",\"item\":\"https:\\\/\\\/barcelona.euses.cat\\\/ca\\\/\"},{\"@type\":\"ListItem\",\"position\":2,\"name\":\"Celebrat l\u2019acte de Graduaci\u00f3 de la promoci\u00f3 2016\\\/20 del Grau en Fisioter\u00e0pia (UdG-UB)\"}]},{\"@type\":\"WebSite\",\"@id\":\"https:\\\/\\\/barcelona.euses.cat\\\/ca\\\/#website\",\"url\":\"https:\\\/\\\/barcelona.euses.cat\\\/ca\\\/\",\"name\":\"EUSES - Campus de Bellvitge (Barcelona)\",\"description\":\"EUSES, Escola Universit\u00e0ria de Fisioter\u00e0pia Internacional a Barcelona\",\"potentialAction\":[{\"@type\":\"SearchAction\",\"target\":{\"@type\":\"EntryPoint\",\"urlTemplate\":\"https:\\\/\\\/barcelona.euses.cat\\\/ca\\\/?s={search_term_string}\"},\"query-input\":{\"@type\":\"PropertyValueSpecification\",\"valueRequired\":true,\"valueName\":\"search_term_string\"}}],\"inLanguage\":\"ca\"},{\"@type\":\"Person\",\"@id\":\"https:\\\/\\\/barcelona.euses.cat\\\/ca\\\/#\\\/schema\\\/person\\\/8ab46080dfc4814fa59383db317735bd\",\"name\":\"Jordi Danes\",\"image\":{\"@type\":\"ImageObject\",\"inLanguage\":\"ca\",\"@id\":\"https:\\\/\\\/secure.gravatar.com\\\/avatar\\\/a9e4f443b594af225625ee8cfa665e41b1e0740ea34fbe0515b4ca559f8570ef?s=96&d=mm&r=g\",\"url\":\"https:\\\/\\\/secure.gravatar.com\\\/avatar\\\/a9e4f443b594af225625ee8cfa665e41b1e0740ea34fbe0515b4ca559f8570ef?s=96&d=mm&r=g\",\"contentUrl\":\"https:\\\/\\\/secure.gravatar.com\\\/avatar\\\/a9e4f443b594af225625ee8cfa665e41b1e0740ea34fbe0515b4ca559f8570ef?s=96&d=mm&r=g\",\"caption\":\"Jordi Danes\"},\"url\":\"https:\\\/\\\/barcelona.euses.cat\\\/ca\\\/author\\\/jordi-danes\\\/\"}]}<\/script>\n<!-- \/ Yoast SEO plugin. -->","yoast_head_json":{"title":"Celebrat l\u2019acte de Graduaci\u00f3 de la promoci\u00f3 2016\/20 del Grau en Fisioter\u00e0pia (UdG-UB) | EUSES- Campus de Bellvitge (Barcelona)","robots":{"index":"index","follow":"follow","max-snippet":"max-snippet:-1","max-image-preview":"max-image-preview:large","max-video-preview":"max-video-preview:-1"},"canonical":"https:\/\/barcelona.euses.cat\/ca\/celebrat-lacte-de-graduacio-de-la-promocio-2016-20-del-grau-en-fisioterapia-udg-ub\/","og_locale":"ca_ES","og_type":"article","og_title":"Celebrat l\u2019acte de Graduaci\u00f3 de la promoci\u00f3 2016\/20 del Grau en Fisioter\u00e0pia (UdG-UB) | EUSES- Campus de Bellvitge (Barcelona)","og_description":"Aquest passat divendres dia 17 de desembre es va celebrar a la sala d\u2019actes del Campus de Salut de Bellvitge, l\u2019acte de Graduaci\u00f3 del Grau en Fisioter\u00e0pia (t\u00edtol de la Universitat de Girona i de la Universitat de Barcelona) de la promoci\u00f3 2016\/2020 que en el seu dia es va haver d\u2019ajornar arran de les [&hellip;]","og_url":"https:\/\/barcelona.euses.cat\/ca\/celebrat-lacte-de-graduacio-de-la-promocio-2016-20-del-grau-en-fisioterapia-udg-ub\/","og_site_name":"EUSES- Campus de Bellvitge (Barcelona)","article_publisher":"https:\/\/www.facebook.com\/PhysioBCN\/","article_published_time":"2021-12-23T08:16:14+00:00","og_image":[{"width":1024,"height":683,"url":"https:\/\/barcelona.euses.cat\/wp-content\/uploads\/2021\/12\/22017-074-1024x683.jpg","type":"image\/jpeg"}],"author":"Jordi Danes","twitter_card":"summary_large_image","twitter_misc":{"Escrit per":"Jordi Danes","Temps estimat de lectura":"1 minut"},"schema":{"@context":"https:\/\/schema.org","@graph":[{"@type":"Article","@id":"https:\/\/barcelona.euses.cat\/ca\/celebrat-lacte-de-graduacio-de-la-promocio-2016-20-del-grau-en-fisioterapia-udg-ub\/#article","isPartOf":{"@id":"https:\/\/barcelona.euses.cat\/ca\/celebrat-lacte-de-graduacio-de-la-promocio-2016-20-del-grau-en-fisioterapia-udg-ub\/"},"author":{"name":"Jordi Danes","@id":"https:\/\/barcelona.euses.cat\/ca\/#\/schema\/person\/8ab46080dfc4814fa59383db317735bd"},"headline":"Celebrat l\u2019acte de Graduaci\u00f3 de la promoci\u00f3 2016\/20 del Grau en Fisioter\u00e0pia (UdG-UB)","datePublished":"2021-12-23T08:16:14+00:00","mainEntityOfPage":{"@id":"https:\/\/barcelona.euses.cat\/ca\/celebrat-lacte-de-graduacio-de-la-promocio-2016-20-del-grau-en-fisioterapia-udg-ub\/"},"wordCount":171,"commentCount":0,"image":{"@id":"https:\/\/barcelona.euses.cat\/ca\/celebrat-lacte-de-graduacio-de-la-promocio-2016-20-del-grau-en-fisioterapia-udg-ub\/#primaryimage"},"thumbnailUrl":"https:\/\/barcelona.euses.cat\/wp-content\/uploads\/2021\/12\/22017-074.jpg","articleSection":["sense categoria"],"inLanguage":"ca"},{"@type":"WebPage","@id":"https:\/\/barcelona.euses.cat\/ca\/celebrat-lacte-de-graduacio-de-la-promocio-2016-20-del-grau-en-fisioterapia-udg-ub\/","url":"https:\/\/barcelona.euses.cat\/ca\/celebrat-lacte-de-graduacio-de-la-promocio-2016-20-del-grau-en-fisioterapia-udg-ub\/","name":"Celebrat l\u2019acte de Graduaci\u00f3 de la promoci\u00f3 2016\/20 del Grau en Fisioter\u00e0pia (UdG-UB) | EUSES- Campus de Bellvitge (Barcelona)","isPartOf":{"@id":"https:\/\/barcelona.euses.cat\/ca\/#website"},"primaryImageOfPage":{"@id":"https:\/\/barcelona.euses.cat\/ca\/celebrat-lacte-de-graduacio-de-la-promocio-2016-20-del-grau-en-fisioterapia-udg-ub\/#primaryimage"},"image":{"@id":"https:\/\/barcelona.euses.cat\/ca\/celebrat-lacte-de-graduacio-de-la-promocio-2016-20-del-grau-en-fisioterapia-udg-ub\/#primaryimage"},"thumbnailUrl":"https:\/\/barcelona.euses.cat\/wp-content\/uploads\/2021\/12\/22017-074.jpg","datePublished":"2021-12-23T08:16:14+00:00","author":{"@id":"https:\/\/barcelona.euses.cat\/ca\/#\/schema\/person\/8ab46080dfc4814fa59383db317735bd"},"breadcrumb":{"@id":"https:\/\/barcelona.euses.cat\/ca\/celebrat-lacte-de-graduacio-de-la-promocio-2016-20-del-grau-en-fisioterapia-udg-ub\/#breadcrumb"},"inLanguage":"ca","potentialAction":[{"@type":"ReadAction","target":["https:\/\/barcelona.euses.cat\/ca\/celebrat-lacte-de-graduacio-de-la-promocio-2016-20-del-grau-en-fisioterapia-udg-ub\/"]}]},{"@type":"ImageObject","inLanguage":"ca","@id":"https:\/\/barcelona.euses.cat\/ca\/celebrat-lacte-de-graduacio-de-la-promocio-2016-20-del-grau-en-fisioterapia-udg-ub\/#primaryimage","url":"https:\/\/barcelona.euses.cat\/wp-content\/uploads\/2021\/12\/22017-074.jpg","contentUrl":"https:\/\/barcelona.euses.cat\/wp-content\/uploads\/2021\/12\/22017-074.jpg","width":2304,"height":1536},{"@type":"BreadcrumbList","@id":"https:\/\/barcelona.euses.cat\/ca\/celebrat-lacte-de-graduacio-de-la-promocio-2016-20-del-grau-en-fisioterapia-udg-ub\/#breadcrumb","itemListElement":[{"@type":"ListItem","position":1,"name":"Portada","item":"https:\/\/barcelona.euses.cat\/ca\/"},{"@type":"ListItem","position":2,"name":"Celebrat l\u2019acte de Graduaci\u00f3 de la promoci\u00f3 2016\/20 del Grau en Fisioter\u00e0pia (UdG-UB)"}]},{"@type":"WebSite","@id":"https:\/\/barcelona.euses.cat\/ca\/#website","url":"https:\/\/barcelona.euses.cat\/ca\/","name":"EUSES - Campus de Bellvitge (Barcelona)","description":"EUSES, Escola Universit\u00e0ria de Fisioter\u00e0pia Internacional a Barcelona","potentialAction":[{"@type":"SearchAction","target":{"@type":"EntryPoint","urlTemplate":"https:\/\/barcelona.euses.cat\/ca\/?s={search_term_string}"},"query-input":{"@type":"PropertyValueSpecification","valueRequired":true,"valueName":"search_term_string"}}],"inLanguage":"ca"},{"@type":"Person","@id":"https:\/\/barcelona.euses.cat\/ca\/#\/schema\/person\/8ab46080dfc4814fa59383db317735bd","name":"Jordi Danes","image":{"@type":"ImageObject","inLanguage":"ca","@id":"https:\/\/secure.gravatar.com\/avatar\/a9e4f443b594af225625ee8cfa665e41b1e0740ea34fbe0515b4ca559f8570ef?s=96&d=mm&r=g","url":"https:\/\/secure.gravatar.com\/avatar\/a9e4f443b594af225625ee8cfa665e41b1e0740ea34fbe0515b4ca559f8570ef?s=96&d=mm&r=g","contentUrl":"https:\/\/secure.gravatar.com\/avatar\/a9e4f443b594af225625ee8cfa665e41b1e0740ea34fbe0515b4ca559f8570ef?s=96&d=mm&r=g","caption":"Jordi Danes"},"url":"https:\/\/barcelona.euses.cat\/ca\/author\/jordi-danes\/"}]}},"_links":{"self":[{"href":"https:\/\/barcelona.euses.cat\/ca\/wp-json\/wp\/v2\/posts\/10276","targetHints":{"allow":["GET"]}}],"collection":[{"href":"https:\/\/barcelona.euses.cat\/ca\/wp-json\/wp\/v2\/posts"}],"about":[{"href":"https:\/\/barcelona.euses.cat\/ca\/wp-json\/wp\/v2\/types\/post"}],"author":[{"embeddable":true,"href":"https:\/\/barcelona.euses.cat\/ca\/wp-json\/wp\/v2\/users\/3"}],"replies":[{"embeddable":true,"href":"https:\/\/barcelona.euses.cat\/ca\/wp-json\/wp\/v2\/comments?post=10276"}],"version-history":[{"count":2,"href":"https:\/\/barcelona.euses.cat\/ca\/wp-json\/wp\/v2\/posts\/10276\/revisions"}],"predecessor-version":[{"id":10498,"href":"https:\/\/barcelona.euses.cat\/ca\/wp-json\/wp\/v2\/posts\/10276\/revisions\/10498"}],"wp:featuredmedia":[{"embeddable":true,"href":"https:\/\/barcelona.euses.cat\/ca\/wp-json\/wp\/v2\/media\/10278"}],"wp:attachment":[{"href":"https:\/\/barcelona.euses.cat\/ca\/wp-json\/wp\/v2\/media?parent=10276"}],"wp:term":[{"taxonomy":"category","embeddable":true,"href":"https:\/\/barcelona.euses.cat\/ca\/wp-json\/wp\/v2\/categories?post=10276"},{"taxonomy":"post_tag","embeddable":true,"href":"https:\/\/barcelona.euses.cat\/ca\/wp-json\/wp\/v2\/tags?post=10276"}],"curies":[{"name":"wp","href":"https:\/\/api.w.org\/{rel}","templated":true}]}}