{"id":10221,"date":"2021-12-15T08:41:52","date_gmt":"2021-12-15T07:41:52","guid":{"rendered":"https:\/\/barcelona.euses.cat\/?p=10221"},"modified":"2021-12-21T10:50:39","modified_gmt":"2021-12-21T09:50:39","slug":"silvia-roche-directora-deuses-alumni-hem-fet-10-anys-pero-el-nostre-repte-es-seguir-millorar-dia-a-dia-per-ser-cada-vegada-mes-utils-i-eficients","status":"publish","type":"post","link":"https:\/\/barcelona.euses.cat\/ca\/silvia-roche-directora-deuses-alumni-hem-fet-10-anys-pero-el-nostre-repte-es-seguir-millorar-dia-a-dia-per-ser-cada-vegada-mes-utils-i-eficients\/","title":{"rendered":"S\u00edlvia Roche, directora d\u2019EUSES Alumni: \u201cHem fet 10 anys, per\u00f2 el nostre repte \u00e9s seguir millorant dia a dia per ser cada vegada m\u00e9s \u00fatils i eficients\u201d"},"content":{"rendered":"<p>Tal dia com avui de fa 10 anys va n\u00e9ixer <a href=\"https:\/\/www.alumni.euses.cat\/ca\/\" target=\"_blank\" rel=\"noopener noreferrer\">EUSES Alumni<\/a>. I va veure la llum coincidint amb una pon\u00e8ncia de dos ciclistes d\u2019elit com Michael Barry (aleshores integrant del Team Sky) i la seva dona, Deirdre \u201cDede\u201d Barry (plata en contrarellotge als Jocs d\u2019Atenes 2004). Ells dos van apadrinar una associaci\u00f3 que avui \u00e9s un dels grans actius de l\u2019EUSES amb m\u00e9s de 1.000 inscrits. S\u00edlvia Roche, fundadora i directora, continua al capdavant d\u2019Alumni i en aquesta entrevista ens fa un rep\u00e0s del passat, present i futur de l\u2019associaci\u00f3 de graduats per l\u2019Escola Universit\u00e0ria de la Salut i l\u2019Esport.<strong>\u00a0<\/strong><\/p>\n<p><strong>Tot i que EUSES ja tenia els seus graus funcionant a ple rendiment, la secci\u00f3 Alumni va n\u00e9ixer fa deu anys comen\u00e7ant de zero. En quin punt es troba ara\u00a0? <\/strong><\/p>\n<p>Efectivament, EUSES Alumni\u00a0 no es va crear fins que a l\u2019EUSES no s\u2019havien ja graduat varies promocions. Va ser un moment en que es veu la necessitat de poder comptar amb una associaci\u00f3 que doni suport als nostres graduats en el desenvolupament de la seva carrera professional i que, a m\u00e9s, els permeti mantenir el contacte amb l\u2019EUSES. A m\u00e9s, formar part d\u2019Alumni permet que els nostres associats mantinguin o entrin en contacte amb d\u2019altres graduats, i vagin creant la seva pr\u00f2pia xarxa de networking, a part de poder-se beneficiar de tots els serveis que els oferim.<\/p>\n<p><strong>Vost\u00e8 que ha estat directora des del minut 1, recorda com van ser els inicis?<\/strong><\/p>\n<p>EUSES Alumni va iniciar la seva traject\u00f2ria a principis del curs acad\u00e8mic 2011\/2012, per\u00f2 des del curs anterior hav\u00edem estat treballant en concretar i estructurar com havia de ser l\u2019associaci\u00f3 i els serveis que havia d\u2019oferir. En aquest sentit vam definir el perfil dels nostres alumnes i graduats, vam tenir en compte els graus que impartim, i vam analitzar les necessitats que a nivell professional tindrien els nostres associats al llarg de la seva carrera. Tamb\u00e9 vam valorar que ja s\u2019havien graduat diverses promocions i \u00a0que caldria fer una tasca de reprendre el contacte amb els antics alumnes que, al no estar ja a l\u2019EUSES, el m\u00e9s probable \u00e9s que no tinguessin not\u00edcia de la creaci\u00f3 de l\u2019associaci\u00f3. I vam comen\u00e7ar a caminar comptant b\u00e0sicament amb dos serveis: una borsa de treball i un servei d\u2019orientaci\u00f3 professional.<\/p>\n<p><strong>Quin \u00e9s l\u2019objectiu d\u2019Alumni\u00a0?<\/strong><\/p>\n<p>El nostre objectiu principal \u00e9s ser el punt de refer\u00e8ncia entre l\u2019EUSES i tots els seus graduats dels seus tres campus (Salt, Barcelona i Terres de l\u2019Ebre), i esperem poder vincular als nostres associats de manera permanent com a membres de la comunitat EUSES i acompanyar-los i donar-los resposta en les inquietuds que els sorgeixin al llarg del seu desenvolupament professional.<strong>\u00a0<\/strong><\/p>\n<p><strong>La borsa de treball \u00e9s la \u00abjoia de la corona\u00a0\u00bb del seu departament\u00a0?<\/strong><\/p>\n<p>Ho podem considerar aix\u00ed en el sentit que \u00e9s el servei que per a nosaltres \u00e9s el m\u00e9s important de tots i al que des del primer moment se li ha destinat m\u00e9s esfor\u00e7 i dedicaci\u00f3. En aquests moments la nostra borsa de treball compta amb un bon ventall d\u2019ofertes, de diferents disciplines o especialitats, i de tot el nostre territori i tamb\u00e9 de pa\u00efsos propers, com \u00e9s el cas de Fran\u00e7a. I a m\u00e9s forma part del servei de carrera professional, dins del que hi trobem tamb\u00e9 el servei d\u2019orientaci\u00f3 professional, el de recursos i el de treballar a l\u2019estranger.<strong>\u00a0<\/strong><\/p>\n<p><strong>Es complementa amb el Talent Day, que va veure la llum el curs passat\u00a0?<\/strong><\/p>\n<p>En efecte, la borsa de treball queda totalment complementada amb l\u2019EUSES Talent Day, que \u00e9s la fira de l\u2019ocupaci\u00f3 i l\u2019orientaci\u00f3 professional de l\u2019EUSES, que es fa en format virtual, el que permet que hi puguin participar els alumni i els alumnes dels tres campus de l\u2019EUSES.<\/p>\n<p><strong>Una fira de l\u2019ocupaci\u00f3 que tindr\u00e0 continu\u00eftat&#8230;<\/strong><\/p>\n<p>Si, en aquests moments ja estem preparant l\u2019edici\u00f3 del 2022, que davant de l\u2019\u00e8xit del curs passat, durar\u00e0 2 dies i es celebrar\u00e0 el 25 i el 26 d\u2019abril. Enguany podrem comptar amb m\u00e9s estands d\u2019empreses i centres que presentaran les seves ofertes i tamb\u00e9 es tornaran a organitzar diverses xerrades i taules rodones. L\u2019EUSES Talent Day ens refor\u00e7a el nostre servei de carrera professional, i ens ajuda a fomentar la relaci\u00f3 amb les empreses i centres del sector, que per a nosaltres \u00e9s molt important.<\/p>\n<p><strong>Coordinen els voluntariats acad\u00e8mics, possiblement dels esdeveniments que donen m\u00e9s visibilitat a l\u2019EUSES\u2026.<\/strong><\/p>\n<p>Si, comparteixo l\u2019opini\u00f3 que els voluntariats s\u00f3n dels esdeveniments que donen m\u00e9s visibilitat a l\u2019EUSES i que a m\u00e9s ajuden a donar a con\u00e8ixer la feina del fisioterapeuta. Per als nostres alumni s\u00f3n tamb\u00e9 molt interessants, ja que ells hi poden participar com a tutors dels alumnes. Despr\u00e9s d\u2019un per\u00edode en que pr\u00e0cticament no se n\u2019han pogut fer, des del passat mes de setembre les organitzacions d\u2019esdeveniments esportius ens estan tornant a contactar i a demanar la nostra participaci\u00f3.<strong>\u00a0<\/strong><\/p>\n<p><strong>Tamb\u00e9 realitzen una jornada anual a la tardor. Normalment utilitzen la f\u00f3rmula de professor de la casa i convidat especial. Expliqui\u2019ns\u2026<\/strong><\/p>\n<p>Si, cada any organitzem un jornada anual a la tardor al campus de Salt i a la primavera al campus de les Terres de l\u2019Ebre. Sempre comptem amb un convidat especial del m\u00f3n de l\u2019esport d\u2019elit i un professor de la casa. La Jornada permet als nostres alumni tornar a l\u2019EUSES i retrobar-se amb els que han estat els seus professors i amb els altres associats. La jornada tamb\u00e9 s\u2019aprofita per fer l\u2019acte d\u2019entrega dels premis extraordinaris del curs anterior.<\/p>\n<p><strong>Al Campus de Salt, la Jornada de l\u2019EUSES Alumni s\u2019ha celebrat fa poques setmanes&#8230;<\/strong><\/p>\n<p>I ho hem aprofitat per canviar una mica la f\u00f3rmula en el sentit que a l\u2019estar celebrant els 10 anys de la creaci\u00f3 de l\u2019associaci\u00f3 vam considerar que els protagonistes havien de ser els nostres alumni. Per aix\u00f2, en la jornada anual al campus de Salt vam poder comptar amb la Maria Goretti Font, fisioterapeuta graduada el 2014, cofundadora del Gabinet M\u00e8dic Girona i que va participar a les passades olimpiades de Tokyo com a fisioterapeuta del Comit\u00e8 Ol\u00edmpic del Canad\u00e0; i amb l\u2019Arnau Sacot, graduat en CAFE el 2015, preparador f\u00edsic del B\u00e0squet Girona i professor del grau de CAFE al campus de Salt. Al campus de Terres de l\u2019Ebre encara estem preparant-la i els convidats tamb\u00e9 seran alumni.<\/p>\n<p><strong>Qu\u00e8 m\u00e9s pot trobar un Alumni en aquesta secci\u00f3\u00a0?<\/strong><\/p>\n<p>A part de tot el que hem comentat, hi ha un pla d\u2019avantatges molt ampli que pret\u00e9n ser \u00fatil per als nostres graduats en l\u2019exercici de la seva professi\u00f3. De tots els avantatges i descomptes que els nostres associats hi poden trobar, destacaria especialment el relacionat amb la formaci\u00f3 continuada a l\u2019EUSES i que t\u00e9 com a objectiu ajudar-los a seguir-se formant.<strong>\u00a0<\/strong><\/p>\n<p><strong>Tamb\u00e9 tenen compte propi a les xarxes socials\u2026<\/strong><\/p>\n<p>Les xarxes socials ens permeten comunicar m\u00e9s directament tot el que fem i s\u00f3n aix\u00ed un bon canal de comunicaci\u00f3 amb els nostres alumni, que s\u00f3n els nostres principals seguidors. Al tenir xarxes pr\u00f2pies no es barregen els continguts respecte del que es pot publicar des de l\u2019EUSES, amb un contingut evidentment dirigit als seus alumnes.<\/p>\n<p><strong>Un altre tret diferencial \u00e9s que la inscripci\u00f3 a EUSES Alumni \u00e9s gratu\u00efta quan en altres universitats els exalumnes paguen una quota. Per qu\u00e8 aquesta decisi\u00f3\u00a0?<\/strong><\/p>\n<p>EUSES Alumni va crear-se en un moment en que encara s\u2019estava arrossegant l\u2019anterior crisis econ\u00f2mica i amb la intenci\u00f3 que es convert\u00eds en un servei efectiu per als nostres graduats i titulats a l\u2019hora de trobar una feina. Per ser coherents amb tot aix\u00f2 EUSES Alumni havia de ser gratu\u00eft. I aix\u00ed s\u2019ha anat mantenint.<\/p>\n<p><strong>\u00a0<\/strong><strong>Quins s\u00f3n els objectius futurs d\u2019EUSES Alumni\u00a0?<\/strong><\/p>\n<p>Els objectius futurs d\u2019EUSES Alumni s\u00f3n seguir oferint uns serveis \u00fatils i eficients per als nostres graduats a l\u2019hora de cercar una feina i en el desenvolupament de la seva carrera professional. Per aix\u00f2 constantment estem millorant i ampliant els serveis que posem a l\u2019abast dels nostres associats i els adaptem d\u2019acord amb l\u2019evoluci\u00f3 del mercat laboral i professional.<\/p>\n<p><a href=\"https:\/\/www.alumni.euses.cat\/ca\/accedir?view=registration\" target=\"_blank\" rel=\"noopener noreferrer\">INSCRIU-TE A EUSES ALUMNI<\/a><\/p>\n","protected":false},"excerpt":{"rendered":"<p>Tal dia com avui de fa 10 anys va n\u00e9ixer EUSES Alumni. I va veure la llum coincidint amb una pon\u00e8ncia de dos ciclistes d\u2019elit com Michael Barry (aleshores integrant del Team Sky) i la seva dona, Deirdre \u201cDede\u201d Barry (plata en contrarellotge als Jocs d\u2019Atenes 2004). Ells dos van apadrinar una associaci\u00f3 que avui [&hellip;]<\/p>\n","protected":false},"author":3,"featured_media":10222,"comment_status":"open","ping_status":"closed","sticky":false,"template":"","format":"standard","meta":{"_acf_changed":false,"inline_featured_image":false,"_joinchat":[],"footnotes":""},"categories":[46],"tags":[],"class_list":["post-10221","post","type-post","status-publish","format-standard","has-post-thumbnail","hentry","category-sense-categoria"],"acf":[],"yoast_head":"<!-- This site is optimized with the Yoast SEO plugin v27.4 - https:\/\/yoast.com\/product\/yoast-seo-wordpress\/ -->\n<title>S\u00edlvia Roche, directora d\u2019EUSES Alumni: \u201cHem fet 10 anys, per\u00f2 el nostre repte \u00e9s seguir millorant dia a dia per ser cada vegada m\u00e9s \u00fatils i eficients\u201d | EUSES- Campus de Bellvitge (Barcelona)<\/title>\n<meta name=\"robots\" content=\"index, follow, max-snippet:-1, max-image-preview:large, max-video-preview:-1\" \/>\n<link rel=\"canonical\" href=\"https:\/\/barcelona.euses.cat\/ca\/silvia-roche-directora-deuses-alumni-hem-fet-10-anys-pero-el-nostre-repte-es-seguir-millorar-dia-a-dia-per-ser-cada-vegada-mes-utils-i-eficients\/\" \/>\n<meta property=\"og:locale\" content=\"ca_ES\" \/>\n<meta property=\"og:type\" content=\"article\" \/>\n<meta property=\"og:title\" content=\"S\u00edlvia Roche, directora d\u2019EUSES Alumni: \u201cHem fet 10 anys, per\u00f2 el nostre repte \u00e9s seguir millorant dia a dia per ser cada vegada m\u00e9s \u00fatils i eficients\u201d | EUSES- Campus de Bellvitge (Barcelona)\" \/>\n<meta property=\"og:description\" content=\"Tal dia com avui de fa 10 anys va n\u00e9ixer EUSES Alumni. I va veure la llum coincidint amb una pon\u00e8ncia de dos ciclistes d\u2019elit com Michael Barry (aleshores integrant del Team Sky) i la seva dona, Deirdre \u201cDede\u201d Barry (plata en contrarellotge als Jocs d\u2019Atenes 2004). Ells dos van apadrinar una associaci\u00f3 que avui [&hellip;]\" \/>\n<meta property=\"og:url\" content=\"https:\/\/barcelona.euses.cat\/ca\/silvia-roche-directora-deuses-alumni-hem-fet-10-anys-pero-el-nostre-repte-es-seguir-millorar-dia-a-dia-per-ser-cada-vegada-mes-utils-i-eficients\/\" \/>\n<meta property=\"og:site_name\" content=\"EUSES- Campus de Bellvitge (Barcelona)\" \/>\n<meta property=\"article:publisher\" content=\"https:\/\/www.facebook.com\/PhysioBCN\/\" \/>\n<meta property=\"article:published_time\" content=\"2021-12-15T07:41:52+00:00\" \/>\n<meta property=\"article:modified_time\" content=\"2021-12-21T09:50:39+00:00\" \/>\n<meta property=\"og:image\" content=\"https:\/\/barcelona.euses.cat\/wp-content\/uploads\/2021\/12\/silvia-roche-4.jpeg\" \/>\n\t<meta property=\"og:image:width\" content=\"1388\" \/>\n\t<meta property=\"og:image:height\" content=\"1045\" \/>\n\t<meta property=\"og:image:type\" content=\"image\/jpeg\" \/>\n<meta name=\"author\" content=\"Jordi Danes\" \/>\n<meta name=\"twitter:card\" content=\"summary_large_image\" \/>\n<meta name=\"twitter:label1\" content=\"Escrit per\" \/>\n\t<meta name=\"twitter:data1\" content=\"Jordi Danes\" \/>\n\t<meta name=\"twitter:label2\" content=\"Temps estimat de lectura\" \/>\n\t<meta name=\"twitter:data2\" content=\"7 minuts\" \/>\n<script type=\"application\/ld+json\" class=\"yoast-schema-graph\">{\"@context\":\"https:\\\/\\\/schema.org\",\"@graph\":[{\"@type\":\"Article\",\"@id\":\"https:\\\/\\\/barcelona.euses.cat\\\/ca\\\/silvia-roche-directora-deuses-alumni-hem-fet-10-anys-pero-el-nostre-repte-es-seguir-millorar-dia-a-dia-per-ser-cada-vegada-mes-utils-i-eficients\\\/#article\",\"isPartOf\":{\"@id\":\"https:\\\/\\\/barcelona.euses.cat\\\/ca\\\/silvia-roche-directora-deuses-alumni-hem-fet-10-anys-pero-el-nostre-repte-es-seguir-millorar-dia-a-dia-per-ser-cada-vegada-mes-utils-i-eficients\\\/\"},\"author\":{\"name\":\"Jordi Danes\",\"@id\":\"https:\\\/\\\/barcelona.euses.cat\\\/ca\\\/#\\\/schema\\\/person\\\/8ab46080dfc4814fa59383db317735bd\"},\"headline\":\"S\u00edlvia Roche, directora d\u2019EUSES Alumni: \u201cHem fet 10 anys, per\u00f2 el nostre repte \u00e9s seguir millorant dia a dia per ser cada vegada m\u00e9s \u00fatils i eficients\u201d\",\"datePublished\":\"2021-12-15T07:41:52+00:00\",\"dateModified\":\"2021-12-21T09:50:39+00:00\",\"mainEntityOfPage\":{\"@id\":\"https:\\\/\\\/barcelona.euses.cat\\\/ca\\\/silvia-roche-directora-deuses-alumni-hem-fet-10-anys-pero-el-nostre-repte-es-seguir-millorar-dia-a-dia-per-ser-cada-vegada-mes-utils-i-eficients\\\/\"},\"wordCount\":1469,\"commentCount\":0,\"image\":{\"@id\":\"https:\\\/\\\/barcelona.euses.cat\\\/ca\\\/silvia-roche-directora-deuses-alumni-hem-fet-10-anys-pero-el-nostre-repte-es-seguir-millorar-dia-a-dia-per-ser-cada-vegada-mes-utils-i-eficients\\\/#primaryimage\"},\"thumbnailUrl\":\"https:\\\/\\\/barcelona.euses.cat\\\/wp-content\\\/uploads\\\/2021\\\/12\\\/silvia-roche-4.jpeg\",\"articleSection\":[\"sense categoria\"],\"inLanguage\":\"ca\"},{\"@type\":\"WebPage\",\"@id\":\"https:\\\/\\\/barcelona.euses.cat\\\/ca\\\/silvia-roche-directora-deuses-alumni-hem-fet-10-anys-pero-el-nostre-repte-es-seguir-millorar-dia-a-dia-per-ser-cada-vegada-mes-utils-i-eficients\\\/\",\"url\":\"https:\\\/\\\/barcelona.euses.cat\\\/ca\\\/silvia-roche-directora-deuses-alumni-hem-fet-10-anys-pero-el-nostre-repte-es-seguir-millorar-dia-a-dia-per-ser-cada-vegada-mes-utils-i-eficients\\\/\",\"name\":\"S\u00edlvia Roche, directora d\u2019EUSES Alumni: \u201cHem fet 10 anys, per\u00f2 el nostre repte \u00e9s seguir millorant dia a dia per ser cada vegada m\u00e9s \u00fatils i eficients\u201d | EUSES- Campus de Bellvitge (Barcelona)\",\"isPartOf\":{\"@id\":\"https:\\\/\\\/barcelona.euses.cat\\\/ca\\\/#website\"},\"primaryImageOfPage\":{\"@id\":\"https:\\\/\\\/barcelona.euses.cat\\\/ca\\\/silvia-roche-directora-deuses-alumni-hem-fet-10-anys-pero-el-nostre-repte-es-seguir-millorar-dia-a-dia-per-ser-cada-vegada-mes-utils-i-eficients\\\/#primaryimage\"},\"image\":{\"@id\":\"https:\\\/\\\/barcelona.euses.cat\\\/ca\\\/silvia-roche-directora-deuses-alumni-hem-fet-10-anys-pero-el-nostre-repte-es-seguir-millorar-dia-a-dia-per-ser-cada-vegada-mes-utils-i-eficients\\\/#primaryimage\"},\"thumbnailUrl\":\"https:\\\/\\\/barcelona.euses.cat\\\/wp-content\\\/uploads\\\/2021\\\/12\\\/silvia-roche-4.jpeg\",\"datePublished\":\"2021-12-15T07:41:52+00:00\",\"dateModified\":\"2021-12-21T09:50:39+00:00\",\"author\":{\"@id\":\"https:\\\/\\\/barcelona.euses.cat\\\/ca\\\/#\\\/schema\\\/person\\\/8ab46080dfc4814fa59383db317735bd\"},\"breadcrumb\":{\"@id\":\"https:\\\/\\\/barcelona.euses.cat\\\/ca\\\/silvia-roche-directora-deuses-alumni-hem-fet-10-anys-pero-el-nostre-repte-es-seguir-millorar-dia-a-dia-per-ser-cada-vegada-mes-utils-i-eficients\\\/#breadcrumb\"},\"inLanguage\":\"ca\",\"potentialAction\":[{\"@type\":\"ReadAction\",\"target\":[\"https:\\\/\\\/barcelona.euses.cat\\\/ca\\\/silvia-roche-directora-deuses-alumni-hem-fet-10-anys-pero-el-nostre-repte-es-seguir-millorar-dia-a-dia-per-ser-cada-vegada-mes-utils-i-eficients\\\/\"]}]},{\"@type\":\"ImageObject\",\"inLanguage\":\"ca\",\"@id\":\"https:\\\/\\\/barcelona.euses.cat\\\/ca\\\/silvia-roche-directora-deuses-alumni-hem-fet-10-anys-pero-el-nostre-repte-es-seguir-millorar-dia-a-dia-per-ser-cada-vegada-mes-utils-i-eficients\\\/#primaryimage\",\"url\":\"https:\\\/\\\/barcelona.euses.cat\\\/wp-content\\\/uploads\\\/2021\\\/12\\\/silvia-roche-4.jpeg\",\"contentUrl\":\"https:\\\/\\\/barcelona.euses.cat\\\/wp-content\\\/uploads\\\/2021\\\/12\\\/silvia-roche-4.jpeg\",\"width\":1388,\"height\":1045},{\"@type\":\"BreadcrumbList\",\"@id\":\"https:\\\/\\\/barcelona.euses.cat\\\/ca\\\/silvia-roche-directora-deuses-alumni-hem-fet-10-anys-pero-el-nostre-repte-es-seguir-millorar-dia-a-dia-per-ser-cada-vegada-mes-utils-i-eficients\\\/#breadcrumb\",\"itemListElement\":[{\"@type\":\"ListItem\",\"position\":1,\"name\":\"Portada\",\"item\":\"https:\\\/\\\/barcelona.euses.cat\\\/ca\\\/\"},{\"@type\":\"ListItem\",\"position\":2,\"name\":\"S\u00edlvia Roche, directora d\u2019EUSES Alumni: \u201cHem fet 10 anys, per\u00f2 el nostre repte \u00e9s seguir millorant dia a dia per ser cada vegada m\u00e9s \u00fatils i eficients\u201d\"}]},{\"@type\":\"WebSite\",\"@id\":\"https:\\\/\\\/barcelona.euses.cat\\\/ca\\\/#website\",\"url\":\"https:\\\/\\\/barcelona.euses.cat\\\/ca\\\/\",\"name\":\"EUSES - Campus de Bellvitge (Barcelona)\",\"description\":\"EUSES, Escola Universit\u00e0ria de Fisioter\u00e0pia Internacional a Barcelona\",\"potentialAction\":[{\"@type\":\"SearchAction\",\"target\":{\"@type\":\"EntryPoint\",\"urlTemplate\":\"https:\\\/\\\/barcelona.euses.cat\\\/ca\\\/?s={search_term_string}\"},\"query-input\":{\"@type\":\"PropertyValueSpecification\",\"valueRequired\":true,\"valueName\":\"search_term_string\"}}],\"inLanguage\":\"ca\"},{\"@type\":\"Person\",\"@id\":\"https:\\\/\\\/barcelona.euses.cat\\\/ca\\\/#\\\/schema\\\/person\\\/8ab46080dfc4814fa59383db317735bd\",\"name\":\"Jordi Danes\",\"image\":{\"@type\":\"ImageObject\",\"inLanguage\":\"ca\",\"@id\":\"https:\\\/\\\/secure.gravatar.com\\\/avatar\\\/a9e4f443b594af225625ee8cfa665e41b1e0740ea34fbe0515b4ca559f8570ef?s=96&d=mm&r=g\",\"url\":\"https:\\\/\\\/secure.gravatar.com\\\/avatar\\\/a9e4f443b594af225625ee8cfa665e41b1e0740ea34fbe0515b4ca559f8570ef?s=96&d=mm&r=g\",\"contentUrl\":\"https:\\\/\\\/secure.gravatar.com\\\/avatar\\\/a9e4f443b594af225625ee8cfa665e41b1e0740ea34fbe0515b4ca559f8570ef?s=96&d=mm&r=g\",\"caption\":\"Jordi Danes\"},\"url\":\"https:\\\/\\\/barcelona.euses.cat\\\/ca\\\/author\\\/jordi-danes\\\/\"}]}<\/script>\n<!-- \/ Yoast SEO plugin. -->","yoast_head_json":{"title":"S\u00edlvia Roche, directora d\u2019EUSES Alumni: \u201cHem fet 10 anys, per\u00f2 el nostre repte \u00e9s seguir millorant dia a dia per ser cada vegada m\u00e9s \u00fatils i eficients\u201d | EUSES- Campus de Bellvitge (Barcelona)","robots":{"index":"index","follow":"follow","max-snippet":"max-snippet:-1","max-image-preview":"max-image-preview:large","max-video-preview":"max-video-preview:-1"},"canonical":"https:\/\/barcelona.euses.cat\/ca\/silvia-roche-directora-deuses-alumni-hem-fet-10-anys-pero-el-nostre-repte-es-seguir-millorar-dia-a-dia-per-ser-cada-vegada-mes-utils-i-eficients\/","og_locale":"ca_ES","og_type":"article","og_title":"S\u00edlvia Roche, directora d\u2019EUSES Alumni: \u201cHem fet 10 anys, per\u00f2 el nostre repte \u00e9s seguir millorant dia a dia per ser cada vegada m\u00e9s \u00fatils i eficients\u201d | EUSES- Campus de Bellvitge (Barcelona)","og_description":"Tal dia com avui de fa 10 anys va n\u00e9ixer EUSES Alumni. I va veure la llum coincidint amb una pon\u00e8ncia de dos ciclistes d\u2019elit com Michael Barry (aleshores integrant del Team Sky) i la seva dona, Deirdre \u201cDede\u201d Barry (plata en contrarellotge als Jocs d\u2019Atenes 2004). Ells dos van apadrinar una associaci\u00f3 que avui [&hellip;]","og_url":"https:\/\/barcelona.euses.cat\/ca\/silvia-roche-directora-deuses-alumni-hem-fet-10-anys-pero-el-nostre-repte-es-seguir-millorar-dia-a-dia-per-ser-cada-vegada-mes-utils-i-eficients\/","og_site_name":"EUSES- Campus de Bellvitge (Barcelona)","article_publisher":"https:\/\/www.facebook.com\/PhysioBCN\/","article_published_time":"2021-12-15T07:41:52+00:00","article_modified_time":"2021-12-21T09:50:39+00:00","og_image":[{"width":1388,"height":1045,"url":"https:\/\/barcelona.euses.cat\/wp-content\/uploads\/2021\/12\/silvia-roche-4.jpeg","type":"image\/jpeg"}],"author":"Jordi Danes","twitter_card":"summary_large_image","twitter_misc":{"Escrit per":"Jordi Danes","Temps estimat de lectura":"7 minuts"},"schema":{"@context":"https:\/\/schema.org","@graph":[{"@type":"Article","@id":"https:\/\/barcelona.euses.cat\/ca\/silvia-roche-directora-deuses-alumni-hem-fet-10-anys-pero-el-nostre-repte-es-seguir-millorar-dia-a-dia-per-ser-cada-vegada-mes-utils-i-eficients\/#article","isPartOf":{"@id":"https:\/\/barcelona.euses.cat\/ca\/silvia-roche-directora-deuses-alumni-hem-fet-10-anys-pero-el-nostre-repte-es-seguir-millorar-dia-a-dia-per-ser-cada-vegada-mes-utils-i-eficients\/"},"author":{"name":"Jordi Danes","@id":"https:\/\/barcelona.euses.cat\/ca\/#\/schema\/person\/8ab46080dfc4814fa59383db317735bd"},"headline":"S\u00edlvia Roche, directora d\u2019EUSES Alumni: \u201cHem fet 10 anys, per\u00f2 el nostre repte \u00e9s seguir millorant dia a dia per ser cada vegada m\u00e9s \u00fatils i eficients\u201d","datePublished":"2021-12-15T07:41:52+00:00","dateModified":"2021-12-21T09:50:39+00:00","mainEntityOfPage":{"@id":"https:\/\/barcelona.euses.cat\/ca\/silvia-roche-directora-deuses-alumni-hem-fet-10-anys-pero-el-nostre-repte-es-seguir-millorar-dia-a-dia-per-ser-cada-vegada-mes-utils-i-eficients\/"},"wordCount":1469,"commentCount":0,"image":{"@id":"https:\/\/barcelona.euses.cat\/ca\/silvia-roche-directora-deuses-alumni-hem-fet-10-anys-pero-el-nostre-repte-es-seguir-millorar-dia-a-dia-per-ser-cada-vegada-mes-utils-i-eficients\/#primaryimage"},"thumbnailUrl":"https:\/\/barcelona.euses.cat\/wp-content\/uploads\/2021\/12\/silvia-roche-4.jpeg","articleSection":["sense categoria"],"inLanguage":"ca"},{"@type":"WebPage","@id":"https:\/\/barcelona.euses.cat\/ca\/silvia-roche-directora-deuses-alumni-hem-fet-10-anys-pero-el-nostre-repte-es-seguir-millorar-dia-a-dia-per-ser-cada-vegada-mes-utils-i-eficients\/","url":"https:\/\/barcelona.euses.cat\/ca\/silvia-roche-directora-deuses-alumni-hem-fet-10-anys-pero-el-nostre-repte-es-seguir-millorar-dia-a-dia-per-ser-cada-vegada-mes-utils-i-eficients\/","name":"S\u00edlvia Roche, directora d\u2019EUSES Alumni: \u201cHem fet 10 anys, per\u00f2 el nostre repte \u00e9s seguir millorant dia a dia per ser cada vegada m\u00e9s \u00fatils i eficients\u201d | EUSES- Campus de Bellvitge (Barcelona)","isPartOf":{"@id":"https:\/\/barcelona.euses.cat\/ca\/#website"},"primaryImageOfPage":{"@id":"https:\/\/barcelona.euses.cat\/ca\/silvia-roche-directora-deuses-alumni-hem-fet-10-anys-pero-el-nostre-repte-es-seguir-millorar-dia-a-dia-per-ser-cada-vegada-mes-utils-i-eficients\/#primaryimage"},"image":{"@id":"https:\/\/barcelona.euses.cat\/ca\/silvia-roche-directora-deuses-alumni-hem-fet-10-anys-pero-el-nostre-repte-es-seguir-millorar-dia-a-dia-per-ser-cada-vegada-mes-utils-i-eficients\/#primaryimage"},"thumbnailUrl":"https:\/\/barcelona.euses.cat\/wp-content\/uploads\/2021\/12\/silvia-roche-4.jpeg","datePublished":"2021-12-15T07:41:52+00:00","dateModified":"2021-12-21T09:50:39+00:00","author":{"@id":"https:\/\/barcelona.euses.cat\/ca\/#\/schema\/person\/8ab46080dfc4814fa59383db317735bd"},"breadcrumb":{"@id":"https:\/\/barcelona.euses.cat\/ca\/silvia-roche-directora-deuses-alumni-hem-fet-10-anys-pero-el-nostre-repte-es-seguir-millorar-dia-a-dia-per-ser-cada-vegada-mes-utils-i-eficients\/#breadcrumb"},"inLanguage":"ca","potentialAction":[{"@type":"ReadAction","target":["https:\/\/barcelona.euses.cat\/ca\/silvia-roche-directora-deuses-alumni-hem-fet-10-anys-pero-el-nostre-repte-es-seguir-millorar-dia-a-dia-per-ser-cada-vegada-mes-utils-i-eficients\/"]}]},{"@type":"ImageObject","inLanguage":"ca","@id":"https:\/\/barcelona.euses.cat\/ca\/silvia-roche-directora-deuses-alumni-hem-fet-10-anys-pero-el-nostre-repte-es-seguir-millorar-dia-a-dia-per-ser-cada-vegada-mes-utils-i-eficients\/#primaryimage","url":"https:\/\/barcelona.euses.cat\/wp-content\/uploads\/2021\/12\/silvia-roche-4.jpeg","contentUrl":"https:\/\/barcelona.euses.cat\/wp-content\/uploads\/2021\/12\/silvia-roche-4.jpeg","width":1388,"height":1045},{"@type":"BreadcrumbList","@id":"https:\/\/barcelona.euses.cat\/ca\/silvia-roche-directora-deuses-alumni-hem-fet-10-anys-pero-el-nostre-repte-es-seguir-millorar-dia-a-dia-per-ser-cada-vegada-mes-utils-i-eficients\/#breadcrumb","itemListElement":[{"@type":"ListItem","position":1,"name":"Portada","item":"https:\/\/barcelona.euses.cat\/ca\/"},{"@type":"ListItem","position":2,"name":"S\u00edlvia Roche, directora d\u2019EUSES Alumni: \u201cHem fet 10 anys, per\u00f2 el nostre repte \u00e9s seguir millorant dia a dia per ser cada vegada m\u00e9s \u00fatils i eficients\u201d"}]},{"@type":"WebSite","@id":"https:\/\/barcelona.euses.cat\/ca\/#website","url":"https:\/\/barcelona.euses.cat\/ca\/","name":"EUSES - Campus de Bellvitge (Barcelona)","description":"EUSES, Escola Universit\u00e0ria de Fisioter\u00e0pia Internacional a Barcelona","potentialAction":[{"@type":"SearchAction","target":{"@type":"EntryPoint","urlTemplate":"https:\/\/barcelona.euses.cat\/ca\/?s={search_term_string}"},"query-input":{"@type":"PropertyValueSpecification","valueRequired":true,"valueName":"search_term_string"}}],"inLanguage":"ca"},{"@type":"Person","@id":"https:\/\/barcelona.euses.cat\/ca\/#\/schema\/person\/8ab46080dfc4814fa59383db317735bd","name":"Jordi Danes","image":{"@type":"ImageObject","inLanguage":"ca","@id":"https:\/\/secure.gravatar.com\/avatar\/a9e4f443b594af225625ee8cfa665e41b1e0740ea34fbe0515b4ca559f8570ef?s=96&d=mm&r=g","url":"https:\/\/secure.gravatar.com\/avatar\/a9e4f443b594af225625ee8cfa665e41b1e0740ea34fbe0515b4ca559f8570ef?s=96&d=mm&r=g","contentUrl":"https:\/\/secure.gravatar.com\/avatar\/a9e4f443b594af225625ee8cfa665e41b1e0740ea34fbe0515b4ca559f8570ef?s=96&d=mm&r=g","caption":"Jordi Danes"},"url":"https:\/\/barcelona.euses.cat\/ca\/author\/jordi-danes\/"}]}},"_links":{"self":[{"href":"https:\/\/barcelona.euses.cat\/ca\/wp-json\/wp\/v2\/posts\/10221","targetHints":{"allow":["GET"]}}],"collection":[{"href":"https:\/\/barcelona.euses.cat\/ca\/wp-json\/wp\/v2\/posts"}],"about":[{"href":"https:\/\/barcelona.euses.cat\/ca\/wp-json\/wp\/v2\/types\/post"}],"author":[{"embeddable":true,"href":"https:\/\/barcelona.euses.cat\/ca\/wp-json\/wp\/v2\/users\/3"}],"replies":[{"embeddable":true,"href":"https:\/\/barcelona.euses.cat\/ca\/wp-json\/wp\/v2\/comments?post=10221"}],"version-history":[{"count":6,"href":"https:\/\/barcelona.euses.cat\/ca\/wp-json\/wp\/v2\/posts\/10221\/revisions"}],"predecessor-version":[{"id":10269,"href":"https:\/\/barcelona.euses.cat\/ca\/wp-json\/wp\/v2\/posts\/10221\/revisions\/10269"}],"wp:featuredmedia":[{"embeddable":true,"href":"https:\/\/barcelona.euses.cat\/ca\/wp-json\/wp\/v2\/media\/10222"}],"wp:attachment":[{"href":"https:\/\/barcelona.euses.cat\/ca\/wp-json\/wp\/v2\/media?parent=10221"}],"wp:term":[{"taxonomy":"category","embeddable":true,"href":"https:\/\/barcelona.euses.cat\/ca\/wp-json\/wp\/v2\/categories?post=10221"},{"taxonomy":"post_tag","embeddable":true,"href":"https:\/\/barcelona.euses.cat\/ca\/wp-json\/wp\/v2\/tags?post=10221"}],"curies":[{"name":"wp","href":"https:\/\/api.w.org\/{rel}","templated":true}]}}