{"id":10203,"date":"2022-01-20T23:05:38","date_gmt":"2022-01-20T22:05:38","guid":{"rendered":"https:\/\/barcelona.euses.cat\/?p=10203"},"modified":"2022-01-21T09:13:37","modified_gmt":"2022-01-21T08:13:37","slug":"comenca-lenquesta-de-satisfaccio-de-laqu-catalunya-per-als-graduats-i-graduades-del-2021","status":"publish","type":"post","link":"https:\/\/barcelona.euses.cat\/ca\/comenca-lenquesta-de-satisfaccio-de-laqu-catalunya-per-als-graduats-i-graduades-del-2021\/","title":{"rendered":"\u00daltims dies per respondre l&#8217;enquesta de satisfacci\u00f3 de l\u2019AQU Catalunya per als graduats i graduades del 2021"},"content":{"rendered":"<p>Els graduats que van finalitzar els estudis el curs passat del Grau en Ci\u00e8ncies de l\u2019Activitat F\u00edsica i de l\u2019Esport i del Grau en Fisioter\u00e0pia encara poden respondre l&#8217;enquesta de l\u2019<a href=\"https:\/\/www.aqu.cat\/\">Ag\u00e8ncia per a la Qualitat Universit\u00e0ria de Catalunya <\/a>en la qual se\u2019ls pregunta per la seva satisfacci\u00f3 amb els estudis cursats en els diferents campus de l\u2019Escola Universit\u00e0ria de la Salut i l\u2019Esport (Salt, Bellvitge i Terres de l\u2019Ebre).<\/p>\n<p>Gr\u00e0cies als resultats d\u2019aquesta enquesta els centres universitaris tindran \u00a0l\u2019oportunitat de millorar les titulacions any rere any. D\u2019aquesta manera, com m\u00e9s gent participi i m\u00e9s respostes es rebin, les universitats disposaran de m\u00e9s informaci\u00f3 per seguir evolucionant.<\/p>\n<p>Tots els graduats i graduades que responguin a l\u2019enquesta tindran, a m\u00e9s de poder incidir en la millora de la qualitat dels estudis, \u00a0l\u2019opci\u00f3 de participar en el sorteig d\u2019un iPhone 13 de 128 GB, valorat en 900\u20ac. Per aspirar al premi, nom\u00e9s cal respondre afirmativament a la pregunta de l\u2019enquesta que ofereix la possibilitat de participar al sorteig i proporcionar el nom, el correu electr\u00f2nic \u00a0i tel\u00e8fon de contacte. Per a m\u00e9s informaci\u00f3 es poden consultar les <a href=\"https:\/\/www.aqu.cat\/doc\/Estudis\/satisfaccio-titulats\/Bases-sorteig-participants-enquesta-satisfaccio\">bases legals del sorteig<\/a>.<\/p>\n","protected":false},"excerpt":{"rendered":"<p>Els graduats que van finalitzar els estudis el curs passat del Grau en Ci\u00e8ncies de l\u2019Activitat F\u00edsica i de l\u2019Esport i del Grau en Fisioter\u00e0pia encara poden respondre l&#8217;enquesta de l\u2019Ag\u00e8ncia per a la Qualitat Universit\u00e0ria de Catalunya en la qual se\u2019ls pregunta per la seva satisfacci\u00f3 amb els estudis cursats en els diferents campus [&hellip;]<\/p>\n","protected":false},"author":3,"featured_media":10211,"comment_status":"open","ping_status":"closed","sticky":false,"template":"","format":"standard","meta":{"_acf_changed":false,"inline_featured_image":false,"_joinchat":[],"footnotes":""},"categories":[46],"tags":[],"class_list":["post-10203","post","type-post","status-publish","format-standard","has-post-thumbnail","hentry","category-sense-categoria"],"acf":[],"yoast_head":"<!-- This site is optimized with the Yoast SEO plugin v27.4 - https:\/\/yoast.com\/product\/yoast-seo-wordpress\/ -->\n<title>\u00daltims dies per respondre l&#039;enquesta de satisfacci\u00f3 de l\u2019AQU Catalunya per als graduats i graduades del 2021 | EUSES- Campus de Bellvitge (Barcelona)<\/title>\n<meta name=\"robots\" content=\"index, follow, max-snippet:-1, max-image-preview:large, max-video-preview:-1\" \/>\n<link rel=\"canonical\" href=\"https:\/\/barcelona.euses.cat\/ca\/comenca-lenquesta-de-satisfaccio-de-laqu-catalunya-per-als-graduats-i-graduades-del-2021\/\" \/>\n<meta property=\"og:locale\" content=\"ca_ES\" \/>\n<meta property=\"og:type\" content=\"article\" \/>\n<meta property=\"og:title\" content=\"\u00daltims dies per respondre l&#039;enquesta de satisfacci\u00f3 de l\u2019AQU Catalunya per als graduats i graduades del 2021 | EUSES- Campus de Bellvitge (Barcelona)\" \/>\n<meta property=\"og:description\" content=\"Els graduats que van finalitzar els estudis el curs passat del Grau en Ci\u00e8ncies de l\u2019Activitat F\u00edsica i de l\u2019Esport i del Grau en Fisioter\u00e0pia encara poden respondre l&#8217;enquesta de l\u2019Ag\u00e8ncia per a la Qualitat Universit\u00e0ria de Catalunya en la qual se\u2019ls pregunta per la seva satisfacci\u00f3 amb els estudis cursats en els diferents campus [&hellip;]\" \/>\n<meta property=\"og:url\" content=\"https:\/\/barcelona.euses.cat\/ca\/comenca-lenquesta-de-satisfaccio-de-laqu-catalunya-per-als-graduats-i-graduades-del-2021\/\" \/>\n<meta property=\"og:site_name\" content=\"EUSES- Campus de Bellvitge (Barcelona)\" \/>\n<meta property=\"article:publisher\" content=\"https:\/\/www.facebook.com\/PhysioBCN\/\" \/>\n<meta property=\"article:published_time\" content=\"2022-01-20T22:05:38+00:00\" \/>\n<meta property=\"article:modified_time\" content=\"2022-01-21T08:13:37+00:00\" \/>\n<meta property=\"og:image\" content=\"https:\/\/barcelona.euses.cat\/wp-content\/uploads\/2021\/11\/Aqu-Catalunya.png\" \/>\n\t<meta property=\"og:image:width\" content=\"744\" \/>\n\t<meta property=\"og:image:height\" content=\"523\" \/>\n\t<meta property=\"og:image:type\" content=\"image\/png\" \/>\n<meta name=\"author\" content=\"Jordi Danes\" \/>\n<meta name=\"twitter:card\" content=\"summary_large_image\" \/>\n<meta name=\"twitter:label1\" content=\"Escrit per\" \/>\n\t<meta name=\"twitter:data1\" content=\"Jordi Danes\" \/>\n\t<meta name=\"twitter:label2\" content=\"Temps estimat de lectura\" \/>\n\t<meta name=\"twitter:data2\" content=\"1 minut\" \/>\n<script type=\"application\/ld+json\" class=\"yoast-schema-graph\">{\"@context\":\"https:\\\/\\\/schema.org\",\"@graph\":[{\"@type\":\"Article\",\"@id\":\"https:\\\/\\\/barcelona.euses.cat\\\/ca\\\/comenca-lenquesta-de-satisfaccio-de-laqu-catalunya-per-als-graduats-i-graduades-del-2021\\\/#article\",\"isPartOf\":{\"@id\":\"https:\\\/\\\/barcelona.euses.cat\\\/ca\\\/comenca-lenquesta-de-satisfaccio-de-laqu-catalunya-per-als-graduats-i-graduades-del-2021\\\/\"},\"author\":{\"name\":\"Jordi Danes\",\"@id\":\"https:\\\/\\\/barcelona.euses.cat\\\/ca\\\/#\\\/schema\\\/person\\\/8ab46080dfc4814fa59383db317735bd\"},\"headline\":\"\u00daltims dies per respondre l&#8217;enquesta de satisfacci\u00f3 de l\u2019AQU Catalunya per als graduats i graduades del 2021\",\"datePublished\":\"2022-01-20T22:05:38+00:00\",\"dateModified\":\"2022-01-21T08:13:37+00:00\",\"mainEntityOfPage\":{\"@id\":\"https:\\\/\\\/barcelona.euses.cat\\\/ca\\\/comenca-lenquesta-de-satisfaccio-de-laqu-catalunya-per-als-graduats-i-graduades-del-2021\\\/\"},\"wordCount\":233,\"commentCount\":0,\"image\":{\"@id\":\"https:\\\/\\\/barcelona.euses.cat\\\/ca\\\/comenca-lenquesta-de-satisfaccio-de-laqu-catalunya-per-als-graduats-i-graduades-del-2021\\\/#primaryimage\"},\"thumbnailUrl\":\"https:\\\/\\\/barcelona.euses.cat\\\/wp-content\\\/uploads\\\/2021\\\/11\\\/Aqu-Catalunya.png\",\"articleSection\":[\"sense categoria\"],\"inLanguage\":\"ca\"},{\"@type\":\"WebPage\",\"@id\":\"https:\\\/\\\/barcelona.euses.cat\\\/ca\\\/comenca-lenquesta-de-satisfaccio-de-laqu-catalunya-per-als-graduats-i-graduades-del-2021\\\/\",\"url\":\"https:\\\/\\\/barcelona.euses.cat\\\/ca\\\/comenca-lenquesta-de-satisfaccio-de-laqu-catalunya-per-als-graduats-i-graduades-del-2021\\\/\",\"name\":\"\u00daltims dies per respondre l'enquesta de satisfacci\u00f3 de l\u2019AQU Catalunya per als graduats i graduades del 2021 | EUSES- Campus de Bellvitge (Barcelona)\",\"isPartOf\":{\"@id\":\"https:\\\/\\\/barcelona.euses.cat\\\/ca\\\/#website\"},\"primaryImageOfPage\":{\"@id\":\"https:\\\/\\\/barcelona.euses.cat\\\/ca\\\/comenca-lenquesta-de-satisfaccio-de-laqu-catalunya-per-als-graduats-i-graduades-del-2021\\\/#primaryimage\"},\"image\":{\"@id\":\"https:\\\/\\\/barcelona.euses.cat\\\/ca\\\/comenca-lenquesta-de-satisfaccio-de-laqu-catalunya-per-als-graduats-i-graduades-del-2021\\\/#primaryimage\"},\"thumbnailUrl\":\"https:\\\/\\\/barcelona.euses.cat\\\/wp-content\\\/uploads\\\/2021\\\/11\\\/Aqu-Catalunya.png\",\"datePublished\":\"2022-01-20T22:05:38+00:00\",\"dateModified\":\"2022-01-21T08:13:37+00:00\",\"author\":{\"@id\":\"https:\\\/\\\/barcelona.euses.cat\\\/ca\\\/#\\\/schema\\\/person\\\/8ab46080dfc4814fa59383db317735bd\"},\"breadcrumb\":{\"@id\":\"https:\\\/\\\/barcelona.euses.cat\\\/ca\\\/comenca-lenquesta-de-satisfaccio-de-laqu-catalunya-per-als-graduats-i-graduades-del-2021\\\/#breadcrumb\"},\"inLanguage\":\"ca\",\"potentialAction\":[{\"@type\":\"ReadAction\",\"target\":[\"https:\\\/\\\/barcelona.euses.cat\\\/ca\\\/comenca-lenquesta-de-satisfaccio-de-laqu-catalunya-per-als-graduats-i-graduades-del-2021\\\/\"]}]},{\"@type\":\"ImageObject\",\"inLanguage\":\"ca\",\"@id\":\"https:\\\/\\\/barcelona.euses.cat\\\/ca\\\/comenca-lenquesta-de-satisfaccio-de-laqu-catalunya-per-als-graduats-i-graduades-del-2021\\\/#primaryimage\",\"url\":\"https:\\\/\\\/barcelona.euses.cat\\\/wp-content\\\/uploads\\\/2021\\\/11\\\/Aqu-Catalunya.png\",\"contentUrl\":\"https:\\\/\\\/barcelona.euses.cat\\\/wp-content\\\/uploads\\\/2021\\\/11\\\/Aqu-Catalunya.png\",\"width\":744,\"height\":523},{\"@type\":\"BreadcrumbList\",\"@id\":\"https:\\\/\\\/barcelona.euses.cat\\\/ca\\\/comenca-lenquesta-de-satisfaccio-de-laqu-catalunya-per-als-graduats-i-graduades-del-2021\\\/#breadcrumb\",\"itemListElement\":[{\"@type\":\"ListItem\",\"position\":1,\"name\":\"Portada\",\"item\":\"https:\\\/\\\/barcelona.euses.cat\\\/ca\\\/\"},{\"@type\":\"ListItem\",\"position\":2,\"name\":\"\u00daltims dies per respondre l&#8217;enquesta de satisfacci\u00f3 de l\u2019AQU Catalunya per als graduats i graduades del 2021\"}]},{\"@type\":\"WebSite\",\"@id\":\"https:\\\/\\\/barcelona.euses.cat\\\/ca\\\/#website\",\"url\":\"https:\\\/\\\/barcelona.euses.cat\\\/ca\\\/\",\"name\":\"EUSES - Campus de Bellvitge (Barcelona)\",\"description\":\"EUSES, Escola Universit\u00e0ria de Fisioter\u00e0pia Internacional a Barcelona\",\"potentialAction\":[{\"@type\":\"SearchAction\",\"target\":{\"@type\":\"EntryPoint\",\"urlTemplate\":\"https:\\\/\\\/barcelona.euses.cat\\\/ca\\\/?s={search_term_string}\"},\"query-input\":{\"@type\":\"PropertyValueSpecification\",\"valueRequired\":true,\"valueName\":\"search_term_string\"}}],\"inLanguage\":\"ca\"},{\"@type\":\"Person\",\"@id\":\"https:\\\/\\\/barcelona.euses.cat\\\/ca\\\/#\\\/schema\\\/person\\\/8ab46080dfc4814fa59383db317735bd\",\"name\":\"Jordi Danes\",\"image\":{\"@type\":\"ImageObject\",\"inLanguage\":\"ca\",\"@id\":\"https:\\\/\\\/secure.gravatar.com\\\/avatar\\\/a9e4f443b594af225625ee8cfa665e41b1e0740ea34fbe0515b4ca559f8570ef?s=96&d=mm&r=g\",\"url\":\"https:\\\/\\\/secure.gravatar.com\\\/avatar\\\/a9e4f443b594af225625ee8cfa665e41b1e0740ea34fbe0515b4ca559f8570ef?s=96&d=mm&r=g\",\"contentUrl\":\"https:\\\/\\\/secure.gravatar.com\\\/avatar\\\/a9e4f443b594af225625ee8cfa665e41b1e0740ea34fbe0515b4ca559f8570ef?s=96&d=mm&r=g\",\"caption\":\"Jordi Danes\"},\"url\":\"https:\\\/\\\/barcelona.euses.cat\\\/ca\\\/author\\\/jordi-danes\\\/\"}]}<\/script>\n<!-- \/ Yoast SEO plugin. -->","yoast_head_json":{"title":"\u00daltims dies per respondre l'enquesta de satisfacci\u00f3 de l\u2019AQU Catalunya per als graduats i graduades del 2021 | EUSES- Campus de Bellvitge (Barcelona)","robots":{"index":"index","follow":"follow","max-snippet":"max-snippet:-1","max-image-preview":"max-image-preview:large","max-video-preview":"max-video-preview:-1"},"canonical":"https:\/\/barcelona.euses.cat\/ca\/comenca-lenquesta-de-satisfaccio-de-laqu-catalunya-per-als-graduats-i-graduades-del-2021\/","og_locale":"ca_ES","og_type":"article","og_title":"\u00daltims dies per respondre l'enquesta de satisfacci\u00f3 de l\u2019AQU Catalunya per als graduats i graduades del 2021 | EUSES- Campus de Bellvitge (Barcelona)","og_description":"Els graduats que van finalitzar els estudis el curs passat del Grau en Ci\u00e8ncies de l\u2019Activitat F\u00edsica i de l\u2019Esport i del Grau en Fisioter\u00e0pia encara poden respondre l&#8217;enquesta de l\u2019Ag\u00e8ncia per a la Qualitat Universit\u00e0ria de Catalunya en la qual se\u2019ls pregunta per la seva satisfacci\u00f3 amb els estudis cursats en els diferents campus [&hellip;]","og_url":"https:\/\/barcelona.euses.cat\/ca\/comenca-lenquesta-de-satisfaccio-de-laqu-catalunya-per-als-graduats-i-graduades-del-2021\/","og_site_name":"EUSES- Campus de Bellvitge (Barcelona)","article_publisher":"https:\/\/www.facebook.com\/PhysioBCN\/","article_published_time":"2022-01-20T22:05:38+00:00","article_modified_time":"2022-01-21T08:13:37+00:00","og_image":[{"width":744,"height":523,"url":"https:\/\/barcelona.euses.cat\/wp-content\/uploads\/2021\/11\/Aqu-Catalunya.png","type":"image\/png"}],"author":"Jordi Danes","twitter_card":"summary_large_image","twitter_misc":{"Escrit per":"Jordi Danes","Temps estimat de lectura":"1 minut"},"schema":{"@context":"https:\/\/schema.org","@graph":[{"@type":"Article","@id":"https:\/\/barcelona.euses.cat\/ca\/comenca-lenquesta-de-satisfaccio-de-laqu-catalunya-per-als-graduats-i-graduades-del-2021\/#article","isPartOf":{"@id":"https:\/\/barcelona.euses.cat\/ca\/comenca-lenquesta-de-satisfaccio-de-laqu-catalunya-per-als-graduats-i-graduades-del-2021\/"},"author":{"name":"Jordi Danes","@id":"https:\/\/barcelona.euses.cat\/ca\/#\/schema\/person\/8ab46080dfc4814fa59383db317735bd"},"headline":"\u00daltims dies per respondre l&#8217;enquesta de satisfacci\u00f3 de l\u2019AQU Catalunya per als graduats i graduades del 2021","datePublished":"2022-01-20T22:05:38+00:00","dateModified":"2022-01-21T08:13:37+00:00","mainEntityOfPage":{"@id":"https:\/\/barcelona.euses.cat\/ca\/comenca-lenquesta-de-satisfaccio-de-laqu-catalunya-per-als-graduats-i-graduades-del-2021\/"},"wordCount":233,"commentCount":0,"image":{"@id":"https:\/\/barcelona.euses.cat\/ca\/comenca-lenquesta-de-satisfaccio-de-laqu-catalunya-per-als-graduats-i-graduades-del-2021\/#primaryimage"},"thumbnailUrl":"https:\/\/barcelona.euses.cat\/wp-content\/uploads\/2021\/11\/Aqu-Catalunya.png","articleSection":["sense categoria"],"inLanguage":"ca"},{"@type":"WebPage","@id":"https:\/\/barcelona.euses.cat\/ca\/comenca-lenquesta-de-satisfaccio-de-laqu-catalunya-per-als-graduats-i-graduades-del-2021\/","url":"https:\/\/barcelona.euses.cat\/ca\/comenca-lenquesta-de-satisfaccio-de-laqu-catalunya-per-als-graduats-i-graduades-del-2021\/","name":"\u00daltims dies per respondre l'enquesta de satisfacci\u00f3 de l\u2019AQU Catalunya per als graduats i graduades del 2021 | EUSES- Campus de Bellvitge (Barcelona)","isPartOf":{"@id":"https:\/\/barcelona.euses.cat\/ca\/#website"},"primaryImageOfPage":{"@id":"https:\/\/barcelona.euses.cat\/ca\/comenca-lenquesta-de-satisfaccio-de-laqu-catalunya-per-als-graduats-i-graduades-del-2021\/#primaryimage"},"image":{"@id":"https:\/\/barcelona.euses.cat\/ca\/comenca-lenquesta-de-satisfaccio-de-laqu-catalunya-per-als-graduats-i-graduades-del-2021\/#primaryimage"},"thumbnailUrl":"https:\/\/barcelona.euses.cat\/wp-content\/uploads\/2021\/11\/Aqu-Catalunya.png","datePublished":"2022-01-20T22:05:38+00:00","dateModified":"2022-01-21T08:13:37+00:00","author":{"@id":"https:\/\/barcelona.euses.cat\/ca\/#\/schema\/person\/8ab46080dfc4814fa59383db317735bd"},"breadcrumb":{"@id":"https:\/\/barcelona.euses.cat\/ca\/comenca-lenquesta-de-satisfaccio-de-laqu-catalunya-per-als-graduats-i-graduades-del-2021\/#breadcrumb"},"inLanguage":"ca","potentialAction":[{"@type":"ReadAction","target":["https:\/\/barcelona.euses.cat\/ca\/comenca-lenquesta-de-satisfaccio-de-laqu-catalunya-per-als-graduats-i-graduades-del-2021\/"]}]},{"@type":"ImageObject","inLanguage":"ca","@id":"https:\/\/barcelona.euses.cat\/ca\/comenca-lenquesta-de-satisfaccio-de-laqu-catalunya-per-als-graduats-i-graduades-del-2021\/#primaryimage","url":"https:\/\/barcelona.euses.cat\/wp-content\/uploads\/2021\/11\/Aqu-Catalunya.png","contentUrl":"https:\/\/barcelona.euses.cat\/wp-content\/uploads\/2021\/11\/Aqu-Catalunya.png","width":744,"height":523},{"@type":"BreadcrumbList","@id":"https:\/\/barcelona.euses.cat\/ca\/comenca-lenquesta-de-satisfaccio-de-laqu-catalunya-per-als-graduats-i-graduades-del-2021\/#breadcrumb","itemListElement":[{"@type":"ListItem","position":1,"name":"Portada","item":"https:\/\/barcelona.euses.cat\/ca\/"},{"@type":"ListItem","position":2,"name":"\u00daltims dies per respondre l&#8217;enquesta de satisfacci\u00f3 de l\u2019AQU Catalunya per als graduats i graduades del 2021"}]},{"@type":"WebSite","@id":"https:\/\/barcelona.euses.cat\/ca\/#website","url":"https:\/\/barcelona.euses.cat\/ca\/","name":"EUSES - Campus de Bellvitge (Barcelona)","description":"EUSES, Escola Universit\u00e0ria de Fisioter\u00e0pia Internacional a Barcelona","potentialAction":[{"@type":"SearchAction","target":{"@type":"EntryPoint","urlTemplate":"https:\/\/barcelona.euses.cat\/ca\/?s={search_term_string}"},"query-input":{"@type":"PropertyValueSpecification","valueRequired":true,"valueName":"search_term_string"}}],"inLanguage":"ca"},{"@type":"Person","@id":"https:\/\/barcelona.euses.cat\/ca\/#\/schema\/person\/8ab46080dfc4814fa59383db317735bd","name":"Jordi Danes","image":{"@type":"ImageObject","inLanguage":"ca","@id":"https:\/\/secure.gravatar.com\/avatar\/a9e4f443b594af225625ee8cfa665e41b1e0740ea34fbe0515b4ca559f8570ef?s=96&d=mm&r=g","url":"https:\/\/secure.gravatar.com\/avatar\/a9e4f443b594af225625ee8cfa665e41b1e0740ea34fbe0515b4ca559f8570ef?s=96&d=mm&r=g","contentUrl":"https:\/\/secure.gravatar.com\/avatar\/a9e4f443b594af225625ee8cfa665e41b1e0740ea34fbe0515b4ca559f8570ef?s=96&d=mm&r=g","caption":"Jordi Danes"},"url":"https:\/\/barcelona.euses.cat\/ca\/author\/jordi-danes\/"}]}},"_links":{"self":[{"href":"https:\/\/barcelona.euses.cat\/ca\/wp-json\/wp\/v2\/posts\/10203","targetHints":{"allow":["GET"]}}],"collection":[{"href":"https:\/\/barcelona.euses.cat\/ca\/wp-json\/wp\/v2\/posts"}],"about":[{"href":"https:\/\/barcelona.euses.cat\/ca\/wp-json\/wp\/v2\/types\/post"}],"author":[{"embeddable":true,"href":"https:\/\/barcelona.euses.cat\/ca\/wp-json\/wp\/v2\/users\/3"}],"replies":[{"embeddable":true,"href":"https:\/\/barcelona.euses.cat\/ca\/wp-json\/wp\/v2\/comments?post=10203"}],"version-history":[{"count":3,"href":"https:\/\/barcelona.euses.cat\/ca\/wp-json\/wp\/v2\/posts\/10203\/revisions"}],"predecessor-version":[{"id":10527,"href":"https:\/\/barcelona.euses.cat\/ca\/wp-json\/wp\/v2\/posts\/10203\/revisions\/10527"}],"wp:featuredmedia":[{"embeddable":true,"href":"https:\/\/barcelona.euses.cat\/ca\/wp-json\/wp\/v2\/media\/10211"}],"wp:attachment":[{"href":"https:\/\/barcelona.euses.cat\/ca\/wp-json\/wp\/v2\/media?parent=10203"}],"wp:term":[{"taxonomy":"category","embeddable":true,"href":"https:\/\/barcelona.euses.cat\/ca\/wp-json\/wp\/v2\/categories?post=10203"},{"taxonomy":"post_tag","embeddable":true,"href":"https:\/\/barcelona.euses.cat\/ca\/wp-json\/wp\/v2\/tags?post=10203"}],"curies":[{"name":"wp","href":"https:\/\/api.w.org\/{rel}","templated":true}]}}